{"id":295226,"date":"2023-08-24T11:03:39","date_gmt":"2023-08-24T09:03:39","guid":{"rendered":"https:\/\/cinema.video\/?p=295226"},"modified":"2026-04-10T04:02:20","modified_gmt":"2026-04-10T02:02:20","slug":"in-arrivo-la-3-edizione-di-sentiero-film-factory-nelloltrarno-fiorentino-dal-12-al-17-settembre","status":"publish","type":"post","link":"https:\/\/cinema.video\/it\/in-arrivo-la-3-edizione-di-sentiero-film-factory-nelloltrarno-fiorentino-dal-12-al-17-settembre","title":{"rendered":"SENTIERO FILM FACTORY In arrivo la 3\u00b0 edizione nell&#8217;Oltrarno fiorentino"},"content":{"rendered":"\n<p class=\"wp-block-paragraph\">Sar\u00e0 <strong>Piazza Tasso<\/strong>, con il Chiostro della Biblioteca Pietro Thouar, la Sala ex Leopoldine e Circolo Aurora, il cuore della 3\u00b0 edizione del <strong>Sentiero Film Factory<\/strong>: dal 12 al 17 settembre ritorna il festival fiorentino di cortometraggi che racchiude in un unico evento incontri industry, workshop, pitch per sceneggiature e masterclass con professionisti del settore (ingresso libero).<\/p>\n\n\n\n<p class=\"wp-block-paragraph\">13 i cortometraggi del concorso internazionale spalmati su 5 serate di proiezione, che saranno valutati da una giuria composta dal produttore <strong>Giorgio Scorza<\/strong>, il regista <strong>Niccol\u00f2 Falsetti<\/strong>, l\u2019attore e regista <strong>Edoardo Gabbriellini <\/strong>e la sceneggiatrice <strong>Isabella Aguilar.\u00a0<\/strong><\/p>\n\n\n\n<p class=\"wp-block-paragraph\"><strong>I TITOLI IN CONCORSO<\/strong><\/p>\n\n\n\n<p class=\"wp-block-paragraph\">I titoli internazionali: dalla Colombia troviamo <em><strong>All inclusive<\/strong> <\/em>di Duv\u00e1n Duque Vargas; dall\u2019Irlanda <strong><em>An Irish Goodbye<\/em> <\/strong>di Tom Berkeley e Ross White;\u00a0 <strong><em>Calcutta 8:40<\/em> <\/strong>di Adriano Valerio dalla Francia;<em> <strong>Datsun<\/strong><\/em> di Mark Albiston dalla Nuova Zelanda; <em><strong>La bestia<\/strong> <\/em>di Marlijn van Nuenen, Ram Tamez e Alfredo Gerard Kuttikatt\u00a0 dalla Francia; <em><strong>Neighbour Abdi<\/strong> <\/em>di Douwe Dijkstra dall\u2019Olanda; <strong><em>Rites<\/em> <\/strong>di Dami\u00e1n Vondr\u00e1\u0161ek dalla Repubblica Ceca. <br><br>Per l\u2019Italia in concorso: <strong><em>Big<\/em><\/strong> di Daniele Pini; <em><strong>Camerieri <\/strong><\/em>di Adriano Giotti; <em><strong>Cani<\/strong> <\/em>di M.G. Naar e Andrea Ban; <strong><em>Faccia di cuscino<\/em><\/strong> di Saverio Cappiello; <strong><em>Shero<\/em><\/strong> di Claudio Casale (Italia) e infine <strong><em>Tria<\/em><\/strong> di Giulia Grandinetti.<\/p>\n\n\n\n<figure class=\"wp-block-gallery has-nested-images columns-default is-cropped wp-block-gallery-1 is-layout-flex wp-block-gallery-is-layout-flex\">\n<figure class=\"wp-block-image size-large\"><img loading=\"lazy\" decoding=\"async\" width=\"1024\" height=\"576\" data-id=\"295227\" src=\"https:\/\/cinema.video\/wp-content\/uploads\/2023\/08\/Big-1024x576.jpg\" alt=\"\" class=\"wp-image-295227\" srcset=\"https:\/\/cinema.video\/wp-content\/uploads\/2023\/08\/Big.jpg 1024w, https:\/\/cinema.video\/wp-content\/uploads\/2023\/08\/Big.jpg 300w, https:\/\/cinema.video\/wp-content\/uploads\/2023\/08\/Big.jpg 768w, https:\/\/cinema.video\/wp-content\/uploads\/2023\/08\/Big.jpg 1536w, https:\/\/cinema.video\/wp-content\/uploads\/2023\/08\/Big.jpg 150w, https:\/\/cinema.video\/wp-content\/uploads\/2023\/08\/Big.jpg 696w, https:\/\/cinema.video\/wp-content\/uploads\/2023\/08\/Big.jpg 1068w, https:\/\/cinema.video\/wp-content\/uploads\/2023\/08\/Big.jpg 747w, https:\/\/cinema.video\/wp-content\/uploads\/2023\/08\/Big.jpg 1920w, https:\/\/cinema.video\/wp-content\/uploads\/2023\/08\/Big.jpg 1392w\" sizes=\"auto, (max-width: 696px) 100vw, 696px\" \/><\/figure>\n\n\n\n<figure class=\"wp-block-image size-large\"><img loading=\"lazy\" decoding=\"async\" width=\"1024\" height=\"554\" data-id=\"295231\" src=\"https:\/\/cinema.video\/wp-content\/uploads\/2023\/08\/TRIA_3-1024x554.jpg\" alt=\"\" class=\"wp-image-295231\" srcset=\"https:\/\/cinema.video\/wp-content\/uploads\/2023\/08\/TRIA_3.jpg 1024w, https:\/\/cinema.video\/wp-content\/uploads\/2023\/08\/TRIA_3.jpg 300w, https:\/\/cinema.video\/wp-content\/uploads\/2023\/08\/TRIA_3.jpg 768w, https:\/\/cinema.video\/wp-content\/uploads\/2023\/08\/TRIA_3.jpg 1536w, https:\/\/cinema.video\/wp-content\/uploads\/2023\/08\/TRIA_3.jpg 150w, https:\/\/cinema.video\/wp-content\/uploads\/2023\/08\/TRIA_3.jpg 696w, https:\/\/cinema.video\/wp-content\/uploads\/2023\/08\/TRIA_3.jpg 1068w, https:\/\/cinema.video\/wp-content\/uploads\/2023\/08\/TRIA_3.jpg 777w, https:\/\/cinema.video\/wp-content\/uploads\/2023\/08\/TRIA_3.jpg 1920w, https:\/\/cinema.video\/wp-content\/uploads\/2023\/08\/TRIA_3.jpg 1392w\" sizes=\"auto, (max-width: 696px) 100vw, 696px\" \/><\/figure>\n<\/figure>\n\n\n\n<h5 class=\"wp-block-heading\"><strong>SENTIERO FILM PITCH<\/strong><\/h5>\n\n\n\n<p class=\"wp-block-paragraph\">Obiettivo principale del festival \u00e8 quello di valorizzare i giovani talenti e le produzioni indipendenti attraverso la realizzazione e promozione di cortometraggi a Firenze e in Toscana. Punta di diamante della manifestazione \u00e8 <strong>Sentiero Film Pitch<\/strong>, il concorso per sceneggiatori, autori e registi che ogni anno presentano sceneggiature originali ancora da produrre.\u00a0 A valutare le 11 opere di progetti di cortometraggio inedite, sar\u00e0 la giuria composta da: <strong>Alex Lo Prieno <\/strong>della piattaforma We Short; <strong>Damiano Monaco<\/strong>, della produzione e distribuzione Flash Future; <strong>Daniele Segre<\/strong>, produttore di AGICI <strong>Francesco Lattarulo<\/strong>, produttore per Mediterraneo Cinematografica, <strong>Laura Guerrieri<\/strong>, editor per il cinema e sceneggiatrice e <strong>Alessandro Giorgio,<\/strong> Dottore in Ricerca in Storia del Cinema presso l\u2019Universit\u00e0 di Torino.\u00a0<\/p>\n\n\n\n<p class=\"wp-block-paragraph\"><strong>Apertura e chiusura<\/strong><\/p>\n\n\n\n<p class=\"wp-block-paragraph\">Il festival si aprir\u00e0 con <strong>un focus dedicato al regista Elio Petri<\/strong>. Si parte alle 20.30 con un panel dal titolo \u201cLa censura nel cinema e Elio Petri\u201d in cui interverr\u00e0 <strong>Federico Bacci<\/strong>, regista del documentario \u201cAppunti su un autore\u201d. A seguire, alle 21, la proiezione \u201cLa classe operaia va in paradiso\u201d del regista Elio Petri in pellicola originale, evento in collaborazione con il curatore Alberto Vangelisti. <br>Si concluder\u00e0 domenica 17. <br>Alle 10.30 \u00e8 in programma la visita guidata offerta agli ospiti a cura de \u201cLe Ragazze di San Frediano\u201d. Alle 18 nel chiostro Thouar \u00e8 in programma Sentiero remix culture con aperitivo e musica a cura di Entres Dos Mundos e alle 20.30 avverr\u00e0 la proiezione e premiazione della sezione \u201cMexican Way: sei cortometraggi di registi e produttori messicani alla presenza del presidente di giuria \u201cMexican Way\u201d,\u00a0 il regista messicano <strong>Jes\u00fas Garc\u00e9s Lambert<\/strong>.<\/p>\n\n\n\n<figure class=\"wp-block-gallery has-nested-images columns-default is-cropped wp-block-gallery-2 is-layout-flex wp-block-gallery-is-layout-flex\">\n<figure class=\"wp-block-image size-large\"><img loading=\"lazy\" decoding=\"async\" width=\"1024\" height=\"683\" data-id=\"295238\" src=\"https:\/\/cinema.video\/wp-content\/uploads\/2023\/08\/La-vecchia-edizione-di-Sentiero-Film-Factory-2-1024x683.jpg\" alt=\"\" class=\"wp-image-295238\" srcset=\"https:\/\/cinema.video\/wp-content\/uploads\/2023\/08\/La-vecchia-edizione-di-Sentiero-Film-Factory-2.jpg 1024w, https:\/\/cinema.video\/wp-content\/uploads\/2023\/08\/La-vecchia-edizione-di-Sentiero-Film-Factory-2.jpg 300w, https:\/\/cinema.video\/wp-content\/uploads\/2023\/08\/La-vecchia-edizione-di-Sentiero-Film-Factory-2.jpg 768w, https:\/\/cinema.video\/wp-content\/uploads\/2023\/08\/La-vecchia-edizione-di-Sentiero-Film-Factory-2.jpg 1536w, https:\/\/cinema.video\/wp-content\/uploads\/2023\/08\/La-vecchia-edizione-di-Sentiero-Film-Factory-2.jpg 150w, https:\/\/cinema.video\/wp-content\/uploads\/2023\/08\/La-vecchia-edizione-di-Sentiero-Film-Factory-2.jpg 696w, https:\/\/cinema.video\/wp-content\/uploads\/2023\/08\/La-vecchia-edizione-di-Sentiero-Film-Factory-2.jpg 1068w, https:\/\/cinema.video\/wp-content\/uploads\/2023\/08\/La-vecchia-edizione-di-Sentiero-Film-Factory-2.jpg 1920w, https:\/\/cinema.video\/wp-content\/uploads\/2023\/08\/La-vecchia-edizione-di-Sentiero-Film-Factory-2.jpg 630w, https:\/\/cinema.video\/wp-content\/uploads\/2023\/08\/La-vecchia-edizione-di-Sentiero-Film-Factory-2.jpg 2048w, https:\/\/cinema.video\/wp-content\/uploads\/2023\/08\/La-vecchia-edizione-di-Sentiero-Film-Factory-2.jpg 1392w\" sizes=\"auto, (max-width: 696px) 100vw, 696px\" \/><\/figure>\n<\/figure>\n\n\n\n<p class=\"wp-block-paragraph\"><strong>Masterclass<\/strong><\/p>\n\n\n\n<p class=\"wp-block-paragraph\">Tra gli eventi da segnalare per questa nuova edizione, gioved\u00ec 14 settembre \u00e8 in programma la masterclass a cura della regista <strong>Maria Iovine,<\/strong> sul ruolo della donna nel cinema, in collaborazione con CinematograFica, associazione che promuove l\u2019equit\u00e0 di genere attraverso il cinema. Il suo primo cortometraggio,<em> <strong>In Her Shoes<\/strong><\/em>, viene selezionato in festival nazionali e internazionali, ricevendo numerosi premi e menzioni speciali, tra questi \u00e8 vincitore del Premio Zavattini e finalista ai Nastri d\u2019Argento.\u00a0 Nel 2021 il suo primo lungometraggio, <strong><em>Corpo a Corpo<\/em><\/strong>, viene presentato ad Alice nella Citt\u00e0 ed \u00e8 candidato ai Nastri D\u2019Argento per il Premio Valentina Pedicini e al Globo D\u2019oro come Miglior Documentario 2022. Il documentario racconta la storia di Veronica Yoko Plebani, triatleta venticinquenne, medaglia di bronzo alle Paralimpiadi di Tokyo 2020. A maggio 2022 \u00e8 uscita <strong><em>La Citt\u00e0 di Cap<\/em><\/strong>, graphic novel edita da Becco Giallo. Ispirata alla storia vera di Yvan Sagnet racconta la storia di un\u2019eroina nera che combatte contro lo sfruttamento del lavoro. Il suo ultimo lavoro \u00e8 il documentario \u201c<strong>Franca Valeri. Indomita Ironia<\/strong>\u201d \u00e8 andato in onda a gennaio 2023 su Rai3 per la serie Illuminate (ore 16 presso Sala ex leopoldine, ingresso libero).<\/p>\n\n\n\n<p class=\"wp-block-paragraph\">La rassegna, realizzata grazie a <strong>Materiali Sonori Cinema <\/strong>e l\u2019associazione <strong>Black Oaks Pictures<\/strong>, \u00e8 organizzata dal trio composto da<strong> Matteo Laguni, Pierfrancesco Bigazzi e Andrea Rapallini<\/strong>.<\/p>\n\n\n\n<p class=\"wp-block-paragraph\">L\u2019edizione 2023 \u00e8 co-finanziata dall\u2019Unione Europea \u2013 Fondo Sociale Europeo, nell\u2019ambito del Programma Operativo Citt\u00e0 Metropolitane 2014-2020 e con il contributo di Fondazione CR Firenze e UnicoopFirenze.<\/p>\n\n\n\n<p class=\"wp-block-paragraph\"><\/p>\n","protected":false},"excerpt":{"rendered":"<p>Dal 12 al 17 settembre la 3\u00b0 edizione  di Sentiero Film Factory tutta concentrata nella zona di Piazza Tasso: 13 i  film in Concorso. Torna Sentiero Film Pitch<\/p>\n","protected":false},"author":26,"featured_media":295239,"comment_status":"closed","ping_status":"closed","sticky":false,"template":"","format":"standard","meta":{"googlesitekit_rrm_CAow3e7fCw:productID":"","_crdt_document":"","footnotes":""},"categories":[189],"tags":[2334,356],"class_list":{"0":"post-295226","1":"post","2":"type-post","3":"status-publish","4":"format-standard","5":"has-post-thumbnail","7":"category-events","8":"tag-events","9":"tag-focus"},"yoast_head":"<!-- This site is optimized with the Yoast SEO Premium plugin v27.4 (Yoast SEO v27.5) - https:\/\/yoast.com\/product\/yoast-seo-premium-wordpress\/ -->\n<title>SENTIERO FILM FACTORY In arrivo la 3\u00b0 edizione nell&#039;Oltrarno fiorentino - Cinema &amp; Video International<\/title>\n<meta name=\"description\" content=\"SENTIERO FILM FACTORY In arrivo la 3\u00b0 edizione nell&#039;Oltrarno fiorentino \u2013 sentiero film factory in arrivo la. Sar\u00e0 Piazza Tasso, con il Chiostro della Bib\" \/>\n<meta name=\"robots\" content=\"index, follow, max-snippet:-1, max-image-preview:large, max-video-preview:-1\" \/>\n<link rel=\"canonical\" href=\"https:\/\/cinema.video\/it\/in-arrivo-la-3-edizione-di-sentiero-film-factory-nelloltrarno-fiorentino-dal-12-al-17-settembre\" \/>\n<meta property=\"og:locale\" content=\"it_IT\" \/>\n<meta property=\"og:type\" content=\"article\" \/>\n<meta property=\"og:title\" content=\"SENTIERO FILM FACTORY In arrivo la 3\u00b0 edizione nell&#039;Oltrarno fiorentino\" \/>\n<meta property=\"og:description\" content=\"SENTIERO FILM FACTORY In arrivo la 3\u00b0 edizione nell&#039;Oltrarno fiorentino \u2013 sentiero film factory in arrivo la. Sar\u00e0 Piazza Tasso, con il Chiostro della Bib\" \/>\n<meta property=\"og:url\" content=\"https:\/\/cinema.video\/it\/in-arrivo-la-3-edizione-di-sentiero-film-factory-nelloltrarno-fiorentino-dal-12-al-17-settembre\" \/>\n<meta property=\"og:site_name\" content=\"Cinema &amp; Video International\" \/>\n<meta property=\"article:publisher\" content=\"https:\/\/www.facebook.com\/CinemaVideoInternational\/\" \/>\n<meta property=\"article:published_time\" content=\"2023-08-24T09:03:39+00:00\" \/>\n<meta property=\"article:modified_time\" content=\"2026-04-10T02:02:20+00:00\" \/>\n<meta property=\"og:image\" content=\"https:\/\/cinema.video\/wp-content\/uploads\/2023\/08\/Sentiero_passate-edizioni-1.jpeg\" \/>\n\t<meta property=\"og:image:width\" content=\"2048\" \/>\n\t<meta property=\"og:image:height\" content=\"1365\" \/>\n\t<meta property=\"og:image:type\" content=\"image\/jpeg\" \/>\n<meta name=\"author\" content=\"Redazione\" \/>\n<meta name=\"twitter:card\" content=\"summary_large_image\" \/>\n<meta name=\"twitter:label1\" content=\"Scritto da\" \/>\n\t<meta name=\"twitter:data1\" content=\"Redazione\" \/>\n\t<meta name=\"twitter:label2\" content=\"Tempo di lettura stimato\" \/>\n\t<meta name=\"twitter:data2\" content=\"5 minuti\" \/>\n<script type=\"application\/ld+json\" class=\"yoast-schema-graph\">{\"@context\":\"https:\\\/\\\/schema.org\",\"@graph\":[{\"@type\":\"Article\",\"@id\":\"https:\\\/\\\/cinema.video\\\/it\\\/in-arrivo-la-3-edizione-di-sentiero-film-factory-nelloltrarno-fiorentino-dal-12-al-17-settembre#article\",\"isPartOf\":{\"@id\":\"https:\\\/\\\/cinema.video\\\/it\\\/in-arrivo-la-3-edizione-di-sentiero-film-factory-nelloltrarno-fiorentino-dal-12-al-17-settembre\"},\"author\":{\"name\":\"Redazione\",\"@id\":\"https:\\\/\\\/cinema.video\\\/it#\\\/schema\\\/person\\\/aeb01b91d874e8b01e76a1db04c668c6\"},\"headline\":\"SENTIERO FILM FACTORY In arrivo la 3\u00b0 edizione nell&#8217;Oltrarno fiorentino\",\"datePublished\":\"2023-08-24T09:03:39+00:00\",\"dateModified\":\"2026-04-10T02:02:20+00:00\",\"mainEntityOfPage\":{\"@id\":\"https:\\\/\\\/cinema.video\\\/it\\\/in-arrivo-la-3-edizione-di-sentiero-film-factory-nelloltrarno-fiorentino-dal-12-al-17-settembre\"},\"wordCount\":706,\"publisher\":{\"@id\":\"https:\\\/\\\/cinema.video\\\/it#organization\"},\"image\":{\"@id\":\"https:\\\/\\\/cinema.video\\\/it\\\/in-arrivo-la-3-edizione-di-sentiero-film-factory-nelloltrarno-fiorentino-dal-12-al-17-settembre#primaryimage\"},\"thumbnailUrl\":\"https:\\\/\\\/cinema.video\\\/wp-content\\\/uploads\\\/2023\\\/08\\\/Sentiero_passate-edizioni-1.jpeg\",\"keywords\":[\"EVENTS\",\"focus\"],\"articleSection\":[\"EVENTS\"],\"inLanguage\":\"it-IT\"},{\"@type\":\"WebPage\",\"@id\":\"https:\\\/\\\/cinema.video\\\/it\\\/in-arrivo-la-3-edizione-di-sentiero-film-factory-nelloltrarno-fiorentino-dal-12-al-17-settembre\",\"url\":\"https:\\\/\\\/cinema.video\\\/it\\\/in-arrivo-la-3-edizione-di-sentiero-film-factory-nelloltrarno-fiorentino-dal-12-al-17-settembre\",\"name\":\"SENTIERO FILM FACTORY In arrivo la 3\u00b0 edizione nell'Oltrarno fiorentino - Cinema &amp; Video International\",\"isPartOf\":{\"@id\":\"https:\\\/\\\/cinema.video\\\/it#website\"},\"primaryImageOfPage\":{\"@id\":\"https:\\\/\\\/cinema.video\\\/it\\\/in-arrivo-la-3-edizione-di-sentiero-film-factory-nelloltrarno-fiorentino-dal-12-al-17-settembre#primaryimage\"},\"image\":{\"@id\":\"https:\\\/\\\/cinema.video\\\/it\\\/in-arrivo-la-3-edizione-di-sentiero-film-factory-nelloltrarno-fiorentino-dal-12-al-17-settembre#primaryimage\"},\"thumbnailUrl\":\"https:\\\/\\\/cinema.video\\\/wp-content\\\/uploads\\\/2023\\\/08\\\/Sentiero_passate-edizioni-1.jpeg\",\"datePublished\":\"2023-08-24T09:03:39+00:00\",\"dateModified\":\"2026-04-10T02:02:20+00:00\",\"description\":\"SENTIERO FILM FACTORY In arrivo la 3\u00b0 edizione nell'Oltrarno fiorentino \u2013 sentiero film factory in arrivo la. Sar\u00e0 Piazza Tasso, con il Chiostro della Bib\",\"breadcrumb\":{\"@id\":\"https:\\\/\\\/cinema.video\\\/it\\\/in-arrivo-la-3-edizione-di-sentiero-film-factory-nelloltrarno-fiorentino-dal-12-al-17-settembre#breadcrumb\"},\"inLanguage\":\"it-IT\",\"potentialAction\":[{\"@type\":\"ReadAction\",\"target\":[\"https:\\\/\\\/cinema.video\\\/it\\\/in-arrivo-la-3-edizione-di-sentiero-film-factory-nelloltrarno-fiorentino-dal-12-al-17-settembre\"]}]},{\"@type\":\"ImageObject\",\"inLanguage\":\"it-IT\",\"@id\":\"https:\\\/\\\/cinema.video\\\/it\\\/in-arrivo-la-3-edizione-di-sentiero-film-factory-nelloltrarno-fiorentino-dal-12-al-17-settembre#primaryimage\",\"url\":\"https:\\\/\\\/cinema.video\\\/wp-content\\\/uploads\\\/2023\\\/08\\\/Sentiero_passate-edizioni-1.jpeg\",\"contentUrl\":\"https:\\\/\\\/cinema.video\\\/wp-content\\\/uploads\\\/2023\\\/08\\\/Sentiero_passate-edizioni-1.jpeg\",\"width\":2048,\"height\":1365,\"caption\":\"Dal 12 al 17 settembre la 3\u00b0 edizione di Sentiero Film Factory nell'Oltrarno fiorentino: 13 i film in Concorso. Torna Sentiero Film Pitch\"},{\"@type\":\"BreadcrumbList\",\"@id\":\"https:\\\/\\\/cinema.video\\\/it\\\/in-arrivo-la-3-edizione-di-sentiero-film-factory-nelloltrarno-fiorentino-dal-12-al-17-settembre#breadcrumb\",\"itemListElement\":[{\"@type\":\"ListItem\",\"position\":1,\"name\":\"Home\",\"item\":\"https:\\\/\\\/cinema.video\\\/it\\\/home-2\"},{\"@type\":\"ListItem\",\"position\":2,\"name\":\"SENTIERO FILM FACTORY In arrivo la 3\u00b0 edizione nell&#8217;Oltrarno fiorentino\"}]},{\"@type\":\"WebSite\",\"@id\":\"https:\\\/\\\/cinema.video\\\/it#website\",\"url\":\"https:\\\/\\\/cinema.video\\\/it\",\"name\":\"Cinema & Video International\",\"description\":\"Film &amp; Audiovisual Industry Trade Magazine\",\"publisher\":{\"@id\":\"https:\\\/\\\/cinema.video\\\/it#organization\"},\"alternateName\":\"Cinema & Video\",\"potentialAction\":[{\"@type\":\"SearchAction\",\"target\":{\"@type\":\"EntryPoint\",\"urlTemplate\":\"https:\\\/\\\/cinema.video\\\/it?s={search_term_string}\"},\"query-input\":{\"@type\":\"PropertyValueSpecification\",\"valueRequired\":true,\"valueName\":\"search_term_string\"}}],\"inLanguage\":\"it-IT\"},{\"@type\":\"Organization\",\"@id\":\"https:\\\/\\\/cinema.video\\\/it#organization\",\"name\":\"Cinema & Video\",\"url\":\"https:\\\/\\\/cinema.video\\\/it\",\"logo\":{\"@type\":\"ImageObject\",\"inLanguage\":\"it-IT\",\"@id\":\"https:\\\/\\\/cinema.video\\\/it#\\\/schema\\\/logo\\\/image\\\/\",\"url\":\"https:\\\/\\\/cinema.video\\\/wp-content\\\/uploads\\\/2026\\\/04\\\/CinemVideo_LogoBlack.png\",\"contentUrl\":\"https:\\\/\\\/cinema.video\\\/wp-content\\\/uploads\\\/2026\\\/04\\\/CinemVideo_LogoBlack.png\",\"width\":1336,\"height\":224,\"caption\":\"Cinema & Video\"},\"image\":{\"@id\":\"https:\\\/\\\/cinema.video\\\/it#\\\/schema\\\/logo\\\/image\\\/\"},\"sameAs\":[\"https:\\\/\\\/www.facebook.com\\\/CinemaVideoInternational\\\/\",\"https:\\\/\\\/www.instagram.com\\\/cinemaevideointernational\\\/\",\"https:\\\/\\\/it.linkedin.com\\\/company\\\/cinema-video-international\"],\"description\":\"Media Consulting & Marketing Agency\",\"email\":\"hello@darostudio.com\",\"legalName\":\"DARO studio LLC\",\"foundingDate\":\"2021-02-16\",\"numberOfEmployees\":{\"@type\":\"QuantitativeValue\",\"minValue\":\"1\",\"maxValue\":\"10\"}},{\"@type\":\"Person\",\"@id\":\"https:\\\/\\\/cinema.video\\\/it#\\\/schema\\\/person\\\/aeb01b91d874e8b01e76a1db04c668c6\",\"name\":\"Redazione\",\"image\":{\"@type\":\"ImageObject\",\"inLanguage\":\"it-IT\",\"@id\":\"https:\\\/\\\/secure.gravatar.com\\\/avatar\\\/06ad6f92eb14745b75fb592cadf8139d33242d81c9c8b085133c450aaf0b9731?s=96&d=mm&r=g\",\"url\":\"https:\\\/\\\/secure.gravatar.com\\\/avatar\\\/06ad6f92eb14745b75fb592cadf8139d33242d81c9c8b085133c450aaf0b9731?s=96&d=mm&r=g\",\"contentUrl\":\"https:\\\/\\\/secure.gravatar.com\\\/avatar\\\/06ad6f92eb14745b75fb592cadf8139d33242d81c9c8b085133c450aaf0b9731?s=96&d=mm&r=g\",\"caption\":\"Redazione\"},\"url\":\"https:\\\/\\\/cinema.video\\\/it\\\/author\\\/redazione\"}]}<\/script>\n<!-- \/ Yoast SEO Premium plugin. -->","yoast_head_json":{"title":"SENTIERO FILM FACTORY In arrivo la 3\u00b0 edizione nell'Oltrarno fiorentino - Cinema &amp; Video International","description":"SENTIERO FILM FACTORY In arrivo la 3\u00b0 edizione nell'Oltrarno fiorentino \u2013 sentiero film factory in arrivo la. Sar\u00e0 Piazza Tasso, con il Chiostro della Bib","robots":{"index":"index","follow":"follow","max-snippet":"max-snippet:-1","max-image-preview":"max-image-preview:large","max-video-preview":"max-video-preview:-1"},"canonical":"https:\/\/cinema.video\/it\/in-arrivo-la-3-edizione-di-sentiero-film-factory-nelloltrarno-fiorentino-dal-12-al-17-settembre","og_locale":"it_IT","og_type":"article","og_title":"SENTIERO FILM FACTORY In arrivo la 3\u00b0 edizione nell'Oltrarno fiorentino","og_description":"SENTIERO FILM FACTORY In arrivo la 3\u00b0 edizione nell'Oltrarno fiorentino \u2013 sentiero film factory in arrivo la. Sar\u00e0 Piazza Tasso, con il Chiostro della Bib","og_url":"https:\/\/cinema.video\/it\/in-arrivo-la-3-edizione-di-sentiero-film-factory-nelloltrarno-fiorentino-dal-12-al-17-settembre","og_site_name":"Cinema &amp; Video International","article_publisher":"https:\/\/www.facebook.com\/CinemaVideoInternational\/","article_published_time":"2023-08-24T09:03:39+00:00","article_modified_time":"2026-04-10T02:02:20+00:00","og_image":[{"width":2048,"height":1365,"url":"https:\/\/cinema.video\/wp-content\/uploads\/2023\/08\/Sentiero_passate-edizioni-1.jpeg","type":"image\/jpeg"}],"author":"Redazione","twitter_card":"summary_large_image","twitter_misc":{"Scritto da":"Redazione","Tempo di lettura stimato":"5 minuti"},"schema":{"@context":"https:\/\/schema.org","@graph":[{"@type":"Article","@id":"https:\/\/cinema.video\/it\/in-arrivo-la-3-edizione-di-sentiero-film-factory-nelloltrarno-fiorentino-dal-12-al-17-settembre#article","isPartOf":{"@id":"https:\/\/cinema.video\/it\/in-arrivo-la-3-edizione-di-sentiero-film-factory-nelloltrarno-fiorentino-dal-12-al-17-settembre"},"author":{"name":"Redazione","@id":"https:\/\/cinema.video\/it#\/schema\/person\/aeb01b91d874e8b01e76a1db04c668c6"},"headline":"SENTIERO FILM FACTORY In arrivo la 3\u00b0 edizione nell&#8217;Oltrarno fiorentino","datePublished":"2023-08-24T09:03:39+00:00","dateModified":"2026-04-10T02:02:20+00:00","mainEntityOfPage":{"@id":"https:\/\/cinema.video\/it\/in-arrivo-la-3-edizione-di-sentiero-film-factory-nelloltrarno-fiorentino-dal-12-al-17-settembre"},"wordCount":706,"publisher":{"@id":"https:\/\/cinema.video\/it#organization"},"image":{"@id":"https:\/\/cinema.video\/it\/in-arrivo-la-3-edizione-di-sentiero-film-factory-nelloltrarno-fiorentino-dal-12-al-17-settembre#primaryimage"},"thumbnailUrl":"https:\/\/cinema.video\/wp-content\/uploads\/2023\/08\/Sentiero_passate-edizioni-1.jpeg","keywords":["EVENTS","focus"],"articleSection":["EVENTS"],"inLanguage":"it-IT"},{"@type":"WebPage","@id":"https:\/\/cinema.video\/it\/in-arrivo-la-3-edizione-di-sentiero-film-factory-nelloltrarno-fiorentino-dal-12-al-17-settembre","url":"https:\/\/cinema.video\/it\/in-arrivo-la-3-edizione-di-sentiero-film-factory-nelloltrarno-fiorentino-dal-12-al-17-settembre","name":"SENTIERO FILM FACTORY In arrivo la 3\u00b0 edizione nell'Oltrarno fiorentino - Cinema &amp; Video International","isPartOf":{"@id":"https:\/\/cinema.video\/it#website"},"primaryImageOfPage":{"@id":"https:\/\/cinema.video\/it\/in-arrivo-la-3-edizione-di-sentiero-film-factory-nelloltrarno-fiorentino-dal-12-al-17-settembre#primaryimage"},"image":{"@id":"https:\/\/cinema.video\/it\/in-arrivo-la-3-edizione-di-sentiero-film-factory-nelloltrarno-fiorentino-dal-12-al-17-settembre#primaryimage"},"thumbnailUrl":"https:\/\/cinema.video\/wp-content\/uploads\/2023\/08\/Sentiero_passate-edizioni-1.jpeg","datePublished":"2023-08-24T09:03:39+00:00","dateModified":"2026-04-10T02:02:20+00:00","description":"SENTIERO FILM FACTORY In arrivo la 3\u00b0 edizione nell'Oltrarno fiorentino \u2013 sentiero film factory in arrivo la. Sar\u00e0 Piazza Tasso, con il Chiostro della Bib","breadcrumb":{"@id":"https:\/\/cinema.video\/it\/in-arrivo-la-3-edizione-di-sentiero-film-factory-nelloltrarno-fiorentino-dal-12-al-17-settembre#breadcrumb"},"inLanguage":"it-IT","potentialAction":[{"@type":"ReadAction","target":["https:\/\/cinema.video\/it\/in-arrivo-la-3-edizione-di-sentiero-film-factory-nelloltrarno-fiorentino-dal-12-al-17-settembre"]}]},{"@type":"ImageObject","inLanguage":"it-IT","@id":"https:\/\/cinema.video\/it\/in-arrivo-la-3-edizione-di-sentiero-film-factory-nelloltrarno-fiorentino-dal-12-al-17-settembre#primaryimage","url":"https:\/\/cinema.video\/wp-content\/uploads\/2023\/08\/Sentiero_passate-edizioni-1.jpeg","contentUrl":"https:\/\/cinema.video\/wp-content\/uploads\/2023\/08\/Sentiero_passate-edizioni-1.jpeg","width":2048,"height":1365,"caption":"Dal 12 al 17 settembre la 3\u00b0 edizione di Sentiero Film Factory nell'Oltrarno fiorentino: 13 i film in Concorso. Torna Sentiero Film Pitch"},{"@type":"BreadcrumbList","@id":"https:\/\/cinema.video\/it\/in-arrivo-la-3-edizione-di-sentiero-film-factory-nelloltrarno-fiorentino-dal-12-al-17-settembre#breadcrumb","itemListElement":[{"@type":"ListItem","position":1,"name":"Home","item":"https:\/\/cinema.video\/it\/home-2"},{"@type":"ListItem","position":2,"name":"SENTIERO FILM FACTORY In arrivo la 3\u00b0 edizione nell&#8217;Oltrarno fiorentino"}]},{"@type":"WebSite","@id":"https:\/\/cinema.video\/it#website","url":"https:\/\/cinema.video\/it","name":"Cinema & Video International","description":"Film &amp; Audiovisual Industry Trade Magazine","publisher":{"@id":"https:\/\/cinema.video\/it#organization"},"alternateName":"Cinema & Video","potentialAction":[{"@type":"SearchAction","target":{"@type":"EntryPoint","urlTemplate":"https:\/\/cinema.video\/it?s={search_term_string}"},"query-input":{"@type":"PropertyValueSpecification","valueRequired":true,"valueName":"search_term_string"}}],"inLanguage":"it-IT"},{"@type":"Organization","@id":"https:\/\/cinema.video\/it#organization","name":"Cinema & Video","url":"https:\/\/cinema.video\/it","logo":{"@type":"ImageObject","inLanguage":"it-IT","@id":"https:\/\/cinema.video\/it#\/schema\/logo\/image\/","url":"https:\/\/cinema.video\/wp-content\/uploads\/2026\/04\/CinemVideo_LogoBlack.png","contentUrl":"https:\/\/cinema.video\/wp-content\/uploads\/2026\/04\/CinemVideo_LogoBlack.png","width":1336,"height":224,"caption":"Cinema & Video"},"image":{"@id":"https:\/\/cinema.video\/it#\/schema\/logo\/image\/"},"sameAs":["https:\/\/www.facebook.com\/CinemaVideoInternational\/","https:\/\/www.instagram.com\/cinemaevideointernational\/","https:\/\/it.linkedin.com\/company\/cinema-video-international"],"description":"Media Consulting & Marketing Agency","email":"hello@darostudio.com","legalName":"DARO studio LLC","foundingDate":"2021-02-16","numberOfEmployees":{"@type":"QuantitativeValue","minValue":"1","maxValue":"10"}},{"@type":"Person","@id":"https:\/\/cinema.video\/it#\/schema\/person\/aeb01b91d874e8b01e76a1db04c668c6","name":"Redazione","image":{"@type":"ImageObject","inLanguage":"it-IT","@id":"https:\/\/secure.gravatar.com\/avatar\/06ad6f92eb14745b75fb592cadf8139d33242d81c9c8b085133c450aaf0b9731?s=96&d=mm&r=g","url":"https:\/\/secure.gravatar.com\/avatar\/06ad6f92eb14745b75fb592cadf8139d33242d81c9c8b085133c450aaf0b9731?s=96&d=mm&r=g","contentUrl":"https:\/\/secure.gravatar.com\/avatar\/06ad6f92eb14745b75fb592cadf8139d33242d81c9c8b085133c450aaf0b9731?s=96&d=mm&r=g","caption":"Redazione"},"url":"https:\/\/cinema.video\/it\/author\/redazione"}]}},"jetpack_featured_media_url":"https:\/\/cinema.video\/wp-content\/uploads\/2023\/08\/Sentiero_passate-edizioni-1.jpeg","jetpack_shortlink":"https:\/\/wp.me\/ph672m-1eNI","_links":{"self":[{"href":"https:\/\/cinema.video\/it\/wp-json\/wp\/v2\/posts\/295226","targetHints":{"allow":["GET"]}}],"collection":[{"href":"https:\/\/cinema.video\/it\/wp-json\/wp\/v2\/posts"}],"about":[{"href":"https:\/\/cinema.video\/it\/wp-json\/wp\/v2\/types\/post"}],"author":[{"embeddable":true,"href":"https:\/\/cinema.video\/it\/wp-json\/wp\/v2\/users\/26"}],"replies":[{"embeddable":true,"href":"https:\/\/cinema.video\/it\/wp-json\/wp\/v2\/comments?post=295226"}],"version-history":[{"count":2,"href":"https:\/\/cinema.video\/it\/wp-json\/wp\/v2\/posts\/295226\/revisions"}],"predecessor-version":[{"id":309081,"href":"https:\/\/cinema.video\/it\/wp-json\/wp\/v2\/posts\/295226\/revisions\/309081"}],"wp:featuredmedia":[{"embeddable":true,"href":"https:\/\/cinema.video\/it\/wp-json\/wp\/v2\/media\/295239"}],"wp:attachment":[{"href":"https:\/\/cinema.video\/it\/wp-json\/wp\/v2\/media?parent=295226"}],"wp:term":[{"taxonomy":"category","embeddable":true,"href":"https:\/\/cinema.video\/it\/wp-json\/wp\/v2\/categories?post=295226"},{"taxonomy":"post_tag","embeddable":true,"href":"https:\/\/cinema.video\/it\/wp-json\/wp\/v2\/tags?post=295226"}],"curies":[{"name":"wp","href":"https:\/\/api.w.org\/{rel}","templated":true}]}}