{"id":294943,"date":"2023-07-11T17:18:04","date_gmt":"2023-07-11T15:18:04","guid":{"rendered":"https:\/\/cinema.video\/?p=294943"},"modified":"2026-04-10T04:02:00","modified_gmt":"2026-04-10T02:02:00","slug":"prato-phygital-il-magnifico-tessuto-trasmesso-in-5g","status":"publish","type":"post","link":"https:\/\/cinema.video\/it\/prato-phygital-il-magnifico-tessuto-trasmesso-in-5g","title":{"rendered":"PRATO PHYGITAL Il Magnifico Tessuto trasmesso in 5G"},"content":{"rendered":"\n<p class=\"wp-block-paragraph\">&#8220;La produzione virtuale \u00e8 estremamente stimolante perch\u00e9 permette di unire la parte artigianale, classica, del mestiere del regista,  a quella dove \u00e8 indispensabile l&#8217;aiuto  della tecnologia.&#8221;<br>Cos\u00ec <strong>Tobia Passigato<\/strong> commenta la sua esperienza di regia del cortometraggio <strong><em>Il Magnifico Tessuto<\/em>, <\/strong>un misto fra live action, scenografie virtuali e oggetti digitali, che \u00e8 stato realizzato oggi, marted\u00ec 11 luglio, all\u2019interno del mockup di un teatro di posa virtuale presso <strong>Manifatture Digitali Cinema Prato<\/strong>, e contemporaneamente trasmesso in diretta, grazie alla tecnologia 5G, nell\u2019aula sartoria dell\u2019edificio, in una proiezione speciale riservata alla stampa.<\/p>\n\n\n\n<figure class=\"wp-block-embed is-type-video is-provider-youtube wp-block-embed-youtube wp-embed-aspect-16-9 wp-has-aspect-ratio\"><div class=\"wp-block-embed__wrapper\">\n<iframe loading=\"lazy\" title=\"&quot;Il Magnifico Tessuto&quot; il corto realizzato a Manifatture Digitali Cinema Prato per PRATO PHYGITAL\" width=\"696\" height=\"392\" src=\"https:\/\/www.youtube.com\/embed\/yCP8Swb2jjo?feature=oembed\" frameborder=\"0\" allow=\"accelerometer; autoplay; clipboard-write; encrypted-media; gyroscope; picture-in-picture; web-share\" allowfullscreen><\/iframe>\n<\/div><figcaption class=\"wp-element-caption\"><em>La produzione in tempo reale de &#8220;Il Magnifico Tessuto&#8221; trasmesso contemporaneamente live<\/em><\/figcaption><\/figure>\n\n\n\n<p class=\"wp-block-paragraph\">Se far volare un attore \u00e8 pratica per artigiani del cinema, la produzione virtuale consente di poter contrarre il tempo, passando ad esempio dal giorno alla notte nella stessa scena. <br>O lo spazio, simulando il sobbalzare di una carrozza (reale prop di scena) mentre il paesaggio dietro scorre davvero, grazie agli sfondi virtuali ricostruiti in 3D e proiettati sui LED wall e anche sul soffitto, in modo da generare riflessi realistici sulla vettura, mentre entrano in scena anche altri oggetti fisici di arredo urbano,  per rendere il tutto ancora pi\u00f9 credibile. <br>Consente anche, la tecnologia, di far viaggiare l\u2019immaginazione. <br>Ed ecco che un cappello mediceo diventa un pianeta, grazie alla trasformazione degli archivi del Museo del Tessuto e di Marini Industrie, realizzati dall\u2019Universit\u00e0 di Firenze, sotto la guida della professoressa Cianfanelli, docente di architettura e design industriale.<\/p>\n\n\n\n<p class=\"wp-block-paragraph\">Tutto questo \u00e8 <strong>Prato Phygital,<\/strong> il progetto con cui <strong>Fondazione Sistema Toscana<\/strong>,  capofila di un raggruppamento di nove partner pubblici e privati, si \u00e8 aggiudicata il <strong>bando da 1 milione di euro del MIMIT<\/strong> (ex MISE), finalizzato allo sviluppo della <strong>tecnologia 5G in campo audiovisivo.<br><\/strong>Una prima dimostrazione dei possibili utilizzi nel Metaverso degli archivi digitali di tessuti e cappelli (in campo produttivo, artistico e di ricerca), era avvenuta lo scorso 5 giugno al <strong>Cinema<\/strong> <strong>La Compagnia<\/strong> <strong>di Firenze <\/strong>(lo raccontiamo <a href=\"https:\/\/cinema.video\/toscana-il-5-giugno-prato-phygital-i-costumi-entrano-nel-metaverso\"><strong><mark style=\"background-color:rgba(0, 0, 0, 0)\" class=\"has-inline-color has-vivid-cyan-blue-color\">QUI<\/mark><\/strong><\/a>).<\/p>\n\n\n\n<figure class=\"wp-block-image size-large\"><img loading=\"lazy\" decoding=\"async\" width=\"1024\" height=\"637\" src=\"https:\/\/cinema.video\/wp-content\/uploads\/2023\/07\/2Set_Virtual_Reality_2_PratoPhygital_MDCPrato_11-07-2023_14-1-1024x637.jpg\" alt=\"\" class=\"wp-image-294951\" srcset=\"https:\/\/cinema.video\/wp-content\/uploads\/2023\/07\/2Set_Virtual_Reality_2_PratoPhygital_MDCPrato_11-07-2023_14-1.jpg 1024w, https:\/\/cinema.video\/wp-content\/uploads\/2023\/07\/2Set_Virtual_Reality_2_PratoPhygital_MDCPrato_11-07-2023_14-1.jpg 300w, https:\/\/cinema.video\/wp-content\/uploads\/2023\/07\/2Set_Virtual_Reality_2_PratoPhygital_MDCPrato_11-07-2023_14-1.jpg 768w, https:\/\/cinema.video\/wp-content\/uploads\/2023\/07\/2Set_Virtual_Reality_2_PratoPhygital_MDCPrato_11-07-2023_14-1.jpg 150w, https:\/\/cinema.video\/wp-content\/uploads\/2023\/07\/2Set_Virtual_Reality_2_PratoPhygital_MDCPrato_11-07-2023_14-1.jpg 696w, https:\/\/cinema.video\/wp-content\/uploads\/2023\/07\/2Set_Virtual_Reality_2_PratoPhygital_MDCPrato_11-07-2023_14-1.jpg 1068w, https:\/\/cinema.video\/wp-content\/uploads\/2023\/07\/2Set_Virtual_Reality_2_PratoPhygital_MDCPrato_11-07-2023_14-1.jpg 675w, https:\/\/cinema.video\/wp-content\/uploads\/2023\/07\/2Set_Virtual_Reality_2_PratoPhygital_MDCPrato_11-07-2023_14-1.jpg 356w, https:\/\/cinema.video\/wp-content\/uploads\/2023\/07\/2Set_Virtual_Reality_2_PratoPhygital_MDCPrato_11-07-2023_14-1.jpg 1300w\" sizes=\"auto, (max-width: 696px) 100vw, 696px\" \/><\/figure>\n\n\n\n<p class=\"wp-block-paragraph\">La presentazione del corto prodotto da <strong>Indiana Production<\/strong>, assieme a <strong>EDI &#8211; Effetti Digitali Italiani<\/strong>, ne rappresenta il compimento.<br>\u201cDietro a questo c\u2019\u00e8 un anno di lavoro, fra scrittura del soggetto, della sceneggiatura, mesi di messa a punto delle scenografie digitali e due settimane di allestimento in questo studio che ha 12 metri lineari di pannelli LED. \u2013 spiega <strong>Luigi Formicola<\/strong>, di MDCP, &#8211; <strong>Wind 3<\/strong> ha poi montato la rete fra Prato e Firenze\u201d <\/p>\n\n\n\n<p class=\"wp-block-paragraph\">La proiezione sar\u00e0 infatti replicata per il pubblico alle 18.30 al<strong> Museo del Tessuto di Prato, <\/strong>e poi domani, 12 luglio, sempre alle 18.30, al cinema <strong>La Compagnia di Firenze, <\/strong>sempre con una diretta live.<\/p>\n\n\n\n<p class=\"wp-block-paragraph\">Un\u2019esperienza che esprime proprio questa congiunzione fra fisico e  digitale, fra l\u2019artigianalit\u00e0 e la tecnologia, non solo nel cinema, come diceva Passigato, ma di cui il cinema si fa veicolo per rendere comprensibile a tutti gli operatori del settore e alle imprese  le declinazioni pratiche della nuova tecnologia 5G, applicate all\u2019audiovisivo. <\/p>\n\n\n\n<figure class=\"wp-block-image size-large\"><img loading=\"lazy\" decoding=\"async\" width=\"1024\" height=\"768\" src=\"https:\/\/cinema.video\/wp-content\/uploads\/2023\/07\/20230711_125746-1024x768.jpg\" alt=\"\" class=\"wp-image-294949\"\/><figcaption class=\"wp-element-caption\"><em>Eugenio Giani e la Capo Gabinetto Cristina Manetti, assistono alla proiezione<\/em><\/figcaption><\/figure>\n\n\n\n<p class=\"wp-block-paragraph\">La trasmissione veloce con il 5G di file video da molti Gigabit, offre infatti la possibilit\u00e0 a chi lavora in campo audiovisivo e cinematografico di connettersi, pur lavorando in sedi diverse e lontane; consente inoltre a tutto il mondo produttivo manifatturiero, in primo luogo quello del tessile pratese, di realizzare simulazioni e dimostrazioni in diretta, da remoto, che aprono nuove prospettive comunicative e commerciali.<\/p>\n\n\n\n<p class=\"wp-block-paragraph\">Innovare partendo dai mestieri del territorio \u00e8 in fondo il concetto chiave di una realt\u00e0 come Manifatture Digitali Cinema Prato, che il <strong>presidente della Regione Eugenio Giani<\/strong> ha definito \u201cun incubatore di idee e innovazione che realizza, attraverso il 5G, la missione identitaria di Fondazione Sistema Toscana. In questo luogo convivono il patrimonio di costumi di scena &#8211; realizzati con cura filologica e grande sapienza, come quello realizzato sul modello dell\u2019abito di Eleonora di Toledo -e  il sistema formativo che sta generando, con la dimensione innovativa del 5G e del digitale.\u201d<\/p>\n\n\n\n<figure class=\"wp-block-image size-large\"><img loading=\"lazy\" decoding=\"async\" width=\"1024\" height=\"768\" src=\"https:\/\/cinema.video\/wp-content\/uploads\/2023\/07\/20230711_131622-1024x768.jpg\" alt=\"\" class=\"wp-image-294950\"\/><figcaption class=\"wp-element-caption\"> Karim Bartoletti (a sinistra) e Tobia Passigato<\/figcaption><\/figure>\n\n\n\n<p class=\"wp-block-paragraph\">Il progetto ha ampi orizzonti davanti a s\u00e9: intanto l\u2019allestimento a Prato, in un prossimo futuro, di vero e proprio <strong>Teatro VR<\/strong>, all\u2019interno di un campus di produzione, studio e ricerca nel settore dell\u2019innovazione legata alla Virtual Reality. <br>Sul modello di quello che esiste a Cinecitt\u00e0 e dove Indiana ha recentemente girato una serie per la quale \u00e8 stata ricostruita una nave da crociera con gli esterni realizzati in virtual production, rivela <strong>Karim Bartoletti,<\/strong> produttore esecutivo e partner della societ\u00e0.<\/p>\n\n\n\n<p class=\"wp-block-paragraph\">\u201cUn teatro virtuale che rappresenterebbe un potente arricchimento, all\u2019interno di un\u2019ipotesi di lavoro dove non abbiamo intenzione di fermarci\u201d, sottolinea il<strong> Sindaco di Prato<\/strong>, <strong>Matteo Biffoni,<\/strong> aggiungendo che ci sono 1 milione e 100 mila euro del PNRR da investire nell\u2019ampliamento degli spazi della Manifattura\u201d.<\/p>\n\n\n\n<figure class=\"wp-block-gallery has-nested-images columns-default is-cropped wp-block-gallery-1 is-layout-flex wp-block-gallery-is-layout-flex\">\n<figure class=\"wp-block-image size-large\"><img loading=\"lazy\" decoding=\"async\" width=\"1024\" height=\"697\" data-id=\"294946\" src=\"https:\/\/cinema.video\/wp-content\/uploads\/2023\/07\/2Biffoni_PratoPhygital_MDCPrato_11-07-2023_7-1024x697.jpg\" alt=\"\" class=\"wp-image-294946\" srcset=\"https:\/\/cinema.video\/wp-content\/uploads\/2023\/07\/2Biffoni_PratoPhygital_MDCPrato_11-07-2023_7.jpg 1024w, https:\/\/cinema.video\/wp-content\/uploads\/2023\/07\/2Biffoni_PratoPhygital_MDCPrato_11-07-2023_7.jpg 300w, https:\/\/cinema.video\/wp-content\/uploads\/2023\/07\/2Biffoni_PratoPhygital_MDCPrato_11-07-2023_7.jpg 768w, https:\/\/cinema.video\/wp-content\/uploads\/2023\/07\/2Biffoni_PratoPhygital_MDCPrato_11-07-2023_7.jpg 150w, https:\/\/cinema.video\/wp-content\/uploads\/2023\/07\/2Biffoni_PratoPhygital_MDCPrato_11-07-2023_7.jpg 696w, https:\/\/cinema.video\/wp-content\/uploads\/2023\/07\/2Biffoni_PratoPhygital_MDCPrato_11-07-2023_7.jpg 1068w, https:\/\/cinema.video\/wp-content\/uploads\/2023\/07\/2Biffoni_PratoPhygital_MDCPrato_11-07-2023_7.jpg 617w, https:\/\/cinema.video\/wp-content\/uploads\/2023\/07\/2Biffoni_PratoPhygital_MDCPrato_11-07-2023_7.jpg 1200w\" sizes=\"auto, (max-width: 696px) 100vw, 696px\" \/><figcaption class=\"wp-element-caption\">Matteo Biffoni<\/figcaption><\/figure>\n<\/figure>\n\n\n\n<p class=\"wp-block-paragraph\">\u201cIl neologismo Phygital unisce la tradizione tessile toscana e pratese all\u2019 industria creativa che ha nel digitale una nuova frontiera di utilizzo. Come territorio vocato alla cultura ma anche alla ricerca di nuove professionalit\u00e0, cerchiamo di essere vicino all\u2019 industria culturale che ha bisogno di nuove infrastrutture.\u201d Ha aggiunto <strong>Jacopo Di Passio<\/strong>, presidente di Fondazione Sistema Toscana, ricordando i partner che affiancano FST nel progetto: il <strong>Comune di Prato<\/strong> con <strong>Prisma<\/strong> &#8211; Casa delle Tecnologie; <strong>UNIFI,<\/strong> con il laboratorio REI del dipartimento di Architettura; <strong>PIN &#8211; Polo Universitario Citt\u00e0 di Prato; Fondazione Museo del Tessuto di Prato<\/strong>; <strong>Marini Industrie<\/strong>, uno dei rappresentanti pi\u00f9 importanti dell&#8217;industria tessile pratese; <strong>Immerxive<\/strong>, startup nata e cresciuta nella Casa delle Tecnologie di Prato; <strong>Indiana Production,<\/strong> casa di produzione internazionale; <strong>EDI &#8211; Effetti Digitali Italiani<\/strong>, la pi\u00f9 innovativa societ\u00e0 di effetti speciali italiani<strong>; Wind Tre<\/strong>, come partner tecnologico, fornitore dell\u2019infrastruttura 5G.<\/p>\n\n\n\n<figure class=\"wp-block-image size-large\"><img loading=\"lazy\" decoding=\"async\" width=\"1024\" height=\"681\" src=\"https:\/\/cinema.video\/wp-content\/uploads\/2023\/07\/2Di_Passio_2_PratoPhygital_MDCPrato_11-07-2023_12-1024x681.jpg\" alt=\"\" class=\"wp-image-294945\" srcset=\"https:\/\/cinema.video\/wp-content\/uploads\/2023\/07\/2Di_Passio_2_PratoPhygital_MDCPrato_11-07-2023_12.jpg 1024w, https:\/\/cinema.video\/wp-content\/uploads\/2023\/07\/2Di_Passio_2_PratoPhygital_MDCPrato_11-07-2023_12.jpg 300w, https:\/\/cinema.video\/wp-content\/uploads\/2023\/07\/2Di_Passio_2_PratoPhygital_MDCPrato_11-07-2023_12.jpg 768w, https:\/\/cinema.video\/wp-content\/uploads\/2023\/07\/2Di_Passio_2_PratoPhygital_MDCPrato_11-07-2023_12.jpg 150w, https:\/\/cinema.video\/wp-content\/uploads\/2023\/07\/2Di_Passio_2_PratoPhygital_MDCPrato_11-07-2023_12.jpg 696w, https:\/\/cinema.video\/wp-content\/uploads\/2023\/07\/2Di_Passio_2_PratoPhygital_MDCPrato_11-07-2023_12.jpg 1068w, https:\/\/cinema.video\/wp-content\/uploads\/2023\/07\/2Di_Passio_2_PratoPhygital_MDCPrato_11-07-2023_12.jpg 632w, https:\/\/cinema.video\/wp-content\/uploads\/2023\/07\/2Di_Passio_2_PratoPhygital_MDCPrato_11-07-2023_12.jpg 1200w\" sizes=\"auto, (max-width: 696px) 100vw, 696px\" \/><figcaption class=\"wp-element-caption\">Jacopo Di Passio<\/figcaption><\/figure>\n","protected":false},"excerpt":{"rendered":"<p>Oggi a Prato (a Manifatture Digitali e al Museo del Tessuto) e domani al Cinema La Compagnia, la presentazione del corto realizzato in produzione virtuale, restituzione del progetto Prato Phygital di cui \u00e8 capofila Fondazione Sistema Toscana<\/p>\n","protected":false},"author":2,"featured_media":294947,"comment_status":"closed","ping_status":"closed","sticky":false,"template":"","format":"standard","meta":{"googlesitekit_rrm_CAow3e7fCw:productID":"","_wpcom_ai_launchpad_first_post":false,"footnotes":"","jetpack_post_was_ever_published":false},"categories":[1],"tags":[356,245,1210],"class_list":["post-294943","post","type-post","status-publish","format-standard","has-post-thumbnail","category-senza-categoria","tag-focus","tag-toscana-film-commission","tag-virtual-production"],"yoast_head":"<!-- This site is optimized with the Yoast SEO Premium plugin v28.3 (Yoast SEO v28.3) - https:\/\/yoast.com\/product\/yoast-seo-premium-wordpress\/ -->\n<title>PRATO PHYGITAL Il Magnifico Tessuto trasmesso in 5G - Cinema &amp; Video International<\/title>\n<meta name=\"description\" content=\"PRATO PHYGITAL Il Magnifico Tessuto trasmesso in 5G \u2013 prato phygital il magnifico tessuto trasmesso. &quot;La produzione virtuale \u00e8 estremamente stimolante per\" \/>\n<meta name=\"robots\" content=\"index, follow, max-snippet:-1, max-image-preview:large, max-video-preview:-1\" \/>\n<link rel=\"canonical\" href=\"https:\/\/cinema.video\/it\/prato-phygital-il-magnifico-tessuto-trasmesso-in-5g\" \/>\n<meta property=\"og:locale\" content=\"it_IT\" \/>\n<meta property=\"og:type\" content=\"article\" \/>\n<meta property=\"og:title\" content=\"PRATO PHYGITAL Il Magnifico Tessuto trasmesso in 5G\" \/>\n<meta property=\"og:description\" content=\"PRATO PHYGITAL Il Magnifico Tessuto trasmesso in 5G \u2013 prato phygital il magnifico tessuto trasmesso. &quot;La produzione virtuale \u00e8 estremamente stimolante per\" \/>\n<meta property=\"og:url\" content=\"https:\/\/cinema.video\/it\/prato-phygital-il-magnifico-tessuto-trasmesso-in-5g\" \/>\n<meta property=\"og:site_name\" content=\"Cinema &amp; Video International\" \/>\n<meta property=\"article:publisher\" content=\"https:\/\/www.facebook.com\/CinemaVideoInternational\/\" \/>\n<meta property=\"article:published_time\" content=\"2023-07-11T15:18:04+00:00\" \/>\n<meta property=\"article:modified_time\" content=\"2026-04-10T02:02:00+00:00\" \/>\n<meta property=\"og:image\" content=\"https:\/\/cinema.video\/wp-content\/uploads\/2023\/07\/2Set_Virtual_Reality_3_PratoPhygital_MDCPrato_11-07-2023_14-e1689087414694.jpg\" \/>\n\t<meta property=\"og:image:width\" content=\"800\" \/>\n\t<meta property=\"og:image:height\" content=\"530\" \/>\n\t<meta property=\"og:image:type\" content=\"image\/jpeg\" \/>\n<meta name=\"author\" content=\"Carolina Mancini\" \/>\n<meta name=\"twitter:card\" content=\"summary_large_image\" \/>\n<meta name=\"twitter:label1\" content=\"Scritto da\" \/>\n\t<meta name=\"twitter:data1\" content=\"Carolina Mancini\" \/>\n\t<meta name=\"twitter:label2\" content=\"Tempo di lettura stimato\" \/>\n\t<meta name=\"twitter:data2\" content=\"6 minuti\" \/>\n<script type=\"application\/ld+json\" class=\"yoast-schema-graph\">{\"@context\":\"https:\\\/\\\/schema.org\",\"@graph\":[{\"@type\":\"Article\",\"@id\":\"https:\\\/\\\/cinema.video\\\/it\\\/prato-phygital-il-magnifico-tessuto-trasmesso-in-5g#article\",\"isPartOf\":{\"@id\":\"https:\\\/\\\/cinema.video\\\/it\\\/prato-phygital-il-magnifico-tessuto-trasmesso-in-5g\"},\"author\":{\"name\":\"Carolina Mancini\",\"@id\":\"https:\\\/\\\/cinema.video\\\/it#\\\/schema\\\/person\\\/d5479fad8d0f2360000eb4aab6bb6e5d\"},\"headline\":\"PRATO PHYGITAL Il Magnifico Tessuto trasmesso in 5G\",\"datePublished\":\"2023-07-11T15:18:04+00:00\",\"dateModified\":\"2026-04-10T02:02:00+00:00\",\"mainEntityOfPage\":{\"@id\":\"https:\\\/\\\/cinema.video\\\/it\\\/prato-phygital-il-magnifico-tessuto-trasmesso-in-5g\"},\"wordCount\":944,\"publisher\":{\"@id\":\"https:\\\/\\\/cinema.video\\\/it#organization\"},\"image\":{\"@id\":\"https:\\\/\\\/cinema.video\\\/it\\\/prato-phygital-il-magnifico-tessuto-trasmesso-in-5g#primaryimage\"},\"thumbnailUrl\":\"https:\\\/\\\/cinema.video\\\/wp-content\\\/uploads\\\/2023\\\/07\\\/2Set_Virtual_Reality_3_PratoPhygital_MDCPrato_11-07-2023_14-e1689087414694.jpg\",\"keywords\":[\"focus\",\"TOSCANA FILM COMMISSION\",\"Virtual Production\"],\"inLanguage\":\"it-IT\"},{\"@type\":\"WebPage\",\"@id\":\"https:\\\/\\\/cinema.video\\\/it\\\/prato-phygital-il-magnifico-tessuto-trasmesso-in-5g\",\"url\":\"https:\\\/\\\/cinema.video\\\/it\\\/prato-phygital-il-magnifico-tessuto-trasmesso-in-5g\",\"name\":\"PRATO PHYGITAL Il Magnifico Tessuto trasmesso in 5G - Cinema &amp; Video International\",\"isPartOf\":{\"@id\":\"https:\\\/\\\/cinema.video\\\/it#website\"},\"primaryImageOfPage\":{\"@id\":\"https:\\\/\\\/cinema.video\\\/it\\\/prato-phygital-il-magnifico-tessuto-trasmesso-in-5g#primaryimage\"},\"image\":{\"@id\":\"https:\\\/\\\/cinema.video\\\/it\\\/prato-phygital-il-magnifico-tessuto-trasmesso-in-5g#primaryimage\"},\"thumbnailUrl\":\"https:\\\/\\\/cinema.video\\\/wp-content\\\/uploads\\\/2023\\\/07\\\/2Set_Virtual_Reality_3_PratoPhygital_MDCPrato_11-07-2023_14-e1689087414694.jpg\",\"datePublished\":\"2023-07-11T15:18:04+00:00\",\"dateModified\":\"2026-04-10T02:02:00+00:00\",\"description\":\"PRATO PHYGITAL Il Magnifico Tessuto trasmesso in 5G \u2013 prato phygital il magnifico tessuto trasmesso. \\\"La produzione virtuale \u00e8 estremamente stimolante per\",\"breadcrumb\":{\"@id\":\"https:\\\/\\\/cinema.video\\\/it\\\/prato-phygital-il-magnifico-tessuto-trasmesso-in-5g#breadcrumb\"},\"inLanguage\":\"it-IT\",\"potentialAction\":[{\"@type\":\"ReadAction\",\"target\":[\"https:\\\/\\\/cinema.video\\\/it\\\/prato-phygital-il-magnifico-tessuto-trasmesso-in-5g\"]}]},{\"@type\":\"ImageObject\",\"inLanguage\":\"it-IT\",\"@id\":\"https:\\\/\\\/cinema.video\\\/it\\\/prato-phygital-il-magnifico-tessuto-trasmesso-in-5g#primaryimage\",\"url\":\"https:\\\/\\\/cinema.video\\\/wp-content\\\/uploads\\\/2023\\\/07\\\/2Set_Virtual_Reality_3_PratoPhygital_MDCPrato_11-07-2023_14-e1689087414694.jpg\",\"contentUrl\":\"https:\\\/\\\/cinema.video\\\/wp-content\\\/uploads\\\/2023\\\/07\\\/2Set_Virtual_Reality_3_PratoPhygital_MDCPrato_11-07-2023_14-e1689087414694.jpg\",\"width\":800,\"height\":530,\"caption\":\"Il Magnifico Tessuto, corto realizzato all'interno del progetto Prato Phygital \u00e8 stato trasmesso in 5 G da Manifatture Digitali Cinema Prato\"},{\"@type\":\"BreadcrumbList\",\"@id\":\"https:\\\/\\\/cinema.video\\\/it\\\/prato-phygital-il-magnifico-tessuto-trasmesso-in-5g#breadcrumb\",\"itemListElement\":[{\"@type\":\"ListItem\",\"position\":1,\"name\":\"Home\",\"item\":\"https:\\\/\\\/cinema.video\\\/it\"},{\"@type\":\"ListItem\",\"position\":2,\"name\":\"PRATO PHYGITAL Il Magnifico Tessuto trasmesso in 5G\"}]},{\"@type\":\"WebSite\",\"@id\":\"https:\\\/\\\/cinema.video\\\/it#website\",\"url\":\"https:\\\/\\\/cinema.video\\\/it\",\"name\":\"Cinema & Video International\",\"description\":\"Film &amp; Audiovisual B2B Industry Trade Platform Magazine\",\"publisher\":{\"@id\":\"https:\\\/\\\/cinema.video\\\/it#organization\"},\"alternateName\":\"Cinema & Video\",\"potentialAction\":[{\"@type\":\"SearchAction\",\"target\":{\"@type\":\"EntryPoint\",\"urlTemplate\":\"https:\\\/\\\/cinema.video\\\/it?s={search_term_string}\"},\"query-input\":{\"@type\":\"PropertyValueSpecification\",\"valueRequired\":true,\"valueName\":\"search_term_string\"}}],\"inLanguage\":\"it-IT\"},{\"@type\":\"Organization\",\"@id\":\"https:\\\/\\\/cinema.video\\\/it#organization\",\"name\":\"Cinema & Video\",\"url\":\"https:\\\/\\\/cinema.video\\\/it\",\"logo\":{\"@type\":\"ImageObject\",\"inLanguage\":\"it-IT\",\"@id\":\"https:\\\/\\\/cinema.video\\\/it#\\\/schema\\\/logo\\\/image\\\/\",\"url\":\"https:\\\/\\\/cinema.video\\\/wp-content\\\/uploads\\\/2026\\\/04\\\/CinemVideo_LogoBlack.png\",\"contentUrl\":\"https:\\\/\\\/cinema.video\\\/wp-content\\\/uploads\\\/2026\\\/04\\\/CinemVideo_LogoBlack.png\",\"width\":1336,\"height\":224,\"caption\":\"Cinema & Video\"},\"image\":{\"@id\":\"https:\\\/\\\/cinema.video\\\/it#\\\/schema\\\/logo\\\/image\\\/\"},\"sameAs\":[\"https:\\\/\\\/www.facebook.com\\\/CinemaVideoInternational\\\/\",\"https:\\\/\\\/www.instagram.com\\\/cinemaevideointernational\\\/\",\"https:\\\/\\\/it.linkedin.com\\\/company\\\/cinema-video-international\"],\"description\":\"Media Consulting & Marketing Agency\",\"email\":\"hello@darostudio.com\",\"legalName\":\"DARO studio LLC\",\"foundingDate\":\"2021-02-16\",\"numberOfEmployees\":{\"@type\":\"QuantitativeValue\",\"minValue\":\"1\",\"maxValue\":\"10\"},\"publishingPrinciples\":\"https:\\\/\\\/cinema.video\\\/about\"},{\"@type\":\"Person\",\"@id\":\"https:\\\/\\\/cinema.video\\\/it#\\\/schema\\\/person\\\/d5479fad8d0f2360000eb4aab6bb6e5d\",\"name\":\"Carolina Mancini\",\"image\":{\"@type\":\"ImageObject\",\"inLanguage\":\"it-IT\",\"@id\":\"https:\\\/\\\/secure.gravatar.com\\\/avatar\\\/d4758965c5e8730dbaaa7131a628547771a26c1e5bf14fe323d96f8246a62baf?s=96&d=mm&r=g\",\"url\":\"https:\\\/\\\/secure.gravatar.com\\\/avatar\\\/d4758965c5e8730dbaaa7131a628547771a26c1e5bf14fe323d96f8246a62baf?s=96&d=mm&r=g\",\"contentUrl\":\"https:\\\/\\\/secure.gravatar.com\\\/avatar\\\/d4758965c5e8730dbaaa7131a628547771a26c1e5bf14fe323d96f8246a62baf?s=96&d=mm&r=g\",\"caption\":\"Carolina Mancini\"},\"url\":\"https:\\\/\\\/cinema.video\\\/it\\\/author\\\/carolin\"}]}<\/script>\n<!-- \/ Yoast SEO Premium plugin. -->","yoast_head_json":{"title":"PRATO PHYGITAL Il Magnifico Tessuto trasmesso in 5G - Cinema &amp; Video International","description":"PRATO PHYGITAL Il Magnifico Tessuto trasmesso in 5G \u2013 prato phygital il magnifico tessuto trasmesso. \"La produzione virtuale \u00e8 estremamente stimolante per","robots":{"index":"index","follow":"follow","max-snippet":"max-snippet:-1","max-image-preview":"max-image-preview:large","max-video-preview":"max-video-preview:-1"},"canonical":"https:\/\/cinema.video\/it\/prato-phygital-il-magnifico-tessuto-trasmesso-in-5g","og_locale":"it_IT","og_type":"article","og_title":"PRATO PHYGITAL Il Magnifico Tessuto trasmesso in 5G","og_description":"PRATO PHYGITAL Il Magnifico Tessuto trasmesso in 5G \u2013 prato phygital il magnifico tessuto trasmesso. \"La produzione virtuale \u00e8 estremamente stimolante per","og_url":"https:\/\/cinema.video\/it\/prato-phygital-il-magnifico-tessuto-trasmesso-in-5g","og_site_name":"Cinema &amp; Video International","article_publisher":"https:\/\/www.facebook.com\/CinemaVideoInternational\/","article_published_time":"2023-07-11T15:18:04+00:00","article_modified_time":"2026-04-10T02:02:00+00:00","og_image":[{"width":800,"height":530,"url":"https:\/\/cinema.video\/wp-content\/uploads\/2023\/07\/2Set_Virtual_Reality_3_PratoPhygital_MDCPrato_11-07-2023_14-e1689087414694.jpg","type":"image\/jpeg"}],"author":"Carolina Mancini","twitter_card":"summary_large_image","twitter_misc":{"Scritto da":"Carolina Mancini","Tempo di lettura stimato":"6 minuti"},"schema":{"@context":"https:\/\/schema.org","@graph":[{"@type":"Article","@id":"https:\/\/cinema.video\/it\/prato-phygital-il-magnifico-tessuto-trasmesso-in-5g#article","isPartOf":{"@id":"https:\/\/cinema.video\/it\/prato-phygital-il-magnifico-tessuto-trasmesso-in-5g"},"author":{"name":"Carolina Mancini","@id":"https:\/\/cinema.video\/it#\/schema\/person\/d5479fad8d0f2360000eb4aab6bb6e5d"},"headline":"PRATO PHYGITAL Il Magnifico Tessuto trasmesso in 5G","datePublished":"2023-07-11T15:18:04+00:00","dateModified":"2026-04-10T02:02:00+00:00","mainEntityOfPage":{"@id":"https:\/\/cinema.video\/it\/prato-phygital-il-magnifico-tessuto-trasmesso-in-5g"},"wordCount":944,"publisher":{"@id":"https:\/\/cinema.video\/it#organization"},"image":{"@id":"https:\/\/cinema.video\/it\/prato-phygital-il-magnifico-tessuto-trasmesso-in-5g#primaryimage"},"thumbnailUrl":"https:\/\/cinema.video\/wp-content\/uploads\/2023\/07\/2Set_Virtual_Reality_3_PratoPhygital_MDCPrato_11-07-2023_14-e1689087414694.jpg","keywords":["focus","TOSCANA FILM COMMISSION","Virtual Production"],"inLanguage":"it-IT"},{"@type":"WebPage","@id":"https:\/\/cinema.video\/it\/prato-phygital-il-magnifico-tessuto-trasmesso-in-5g","url":"https:\/\/cinema.video\/it\/prato-phygital-il-magnifico-tessuto-trasmesso-in-5g","name":"PRATO PHYGITAL Il Magnifico Tessuto trasmesso in 5G - Cinema &amp; Video International","isPartOf":{"@id":"https:\/\/cinema.video\/it#website"},"primaryImageOfPage":{"@id":"https:\/\/cinema.video\/it\/prato-phygital-il-magnifico-tessuto-trasmesso-in-5g#primaryimage"},"image":{"@id":"https:\/\/cinema.video\/it\/prato-phygital-il-magnifico-tessuto-trasmesso-in-5g#primaryimage"},"thumbnailUrl":"https:\/\/cinema.video\/wp-content\/uploads\/2023\/07\/2Set_Virtual_Reality_3_PratoPhygital_MDCPrato_11-07-2023_14-e1689087414694.jpg","datePublished":"2023-07-11T15:18:04+00:00","dateModified":"2026-04-10T02:02:00+00:00","description":"PRATO PHYGITAL Il Magnifico Tessuto trasmesso in 5G \u2013 prato phygital il magnifico tessuto trasmesso. \"La produzione virtuale \u00e8 estremamente stimolante per","breadcrumb":{"@id":"https:\/\/cinema.video\/it\/prato-phygital-il-magnifico-tessuto-trasmesso-in-5g#breadcrumb"},"inLanguage":"it-IT","potentialAction":[{"@type":"ReadAction","target":["https:\/\/cinema.video\/it\/prato-phygital-il-magnifico-tessuto-trasmesso-in-5g"]}]},{"@type":"ImageObject","inLanguage":"it-IT","@id":"https:\/\/cinema.video\/it\/prato-phygital-il-magnifico-tessuto-trasmesso-in-5g#primaryimage","url":"https:\/\/cinema.video\/wp-content\/uploads\/2023\/07\/2Set_Virtual_Reality_3_PratoPhygital_MDCPrato_11-07-2023_14-e1689087414694.jpg","contentUrl":"https:\/\/cinema.video\/wp-content\/uploads\/2023\/07\/2Set_Virtual_Reality_3_PratoPhygital_MDCPrato_11-07-2023_14-e1689087414694.jpg","width":800,"height":530,"caption":"Il Magnifico Tessuto, corto realizzato all'interno del progetto Prato Phygital \u00e8 stato trasmesso in 5 G da Manifatture Digitali Cinema Prato"},{"@type":"BreadcrumbList","@id":"https:\/\/cinema.video\/it\/prato-phygital-il-magnifico-tessuto-trasmesso-in-5g#breadcrumb","itemListElement":[{"@type":"ListItem","position":1,"name":"Home","item":"https:\/\/cinema.video\/it"},{"@type":"ListItem","position":2,"name":"PRATO PHYGITAL Il Magnifico Tessuto trasmesso in 5G"}]},{"@type":"WebSite","@id":"https:\/\/cinema.video\/it#website","url":"https:\/\/cinema.video\/it","name":"Cinema & Video International","description":"Film &amp; Audiovisual B2B Industry Trade Platform Magazine","publisher":{"@id":"https:\/\/cinema.video\/it#organization"},"alternateName":"Cinema & Video","potentialAction":[{"@type":"SearchAction","target":{"@type":"EntryPoint","urlTemplate":"https:\/\/cinema.video\/it?s={search_term_string}"},"query-input":{"@type":"PropertyValueSpecification","valueRequired":true,"valueName":"search_term_string"}}],"inLanguage":"it-IT"},{"@type":"Organization","@id":"https:\/\/cinema.video\/it#organization","name":"Cinema & Video","url":"https:\/\/cinema.video\/it","logo":{"@type":"ImageObject","inLanguage":"it-IT","@id":"https:\/\/cinema.video\/it#\/schema\/logo\/image\/","url":"https:\/\/cinema.video\/wp-content\/uploads\/2026\/04\/CinemVideo_LogoBlack.png","contentUrl":"https:\/\/cinema.video\/wp-content\/uploads\/2026\/04\/CinemVideo_LogoBlack.png","width":1336,"height":224,"caption":"Cinema & Video"},"image":{"@id":"https:\/\/cinema.video\/it#\/schema\/logo\/image\/"},"sameAs":["https:\/\/www.facebook.com\/CinemaVideoInternational\/","https:\/\/www.instagram.com\/cinemaevideointernational\/","https:\/\/it.linkedin.com\/company\/cinema-video-international"],"description":"Media Consulting & Marketing Agency","email":"hello@darostudio.com","legalName":"DARO studio LLC","foundingDate":"2021-02-16","numberOfEmployees":{"@type":"QuantitativeValue","minValue":"1","maxValue":"10"},"publishingPrinciples":"https:\/\/cinema.video\/about"},{"@type":"Person","@id":"https:\/\/cinema.video\/it#\/schema\/person\/d5479fad8d0f2360000eb4aab6bb6e5d","name":"Carolina Mancini","image":{"@type":"ImageObject","inLanguage":"it-IT","@id":"https:\/\/secure.gravatar.com\/avatar\/d4758965c5e8730dbaaa7131a628547771a26c1e5bf14fe323d96f8246a62baf?s=96&d=mm&r=g","url":"https:\/\/secure.gravatar.com\/avatar\/d4758965c5e8730dbaaa7131a628547771a26c1e5bf14fe323d96f8246a62baf?s=96&d=mm&r=g","contentUrl":"https:\/\/secure.gravatar.com\/avatar\/d4758965c5e8730dbaaa7131a628547771a26c1e5bf14fe323d96f8246a62baf?s=96&d=mm&r=g","caption":"Carolina Mancini"},"url":"https:\/\/cinema.video\/it\/author\/carolin"}]}},"jetpack_shortlink":"https:\/\/wp.me\/ph672m-1eJ9","jetpack_featured_media_url":"https:\/\/cinema.video\/wp-content\/uploads\/2023\/07\/2Set_Virtual_Reality_3_PratoPhygital_MDCPrato_11-07-2023_14-e1689087414694.jpg","_links":{"self":[{"href":"https:\/\/cinema.video\/it\/wp-json\/wp\/v2\/posts\/294943","targetHints":{"allow":["GET"]}}],"collection":[{"href":"https:\/\/cinema.video\/it\/wp-json\/wp\/v2\/posts"}],"about":[{"href":"https:\/\/cinema.video\/it\/wp-json\/wp\/v2\/types\/post"}],"author":[{"embeddable":true,"href":"https:\/\/cinema.video\/it\/wp-json\/wp\/v2\/users\/2"}],"replies":[{"embeddable":true,"href":"https:\/\/cinema.video\/it\/wp-json\/wp\/v2\/comments?post=294943"}],"version-history":[{"count":1,"href":"https:\/\/cinema.video\/it\/wp-json\/wp\/v2\/posts\/294943\/revisions"}],"predecessor-version":[{"id":309046,"href":"https:\/\/cinema.video\/it\/wp-json\/wp\/v2\/posts\/294943\/revisions\/309046"}],"wp:featuredmedia":[{"embeddable":true,"href":"https:\/\/cinema.video\/it\/wp-json\/wp\/v2\/media\/294947"}],"wp:attachment":[{"href":"https:\/\/cinema.video\/it\/wp-json\/wp\/v2\/media?parent=294943"}],"wp:term":[{"taxonomy":"category","embeddable":true,"href":"https:\/\/cinema.video\/it\/wp-json\/wp\/v2\/categories?post=294943"},{"taxonomy":"post_tag","embeddable":true,"href":"https:\/\/cinema.video\/it\/wp-json\/wp\/v2\/tags?post=294943"}],"curies":[{"name":"wp","href":"https:\/\/api.w.org\/{rel}","templated":true}]}}