{"id":294789,"date":"2023-07-01T11:18:02","date_gmt":"2023-07-01T09:18:02","guid":{"rendered":"https:\/\/cinema.video\/?p=294789"},"modified":"2026-04-10T04:01:50","modified_gmt":"2026-04-10T02:01:50","slug":"cine-a-riccione-il-cinema-che-verra","status":"publish","type":"post","link":"https:\/\/cinema.video\/it\/cine-a-riccione-il-cinema-che-verra","title":{"rendered":"CINE&#8217; A Riccione il cinema che verr\u00e0"},"content":{"rendered":"\n<p class=\"wp-block-paragraph\">Al via  marted\u00ec 4 luglio la XII edizione di&nbsp;<strong>Cin\u00e9 &#8211; Giornate di Cinema<\/strong>, la manifestazione estiva di networking e di aggiornamento professionale dell\u2019industria cinematografica promossa da ANICA, in collaborazione con ANEC, sostenuta dal MiC, dalla Regione Emilia-Romagna, dalla Emilia-Romagna Film Commission e dal Comune di Riccione, prodotta e organizzata da Cineventi con la direzione di Remigio Truocchio.<\/p>\n\n\n\n<p class=\"wp-block-paragraph\">Per quattro giorni, fino a venerd\u00ec 7, Cin\u00e9 sar\u00e0 il cuore dell\u2019industria cinematografica italiana: al Palacongressi di Riccione verranno presentati in anteprima assoluta, a un pubblico di professionisti, le novit\u00e0 e i titoli in uscita delle principali case di distribuzione che operano in Italia.<\/p>\n\n\n\n<p class=\"wp-block-paragraph\">Ad accompagnare le presentazioni del \u201ccinema che verr\u00e0\u201d sono attesi a Riccione numerosi rappresentanti del nostro cinema, che accompagneranno le prime immagini dei film.<\/p>\n\n\n\n<p class=\"wp-block-paragraph\">Mercoled\u00ec 5 luglio saranno in sala all\u2019interno della convention di 01 Distribution <strong>Edoardo De Angelis<\/strong> e <strong>Pierfrancesco Favino<\/strong> per <em>Comandante<\/em>, <strong>Matteo Garrone<\/strong> per <em>Io Capitano<\/em>, <strong>Enrico Brignano<\/strong> per <em>Una commedia pericolosa<\/em> e <strong>Micaela Ramazzotti<\/strong> per il suo esordio alla regia, per <em>Felicit\u00e0<\/em>; nel pomeriggio di mercoled\u00ec la convention di Medusa ospiter\u00e0 <strong>Claudio Bisio<\/strong> per la regia di <em>L\u2019ultima volta che siamo stati bambini<\/em>, <strong>Gianluca Ansanelli<\/strong> con gli attori <strong>Vincenzo Salemme<\/strong> e <strong>Max Tortora<\/strong> per <em>La guerra dei nonni<\/em>, <strong>Neri Parenti<\/strong> insieme al protagonista di <em>Volevo un figlio maschio<\/em> <strong>Enrico Brignano<\/strong>. Ancora tanti ospiti gioved\u00ec 6 luglio all\u2019interno della convention di Vision Distribution nel corso della quale interverranno <strong>Massimiliano Bruno, Edoardo Leo<\/strong> e <strong>Fabrizio Bentivoglio<\/strong> con <em>I peggiori giorni<\/em>, <strong>Paola Cortellesi<\/strong> ed <strong>Emanuela Fanelli<\/strong> per <em>C\u2019\u00e8 ancora domani<\/em>, <strong>Davide Minnella<\/strong> e <strong>Francesco Scianna<\/strong> per <em>Cattiva Coscienza<\/em>. Sempre gioved\u00ec 6 sono attesi all\u2019interno del Palazzo dei Congressi <strong>Diego Abatantuono<\/strong> e <strong>Francesco Patierno<\/strong> per il film <em>Improvvisamente a Natale mi sposo<\/em> targato Notorious Pictures.<\/p>\n\n\n\n<p class=\"wp-block-paragraph\">Assieme alle convention delle distribuzioni, anche quest\u2019anno cisar\u00e0 l\u2019incontro professionale dal titolo <strong>Rough cut and more by Emilia-Romagna Film Commission<\/strong>, con la presentazione di trailer, teaser e pitch delle opere recentemente sostenute dal Fondo Audiovisivo regionale.<\/p>\n\n\n\n<p class=\"wp-block-paragraph\">Da segnalare, infine, il <strong>Tradeshow di Cin\u00e9<\/strong>, consueto appuntamento per le aziende dell\u2019industria cinematografica dove vengono presentate, ogni anno, le attrezzature, le tecnologie e le soluzioni per il cinema pi\u00f9 innovative.<\/p>\n\n\n\n<p class=\"wp-block-paragraph\"> Arricchiranno la manifestazione eventi dedicati al pubblico, con <strong>Cine in Citt\u00e0,<\/strong> serie di proiezioni con ospiti, tutte le sere nell\u2019arena di Piazzale Ceccarini, con un palinsesto speciale pensato per i pi\u00f9 giovani con&nbsp;<strong>Cin\u00e9Camp \u2013 Giffoni a Riccione.<\/strong><\/p>\n","protected":false},"excerpt":{"rendered":"<p>Dal 4 al 7 luglio a Riccione la XII edizione di\u00a0Cin\u00e9 &#8211; Giornate di Cinema<\/p>\n","protected":false},"author":26,"featured_media":294804,"comment_status":"closed","ping_status":"closed","sticky":false,"template":"","format":"standard","meta":{"googlesitekit_rrm_CAow3e7fCw:productID":"","_crdt_document":"","footnotes":""},"categories":[1,2329],"tags":[420,2343],"class_list":{"0":"post-294789","1":"post","2":"type-post","3":"status-publish","4":"format-standard","5":"has-post-thumbnail","7":"category-senza-categoria","8":"category-movie-theaters","9":"tag-emilia-romagna-film-commission","10":"tag-theaters"},"yoast_head":"<!-- This site is optimized with the Yoast SEO Premium plugin v27.4 (Yoast SEO v27.4) - https:\/\/yoast.com\/product\/yoast-seo-premium-wordpress\/ -->\n<title>CINE&#039; A Riccione il cinema che verr\u00e0 - Cinema &amp; Video International<\/title>\n<meta name=\"description\" content=\"CINE&#039; A Riccione il cinema che verr\u00e0 \u2013 cine a riccione il cinema che. Al via marted\u00ec 4 luglio la XII edizione di&nbsp;Cin\u00e9 - Giornate di Cinema, la manife\" \/>\n<meta name=\"robots\" content=\"index, follow, max-snippet:-1, max-image-preview:large, max-video-preview:-1\" \/>\n<link rel=\"canonical\" href=\"https:\/\/cinema.video\/it\/cine-a-riccione-il-cinema-che-verra\" \/>\n<meta property=\"og:locale\" content=\"it_IT\" \/>\n<meta property=\"og:type\" content=\"article\" \/>\n<meta property=\"og:title\" content=\"CINE&#039; A Riccione il cinema che verr\u00e0\" \/>\n<meta property=\"og:description\" content=\"CINE&#039; A Riccione il cinema che verr\u00e0 \u2013 cine a riccione il cinema che. Al via marted\u00ec 4 luglio la XII edizione di&nbsp;Cin\u00e9 - Giornate di Cinema, la manife\" \/>\n<meta property=\"og:url\" content=\"https:\/\/cinema.video\/it\/cine-a-riccione-il-cinema-che-verra\" \/>\n<meta property=\"og:site_name\" content=\"Cinema &amp; Video International\" \/>\n<meta property=\"article:publisher\" content=\"https:\/\/www.facebook.com\/CinemaVideoInternational\/\" \/>\n<meta property=\"article:published_time\" content=\"2023-07-01T09:18:02+00:00\" \/>\n<meta property=\"article:modified_time\" content=\"2026-04-10T02:01:50+00:00\" \/>\n<meta property=\"og:image\" content=\"https:\/\/cinema.video\/wp-content\/uploads\/2023\/07\/CINE-2023-ORIZZONTALE-890x500-1-e1688210158854.png\" \/>\n\t<meta property=\"og:image:width\" content=\"569\" \/>\n\t<meta property=\"og:image:height\" content=\"384\" \/>\n\t<meta property=\"og:image:type\" content=\"image\/png\" \/>\n<meta name=\"author\" content=\"Redazione\" \/>\n<meta name=\"twitter:card\" content=\"summary_large_image\" \/>\n<meta name=\"twitter:label1\" content=\"Scritto da\" \/>\n\t<meta name=\"twitter:data1\" content=\"Redazione\" \/>\n\t<meta name=\"twitter:label2\" content=\"Tempo di lettura stimato\" \/>\n\t<meta name=\"twitter:data2\" content=\"3 minuti\" \/>\n<script type=\"application\/ld+json\" class=\"yoast-schema-graph\">{\"@context\":\"https:\\\/\\\/schema.org\",\"@graph\":[{\"@type\":\"Article\",\"@id\":\"https:\\\/\\\/cinema.video\\\/it\\\/cine-a-riccione-il-cinema-che-verra#article\",\"isPartOf\":{\"@id\":\"https:\\\/\\\/cinema.video\\\/it\\\/cine-a-riccione-il-cinema-che-verra\"},\"author\":{\"name\":\"Redazione\",\"@id\":\"https:\\\/\\\/cinema.video\\\/it#\\\/schema\\\/person\\\/aeb01b91d874e8b01e76a1db04c668c6\"},\"headline\":\"CINE&#8217; A Riccione il cinema che verr\u00e0\",\"datePublished\":\"2023-07-01T09:18:02+00:00\",\"dateModified\":\"2026-04-10T02:01:50+00:00\",\"mainEntityOfPage\":{\"@id\":\"https:\\\/\\\/cinema.video\\\/it\\\/cine-a-riccione-il-cinema-che-verra\"},\"wordCount\":405,\"publisher\":{\"@id\":\"https:\\\/\\\/cinema.video\\\/it#organization\"},\"image\":{\"@id\":\"https:\\\/\\\/cinema.video\\\/it\\\/cine-a-riccione-il-cinema-che-verra#primaryimage\"},\"thumbnailUrl\":\"https:\\\/\\\/cinema.video\\\/wp-content\\\/uploads\\\/2023\\\/07\\\/CINE-2023-ORIZZONTALE-890x500-1-e1688210158854.png\",\"keywords\":[\"EMILIA ROMAGNA FILM COMMISSION\",\"THEATERS\"],\"articleSection\":{\"1\":\"THEATERS\"},\"inLanguage\":\"it-IT\"},{\"@type\":\"WebPage\",\"@id\":\"https:\\\/\\\/cinema.video\\\/it\\\/cine-a-riccione-il-cinema-che-verra\",\"url\":\"https:\\\/\\\/cinema.video\\\/it\\\/cine-a-riccione-il-cinema-che-verra\",\"name\":\"CINE' A Riccione il cinema che verr\u00e0 - Cinema &amp; Video International\",\"isPartOf\":{\"@id\":\"https:\\\/\\\/cinema.video\\\/it#website\"},\"primaryImageOfPage\":{\"@id\":\"https:\\\/\\\/cinema.video\\\/it\\\/cine-a-riccione-il-cinema-che-verra#primaryimage\"},\"image\":{\"@id\":\"https:\\\/\\\/cinema.video\\\/it\\\/cine-a-riccione-il-cinema-che-verra#primaryimage\"},\"thumbnailUrl\":\"https:\\\/\\\/cinema.video\\\/wp-content\\\/uploads\\\/2023\\\/07\\\/CINE-2023-ORIZZONTALE-890x500-1-e1688210158854.png\",\"datePublished\":\"2023-07-01T09:18:02+00:00\",\"dateModified\":\"2026-04-10T02:01:50+00:00\",\"description\":\"CINE' A Riccione il cinema che verr\u00e0 \u2013 cine a riccione il cinema che. Al via marted\u00ec 4 luglio la XII edizione di&nbsp;Cin\u00e9 - Giornate di Cinema, la manife\",\"breadcrumb\":{\"@id\":\"https:\\\/\\\/cinema.video\\\/it\\\/cine-a-riccione-il-cinema-che-verra#breadcrumb\"},\"inLanguage\":\"it-IT\",\"potentialAction\":[{\"@type\":\"ReadAction\",\"target\":[\"https:\\\/\\\/cinema.video\\\/it\\\/cine-a-riccione-il-cinema-che-verra\"]}]},{\"@type\":\"ImageObject\",\"inLanguage\":\"it-IT\",\"@id\":\"https:\\\/\\\/cinema.video\\\/it\\\/cine-a-riccione-il-cinema-che-verra#primaryimage\",\"url\":\"https:\\\/\\\/cinema.video\\\/wp-content\\\/uploads\\\/2023\\\/07\\\/CINE-2023-ORIZZONTALE-890x500-1-e1688210158854.png\",\"contentUrl\":\"https:\\\/\\\/cinema.video\\\/wp-content\\\/uploads\\\/2023\\\/07\\\/CINE-2023-ORIZZONTALE-890x500-1-e1688210158854.png\",\"width\":569,\"height\":384},{\"@type\":\"BreadcrumbList\",\"@id\":\"https:\\\/\\\/cinema.video\\\/it\\\/cine-a-riccione-il-cinema-che-verra#breadcrumb\",\"itemListElement\":[{\"@type\":\"ListItem\",\"position\":1,\"name\":\"Home\",\"item\":\"https:\\\/\\\/cinema.video\\\/it\\\/home-2\"},{\"@type\":\"ListItem\",\"position\":2,\"name\":\"CINE&#8217; A Riccione il cinema che verr\u00e0\"}]},{\"@type\":\"WebSite\",\"@id\":\"https:\\\/\\\/cinema.video\\\/it#website\",\"url\":\"https:\\\/\\\/cinema.video\\\/it\",\"name\":\"Cinema & Video International\",\"description\":\"Film &amp; Audiovisual Industry Trade Magazine\",\"publisher\":{\"@id\":\"https:\\\/\\\/cinema.video\\\/it#organization\"},\"alternateName\":\"Cinema & Video\",\"potentialAction\":[{\"@type\":\"SearchAction\",\"target\":{\"@type\":\"EntryPoint\",\"urlTemplate\":\"https:\\\/\\\/cinema.video\\\/it?s={search_term_string}\"},\"query-input\":{\"@type\":\"PropertyValueSpecification\",\"valueRequired\":true,\"valueName\":\"search_term_string\"}}],\"inLanguage\":\"it-IT\"},{\"@type\":\"Organization\",\"@id\":\"https:\\\/\\\/cinema.video\\\/it#organization\",\"name\":\"Cinema & Video\",\"url\":\"https:\\\/\\\/cinema.video\\\/it\",\"logo\":{\"@type\":\"ImageObject\",\"inLanguage\":\"it-IT\",\"@id\":\"https:\\\/\\\/cinema.video\\\/it#\\\/schema\\\/logo\\\/image\\\/\",\"url\":\"https:\\\/\\\/cinema.video\\\/wp-content\\\/uploads\\\/2026\\\/04\\\/CinemVideo_LogoBlack.png\",\"contentUrl\":\"https:\\\/\\\/cinema.video\\\/wp-content\\\/uploads\\\/2026\\\/04\\\/CinemVideo_LogoBlack.png\",\"width\":1336,\"height\":224,\"caption\":\"Cinema & Video\"},\"image\":{\"@id\":\"https:\\\/\\\/cinema.video\\\/it#\\\/schema\\\/logo\\\/image\\\/\"},\"sameAs\":[\"https:\\\/\\\/www.facebook.com\\\/CinemaVideoInternational\\\/\",\"https:\\\/\\\/www.instagram.com\\\/cinemaevideointernational\\\/\",\"https:\\\/\\\/it.linkedin.com\\\/company\\\/cinema-video-international\"],\"description\":\"Media Consulting & Marketing Agency\",\"email\":\"hello@darostudio.com\",\"legalName\":\"DARO studio LLC\",\"foundingDate\":\"2021-02-16\",\"numberOfEmployees\":{\"@type\":\"QuantitativeValue\",\"minValue\":\"1\",\"maxValue\":\"10\"}},{\"@type\":\"Person\",\"@id\":\"https:\\\/\\\/cinema.video\\\/it#\\\/schema\\\/person\\\/aeb01b91d874e8b01e76a1db04c668c6\",\"name\":\"Redazione\",\"image\":{\"@type\":\"ImageObject\",\"inLanguage\":\"it-IT\",\"@id\":\"https:\\\/\\\/secure.gravatar.com\\\/avatar\\\/06ad6f92eb14745b75fb592cadf8139d33242d81c9c8b085133c450aaf0b9731?s=96&d=mm&r=g\",\"url\":\"https:\\\/\\\/secure.gravatar.com\\\/avatar\\\/06ad6f92eb14745b75fb592cadf8139d33242d81c9c8b085133c450aaf0b9731?s=96&d=mm&r=g\",\"contentUrl\":\"https:\\\/\\\/secure.gravatar.com\\\/avatar\\\/06ad6f92eb14745b75fb592cadf8139d33242d81c9c8b085133c450aaf0b9731?s=96&d=mm&r=g\",\"caption\":\"Redazione\"},\"url\":\"https:\\\/\\\/cinema.video\\\/it\\\/author\\\/redazione\"}]}<\/script>\n<!-- \/ Yoast SEO Premium plugin. -->","yoast_head_json":{"title":"CINE' A Riccione il cinema che verr\u00e0 - Cinema &amp; Video International","description":"CINE' A Riccione il cinema che verr\u00e0 \u2013 cine a riccione il cinema che. Al via marted\u00ec 4 luglio la XII edizione di&nbsp;Cin\u00e9 - Giornate di Cinema, la manife","robots":{"index":"index","follow":"follow","max-snippet":"max-snippet:-1","max-image-preview":"max-image-preview:large","max-video-preview":"max-video-preview:-1"},"canonical":"https:\/\/cinema.video\/it\/cine-a-riccione-il-cinema-che-verra","og_locale":"it_IT","og_type":"article","og_title":"CINE' A Riccione il cinema che verr\u00e0","og_description":"CINE' A Riccione il cinema che verr\u00e0 \u2013 cine a riccione il cinema che. Al via marted\u00ec 4 luglio la XII edizione di&nbsp;Cin\u00e9 - Giornate di Cinema, la manife","og_url":"https:\/\/cinema.video\/it\/cine-a-riccione-il-cinema-che-verra","og_site_name":"Cinema &amp; Video International","article_publisher":"https:\/\/www.facebook.com\/CinemaVideoInternational\/","article_published_time":"2023-07-01T09:18:02+00:00","article_modified_time":"2026-04-10T02:01:50+00:00","og_image":[{"width":569,"height":384,"url":"https:\/\/cinema.video\/wp-content\/uploads\/2023\/07\/CINE-2023-ORIZZONTALE-890x500-1-e1688210158854.png","type":"image\/png"}],"author":"Redazione","twitter_card":"summary_large_image","twitter_misc":{"Scritto da":"Redazione","Tempo di lettura stimato":"3 minuti"},"schema":{"@context":"https:\/\/schema.org","@graph":[{"@type":"Article","@id":"https:\/\/cinema.video\/it\/cine-a-riccione-il-cinema-che-verra#article","isPartOf":{"@id":"https:\/\/cinema.video\/it\/cine-a-riccione-il-cinema-che-verra"},"author":{"name":"Redazione","@id":"https:\/\/cinema.video\/it#\/schema\/person\/aeb01b91d874e8b01e76a1db04c668c6"},"headline":"CINE&#8217; A Riccione il cinema che verr\u00e0","datePublished":"2023-07-01T09:18:02+00:00","dateModified":"2026-04-10T02:01:50+00:00","mainEntityOfPage":{"@id":"https:\/\/cinema.video\/it\/cine-a-riccione-il-cinema-che-verra"},"wordCount":405,"publisher":{"@id":"https:\/\/cinema.video\/it#organization"},"image":{"@id":"https:\/\/cinema.video\/it\/cine-a-riccione-il-cinema-che-verra#primaryimage"},"thumbnailUrl":"https:\/\/cinema.video\/wp-content\/uploads\/2023\/07\/CINE-2023-ORIZZONTALE-890x500-1-e1688210158854.png","keywords":["EMILIA ROMAGNA FILM COMMISSION","THEATERS"],"articleSection":{"1":"THEATERS"},"inLanguage":"it-IT"},{"@type":"WebPage","@id":"https:\/\/cinema.video\/it\/cine-a-riccione-il-cinema-che-verra","url":"https:\/\/cinema.video\/it\/cine-a-riccione-il-cinema-che-verra","name":"CINE' A Riccione il cinema che verr\u00e0 - Cinema &amp; Video International","isPartOf":{"@id":"https:\/\/cinema.video\/it#website"},"primaryImageOfPage":{"@id":"https:\/\/cinema.video\/it\/cine-a-riccione-il-cinema-che-verra#primaryimage"},"image":{"@id":"https:\/\/cinema.video\/it\/cine-a-riccione-il-cinema-che-verra#primaryimage"},"thumbnailUrl":"https:\/\/cinema.video\/wp-content\/uploads\/2023\/07\/CINE-2023-ORIZZONTALE-890x500-1-e1688210158854.png","datePublished":"2023-07-01T09:18:02+00:00","dateModified":"2026-04-10T02:01:50+00:00","description":"CINE' A Riccione il cinema che verr\u00e0 \u2013 cine a riccione il cinema che. Al via marted\u00ec 4 luglio la XII edizione di&nbsp;Cin\u00e9 - Giornate di Cinema, la manife","breadcrumb":{"@id":"https:\/\/cinema.video\/it\/cine-a-riccione-il-cinema-che-verra#breadcrumb"},"inLanguage":"it-IT","potentialAction":[{"@type":"ReadAction","target":["https:\/\/cinema.video\/it\/cine-a-riccione-il-cinema-che-verra"]}]},{"@type":"ImageObject","inLanguage":"it-IT","@id":"https:\/\/cinema.video\/it\/cine-a-riccione-il-cinema-che-verra#primaryimage","url":"https:\/\/cinema.video\/wp-content\/uploads\/2023\/07\/CINE-2023-ORIZZONTALE-890x500-1-e1688210158854.png","contentUrl":"https:\/\/cinema.video\/wp-content\/uploads\/2023\/07\/CINE-2023-ORIZZONTALE-890x500-1-e1688210158854.png","width":569,"height":384},{"@type":"BreadcrumbList","@id":"https:\/\/cinema.video\/it\/cine-a-riccione-il-cinema-che-verra#breadcrumb","itemListElement":[{"@type":"ListItem","position":1,"name":"Home","item":"https:\/\/cinema.video\/it\/home-2"},{"@type":"ListItem","position":2,"name":"CINE&#8217; A Riccione il cinema che verr\u00e0"}]},{"@type":"WebSite","@id":"https:\/\/cinema.video\/it#website","url":"https:\/\/cinema.video\/it","name":"Cinema & Video International","description":"Film &amp; Audiovisual Industry Trade Magazine","publisher":{"@id":"https:\/\/cinema.video\/it#organization"},"alternateName":"Cinema & Video","potentialAction":[{"@type":"SearchAction","target":{"@type":"EntryPoint","urlTemplate":"https:\/\/cinema.video\/it?s={search_term_string}"},"query-input":{"@type":"PropertyValueSpecification","valueRequired":true,"valueName":"search_term_string"}}],"inLanguage":"it-IT"},{"@type":"Organization","@id":"https:\/\/cinema.video\/it#organization","name":"Cinema & Video","url":"https:\/\/cinema.video\/it","logo":{"@type":"ImageObject","inLanguage":"it-IT","@id":"https:\/\/cinema.video\/it#\/schema\/logo\/image\/","url":"https:\/\/cinema.video\/wp-content\/uploads\/2026\/04\/CinemVideo_LogoBlack.png","contentUrl":"https:\/\/cinema.video\/wp-content\/uploads\/2026\/04\/CinemVideo_LogoBlack.png","width":1336,"height":224,"caption":"Cinema & Video"},"image":{"@id":"https:\/\/cinema.video\/it#\/schema\/logo\/image\/"},"sameAs":["https:\/\/www.facebook.com\/CinemaVideoInternational\/","https:\/\/www.instagram.com\/cinemaevideointernational\/","https:\/\/it.linkedin.com\/company\/cinema-video-international"],"description":"Media Consulting & Marketing Agency","email":"hello@darostudio.com","legalName":"DARO studio LLC","foundingDate":"2021-02-16","numberOfEmployees":{"@type":"QuantitativeValue","minValue":"1","maxValue":"10"}},{"@type":"Person","@id":"https:\/\/cinema.video\/it#\/schema\/person\/aeb01b91d874e8b01e76a1db04c668c6","name":"Redazione","image":{"@type":"ImageObject","inLanguage":"it-IT","@id":"https:\/\/secure.gravatar.com\/avatar\/06ad6f92eb14745b75fb592cadf8139d33242d81c9c8b085133c450aaf0b9731?s=96&d=mm&r=g","url":"https:\/\/secure.gravatar.com\/avatar\/06ad6f92eb14745b75fb592cadf8139d33242d81c9c8b085133c450aaf0b9731?s=96&d=mm&r=g","contentUrl":"https:\/\/secure.gravatar.com\/avatar\/06ad6f92eb14745b75fb592cadf8139d33242d81c9c8b085133c450aaf0b9731?s=96&d=mm&r=g","caption":"Redazione"},"url":"https:\/\/cinema.video\/it\/author\/redazione"}]}},"jetpack_featured_media_url":"https:\/\/cinema.video\/wp-content\/uploads\/2023\/07\/CINE-2023-ORIZZONTALE-890x500-1-e1688210158854.png","jetpack_shortlink":"https:\/\/wp.me\/ph672m-1eGF","_links":{"self":[{"href":"https:\/\/cinema.video\/it\/wp-json\/wp\/v2\/posts\/294789","targetHints":{"allow":["GET"]}}],"collection":[{"href":"https:\/\/cinema.video\/it\/wp-json\/wp\/v2\/posts"}],"about":[{"href":"https:\/\/cinema.video\/it\/wp-json\/wp\/v2\/types\/post"}],"author":[{"embeddable":true,"href":"https:\/\/cinema.video\/it\/wp-json\/wp\/v2\/users\/26"}],"replies":[{"embeddable":true,"href":"https:\/\/cinema.video\/it\/wp-json\/wp\/v2\/comments?post=294789"}],"version-history":[{"count":2,"href":"https:\/\/cinema.video\/it\/wp-json\/wp\/v2\/posts\/294789\/revisions"}],"predecessor-version":[{"id":309032,"href":"https:\/\/cinema.video\/it\/wp-json\/wp\/v2\/posts\/294789\/revisions\/309032"}],"wp:featuredmedia":[{"embeddable":true,"href":"https:\/\/cinema.video\/it\/wp-json\/wp\/v2\/media\/294804"}],"wp:attachment":[{"href":"https:\/\/cinema.video\/it\/wp-json\/wp\/v2\/media?parent=294789"}],"wp:term":[{"taxonomy":"category","embeddable":true,"href":"https:\/\/cinema.video\/it\/wp-json\/wp\/v2\/categories?post=294789"},{"taxonomy":"post_tag","embeddable":true,"href":"https:\/\/cinema.video\/it\/wp-json\/wp\/v2\/tags?post=294789"}],"curies":[{"name":"wp","href":"https:\/\/api.w.org\/{rel}","templated":true}]}}