{"id":294375,"date":"2023-05-26T16:37:39","date_gmt":"2023-05-26T14:37:39","guid":{"rendered":"https:\/\/cinema.video\/?p=294375"},"modified":"2026-04-10T04:01:17","modified_gmt":"2026-04-10T02:01:17","slug":"la-residance-laura-samani-a-lavoro-sullopera-seconda","status":"publish","type":"post","link":"https:\/\/cinema.video\/it\/la-residance-laura-samani-a-lavoro-sullopera-seconda","title":{"rendered":"LA R\u00c9SIDANCE Laura Samani a lavoro sull&#8217;opera seconda"},"content":{"rendered":"\n<p class=\"wp-block-paragraph\">Sei mesi di convivenza in un appartamento di Parigi, lezioni di francese, possibilit\u00e0 di andare al cinema gratuitamente e una borsa di studio per dedicarsi alla scrittura del primo o secondo film. &nbsp;Questa \u00e8 l\u2019opportunit\u00e0 offerta dalla prestigiosa <strong>R\u00e9sidence<\/strong><strong> del Festival di Cannes<\/strong>, (gi\u00e0 Cinefondation, e adesso rinnovata sotto la guida di <strong>St\u00e9phanie Lamome<\/strong>). I beneficiari sono sei promettenti registi provenienti da tutto il mondo: fra questi, nella prima R\u00e9sidence di quest\u2019anno, che va da marzo a luglio, c\u2019\u00e8 anche <strong>Laura Samani<\/strong>, regista triestina la cui opera prima, <em>Piccolo Corpo<\/em>, che \u00e8 stata presentata in anteprima a La Semaine de la Critique di Cannes nel 2021 ha vinto il David di Donatello come miglior film d\u2019esordio e il Discovery Prix Fipresci agli European Film Awards 2022 (leggi qui), ed \u00e8 stato dichiarato Film dell\u2019Anno dal Sindacato Nazionale dei Critici Cinematografici Italiani.<\/p>\n\n\n\n<p class=\"wp-block-paragraph\">All\u2019interno della R\u00e9sidence, Samani sta sviluppando il suo secondo lungometraggio dal titolo provvisorio <strong><em>Un anno di scuola<\/em><\/strong>, un coming of age ambientato  a Trieste, che ripercorre, appunto, l\u2019ultimo anno di scuola di un gruppo di amici. Una coproduzione italo francese fra <strong>Nefertiti e Tomsa<\/strong><\/p>\n\n\n\n<p class=\"wp-block-paragraph\">L\u2019abbiamo incontrata a Cannes una delle due \u2018uscite fuori porta\u2019 in programma (la seconda sar\u00e0 al Festival di Locarno)<\/p>\n\n\n\n<p class=\"wp-block-paragraph\"><strong><em>Come funziona la residenza e qual \u00e8 stato fino ad ora il valore aggiunto che ha portato al tuo progetto?<\/em><\/strong><br>L\u2019unicit\u00e0 di questo progetto \u00e8 che i sei registi selezionati convivono nello stesso appartamento per cinque mesi, e ognuno occupa una stanza dove ci sono i nomi di chi l\u2019ha abitata nelle edizioni precedenti: una sorta di passaggio di testimone che trovo molto tenero. &nbsp;&nbsp;E\u2019 una specie di Erasmus del cinema, dove ognuno lavora sul proprio progetto in autogestione di tempo ed energie, ma all\u2019interno di un approccio laboratoriale, che prevede delle sessioni collettive, a distanza di un mese e mezzo l\u2019una dall\u2019altra, in cui leggiamo i progetti degli altri e ci diamo dei feedback, sotto la guida di una script doctor,<strong> Anne Ciennik<\/strong><\/p>\n\n\n\n<p class=\"wp-block-paragraph\">Ascoltare le restituzioni di persone con background e provenienze cos\u00ec diverse \u00e8 molto utile per testare i limiti di universalit\u00e0 del tuo progetto. Nel caso del mio film, ad esempio, i modi di essere adolescenti e anche l\u2019organizzazione e il funzionamento della scuola superiore, cambiano molto da paese a paese. La sfida \u00e8 quella di riuscire a mantenere il <em>core<\/em> del tuo progetto, rendendolo per\u00f2 emozionalmente rilevante anche per gli altri paesi.<\/p>\n\n\n\n<figure class=\"wp-block-image size-large\"><img loading=\"lazy\" decoding=\"async\" width=\"1024\" height=\"682\" src=\"https:\/\/cinema.video\/wp-content\/uploads\/2023\/05\/PHOTO-2023-05-23-16-42-07-1024x682.jpg\" alt=\"\" class=\"wp-image-294382\"\/><\/figure>\n\n\n\n<p class=\"wp-block-paragraph\">Laura Samani \u00e8 l\u2019unica del gruppo all\u2019opera seconda, tutti gli altri devono ancora esordire con il lungometraggio, e nel passaggio dal corto al lungo, dice la regista, &#8220;il vero banco di prova \u00e8 proprio la scrittura. Ma tutti hanno una poetica gi\u00e0 definita  ed un curriculum di tutto rispetto.\u201d <br>Sono: la regista cinese residente a Hong Kong <strong>Tang Yi<\/strong>, che nel 2021 ha vinto la Palma d\u2019Oro con il suo secondo corto <em>All the crows in the World; <\/em>il regista filippino <strong>Don Josephus Raphael Eblahan<\/strong>, vincitore del Grand Premio della Giuria al Sundance 2022 con il corto <em>The Headhunter\u2019s Daughter<\/em>; <strong>Diana Mashanova<\/strong>, di origine buriaza, che in realt\u00e0 ha gi\u00e0 girato il suo primo lungometraggio, che ha anche prodotto con la sua Local Cinema, ed \u00e8 in fase di post-produzione. Anche il regista iraniano <strong>Mohammadreza Mayghani<\/strong> produce i suoi film con la sua Menisn Film Studios. Il suo corto <em>Orthodontics<\/em> \u00e8 stato in Selezione Ufficiale a Cannes nel 2021. L\u2019egiziano <strong>Morad Mostafa<\/strong>, il cui quarto film corto \u00e8 in selezione a <em>La Semaine de la Critique, <\/em>\u00e8 arrivato a La R\u00e9sidence con il suo lungometraggio <em>Aisha can\u2019t fly away anymore<\/em>, gi\u00e0 passato dal Torino Film Lab, dal Red Sea Lodge e dal Rotterdam Lab.<\/p>\n\n\n\n<p class=\"wp-block-paragraph\"><strong><em>Com\u2019\u00e8 nata l\u2019idea di questo tuo secondo film che sembra cos\u00ec lontano da<\/em> <em>Piccolo Corpo<\/em>?<\/strong><br>In realt\u00e0 la necessit\u00e0 di questo film \u00e8 nata da una parte di <em>Piccolo Corpo<\/em>, quella che sembrava pi\u00f9 accessoria, in cui Agata e Lince stanno da soli nel bosco: anche se l\u2019azione si sgonfia , dal punto di vista drammaturgico, \u00e8 qui che succede tutto dal punto di vista della costruzione del rapporto fra loro due. Mi ha molto intrigato questa idea della prossimit\u00e0 silenziosa, e ho deciso di lavorarci: sar\u00e0 un film low concept, mentre il precedente era un high concept anche se, per cos\u00ec dire, piuttosto \u2018camuffato\u2019.<\/p>\n\n\n\n<p class=\"wp-block-paragraph\"><strong><em>A che punto \u00e8 lo sviluppo?<\/em><\/strong><br>Il nostro obiettivo \u00e8 quello di arrivare alla fine de La R\u00e9sidence con la sceneggiatura definitiva. Nel frattempo stiamo iniziando il finanziamento e la pre-produzione: abbiamo <strong>Rai Cinema <\/strong>gi\u00e0 a bordo, con un finanziamento per lo sviluppo, e il prossimo mese applichiamo al fondo della <strong>Friuli Venezia Giulia Film Commission<\/strong>.<\/p>\n\n\n\n<p class=\"wp-block-paragraph\"><strong><em>Cosa prevedeva il programma di queste giornate cannensi?<\/em><\/strong><br>Abbiamo fatto il primo e unico pitch di presentazione dei progetti davanti ad una platea di produttori francesi, e degli incontri molto belli con potenziali compositori e compositrici di musica. Siamo stati invitati alla cena d\u2019apertura del Festival e abbiamo fatto una presentazione sul tappeto rosso con un photo-call. Poi, naturalmente, ognuno ha seguito i suoi impegni, io ad esempio, ho fatto alcuni incontri assieme alla produttrice del film, Nadia Trevisan.<\/p>\n","protected":false},"excerpt":{"rendered":"<p>Intervista a Laura Samani, una dei sei registi internazionali selezionati per la prestigiosa R\u00e9sidence del Festival di Cannes, dove ha lavorato sul suo film, opera seconda<\/p>\n","protected":false},"author":2,"featured_media":294383,"comment_status":"closed","ping_status":"closed","sticky":false,"template":"","format":"standard","meta":{"googlesitekit_rrm_CAow3e7fCw:productID":"","_crdt_document":"","footnotes":""},"categories":[1],"tags":[356,491,1181],"class_list":{"0":"post-294375","1":"post","2":"type-post","3":"status-publish","4":"format-standard","5":"has-post-thumbnail","7":"category-senza-categoria","8":"tag-focus","9":"tag-friuli-venezia-giulia-film-commission","10":"tag-la-residence-de-cannes"},"yoast_head":"<!-- This site is optimized with the Yoast SEO Premium plugin v27.4 (Yoast SEO v27.5) - https:\/\/yoast.com\/product\/yoast-seo-premium-wordpress\/ -->\n<title>LA R\u00c9SIDANCE Laura Samani a lavoro sull&#039;opera seconda - Cinema &amp; Video International<\/title>\n<meta name=\"description\" content=\"LA R\u00c9SIDANCE Laura Samani a lavoro sull&#039;opera seconda \u2013 la rsidance laura samani a lavoro. Sei mesi di convivenza in un appartamento di Parigi, lezioni di\" \/>\n<meta name=\"robots\" content=\"index, follow, max-snippet:-1, max-image-preview:large, max-video-preview:-1\" \/>\n<link rel=\"canonical\" href=\"https:\/\/cinema.video\/it\/la-residance-laura-samani-a-lavoro-sullopera-seconda\" \/>\n<meta property=\"og:locale\" content=\"it_IT\" \/>\n<meta property=\"og:type\" content=\"article\" \/>\n<meta property=\"og:title\" content=\"LA R\u00c9SIDANCE Laura Samani a lavoro sull&#039;opera seconda\" \/>\n<meta property=\"og:description\" content=\"LA R\u00c9SIDANCE Laura Samani a lavoro sull&#039;opera seconda \u2013 la rsidance laura samani a lavoro. Sei mesi di convivenza in un appartamento di Parigi, lezioni di\" \/>\n<meta property=\"og:url\" content=\"https:\/\/cinema.video\/it\/la-residance-laura-samani-a-lavoro-sullopera-seconda\" \/>\n<meta property=\"og:site_name\" content=\"Cinema &amp; Video International\" \/>\n<meta property=\"article:publisher\" content=\"https:\/\/www.facebook.com\/CinemaVideoInternational\/\" \/>\n<meta property=\"article:published_time\" content=\"2023-05-26T14:37:39+00:00\" \/>\n<meta property=\"article:modified_time\" content=\"2026-04-10T02:01:17+00:00\" \/>\n<meta property=\"og:image\" content=\"https:\/\/cinema.video\/wp-content\/uploads\/2023\/05\/812773_011-laura-web-e1685102237861.jpeg\" \/>\n\t<meta property=\"og:image:width\" content=\"800\" \/>\n\t<meta property=\"og:image:height\" content=\"355\" \/>\n\t<meta property=\"og:image:type\" content=\"image\/jpeg\" \/>\n<meta name=\"author\" content=\"Carolina Mancini\" \/>\n<meta name=\"twitter:card\" content=\"summary_large_image\" \/>\n<meta name=\"twitter:label1\" content=\"Scritto da\" \/>\n\t<meta name=\"twitter:data1\" content=\"Carolina Mancini\" \/>\n\t<meta name=\"twitter:label2\" content=\"Tempo di lettura stimato\" \/>\n\t<meta name=\"twitter:data2\" content=\"5 minuti\" \/>\n<script type=\"application\/ld+json\" class=\"yoast-schema-graph\">{\"@context\":\"https:\\\/\\\/schema.org\",\"@graph\":[{\"@type\":\"Article\",\"@id\":\"https:\\\/\\\/cinema.video\\\/it\\\/la-residance-laura-samani-a-lavoro-sullopera-seconda#article\",\"isPartOf\":{\"@id\":\"https:\\\/\\\/cinema.video\\\/it\\\/la-residance-laura-samani-a-lavoro-sullopera-seconda\"},\"author\":{\"name\":\"Carolina Mancini\",\"@id\":\"https:\\\/\\\/cinema.video\\\/it#\\\/schema\\\/person\\\/d5479fad8d0f2360000eb4aab6bb6e5d\"},\"headline\":\"LA R\u00c9SIDANCE Laura Samani a lavoro sull&#8217;opera seconda\",\"datePublished\":\"2023-05-26T14:37:39+00:00\",\"dateModified\":\"2026-04-10T02:01:17+00:00\",\"mainEntityOfPage\":{\"@id\":\"https:\\\/\\\/cinema.video\\\/it\\\/la-residance-laura-samani-a-lavoro-sullopera-seconda\"},\"wordCount\":862,\"publisher\":{\"@id\":\"https:\\\/\\\/cinema.video\\\/it#organization\"},\"image\":{\"@id\":\"https:\\\/\\\/cinema.video\\\/it\\\/la-residance-laura-samani-a-lavoro-sullopera-seconda#primaryimage\"},\"thumbnailUrl\":\"https:\\\/\\\/cinema.video\\\/wp-content\\\/uploads\\\/2023\\\/05\\\/812773_011-laura-web-e1685102237861.jpeg\",\"keywords\":[\"focus\",\"FRIULI VENEZIA GIULIA FILM COMMISSION\",\"La R\u00e9sidence de Cannes\"],\"inLanguage\":\"it-IT\"},{\"@type\":\"WebPage\",\"@id\":\"https:\\\/\\\/cinema.video\\\/it\\\/la-residance-laura-samani-a-lavoro-sullopera-seconda\",\"url\":\"https:\\\/\\\/cinema.video\\\/it\\\/la-residance-laura-samani-a-lavoro-sullopera-seconda\",\"name\":\"LA R\u00c9SIDANCE Laura Samani a lavoro sull'opera seconda - Cinema &amp; Video International\",\"isPartOf\":{\"@id\":\"https:\\\/\\\/cinema.video\\\/it#website\"},\"primaryImageOfPage\":{\"@id\":\"https:\\\/\\\/cinema.video\\\/it\\\/la-residance-laura-samani-a-lavoro-sullopera-seconda#primaryimage\"},\"image\":{\"@id\":\"https:\\\/\\\/cinema.video\\\/it\\\/la-residance-laura-samani-a-lavoro-sullopera-seconda#primaryimage\"},\"thumbnailUrl\":\"https:\\\/\\\/cinema.video\\\/wp-content\\\/uploads\\\/2023\\\/05\\\/812773_011-laura-web-e1685102237861.jpeg\",\"datePublished\":\"2023-05-26T14:37:39+00:00\",\"dateModified\":\"2026-04-10T02:01:17+00:00\",\"description\":\"LA R\u00c9SIDANCE Laura Samani a lavoro sull'opera seconda \u2013 la rsidance laura samani a lavoro. Sei mesi di convivenza in un appartamento di Parigi, lezioni di\",\"breadcrumb\":{\"@id\":\"https:\\\/\\\/cinema.video\\\/it\\\/la-residance-laura-samani-a-lavoro-sullopera-seconda#breadcrumb\"},\"inLanguage\":\"it-IT\",\"potentialAction\":[{\"@type\":\"ReadAction\",\"target\":[\"https:\\\/\\\/cinema.video\\\/it\\\/la-residance-laura-samani-a-lavoro-sullopera-seconda\"]}]},{\"@type\":\"ImageObject\",\"inLanguage\":\"it-IT\",\"@id\":\"https:\\\/\\\/cinema.video\\\/it\\\/la-residance-laura-samani-a-lavoro-sullopera-seconda#primaryimage\",\"url\":\"https:\\\/\\\/cinema.video\\\/wp-content\\\/uploads\\\/2023\\\/05\\\/812773_011-laura-web-e1685102237861.jpeg\",\"contentUrl\":\"https:\\\/\\\/cinema.video\\\/wp-content\\\/uploads\\\/2023\\\/05\\\/812773_011-laura-web-e1685102237861.jpeg\",\"width\":800,\"height\":355},{\"@type\":\"BreadcrumbList\",\"@id\":\"https:\\\/\\\/cinema.video\\\/it\\\/la-residance-laura-samani-a-lavoro-sullopera-seconda#breadcrumb\",\"itemListElement\":[{\"@type\":\"ListItem\",\"position\":1,\"name\":\"Home\",\"item\":\"https:\\\/\\\/cinema.video\\\/it\\\/home-2\"},{\"@type\":\"ListItem\",\"position\":2,\"name\":\"LA R\u00c9SIDANCE Laura Samani a lavoro sull&#8217;opera seconda\"}]},{\"@type\":\"WebSite\",\"@id\":\"https:\\\/\\\/cinema.video\\\/it#website\",\"url\":\"https:\\\/\\\/cinema.video\\\/it\",\"name\":\"Cinema & Video International\",\"description\":\"Film &amp; Audiovisual Industry Trade Magazine\",\"publisher\":{\"@id\":\"https:\\\/\\\/cinema.video\\\/it#organization\"},\"alternateName\":\"Cinema & Video\",\"potentialAction\":[{\"@type\":\"SearchAction\",\"target\":{\"@type\":\"EntryPoint\",\"urlTemplate\":\"https:\\\/\\\/cinema.video\\\/it?s={search_term_string}\"},\"query-input\":{\"@type\":\"PropertyValueSpecification\",\"valueRequired\":true,\"valueName\":\"search_term_string\"}}],\"inLanguage\":\"it-IT\"},{\"@type\":\"Organization\",\"@id\":\"https:\\\/\\\/cinema.video\\\/it#organization\",\"name\":\"Cinema & Video\",\"url\":\"https:\\\/\\\/cinema.video\\\/it\",\"logo\":{\"@type\":\"ImageObject\",\"inLanguage\":\"it-IT\",\"@id\":\"https:\\\/\\\/cinema.video\\\/it#\\\/schema\\\/logo\\\/image\\\/\",\"url\":\"https:\\\/\\\/cinema.video\\\/wp-content\\\/uploads\\\/2026\\\/04\\\/CinemVideo_LogoBlack.png\",\"contentUrl\":\"https:\\\/\\\/cinema.video\\\/wp-content\\\/uploads\\\/2026\\\/04\\\/CinemVideo_LogoBlack.png\",\"width\":1336,\"height\":224,\"caption\":\"Cinema & Video\"},\"image\":{\"@id\":\"https:\\\/\\\/cinema.video\\\/it#\\\/schema\\\/logo\\\/image\\\/\"},\"sameAs\":[\"https:\\\/\\\/www.facebook.com\\\/CinemaVideoInternational\\\/\",\"https:\\\/\\\/www.instagram.com\\\/cinemaevideointernational\\\/\",\"https:\\\/\\\/it.linkedin.com\\\/company\\\/cinema-video-international\"],\"description\":\"Media Consulting & Marketing Agency\",\"email\":\"hello@darostudio.com\",\"legalName\":\"DARO studio LLC\",\"foundingDate\":\"2021-02-16\",\"numberOfEmployees\":{\"@type\":\"QuantitativeValue\",\"minValue\":\"1\",\"maxValue\":\"10\"}},{\"@type\":\"Person\",\"@id\":\"https:\\\/\\\/cinema.video\\\/it#\\\/schema\\\/person\\\/d5479fad8d0f2360000eb4aab6bb6e5d\",\"name\":\"Carolina Mancini\",\"image\":{\"@type\":\"ImageObject\",\"inLanguage\":\"it-IT\",\"@id\":\"https:\\\/\\\/secure.gravatar.com\\\/avatar\\\/d4758965c5e8730dbaaa7131a628547771a26c1e5bf14fe323d96f8246a62baf?s=96&d=mm&r=g\",\"url\":\"https:\\\/\\\/secure.gravatar.com\\\/avatar\\\/d4758965c5e8730dbaaa7131a628547771a26c1e5bf14fe323d96f8246a62baf?s=96&d=mm&r=g\",\"contentUrl\":\"https:\\\/\\\/secure.gravatar.com\\\/avatar\\\/d4758965c5e8730dbaaa7131a628547771a26c1e5bf14fe323d96f8246a62baf?s=96&d=mm&r=g\",\"caption\":\"Carolina Mancini\"},\"url\":\"https:\\\/\\\/cinema.video\\\/it\\\/author\\\/carolin\"}]}<\/script>\n<!-- \/ Yoast SEO Premium plugin. -->","yoast_head_json":{"title":"LA R\u00c9SIDANCE Laura Samani a lavoro sull'opera seconda - Cinema &amp; Video International","description":"LA R\u00c9SIDANCE Laura Samani a lavoro sull'opera seconda \u2013 la rsidance laura samani a lavoro. Sei mesi di convivenza in un appartamento di Parigi, lezioni di","robots":{"index":"index","follow":"follow","max-snippet":"max-snippet:-1","max-image-preview":"max-image-preview:large","max-video-preview":"max-video-preview:-1"},"canonical":"https:\/\/cinema.video\/it\/la-residance-laura-samani-a-lavoro-sullopera-seconda","og_locale":"it_IT","og_type":"article","og_title":"LA R\u00c9SIDANCE Laura Samani a lavoro sull'opera seconda","og_description":"LA R\u00c9SIDANCE Laura Samani a lavoro sull'opera seconda \u2013 la rsidance laura samani a lavoro. Sei mesi di convivenza in un appartamento di Parigi, lezioni di","og_url":"https:\/\/cinema.video\/it\/la-residance-laura-samani-a-lavoro-sullopera-seconda","og_site_name":"Cinema &amp; Video International","article_publisher":"https:\/\/www.facebook.com\/CinemaVideoInternational\/","article_published_time":"2023-05-26T14:37:39+00:00","article_modified_time":"2026-04-10T02:01:17+00:00","og_image":[{"width":800,"height":355,"url":"https:\/\/cinema.video\/wp-content\/uploads\/2023\/05\/812773_011-laura-web-e1685102237861.jpeg","type":"image\/jpeg"}],"author":"Carolina Mancini","twitter_card":"summary_large_image","twitter_misc":{"Scritto da":"Carolina Mancini","Tempo di lettura stimato":"5 minuti"},"schema":{"@context":"https:\/\/schema.org","@graph":[{"@type":"Article","@id":"https:\/\/cinema.video\/it\/la-residance-laura-samani-a-lavoro-sullopera-seconda#article","isPartOf":{"@id":"https:\/\/cinema.video\/it\/la-residance-laura-samani-a-lavoro-sullopera-seconda"},"author":{"name":"Carolina Mancini","@id":"https:\/\/cinema.video\/it#\/schema\/person\/d5479fad8d0f2360000eb4aab6bb6e5d"},"headline":"LA R\u00c9SIDANCE Laura Samani a lavoro sull&#8217;opera seconda","datePublished":"2023-05-26T14:37:39+00:00","dateModified":"2026-04-10T02:01:17+00:00","mainEntityOfPage":{"@id":"https:\/\/cinema.video\/it\/la-residance-laura-samani-a-lavoro-sullopera-seconda"},"wordCount":862,"publisher":{"@id":"https:\/\/cinema.video\/it#organization"},"image":{"@id":"https:\/\/cinema.video\/it\/la-residance-laura-samani-a-lavoro-sullopera-seconda#primaryimage"},"thumbnailUrl":"https:\/\/cinema.video\/wp-content\/uploads\/2023\/05\/812773_011-laura-web-e1685102237861.jpeg","keywords":["focus","FRIULI VENEZIA GIULIA FILM COMMISSION","La R\u00e9sidence de Cannes"],"inLanguage":"it-IT"},{"@type":"WebPage","@id":"https:\/\/cinema.video\/it\/la-residance-laura-samani-a-lavoro-sullopera-seconda","url":"https:\/\/cinema.video\/it\/la-residance-laura-samani-a-lavoro-sullopera-seconda","name":"LA R\u00c9SIDANCE Laura Samani a lavoro sull'opera seconda - Cinema &amp; Video International","isPartOf":{"@id":"https:\/\/cinema.video\/it#website"},"primaryImageOfPage":{"@id":"https:\/\/cinema.video\/it\/la-residance-laura-samani-a-lavoro-sullopera-seconda#primaryimage"},"image":{"@id":"https:\/\/cinema.video\/it\/la-residance-laura-samani-a-lavoro-sullopera-seconda#primaryimage"},"thumbnailUrl":"https:\/\/cinema.video\/wp-content\/uploads\/2023\/05\/812773_011-laura-web-e1685102237861.jpeg","datePublished":"2023-05-26T14:37:39+00:00","dateModified":"2026-04-10T02:01:17+00:00","description":"LA R\u00c9SIDANCE Laura Samani a lavoro sull'opera seconda \u2013 la rsidance laura samani a lavoro. Sei mesi di convivenza in un appartamento di Parigi, lezioni di","breadcrumb":{"@id":"https:\/\/cinema.video\/it\/la-residance-laura-samani-a-lavoro-sullopera-seconda#breadcrumb"},"inLanguage":"it-IT","potentialAction":[{"@type":"ReadAction","target":["https:\/\/cinema.video\/it\/la-residance-laura-samani-a-lavoro-sullopera-seconda"]}]},{"@type":"ImageObject","inLanguage":"it-IT","@id":"https:\/\/cinema.video\/it\/la-residance-laura-samani-a-lavoro-sullopera-seconda#primaryimage","url":"https:\/\/cinema.video\/wp-content\/uploads\/2023\/05\/812773_011-laura-web-e1685102237861.jpeg","contentUrl":"https:\/\/cinema.video\/wp-content\/uploads\/2023\/05\/812773_011-laura-web-e1685102237861.jpeg","width":800,"height":355},{"@type":"BreadcrumbList","@id":"https:\/\/cinema.video\/it\/la-residance-laura-samani-a-lavoro-sullopera-seconda#breadcrumb","itemListElement":[{"@type":"ListItem","position":1,"name":"Home","item":"https:\/\/cinema.video\/it\/home-2"},{"@type":"ListItem","position":2,"name":"LA R\u00c9SIDANCE Laura Samani a lavoro sull&#8217;opera seconda"}]},{"@type":"WebSite","@id":"https:\/\/cinema.video\/it#website","url":"https:\/\/cinema.video\/it","name":"Cinema & Video International","description":"Film &amp; Audiovisual Industry Trade Magazine","publisher":{"@id":"https:\/\/cinema.video\/it#organization"},"alternateName":"Cinema & Video","potentialAction":[{"@type":"SearchAction","target":{"@type":"EntryPoint","urlTemplate":"https:\/\/cinema.video\/it?s={search_term_string}"},"query-input":{"@type":"PropertyValueSpecification","valueRequired":true,"valueName":"search_term_string"}}],"inLanguage":"it-IT"},{"@type":"Organization","@id":"https:\/\/cinema.video\/it#organization","name":"Cinema & Video","url":"https:\/\/cinema.video\/it","logo":{"@type":"ImageObject","inLanguage":"it-IT","@id":"https:\/\/cinema.video\/it#\/schema\/logo\/image\/","url":"https:\/\/cinema.video\/wp-content\/uploads\/2026\/04\/CinemVideo_LogoBlack.png","contentUrl":"https:\/\/cinema.video\/wp-content\/uploads\/2026\/04\/CinemVideo_LogoBlack.png","width":1336,"height":224,"caption":"Cinema & Video"},"image":{"@id":"https:\/\/cinema.video\/it#\/schema\/logo\/image\/"},"sameAs":["https:\/\/www.facebook.com\/CinemaVideoInternational\/","https:\/\/www.instagram.com\/cinemaevideointernational\/","https:\/\/it.linkedin.com\/company\/cinema-video-international"],"description":"Media Consulting & Marketing Agency","email":"hello@darostudio.com","legalName":"DARO studio LLC","foundingDate":"2021-02-16","numberOfEmployees":{"@type":"QuantitativeValue","minValue":"1","maxValue":"10"}},{"@type":"Person","@id":"https:\/\/cinema.video\/it#\/schema\/person\/d5479fad8d0f2360000eb4aab6bb6e5d","name":"Carolina Mancini","image":{"@type":"ImageObject","inLanguage":"it-IT","@id":"https:\/\/secure.gravatar.com\/avatar\/d4758965c5e8730dbaaa7131a628547771a26c1e5bf14fe323d96f8246a62baf?s=96&d=mm&r=g","url":"https:\/\/secure.gravatar.com\/avatar\/d4758965c5e8730dbaaa7131a628547771a26c1e5bf14fe323d96f8246a62baf?s=96&d=mm&r=g","contentUrl":"https:\/\/secure.gravatar.com\/avatar\/d4758965c5e8730dbaaa7131a628547771a26c1e5bf14fe323d96f8246a62baf?s=96&d=mm&r=g","caption":"Carolina Mancini"},"url":"https:\/\/cinema.video\/it\/author\/carolin"}]}},"jetpack_featured_media_url":"https:\/\/cinema.video\/wp-content\/uploads\/2023\/05\/812773_011-laura-web-e1685102237861.jpeg","jetpack_shortlink":"https:\/\/wp.me\/ph672m-1ezZ","_links":{"self":[{"href":"https:\/\/cinema.video\/it\/wp-json\/wp\/v2\/posts\/294375","targetHints":{"allow":["GET"]}}],"collection":[{"href":"https:\/\/cinema.video\/it\/wp-json\/wp\/v2\/posts"}],"about":[{"href":"https:\/\/cinema.video\/it\/wp-json\/wp\/v2\/types\/post"}],"author":[{"embeddable":true,"href":"https:\/\/cinema.video\/it\/wp-json\/wp\/v2\/users\/2"}],"replies":[{"embeddable":true,"href":"https:\/\/cinema.video\/it\/wp-json\/wp\/v2\/comments?post=294375"}],"version-history":[{"count":1,"href":"https:\/\/cinema.video\/it\/wp-json\/wp\/v2\/posts\/294375\/revisions"}],"predecessor-version":[{"id":308986,"href":"https:\/\/cinema.video\/it\/wp-json\/wp\/v2\/posts\/294375\/revisions\/308986"}],"wp:featuredmedia":[{"embeddable":true,"href":"https:\/\/cinema.video\/it\/wp-json\/wp\/v2\/media\/294383"}],"wp:attachment":[{"href":"https:\/\/cinema.video\/it\/wp-json\/wp\/v2\/media?parent=294375"}],"wp:term":[{"taxonomy":"category","embeddable":true,"href":"https:\/\/cinema.video\/it\/wp-json\/wp\/v2\/categories?post=294375"},{"taxonomy":"post_tag","embeddable":true,"href":"https:\/\/cinema.video\/it\/wp-json\/wp\/v2\/tags?post=294375"}],"curies":[{"name":"wp","href":"https:\/\/api.w.org\/{rel}","templated":true}]}}