{"id":294282,"date":"2023-05-19T23:40:21","date_gmt":"2023-05-19T21:40:21","guid":{"rendered":"https:\/\/cinema.video\/?p=294282"},"modified":"2026-04-10T04:01:12","modified_gmt":"2026-04-10T02:01:12","slug":"piemonte-film-network-a-cannes-il-sistema-cinema-piemontese","status":"publish","type":"post","link":"https:\/\/cinema.video\/it\/piemonte-film-network-a-cannes-il-sistema-cinema-piemontese","title":{"rendered":"PIEMONTE FILM NETWORK A Cannes il sistema cinema piemontese"},"content":{"rendered":"\n<p class=\"wp-block-paragraph\"><strong>Piemonte Film Tv Fund<\/strong> con risorse triplicate (12 milioni di Euro nel triennio 2023-2025), <strong>T<\/strong><strong>orinoFilmLab <\/strong>che compie 15 anni, il nuovo <strong>Piemonte Film TV Development Fund<\/strong> sostenuto per la prima volta anche da <strong>Fondazione Compagnia di San Paolo<\/strong>, e infine le date della 6^&nbsp; edizione di<strong> TFI Film Industry<\/strong>.<\/p>\n\n\n\n<p class=\"wp-block-paragraph\">Tutto questo, sotto l\u2019ombrello di <strong>Piemonte Film Network<\/strong>, \u00e8 stato presentato oggi a Cannes, nel Padiglione Italiano dell\u2019Hotel Majestic, agli operatori internazionali, in un evento organizzato da <strong>Film Commission Torino Piemonte<\/strong> e <strong>Museo Nazionale del Cinema \u2013 TorinoFilmLab<\/strong>, alla presenza dell\u2019Assessore al bilancio della <strong>Regione Piemonte<\/strong> <strong>Andrea Tronzano<\/strong>, di <strong>Matteo Bagnasco<\/strong> di <strong>Fondazione<\/strong> <strong>Compagnia di San Paolo<\/strong>, e di <strong>Mattia <\/strong><strong>Puleo<\/strong> della <strong>CNA <\/strong><strong>Cinema &amp; Audiovisivo <\/strong><strong>Piemonte<\/strong> .<\/p>\n\n\n\n<p class=\"wp-block-paragraph\"><strong>Piemonte Film Tv Fund <\/strong>a partire da quest\u2019anno e per il prossimo triennio, aumenta la propria dotazione passando da 1.5 a 4 milioni di euro l\u2019anno, aprendosi anche al cinema d\u2019animazione, grazie al coinvolgimento di <em>Film Commission Torino Piemonte <\/em>e dei produttori aderenti alle associazioni di categoria CNA Cinema e Audiovisivo Piemonte e Cartoon Italia.<\/p>\n\n\n\n<p class=\"wp-block-paragraph\">Novit\u00e0 anche per il <strong>Piemonte Film TV Development Fund, <\/strong>che nel biennio 23-24 godr\u00e0 del sostegno progettuale e economico della Fondazione Compagnia di San Paolo nell\u2019ambito di un accordo con Regione Piemonte e Film Commission Torino Piemonte.<\/p>\n\n\n\n<p class=\"wp-block-paragraph\">Festa grande per<strong> TorinoFilmLab<\/strong>, laboratorio del Museo Nazionale del Cinema nato proprio sulla Croisette nel 2008: in 15 anni 1.360 professionisti hanno partecipato ai percorsi del TFL con 570 progetti, di cui 171 si sono concretizzati in film e serie scelti dai pi\u00f9 importanti festival e broadcaster al mondo. Il TFL \u00e8 anche dispositivo di finanziamento, con pi\u00f9 di 6.300.000 euro elargiti per la produzione e la distribuzione, oltre che un hub di innovazione grazie a iniziative che anticipano le esigenze del settore, come Green Film Lab.<\/p>\n\n\n\n<p class=\"wp-block-paragraph\">Torna a novembre, infine, dal 23 al 29, per la sua sesta edizione, il <strong>TFI Torino Film Industry<\/strong> anima <em>work &amp; business<\/em> del Torino Film Festival, l\u2019appuntamento industry promosso e coordinato da Film Commission Torino Piemonte e realizzato in collaborazione con TFL Italia e Talents &amp; Short Film Market.<\/p>\n\n\n\n<p class=\"wp-block-paragraph\">Orgogliosi il presidente di Film Commission Torino Piemonte <strong>Beatrice Borgia<\/strong> e il direttore <strong>Paolo Manera<\/strong> per aver collaborato alla realizzazione di questo evento che \u201ccrediamo rappresenti appieno la concreta sinergia tra enti e istituzioni pubbliche e private del tessuto piemontese\u201d. Un momento importante per presentare a livello internazionale i molti volti del \u201cPiemonte Film Network\u201d.<\/p>\n","protected":false},"excerpt":{"rendered":"<p>Piemonte Film Tv Fund con risorse triplicate (12 milioni di Euro nel triennio 2023-2025), TorinoFilmLab che compie 15 anni, il nuovo Piemonte Film TV Development Fund sostenuto per la prima volta anche da Fondazione Compagnia di San Paolo, e infine le date della 6^&nbsp; edizione di TFI Film Industry. Tutto questo, sotto l\u2019ombrello di Piemonte [&hellip;]<\/p>\n","protected":false},"author":26,"featured_media":294285,"comment_status":"closed","ping_status":"closed","sticky":false,"template":"","format":"standard","meta":{"googlesitekit_rrm_CAow3e7fCw:productID":"","_wpcom_ai_launchpad_first_post":false,"footnotes":"","jetpack_post_was_ever_published":false},"categories":[1],"tags":[417,493],"class_list":["post-294282","post","type-post","status-publish","format-standard","has-post-thumbnail","category-senza-categoria","tag-film-commission-torino-piemonte","tag-torino-film-festival"],"yoast_head":"<!-- This site is optimized with the Yoast SEO Premium plugin v28.3 (Yoast SEO v28.3) - https:\/\/yoast.com\/product\/yoast-seo-premium-wordpress\/ -->\n<title>PIEMONTE FILM NETWORK A Cannes il sistema cinema piemontese - Cinema &amp; Video International<\/title>\n<meta name=\"description\" content=\"PIEMONTE FILM NETWORK A Cannes il sistema cinema piemontese \u2013 piemonte film network a cannes il. Piemonte Film Tv Fund con risorse triplicate (12 milioni\" \/>\n<meta name=\"robots\" content=\"index, follow, max-snippet:-1, max-image-preview:large, max-video-preview:-1\" \/>\n<link rel=\"canonical\" href=\"https:\/\/cinema.video\/it\/piemonte-film-network-a-cannes-il-sistema-cinema-piemontese\" \/>\n<meta property=\"og:locale\" content=\"it_IT\" \/>\n<meta property=\"og:type\" content=\"article\" \/>\n<meta property=\"og:title\" content=\"PIEMONTE FILM NETWORK A Cannes il sistema cinema piemontese\" \/>\n<meta property=\"og:description\" content=\"PIEMONTE FILM NETWORK A Cannes il sistema cinema piemontese \u2013 piemonte film network a cannes il. Piemonte Film Tv Fund con risorse triplicate (12 milioni\" \/>\n<meta property=\"og:url\" content=\"https:\/\/cinema.video\/it\/piemonte-film-network-a-cannes-il-sistema-cinema-piemontese\" \/>\n<meta property=\"og:site_name\" content=\"Cinema &amp; Video International\" \/>\n<meta property=\"article:publisher\" content=\"https:\/\/www.facebook.com\/CinemaVideoInternational\/\" \/>\n<meta property=\"article:published_time\" content=\"2023-05-19T21:40:21+00:00\" \/>\n<meta property=\"article:modified_time\" content=\"2026-04-10T02:01:12+00:00\" \/>\n<meta property=\"og:image\" content=\"https:\/\/cinema.video\/wp-content\/uploads\/2023\/05\/Cannes_PiemonteFilmNetwork_Nella-foto-da-sinistra-Mercedes-Fernandez-Alonso-con-Matteo-Bagnasco-Dietro-Domenico-de-Gaetano-Beatrice-Bor.jpeg\" \/>\n\t<meta property=\"og:image:width\" content=\"1199\" \/>\n\t<meta property=\"og:image:height\" content=\"1081\" \/>\n\t<meta property=\"og:image:type\" content=\"image\/jpeg\" \/>\n<meta name=\"author\" content=\"Editorial\" \/>\n<meta name=\"twitter:card\" content=\"summary_large_image\" \/>\n<meta name=\"twitter:label1\" content=\"Scritto da\" \/>\n\t<meta name=\"twitter:data1\" content=\"Editorial\" \/>\n<script type=\"application\/ld+json\" class=\"yoast-schema-graph\">{\"@context\":\"https:\\\/\\\/schema.org\",\"@graph\":[{\"@type\":\"Article\",\"@id\":\"https:\\\/\\\/cinema.video\\\/it\\\/piemonte-film-network-a-cannes-il-sistema-cinema-piemontese#article\",\"isPartOf\":{\"@id\":\"https:\\\/\\\/cinema.video\\\/it\\\/piemonte-film-network-a-cannes-il-sistema-cinema-piemontese\"},\"author\":{\"name\":\"Editorial\",\"@id\":\"https:\\\/\\\/cinema.video\\\/it#\\\/schema\\\/person\\\/aeb01b91d874e8b01e76a1db04c668c6\"},\"headline\":\"PIEMONTE FILM NETWORK A Cannes il sistema cinema piemontese\",\"datePublished\":\"2023-05-19T21:40:21+00:00\",\"dateModified\":\"2026-04-10T02:01:12+00:00\",\"mainEntityOfPage\":{\"@id\":\"https:\\\/\\\/cinema.video\\\/it\\\/piemonte-film-network-a-cannes-il-sistema-cinema-piemontese\"},\"wordCount\":402,\"publisher\":{\"@id\":\"https:\\\/\\\/cinema.video\\\/it#organization\"},\"image\":{\"@id\":\"https:\\\/\\\/cinema.video\\\/it\\\/piemonte-film-network-a-cannes-il-sistema-cinema-piemontese#primaryimage\"},\"thumbnailUrl\":\"https:\\\/\\\/cinema.video\\\/wp-content\\\/uploads\\\/2023\\\/05\\\/Cannes_PiemonteFilmNetwork_Nella-foto-da-sinistra-Mercedes-Fernandez-Alonso-con-Matteo-Bagnasco-Dietro-Domenico-de-Gaetano-Beatrice-Bor.jpeg\",\"keywords\":[\"FILM COMMISSION TORINO PIEMONTE\",\"TORINO FILM FESTIVAL\"],\"inLanguage\":\"it-IT\"},{\"@type\":\"WebPage\",\"@id\":\"https:\\\/\\\/cinema.video\\\/it\\\/piemonte-film-network-a-cannes-il-sistema-cinema-piemontese\",\"url\":\"https:\\\/\\\/cinema.video\\\/it\\\/piemonte-film-network-a-cannes-il-sistema-cinema-piemontese\",\"name\":\"PIEMONTE FILM NETWORK A Cannes il sistema cinema piemontese - Cinema &amp; Video International\",\"isPartOf\":{\"@id\":\"https:\\\/\\\/cinema.video\\\/it#website\"},\"primaryImageOfPage\":{\"@id\":\"https:\\\/\\\/cinema.video\\\/it\\\/piemonte-film-network-a-cannes-il-sistema-cinema-piemontese#primaryimage\"},\"image\":{\"@id\":\"https:\\\/\\\/cinema.video\\\/it\\\/piemonte-film-network-a-cannes-il-sistema-cinema-piemontese#primaryimage\"},\"thumbnailUrl\":\"https:\\\/\\\/cinema.video\\\/wp-content\\\/uploads\\\/2023\\\/05\\\/Cannes_PiemonteFilmNetwork_Nella-foto-da-sinistra-Mercedes-Fernandez-Alonso-con-Matteo-Bagnasco-Dietro-Domenico-de-Gaetano-Beatrice-Bor.jpeg\",\"datePublished\":\"2023-05-19T21:40:21+00:00\",\"dateModified\":\"2026-04-10T02:01:12+00:00\",\"description\":\"PIEMONTE FILM NETWORK A Cannes il sistema cinema piemontese \u2013 piemonte film network a cannes il. Piemonte Film Tv Fund con risorse triplicate (12 milioni\",\"breadcrumb\":{\"@id\":\"https:\\\/\\\/cinema.video\\\/it\\\/piemonte-film-network-a-cannes-il-sistema-cinema-piemontese#breadcrumb\"},\"inLanguage\":\"it-IT\",\"potentialAction\":[{\"@type\":\"ReadAction\",\"target\":[\"https:\\\/\\\/cinema.video\\\/it\\\/piemonte-film-network-a-cannes-il-sistema-cinema-piemontese\"]}]},{\"@type\":\"ImageObject\",\"inLanguage\":\"it-IT\",\"@id\":\"https:\\\/\\\/cinema.video\\\/it\\\/piemonte-film-network-a-cannes-il-sistema-cinema-piemontese#primaryimage\",\"url\":\"https:\\\/\\\/cinema.video\\\/wp-content\\\/uploads\\\/2023\\\/05\\\/Cannes_PiemonteFilmNetwork_Nella-foto-da-sinistra-Mercedes-Fernandez-Alonso-con-Matteo-Bagnasco-Dietro-Domenico-de-Gaetano-Beatrice-Bor.jpeg\",\"contentUrl\":\"https:\\\/\\\/cinema.video\\\/wp-content\\\/uploads\\\/2023\\\/05\\\/Cannes_PiemonteFilmNetwork_Nella-foto-da-sinistra-Mercedes-Fernandez-Alonso-con-Matteo-Bagnasco-Dietro-Domenico-de-Gaetano-Beatrice-Bor.jpeg\",\"width\":1199,\"height\":1081},{\"@type\":\"BreadcrumbList\",\"@id\":\"https:\\\/\\\/cinema.video\\\/it\\\/piemonte-film-network-a-cannes-il-sistema-cinema-piemontese#breadcrumb\",\"itemListElement\":[{\"@type\":\"ListItem\",\"position\":1,\"name\":\"Home\",\"item\":\"https:\\\/\\\/cinema.video\\\/it\"},{\"@type\":\"ListItem\",\"position\":2,\"name\":\"PIEMONTE FILM NETWORK A Cannes il sistema cinema piemontese\"}]},{\"@type\":\"WebSite\",\"@id\":\"https:\\\/\\\/cinema.video\\\/it#website\",\"url\":\"https:\\\/\\\/cinema.video\\\/it\",\"name\":\"Cinema & Video International\",\"description\":\"Film &amp; Audiovisual B2B Industry Trade Platform Magazine\",\"publisher\":{\"@id\":\"https:\\\/\\\/cinema.video\\\/it#organization\"},\"alternateName\":\"Cinema & Video\",\"potentialAction\":[{\"@type\":\"SearchAction\",\"target\":{\"@type\":\"EntryPoint\",\"urlTemplate\":\"https:\\\/\\\/cinema.video\\\/it?s={search_term_string}\"},\"query-input\":{\"@type\":\"PropertyValueSpecification\",\"valueRequired\":true,\"valueName\":\"search_term_string\"}}],\"inLanguage\":\"it-IT\"},{\"@type\":\"Organization\",\"@id\":\"https:\\\/\\\/cinema.video\\\/it#organization\",\"name\":\"Cinema & Video\",\"url\":\"https:\\\/\\\/cinema.video\\\/it\",\"logo\":{\"@type\":\"ImageObject\",\"inLanguage\":\"it-IT\",\"@id\":\"https:\\\/\\\/cinema.video\\\/it#\\\/schema\\\/logo\\\/image\\\/\",\"url\":\"https:\\\/\\\/cinema.video\\\/wp-content\\\/uploads\\\/2026\\\/04\\\/CinemVideo_LogoBlack.png\",\"contentUrl\":\"https:\\\/\\\/cinema.video\\\/wp-content\\\/uploads\\\/2026\\\/04\\\/CinemVideo_LogoBlack.png\",\"width\":1336,\"height\":224,\"caption\":\"Cinema & Video\"},\"image\":{\"@id\":\"https:\\\/\\\/cinema.video\\\/it#\\\/schema\\\/logo\\\/image\\\/\"},\"sameAs\":[\"https:\\\/\\\/www.facebook.com\\\/CinemaVideoInternational\\\/\",\"https:\\\/\\\/www.instagram.com\\\/cinemaevideointernational\\\/\",\"https:\\\/\\\/it.linkedin.com\\\/company\\\/cinema-video-international\"],\"description\":\"Media Consulting & Marketing Agency\",\"email\":\"hello@darostudio.com\",\"legalName\":\"DARO studio LLC\",\"foundingDate\":\"2021-02-16\",\"numberOfEmployees\":{\"@type\":\"QuantitativeValue\",\"minValue\":\"1\",\"maxValue\":\"10\"},\"publishingPrinciples\":\"https:\\\/\\\/cinema.video\\\/about\"},{\"@type\":\"Person\",\"@id\":\"https:\\\/\\\/cinema.video\\\/it#\\\/schema\\\/person\\\/aeb01b91d874e8b01e76a1db04c668c6\",\"name\":\"Editorial\",\"image\":{\"@type\":\"ImageObject\",\"inLanguage\":\"it-IT\",\"@id\":\"https:\\\/\\\/secure.gravatar.com\\\/avatar\\\/06ad6f92eb14745b75fb592cadf8139d33242d81c9c8b085133c450aaf0b9731?s=96&d=mm&r=g\",\"url\":\"https:\\\/\\\/secure.gravatar.com\\\/avatar\\\/06ad6f92eb14745b75fb592cadf8139d33242d81c9c8b085133c450aaf0b9731?s=96&d=mm&r=g\",\"contentUrl\":\"https:\\\/\\\/secure.gravatar.com\\\/avatar\\\/06ad6f92eb14745b75fb592cadf8139d33242d81c9c8b085133c450aaf0b9731?s=96&d=mm&r=g\",\"caption\":\"Editorial\"},\"url\":\"https:\\\/\\\/cinema.video\\\/it\\\/author\\\/redazione\"}]}<\/script>\n<!-- \/ Yoast SEO Premium plugin. -->","yoast_head_json":{"title":"PIEMONTE FILM NETWORK A Cannes il sistema cinema piemontese - Cinema &amp; Video International","description":"PIEMONTE FILM NETWORK A Cannes il sistema cinema piemontese \u2013 piemonte film network a cannes il. Piemonte Film Tv Fund con risorse triplicate (12 milioni","robots":{"index":"index","follow":"follow","max-snippet":"max-snippet:-1","max-image-preview":"max-image-preview:large","max-video-preview":"max-video-preview:-1"},"canonical":"https:\/\/cinema.video\/it\/piemonte-film-network-a-cannes-il-sistema-cinema-piemontese","og_locale":"it_IT","og_type":"article","og_title":"PIEMONTE FILM NETWORK A Cannes il sistema cinema piemontese","og_description":"PIEMONTE FILM NETWORK A Cannes il sistema cinema piemontese \u2013 piemonte film network a cannes il. Piemonte Film Tv Fund con risorse triplicate (12 milioni","og_url":"https:\/\/cinema.video\/it\/piemonte-film-network-a-cannes-il-sistema-cinema-piemontese","og_site_name":"Cinema &amp; Video International","article_publisher":"https:\/\/www.facebook.com\/CinemaVideoInternational\/","article_published_time":"2023-05-19T21:40:21+00:00","article_modified_time":"2026-04-10T02:01:12+00:00","og_image":[{"width":1199,"height":1081,"url":"https:\/\/cinema.video\/wp-content\/uploads\/2023\/05\/Cannes_PiemonteFilmNetwork_Nella-foto-da-sinistra-Mercedes-Fernandez-Alonso-con-Matteo-Bagnasco-Dietro-Domenico-de-Gaetano-Beatrice-Bor.jpeg","type":"image\/jpeg"}],"author":"Editorial","twitter_card":"summary_large_image","twitter_misc":{"Scritto da":"Editorial"},"schema":{"@context":"https:\/\/schema.org","@graph":[{"@type":"Article","@id":"https:\/\/cinema.video\/it\/piemonte-film-network-a-cannes-il-sistema-cinema-piemontese#article","isPartOf":{"@id":"https:\/\/cinema.video\/it\/piemonte-film-network-a-cannes-il-sistema-cinema-piemontese"},"author":{"name":"Editorial","@id":"https:\/\/cinema.video\/it#\/schema\/person\/aeb01b91d874e8b01e76a1db04c668c6"},"headline":"PIEMONTE FILM NETWORK A Cannes il sistema cinema piemontese","datePublished":"2023-05-19T21:40:21+00:00","dateModified":"2026-04-10T02:01:12+00:00","mainEntityOfPage":{"@id":"https:\/\/cinema.video\/it\/piemonte-film-network-a-cannes-il-sistema-cinema-piemontese"},"wordCount":402,"publisher":{"@id":"https:\/\/cinema.video\/it#organization"},"image":{"@id":"https:\/\/cinema.video\/it\/piemonte-film-network-a-cannes-il-sistema-cinema-piemontese#primaryimage"},"thumbnailUrl":"https:\/\/cinema.video\/wp-content\/uploads\/2023\/05\/Cannes_PiemonteFilmNetwork_Nella-foto-da-sinistra-Mercedes-Fernandez-Alonso-con-Matteo-Bagnasco-Dietro-Domenico-de-Gaetano-Beatrice-Bor.jpeg","keywords":["FILM COMMISSION TORINO PIEMONTE","TORINO FILM FESTIVAL"],"inLanguage":"it-IT"},{"@type":"WebPage","@id":"https:\/\/cinema.video\/it\/piemonte-film-network-a-cannes-il-sistema-cinema-piemontese","url":"https:\/\/cinema.video\/it\/piemonte-film-network-a-cannes-il-sistema-cinema-piemontese","name":"PIEMONTE FILM NETWORK A Cannes il sistema cinema piemontese - Cinema &amp; Video International","isPartOf":{"@id":"https:\/\/cinema.video\/it#website"},"primaryImageOfPage":{"@id":"https:\/\/cinema.video\/it\/piemonte-film-network-a-cannes-il-sistema-cinema-piemontese#primaryimage"},"image":{"@id":"https:\/\/cinema.video\/it\/piemonte-film-network-a-cannes-il-sistema-cinema-piemontese#primaryimage"},"thumbnailUrl":"https:\/\/cinema.video\/wp-content\/uploads\/2023\/05\/Cannes_PiemonteFilmNetwork_Nella-foto-da-sinistra-Mercedes-Fernandez-Alonso-con-Matteo-Bagnasco-Dietro-Domenico-de-Gaetano-Beatrice-Bor.jpeg","datePublished":"2023-05-19T21:40:21+00:00","dateModified":"2026-04-10T02:01:12+00:00","description":"PIEMONTE FILM NETWORK A Cannes il sistema cinema piemontese \u2013 piemonte film network a cannes il. Piemonte Film Tv Fund con risorse triplicate (12 milioni","breadcrumb":{"@id":"https:\/\/cinema.video\/it\/piemonte-film-network-a-cannes-il-sistema-cinema-piemontese#breadcrumb"},"inLanguage":"it-IT","potentialAction":[{"@type":"ReadAction","target":["https:\/\/cinema.video\/it\/piemonte-film-network-a-cannes-il-sistema-cinema-piemontese"]}]},{"@type":"ImageObject","inLanguage":"it-IT","@id":"https:\/\/cinema.video\/it\/piemonte-film-network-a-cannes-il-sistema-cinema-piemontese#primaryimage","url":"https:\/\/cinema.video\/wp-content\/uploads\/2023\/05\/Cannes_PiemonteFilmNetwork_Nella-foto-da-sinistra-Mercedes-Fernandez-Alonso-con-Matteo-Bagnasco-Dietro-Domenico-de-Gaetano-Beatrice-Bor.jpeg","contentUrl":"https:\/\/cinema.video\/wp-content\/uploads\/2023\/05\/Cannes_PiemonteFilmNetwork_Nella-foto-da-sinistra-Mercedes-Fernandez-Alonso-con-Matteo-Bagnasco-Dietro-Domenico-de-Gaetano-Beatrice-Bor.jpeg","width":1199,"height":1081},{"@type":"BreadcrumbList","@id":"https:\/\/cinema.video\/it\/piemonte-film-network-a-cannes-il-sistema-cinema-piemontese#breadcrumb","itemListElement":[{"@type":"ListItem","position":1,"name":"Home","item":"https:\/\/cinema.video\/it"},{"@type":"ListItem","position":2,"name":"PIEMONTE FILM NETWORK A Cannes il sistema cinema piemontese"}]},{"@type":"WebSite","@id":"https:\/\/cinema.video\/it#website","url":"https:\/\/cinema.video\/it","name":"Cinema & Video International","description":"Film &amp; Audiovisual B2B Industry Trade Platform Magazine","publisher":{"@id":"https:\/\/cinema.video\/it#organization"},"alternateName":"Cinema & Video","potentialAction":[{"@type":"SearchAction","target":{"@type":"EntryPoint","urlTemplate":"https:\/\/cinema.video\/it?s={search_term_string}"},"query-input":{"@type":"PropertyValueSpecification","valueRequired":true,"valueName":"search_term_string"}}],"inLanguage":"it-IT"},{"@type":"Organization","@id":"https:\/\/cinema.video\/it#organization","name":"Cinema & Video","url":"https:\/\/cinema.video\/it","logo":{"@type":"ImageObject","inLanguage":"it-IT","@id":"https:\/\/cinema.video\/it#\/schema\/logo\/image\/","url":"https:\/\/cinema.video\/wp-content\/uploads\/2026\/04\/CinemVideo_LogoBlack.png","contentUrl":"https:\/\/cinema.video\/wp-content\/uploads\/2026\/04\/CinemVideo_LogoBlack.png","width":1336,"height":224,"caption":"Cinema & Video"},"image":{"@id":"https:\/\/cinema.video\/it#\/schema\/logo\/image\/"},"sameAs":["https:\/\/www.facebook.com\/CinemaVideoInternational\/","https:\/\/www.instagram.com\/cinemaevideointernational\/","https:\/\/it.linkedin.com\/company\/cinema-video-international"],"description":"Media Consulting & Marketing Agency","email":"hello@darostudio.com","legalName":"DARO studio LLC","foundingDate":"2021-02-16","numberOfEmployees":{"@type":"QuantitativeValue","minValue":"1","maxValue":"10"},"publishingPrinciples":"https:\/\/cinema.video\/about"},{"@type":"Person","@id":"https:\/\/cinema.video\/it#\/schema\/person\/aeb01b91d874e8b01e76a1db04c668c6","name":"Editorial","image":{"@type":"ImageObject","inLanguage":"it-IT","@id":"https:\/\/secure.gravatar.com\/avatar\/06ad6f92eb14745b75fb592cadf8139d33242d81c9c8b085133c450aaf0b9731?s=96&d=mm&r=g","url":"https:\/\/secure.gravatar.com\/avatar\/06ad6f92eb14745b75fb592cadf8139d33242d81c9c8b085133c450aaf0b9731?s=96&d=mm&r=g","contentUrl":"https:\/\/secure.gravatar.com\/avatar\/06ad6f92eb14745b75fb592cadf8139d33242d81c9c8b085133c450aaf0b9731?s=96&d=mm&r=g","caption":"Editorial"},"url":"https:\/\/cinema.video\/it\/author\/redazione"}]}},"jetpack_shortlink":"https:\/\/wp.me\/ph672m-1eyu","jetpack_featured_media_url":"https:\/\/cinema.video\/wp-content\/uploads\/2023\/05\/Cannes_PiemonteFilmNetwork_Nella-foto-da-sinistra-Mercedes-Fernandez-Alonso-con-Matteo-Bagnasco-Dietro-Domenico-de-Gaetano-Beatrice-Bor.jpeg","_links":{"self":[{"href":"https:\/\/cinema.video\/it\/wp-json\/wp\/v2\/posts\/294282","targetHints":{"allow":["GET"]}}],"collection":[{"href":"https:\/\/cinema.video\/it\/wp-json\/wp\/v2\/posts"}],"about":[{"href":"https:\/\/cinema.video\/it\/wp-json\/wp\/v2\/types\/post"}],"author":[{"embeddable":true,"href":"https:\/\/cinema.video\/it\/wp-json\/wp\/v2\/users\/26"}],"replies":[{"embeddable":true,"href":"https:\/\/cinema.video\/it\/wp-json\/wp\/v2\/comments?post=294282"}],"version-history":[{"count":1,"href":"https:\/\/cinema.video\/it\/wp-json\/wp\/v2\/posts\/294282\/revisions"}],"predecessor-version":[{"id":308975,"href":"https:\/\/cinema.video\/it\/wp-json\/wp\/v2\/posts\/294282\/revisions\/308975"}],"wp:featuredmedia":[{"embeddable":true,"href":"https:\/\/cinema.video\/it\/wp-json\/wp\/v2\/media\/294285"}],"wp:attachment":[{"href":"https:\/\/cinema.video\/it\/wp-json\/wp\/v2\/media?parent=294282"}],"wp:term":[{"taxonomy":"category","embeddable":true,"href":"https:\/\/cinema.video\/it\/wp-json\/wp\/v2\/categories?post=294282"},{"taxonomy":"post_tag","embeddable":true,"href":"https:\/\/cinema.video\/it\/wp-json\/wp\/v2\/tags?post=294282"}],"curies":[{"name":"wp","href":"https:\/\/api.w.org\/{rel}","templated":true}]}}