{"id":293988,"date":"2023-04-02T12:07:40","date_gmt":"2023-04-02T10:07:40","guid":{"rendered":"https:\/\/cinema.video\/?p=293988"},"modified":"2026-04-10T04:00:47","modified_gmt":"2026-04-10T02:00:47","slug":"cinecitta-torna-in-utile-con-un-anno-di-anticipo","status":"publish","type":"post","link":"https:\/\/cinema.video\/it\/cinecitta-torna-in-utile-con-un-anno-di-anticipo","title":{"rendered":"Cinecitt\u00e0 torna in utile con un anno di anticipo"},"content":{"rendered":"\n<p class=\"wp-block-paragraph\"><strong>Cinecitt\u00e0 SpA<\/strong> torna in utile con un anno d\u2019anticipo rispetto alle previsioni del piano industriale 2022-2026: nei giorni scorsi il Consiglio di Amministrazione della societ\u00e0 di via Tuscolana ha esaminato e approvato all\u2019unanimit\u00e0 il bilancio di esercizio 2022 con un risultato positivo ante imposte di 1,3 milioni di euro. Al netto delle tasse, il risultato positivo \u00e8 di 954mila euro cui si aggiunge un adeguamento delle imposte anticipate per circa 883mila euro che determinano cos\u00ec un utile netto di esercizio di oltre 1,8 milioni.<\/p>\n\n\n\n<p class=\"wp-block-paragraph\">Il risultato, sottolinea il comunicato di Cinecitt\u00e0, \u00e8 particolarmente positivo, in quanto si concretizza ancor prima dell\u2019espansione della capacit\u00e0 produttiva prevista grazie agli investimenti relativi al PNRR. Alla base della crescita ci sono: il rilancio industriale e commerciale, il potenziamento delle attivit\u00e0 di sviluppo di business, gli interventi di riqualifica degli spazi esistenti, la razionalizzazione e l\u2019efficientamento dei processi produttivi. Nel corso del 2022, infatti, le attivit\u00e0 industriali hanno registrato un fatturato di 39 milioni, pi\u00f9 che raddoppiato rispetto al 2021, da ricondursi alla piena occupazione degli spazi (oltre il 75% contro il 31% degli anni precedenti) e al forte incremento delle commesse per servizi di <em>art department<\/em> e costruzioni sceniche. &nbsp;<\/p>\n\n\n\n<p class=\"wp-block-paragraph\">Nel dettaglio, il fatturato registrato dalle aree industriali: area Teatri, Locali e Scenografie 34,5 milioni di euro di cui 19 milioni relativi all\u2019Art Department e alle Costruzioni Scene, Post-Produzione 3,6 milioni di euro, Cinecitt\u00e0 si Mostra 854 mila euro. Le aree istituzionali hanno riportato ricavi per 2,4 milioni di euro, derivanti in particolare dalla commercializzazione della library e dell\u2019Archivio Luce, con un buon miglioramento rispetto all\u2019esercizio 2021.&nbsp;<\/p>\n\n\n\n<p class=\"wp-block-paragraph\">Nel comunicato, inoltre, si rassicura che gli investimenti PNRR, fissati nel piano di sviluppo, procedono in linea con i programmi. \u00c8 stato raggiunto il primo target nazionale del 31\/12\/2022 per la pubblicazione delle gare per la costruzione dei nove teatri di posa (5 nuovi e 4 da ristrutturare) ed \u00e8 stata sottoscritta la Convenzione con la Direzione Generale Cinema e Audiovisivo che regola l\u2019attuazione del PNRR. Allo stesso tempo procede l\u2019operazione di acquisizione di parte del terreno adiacente il comprensorio di Cinecitt\u00e0 di propriet\u00e0 di Cassa Depositi e Prestiti, inserita nel PNRR, che \u00e8 in attesa di ricevere approvazione formale dall\u2019Assemblea dei Soci e dovrebbe concludersi entro il primo semestre del 2023.&nbsp;<\/p>\n","protected":false},"excerpt":{"rendered":"<p>Cinecitt\u00e0 SpA torna in utile con un anno d\u2019anticipo rispetto alle previsioni del piano industriale 2022-2026: nei giorni scorsi il Consiglio di Amministrazione della societ\u00e0 di via Tuscolana ha esaminato e approvato all\u2019unanimit\u00e0 il bilancio di esercizio 2022 con un risultato positivo ante imposte di 1,3 milioni di euro. Al netto delle tasse, il risultato [&hellip;]<\/p>\n","protected":false},"author":26,"featured_media":293990,"comment_status":"closed","ping_status":"closed","sticky":false,"template":"","format":"standard","meta":{"googlesitekit_rrm_CAow3e7fCw:productID":"","_wpcom_ai_launchpad_first_post":false,"footnotes":"","jetpack_post_was_ever_published":false},"categories":[198],"tags":[514],"class_list":["post-293988","post","type-post","status-publish","format-standard","has-post-thumbnail","category-industry","tag-cinecitta"],"yoast_head":"<!-- This site is optimized with the Yoast SEO Premium plugin v28.3 (Yoast SEO v28.3) - https:\/\/yoast.com\/product\/yoast-seo-premium-wordpress\/ -->\n<title>Cinecitt\u00e0 torna in utile con un anno di anticipo - Cinema &amp; Video International<\/title>\n<meta name=\"description\" content=\"Cinecitt\u00e0 torna in utile con un anno di anticipo \u2013 cinecitt torna in utile con un. Cinecitt\u00e0 SpA torna in utile con un anno d\u2019anticipo rispetto alle previ\" \/>\n<meta name=\"robots\" content=\"index, follow, max-snippet:-1, max-image-preview:large, max-video-preview:-1\" \/>\n<link rel=\"canonical\" href=\"https:\/\/cinema.video\/it\/cinecitta-torna-in-utile-con-un-anno-di-anticipo\" \/>\n<meta property=\"og:locale\" content=\"it_IT\" \/>\n<meta property=\"og:type\" content=\"article\" \/>\n<meta property=\"og:title\" content=\"Cinecitt\u00e0 torna in utile con un anno di anticipo\" \/>\n<meta property=\"og:description\" content=\"Cinecitt\u00e0 torna in utile con un anno di anticipo \u2013 cinecitt torna in utile con un. Cinecitt\u00e0 SpA torna in utile con un anno d\u2019anticipo rispetto alle previ\" \/>\n<meta property=\"og:url\" content=\"https:\/\/cinema.video\/it\/cinecitta-torna-in-utile-con-un-anno-di-anticipo\" \/>\n<meta property=\"og:site_name\" content=\"Cinema &amp; Video International\" \/>\n<meta property=\"article:publisher\" content=\"https:\/\/www.facebook.com\/CinemaVideoInternational\/\" \/>\n<meta property=\"article:published_time\" content=\"2023-04-02T10:07:40+00:00\" \/>\n<meta property=\"article:modified_time\" content=\"2026-04-10T02:00:47+00:00\" \/>\n<meta property=\"og:image\" content=\"https:\/\/cinema.video\/wp-content\/uploads\/2023\/04\/Entrata-CInecitta-scaled.jpg\" \/>\n\t<meta property=\"og:image:width\" content=\"2560\" \/>\n\t<meta property=\"og:image:height\" content=\"1707\" \/>\n\t<meta property=\"og:image:type\" content=\"image\/jpeg\" \/>\n<meta name=\"author\" content=\"Editorial\" \/>\n<meta name=\"twitter:card\" content=\"summary_large_image\" \/>\n<meta name=\"twitter:label1\" content=\"Scritto da\" \/>\n\t<meta name=\"twitter:data1\" content=\"Editorial\" \/>\n\t<meta name=\"twitter:label2\" content=\"Tempo di lettura stimato\" \/>\n\t<meta name=\"twitter:data2\" content=\"2 minuti\" \/>\n<script type=\"application\/ld+json\" class=\"yoast-schema-graph\">{\"@context\":\"https:\\\/\\\/schema.org\",\"@graph\":[{\"@type\":\"Article\",\"@id\":\"https:\\\/\\\/cinema.video\\\/it\\\/cinecitta-torna-in-utile-con-un-anno-di-anticipo#article\",\"isPartOf\":{\"@id\":\"https:\\\/\\\/cinema.video\\\/it\\\/cinecitta-torna-in-utile-con-un-anno-di-anticipo\"},\"author\":{\"name\":\"Editorial\",\"@id\":\"https:\\\/\\\/cinema.video\\\/it#\\\/schema\\\/person\\\/aeb01b91d874e8b01e76a1db04c668c6\"},\"headline\":\"Cinecitt\u00e0 torna in utile con un anno di anticipo\",\"datePublished\":\"2023-04-02T10:07:40+00:00\",\"dateModified\":\"2026-04-10T02:00:47+00:00\",\"mainEntityOfPage\":{\"@id\":\"https:\\\/\\\/cinema.video\\\/it\\\/cinecitta-torna-in-utile-con-un-anno-di-anticipo\"},\"wordCount\":373,\"publisher\":{\"@id\":\"https:\\\/\\\/cinema.video\\\/it#organization\"},\"image\":{\"@id\":\"https:\\\/\\\/cinema.video\\\/it\\\/cinecitta-torna-in-utile-con-un-anno-di-anticipo#primaryimage\"},\"thumbnailUrl\":\"https:\\\/\\\/cinema.video\\\/wp-content\\\/uploads\\\/2023\\\/04\\\/Entrata-CInecitta-scaled.jpg\",\"keywords\":[\"CINECITT\u00c0\"],\"articleSection\":[\"INDUSTRY\"],\"inLanguage\":\"it-IT\"},{\"@type\":\"WebPage\",\"@id\":\"https:\\\/\\\/cinema.video\\\/it\\\/cinecitta-torna-in-utile-con-un-anno-di-anticipo\",\"url\":\"https:\\\/\\\/cinema.video\\\/it\\\/cinecitta-torna-in-utile-con-un-anno-di-anticipo\",\"name\":\"Cinecitt\u00e0 torna in utile con un anno di anticipo - Cinema &amp; Video International\",\"isPartOf\":{\"@id\":\"https:\\\/\\\/cinema.video\\\/it#website\"},\"primaryImageOfPage\":{\"@id\":\"https:\\\/\\\/cinema.video\\\/it\\\/cinecitta-torna-in-utile-con-un-anno-di-anticipo#primaryimage\"},\"image\":{\"@id\":\"https:\\\/\\\/cinema.video\\\/it\\\/cinecitta-torna-in-utile-con-un-anno-di-anticipo#primaryimage\"},\"thumbnailUrl\":\"https:\\\/\\\/cinema.video\\\/wp-content\\\/uploads\\\/2023\\\/04\\\/Entrata-CInecitta-scaled.jpg\",\"datePublished\":\"2023-04-02T10:07:40+00:00\",\"dateModified\":\"2026-04-10T02:00:47+00:00\",\"description\":\"Cinecitt\u00e0 torna in utile con un anno di anticipo \u2013 cinecitt torna in utile con un. Cinecitt\u00e0 SpA torna in utile con un anno d\u2019anticipo rispetto alle previ\",\"breadcrumb\":{\"@id\":\"https:\\\/\\\/cinema.video\\\/it\\\/cinecitta-torna-in-utile-con-un-anno-di-anticipo#breadcrumb\"},\"inLanguage\":\"it-IT\",\"potentialAction\":[{\"@type\":\"ReadAction\",\"target\":[\"https:\\\/\\\/cinema.video\\\/it\\\/cinecitta-torna-in-utile-con-un-anno-di-anticipo\"]}]},{\"@type\":\"ImageObject\",\"inLanguage\":\"it-IT\",\"@id\":\"https:\\\/\\\/cinema.video\\\/it\\\/cinecitta-torna-in-utile-con-un-anno-di-anticipo#primaryimage\",\"url\":\"https:\\\/\\\/cinema.video\\\/wp-content\\\/uploads\\\/2023\\\/04\\\/Entrata-CInecitta-scaled.jpg\",\"contentUrl\":\"https:\\\/\\\/cinema.video\\\/wp-content\\\/uploads\\\/2023\\\/04\\\/Entrata-CInecitta-scaled.jpg\",\"width\":2560,\"height\":1707},{\"@type\":\"BreadcrumbList\",\"@id\":\"https:\\\/\\\/cinema.video\\\/it\\\/cinecitta-torna-in-utile-con-un-anno-di-anticipo#breadcrumb\",\"itemListElement\":[{\"@type\":\"ListItem\",\"position\":1,\"name\":\"Home\",\"item\":\"https:\\\/\\\/cinema.video\\\/it\"},{\"@type\":\"ListItem\",\"position\":2,\"name\":\"Cinecitt\u00e0 torna in utile con un anno di anticipo\"}]},{\"@type\":\"WebSite\",\"@id\":\"https:\\\/\\\/cinema.video\\\/it#website\",\"url\":\"https:\\\/\\\/cinema.video\\\/it\",\"name\":\"Cinema & Video International\",\"description\":\"Film &amp; Audiovisual B2B Industry Trade Platform Magazine\",\"publisher\":{\"@id\":\"https:\\\/\\\/cinema.video\\\/it#organization\"},\"alternateName\":\"Cinema & Video\",\"potentialAction\":[{\"@type\":\"SearchAction\",\"target\":{\"@type\":\"EntryPoint\",\"urlTemplate\":\"https:\\\/\\\/cinema.video\\\/it?s={search_term_string}\"},\"query-input\":{\"@type\":\"PropertyValueSpecification\",\"valueRequired\":true,\"valueName\":\"search_term_string\"}}],\"inLanguage\":\"it-IT\"},{\"@type\":\"Organization\",\"@id\":\"https:\\\/\\\/cinema.video\\\/it#organization\",\"name\":\"Cinema & Video\",\"url\":\"https:\\\/\\\/cinema.video\\\/it\",\"logo\":{\"@type\":\"ImageObject\",\"inLanguage\":\"it-IT\",\"@id\":\"https:\\\/\\\/cinema.video\\\/it#\\\/schema\\\/logo\\\/image\\\/\",\"url\":\"https:\\\/\\\/cinema.video\\\/wp-content\\\/uploads\\\/2026\\\/04\\\/CinemVideo_LogoBlack.png\",\"contentUrl\":\"https:\\\/\\\/cinema.video\\\/wp-content\\\/uploads\\\/2026\\\/04\\\/CinemVideo_LogoBlack.png\",\"width\":1336,\"height\":224,\"caption\":\"Cinema & Video\"},\"image\":{\"@id\":\"https:\\\/\\\/cinema.video\\\/it#\\\/schema\\\/logo\\\/image\\\/\"},\"sameAs\":[\"https:\\\/\\\/www.facebook.com\\\/CinemaVideoInternational\\\/\",\"https:\\\/\\\/www.instagram.com\\\/cinemaevideointernational\\\/\",\"https:\\\/\\\/it.linkedin.com\\\/company\\\/cinema-video-international\"],\"description\":\"Media Consulting & Marketing Agency\",\"email\":\"hello@darostudio.com\",\"legalName\":\"DARO studio LLC\",\"foundingDate\":\"2021-02-16\",\"numberOfEmployees\":{\"@type\":\"QuantitativeValue\",\"minValue\":\"1\",\"maxValue\":\"10\"},\"publishingPrinciples\":\"https:\\\/\\\/cinema.video\\\/about\"},{\"@type\":\"Person\",\"@id\":\"https:\\\/\\\/cinema.video\\\/it#\\\/schema\\\/person\\\/aeb01b91d874e8b01e76a1db04c668c6\",\"name\":\"Editorial\",\"image\":{\"@type\":\"ImageObject\",\"inLanguage\":\"it-IT\",\"@id\":\"https:\\\/\\\/secure.gravatar.com\\\/avatar\\\/06ad6f92eb14745b75fb592cadf8139d33242d81c9c8b085133c450aaf0b9731?s=96&d=mm&r=g\",\"url\":\"https:\\\/\\\/secure.gravatar.com\\\/avatar\\\/06ad6f92eb14745b75fb592cadf8139d33242d81c9c8b085133c450aaf0b9731?s=96&d=mm&r=g\",\"contentUrl\":\"https:\\\/\\\/secure.gravatar.com\\\/avatar\\\/06ad6f92eb14745b75fb592cadf8139d33242d81c9c8b085133c450aaf0b9731?s=96&d=mm&r=g\",\"caption\":\"Editorial\"},\"url\":\"https:\\\/\\\/cinema.video\\\/it\\\/author\\\/redazione\"}]}<\/script>\n<!-- \/ Yoast SEO Premium plugin. -->","yoast_head_json":{"title":"Cinecitt\u00e0 torna in utile con un anno di anticipo - Cinema &amp; Video International","description":"Cinecitt\u00e0 torna in utile con un anno di anticipo \u2013 cinecitt torna in utile con un. Cinecitt\u00e0 SpA torna in utile con un anno d\u2019anticipo rispetto alle previ","robots":{"index":"index","follow":"follow","max-snippet":"max-snippet:-1","max-image-preview":"max-image-preview:large","max-video-preview":"max-video-preview:-1"},"canonical":"https:\/\/cinema.video\/it\/cinecitta-torna-in-utile-con-un-anno-di-anticipo","og_locale":"it_IT","og_type":"article","og_title":"Cinecitt\u00e0 torna in utile con un anno di anticipo","og_description":"Cinecitt\u00e0 torna in utile con un anno di anticipo \u2013 cinecitt torna in utile con un. Cinecitt\u00e0 SpA torna in utile con un anno d\u2019anticipo rispetto alle previ","og_url":"https:\/\/cinema.video\/it\/cinecitta-torna-in-utile-con-un-anno-di-anticipo","og_site_name":"Cinema &amp; Video International","article_publisher":"https:\/\/www.facebook.com\/CinemaVideoInternational\/","article_published_time":"2023-04-02T10:07:40+00:00","article_modified_time":"2026-04-10T02:00:47+00:00","og_image":[{"width":2560,"height":1707,"url":"https:\/\/cinema.video\/wp-content\/uploads\/2023\/04\/Entrata-CInecitta-scaled.jpg","type":"image\/jpeg"}],"author":"Editorial","twitter_card":"summary_large_image","twitter_misc":{"Scritto da":"Editorial","Tempo di lettura stimato":"2 minuti"},"schema":{"@context":"https:\/\/schema.org","@graph":[{"@type":"Article","@id":"https:\/\/cinema.video\/it\/cinecitta-torna-in-utile-con-un-anno-di-anticipo#article","isPartOf":{"@id":"https:\/\/cinema.video\/it\/cinecitta-torna-in-utile-con-un-anno-di-anticipo"},"author":{"name":"Editorial","@id":"https:\/\/cinema.video\/it#\/schema\/person\/aeb01b91d874e8b01e76a1db04c668c6"},"headline":"Cinecitt\u00e0 torna in utile con un anno di anticipo","datePublished":"2023-04-02T10:07:40+00:00","dateModified":"2026-04-10T02:00:47+00:00","mainEntityOfPage":{"@id":"https:\/\/cinema.video\/it\/cinecitta-torna-in-utile-con-un-anno-di-anticipo"},"wordCount":373,"publisher":{"@id":"https:\/\/cinema.video\/it#organization"},"image":{"@id":"https:\/\/cinema.video\/it\/cinecitta-torna-in-utile-con-un-anno-di-anticipo#primaryimage"},"thumbnailUrl":"https:\/\/cinema.video\/wp-content\/uploads\/2023\/04\/Entrata-CInecitta-scaled.jpg","keywords":["CINECITT\u00c0"],"articleSection":["INDUSTRY"],"inLanguage":"it-IT"},{"@type":"WebPage","@id":"https:\/\/cinema.video\/it\/cinecitta-torna-in-utile-con-un-anno-di-anticipo","url":"https:\/\/cinema.video\/it\/cinecitta-torna-in-utile-con-un-anno-di-anticipo","name":"Cinecitt\u00e0 torna in utile con un anno di anticipo - Cinema &amp; Video International","isPartOf":{"@id":"https:\/\/cinema.video\/it#website"},"primaryImageOfPage":{"@id":"https:\/\/cinema.video\/it\/cinecitta-torna-in-utile-con-un-anno-di-anticipo#primaryimage"},"image":{"@id":"https:\/\/cinema.video\/it\/cinecitta-torna-in-utile-con-un-anno-di-anticipo#primaryimage"},"thumbnailUrl":"https:\/\/cinema.video\/wp-content\/uploads\/2023\/04\/Entrata-CInecitta-scaled.jpg","datePublished":"2023-04-02T10:07:40+00:00","dateModified":"2026-04-10T02:00:47+00:00","description":"Cinecitt\u00e0 torna in utile con un anno di anticipo \u2013 cinecitt torna in utile con un. Cinecitt\u00e0 SpA torna in utile con un anno d\u2019anticipo rispetto alle previ","breadcrumb":{"@id":"https:\/\/cinema.video\/it\/cinecitta-torna-in-utile-con-un-anno-di-anticipo#breadcrumb"},"inLanguage":"it-IT","potentialAction":[{"@type":"ReadAction","target":["https:\/\/cinema.video\/it\/cinecitta-torna-in-utile-con-un-anno-di-anticipo"]}]},{"@type":"ImageObject","inLanguage":"it-IT","@id":"https:\/\/cinema.video\/it\/cinecitta-torna-in-utile-con-un-anno-di-anticipo#primaryimage","url":"https:\/\/cinema.video\/wp-content\/uploads\/2023\/04\/Entrata-CInecitta-scaled.jpg","contentUrl":"https:\/\/cinema.video\/wp-content\/uploads\/2023\/04\/Entrata-CInecitta-scaled.jpg","width":2560,"height":1707},{"@type":"BreadcrumbList","@id":"https:\/\/cinema.video\/it\/cinecitta-torna-in-utile-con-un-anno-di-anticipo#breadcrumb","itemListElement":[{"@type":"ListItem","position":1,"name":"Home","item":"https:\/\/cinema.video\/it"},{"@type":"ListItem","position":2,"name":"Cinecitt\u00e0 torna in utile con un anno di anticipo"}]},{"@type":"WebSite","@id":"https:\/\/cinema.video\/it#website","url":"https:\/\/cinema.video\/it","name":"Cinema & Video International","description":"Film &amp; Audiovisual B2B Industry Trade Platform Magazine","publisher":{"@id":"https:\/\/cinema.video\/it#organization"},"alternateName":"Cinema & Video","potentialAction":[{"@type":"SearchAction","target":{"@type":"EntryPoint","urlTemplate":"https:\/\/cinema.video\/it?s={search_term_string}"},"query-input":{"@type":"PropertyValueSpecification","valueRequired":true,"valueName":"search_term_string"}}],"inLanguage":"it-IT"},{"@type":"Organization","@id":"https:\/\/cinema.video\/it#organization","name":"Cinema & Video","url":"https:\/\/cinema.video\/it","logo":{"@type":"ImageObject","inLanguage":"it-IT","@id":"https:\/\/cinema.video\/it#\/schema\/logo\/image\/","url":"https:\/\/cinema.video\/wp-content\/uploads\/2026\/04\/CinemVideo_LogoBlack.png","contentUrl":"https:\/\/cinema.video\/wp-content\/uploads\/2026\/04\/CinemVideo_LogoBlack.png","width":1336,"height":224,"caption":"Cinema & Video"},"image":{"@id":"https:\/\/cinema.video\/it#\/schema\/logo\/image\/"},"sameAs":["https:\/\/www.facebook.com\/CinemaVideoInternational\/","https:\/\/www.instagram.com\/cinemaevideointernational\/","https:\/\/it.linkedin.com\/company\/cinema-video-international"],"description":"Media Consulting & Marketing Agency","email":"hello@darostudio.com","legalName":"DARO studio LLC","foundingDate":"2021-02-16","numberOfEmployees":{"@type":"QuantitativeValue","minValue":"1","maxValue":"10"},"publishingPrinciples":"https:\/\/cinema.video\/about"},{"@type":"Person","@id":"https:\/\/cinema.video\/it#\/schema\/person\/aeb01b91d874e8b01e76a1db04c668c6","name":"Editorial","image":{"@type":"ImageObject","inLanguage":"it-IT","@id":"https:\/\/secure.gravatar.com\/avatar\/06ad6f92eb14745b75fb592cadf8139d33242d81c9c8b085133c450aaf0b9731?s=96&d=mm&r=g","url":"https:\/\/secure.gravatar.com\/avatar\/06ad6f92eb14745b75fb592cadf8139d33242d81c9c8b085133c450aaf0b9731?s=96&d=mm&r=g","contentUrl":"https:\/\/secure.gravatar.com\/avatar\/06ad6f92eb14745b75fb592cadf8139d33242d81c9c8b085133c450aaf0b9731?s=96&d=mm&r=g","caption":"Editorial"},"url":"https:\/\/cinema.video\/it\/author\/redazione"}]}},"jetpack_shortlink":"https:\/\/wp.me\/ph672m-1etK","jetpack_featured_media_url":"https:\/\/cinema.video\/wp-content\/uploads\/2023\/04\/Entrata-CInecitta-scaled.jpg","_links":{"self":[{"href":"https:\/\/cinema.video\/it\/wp-json\/wp\/v2\/posts\/293988","targetHints":{"allow":["GET"]}}],"collection":[{"href":"https:\/\/cinema.video\/it\/wp-json\/wp\/v2\/posts"}],"about":[{"href":"https:\/\/cinema.video\/it\/wp-json\/wp\/v2\/types\/post"}],"author":[{"embeddable":true,"href":"https:\/\/cinema.video\/it\/wp-json\/wp\/v2\/users\/26"}],"replies":[{"embeddable":true,"href":"https:\/\/cinema.video\/it\/wp-json\/wp\/v2\/comments?post=293988"}],"version-history":[{"count":1,"href":"https:\/\/cinema.video\/it\/wp-json\/wp\/v2\/posts\/293988\/revisions"}],"predecessor-version":[{"id":308936,"href":"https:\/\/cinema.video\/it\/wp-json\/wp\/v2\/posts\/293988\/revisions\/308936"}],"wp:featuredmedia":[{"embeddable":true,"href":"https:\/\/cinema.video\/it\/wp-json\/wp\/v2\/media\/293990"}],"wp:attachment":[{"href":"https:\/\/cinema.video\/it\/wp-json\/wp\/v2\/media?parent=293988"}],"wp:term":[{"taxonomy":"category","embeddable":true,"href":"https:\/\/cinema.video\/it\/wp-json\/wp\/v2\/categories?post=293988"},{"taxonomy":"post_tag","embeddable":true,"href":"https:\/\/cinema.video\/it\/wp-json\/wp\/v2\/tags?post=293988"}],"curies":[{"name":"wp","href":"https:\/\/api.w.org\/{rel}","templated":true}]}}