{"id":293972,"date":"2023-03-30T19:35:52","date_gmt":"2023-03-30T17:35:52","guid":{"rendered":"https:\/\/cinema.video\/?p=293972"},"modified":"2026-04-10T04:00:46","modified_gmt":"2026-04-10T02:00:46","slug":"i-david-per-riconquistare-il-pubblico-borgonzoni-al-cinema-destate-con-35-euro","status":"publish","type":"post","link":"https:\/\/cinema.video\/it\/i-david-per-riconquistare-il-pubblico-borgonzoni-al-cinema-destate-con-35-euro","title":{"rendered":"I David per riconquistare il pubblico. Borgonzoni al cinema d\u2019estate con 3,5 euro"},"content":{"rendered":"\n<p class=\"wp-block-paragraph\">Si terr\u00e0 mercoled\u00ec 10 maggio la cerimonia di premiazione della 68\u1d43 edizione dei <strong>Premi David di Donatello<\/strong>, e per la prima volta si svolger\u00e0 nei <strong>Teatri Lumina<\/strong>, complesso di studi situati a Roma Nord e gestiti da Cinecitt\u00e0. Nel corso della cerimonia saranno assegnati venticinque Premi David di Donatello e i David Speciali. Come di consueto l\u2019evento sar\u00e0 trasmesso in diretta in prima serata su Rai 1 con la collaudata conduzione di Carlo Conti.<\/p>\n\n\n\n<p class=\"wp-block-paragraph\">La notizia oggi, in occasione dell\u2019annuncio, nella sede Rai di Roma, delle \u201ccinquine\u201d, che premiano <em><strong>Esterno Notte<\/strong><\/em> di <strong>Marco Bellocchio <\/strong>(18 candidature), seguito da <em><strong>La stranezza<\/strong><\/em> e <em><strong>Le otto montagne<\/strong><\/em><em>,<\/em> entrambi con 14 candidature. 11 le candidature de <em><strong>Il signore delle formiche<\/strong><\/em>.&nbsp;<\/p>\n\n\n\n<p class=\"wp-block-paragraph\">\u201cAbbiamo realizzato un accordo con i Teatri Lumina dove creare casa del David <em>pro tempore<\/em> \u2013 ha dichiarato in conferenza l\u2019AD di Cinecitt\u00e0 <strong>Nicola Maccanico<\/strong> &#8211; per riportarli poi a Cinecitt\u00e0 quando i lavori saranno terminati, perch\u00e9 la loro casa non pu\u00f2 che essere in via Tuscolana&#8221;.<\/p>\n\n\n\n<p class=\"wp-block-paragraph\">\u201cI David son momento importante per il nostro cinema\u201d, ha dichiarato il Sottosegretario al MiC <strong>Lucia Borgonzoni <\/strong>intervenuta all\u2019incontro: \u201cE\u2019 un momento meritorio del cinema come lavoro di squadra, in cui si premiano anche figure meno conosciute dal largo pubblico, con le quali, fra l\u2019altro, spesso vinciamo gli Oscar\u201d.<\/p>\n\n\n\n<p class=\"wp-block-paragraph\">\u201cMi auguro \u2013 ha proseguito &#8211; che sia un momento in cui si riparte con il cinema in sala.&#8221;<\/p>\n\n\n\n<p class=\"wp-block-paragraph\">Il Sottosegretario ha annunciato che tra le due Feste del cinema (11-15 giugno e 17-21 settembre) il pubblico potr\u00e0 andare al cinema a vedere film italiani ed europei a un prezzo didotto a 3,5 euro, &#8220;e il resto ce lo mettiamo noi&#8221;. \u201cQuesto \u2013 ha detto Borgonzoni &#8211; perch\u00e9 crediamo nelle sale come luogo dove il cinema ha la sua massima espressione. Per questo abbiamo investito molto anche nelle scuole, e sono convinta che quest\u2019estate registreremo numeri maggiori rispetto a quella del 2019. Investiremo come ministero 20 mln di euro e la sera dei David, il 10 maggio, inizieremo con la comunicazione sulle sale\u201d.<\/p>\n\n\n\n<p class=\"wp-block-paragraph\">&#8220;Sono cinquine solide, non scontate, con qualche sorpresa\u201d ha commentato la presidente dei Premi David di Donatello <strong>Piera Detassis, <\/strong>dove prevale \u201cil cinema extralarge di Marco Bellocchio\u201d.<\/p>\n\n\n\n<p class=\"wp-block-paragraph\">Di seguito tutte le candidature.<\/p>\n\n\n\n<p class=\"wp-block-paragraph\"><strong>Miglior film:<\/strong><\/p>\n\n\n\n<p class=\"wp-block-paragraph\"><em>Esterno Notte<\/em><\/p>\n\n\n\n<p class=\"wp-block-paragraph\"><em>Il Signore delle Formiche<\/em><\/p>\n\n\n\n<p class=\"wp-block-paragraph\"><em>La Stranezza<\/em><\/p>\n\n\n\n<p class=\"wp-block-paragraph\"><em>Le Otto Montagne<\/em><\/p>\n\n\n\n<p class=\"wp-block-paragraph\"><em>Nostalgia<\/em><\/p>\n\n\n\n<p class=\"wp-block-paragraph\"> <\/p>\n\n\n\n<p class=\"wp-block-paragraph\"><strong>Miglior regia:<\/strong><\/p>\n\n\n\n<p class=\"wp-block-paragraph\">Marco Bellocchio per&nbsp;<em>Esterno Notte<br><\/em>Gianni Amelio per <em>Il Signore delle Formiche<\/em><br>Roberto And\u00f2 per <em>La Stranezza<\/em><br>Felix Van Groeningen e Charlotte Vandermeersh per <em>Le otto montagne<\/em><br>Mario Martone per <em>Nostalgia<\/em><\/p>\n\n\n\n<p class=\"wp-block-paragraph\"><strong>Miglior esordio alla regia:<\/strong><\/p>\n\n\n\n<p class=\"wp-block-paragraph\">Carolina Cavalli per <em>Amanda<\/em><br>Jasmine Trinca per <em>Marcel<\/em>!<\/p>\n\n\n\n<p class=\"wp-block-paragraph\">Niccol\u00f2 Falsetti per <em>Margini<\/em><br>Giulia Louise Steigerwalt per <em>Settembre<\/em><br>Vincenzo Pirrotta per <em>Spaccaossa<\/em><\/p>\n\n\n\n<p class=\"wp-block-paragraph\"><strong>Miglior sceneggiatura originale:<\/strong><\/p>\n\n\n\n<p class=\"wp-block-paragraph\"><em>Astolfo<br><\/em><em>Chiara<\/em><em><br><\/em><em>Esterno Notte<\/em><em><br>Il signore delle formiche<br><\/em><em>L\u2019immensit\u00e0<\/em><em><br>La stranezza<\/em><\/p>\n\n\n\n<p class=\"wp-block-paragraph\"><strong>Miglior sceneggiatura non originale:<\/strong><\/p>\n\n\n\n<p class=\"wp-block-paragraph\"><em>Bentu<\/em><em><br><\/em><em>Brado<\/em><em><br><\/em><em>Il colibr\u00ec<\/em><em><br><\/em><em>Le otto montagne<\/em><em><br><\/em><em>Nostalgia<\/em><\/p>\n\n\n\n<p class=\"wp-block-paragraph\"><strong>Miglior attrice protagonista:<\/strong><\/p>\n\n\n\n<p class=\"wp-block-paragraph\">Margherita Buy per <em>Esterno Notte<br><\/em>Penelope Cruz per <em>L&#8217;immensit\u00e0<\/em><br>Claudia Pandolfi per <em>Siccit\u00e0<\/em><br>Benedetta Porcaroli per <em>Amanda<\/em><br>Barbara Ronchi per <em>Settembre<\/em><\/p>\n\n\n\n<p class=\"wp-block-paragraph\"><strong>Miglior attore protagonista:<\/strong><\/p>\n\n\n\n<p class=\"wp-block-paragraph\">Alessandro Borghi per <em>Le otto montagne<\/em><br>Ficarra e Picone per<em> La stranezza<\/em><br>Fabrizio Gifuni per <em>Esterno notte<\/em><br>Luigi Lo Cascio per <em>Il signore delle formiche<\/em><br>Luca Marinelli per <em>Le otto montagne<\/em><\/p>\n\n\n\n<p class=\"wp-block-paragraph\"><strong>Miglior attrice non protagonista:<\/strong><\/p>\n\n\n\n<p class=\"wp-block-paragraph\">Giulia And\u00f2 per <em>La stranezza<\/em><br>Emanuela Fanelli per <em>Siccit\u00e0<\/em><br>Daniela Marra per <em>Esterno notte<\/em><br>Giovanna Mezzogiorno per <em>Amanda<\/em><br>Aurora Quatrocchi per <em>Nostalgia<\/em><\/p>\n\n\n\n<p class=\"wp-block-paragraph\"><strong>Miglior attore non protagonista:<\/strong><\/p>\n\n\n\n<p class=\"wp-block-paragraph\">Fausto Russo Alessi per <em>Esterno notte<\/em><br>Toni Servillo per <em>Esterno notte<\/em><br>Elio Germano per <em>Il signore delle formiche<\/em><br>Filippo Timi per <em>Le otto montagne<\/em><br>Francesco Di Leva per <em>Nostalgia<\/em><\/p>\n\n\n\n<p class=\"wp-block-paragraph\"><strong>Miglior Documentario:<\/strong><\/p>\n\n\n\n<p class=\"wp-block-paragraph\"><em>Il cerchio <\/em>di Sophie Chiarello<br><em>In viaggio<\/em> di Gianfranco Rosi<br><em>Kill me if you can<\/em> di Alex Infascelli<br><em>La timidezza delle chiome<\/em> di Valentina Bertani<br><em>Svegliami a mezzanotte <\/em>di Francesco Patierno<\/p>\n\n\n\n<p class=\"wp-block-paragraph\"><strong>Miglior film Internazionale:<\/strong><\/p>\n\n\n\n<p class=\"wp-block-paragraph\"><em>Bones And All<br>Elvis<br>Licorice Pizza<br>The Fabelmans<br>Triangle of Sadness<\/em><\/p>\n\n\n\n<p class=\"wp-block-paragraph\"><strong>Miglior autore della Fotografia:<\/strong><\/p>\n\n\n\n<p class=\"wp-block-paragraph\">Francesco Di Giacomo per <em>Esterno notte<\/em><br>Giovanni Mammolotti<em> I racconti della domenica &#8211; La storia di un uomo per bene<\/em><br>Maurizio Calvesi per <em>La stranezza<\/em><br>Ruben Impens per <em>Le otto montagne<\/em><br>Paolo Carnera per <em>Nostalgia<\/em><\/p>\n\n\n\n<p class=\"wp-block-paragraph\"><strong>Miglior compositore:<\/strong><\/p>\n\n\n\n<p class=\"wp-block-paragraph\">Fabio Massimo Capogrosso per<em> Esterno Notte<\/em><br>Stefano Bollani per <em>Il pataffio<\/em><br>Michele Braga, Emanuele Bossi per <em>La stranezza<\/em><br>Daniel Norgren per <em>Le otto montagne<\/em><br>Franco Piersanti per <em>Siccit\u00e0<\/em><\/p>\n\n\n\n<p class=\"wp-block-paragraph\"><strong>Miglior Canzone originale:<\/strong><\/p>\n\n\n\n<p class=\"wp-block-paragraph\"><em>Se mi vuoi<\/em> di Diodato per <em>Diabolik &#8211; Ginko all&#8217;attacco!<\/em><br><em>Caro amore lontanissimo<\/em> di Sergio Endrigo, Riccardo Senigallia e Marco Mengoni per <em>Il colibr\u00ec<\/em><br><em>Culi culagni <\/em>di Stefano Bollani e Luigi Malerba per<em> Il pataffio<\/em><br><em>La palude <\/em>di Niccol\u00f2 Flasetti, Giacomo Pieri Alessio Ricciotti, Francesco Turbanti, Emanuele Linfatti e Matteo Creatini per <em>Margini<\/em><br><em>Proiettili <\/em>di Joan Thiele, Elisa Toffoli, Emanuele Triglia ed Elodie per <em>Ti mangio il cuore<\/em><\/p>\n\n\n\n<p class=\"wp-block-paragraph\"><strong>Miglior scenografia:<\/strong><\/p>\n\n\n\n<p class=\"wp-block-paragraph\"><em>Esterno notte<br>Il signore delle formiche<br>L&#8217;ombra di Caravaggio<br>La stranezza<br>Le otto montagne<\/em><\/p>\n\n\n\n<p class=\"wp-block-paragraph\"><strong>Migliori costumi:<\/strong><\/p>\n\n\n\n<p class=\"wp-block-paragraph\"><em>Chiara<br>Esterno notte<br>Il signore delle formiche<br>L&#8217;ombra di Caravaggio<br>La stranezza<\/em><\/p>\n\n\n\n<p class=\"wp-block-paragraph\"><strong>Miglior trucco:<\/strong><\/p>\n\n\n\n<p class=\"wp-block-paragraph\"><em>Dante<br>Esterno notte<br>Il colibr\u00ec<br>Il signore delle formiche<br>L&#8217;ombra di Caravaggio<\/em><\/p>\n\n\n\n<p class=\"wp-block-paragraph\"><strong>Miglior acconciatura:<\/strong><\/p>\n\n\n\n<p class=\"wp-block-paragraph\"><em>Esterno notte<br>Il signore delle formiche<br>L&#8217;immensit\u00e0<br>L&#8217;ombra di Caravaggio<br>La stranezza<\/em><\/p>\n\n\n\n<p class=\"wp-block-paragraph\"><strong>Miglior montaggio:<\/strong><\/p>\n\n\n\n<p class=\"wp-block-paragraph\"><em>Esterno notte<br>Il signore delle formiche<br>La stranezza<br>Le otto montagne<br>Nostalgia<\/em><\/p>\n\n\n\n<p class=\"wp-block-paragraph\"><strong>Miglior suono:<\/strong><\/p>\n\n\n\n<p class=\"wp-block-paragraph\"><em>Esterno notte<br>Il signore delle formiche<br>La stranezza<br>Le otto montagne<br>Nostalgia<\/em><\/p>\n\n\n\n<p class=\"wp-block-paragraph\"><strong>Migliori effetti visivi:<\/strong><\/p>\n\n\n\n<p class=\"wp-block-paragraph\"><em>Dampyr<br>Dabolik &#8211; Ginko all&#8217;attacco!<br>Esterno notte<br>Le otto montagne<br>Siccit\u00e0<\/em><\/p>\n\n\n\n<p class=\"wp-block-paragraph\"><strong>David Giovani:<\/strong><\/p>\n\n\n\n<p class=\"wp-block-paragraph\"><em>Corro da te<br>Il colibr\u00ec<br>L&#8217;ombra di Caravaggio<br>La stranezza<br>Le otto montagne<\/em><\/p>\n","protected":false},"excerpt":{"rendered":"<p>Si terr\u00e0 mercoled\u00ec 10 maggio la cerimonia di premiazione della 68\u1d43 edizione dei Premi David di Donatello, e per la prima volta si svolger\u00e0 nei Teatri Lumina, casa del David pro tempore \u2013 ha dichiarato in conferenza l\u2019AD di Cinecitt\u00e0 Nicola Maccanico &#8211; per riportarli poi a Cinecitt\u00e0 quando i lavori saranno terminati. Borgonzoni annuncia che i film italiani e europei a  a \u20ac3,5 durante l&#8217;estate<\/p>\n","protected":false},"author":26,"featured_media":293977,"comment_status":"closed","ping_status":"closed","sticky":false,"template":"","format":"standard","meta":{"googlesitekit_rrm_CAow3e7fCw:productID":"","_crdt_document":"","footnotes":""},"categories":[2331],"tags":[2317,514,2334,607,214],"class_list":{"0":"post-293972","1":"post","2":"type-post","3":"status-publish","4":"format-standard","5":"has-post-thumbnail","7":"category-awards","8":"tag-awards","9":"tag-cinecitta","10":"tag-events","11":"tag-mic","12":"tag-premi"},"yoast_head":"<!-- This site is optimized with the Yoast SEO Premium plugin v27.4 (Yoast SEO v27.5) - https:\/\/yoast.com\/product\/yoast-seo-premium-wordpress\/ -->\n<title>I David per riconquistare il pubblico. Borgonzoni al cinema d\u2019estate con 3,5 euro - Cinema &amp; Video International<\/title>\n<meta name=\"description\" content=\"I David per riconquistare il pubblico. Borgonzoni al cinema d\u2019estate con 3,5 euro \u2013 i david per riconquistare il pubblico. Si terr\u00e0 mercoled\u00ec 10 maggio la\" \/>\n<meta name=\"robots\" content=\"index, follow, max-snippet:-1, max-image-preview:large, max-video-preview:-1\" \/>\n<link rel=\"canonical\" href=\"https:\/\/cinema.video\/it\/i-david-per-riconquistare-il-pubblico-borgonzoni-al-cinema-destate-con-35-euro\" \/>\n<meta property=\"og:locale\" content=\"it_IT\" \/>\n<meta property=\"og:type\" content=\"article\" \/>\n<meta property=\"og:title\" content=\"I David per riconquistare il pubblico. Borgonzoni al cinema d\u2019estate con 3,5 euro\" \/>\n<meta property=\"og:description\" content=\"I David per riconquistare il pubblico. Borgonzoni al cinema d\u2019estate con 3,5 euro \u2013 i david per riconquistare il pubblico. Si terr\u00e0 mercoled\u00ec 10 maggio la\" \/>\n<meta property=\"og:url\" content=\"https:\/\/cinema.video\/it\/i-david-per-riconquistare-il-pubblico-borgonzoni-al-cinema-destate-con-35-euro\" \/>\n<meta property=\"og:site_name\" content=\"Cinema &amp; Video International\" \/>\n<meta property=\"article:publisher\" content=\"https:\/\/www.facebook.com\/CinemaVideoInternational\/\" \/>\n<meta property=\"article:published_time\" content=\"2023-03-30T17:35:52+00:00\" \/>\n<meta property=\"article:modified_time\" content=\"2026-04-10T02:00:46+00:00\" \/>\n<meta property=\"og:image\" content=\"https:\/\/cinema.video\/wp-content\/uploads\/2023\/03\/David-e1680248648280.jpg\" \/>\n\t<meta property=\"og:image:width\" content=\"800\" \/>\n\t<meta property=\"og:image:height\" content=\"445\" \/>\n\t<meta property=\"og:image:type\" content=\"image\/jpeg\" \/>\n<meta name=\"author\" content=\"Redazione\" \/>\n<meta name=\"twitter:card\" content=\"summary_large_image\" \/>\n<meta name=\"twitter:label1\" content=\"Scritto da\" \/>\n\t<meta name=\"twitter:data1\" content=\"Redazione\" \/>\n\t<meta name=\"twitter:label2\" content=\"Tempo di lettura stimato\" \/>\n\t<meta name=\"twitter:data2\" content=\"5 minuti\" \/>\n<script type=\"application\/ld+json\" class=\"yoast-schema-graph\">{\"@context\":\"https:\\\/\\\/schema.org\",\"@graph\":[{\"@type\":\"Article\",\"@id\":\"https:\\\/\\\/cinema.video\\\/it\\\/i-david-per-riconquistare-il-pubblico-borgonzoni-al-cinema-destate-con-35-euro#article\",\"isPartOf\":{\"@id\":\"https:\\\/\\\/cinema.video\\\/it\\\/i-david-per-riconquistare-il-pubblico-borgonzoni-al-cinema-destate-con-35-euro\"},\"author\":{\"name\":\"Redazione\",\"@id\":\"https:\\\/\\\/cinema.video\\\/it#\\\/schema\\\/person\\\/aeb01b91d874e8b01e76a1db04c668c6\"},\"headline\":\"I David per riconquistare il pubblico. Borgonzoni al cinema d\u2019estate con 3,5 euro\",\"datePublished\":\"2023-03-30T17:35:52+00:00\",\"dateModified\":\"2026-04-10T02:00:46+00:00\",\"mainEntityOfPage\":{\"@id\":\"https:\\\/\\\/cinema.video\\\/it\\\/i-david-per-riconquistare-il-pubblico-borgonzoni-al-cinema-destate-con-35-euro\"},\"wordCount\":870,\"publisher\":{\"@id\":\"https:\\\/\\\/cinema.video\\\/it#organization\"},\"image\":{\"@id\":\"https:\\\/\\\/cinema.video\\\/it\\\/i-david-per-riconquistare-il-pubblico-borgonzoni-al-cinema-destate-con-35-euro#primaryimage\"},\"thumbnailUrl\":\"https:\\\/\\\/cinema.video\\\/wp-content\\\/uploads\\\/2023\\\/03\\\/David-e1680248648280.jpg\",\"keywords\":[\"AWARDS\",\"CINECITT\u00c0\",\"EVENTS\",\"MIC\",\"Premi\"],\"articleSection\":[\"AWARDS\"],\"inLanguage\":\"it-IT\"},{\"@type\":\"WebPage\",\"@id\":\"https:\\\/\\\/cinema.video\\\/it\\\/i-david-per-riconquistare-il-pubblico-borgonzoni-al-cinema-destate-con-35-euro\",\"url\":\"https:\\\/\\\/cinema.video\\\/it\\\/i-david-per-riconquistare-il-pubblico-borgonzoni-al-cinema-destate-con-35-euro\",\"name\":\"I David per riconquistare il pubblico. Borgonzoni al cinema d\u2019estate con 3,5 euro - Cinema &amp; Video International\",\"isPartOf\":{\"@id\":\"https:\\\/\\\/cinema.video\\\/it#website\"},\"primaryImageOfPage\":{\"@id\":\"https:\\\/\\\/cinema.video\\\/it\\\/i-david-per-riconquistare-il-pubblico-borgonzoni-al-cinema-destate-con-35-euro#primaryimage\"},\"image\":{\"@id\":\"https:\\\/\\\/cinema.video\\\/it\\\/i-david-per-riconquistare-il-pubblico-borgonzoni-al-cinema-destate-con-35-euro#primaryimage\"},\"thumbnailUrl\":\"https:\\\/\\\/cinema.video\\\/wp-content\\\/uploads\\\/2023\\\/03\\\/David-e1680248648280.jpg\",\"datePublished\":\"2023-03-30T17:35:52+00:00\",\"dateModified\":\"2026-04-10T02:00:46+00:00\",\"description\":\"I David per riconquistare il pubblico. Borgonzoni al cinema d\u2019estate con 3,5 euro \u2013 i david per riconquistare il pubblico. Si terr\u00e0 mercoled\u00ec 10 maggio la\",\"breadcrumb\":{\"@id\":\"https:\\\/\\\/cinema.video\\\/it\\\/i-david-per-riconquistare-il-pubblico-borgonzoni-al-cinema-destate-con-35-euro#breadcrumb\"},\"inLanguage\":\"it-IT\",\"potentialAction\":[{\"@type\":\"ReadAction\",\"target\":[\"https:\\\/\\\/cinema.video\\\/it\\\/i-david-per-riconquistare-il-pubblico-borgonzoni-al-cinema-destate-con-35-euro\"]}]},{\"@type\":\"ImageObject\",\"inLanguage\":\"it-IT\",\"@id\":\"https:\\\/\\\/cinema.video\\\/it\\\/i-david-per-riconquistare-il-pubblico-borgonzoni-al-cinema-destate-con-35-euro#primaryimage\",\"url\":\"https:\\\/\\\/cinema.video\\\/wp-content\\\/uploads\\\/2023\\\/03\\\/David-e1680248648280.jpg\",\"contentUrl\":\"https:\\\/\\\/cinema.video\\\/wp-content\\\/uploads\\\/2023\\\/03\\\/David-e1680248648280.jpg\",\"width\":800,\"height\":445},{\"@type\":\"BreadcrumbList\",\"@id\":\"https:\\\/\\\/cinema.video\\\/it\\\/i-david-per-riconquistare-il-pubblico-borgonzoni-al-cinema-destate-con-35-euro#breadcrumb\",\"itemListElement\":[{\"@type\":\"ListItem\",\"position\":1,\"name\":\"Home\",\"item\":\"https:\\\/\\\/cinema.video\\\/it\\\/home-2\"},{\"@type\":\"ListItem\",\"position\":2,\"name\":\"I David per riconquistare il pubblico. Borgonzoni al cinema d\u2019estate con 3,5 euro\"}]},{\"@type\":\"WebSite\",\"@id\":\"https:\\\/\\\/cinema.video\\\/it#website\",\"url\":\"https:\\\/\\\/cinema.video\\\/it\",\"name\":\"Cinema & Video International\",\"description\":\"Film &amp; Audiovisual Industry Trade Magazine\",\"publisher\":{\"@id\":\"https:\\\/\\\/cinema.video\\\/it#organization\"},\"alternateName\":\"Cinema & Video\",\"potentialAction\":[{\"@type\":\"SearchAction\",\"target\":{\"@type\":\"EntryPoint\",\"urlTemplate\":\"https:\\\/\\\/cinema.video\\\/it?s={search_term_string}\"},\"query-input\":{\"@type\":\"PropertyValueSpecification\",\"valueRequired\":true,\"valueName\":\"search_term_string\"}}],\"inLanguage\":\"it-IT\"},{\"@type\":\"Organization\",\"@id\":\"https:\\\/\\\/cinema.video\\\/it#organization\",\"name\":\"Cinema & Video\",\"url\":\"https:\\\/\\\/cinema.video\\\/it\",\"logo\":{\"@type\":\"ImageObject\",\"inLanguage\":\"it-IT\",\"@id\":\"https:\\\/\\\/cinema.video\\\/it#\\\/schema\\\/logo\\\/image\\\/\",\"url\":\"https:\\\/\\\/cinema.video\\\/wp-content\\\/uploads\\\/2026\\\/04\\\/CinemVideo_LogoBlack.png\",\"contentUrl\":\"https:\\\/\\\/cinema.video\\\/wp-content\\\/uploads\\\/2026\\\/04\\\/CinemVideo_LogoBlack.png\",\"width\":1336,\"height\":224,\"caption\":\"Cinema & Video\"},\"image\":{\"@id\":\"https:\\\/\\\/cinema.video\\\/it#\\\/schema\\\/logo\\\/image\\\/\"},\"sameAs\":[\"https:\\\/\\\/www.facebook.com\\\/CinemaVideoInternational\\\/\",\"https:\\\/\\\/www.instagram.com\\\/cinemaevideointernational\\\/\",\"https:\\\/\\\/it.linkedin.com\\\/company\\\/cinema-video-international\"],\"description\":\"Media Consulting & Marketing Agency\",\"email\":\"hello@darostudio.com\",\"legalName\":\"DARO studio LLC\",\"foundingDate\":\"2021-02-16\",\"numberOfEmployees\":{\"@type\":\"QuantitativeValue\",\"minValue\":\"1\",\"maxValue\":\"10\"}},{\"@type\":\"Person\",\"@id\":\"https:\\\/\\\/cinema.video\\\/it#\\\/schema\\\/person\\\/aeb01b91d874e8b01e76a1db04c668c6\",\"name\":\"Redazione\",\"image\":{\"@type\":\"ImageObject\",\"inLanguage\":\"it-IT\",\"@id\":\"https:\\\/\\\/secure.gravatar.com\\\/avatar\\\/06ad6f92eb14745b75fb592cadf8139d33242d81c9c8b085133c450aaf0b9731?s=96&d=mm&r=g\",\"url\":\"https:\\\/\\\/secure.gravatar.com\\\/avatar\\\/06ad6f92eb14745b75fb592cadf8139d33242d81c9c8b085133c450aaf0b9731?s=96&d=mm&r=g\",\"contentUrl\":\"https:\\\/\\\/secure.gravatar.com\\\/avatar\\\/06ad6f92eb14745b75fb592cadf8139d33242d81c9c8b085133c450aaf0b9731?s=96&d=mm&r=g\",\"caption\":\"Redazione\"},\"url\":\"https:\\\/\\\/cinema.video\\\/it\\\/author\\\/redazione\"}]}<\/script>\n<!-- \/ Yoast SEO Premium plugin. -->","yoast_head_json":{"title":"I David per riconquistare il pubblico. Borgonzoni al cinema d\u2019estate con 3,5 euro - Cinema &amp; Video International","description":"I David per riconquistare il pubblico. Borgonzoni al cinema d\u2019estate con 3,5 euro \u2013 i david per riconquistare il pubblico. Si terr\u00e0 mercoled\u00ec 10 maggio la","robots":{"index":"index","follow":"follow","max-snippet":"max-snippet:-1","max-image-preview":"max-image-preview:large","max-video-preview":"max-video-preview:-1"},"canonical":"https:\/\/cinema.video\/it\/i-david-per-riconquistare-il-pubblico-borgonzoni-al-cinema-destate-con-35-euro","og_locale":"it_IT","og_type":"article","og_title":"I David per riconquistare il pubblico. Borgonzoni al cinema d\u2019estate con 3,5 euro","og_description":"I David per riconquistare il pubblico. Borgonzoni al cinema d\u2019estate con 3,5 euro \u2013 i david per riconquistare il pubblico. Si terr\u00e0 mercoled\u00ec 10 maggio la","og_url":"https:\/\/cinema.video\/it\/i-david-per-riconquistare-il-pubblico-borgonzoni-al-cinema-destate-con-35-euro","og_site_name":"Cinema &amp; Video International","article_publisher":"https:\/\/www.facebook.com\/CinemaVideoInternational\/","article_published_time":"2023-03-30T17:35:52+00:00","article_modified_time":"2026-04-10T02:00:46+00:00","og_image":[{"width":800,"height":445,"url":"https:\/\/cinema.video\/wp-content\/uploads\/2023\/03\/David-e1680248648280.jpg","type":"image\/jpeg"}],"author":"Redazione","twitter_card":"summary_large_image","twitter_misc":{"Scritto da":"Redazione","Tempo di lettura stimato":"5 minuti"},"schema":{"@context":"https:\/\/schema.org","@graph":[{"@type":"Article","@id":"https:\/\/cinema.video\/it\/i-david-per-riconquistare-il-pubblico-borgonzoni-al-cinema-destate-con-35-euro#article","isPartOf":{"@id":"https:\/\/cinema.video\/it\/i-david-per-riconquistare-il-pubblico-borgonzoni-al-cinema-destate-con-35-euro"},"author":{"name":"Redazione","@id":"https:\/\/cinema.video\/it#\/schema\/person\/aeb01b91d874e8b01e76a1db04c668c6"},"headline":"I David per riconquistare il pubblico. Borgonzoni al cinema d\u2019estate con 3,5 euro","datePublished":"2023-03-30T17:35:52+00:00","dateModified":"2026-04-10T02:00:46+00:00","mainEntityOfPage":{"@id":"https:\/\/cinema.video\/it\/i-david-per-riconquistare-il-pubblico-borgonzoni-al-cinema-destate-con-35-euro"},"wordCount":870,"publisher":{"@id":"https:\/\/cinema.video\/it#organization"},"image":{"@id":"https:\/\/cinema.video\/it\/i-david-per-riconquistare-il-pubblico-borgonzoni-al-cinema-destate-con-35-euro#primaryimage"},"thumbnailUrl":"https:\/\/cinema.video\/wp-content\/uploads\/2023\/03\/David-e1680248648280.jpg","keywords":["AWARDS","CINECITT\u00c0","EVENTS","MIC","Premi"],"articleSection":["AWARDS"],"inLanguage":"it-IT"},{"@type":"WebPage","@id":"https:\/\/cinema.video\/it\/i-david-per-riconquistare-il-pubblico-borgonzoni-al-cinema-destate-con-35-euro","url":"https:\/\/cinema.video\/it\/i-david-per-riconquistare-il-pubblico-borgonzoni-al-cinema-destate-con-35-euro","name":"I David per riconquistare il pubblico. Borgonzoni al cinema d\u2019estate con 3,5 euro - Cinema &amp; Video International","isPartOf":{"@id":"https:\/\/cinema.video\/it#website"},"primaryImageOfPage":{"@id":"https:\/\/cinema.video\/it\/i-david-per-riconquistare-il-pubblico-borgonzoni-al-cinema-destate-con-35-euro#primaryimage"},"image":{"@id":"https:\/\/cinema.video\/it\/i-david-per-riconquistare-il-pubblico-borgonzoni-al-cinema-destate-con-35-euro#primaryimage"},"thumbnailUrl":"https:\/\/cinema.video\/wp-content\/uploads\/2023\/03\/David-e1680248648280.jpg","datePublished":"2023-03-30T17:35:52+00:00","dateModified":"2026-04-10T02:00:46+00:00","description":"I David per riconquistare il pubblico. Borgonzoni al cinema d\u2019estate con 3,5 euro \u2013 i david per riconquistare il pubblico. Si terr\u00e0 mercoled\u00ec 10 maggio la","breadcrumb":{"@id":"https:\/\/cinema.video\/it\/i-david-per-riconquistare-il-pubblico-borgonzoni-al-cinema-destate-con-35-euro#breadcrumb"},"inLanguage":"it-IT","potentialAction":[{"@type":"ReadAction","target":["https:\/\/cinema.video\/it\/i-david-per-riconquistare-il-pubblico-borgonzoni-al-cinema-destate-con-35-euro"]}]},{"@type":"ImageObject","inLanguage":"it-IT","@id":"https:\/\/cinema.video\/it\/i-david-per-riconquistare-il-pubblico-borgonzoni-al-cinema-destate-con-35-euro#primaryimage","url":"https:\/\/cinema.video\/wp-content\/uploads\/2023\/03\/David-e1680248648280.jpg","contentUrl":"https:\/\/cinema.video\/wp-content\/uploads\/2023\/03\/David-e1680248648280.jpg","width":800,"height":445},{"@type":"BreadcrumbList","@id":"https:\/\/cinema.video\/it\/i-david-per-riconquistare-il-pubblico-borgonzoni-al-cinema-destate-con-35-euro#breadcrumb","itemListElement":[{"@type":"ListItem","position":1,"name":"Home","item":"https:\/\/cinema.video\/it\/home-2"},{"@type":"ListItem","position":2,"name":"I David per riconquistare il pubblico. Borgonzoni al cinema d\u2019estate con 3,5 euro"}]},{"@type":"WebSite","@id":"https:\/\/cinema.video\/it#website","url":"https:\/\/cinema.video\/it","name":"Cinema & Video International","description":"Film &amp; Audiovisual Industry Trade Magazine","publisher":{"@id":"https:\/\/cinema.video\/it#organization"},"alternateName":"Cinema & Video","potentialAction":[{"@type":"SearchAction","target":{"@type":"EntryPoint","urlTemplate":"https:\/\/cinema.video\/it?s={search_term_string}"},"query-input":{"@type":"PropertyValueSpecification","valueRequired":true,"valueName":"search_term_string"}}],"inLanguage":"it-IT"},{"@type":"Organization","@id":"https:\/\/cinema.video\/it#organization","name":"Cinema & Video","url":"https:\/\/cinema.video\/it","logo":{"@type":"ImageObject","inLanguage":"it-IT","@id":"https:\/\/cinema.video\/it#\/schema\/logo\/image\/","url":"https:\/\/cinema.video\/wp-content\/uploads\/2026\/04\/CinemVideo_LogoBlack.png","contentUrl":"https:\/\/cinema.video\/wp-content\/uploads\/2026\/04\/CinemVideo_LogoBlack.png","width":1336,"height":224,"caption":"Cinema & Video"},"image":{"@id":"https:\/\/cinema.video\/it#\/schema\/logo\/image\/"},"sameAs":["https:\/\/www.facebook.com\/CinemaVideoInternational\/","https:\/\/www.instagram.com\/cinemaevideointernational\/","https:\/\/it.linkedin.com\/company\/cinema-video-international"],"description":"Media Consulting & Marketing Agency","email":"hello@darostudio.com","legalName":"DARO studio LLC","foundingDate":"2021-02-16","numberOfEmployees":{"@type":"QuantitativeValue","minValue":"1","maxValue":"10"}},{"@type":"Person","@id":"https:\/\/cinema.video\/it#\/schema\/person\/aeb01b91d874e8b01e76a1db04c668c6","name":"Redazione","image":{"@type":"ImageObject","inLanguage":"it-IT","@id":"https:\/\/secure.gravatar.com\/avatar\/06ad6f92eb14745b75fb592cadf8139d33242d81c9c8b085133c450aaf0b9731?s=96&d=mm&r=g","url":"https:\/\/secure.gravatar.com\/avatar\/06ad6f92eb14745b75fb592cadf8139d33242d81c9c8b085133c450aaf0b9731?s=96&d=mm&r=g","contentUrl":"https:\/\/secure.gravatar.com\/avatar\/06ad6f92eb14745b75fb592cadf8139d33242d81c9c8b085133c450aaf0b9731?s=96&d=mm&r=g","caption":"Redazione"},"url":"https:\/\/cinema.video\/it\/author\/redazione"}]}},"jetpack_featured_media_url":"https:\/\/cinema.video\/wp-content\/uploads\/2023\/03\/David-e1680248648280.jpg","jetpack_shortlink":"https:\/\/wp.me\/ph672m-1etu","_links":{"self":[{"href":"https:\/\/cinema.video\/it\/wp-json\/wp\/v2\/posts\/293972","targetHints":{"allow":["GET"]}}],"collection":[{"href":"https:\/\/cinema.video\/it\/wp-json\/wp\/v2\/posts"}],"about":[{"href":"https:\/\/cinema.video\/it\/wp-json\/wp\/v2\/types\/post"}],"author":[{"embeddable":true,"href":"https:\/\/cinema.video\/it\/wp-json\/wp\/v2\/users\/26"}],"replies":[{"embeddable":true,"href":"https:\/\/cinema.video\/it\/wp-json\/wp\/v2\/comments?post=293972"}],"version-history":[{"count":2,"href":"https:\/\/cinema.video\/it\/wp-json\/wp\/v2\/posts\/293972\/revisions"}],"predecessor-version":[{"id":308934,"href":"https:\/\/cinema.video\/it\/wp-json\/wp\/v2\/posts\/293972\/revisions\/308934"}],"wp:featuredmedia":[{"embeddable":true,"href":"https:\/\/cinema.video\/it\/wp-json\/wp\/v2\/media\/293977"}],"wp:attachment":[{"href":"https:\/\/cinema.video\/it\/wp-json\/wp\/v2\/media?parent=293972"}],"wp:term":[{"taxonomy":"category","embeddable":true,"href":"https:\/\/cinema.video\/it\/wp-json\/wp\/v2\/categories?post=293972"},{"taxonomy":"post_tag","embeddable":true,"href":"https:\/\/cinema.video\/it\/wp-json\/wp\/v2\/tags?post=293972"}],"curies":[{"name":"wp","href":"https:\/\/api.w.org\/{rel}","templated":true}]}}