{"id":293883,"date":"2023-03-16T09:27:42","date_gmt":"2023-03-16T08:27:42","guid":{"rendered":"https:\/\/cinema.video\/?p=293883"},"modified":"2026-04-10T04:00:34","modified_gmt":"2026-04-10T02:00:34","slug":"stand-by-me-netflix-annuncia-la-2-stagione-di-di4ri","status":"publish","type":"post","link":"https:\/\/cinema.video\/it\/stand-by-me-netflix-annuncia-la-2-stagione-di-di4ri","title":{"rendered":"STAND BY ME Netflix annuncia la 2\u00b0 stagione di Di4ri"},"content":{"rendered":"\n<p class=\"wp-block-paragraph\">La serie Netflix <em><strong>Di4ri<\/strong><\/em> avr\u00e0 una seconda stagione: secondo quanto riportato dal magazine <strong>TBI<\/strong>, le vicissitudini degli studenti di una scuola media italiana alla prese con rotture familiari, dislessia e coming out, raccontate in ogni episodio dal punto di vista di un personaggio diverso, torneranno con altre 14 puntate. <br>Le prime sette usciranno in settembre, mentre per le ultime si dovr\u00e0 attendere marzo 2024.<\/p>\n\n\n\n<p class=\"wp-block-paragraph\">La serie \u00e8 prodotta da <strong>Stand by Me<\/strong> di <strong>Simona Ercolani<\/strong> (parte di <strong>Asacha Media Group<\/strong>): a seguito del debutto italiano su Netflix, a maggio 2022, e di quello internazionale di luglio, \u00e8 balzata nella Top Ten delle serie pi\u00f9 viste in 8 territori, e ci \u00e8 rimasta per alcune settimane.  <\/p>\n\n\n\n<p class=\"wp-block-paragraph\">&#8220;Nella seconda stagione i personaggi saranno leggermente pi\u00f9 grandi, avranno fra i 13 e i 14 anni, e affronteranno i problemi tipici della loro et\u00e0. &#8211; ha dichiarato Ercolani, showrunner della serie. &#8211; Esploreremo anche temi nuovi come il bullismo, l&#8217;ansia e l&#8217;insicurezza di questo periodo dalla vita. Ogni episodio conterr\u00e0 pi\u00f9 di un punto di vista e enfatizzeremo le differenze di percezione fra i personaggi&#8221;.<\/p>\n\n\n\n<p class=\"wp-block-paragraph\">Il rinnovo della serie avviene in un momento di espansione della societ\u00e0 per quanto riguarda il contenuto <em>kids&amp;teens<\/em>, che nel 2022 ha prodotto il quadruplo degli episodi rispetto al 2021.<\/p>\n\n\n\n<p class=\"wp-block-paragraph\">La societ\u00e0 \u00e8 al lavoro anche su un nuovo teen drama, <em><strong>Gi\u00f2<\/strong><\/em>, dove la protagonista \u00e8 una giovane e talentuosa pallavvolista che \u00e8 costretta a trasferirsi dalla citt\u00e0 in un piccolo paese, in seguito alla perdita dei genitori in un incidente d&#8217;auto.<\/p>\n\n\n\n<p class=\"wp-block-paragraph\">A gennaio, invece, \u00e8 uscito su Rai3 e Rai Gulp, ed \u00e8 ora disponibile su Rai Play<em>&nbsp;<strong>La Cartolina Di Elena<\/strong><\/em> (<em>A Postcard From Elena)<\/em>, film breve che combina animazione 2D e live action per raccontare la vera storia di Elena Colombo, una giovane ragazza ebrea deportata ad Auschwitz durante la Seconda Guerra Mondiale: unico caso documentato di minore non accompagnato.<\/p>\n\n\n\n<p class=\"wp-block-paragraph\">L&#8217;attuale slate <em>kids &amp; teens<\/em> di Stand By Me comprende inoltre i nuovi episodi di&nbsp;<em>Crush<\/em>&nbsp;per RAI Ragazzi,  dove una puntata diventer\u00e0 TV movie sempre per RAI. <\/p>\n\n\n\n<p class=\"wp-block-paragraph\"><\/p>\n","protected":false},"excerpt":{"rendered":"<p>La serie Netflix Di4ri  prodotta da Stand by Me avr\u00e0 una seconda stagione: i primi sette episodi a settembre 2023<\/p>\n","protected":false},"author":26,"featured_media":293884,"comment_status":"closed","ping_status":"closed","sticky":false,"template":"","format":"standard","meta":{"googlesitekit_rrm_CAow3e7fCw:productID":"","_crdt_document":"","footnotes":""},"categories":[1],"tags":[356,433,247],"class_list":{"0":"post-293883","1":"post","2":"type-post","3":"status-publish","4":"format-standard","5":"has-post-thumbnail","7":"category-senza-categoria","8":"tag-focus","9":"tag-rai","10":"tag-vod"},"yoast_head":"<!-- This site is optimized with the Yoast SEO Premium plugin v27.4 (Yoast SEO v27.4) - https:\/\/yoast.com\/product\/yoast-seo-premium-wordpress\/ -->\n<title>STAND BY ME Netflix annuncia la 2\u00b0 stagione di Di4ri - Cinema &amp; Video International<\/title>\n<meta name=\"description\" content=\"STAND BY ME Netflix annuncia la 2\u00b0 stagione di Di4ri \u2013 stand by me netflix annuncia la. La serie Netflix Di4ri avr\u00e0 una seconda stagione: secondo quanto r\" \/>\n<meta name=\"robots\" content=\"index, follow, max-snippet:-1, max-image-preview:large, max-video-preview:-1\" \/>\n<link rel=\"canonical\" href=\"https:\/\/cinema.video\/it\/stand-by-me-netflix-annuncia-la-2-stagione-di-di4ri\" \/>\n<meta property=\"og:locale\" content=\"it_IT\" \/>\n<meta property=\"og:type\" content=\"article\" \/>\n<meta property=\"og:title\" content=\"STAND BY ME Netflix annuncia la 2\u00b0 stagione di Di4ri\" \/>\n<meta property=\"og:description\" content=\"STAND BY ME Netflix annuncia la 2\u00b0 stagione di Di4ri \u2013 stand by me netflix annuncia la. La serie Netflix Di4ri avr\u00e0 una seconda stagione: secondo quanto r\" \/>\n<meta property=\"og:url\" content=\"https:\/\/cinema.video\/it\/stand-by-me-netflix-annuncia-la-2-stagione-di-di4ri\" \/>\n<meta property=\"og:site_name\" content=\"Cinema &amp; Video International\" \/>\n<meta property=\"article:publisher\" content=\"https:\/\/www.facebook.com\/CinemaVideoInternational\/\" \/>\n<meta property=\"article:published_time\" content=\"2023-03-16T08:27:42+00:00\" \/>\n<meta property=\"article:modified_time\" content=\"2026-04-10T02:00:34+00:00\" \/>\n<meta property=\"og:image\" content=\"https:\/\/cinema.video\/wp-content\/uploads\/2023\/03\/DI4RI-e1678897426627.jpg\" \/>\n\t<meta property=\"og:image:width\" content=\"800\" \/>\n\t<meta property=\"og:image:height\" content=\"450\" \/>\n\t<meta property=\"og:image:type\" content=\"image\/jpeg\" \/>\n<meta name=\"author\" content=\"Redazione\" \/>\n<meta name=\"twitter:card\" content=\"summary_large_image\" \/>\n<meta name=\"twitter:label1\" content=\"Scritto da\" \/>\n\t<meta name=\"twitter:data1\" content=\"Redazione\" \/>\n\t<meta name=\"twitter:label2\" content=\"Tempo di lettura stimato\" \/>\n\t<meta name=\"twitter:data2\" content=\"2 minuti\" \/>\n<script type=\"application\/ld+json\" class=\"yoast-schema-graph\">{\"@context\":\"https:\\\/\\\/schema.org\",\"@graph\":[{\"@type\":\"Article\",\"@id\":\"https:\\\/\\\/cinema.video\\\/it\\\/stand-by-me-netflix-annuncia-la-2-stagione-di-di4ri#article\",\"isPartOf\":{\"@id\":\"https:\\\/\\\/cinema.video\\\/it\\\/stand-by-me-netflix-annuncia-la-2-stagione-di-di4ri\"},\"author\":{\"name\":\"Redazione\",\"@id\":\"https:\\\/\\\/cinema.video\\\/it#\\\/schema\\\/person\\\/aeb01b91d874e8b01e76a1db04c668c6\"},\"headline\":\"STAND BY ME Netflix annuncia la 2\u00b0 stagione di Di4ri\",\"datePublished\":\"2023-03-16T08:27:42+00:00\",\"dateModified\":\"2026-04-10T02:00:34+00:00\",\"mainEntityOfPage\":{\"@id\":\"https:\\\/\\\/cinema.video\\\/it\\\/stand-by-me-netflix-annuncia-la-2-stagione-di-di4ri\"},\"wordCount\":346,\"publisher\":{\"@id\":\"https:\\\/\\\/cinema.video\\\/it#organization\"},\"image\":{\"@id\":\"https:\\\/\\\/cinema.video\\\/it\\\/stand-by-me-netflix-annuncia-la-2-stagione-di-di4ri#primaryimage\"},\"thumbnailUrl\":\"https:\\\/\\\/cinema.video\\\/wp-content\\\/uploads\\\/2023\\\/03\\\/DI4RI-e1678897426627.jpg\",\"keywords\":[\"focus\",\"RAI\",\"VoD\"],\"inLanguage\":\"it-IT\"},{\"@type\":\"WebPage\",\"@id\":\"https:\\\/\\\/cinema.video\\\/it\\\/stand-by-me-netflix-annuncia-la-2-stagione-di-di4ri\",\"url\":\"https:\\\/\\\/cinema.video\\\/it\\\/stand-by-me-netflix-annuncia-la-2-stagione-di-di4ri\",\"name\":\"STAND BY ME Netflix annuncia la 2\u00b0 stagione di Di4ri - Cinema &amp; Video International\",\"isPartOf\":{\"@id\":\"https:\\\/\\\/cinema.video\\\/it#website\"},\"primaryImageOfPage\":{\"@id\":\"https:\\\/\\\/cinema.video\\\/it\\\/stand-by-me-netflix-annuncia-la-2-stagione-di-di4ri#primaryimage\"},\"image\":{\"@id\":\"https:\\\/\\\/cinema.video\\\/it\\\/stand-by-me-netflix-annuncia-la-2-stagione-di-di4ri#primaryimage\"},\"thumbnailUrl\":\"https:\\\/\\\/cinema.video\\\/wp-content\\\/uploads\\\/2023\\\/03\\\/DI4RI-e1678897426627.jpg\",\"datePublished\":\"2023-03-16T08:27:42+00:00\",\"dateModified\":\"2026-04-10T02:00:34+00:00\",\"description\":\"STAND BY ME Netflix annuncia la 2\u00b0 stagione di Di4ri \u2013 stand by me netflix annuncia la. La serie Netflix Di4ri avr\u00e0 una seconda stagione: secondo quanto r\",\"breadcrumb\":{\"@id\":\"https:\\\/\\\/cinema.video\\\/it\\\/stand-by-me-netflix-annuncia-la-2-stagione-di-di4ri#breadcrumb\"},\"inLanguage\":\"it-IT\",\"potentialAction\":[{\"@type\":\"ReadAction\",\"target\":[\"https:\\\/\\\/cinema.video\\\/it\\\/stand-by-me-netflix-annuncia-la-2-stagione-di-di4ri\"]}]},{\"@type\":\"ImageObject\",\"inLanguage\":\"it-IT\",\"@id\":\"https:\\\/\\\/cinema.video\\\/it\\\/stand-by-me-netflix-annuncia-la-2-stagione-di-di4ri#primaryimage\",\"url\":\"https:\\\/\\\/cinema.video\\\/wp-content\\\/uploads\\\/2023\\\/03\\\/DI4RI-e1678897426627.jpg\",\"contentUrl\":\"https:\\\/\\\/cinema.video\\\/wp-content\\\/uploads\\\/2023\\\/03\\\/DI4RI-e1678897426627.jpg\",\"width\":800,\"height\":450},{\"@type\":\"BreadcrumbList\",\"@id\":\"https:\\\/\\\/cinema.video\\\/it\\\/stand-by-me-netflix-annuncia-la-2-stagione-di-di4ri#breadcrumb\",\"itemListElement\":[{\"@type\":\"ListItem\",\"position\":1,\"name\":\"Home\",\"item\":\"https:\\\/\\\/cinema.video\\\/it\\\/home-2\"},{\"@type\":\"ListItem\",\"position\":2,\"name\":\"STAND BY ME Netflix annuncia la 2\u00b0 stagione di Di4ri\"}]},{\"@type\":\"WebSite\",\"@id\":\"https:\\\/\\\/cinema.video\\\/it#website\",\"url\":\"https:\\\/\\\/cinema.video\\\/it\",\"name\":\"Cinema & Video International\",\"description\":\"Film &amp; Audiovisual Industry Trade Magazine\",\"publisher\":{\"@id\":\"https:\\\/\\\/cinema.video\\\/it#organization\"},\"alternateName\":\"Cinema & Video\",\"potentialAction\":[{\"@type\":\"SearchAction\",\"target\":{\"@type\":\"EntryPoint\",\"urlTemplate\":\"https:\\\/\\\/cinema.video\\\/it?s={search_term_string}\"},\"query-input\":{\"@type\":\"PropertyValueSpecification\",\"valueRequired\":true,\"valueName\":\"search_term_string\"}}],\"inLanguage\":\"it-IT\"},{\"@type\":\"Organization\",\"@id\":\"https:\\\/\\\/cinema.video\\\/it#organization\",\"name\":\"Cinema & Video\",\"url\":\"https:\\\/\\\/cinema.video\\\/it\",\"logo\":{\"@type\":\"ImageObject\",\"inLanguage\":\"it-IT\",\"@id\":\"https:\\\/\\\/cinema.video\\\/it#\\\/schema\\\/logo\\\/image\\\/\",\"url\":\"https:\\\/\\\/cinema.video\\\/wp-content\\\/uploads\\\/2026\\\/04\\\/CinemVideo_LogoBlack.png\",\"contentUrl\":\"https:\\\/\\\/cinema.video\\\/wp-content\\\/uploads\\\/2026\\\/04\\\/CinemVideo_LogoBlack.png\",\"width\":1336,\"height\":224,\"caption\":\"Cinema & Video\"},\"image\":{\"@id\":\"https:\\\/\\\/cinema.video\\\/it#\\\/schema\\\/logo\\\/image\\\/\"},\"sameAs\":[\"https:\\\/\\\/www.facebook.com\\\/CinemaVideoInternational\\\/\",\"https:\\\/\\\/www.instagram.com\\\/cinemaevideointernational\\\/\",\"https:\\\/\\\/it.linkedin.com\\\/company\\\/cinema-video-international\"],\"description\":\"Media Consulting & Marketing Agency\",\"email\":\"hello@darostudio.com\",\"legalName\":\"DARO studio LLC\",\"foundingDate\":\"2021-02-16\",\"numberOfEmployees\":{\"@type\":\"QuantitativeValue\",\"minValue\":\"1\",\"maxValue\":\"10\"}},{\"@type\":\"Person\",\"@id\":\"https:\\\/\\\/cinema.video\\\/it#\\\/schema\\\/person\\\/aeb01b91d874e8b01e76a1db04c668c6\",\"name\":\"Redazione\",\"image\":{\"@type\":\"ImageObject\",\"inLanguage\":\"it-IT\",\"@id\":\"https:\\\/\\\/secure.gravatar.com\\\/avatar\\\/06ad6f92eb14745b75fb592cadf8139d33242d81c9c8b085133c450aaf0b9731?s=96&d=mm&r=g\",\"url\":\"https:\\\/\\\/secure.gravatar.com\\\/avatar\\\/06ad6f92eb14745b75fb592cadf8139d33242d81c9c8b085133c450aaf0b9731?s=96&d=mm&r=g\",\"contentUrl\":\"https:\\\/\\\/secure.gravatar.com\\\/avatar\\\/06ad6f92eb14745b75fb592cadf8139d33242d81c9c8b085133c450aaf0b9731?s=96&d=mm&r=g\",\"caption\":\"Redazione\"},\"url\":\"https:\\\/\\\/cinema.video\\\/it\\\/author\\\/redazione\"}]}<\/script>\n<!-- \/ Yoast SEO Premium plugin. -->","yoast_head_json":{"title":"STAND BY ME Netflix annuncia la 2\u00b0 stagione di Di4ri - Cinema &amp; Video International","description":"STAND BY ME Netflix annuncia la 2\u00b0 stagione di Di4ri \u2013 stand by me netflix annuncia la. La serie Netflix Di4ri avr\u00e0 una seconda stagione: secondo quanto r","robots":{"index":"index","follow":"follow","max-snippet":"max-snippet:-1","max-image-preview":"max-image-preview:large","max-video-preview":"max-video-preview:-1"},"canonical":"https:\/\/cinema.video\/it\/stand-by-me-netflix-annuncia-la-2-stagione-di-di4ri","og_locale":"it_IT","og_type":"article","og_title":"STAND BY ME Netflix annuncia la 2\u00b0 stagione di Di4ri","og_description":"STAND BY ME Netflix annuncia la 2\u00b0 stagione di Di4ri \u2013 stand by me netflix annuncia la. La serie Netflix Di4ri avr\u00e0 una seconda stagione: secondo quanto r","og_url":"https:\/\/cinema.video\/it\/stand-by-me-netflix-annuncia-la-2-stagione-di-di4ri","og_site_name":"Cinema &amp; Video International","article_publisher":"https:\/\/www.facebook.com\/CinemaVideoInternational\/","article_published_time":"2023-03-16T08:27:42+00:00","article_modified_time":"2026-04-10T02:00:34+00:00","og_image":[{"width":800,"height":450,"url":"https:\/\/cinema.video\/wp-content\/uploads\/2023\/03\/DI4RI-e1678897426627.jpg","type":"image\/jpeg"}],"author":"Redazione","twitter_card":"summary_large_image","twitter_misc":{"Scritto da":"Redazione","Tempo di lettura stimato":"2 minuti"},"schema":{"@context":"https:\/\/schema.org","@graph":[{"@type":"Article","@id":"https:\/\/cinema.video\/it\/stand-by-me-netflix-annuncia-la-2-stagione-di-di4ri#article","isPartOf":{"@id":"https:\/\/cinema.video\/it\/stand-by-me-netflix-annuncia-la-2-stagione-di-di4ri"},"author":{"name":"Redazione","@id":"https:\/\/cinema.video\/it#\/schema\/person\/aeb01b91d874e8b01e76a1db04c668c6"},"headline":"STAND BY ME Netflix annuncia la 2\u00b0 stagione di Di4ri","datePublished":"2023-03-16T08:27:42+00:00","dateModified":"2026-04-10T02:00:34+00:00","mainEntityOfPage":{"@id":"https:\/\/cinema.video\/it\/stand-by-me-netflix-annuncia-la-2-stagione-di-di4ri"},"wordCount":346,"publisher":{"@id":"https:\/\/cinema.video\/it#organization"},"image":{"@id":"https:\/\/cinema.video\/it\/stand-by-me-netflix-annuncia-la-2-stagione-di-di4ri#primaryimage"},"thumbnailUrl":"https:\/\/cinema.video\/wp-content\/uploads\/2023\/03\/DI4RI-e1678897426627.jpg","keywords":["focus","RAI","VoD"],"inLanguage":"it-IT"},{"@type":"WebPage","@id":"https:\/\/cinema.video\/it\/stand-by-me-netflix-annuncia-la-2-stagione-di-di4ri","url":"https:\/\/cinema.video\/it\/stand-by-me-netflix-annuncia-la-2-stagione-di-di4ri","name":"STAND BY ME Netflix annuncia la 2\u00b0 stagione di Di4ri - Cinema &amp; Video International","isPartOf":{"@id":"https:\/\/cinema.video\/it#website"},"primaryImageOfPage":{"@id":"https:\/\/cinema.video\/it\/stand-by-me-netflix-annuncia-la-2-stagione-di-di4ri#primaryimage"},"image":{"@id":"https:\/\/cinema.video\/it\/stand-by-me-netflix-annuncia-la-2-stagione-di-di4ri#primaryimage"},"thumbnailUrl":"https:\/\/cinema.video\/wp-content\/uploads\/2023\/03\/DI4RI-e1678897426627.jpg","datePublished":"2023-03-16T08:27:42+00:00","dateModified":"2026-04-10T02:00:34+00:00","description":"STAND BY ME Netflix annuncia la 2\u00b0 stagione di Di4ri \u2013 stand by me netflix annuncia la. La serie Netflix Di4ri avr\u00e0 una seconda stagione: secondo quanto r","breadcrumb":{"@id":"https:\/\/cinema.video\/it\/stand-by-me-netflix-annuncia-la-2-stagione-di-di4ri#breadcrumb"},"inLanguage":"it-IT","potentialAction":[{"@type":"ReadAction","target":["https:\/\/cinema.video\/it\/stand-by-me-netflix-annuncia-la-2-stagione-di-di4ri"]}]},{"@type":"ImageObject","inLanguage":"it-IT","@id":"https:\/\/cinema.video\/it\/stand-by-me-netflix-annuncia-la-2-stagione-di-di4ri#primaryimage","url":"https:\/\/cinema.video\/wp-content\/uploads\/2023\/03\/DI4RI-e1678897426627.jpg","contentUrl":"https:\/\/cinema.video\/wp-content\/uploads\/2023\/03\/DI4RI-e1678897426627.jpg","width":800,"height":450},{"@type":"BreadcrumbList","@id":"https:\/\/cinema.video\/it\/stand-by-me-netflix-annuncia-la-2-stagione-di-di4ri#breadcrumb","itemListElement":[{"@type":"ListItem","position":1,"name":"Home","item":"https:\/\/cinema.video\/it\/home-2"},{"@type":"ListItem","position":2,"name":"STAND BY ME Netflix annuncia la 2\u00b0 stagione di Di4ri"}]},{"@type":"WebSite","@id":"https:\/\/cinema.video\/it#website","url":"https:\/\/cinema.video\/it","name":"Cinema & Video International","description":"Film &amp; Audiovisual Industry Trade Magazine","publisher":{"@id":"https:\/\/cinema.video\/it#organization"},"alternateName":"Cinema & Video","potentialAction":[{"@type":"SearchAction","target":{"@type":"EntryPoint","urlTemplate":"https:\/\/cinema.video\/it?s={search_term_string}"},"query-input":{"@type":"PropertyValueSpecification","valueRequired":true,"valueName":"search_term_string"}}],"inLanguage":"it-IT"},{"@type":"Organization","@id":"https:\/\/cinema.video\/it#organization","name":"Cinema & Video","url":"https:\/\/cinema.video\/it","logo":{"@type":"ImageObject","inLanguage":"it-IT","@id":"https:\/\/cinema.video\/it#\/schema\/logo\/image\/","url":"https:\/\/cinema.video\/wp-content\/uploads\/2026\/04\/CinemVideo_LogoBlack.png","contentUrl":"https:\/\/cinema.video\/wp-content\/uploads\/2026\/04\/CinemVideo_LogoBlack.png","width":1336,"height":224,"caption":"Cinema & Video"},"image":{"@id":"https:\/\/cinema.video\/it#\/schema\/logo\/image\/"},"sameAs":["https:\/\/www.facebook.com\/CinemaVideoInternational\/","https:\/\/www.instagram.com\/cinemaevideointernational\/","https:\/\/it.linkedin.com\/company\/cinema-video-international"],"description":"Media Consulting & Marketing Agency","email":"hello@darostudio.com","legalName":"DARO studio LLC","foundingDate":"2021-02-16","numberOfEmployees":{"@type":"QuantitativeValue","minValue":"1","maxValue":"10"}},{"@type":"Person","@id":"https:\/\/cinema.video\/it#\/schema\/person\/aeb01b91d874e8b01e76a1db04c668c6","name":"Redazione","image":{"@type":"ImageObject","inLanguage":"it-IT","@id":"https:\/\/secure.gravatar.com\/avatar\/06ad6f92eb14745b75fb592cadf8139d33242d81c9c8b085133c450aaf0b9731?s=96&d=mm&r=g","url":"https:\/\/secure.gravatar.com\/avatar\/06ad6f92eb14745b75fb592cadf8139d33242d81c9c8b085133c450aaf0b9731?s=96&d=mm&r=g","contentUrl":"https:\/\/secure.gravatar.com\/avatar\/06ad6f92eb14745b75fb592cadf8139d33242d81c9c8b085133c450aaf0b9731?s=96&d=mm&r=g","caption":"Redazione"},"url":"https:\/\/cinema.video\/it\/author\/redazione"}]}},"jetpack_featured_media_url":"https:\/\/cinema.video\/wp-content\/uploads\/2023\/03\/DI4RI-e1678897426627.jpg","jetpack_shortlink":"https:\/\/wp.me\/ph672m-1es3","_links":{"self":[{"href":"https:\/\/cinema.video\/it\/wp-json\/wp\/v2\/posts\/293883","targetHints":{"allow":["GET"]}}],"collection":[{"href":"https:\/\/cinema.video\/it\/wp-json\/wp\/v2\/posts"}],"about":[{"href":"https:\/\/cinema.video\/it\/wp-json\/wp\/v2\/types\/post"}],"author":[{"embeddable":true,"href":"https:\/\/cinema.video\/it\/wp-json\/wp\/v2\/users\/26"}],"replies":[{"embeddable":true,"href":"https:\/\/cinema.video\/it\/wp-json\/wp\/v2\/comments?post=293883"}],"version-history":[{"count":1,"href":"https:\/\/cinema.video\/it\/wp-json\/wp\/v2\/posts\/293883\/revisions"}],"predecessor-version":[{"id":308915,"href":"https:\/\/cinema.video\/it\/wp-json\/wp\/v2\/posts\/293883\/revisions\/308915"}],"wp:featuredmedia":[{"embeddable":true,"href":"https:\/\/cinema.video\/it\/wp-json\/wp\/v2\/media\/293884"}],"wp:attachment":[{"href":"https:\/\/cinema.video\/it\/wp-json\/wp\/v2\/media?parent=293883"}],"wp:term":[{"taxonomy":"category","embeddable":true,"href":"https:\/\/cinema.video\/it\/wp-json\/wp\/v2\/categories?post=293883"},{"taxonomy":"post_tag","embeddable":true,"href":"https:\/\/cinema.video\/it\/wp-json\/wp\/v2\/tags?post=293883"}],"curies":[{"name":"wp","href":"https:\/\/api.w.org\/{rel}","templated":true}]}}