{"id":293876,"date":"2023-03-15T16:28:23","date_gmt":"2023-03-15T15:28:23","guid":{"rendered":"https:\/\/cinema.video\/?p=293876"},"modified":"2026-04-10T04:00:34","modified_gmt":"2026-04-10T02:00:34","slug":"final-cut-in-venice-vgfm-barm-aperte-le-candidature","status":"publish","type":"post","link":"https:\/\/cinema.video\/it\/final-cut-in-venice-vgfm-barm-aperte-le-candidature","title":{"rendered":"FINAL CUT IN VENICE- VGFM- BARM Aperte le candidature"},"content":{"rendered":"\n<p class=\"wp-block-paragraph\">Sono aperte le candidature per l&#8217;11 edizione di <strong>Final Cut<\/strong> <strong>in Venice<\/strong>, il workshop dedicato ai work-in progress provenienti dai paesi africani e da cinque paesi del Medio Oriente (Iraq, Giordania,  Palestina, Siria e Libano), che si svolger\u00e0 dal 3 al 5 settembre all&#8217;interno di <strong>Venice Production Bridge<\/strong>, nell&#8217;ambito dell&#8217;80esima <strong>Mostra del Cinema di Venezia<\/strong><\/p>\n\n\n\n<p class=\"wp-block-paragraph\">Nei giorni del workshop, i sei film, nelle ultime fasi di produzione, selezionati saranno presentati a una platea di produttori, buyers, distributori e programmatori di  festival, attraverso una serie di attivit\u00e0 di networking, incontri che si concluderanno con i meetings one ot one organizzati il 5 settembre.<\/p>\n\n\n\n<p class=\"wp-block-paragraph\">Per il settimo anni, <strong> La Biennale di Venezia<\/strong>\u00a0premier\u00e0 con \u20ac 5,000 il miglior film  in post-produzione: la Giuria sar\u00e0 composta di tre membri nominati dal direttore del festival. Tutti gli altri (moltissimi) premi saranno attribuiti con decisione irrevocabile del direttore del festival, e in cooperazione con le istituzioni, i supporters dei progetti e le societ\u00e0 che forniscono i premi stessi (per la lista completa consulta il bando <a href=\"https:\/\/www.labiennale.org\/it\/cinema\/2023\/final-cut-venice\"><mark style=\"background-color:rgba(0, 0, 0, 0)\" class=\"has-inline-color has-vivid-red-color\"><strong>QUI<\/strong><\/mark><\/a>). <br>Le candidature reseteranno aperte fino al <strong>19 giugno<\/strong>.<\/p>\n\n\n\n<p class=\"wp-block-paragraph\">Sono state gi\u00e0 annunciate anche le scadenze per le altre sezioni di VPB: il<strong> 5 maggio <\/strong>per il <strong>Venice Gap Financing Market<\/strong>, la piattaforma nata per supportare produttori europei ed internaionali per il completamento del finanziamento dei progetti (film di finzione, documentari e progetti immersivi) che terr\u00e0 la sua decima edizione dal 1 al 3 settembre, ed \u00e8 cofinanziato dal <strong>MEDIA<\/strong>&nbsp;Fund della Commissione Europea. <\/p>\n\n\n\n<p class=\"wp-block-paragraph\">Dall&#8217;1 al 3 settembre si svolger\u00e0 anche l&#8217;ottava edizione del <strong>Book Adaptation Rights Market<\/strong>, e che offrir\u00e0 fino a 34 case editrici o agenzie letterarie internazionali un&#8217;area dedicata dove incontrare i produttori accreditati al Festival attraverso meetings one to one e presentargli  il loro catalogo. La deadline per candidarsi scade <strong>il 31 maggio. <\/strong><\/p>\n\n\n\n<p class=\"wp-block-paragraph\">Fra i selezionati, quattro saranno invitati come parte del FOCUS 2023 del Venice Production Bridge. <br>E anche il Book Adaptation Rights Market avr\u00e0 il suo Focus: se nel 2022 \u00e8 stata la volta del fumetto, nel 2023 toccher\u00e0 alla letteratura per bambini e giovani adulti.<\/p>\n","protected":false},"excerpt":{"rendered":"<p>C&#8217;\u00e8 tempo fino al 19 giugno per candidarsi a Final Cut in Venice. Fino al 5 maggio per Venice Gap Financing Market e fino al 31 maggio per il Book Adaptation Rights Market<\/p>\n","protected":false},"author":26,"featured_media":293880,"comment_status":"closed","ping_status":"closed","sticky":false,"template":"","format":"standard","meta":{"googlesitekit_rrm_CAow3e7fCw:productID":"","_crdt_document":"","footnotes":""},"categories":[1],"tags":[1054,356,2326,1694],"class_list":{"0":"post-293876","1":"post","2":"type-post","3":"status-publish","4":"format-standard","5":"has-post-thumbnail","7":"category-senza-categoria","8":"tag-final-cut-in-venice","9":"tag-focus","10":"tag-markets","11":"tag-venice-film-festival"},"yoast_head":"<!-- This site is optimized with the Yoast SEO Premium plugin v27.4 (Yoast SEO v27.4) - https:\/\/yoast.com\/product\/yoast-seo-premium-wordpress\/ -->\n<title>FINAL CUT IN VENICE- VGFM- BARM Aperte le candidature - Cinema &amp; Video International<\/title>\n<meta name=\"description\" content=\"FINAL CUT IN VENICE- VGFM- BARM Aperte le candidature \u2013 final cut in venice vgfm barm. Sono aperte le candidature per l&#039;11 edizione di Final Cut in Venice\" \/>\n<meta name=\"robots\" content=\"index, follow, max-snippet:-1, max-image-preview:large, max-video-preview:-1\" \/>\n<link rel=\"canonical\" href=\"https:\/\/cinema.video\/it\/final-cut-in-venice-vgfm-barm-aperte-le-candidature\" \/>\n<meta property=\"og:locale\" content=\"it_IT\" \/>\n<meta property=\"og:type\" content=\"article\" \/>\n<meta property=\"og:title\" content=\"FINAL CUT IN VENICE- VGFM- BARM Aperte le candidature\" \/>\n<meta property=\"og:description\" content=\"FINAL CUT IN VENICE- VGFM- BARM Aperte le candidature \u2013 final cut in venice vgfm barm. Sono aperte le candidature per l&#039;11 edizione di Final Cut in Venice\" \/>\n<meta property=\"og:url\" content=\"https:\/\/cinema.video\/it\/final-cut-in-venice-vgfm-barm-aperte-le-candidature\" \/>\n<meta property=\"og:site_name\" content=\"Cinema &amp; Video International\" \/>\n<meta property=\"article:publisher\" content=\"https:\/\/www.facebook.com\/CinemaVideoInternational\/\" \/>\n<meta property=\"article:published_time\" content=\"2023-03-15T15:28:23+00:00\" \/>\n<meta property=\"article:modified_time\" content=\"2026-04-10T02:00:34+00:00\" \/>\n<meta property=\"og:image\" content=\"https:\/\/cinema.video\/wp-content\/uploads\/2023\/03\/VPB-scaled-e1678894018285.jpg\" \/>\n\t<meta property=\"og:image:width\" content=\"800\" \/>\n\t<meta property=\"og:image:height\" content=\"532\" \/>\n\t<meta property=\"og:image:type\" content=\"image\/jpeg\" \/>\n<meta name=\"author\" content=\"Redazione\" \/>\n<meta name=\"twitter:card\" content=\"summary_large_image\" \/>\n<meta name=\"twitter:label1\" content=\"Scritto da\" \/>\n\t<meta name=\"twitter:data1\" content=\"Redazione\" \/>\n\t<meta name=\"twitter:label2\" content=\"Tempo di lettura stimato\" \/>\n\t<meta name=\"twitter:data2\" content=\"2 minuti\" \/>\n<script type=\"application\/ld+json\" class=\"yoast-schema-graph\">{\"@context\":\"https:\\\/\\\/schema.org\",\"@graph\":[{\"@type\":\"Article\",\"@id\":\"https:\\\/\\\/cinema.video\\\/it\\\/final-cut-in-venice-vgfm-barm-aperte-le-candidature#article\",\"isPartOf\":{\"@id\":\"https:\\\/\\\/cinema.video\\\/it\\\/final-cut-in-venice-vgfm-barm-aperte-le-candidature\"},\"author\":{\"name\":\"Redazione\",\"@id\":\"https:\\\/\\\/cinema.video\\\/it#\\\/schema\\\/person\\\/aeb01b91d874e8b01e76a1db04c668c6\"},\"headline\":\"FINAL CUT IN VENICE- VGFM- BARM Aperte le candidature\",\"datePublished\":\"2023-03-15T15:28:23+00:00\",\"dateModified\":\"2026-04-10T02:00:34+00:00\",\"mainEntityOfPage\":{\"@id\":\"https:\\\/\\\/cinema.video\\\/it\\\/final-cut-in-venice-vgfm-barm-aperte-le-candidature\"},\"wordCount\":340,\"publisher\":{\"@id\":\"https:\\\/\\\/cinema.video\\\/it#organization\"},\"image\":{\"@id\":\"https:\\\/\\\/cinema.video\\\/it\\\/final-cut-in-venice-vgfm-barm-aperte-le-candidature#primaryimage\"},\"thumbnailUrl\":\"https:\\\/\\\/cinema.video\\\/wp-content\\\/uploads\\\/2023\\\/03\\\/VPB-scaled-e1678894018285.jpg\",\"keywords\":[\"Final Cut in Venice\",\"focus\",\"MARKETS\",\"VENICE FILM FESTIVAL\"],\"inLanguage\":\"it-IT\"},{\"@type\":\"WebPage\",\"@id\":\"https:\\\/\\\/cinema.video\\\/it\\\/final-cut-in-venice-vgfm-barm-aperte-le-candidature\",\"url\":\"https:\\\/\\\/cinema.video\\\/it\\\/final-cut-in-venice-vgfm-barm-aperte-le-candidature\",\"name\":\"FINAL CUT IN VENICE- VGFM- BARM Aperte le candidature - Cinema &amp; Video International\",\"isPartOf\":{\"@id\":\"https:\\\/\\\/cinema.video\\\/it#website\"},\"primaryImageOfPage\":{\"@id\":\"https:\\\/\\\/cinema.video\\\/it\\\/final-cut-in-venice-vgfm-barm-aperte-le-candidature#primaryimage\"},\"image\":{\"@id\":\"https:\\\/\\\/cinema.video\\\/it\\\/final-cut-in-venice-vgfm-barm-aperte-le-candidature#primaryimage\"},\"thumbnailUrl\":\"https:\\\/\\\/cinema.video\\\/wp-content\\\/uploads\\\/2023\\\/03\\\/VPB-scaled-e1678894018285.jpg\",\"datePublished\":\"2023-03-15T15:28:23+00:00\",\"dateModified\":\"2026-04-10T02:00:34+00:00\",\"description\":\"FINAL CUT IN VENICE- VGFM- BARM Aperte le candidature \u2013 final cut in venice vgfm barm. Sono aperte le candidature per l'11 edizione di Final Cut in Venice\",\"breadcrumb\":{\"@id\":\"https:\\\/\\\/cinema.video\\\/it\\\/final-cut-in-venice-vgfm-barm-aperte-le-candidature#breadcrumb\"},\"inLanguage\":\"it-IT\",\"potentialAction\":[{\"@type\":\"ReadAction\",\"target\":[\"https:\\\/\\\/cinema.video\\\/it\\\/final-cut-in-venice-vgfm-barm-aperte-le-candidature\"]}]},{\"@type\":\"ImageObject\",\"inLanguage\":\"it-IT\",\"@id\":\"https:\\\/\\\/cinema.video\\\/it\\\/final-cut-in-venice-vgfm-barm-aperte-le-candidature#primaryimage\",\"url\":\"https:\\\/\\\/cinema.video\\\/wp-content\\\/uploads\\\/2023\\\/03\\\/VPB-scaled-e1678894018285.jpg\",\"contentUrl\":\"https:\\\/\\\/cinema.video\\\/wp-content\\\/uploads\\\/2023\\\/03\\\/VPB-scaled-e1678894018285.jpg\",\"width\":800,\"height\":532,\"caption\":\"VPB_04.09.2022 \u2013 FINAL CUT IN VENICE AWARDS CEREMONY - Foto ASAC \u2013 Andrea Pattaro\"},{\"@type\":\"BreadcrumbList\",\"@id\":\"https:\\\/\\\/cinema.video\\\/it\\\/final-cut-in-venice-vgfm-barm-aperte-le-candidature#breadcrumb\",\"itemListElement\":[{\"@type\":\"ListItem\",\"position\":1,\"name\":\"Home\",\"item\":\"https:\\\/\\\/cinema.video\\\/it\\\/home-2\"},{\"@type\":\"ListItem\",\"position\":2,\"name\":\"FINAL CUT IN VENICE- VGFM- BARM Aperte le candidature\"}]},{\"@type\":\"WebSite\",\"@id\":\"https:\\\/\\\/cinema.video\\\/it#website\",\"url\":\"https:\\\/\\\/cinema.video\\\/it\",\"name\":\"Cinema & Video International\",\"description\":\"Film &amp; Audiovisual Industry Trade Magazine\",\"publisher\":{\"@id\":\"https:\\\/\\\/cinema.video\\\/it#organization\"},\"alternateName\":\"Cinema & Video\",\"potentialAction\":[{\"@type\":\"SearchAction\",\"target\":{\"@type\":\"EntryPoint\",\"urlTemplate\":\"https:\\\/\\\/cinema.video\\\/it?s={search_term_string}\"},\"query-input\":{\"@type\":\"PropertyValueSpecification\",\"valueRequired\":true,\"valueName\":\"search_term_string\"}}],\"inLanguage\":\"it-IT\"},{\"@type\":\"Organization\",\"@id\":\"https:\\\/\\\/cinema.video\\\/it#organization\",\"name\":\"Cinema & Video\",\"url\":\"https:\\\/\\\/cinema.video\\\/it\",\"logo\":{\"@type\":\"ImageObject\",\"inLanguage\":\"it-IT\",\"@id\":\"https:\\\/\\\/cinema.video\\\/it#\\\/schema\\\/logo\\\/image\\\/\",\"url\":\"https:\\\/\\\/cinema.video\\\/wp-content\\\/uploads\\\/2026\\\/04\\\/CinemVideo_LogoBlack.png\",\"contentUrl\":\"https:\\\/\\\/cinema.video\\\/wp-content\\\/uploads\\\/2026\\\/04\\\/CinemVideo_LogoBlack.png\",\"width\":1336,\"height\":224,\"caption\":\"Cinema & Video\"},\"image\":{\"@id\":\"https:\\\/\\\/cinema.video\\\/it#\\\/schema\\\/logo\\\/image\\\/\"},\"sameAs\":[\"https:\\\/\\\/www.facebook.com\\\/CinemaVideoInternational\\\/\",\"https:\\\/\\\/www.instagram.com\\\/cinemaevideointernational\\\/\",\"https:\\\/\\\/it.linkedin.com\\\/company\\\/cinema-video-international\"],\"description\":\"Media Consulting & Marketing Agency\",\"email\":\"hello@darostudio.com\",\"legalName\":\"DARO studio LLC\",\"foundingDate\":\"2021-02-16\",\"numberOfEmployees\":{\"@type\":\"QuantitativeValue\",\"minValue\":\"1\",\"maxValue\":\"10\"}},{\"@type\":\"Person\",\"@id\":\"https:\\\/\\\/cinema.video\\\/it#\\\/schema\\\/person\\\/aeb01b91d874e8b01e76a1db04c668c6\",\"name\":\"Redazione\",\"image\":{\"@type\":\"ImageObject\",\"inLanguage\":\"it-IT\",\"@id\":\"https:\\\/\\\/secure.gravatar.com\\\/avatar\\\/06ad6f92eb14745b75fb592cadf8139d33242d81c9c8b085133c450aaf0b9731?s=96&d=mm&r=g\",\"url\":\"https:\\\/\\\/secure.gravatar.com\\\/avatar\\\/06ad6f92eb14745b75fb592cadf8139d33242d81c9c8b085133c450aaf0b9731?s=96&d=mm&r=g\",\"contentUrl\":\"https:\\\/\\\/secure.gravatar.com\\\/avatar\\\/06ad6f92eb14745b75fb592cadf8139d33242d81c9c8b085133c450aaf0b9731?s=96&d=mm&r=g\",\"caption\":\"Redazione\"},\"url\":\"https:\\\/\\\/cinema.video\\\/it\\\/author\\\/redazione\"}]}<\/script>\n<!-- \/ Yoast SEO Premium plugin. -->","yoast_head_json":{"title":"FINAL CUT IN VENICE- VGFM- BARM Aperte le candidature - Cinema &amp; Video International","description":"FINAL CUT IN VENICE- VGFM- BARM Aperte le candidature \u2013 final cut in venice vgfm barm. Sono aperte le candidature per l'11 edizione di Final Cut in Venice","robots":{"index":"index","follow":"follow","max-snippet":"max-snippet:-1","max-image-preview":"max-image-preview:large","max-video-preview":"max-video-preview:-1"},"canonical":"https:\/\/cinema.video\/it\/final-cut-in-venice-vgfm-barm-aperte-le-candidature","og_locale":"it_IT","og_type":"article","og_title":"FINAL CUT IN VENICE- VGFM- BARM Aperte le candidature","og_description":"FINAL CUT IN VENICE- VGFM- BARM Aperte le candidature \u2013 final cut in venice vgfm barm. Sono aperte le candidature per l'11 edizione di Final Cut in Venice","og_url":"https:\/\/cinema.video\/it\/final-cut-in-venice-vgfm-barm-aperte-le-candidature","og_site_name":"Cinema &amp; Video International","article_publisher":"https:\/\/www.facebook.com\/CinemaVideoInternational\/","article_published_time":"2023-03-15T15:28:23+00:00","article_modified_time":"2026-04-10T02:00:34+00:00","og_image":[{"width":800,"height":532,"url":"https:\/\/cinema.video\/wp-content\/uploads\/2023\/03\/VPB-scaled-e1678894018285.jpg","type":"image\/jpeg"}],"author":"Redazione","twitter_card":"summary_large_image","twitter_misc":{"Scritto da":"Redazione","Tempo di lettura stimato":"2 minuti"},"schema":{"@context":"https:\/\/schema.org","@graph":[{"@type":"Article","@id":"https:\/\/cinema.video\/it\/final-cut-in-venice-vgfm-barm-aperte-le-candidature#article","isPartOf":{"@id":"https:\/\/cinema.video\/it\/final-cut-in-venice-vgfm-barm-aperte-le-candidature"},"author":{"name":"Redazione","@id":"https:\/\/cinema.video\/it#\/schema\/person\/aeb01b91d874e8b01e76a1db04c668c6"},"headline":"FINAL CUT IN VENICE- VGFM- BARM Aperte le candidature","datePublished":"2023-03-15T15:28:23+00:00","dateModified":"2026-04-10T02:00:34+00:00","mainEntityOfPage":{"@id":"https:\/\/cinema.video\/it\/final-cut-in-venice-vgfm-barm-aperte-le-candidature"},"wordCount":340,"publisher":{"@id":"https:\/\/cinema.video\/it#organization"},"image":{"@id":"https:\/\/cinema.video\/it\/final-cut-in-venice-vgfm-barm-aperte-le-candidature#primaryimage"},"thumbnailUrl":"https:\/\/cinema.video\/wp-content\/uploads\/2023\/03\/VPB-scaled-e1678894018285.jpg","keywords":["Final Cut in Venice","focus","MARKETS","VENICE FILM FESTIVAL"],"inLanguage":"it-IT"},{"@type":"WebPage","@id":"https:\/\/cinema.video\/it\/final-cut-in-venice-vgfm-barm-aperte-le-candidature","url":"https:\/\/cinema.video\/it\/final-cut-in-venice-vgfm-barm-aperte-le-candidature","name":"FINAL CUT IN VENICE- VGFM- BARM Aperte le candidature - Cinema &amp; Video International","isPartOf":{"@id":"https:\/\/cinema.video\/it#website"},"primaryImageOfPage":{"@id":"https:\/\/cinema.video\/it\/final-cut-in-venice-vgfm-barm-aperte-le-candidature#primaryimage"},"image":{"@id":"https:\/\/cinema.video\/it\/final-cut-in-venice-vgfm-barm-aperte-le-candidature#primaryimage"},"thumbnailUrl":"https:\/\/cinema.video\/wp-content\/uploads\/2023\/03\/VPB-scaled-e1678894018285.jpg","datePublished":"2023-03-15T15:28:23+00:00","dateModified":"2026-04-10T02:00:34+00:00","description":"FINAL CUT IN VENICE- VGFM- BARM Aperte le candidature \u2013 final cut in venice vgfm barm. Sono aperte le candidature per l'11 edizione di Final Cut in Venice","breadcrumb":{"@id":"https:\/\/cinema.video\/it\/final-cut-in-venice-vgfm-barm-aperte-le-candidature#breadcrumb"},"inLanguage":"it-IT","potentialAction":[{"@type":"ReadAction","target":["https:\/\/cinema.video\/it\/final-cut-in-venice-vgfm-barm-aperte-le-candidature"]}]},{"@type":"ImageObject","inLanguage":"it-IT","@id":"https:\/\/cinema.video\/it\/final-cut-in-venice-vgfm-barm-aperte-le-candidature#primaryimage","url":"https:\/\/cinema.video\/wp-content\/uploads\/2023\/03\/VPB-scaled-e1678894018285.jpg","contentUrl":"https:\/\/cinema.video\/wp-content\/uploads\/2023\/03\/VPB-scaled-e1678894018285.jpg","width":800,"height":532,"caption":"VPB_04.09.2022 \u2013 FINAL CUT IN VENICE AWARDS CEREMONY - Foto ASAC \u2013 Andrea Pattaro"},{"@type":"BreadcrumbList","@id":"https:\/\/cinema.video\/it\/final-cut-in-venice-vgfm-barm-aperte-le-candidature#breadcrumb","itemListElement":[{"@type":"ListItem","position":1,"name":"Home","item":"https:\/\/cinema.video\/it\/home-2"},{"@type":"ListItem","position":2,"name":"FINAL CUT IN VENICE- VGFM- BARM Aperte le candidature"}]},{"@type":"WebSite","@id":"https:\/\/cinema.video\/it#website","url":"https:\/\/cinema.video\/it","name":"Cinema & Video International","description":"Film &amp; Audiovisual Industry Trade Magazine","publisher":{"@id":"https:\/\/cinema.video\/it#organization"},"alternateName":"Cinema & Video","potentialAction":[{"@type":"SearchAction","target":{"@type":"EntryPoint","urlTemplate":"https:\/\/cinema.video\/it?s={search_term_string}"},"query-input":{"@type":"PropertyValueSpecification","valueRequired":true,"valueName":"search_term_string"}}],"inLanguage":"it-IT"},{"@type":"Organization","@id":"https:\/\/cinema.video\/it#organization","name":"Cinema & Video","url":"https:\/\/cinema.video\/it","logo":{"@type":"ImageObject","inLanguage":"it-IT","@id":"https:\/\/cinema.video\/it#\/schema\/logo\/image\/","url":"https:\/\/cinema.video\/wp-content\/uploads\/2026\/04\/CinemVideo_LogoBlack.png","contentUrl":"https:\/\/cinema.video\/wp-content\/uploads\/2026\/04\/CinemVideo_LogoBlack.png","width":1336,"height":224,"caption":"Cinema & Video"},"image":{"@id":"https:\/\/cinema.video\/it#\/schema\/logo\/image\/"},"sameAs":["https:\/\/www.facebook.com\/CinemaVideoInternational\/","https:\/\/www.instagram.com\/cinemaevideointernational\/","https:\/\/it.linkedin.com\/company\/cinema-video-international"],"description":"Media Consulting & Marketing Agency","email":"hello@darostudio.com","legalName":"DARO studio LLC","foundingDate":"2021-02-16","numberOfEmployees":{"@type":"QuantitativeValue","minValue":"1","maxValue":"10"}},{"@type":"Person","@id":"https:\/\/cinema.video\/it#\/schema\/person\/aeb01b91d874e8b01e76a1db04c668c6","name":"Redazione","image":{"@type":"ImageObject","inLanguage":"it-IT","@id":"https:\/\/secure.gravatar.com\/avatar\/06ad6f92eb14745b75fb592cadf8139d33242d81c9c8b085133c450aaf0b9731?s=96&d=mm&r=g","url":"https:\/\/secure.gravatar.com\/avatar\/06ad6f92eb14745b75fb592cadf8139d33242d81c9c8b085133c450aaf0b9731?s=96&d=mm&r=g","contentUrl":"https:\/\/secure.gravatar.com\/avatar\/06ad6f92eb14745b75fb592cadf8139d33242d81c9c8b085133c450aaf0b9731?s=96&d=mm&r=g","caption":"Redazione"},"url":"https:\/\/cinema.video\/it\/author\/redazione"}]}},"jetpack_featured_media_url":"https:\/\/cinema.video\/wp-content\/uploads\/2023\/03\/VPB-scaled-e1678894018285.jpg","jetpack_shortlink":"https:\/\/wp.me\/ph672m-1erW","_links":{"self":[{"href":"https:\/\/cinema.video\/it\/wp-json\/wp\/v2\/posts\/293876","targetHints":{"allow":["GET"]}}],"collection":[{"href":"https:\/\/cinema.video\/it\/wp-json\/wp\/v2\/posts"}],"about":[{"href":"https:\/\/cinema.video\/it\/wp-json\/wp\/v2\/types\/post"}],"author":[{"embeddable":true,"href":"https:\/\/cinema.video\/it\/wp-json\/wp\/v2\/users\/26"}],"replies":[{"embeddable":true,"href":"https:\/\/cinema.video\/it\/wp-json\/wp\/v2\/comments?post=293876"}],"version-history":[{"count":1,"href":"https:\/\/cinema.video\/it\/wp-json\/wp\/v2\/posts\/293876\/revisions"}],"predecessor-version":[{"id":308914,"href":"https:\/\/cinema.video\/it\/wp-json\/wp\/v2\/posts\/293876\/revisions\/308914"}],"wp:featuredmedia":[{"embeddable":true,"href":"https:\/\/cinema.video\/it\/wp-json\/wp\/v2\/media\/293880"}],"wp:attachment":[{"href":"https:\/\/cinema.video\/it\/wp-json\/wp\/v2\/media?parent=293876"}],"wp:term":[{"taxonomy":"category","embeddable":true,"href":"https:\/\/cinema.video\/it\/wp-json\/wp\/v2\/categories?post=293876"},{"taxonomy":"post_tag","embeddable":true,"href":"https:\/\/cinema.video\/it\/wp-json\/wp\/v2\/tags?post=293876"}],"curies":[{"name":"wp","href":"https:\/\/api.w.org\/{rel}","templated":true}]}}