{"id":293816,"date":"2023-03-09T09:13:41","date_gmt":"2023-03-09T08:13:41","guid":{"rendered":"https:\/\/cinema.video\/?p=293816"},"modified":"2026-04-10T04:00:28","modified_gmt":"2026-04-10T02:00:28","slug":"bifst-il-cinema-e-le-serie-aprono-la-stagione-turistica","status":"publish","type":"post","link":"https:\/\/cinema.video\/it\/bifst-il-cinema-e-le-serie-aprono-la-stagione-turistica","title":{"rendered":"BiF&#038;ST Il Cinema (e le serie) aprono la stagione turistica"},"content":{"rendered":"\n<p class=\"wp-block-paragraph\">Sar\u00e0 <strong><em>Rumore &#8211; Human Vibes<\/em> <\/strong>di Simona Cocozza ad aprire il prossimo 24 marzo il <strong>Bif&amp;st- Bari Film Festival<\/strong>,  un evento speciale in collaborazione con <strong>Amnesty International<\/strong>, che vede la partecipazione di molti musicisti fra cui  Ivano Fossati, Carmen Consoli, Paola Turci, Daniele Silvestri, Niccol\u00f2 Fabi, Modena City Ramblers, Nada, Roy Paci, Simone Cristicchi, &#8220;e con orgoglio, anche i Negramaro, a ribadire lo stretto rapporto che lega il festival al territorio&#8221;. Dichiara <strong>Felice Laudadio<\/strong>, direttore artistico  da lui ideato e realizzato da\u00a0<strong>Apulia Film Commission <\/strong>in collaborazione con\u00a0<strong>Regione Puglia e Puglia Promozione <\/strong>e\u00a0la collaborazione del\u00a0<strong>Comune di Bari e del\u00a0Ministero\u00a0della Cultura<\/strong>.<\/p>\n\n\n\n<p class=\"wp-block-paragraph\">La conferenza stampa di presentazione della 14\u00b0  edizione \u00e8 anche l&#8217;occasione di salutare la nuova presidente di <strong>Apulia Film Commission<\/strong>, <strong>Anna Maria Tosto<\/strong>, che ci tiene a sottolineare quanto la politica culturale della Regione sia stata lungimirante negli anni: &#8220;se oggi Bari \u00e8 conosciuta in tutto il mondo e si parla di Polignano a Mare come una delle pi\u00f9 belle mete turistiche, lo dobbiamo sicuramente anche all&#8217;intensa attivit\u00e0 cinematografica supportata dalla film commission, e ad iniziative come il  Bif&amp;st. Una metodologia che deve proseguire per  stabilizzare questi successi e de-stagionalizzare l&#8217;enorme risposta che abbiamo avuto in termini turistici: questo deve passare attraverso iniziative culturali di respiro internazionale ed europeo, come europeo \u00e8 il respiro delle giovani generazioni. Il Comune sta lavorando per creare una cerniera fra territorio e nuove generazioni, e questo sar\u00e0 anche il senso del lavoro che continuer\u00e0 a fare Apulia Film Commission.&#8221;<\/p>\n\n\n\n<p class=\"wp-block-paragraph\">La sezione del Festival che pi\u00f9 guarda ai giovani \u00e8 <strong>ItaliaFilmFest\/Nuovo cinema italiano<\/strong>, in programma al <strong>Cinema Piccini<\/strong>: sette i film, sei in anteprima mondiale, che saranno giudicati da 24 giovani spettatori del territorio, guidati dalla produttrice <strong>Donatella Palermo<\/strong>. Sono: <strong><em>Scordato<\/em><\/strong> di&nbsp;e con&nbsp;<strong>Rocco Papaleo<\/strong>; <strong><em>Percoco&nbsp;\u2013Il primo mostro d\u2019Italia<\/em><\/strong> di&nbsp;<strong>Pier Luigi Ferrandini<\/strong>; <strong><em>Le mie ragazze di carta<\/em><\/strong> di&nbsp;<strong>Luca Lucini<\/strong>; <strong><em>L\u2019uomo senza colpa<\/em><\/strong> di&nbsp;<strong>Ivan Gergolet<\/strong>; <strong><em>Gli altri <\/em><\/strong>di&nbsp;<strong>Daniele Salvo<\/strong>; <strong><em>Tutti i cani muoiono soli<\/em><\/strong> di&nbsp;<strong>Paolo Pisanu<\/strong>, e <em><strong>La terra delle donne<\/strong><\/em> di&nbsp;<strong>Marisa Vallone<\/strong>. <\/p>\n\n\n\n<p class=\"wp-block-paragraph\">Al <strong>Teatro Petruzzelli <\/strong>si svolgeranno le proiezioni di <strong>Panorama Internazionale<\/strong>, la sezione competitiva che conta 12 film anteprima mondiale o&nbsp;internazionale&nbsp;provenienti da tutto il mondo. Fra questi, il nuovo di <strong>Milcho&nbsp;Manchevski<\/strong>, <strong><em>Kaymak <\/em><\/strong>(Repubblica di Macedonia-Danimarca-Croazia-Paesi Bassi), e<strong><em> Amusia<\/em><\/strong> di&nbsp;<strong>Marescotti Ruspoli <\/strong>con&nbsp;Carlotta Gamba, Giampiero De&nbsp;Concilio, Maurizio Lombardi, Fanny Ardant. A giudicarli, una Giuria Internazionale guidata dal regista iraniano&nbsp;<strong>Jafar Panahi<\/strong>, arrestato lo scorso luglio e liberato recentemente, a cui sar\u00e0 conferito il Premio Fellini all&#8217;eccellenza cinematografica, che gli sar\u00e0 portato dai 3 registi iraniani che saranno a Bari e presenzieranno alla grande mobilitazione del mondo del cinema in sostegno ai cineasti perseguitati dal regime degli Ayatollah, prevista per il 28 marzo, a seguito della proiezione del film <em><strong>Leila\u2019s Brothers <\/strong><\/em>di&nbsp;Saeed Roustayi. <\/p>\n\n\n\n<p class=\"wp-block-paragraph\">Sempre il Petruzzelli ospiter\u00e0 gli otto titoli-evento speciale delle <strong>Anteprime Internazionali<\/strong> (sezione non competitiva): aprir\u00e0 <em><strong>Il Ritorno di Casanova<\/strong><\/em> di <strong>Gabriele Salvatores<\/strong>, che sar\u00e0 anche protagonista di una Masterclass, a seguito della proiezione di <em>Nirvana<\/em>). Ci sar\u00e0 poi la prima proiezione dopo la Berlinale di <strong><em>Ingeborg Backman<\/em><\/strong>,  ritorno a Bari di <strong>Margarethe Von Trotta<\/strong>, gi\u00e0 presidente del Festival e ora presidente onorario; <strong><em>Quando <\/em><\/strong>di<strong> Valter Veltroni<\/strong>,<strong><em> Mia<\/em><\/strong> di Ivano De Matteo, <em><strong>The Kiss<\/strong><\/em> del premio Oscar Billy August; <strong><em>Air&nbsp;\u2013Courting a Legend<\/em><\/strong> (<em>Air&nbsp;-La storia del grande salto<\/em>) di <strong>Ben Affleck<\/strong> con&nbsp;i&nbsp;Premi Oscar&nbsp;Matt Damon e Ben Affleck, e, nel 50\u00b0 anniversario dell&#8217;uscita in sala di&nbsp;<em><strong>Ludwig&nbsp;<\/strong><\/em>di Luchino Visconti, il tributo a <strong>Ugo Santalucia<\/strong>, figlio del fondatore del&nbsp;Teatro&nbsp;Kursaal, Orazio, che vinse nel 1973 il David di Donatello per il miglior&nbsp;film: il capolavoro di Visconti sar\u00e0 presentato nella versione restaurata da 228&#8242;.<\/p>\n\n\n\n<p class=\"wp-block-paragraph\">Fra le sette  masterclass in programma (di Fabrizio Bentivoglio, Sonia Bergamasco, Luigi Lo Cascio, Francesco Piccolo), anche quella di<strong> Guido Lombardo<\/strong>, presidente della <strong>Titanus<\/strong>, a cui il Festival dedicher\u00e0 una retrospettiva di dieci film, capolavori del cinema italiano restaurati, in attesa del 120\u00b0 anniversario della societ\u00e0, che cadr\u00e0 nel 2024.<\/p>\n\n\n\n<p class=\"wp-block-paragraph\"><strong>Cinema&amp;Scienza<\/strong> prevede sette appuntamenti mattutini a cui hanno gi\u00e0 aderito migliaia di studenti delle scuole medie superiori di Bari e provincia, e  la partecipazione di scienziati del CNR, con un ciclo di proiezioni introdotto il 25 marzo da un incontro&nbsp;promosso&nbsp;dall\u2019Assessorato all\u2019Ambiente della&nbsp;Regione Puglia. <br>In chiusura, il 1 aprile, l\u2019attesissimo&nbsp;docufilm&nbsp;<strong><em>The Forest Maker<\/em><\/strong> (<em>Il&nbsp;costruttore di foreste<\/em>,&nbsp;2021) di <strong>Volker Schlond\u00f6rff<\/strong>, presidente del Festival, che al termine si confronter\u00e0&nbsp;con&nbsp;Antonello Pasini del CNR.<\/p>\n\n\n\n<p class=\"wp-block-paragraph\">Dopo il clamoroso successo della scorsa edizione, torna, con un nuovo logo,  al Teatro <strong>Kursaal Santa Lucia<\/strong>, la sezione fiction, che diventa il <strong>BariFictionF&amp;st<\/strong>,. E, anticipa Laudadio, &#8220;potrebbe diventare una sezione indipendente, da tenersi in un altro periodo, ipoteticamente a fine settembre, come  vetrina di opere audiovisive da offrire in anteprima al pi\u00f9 vasto pubblico.&#8221; Quest&#8217;anno sar\u00e0 una rassegna&nbsp;essenziale (dal 26 al 31 marzo)&nbsp;di&nbsp;opere&nbsp;televisive (tv movie, serie, miniserie,&nbsp;docufiction ecc.) prodotte da grandi&nbsp;broadcaster italiani e internazionali, in primis&nbsp;<strong>Rai&nbsp;Fiction<\/strong>. <br>&#8220;L&#8217;anno scorso per<strong><em> Il Metodo Fenoglio<\/em><\/strong>, dovemmo allontanare la gente, ed era solo l&#8217;annuncio che si sarebbe girata a Bari questa serie, di cui quest&#8217;anno si vedranno i primi due episodi, alla presenza di <strong>Alessio Boni e Gianrico Carofiglio<\/strong>&#8221; aggiunge Laudadio.<\/p>\n\n\n\n<p class=\"wp-block-paragraph\">A proposito di fiction, questa \u00e8 chiamata in causa anche dal Sindaco di Bari, <strong>Antonio Decaro<\/strong>, che &#8216;ringrazia&#8217; Gabriella Genisi Luisa Ranieri e Lolita Lobosco, &#8220;tre donne che con  la fiction hanno reso noti in tutto il paese i luoghi pi\u00f9 caratteristici della nostra citt\u00e0, e grazie anche ad Apulia Film Commission che l&#8217;ha accompagnata&#8221;.<\/p>\n\n\n\n<p class=\"wp-block-paragraph\">De Caro, assieme all&#8217;Assessore al Turismo della Regione <strong>Gianfranco Lopane<\/strong>, ricorda infine, come il Festival sia uno dei momenti cardine dell&#8217;apertura della stagione turistica, essendo un potente catalizzatore di turismo culturale. E a questo proposito si rafforza il cartellone del Fuori <strong>Bif&amp;st<\/strong>, &#8220;che prevede oltre cento eventi, fra mostre, proiezioni all&#8217;aperto, men\u00f9 a tema nei ristoranti, dj set: \u00e8 come se tutta la citt\u00e0  accompagnasse il festival, aprendo la stagione degli eventi che possiamo realizzare grazie alla Regione Puglia.&#8221; <\/p>\n\n\n\n<p class=\"wp-block-paragraph\"><\/p>\n\n\n\n<p class=\"wp-block-paragraph\"><\/p>\n","protected":false},"excerpt":{"rendered":"<p>Il programma del 14\u00b0 Bif&#038;est, il Festival del Cinema di Bari diretto da Felice Laudadio e organizzato da Apulia Film Commission in collaborazione con Regione Puglia e  Puglia Promozione. Fra le novit\u00e0 il rinnovato BariFictionFest, che potrebbe diventare una sezione indipendente<\/p>\n","protected":false},"author":26,"featured_media":293817,"comment_status":"closed","ping_status":"closed","sticky":false,"template":"","format":"standard","meta":{"googlesitekit_rrm_CAow3e7fCw:productID":"","_crdt_document":"","footnotes":""},"categories":[189],"tags":[267,2334,593],"class_list":{"0":"post-293816","1":"post","2":"type-post","3":"status-publish","4":"format-standard","5":"has-post-thumbnail","7":"category-events","8":"tag-apulia-film-commission","9":"tag-events","10":"tag-pugliapromozione"},"yoast_head":"<!-- This site is optimized with the Yoast SEO Premium plugin v27.4 (Yoast SEO v27.5) - https:\/\/yoast.com\/product\/yoast-seo-premium-wordpress\/ -->\n<title>BiF&amp;ST Il Cinema (e le serie) aprono la stagione turistica - Cinema &amp; Video International<\/title>\n<meta name=\"description\" content=\"BiF&amp;ST Il Cinema (e le serie) aprono la stagione turistica \u2013 bifst il cinema e le serie. Sar\u00e0 Rumore - Human Vibes di Simona Cocozza ad aprire il prossimo\" \/>\n<meta name=\"robots\" content=\"index, follow, max-snippet:-1, max-image-preview:large, max-video-preview:-1\" \/>\n<link rel=\"canonical\" href=\"https:\/\/cinema.video\/it\/bifst-il-cinema-e-le-serie-aprono-la-stagione-turistica\" \/>\n<meta property=\"og:locale\" content=\"it_IT\" \/>\n<meta property=\"og:type\" content=\"article\" \/>\n<meta property=\"og:title\" content=\"BiF&amp;ST Il Cinema (e le serie) aprono la stagione turistica\" \/>\n<meta property=\"og:description\" content=\"BiF&amp;ST Il Cinema (e le serie) aprono la stagione turistica \u2013 bifst il cinema e le serie. Sar\u00e0 Rumore - Human Vibes di Simona Cocozza ad aprire il prossimo\" \/>\n<meta property=\"og:url\" content=\"https:\/\/cinema.video\/it\/bifst-il-cinema-e-le-serie-aprono-la-stagione-turistica\" \/>\n<meta property=\"og:site_name\" content=\"Cinema &amp; Video International\" \/>\n<meta property=\"article:publisher\" content=\"https:\/\/www.facebook.com\/CinemaVideoInternational\/\" \/>\n<meta property=\"article:published_time\" content=\"2023-03-09T08:13:41+00:00\" \/>\n<meta property=\"article:modified_time\" content=\"2026-04-10T02:00:28+00:00\" \/>\n<meta property=\"og:image\" content=\"https:\/\/cinema.video\/wp-content\/uploads\/2023\/03\/Teatro_Petruzzelli__durante_il_Bifest_NA-DSC_4536-scaled-e1678293905477.jpg\" \/>\n\t<meta property=\"og:image:width\" content=\"800\" \/>\n\t<meta property=\"og:image:height\" content=\"523\" \/>\n\t<meta property=\"og:image:type\" content=\"image\/jpeg\" \/>\n<meta name=\"author\" content=\"Redazione\" \/>\n<meta name=\"twitter:card\" content=\"summary_large_image\" \/>\n<meta name=\"twitter:label1\" content=\"Scritto da\" \/>\n\t<meta name=\"twitter:data1\" content=\"Redazione\" \/>\n\t<meta name=\"twitter:label2\" content=\"Tempo di lettura stimato\" \/>\n\t<meta name=\"twitter:data2\" content=\"6 minuti\" \/>\n<script type=\"application\/ld+json\" class=\"yoast-schema-graph\">{\"@context\":\"https:\\\/\\\/schema.org\",\"@graph\":[{\"@type\":\"Article\",\"@id\":\"https:\\\/\\\/cinema.video\\\/it\\\/bifst-il-cinema-e-le-serie-aprono-la-stagione-turistica#article\",\"isPartOf\":{\"@id\":\"https:\\\/\\\/cinema.video\\\/it\\\/bifst-il-cinema-e-le-serie-aprono-la-stagione-turistica\"},\"author\":{\"name\":\"Redazione\",\"@id\":\"https:\\\/\\\/cinema.video\\\/it#\\\/schema\\\/person\\\/aeb01b91d874e8b01e76a1db04c668c6\"},\"headline\":\"BiF&#038;ST Il Cinema (e le serie) aprono la stagione turistica\",\"datePublished\":\"2023-03-09T08:13:41+00:00\",\"dateModified\":\"2026-04-10T02:00:28+00:00\",\"mainEntityOfPage\":{\"@id\":\"https:\\\/\\\/cinema.video\\\/it\\\/bifst-il-cinema-e-le-serie-aprono-la-stagione-turistica\"},\"wordCount\":1064,\"publisher\":{\"@id\":\"https:\\\/\\\/cinema.video\\\/it#organization\"},\"image\":{\"@id\":\"https:\\\/\\\/cinema.video\\\/it\\\/bifst-il-cinema-e-le-serie-aprono-la-stagione-turistica#primaryimage\"},\"thumbnailUrl\":\"https:\\\/\\\/cinema.video\\\/wp-content\\\/uploads\\\/2023\\\/03\\\/Teatro_Petruzzelli__durante_il_Bifest_NA-DSC_4536-scaled-e1678293905477.jpg\",\"keywords\":[\"APULIA FILM COMMISSION\",\"EVENTS\",\"Pugliapromozione\"],\"articleSection\":[\"EVENTS\"],\"inLanguage\":\"it-IT\"},{\"@type\":\"WebPage\",\"@id\":\"https:\\\/\\\/cinema.video\\\/it\\\/bifst-il-cinema-e-le-serie-aprono-la-stagione-turistica\",\"url\":\"https:\\\/\\\/cinema.video\\\/it\\\/bifst-il-cinema-e-le-serie-aprono-la-stagione-turistica\",\"name\":\"BiF&ST Il Cinema (e le serie) aprono la stagione turistica - Cinema &amp; Video International\",\"isPartOf\":{\"@id\":\"https:\\\/\\\/cinema.video\\\/it#website\"},\"primaryImageOfPage\":{\"@id\":\"https:\\\/\\\/cinema.video\\\/it\\\/bifst-il-cinema-e-le-serie-aprono-la-stagione-turistica#primaryimage\"},\"image\":{\"@id\":\"https:\\\/\\\/cinema.video\\\/it\\\/bifst-il-cinema-e-le-serie-aprono-la-stagione-turistica#primaryimage\"},\"thumbnailUrl\":\"https:\\\/\\\/cinema.video\\\/wp-content\\\/uploads\\\/2023\\\/03\\\/Teatro_Petruzzelli__durante_il_Bifest_NA-DSC_4536-scaled-e1678293905477.jpg\",\"datePublished\":\"2023-03-09T08:13:41+00:00\",\"dateModified\":\"2026-04-10T02:00:28+00:00\",\"description\":\"BiF&ST Il Cinema (e le serie) aprono la stagione turistica \u2013 bifst il cinema e le serie. Sar\u00e0 Rumore - Human Vibes di Simona Cocozza ad aprire il prossimo\",\"breadcrumb\":{\"@id\":\"https:\\\/\\\/cinema.video\\\/it\\\/bifst-il-cinema-e-le-serie-aprono-la-stagione-turistica#breadcrumb\"},\"inLanguage\":\"it-IT\",\"potentialAction\":[{\"@type\":\"ReadAction\",\"target\":[\"https:\\\/\\\/cinema.video\\\/it\\\/bifst-il-cinema-e-le-serie-aprono-la-stagione-turistica\"]}]},{\"@type\":\"ImageObject\",\"inLanguage\":\"it-IT\",\"@id\":\"https:\\\/\\\/cinema.video\\\/it\\\/bifst-il-cinema-e-le-serie-aprono-la-stagione-turistica#primaryimage\",\"url\":\"https:\\\/\\\/cinema.video\\\/wp-content\\\/uploads\\\/2023\\\/03\\\/Teatro_Petruzzelli__durante_il_Bifest_NA-DSC_4536-scaled-e1678293905477.jpg\",\"contentUrl\":\"https:\\\/\\\/cinema.video\\\/wp-content\\\/uploads\\\/2023\\\/03\\\/Teatro_Petruzzelli__durante_il_Bifest_NA-DSC_4536-scaled-e1678293905477.jpg\",\"width\":800,\"height\":523},{\"@type\":\"BreadcrumbList\",\"@id\":\"https:\\\/\\\/cinema.video\\\/it\\\/bifst-il-cinema-e-le-serie-aprono-la-stagione-turistica#breadcrumb\",\"itemListElement\":[{\"@type\":\"ListItem\",\"position\":1,\"name\":\"Home\",\"item\":\"https:\\\/\\\/cinema.video\\\/it\\\/home-2\"},{\"@type\":\"ListItem\",\"position\":2,\"name\":\"BiF&#038;ST Il Cinema (e le serie) aprono la stagione turistica\"}]},{\"@type\":\"WebSite\",\"@id\":\"https:\\\/\\\/cinema.video\\\/it#website\",\"url\":\"https:\\\/\\\/cinema.video\\\/it\",\"name\":\"Cinema & Video International\",\"description\":\"Film &amp; Audiovisual Industry Trade Magazine\",\"publisher\":{\"@id\":\"https:\\\/\\\/cinema.video\\\/it#organization\"},\"alternateName\":\"Cinema & Video\",\"potentialAction\":[{\"@type\":\"SearchAction\",\"target\":{\"@type\":\"EntryPoint\",\"urlTemplate\":\"https:\\\/\\\/cinema.video\\\/it?s={search_term_string}\"},\"query-input\":{\"@type\":\"PropertyValueSpecification\",\"valueRequired\":true,\"valueName\":\"search_term_string\"}}],\"inLanguage\":\"it-IT\"},{\"@type\":\"Organization\",\"@id\":\"https:\\\/\\\/cinema.video\\\/it#organization\",\"name\":\"Cinema & Video\",\"url\":\"https:\\\/\\\/cinema.video\\\/it\",\"logo\":{\"@type\":\"ImageObject\",\"inLanguage\":\"it-IT\",\"@id\":\"https:\\\/\\\/cinema.video\\\/it#\\\/schema\\\/logo\\\/image\\\/\",\"url\":\"https:\\\/\\\/cinema.video\\\/wp-content\\\/uploads\\\/2026\\\/04\\\/CinemVideo_LogoBlack.png\",\"contentUrl\":\"https:\\\/\\\/cinema.video\\\/wp-content\\\/uploads\\\/2026\\\/04\\\/CinemVideo_LogoBlack.png\",\"width\":1336,\"height\":224,\"caption\":\"Cinema & Video\"},\"image\":{\"@id\":\"https:\\\/\\\/cinema.video\\\/it#\\\/schema\\\/logo\\\/image\\\/\"},\"sameAs\":[\"https:\\\/\\\/www.facebook.com\\\/CinemaVideoInternational\\\/\",\"https:\\\/\\\/www.instagram.com\\\/cinemaevideointernational\\\/\",\"https:\\\/\\\/it.linkedin.com\\\/company\\\/cinema-video-international\"],\"description\":\"Media Consulting & Marketing Agency\",\"email\":\"hello@darostudio.com\",\"legalName\":\"DARO studio LLC\",\"foundingDate\":\"2021-02-16\",\"numberOfEmployees\":{\"@type\":\"QuantitativeValue\",\"minValue\":\"1\",\"maxValue\":\"10\"}},{\"@type\":\"Person\",\"@id\":\"https:\\\/\\\/cinema.video\\\/it#\\\/schema\\\/person\\\/aeb01b91d874e8b01e76a1db04c668c6\",\"name\":\"Redazione\",\"image\":{\"@type\":\"ImageObject\",\"inLanguage\":\"it-IT\",\"@id\":\"https:\\\/\\\/secure.gravatar.com\\\/avatar\\\/06ad6f92eb14745b75fb592cadf8139d33242d81c9c8b085133c450aaf0b9731?s=96&d=mm&r=g\",\"url\":\"https:\\\/\\\/secure.gravatar.com\\\/avatar\\\/06ad6f92eb14745b75fb592cadf8139d33242d81c9c8b085133c450aaf0b9731?s=96&d=mm&r=g\",\"contentUrl\":\"https:\\\/\\\/secure.gravatar.com\\\/avatar\\\/06ad6f92eb14745b75fb592cadf8139d33242d81c9c8b085133c450aaf0b9731?s=96&d=mm&r=g\",\"caption\":\"Redazione\"},\"url\":\"https:\\\/\\\/cinema.video\\\/it\\\/author\\\/redazione\"}]}<\/script>\n<!-- \/ Yoast SEO Premium plugin. -->","yoast_head_json":{"title":"BiF&ST Il Cinema (e le serie) aprono la stagione turistica - Cinema &amp; Video International","description":"BiF&ST Il Cinema (e le serie) aprono la stagione turistica \u2013 bifst il cinema e le serie. Sar\u00e0 Rumore - Human Vibes di Simona Cocozza ad aprire il prossimo","robots":{"index":"index","follow":"follow","max-snippet":"max-snippet:-1","max-image-preview":"max-image-preview:large","max-video-preview":"max-video-preview:-1"},"canonical":"https:\/\/cinema.video\/it\/bifst-il-cinema-e-le-serie-aprono-la-stagione-turistica","og_locale":"it_IT","og_type":"article","og_title":"BiF&ST Il Cinema (e le serie) aprono la stagione turistica","og_description":"BiF&ST Il Cinema (e le serie) aprono la stagione turistica \u2013 bifst il cinema e le serie. Sar\u00e0 Rumore - Human Vibes di Simona Cocozza ad aprire il prossimo","og_url":"https:\/\/cinema.video\/it\/bifst-il-cinema-e-le-serie-aprono-la-stagione-turistica","og_site_name":"Cinema &amp; Video International","article_publisher":"https:\/\/www.facebook.com\/CinemaVideoInternational\/","article_published_time":"2023-03-09T08:13:41+00:00","article_modified_time":"2026-04-10T02:00:28+00:00","og_image":[{"width":800,"height":523,"url":"https:\/\/cinema.video\/wp-content\/uploads\/2023\/03\/Teatro_Petruzzelli__durante_il_Bifest_NA-DSC_4536-scaled-e1678293905477.jpg","type":"image\/jpeg"}],"author":"Redazione","twitter_card":"summary_large_image","twitter_misc":{"Scritto da":"Redazione","Tempo di lettura stimato":"6 minuti"},"schema":{"@context":"https:\/\/schema.org","@graph":[{"@type":"Article","@id":"https:\/\/cinema.video\/it\/bifst-il-cinema-e-le-serie-aprono-la-stagione-turistica#article","isPartOf":{"@id":"https:\/\/cinema.video\/it\/bifst-il-cinema-e-le-serie-aprono-la-stagione-turistica"},"author":{"name":"Redazione","@id":"https:\/\/cinema.video\/it#\/schema\/person\/aeb01b91d874e8b01e76a1db04c668c6"},"headline":"BiF&#038;ST Il Cinema (e le serie) aprono la stagione turistica","datePublished":"2023-03-09T08:13:41+00:00","dateModified":"2026-04-10T02:00:28+00:00","mainEntityOfPage":{"@id":"https:\/\/cinema.video\/it\/bifst-il-cinema-e-le-serie-aprono-la-stagione-turistica"},"wordCount":1064,"publisher":{"@id":"https:\/\/cinema.video\/it#organization"},"image":{"@id":"https:\/\/cinema.video\/it\/bifst-il-cinema-e-le-serie-aprono-la-stagione-turistica#primaryimage"},"thumbnailUrl":"https:\/\/cinema.video\/wp-content\/uploads\/2023\/03\/Teatro_Petruzzelli__durante_il_Bifest_NA-DSC_4536-scaled-e1678293905477.jpg","keywords":["APULIA FILM COMMISSION","EVENTS","Pugliapromozione"],"articleSection":["EVENTS"],"inLanguage":"it-IT"},{"@type":"WebPage","@id":"https:\/\/cinema.video\/it\/bifst-il-cinema-e-le-serie-aprono-la-stagione-turistica","url":"https:\/\/cinema.video\/it\/bifst-il-cinema-e-le-serie-aprono-la-stagione-turistica","name":"BiF&ST Il Cinema (e le serie) aprono la stagione turistica - Cinema &amp; Video International","isPartOf":{"@id":"https:\/\/cinema.video\/it#website"},"primaryImageOfPage":{"@id":"https:\/\/cinema.video\/it\/bifst-il-cinema-e-le-serie-aprono-la-stagione-turistica#primaryimage"},"image":{"@id":"https:\/\/cinema.video\/it\/bifst-il-cinema-e-le-serie-aprono-la-stagione-turistica#primaryimage"},"thumbnailUrl":"https:\/\/cinema.video\/wp-content\/uploads\/2023\/03\/Teatro_Petruzzelli__durante_il_Bifest_NA-DSC_4536-scaled-e1678293905477.jpg","datePublished":"2023-03-09T08:13:41+00:00","dateModified":"2026-04-10T02:00:28+00:00","description":"BiF&ST Il Cinema (e le serie) aprono la stagione turistica \u2013 bifst il cinema e le serie. Sar\u00e0 Rumore - Human Vibes di Simona Cocozza ad aprire il prossimo","breadcrumb":{"@id":"https:\/\/cinema.video\/it\/bifst-il-cinema-e-le-serie-aprono-la-stagione-turistica#breadcrumb"},"inLanguage":"it-IT","potentialAction":[{"@type":"ReadAction","target":["https:\/\/cinema.video\/it\/bifst-il-cinema-e-le-serie-aprono-la-stagione-turistica"]}]},{"@type":"ImageObject","inLanguage":"it-IT","@id":"https:\/\/cinema.video\/it\/bifst-il-cinema-e-le-serie-aprono-la-stagione-turistica#primaryimage","url":"https:\/\/cinema.video\/wp-content\/uploads\/2023\/03\/Teatro_Petruzzelli__durante_il_Bifest_NA-DSC_4536-scaled-e1678293905477.jpg","contentUrl":"https:\/\/cinema.video\/wp-content\/uploads\/2023\/03\/Teatro_Petruzzelli__durante_il_Bifest_NA-DSC_4536-scaled-e1678293905477.jpg","width":800,"height":523},{"@type":"BreadcrumbList","@id":"https:\/\/cinema.video\/it\/bifst-il-cinema-e-le-serie-aprono-la-stagione-turistica#breadcrumb","itemListElement":[{"@type":"ListItem","position":1,"name":"Home","item":"https:\/\/cinema.video\/it\/home-2"},{"@type":"ListItem","position":2,"name":"BiF&#038;ST Il Cinema (e le serie) aprono la stagione turistica"}]},{"@type":"WebSite","@id":"https:\/\/cinema.video\/it#website","url":"https:\/\/cinema.video\/it","name":"Cinema & Video International","description":"Film &amp; Audiovisual Industry Trade Magazine","publisher":{"@id":"https:\/\/cinema.video\/it#organization"},"alternateName":"Cinema & Video","potentialAction":[{"@type":"SearchAction","target":{"@type":"EntryPoint","urlTemplate":"https:\/\/cinema.video\/it?s={search_term_string}"},"query-input":{"@type":"PropertyValueSpecification","valueRequired":true,"valueName":"search_term_string"}}],"inLanguage":"it-IT"},{"@type":"Organization","@id":"https:\/\/cinema.video\/it#organization","name":"Cinema & Video","url":"https:\/\/cinema.video\/it","logo":{"@type":"ImageObject","inLanguage":"it-IT","@id":"https:\/\/cinema.video\/it#\/schema\/logo\/image\/","url":"https:\/\/cinema.video\/wp-content\/uploads\/2026\/04\/CinemVideo_LogoBlack.png","contentUrl":"https:\/\/cinema.video\/wp-content\/uploads\/2026\/04\/CinemVideo_LogoBlack.png","width":1336,"height":224,"caption":"Cinema & Video"},"image":{"@id":"https:\/\/cinema.video\/it#\/schema\/logo\/image\/"},"sameAs":["https:\/\/www.facebook.com\/CinemaVideoInternational\/","https:\/\/www.instagram.com\/cinemaevideointernational\/","https:\/\/it.linkedin.com\/company\/cinema-video-international"],"description":"Media Consulting & Marketing Agency","email":"hello@darostudio.com","legalName":"DARO studio LLC","foundingDate":"2021-02-16","numberOfEmployees":{"@type":"QuantitativeValue","minValue":"1","maxValue":"10"}},{"@type":"Person","@id":"https:\/\/cinema.video\/it#\/schema\/person\/aeb01b91d874e8b01e76a1db04c668c6","name":"Redazione","image":{"@type":"ImageObject","inLanguage":"it-IT","@id":"https:\/\/secure.gravatar.com\/avatar\/06ad6f92eb14745b75fb592cadf8139d33242d81c9c8b085133c450aaf0b9731?s=96&d=mm&r=g","url":"https:\/\/secure.gravatar.com\/avatar\/06ad6f92eb14745b75fb592cadf8139d33242d81c9c8b085133c450aaf0b9731?s=96&d=mm&r=g","contentUrl":"https:\/\/secure.gravatar.com\/avatar\/06ad6f92eb14745b75fb592cadf8139d33242d81c9c8b085133c450aaf0b9731?s=96&d=mm&r=g","caption":"Redazione"},"url":"https:\/\/cinema.video\/it\/author\/redazione"}]}},"jetpack_featured_media_url":"https:\/\/cinema.video\/wp-content\/uploads\/2023\/03\/Teatro_Petruzzelli__durante_il_Bifest_NA-DSC_4536-scaled-e1678293905477.jpg","jetpack_shortlink":"https:\/\/wp.me\/ph672m-1eqY","_links":{"self":[{"href":"https:\/\/cinema.video\/it\/wp-json\/wp\/v2\/posts\/293816","targetHints":{"allow":["GET"]}}],"collection":[{"href":"https:\/\/cinema.video\/it\/wp-json\/wp\/v2\/posts"}],"about":[{"href":"https:\/\/cinema.video\/it\/wp-json\/wp\/v2\/types\/post"}],"author":[{"embeddable":true,"href":"https:\/\/cinema.video\/it\/wp-json\/wp\/v2\/users\/26"}],"replies":[{"embeddable":true,"href":"https:\/\/cinema.video\/it\/wp-json\/wp\/v2\/comments?post=293816"}],"version-history":[{"count":2,"href":"https:\/\/cinema.video\/it\/wp-json\/wp\/v2\/posts\/293816\/revisions"}],"predecessor-version":[{"id":308907,"href":"https:\/\/cinema.video\/it\/wp-json\/wp\/v2\/posts\/293816\/revisions\/308907"}],"wp:featuredmedia":[{"embeddable":true,"href":"https:\/\/cinema.video\/it\/wp-json\/wp\/v2\/media\/293817"}],"wp:attachment":[{"href":"https:\/\/cinema.video\/it\/wp-json\/wp\/v2\/media?parent=293816"}],"wp:term":[{"taxonomy":"category","embeddable":true,"href":"https:\/\/cinema.video\/it\/wp-json\/wp\/v2\/categories?post=293816"},{"taxonomy":"post_tag","embeddable":true,"href":"https:\/\/cinema.video\/it\/wp-json\/wp\/v2\/tags?post=293816"}],"curies":[{"name":"wp","href":"https:\/\/api.w.org\/{rel}","templated":true}]}}