{"id":293728,"date":"2023-02-22T12:40:44","date_gmt":"2023-02-22T11:40:44","guid":{"rendered":"https:\/\/cinema.video\/?p=293728"},"modified":"2026-04-10T04:00:22","modified_gmt":"2026-04-10T02:00:22","slug":"marche-una-storia-nascosta-raccontata-in-un-doc-presto-sara-un-film-con-star-holliwoodiane","status":"publish","type":"post","link":"https:\/\/cinema.video\/it\/marche-una-storia-nascosta-raccontata-in-un-doc-presto-sara-un-film-con-star-holliwoodiane","title":{"rendered":"Marche Una storia nascosta rivelata in un doc sar\u00e0 un film con star hollywoodiane"},"content":{"rendered":"\n<p class=\"wp-block-paragraph\">Succede qualche volta che tra le pieghe della storia ufficiale affiorino episodi esemplari che parlano di persone. In genere sono storie che emergono dopo molti anni.<\/p>\n\n\n\n<p class=\"wp-block-paragraph\">E\u2019 il caso della vicenda di Alfredo Sarano, segretario della comunit\u00e0 ebraica di Milano che, durante la seconda guerra mondiale, salv\u00f2 la vita a 14.000 ebrei milanesi, rifugiandosi con la sua famiglia nel convento del Beato Sante di Mombaroccio, nelle Marche.<\/p>\n\n\n\n<p class=\"wp-block-paragraph\">Questa storia \u00e8 raccontata dal documentario  <strong><em>Siamo qui, siamo vivi<\/em><\/strong>, diretto da <strong>Daniele Ceccarini<\/strong>, prodotto da <strong>Arman Julian<\/strong>, e tratto dall\u2019omonimo libro del giornalista marchigiano <strong>Roberto Mazzoli,<\/strong> che ha attinto dai diari di Alfredo Sarano, custoditi in un cassetto dalle sorelle Matilde, Miriam e Vittoria e ritrovati dopo quasi 80 anni. ll documentario, patrocinato da <strong>Marche Film Commission &#8211; Fondazione Marche Cultura<\/strong>, sar\u00e0 presentato oggi all\u2019<strong>European Film Market<\/strong> ( CinemaxX di Potsdamer Str. 5 alle ore 16).<\/p>\n\n\n\n<p class=\"wp-block-paragraph\">La ricchezza della storia \u00e8 data dal fatto che la vicenda s\u2019incrocia con quella di Erich Eder, giovane sottufficiale della Wehrmacht, la cui azione sar\u00e0 fondamentale nel determinare la salvezza della famiglia Sarano e dei 300 civili rifugiati nelle grotte del santuario. Eder non obbed\u00ec agli ordini del Reich e non rivel\u00f2 la presenza di ebrei nel rifugio.<\/p>\n\n\n\n<p class=\"wp-block-paragraph\">\u201cQuesta storia indimenticabile \u00e8 stata nascosta per anni\u201d, ha detto il produttore americano <strong>Arman Julian<\/strong>. \u201cHo prodotto questo documentario per far conoscere una storia straordinaria e promuovere il lungometraggio che ne sar\u00e0 tratto e che verr\u00e0 girato per la fine di quest&#8217;anno con le principali star di Hollywood nella Regione Marche\u201d.<\/p>\n\n\n\n<p class=\"wp-block-paragraph\">Gli fa eco <strong>Francesco Gesualdi, <\/strong>responsabile di Marche Film Commission: \u201cSostenere un progetto come il documentario \u201cSiamo qui, Siamo vivi\u201d \u00e8, per la Marche Film Commission, un onore e una grande opportunit\u00e0. Un onore perch\u00e9 si racconta una storia che ha nobilitato una comunit\u00e0 e un territorio, un\u2019opportunit\u00e0 perch\u00e9 questo documentario consente di far conoscere un eroe dei nostri tempi che per salvare dei perseguitati dai nazisti, ha messo a repentaglio la sua vita. Le Marche sono una terra di pace che ha ospitato tante storie e gesti di generosit\u00e0 ed eroismo. La Film Commission intende sostenere progetti capaci di far conoscere la vita dei grandi personaggi che hanno onorato la nostra terra\u201d.<\/p>\n\n\n\n<p class=\"wp-block-paragraph\">Non solo: rappresenta anche una grande opportunit\u00e0 per associare nuovamente le Marche a produzioni internazionali (la storia si svolge nel pesarese in particolare nel convento del Beato Sante di Mombaroccio). Lo sottolinea il Presidente di <strong>Fondazione Marche Cultura<\/strong>, <strong>Andrea Agostini: <\/strong>Non dimentichiamo che questo documentario apre la strada al lungometraggio su questa storia emozionante, una grande produzione internazionale che si girer\u00e0 quest\u2019anno<strong>\u201d.<\/strong><\/p>\n\n\n\n<p class=\"wp-block-paragraph\">Una strategia condivisa con l\u2019amministrazione regionale , ribadita dell\u2019assessore alla cultura, <strong>Chiara Biondi<\/strong>: \u201cCi\u00f2 che vogliamo fare nel settore audiovisivo \u2013 ha detto &#8211; \u00e8 proprio questo: sfruttarne le potenzialit\u00e0 per fare conoscere le Marche in Italia e all&#8217;estero. L&#8217;investimento di 16 milioni di euro da fondi europei e la collaborazione con la Fondazione Marche Cultura avranno questo\u00a0obiettivo\u201d.<\/p>\n","protected":false},"excerpt":{"rendered":"<p>&#8220;Siamo qui, siamo vivi&#8221; sar\u00e0 presentato oggi all\u2019European Film Market ( CinemaxX di Potsdamer Str. 5 alle ore 16).<\/p>\n","protected":false},"author":26,"featured_media":293730,"comment_status":"closed","ping_status":"closed","sticky":false,"template":"","format":"standard","meta":{"googlesitekit_rrm_CAow3e7fCw:productID":"","_crdt_document":"","footnotes":""},"categories":[1],"tags":[642,509],"class_list":{"0":"post-293728","1":"post","2":"type-post","3":"status-publish","4":"format-standard","5":"has-post-thumbnail","7":"category-senza-categoria","8":"tag-fondazione-marche-cultura","9":"tag-marche-film-commission"},"yoast_head":"<!-- This site is optimized with the Yoast SEO Premium plugin v27.4 (Yoast SEO v27.5) - https:\/\/yoast.com\/product\/yoast-seo-premium-wordpress\/ -->\n<title>Marche Una storia nascosta rivelata in un doc sar\u00e0 un film con star hollywoodiane - Cinema &amp; Video International<\/title>\n<meta name=\"description\" content=\"Marche Una storia nascosta rivelata in un doc sar\u00e0 un film con star hollywoodiane \u2013 marche una storia nascosta rivelata in. Succede qualche volta che tra\" \/>\n<meta name=\"robots\" content=\"index, follow, max-snippet:-1, max-image-preview:large, max-video-preview:-1\" \/>\n<link rel=\"canonical\" href=\"https:\/\/cinema.video\/it\/marche-una-storia-nascosta-raccontata-in-un-doc-presto-sara-un-film-con-star-holliwoodiane\" \/>\n<meta property=\"og:locale\" content=\"it_IT\" \/>\n<meta property=\"og:type\" content=\"article\" \/>\n<meta property=\"og:title\" content=\"Marche Una storia nascosta rivelata in un doc sar\u00e0 un film con star hollywoodiane\" \/>\n<meta property=\"og:description\" content=\"Marche Una storia nascosta rivelata in un doc sar\u00e0 un film con star hollywoodiane \u2013 marche una storia nascosta rivelata in. Succede qualche volta che tra\" \/>\n<meta property=\"og:url\" content=\"https:\/\/cinema.video\/it\/marche-una-storia-nascosta-raccontata-in-un-doc-presto-sara-un-film-con-star-holliwoodiane\" \/>\n<meta property=\"og:site_name\" content=\"Cinema &amp; Video International\" \/>\n<meta property=\"article:publisher\" content=\"https:\/\/www.facebook.com\/CinemaVideoInternational\/\" \/>\n<meta property=\"article:published_time\" content=\"2023-02-22T11:40:44+00:00\" \/>\n<meta property=\"article:modified_time\" content=\"2026-04-10T02:00:22+00:00\" \/>\n<meta property=\"og:image\" content=\"https:\/\/cinema.video\/wp-content\/uploads\/2023\/02\/marche-e1677065858873.png\" \/>\n\t<meta property=\"og:image:width\" content=\"652\" \/>\n\t<meta property=\"og:image:height\" content=\"562\" \/>\n\t<meta property=\"og:image:type\" content=\"image\/png\" \/>\n<meta name=\"author\" content=\"Redazione\" \/>\n<meta name=\"twitter:card\" content=\"summary_large_image\" \/>\n<meta name=\"twitter:label1\" content=\"Scritto da\" \/>\n\t<meta name=\"twitter:data1\" content=\"Redazione\" \/>\n\t<meta name=\"twitter:label2\" content=\"Tempo di lettura stimato\" \/>\n\t<meta name=\"twitter:data2\" content=\"3 minuti\" \/>\n<script type=\"application\/ld+json\" class=\"yoast-schema-graph\">{\"@context\":\"https:\\\/\\\/schema.org\",\"@graph\":[{\"@type\":\"Article\",\"@id\":\"https:\\\/\\\/cinema.video\\\/it\\\/marche-una-storia-nascosta-raccontata-in-un-doc-presto-sara-un-film-con-star-holliwoodiane#article\",\"isPartOf\":{\"@id\":\"https:\\\/\\\/cinema.video\\\/it\\\/marche-una-storia-nascosta-raccontata-in-un-doc-presto-sara-un-film-con-star-holliwoodiane\"},\"author\":{\"name\":\"Redazione\",\"@id\":\"https:\\\/\\\/cinema.video\\\/it#\\\/schema\\\/person\\\/aeb01b91d874e8b01e76a1db04c668c6\"},\"headline\":\"Marche Una storia nascosta rivelata in un doc sar\u00e0 un film con star hollywoodiane\",\"datePublished\":\"2023-02-22T11:40:44+00:00\",\"dateModified\":\"2026-04-10T02:00:22+00:00\",\"mainEntityOfPage\":{\"@id\":\"https:\\\/\\\/cinema.video\\\/it\\\/marche-una-storia-nascosta-raccontata-in-un-doc-presto-sara-un-film-con-star-holliwoodiane\"},\"wordCount\":497,\"publisher\":{\"@id\":\"https:\\\/\\\/cinema.video\\\/it#organization\"},\"image\":{\"@id\":\"https:\\\/\\\/cinema.video\\\/it\\\/marche-una-storia-nascosta-raccontata-in-un-doc-presto-sara-un-film-con-star-holliwoodiane#primaryimage\"},\"thumbnailUrl\":\"https:\\\/\\\/cinema.video\\\/wp-content\\\/uploads\\\/2023\\\/02\\\/marche-e1677065858873.png\",\"keywords\":[\"Fondazione Marche Cultura\",\"Marche Film Commission\"],\"inLanguage\":\"it-IT\"},{\"@type\":\"WebPage\",\"@id\":\"https:\\\/\\\/cinema.video\\\/it\\\/marche-una-storia-nascosta-raccontata-in-un-doc-presto-sara-un-film-con-star-holliwoodiane\",\"url\":\"https:\\\/\\\/cinema.video\\\/it\\\/marche-una-storia-nascosta-raccontata-in-un-doc-presto-sara-un-film-con-star-holliwoodiane\",\"name\":\"Marche Una storia nascosta rivelata in un doc sar\u00e0 un film con star hollywoodiane - Cinema &amp; Video International\",\"isPartOf\":{\"@id\":\"https:\\\/\\\/cinema.video\\\/it#website\"},\"primaryImageOfPage\":{\"@id\":\"https:\\\/\\\/cinema.video\\\/it\\\/marche-una-storia-nascosta-raccontata-in-un-doc-presto-sara-un-film-con-star-holliwoodiane#primaryimage\"},\"image\":{\"@id\":\"https:\\\/\\\/cinema.video\\\/it\\\/marche-una-storia-nascosta-raccontata-in-un-doc-presto-sara-un-film-con-star-holliwoodiane#primaryimage\"},\"thumbnailUrl\":\"https:\\\/\\\/cinema.video\\\/wp-content\\\/uploads\\\/2023\\\/02\\\/marche-e1677065858873.png\",\"datePublished\":\"2023-02-22T11:40:44+00:00\",\"dateModified\":\"2026-04-10T02:00:22+00:00\",\"description\":\"Marche Una storia nascosta rivelata in un doc sar\u00e0 un film con star hollywoodiane \u2013 marche una storia nascosta rivelata in. Succede qualche volta che tra\",\"breadcrumb\":{\"@id\":\"https:\\\/\\\/cinema.video\\\/it\\\/marche-una-storia-nascosta-raccontata-in-un-doc-presto-sara-un-film-con-star-holliwoodiane#breadcrumb\"},\"inLanguage\":\"it-IT\",\"potentialAction\":[{\"@type\":\"ReadAction\",\"target\":[\"https:\\\/\\\/cinema.video\\\/it\\\/marche-una-storia-nascosta-raccontata-in-un-doc-presto-sara-un-film-con-star-holliwoodiane\"]}]},{\"@type\":\"ImageObject\",\"inLanguage\":\"it-IT\",\"@id\":\"https:\\\/\\\/cinema.video\\\/it\\\/marche-una-storia-nascosta-raccontata-in-un-doc-presto-sara-un-film-con-star-holliwoodiane#primaryimage\",\"url\":\"https:\\\/\\\/cinema.video\\\/wp-content\\\/uploads\\\/2023\\\/02\\\/marche-e1677065858873.png\",\"contentUrl\":\"https:\\\/\\\/cinema.video\\\/wp-content\\\/uploads\\\/2023\\\/02\\\/marche-e1677065858873.png\",\"width\":652,\"height\":562},{\"@type\":\"BreadcrumbList\",\"@id\":\"https:\\\/\\\/cinema.video\\\/it\\\/marche-una-storia-nascosta-raccontata-in-un-doc-presto-sara-un-film-con-star-holliwoodiane#breadcrumb\",\"itemListElement\":[{\"@type\":\"ListItem\",\"position\":1,\"name\":\"Home\",\"item\":\"https:\\\/\\\/cinema.video\\\/it\\\/home-2\"},{\"@type\":\"ListItem\",\"position\":2,\"name\":\"Marche Una storia nascosta rivelata in un doc sar\u00e0 un film con star hollywoodiane\"}]},{\"@type\":\"WebSite\",\"@id\":\"https:\\\/\\\/cinema.video\\\/it#website\",\"url\":\"https:\\\/\\\/cinema.video\\\/it\",\"name\":\"Cinema & Video International\",\"description\":\"Film &amp; Audiovisual Industry Trade Magazine\",\"publisher\":{\"@id\":\"https:\\\/\\\/cinema.video\\\/it#organization\"},\"alternateName\":\"Cinema & Video\",\"potentialAction\":[{\"@type\":\"SearchAction\",\"target\":{\"@type\":\"EntryPoint\",\"urlTemplate\":\"https:\\\/\\\/cinema.video\\\/it?s={search_term_string}\"},\"query-input\":{\"@type\":\"PropertyValueSpecification\",\"valueRequired\":true,\"valueName\":\"search_term_string\"}}],\"inLanguage\":\"it-IT\"},{\"@type\":\"Organization\",\"@id\":\"https:\\\/\\\/cinema.video\\\/it#organization\",\"name\":\"Cinema & Video\",\"url\":\"https:\\\/\\\/cinema.video\\\/it\",\"logo\":{\"@type\":\"ImageObject\",\"inLanguage\":\"it-IT\",\"@id\":\"https:\\\/\\\/cinema.video\\\/it#\\\/schema\\\/logo\\\/image\\\/\",\"url\":\"https:\\\/\\\/cinema.video\\\/wp-content\\\/uploads\\\/2026\\\/04\\\/CinemVideo_LogoBlack.png\",\"contentUrl\":\"https:\\\/\\\/cinema.video\\\/wp-content\\\/uploads\\\/2026\\\/04\\\/CinemVideo_LogoBlack.png\",\"width\":1336,\"height\":224,\"caption\":\"Cinema & Video\"},\"image\":{\"@id\":\"https:\\\/\\\/cinema.video\\\/it#\\\/schema\\\/logo\\\/image\\\/\"},\"sameAs\":[\"https:\\\/\\\/www.facebook.com\\\/CinemaVideoInternational\\\/\",\"https:\\\/\\\/www.instagram.com\\\/cinemaevideointernational\\\/\",\"https:\\\/\\\/it.linkedin.com\\\/company\\\/cinema-video-international\"],\"description\":\"Media Consulting & Marketing Agency\",\"email\":\"hello@darostudio.com\",\"legalName\":\"DARO studio LLC\",\"foundingDate\":\"2021-02-16\",\"numberOfEmployees\":{\"@type\":\"QuantitativeValue\",\"minValue\":\"1\",\"maxValue\":\"10\"}},{\"@type\":\"Person\",\"@id\":\"https:\\\/\\\/cinema.video\\\/it#\\\/schema\\\/person\\\/aeb01b91d874e8b01e76a1db04c668c6\",\"name\":\"Redazione\",\"image\":{\"@type\":\"ImageObject\",\"inLanguage\":\"it-IT\",\"@id\":\"https:\\\/\\\/secure.gravatar.com\\\/avatar\\\/06ad6f92eb14745b75fb592cadf8139d33242d81c9c8b085133c450aaf0b9731?s=96&d=mm&r=g\",\"url\":\"https:\\\/\\\/secure.gravatar.com\\\/avatar\\\/06ad6f92eb14745b75fb592cadf8139d33242d81c9c8b085133c450aaf0b9731?s=96&d=mm&r=g\",\"contentUrl\":\"https:\\\/\\\/secure.gravatar.com\\\/avatar\\\/06ad6f92eb14745b75fb592cadf8139d33242d81c9c8b085133c450aaf0b9731?s=96&d=mm&r=g\",\"caption\":\"Redazione\"},\"url\":\"https:\\\/\\\/cinema.video\\\/it\\\/author\\\/redazione\"}]}<\/script>\n<!-- \/ Yoast SEO Premium plugin. -->","yoast_head_json":{"title":"Marche Una storia nascosta rivelata in un doc sar\u00e0 un film con star hollywoodiane - Cinema &amp; Video International","description":"Marche Una storia nascosta rivelata in un doc sar\u00e0 un film con star hollywoodiane \u2013 marche una storia nascosta rivelata in. Succede qualche volta che tra","robots":{"index":"index","follow":"follow","max-snippet":"max-snippet:-1","max-image-preview":"max-image-preview:large","max-video-preview":"max-video-preview:-1"},"canonical":"https:\/\/cinema.video\/it\/marche-una-storia-nascosta-raccontata-in-un-doc-presto-sara-un-film-con-star-holliwoodiane","og_locale":"it_IT","og_type":"article","og_title":"Marche Una storia nascosta rivelata in un doc sar\u00e0 un film con star hollywoodiane","og_description":"Marche Una storia nascosta rivelata in un doc sar\u00e0 un film con star hollywoodiane \u2013 marche una storia nascosta rivelata in. Succede qualche volta che tra","og_url":"https:\/\/cinema.video\/it\/marche-una-storia-nascosta-raccontata-in-un-doc-presto-sara-un-film-con-star-holliwoodiane","og_site_name":"Cinema &amp; Video International","article_publisher":"https:\/\/www.facebook.com\/CinemaVideoInternational\/","article_published_time":"2023-02-22T11:40:44+00:00","article_modified_time":"2026-04-10T02:00:22+00:00","og_image":[{"width":652,"height":562,"url":"https:\/\/cinema.video\/wp-content\/uploads\/2023\/02\/marche-e1677065858873.png","type":"image\/png"}],"author":"Redazione","twitter_card":"summary_large_image","twitter_misc":{"Scritto da":"Redazione","Tempo di lettura stimato":"3 minuti"},"schema":{"@context":"https:\/\/schema.org","@graph":[{"@type":"Article","@id":"https:\/\/cinema.video\/it\/marche-una-storia-nascosta-raccontata-in-un-doc-presto-sara-un-film-con-star-holliwoodiane#article","isPartOf":{"@id":"https:\/\/cinema.video\/it\/marche-una-storia-nascosta-raccontata-in-un-doc-presto-sara-un-film-con-star-holliwoodiane"},"author":{"name":"Redazione","@id":"https:\/\/cinema.video\/it#\/schema\/person\/aeb01b91d874e8b01e76a1db04c668c6"},"headline":"Marche Una storia nascosta rivelata in un doc sar\u00e0 un film con star hollywoodiane","datePublished":"2023-02-22T11:40:44+00:00","dateModified":"2026-04-10T02:00:22+00:00","mainEntityOfPage":{"@id":"https:\/\/cinema.video\/it\/marche-una-storia-nascosta-raccontata-in-un-doc-presto-sara-un-film-con-star-holliwoodiane"},"wordCount":497,"publisher":{"@id":"https:\/\/cinema.video\/it#organization"},"image":{"@id":"https:\/\/cinema.video\/it\/marche-una-storia-nascosta-raccontata-in-un-doc-presto-sara-un-film-con-star-holliwoodiane#primaryimage"},"thumbnailUrl":"https:\/\/cinema.video\/wp-content\/uploads\/2023\/02\/marche-e1677065858873.png","keywords":["Fondazione Marche Cultura","Marche Film Commission"],"inLanguage":"it-IT"},{"@type":"WebPage","@id":"https:\/\/cinema.video\/it\/marche-una-storia-nascosta-raccontata-in-un-doc-presto-sara-un-film-con-star-holliwoodiane","url":"https:\/\/cinema.video\/it\/marche-una-storia-nascosta-raccontata-in-un-doc-presto-sara-un-film-con-star-holliwoodiane","name":"Marche Una storia nascosta rivelata in un doc sar\u00e0 un film con star hollywoodiane - Cinema &amp; Video International","isPartOf":{"@id":"https:\/\/cinema.video\/it#website"},"primaryImageOfPage":{"@id":"https:\/\/cinema.video\/it\/marche-una-storia-nascosta-raccontata-in-un-doc-presto-sara-un-film-con-star-holliwoodiane#primaryimage"},"image":{"@id":"https:\/\/cinema.video\/it\/marche-una-storia-nascosta-raccontata-in-un-doc-presto-sara-un-film-con-star-holliwoodiane#primaryimage"},"thumbnailUrl":"https:\/\/cinema.video\/wp-content\/uploads\/2023\/02\/marche-e1677065858873.png","datePublished":"2023-02-22T11:40:44+00:00","dateModified":"2026-04-10T02:00:22+00:00","description":"Marche Una storia nascosta rivelata in un doc sar\u00e0 un film con star hollywoodiane \u2013 marche una storia nascosta rivelata in. Succede qualche volta che tra","breadcrumb":{"@id":"https:\/\/cinema.video\/it\/marche-una-storia-nascosta-raccontata-in-un-doc-presto-sara-un-film-con-star-holliwoodiane#breadcrumb"},"inLanguage":"it-IT","potentialAction":[{"@type":"ReadAction","target":["https:\/\/cinema.video\/it\/marche-una-storia-nascosta-raccontata-in-un-doc-presto-sara-un-film-con-star-holliwoodiane"]}]},{"@type":"ImageObject","inLanguage":"it-IT","@id":"https:\/\/cinema.video\/it\/marche-una-storia-nascosta-raccontata-in-un-doc-presto-sara-un-film-con-star-holliwoodiane#primaryimage","url":"https:\/\/cinema.video\/wp-content\/uploads\/2023\/02\/marche-e1677065858873.png","contentUrl":"https:\/\/cinema.video\/wp-content\/uploads\/2023\/02\/marche-e1677065858873.png","width":652,"height":562},{"@type":"BreadcrumbList","@id":"https:\/\/cinema.video\/it\/marche-una-storia-nascosta-raccontata-in-un-doc-presto-sara-un-film-con-star-holliwoodiane#breadcrumb","itemListElement":[{"@type":"ListItem","position":1,"name":"Home","item":"https:\/\/cinema.video\/it\/home-2"},{"@type":"ListItem","position":2,"name":"Marche Una storia nascosta rivelata in un doc sar\u00e0 un film con star hollywoodiane"}]},{"@type":"WebSite","@id":"https:\/\/cinema.video\/it#website","url":"https:\/\/cinema.video\/it","name":"Cinema & Video International","description":"Film &amp; Audiovisual Industry Trade Magazine","publisher":{"@id":"https:\/\/cinema.video\/it#organization"},"alternateName":"Cinema & Video","potentialAction":[{"@type":"SearchAction","target":{"@type":"EntryPoint","urlTemplate":"https:\/\/cinema.video\/it?s={search_term_string}"},"query-input":{"@type":"PropertyValueSpecification","valueRequired":true,"valueName":"search_term_string"}}],"inLanguage":"it-IT"},{"@type":"Organization","@id":"https:\/\/cinema.video\/it#organization","name":"Cinema & Video","url":"https:\/\/cinema.video\/it","logo":{"@type":"ImageObject","inLanguage":"it-IT","@id":"https:\/\/cinema.video\/it#\/schema\/logo\/image\/","url":"https:\/\/cinema.video\/wp-content\/uploads\/2026\/04\/CinemVideo_LogoBlack.png","contentUrl":"https:\/\/cinema.video\/wp-content\/uploads\/2026\/04\/CinemVideo_LogoBlack.png","width":1336,"height":224,"caption":"Cinema & Video"},"image":{"@id":"https:\/\/cinema.video\/it#\/schema\/logo\/image\/"},"sameAs":["https:\/\/www.facebook.com\/CinemaVideoInternational\/","https:\/\/www.instagram.com\/cinemaevideointernational\/","https:\/\/it.linkedin.com\/company\/cinema-video-international"],"description":"Media Consulting & Marketing Agency","email":"hello@darostudio.com","legalName":"DARO studio LLC","foundingDate":"2021-02-16","numberOfEmployees":{"@type":"QuantitativeValue","minValue":"1","maxValue":"10"}},{"@type":"Person","@id":"https:\/\/cinema.video\/it#\/schema\/person\/aeb01b91d874e8b01e76a1db04c668c6","name":"Redazione","image":{"@type":"ImageObject","inLanguage":"it-IT","@id":"https:\/\/secure.gravatar.com\/avatar\/06ad6f92eb14745b75fb592cadf8139d33242d81c9c8b085133c450aaf0b9731?s=96&d=mm&r=g","url":"https:\/\/secure.gravatar.com\/avatar\/06ad6f92eb14745b75fb592cadf8139d33242d81c9c8b085133c450aaf0b9731?s=96&d=mm&r=g","contentUrl":"https:\/\/secure.gravatar.com\/avatar\/06ad6f92eb14745b75fb592cadf8139d33242d81c9c8b085133c450aaf0b9731?s=96&d=mm&r=g","caption":"Redazione"},"url":"https:\/\/cinema.video\/it\/author\/redazione"}]}},"jetpack_featured_media_url":"https:\/\/cinema.video\/wp-content\/uploads\/2023\/02\/marche-e1677065858873.png","jetpack_shortlink":"https:\/\/wp.me\/ph672m-1epy","_links":{"self":[{"href":"https:\/\/cinema.video\/it\/wp-json\/wp\/v2\/posts\/293728","targetHints":{"allow":["GET"]}}],"collection":[{"href":"https:\/\/cinema.video\/it\/wp-json\/wp\/v2\/posts"}],"about":[{"href":"https:\/\/cinema.video\/it\/wp-json\/wp\/v2\/types\/post"}],"author":[{"embeddable":true,"href":"https:\/\/cinema.video\/it\/wp-json\/wp\/v2\/users\/26"}],"replies":[{"embeddable":true,"href":"https:\/\/cinema.video\/it\/wp-json\/wp\/v2\/comments?post=293728"}],"version-history":[{"count":1,"href":"https:\/\/cinema.video\/it\/wp-json\/wp\/v2\/posts\/293728\/revisions"}],"predecessor-version":[{"id":308894,"href":"https:\/\/cinema.video\/it\/wp-json\/wp\/v2\/posts\/293728\/revisions\/308894"}],"wp:featuredmedia":[{"embeddable":true,"href":"https:\/\/cinema.video\/it\/wp-json\/wp\/v2\/media\/293730"}],"wp:attachment":[{"href":"https:\/\/cinema.video\/it\/wp-json\/wp\/v2\/media?parent=293728"}],"wp:term":[{"taxonomy":"category","embeddable":true,"href":"https:\/\/cinema.video\/it\/wp-json\/wp\/v2\/categories?post=293728"},{"taxonomy":"post_tag","embeddable":true,"href":"https:\/\/cinema.video\/it\/wp-json\/wp\/v2\/tags?post=293728"}],"curies":[{"name":"wp","href":"https:\/\/api.w.org\/{rel}","templated":true}]}}