{"id":293721,"date":"2023-02-21T09:40:18","date_gmt":"2023-02-21T08:40:18","guid":{"rendered":"https:\/\/cinema.video\/?p=293721"},"modified":"2026-04-10T04:00:18","modified_gmt":"2026-04-10T02:00:18","slug":"vod-il-posto-esce-su-mubi-italia","status":"publish","type":"post","link":"https:\/\/cinema.video\/it\/vod-il-posto-esce-su-mubi-italia","title":{"rendered":"VOD Il Posto esce su MUBI Italia"},"content":{"rendered":"\n<p class=\"wp-block-paragraph\">Esce oggi, 21 febbraio, su&nbsp;<strong>Mubi Italia<\/strong> <em><strong>Il&nbsp;Posto<\/strong><\/em>, documentario di <strong>Mattia Colombo<\/strong> e <strong>Gianluca Matarrese<\/strong>, che indaga il tema del lavoro in Italia e dell&#8217;agognato &#8216;posto fisso&#8217; negli anni della mobilit\u00e0 e della flessibilit\u00e0 dal punto di vista  degli infermieri, una delle categorie pi\u00f9<br>impoverite dal precariato  su cui ha acceso i riflettori la recente emergenza sanitaria dovuta all&#8217;epidemia di&nbsp;<em>Covid<\/em>. <\/p>\n\n\n\n<p class=\"wp-block-paragraph\"> <em>Il Posto<\/em> \u00e8 fra i dieci documentari candidati per il David di Donatello.  E&#8217; una co-produzione fra <strong>Altara Films,\u00a0Bocalupo Films, NDR\/ARTE, Vosges T\u00e9l\u00e9visions<\/strong><br><br>Il film fa parte del listino di documentari presentato all&#8217; EFM da <strong>Amarena Film<\/strong>, la societ\u00e0 guidata da <strong>Raffaella Pontarelli<\/strong>, che era alla Berlinale anche in veste di produttrice, parte della delegazione italiana dei visiting producers al Berlinale Co-Production Market (un progetto di DGCA del MiC gestito da Cinecitt\u00e0).<\/p>\n\n\n\n<p class=\"wp-block-paragraph\">Sulla sulla piattaforma<strong>\u00a0<\/strong>online <strong>Pi\u00f9 Compagnia, <\/strong>sono disponibili, gratuitamente,<strong> <\/strong>le conversazioni-interviste con tutti i registi candidati a cura di critici cinematografici.<\/p>\n","protected":false},"excerpt":{"rendered":"<p>Esce oggi, 21 febbraio su MUBI Italia &#8220;Il Posto&#8221;, documentario di Mattia Colombo e Gianluca Matarrese, fra i candidati al David Di Donatello. Il film \u00e8 parte del listino presentato all&#8217;EFM da Amarena Film<\/p>\n","protected":false},"author":26,"featured_media":293722,"comment_status":"closed","ping_status":"closed","sticky":false,"template":"","format":"standard","meta":{"googlesitekit_rrm_CAow3e7fCw:productID":"","_crdt_document":"","footnotes":""},"categories":[1],"tags":[356,247],"class_list":{"0":"post-293721","1":"post","2":"type-post","3":"status-publish","4":"format-standard","5":"has-post-thumbnail","7":"category-senza-categoria","8":"tag-focus","9":"tag-vod"},"yoast_head":"<!-- This site is optimized with the Yoast SEO Premium plugin v27.4 (Yoast SEO v27.5) - https:\/\/yoast.com\/product\/yoast-seo-premium-wordpress\/ -->\n<title>VOD Il Posto esce su MUBI Italia - Cinema &amp; Video International<\/title>\n<meta name=\"description\" content=\"VOD Il Posto esce su MUBI Italia \u2013 vod il posto esce su mubi. Esce oggi, 21 febbraio, su&nbsp;Mubi Italia Il&nbsp;Posto, documentario di Mattia Colombo e\" \/>\n<meta name=\"robots\" content=\"index, follow, max-snippet:-1, max-image-preview:large, max-video-preview:-1\" \/>\n<link rel=\"canonical\" href=\"https:\/\/cinema.video\/it\/vod-il-posto-esce-su-mubi-italia\" \/>\n<meta property=\"og:locale\" content=\"it_IT\" \/>\n<meta property=\"og:type\" content=\"article\" \/>\n<meta property=\"og:title\" content=\"VOD Il Posto esce su MUBI Italia\" \/>\n<meta property=\"og:description\" content=\"VOD Il Posto esce su MUBI Italia \u2013 vod il posto esce su mubi. Esce oggi, 21 febbraio, su&nbsp;Mubi Italia Il&nbsp;Posto, documentario di Mattia Colombo e\" \/>\n<meta property=\"og:url\" content=\"https:\/\/cinema.video\/it\/vod-il-posto-esce-su-mubi-italia\" \/>\n<meta property=\"og:site_name\" content=\"Cinema &amp; Video International\" \/>\n<meta property=\"article:publisher\" content=\"https:\/\/www.facebook.com\/CinemaVideoInternational\/\" \/>\n<meta property=\"article:published_time\" content=\"2023-02-21T08:40:18+00:00\" \/>\n<meta property=\"article:modified_time\" content=\"2026-04-10T02:00:18+00:00\" \/>\n<meta property=\"og:image\" content=\"https:\/\/cinema.video\/wp-content\/uploads\/2023\/02\/il-posto.jpeg\" \/>\n\t<meta property=\"og:image:width\" content=\"474\" \/>\n\t<meta property=\"og:image:height\" content=\"314\" \/>\n\t<meta property=\"og:image:type\" content=\"image\/jpeg\" \/>\n<meta name=\"author\" content=\"Redazione\" \/>\n<meta name=\"twitter:card\" content=\"summary_large_image\" \/>\n<meta name=\"twitter:label1\" content=\"Scritto da\" \/>\n\t<meta name=\"twitter:data1\" content=\"Redazione\" \/>\n\t<meta name=\"twitter:label2\" content=\"Tempo di lettura stimato\" \/>\n\t<meta name=\"twitter:data2\" content=\"1 minuto\" \/>\n<script type=\"application\/ld+json\" class=\"yoast-schema-graph\">{\"@context\":\"https:\\\/\\\/schema.org\",\"@graph\":[{\"@type\":\"Article\",\"@id\":\"https:\\\/\\\/cinema.video\\\/it\\\/vod-il-posto-esce-su-mubi-italia#article\",\"isPartOf\":{\"@id\":\"https:\\\/\\\/cinema.video\\\/it\\\/vod-il-posto-esce-su-mubi-italia\"},\"author\":{\"name\":\"Redazione\",\"@id\":\"https:\\\/\\\/cinema.video\\\/it#\\\/schema\\\/person\\\/aeb01b91d874e8b01e76a1db04c668c6\"},\"headline\":\"VOD Il Posto esce su MUBI Italia\",\"datePublished\":\"2023-02-21T08:40:18+00:00\",\"dateModified\":\"2026-04-10T02:00:18+00:00\",\"mainEntityOfPage\":{\"@id\":\"https:\\\/\\\/cinema.video\\\/it\\\/vod-il-posto-esce-su-mubi-italia\"},\"wordCount\":169,\"publisher\":{\"@id\":\"https:\\\/\\\/cinema.video\\\/it#organization\"},\"image\":{\"@id\":\"https:\\\/\\\/cinema.video\\\/it\\\/vod-il-posto-esce-su-mubi-italia#primaryimage\"},\"thumbnailUrl\":\"https:\\\/\\\/cinema.video\\\/wp-content\\\/uploads\\\/2023\\\/02\\\/il-posto.jpeg\",\"keywords\":[\"focus\",\"VoD\"],\"inLanguage\":\"it-IT\"},{\"@type\":\"WebPage\",\"@id\":\"https:\\\/\\\/cinema.video\\\/it\\\/vod-il-posto-esce-su-mubi-italia\",\"url\":\"https:\\\/\\\/cinema.video\\\/it\\\/vod-il-posto-esce-su-mubi-italia\",\"name\":\"VOD Il Posto esce su MUBI Italia - Cinema &amp; Video International\",\"isPartOf\":{\"@id\":\"https:\\\/\\\/cinema.video\\\/it#website\"},\"primaryImageOfPage\":{\"@id\":\"https:\\\/\\\/cinema.video\\\/it\\\/vod-il-posto-esce-su-mubi-italia#primaryimage\"},\"image\":{\"@id\":\"https:\\\/\\\/cinema.video\\\/it\\\/vod-il-posto-esce-su-mubi-italia#primaryimage\"},\"thumbnailUrl\":\"https:\\\/\\\/cinema.video\\\/wp-content\\\/uploads\\\/2023\\\/02\\\/il-posto.jpeg\",\"datePublished\":\"2023-02-21T08:40:18+00:00\",\"dateModified\":\"2026-04-10T02:00:18+00:00\",\"description\":\"VOD Il Posto esce su MUBI Italia \u2013 vod il posto esce su mubi. Esce oggi, 21 febbraio, su&nbsp;Mubi Italia Il&nbsp;Posto, documentario di Mattia Colombo e\",\"breadcrumb\":{\"@id\":\"https:\\\/\\\/cinema.video\\\/it\\\/vod-il-posto-esce-su-mubi-italia#breadcrumb\"},\"inLanguage\":\"it-IT\",\"potentialAction\":[{\"@type\":\"ReadAction\",\"target\":[\"https:\\\/\\\/cinema.video\\\/it\\\/vod-il-posto-esce-su-mubi-italia\"]}]},{\"@type\":\"ImageObject\",\"inLanguage\":\"it-IT\",\"@id\":\"https:\\\/\\\/cinema.video\\\/it\\\/vod-il-posto-esce-su-mubi-italia#primaryimage\",\"url\":\"https:\\\/\\\/cinema.video\\\/wp-content\\\/uploads\\\/2023\\\/02\\\/il-posto.jpeg\",\"contentUrl\":\"https:\\\/\\\/cinema.video\\\/wp-content\\\/uploads\\\/2023\\\/02\\\/il-posto.jpeg\",\"width\":474,\"height\":314},{\"@type\":\"BreadcrumbList\",\"@id\":\"https:\\\/\\\/cinema.video\\\/it\\\/vod-il-posto-esce-su-mubi-italia#breadcrumb\",\"itemListElement\":[{\"@type\":\"ListItem\",\"position\":1,\"name\":\"Home\",\"item\":\"https:\\\/\\\/cinema.video\\\/it\\\/home-2\"},{\"@type\":\"ListItem\",\"position\":2,\"name\":\"VOD Il Posto esce su MUBI Italia\"}]},{\"@type\":\"WebSite\",\"@id\":\"https:\\\/\\\/cinema.video\\\/it#website\",\"url\":\"https:\\\/\\\/cinema.video\\\/it\",\"name\":\"Cinema & Video International\",\"description\":\"Film &amp; Audiovisual Industry Trade Magazine\",\"publisher\":{\"@id\":\"https:\\\/\\\/cinema.video\\\/it#organization\"},\"alternateName\":\"Cinema & Video\",\"potentialAction\":[{\"@type\":\"SearchAction\",\"target\":{\"@type\":\"EntryPoint\",\"urlTemplate\":\"https:\\\/\\\/cinema.video\\\/it?s={search_term_string}\"},\"query-input\":{\"@type\":\"PropertyValueSpecification\",\"valueRequired\":true,\"valueName\":\"search_term_string\"}}],\"inLanguage\":\"it-IT\"},{\"@type\":\"Organization\",\"@id\":\"https:\\\/\\\/cinema.video\\\/it#organization\",\"name\":\"Cinema & Video\",\"url\":\"https:\\\/\\\/cinema.video\\\/it\",\"logo\":{\"@type\":\"ImageObject\",\"inLanguage\":\"it-IT\",\"@id\":\"https:\\\/\\\/cinema.video\\\/it#\\\/schema\\\/logo\\\/image\\\/\",\"url\":\"https:\\\/\\\/cinema.video\\\/wp-content\\\/uploads\\\/2026\\\/04\\\/CinemVideo_LogoBlack.png\",\"contentUrl\":\"https:\\\/\\\/cinema.video\\\/wp-content\\\/uploads\\\/2026\\\/04\\\/CinemVideo_LogoBlack.png\",\"width\":1336,\"height\":224,\"caption\":\"Cinema & Video\"},\"image\":{\"@id\":\"https:\\\/\\\/cinema.video\\\/it#\\\/schema\\\/logo\\\/image\\\/\"},\"sameAs\":[\"https:\\\/\\\/www.facebook.com\\\/CinemaVideoInternational\\\/\",\"https:\\\/\\\/www.instagram.com\\\/cinemaevideointernational\\\/\",\"https:\\\/\\\/it.linkedin.com\\\/company\\\/cinema-video-international\"],\"description\":\"Media Consulting & Marketing Agency\",\"email\":\"hello@darostudio.com\",\"legalName\":\"DARO studio LLC\",\"foundingDate\":\"2021-02-16\",\"numberOfEmployees\":{\"@type\":\"QuantitativeValue\",\"minValue\":\"1\",\"maxValue\":\"10\"}},{\"@type\":\"Person\",\"@id\":\"https:\\\/\\\/cinema.video\\\/it#\\\/schema\\\/person\\\/aeb01b91d874e8b01e76a1db04c668c6\",\"name\":\"Redazione\",\"image\":{\"@type\":\"ImageObject\",\"inLanguage\":\"it-IT\",\"@id\":\"https:\\\/\\\/secure.gravatar.com\\\/avatar\\\/06ad6f92eb14745b75fb592cadf8139d33242d81c9c8b085133c450aaf0b9731?s=96&d=mm&r=g\",\"url\":\"https:\\\/\\\/secure.gravatar.com\\\/avatar\\\/06ad6f92eb14745b75fb592cadf8139d33242d81c9c8b085133c450aaf0b9731?s=96&d=mm&r=g\",\"contentUrl\":\"https:\\\/\\\/secure.gravatar.com\\\/avatar\\\/06ad6f92eb14745b75fb592cadf8139d33242d81c9c8b085133c450aaf0b9731?s=96&d=mm&r=g\",\"caption\":\"Redazione\"},\"url\":\"https:\\\/\\\/cinema.video\\\/it\\\/author\\\/redazione\"}]}<\/script>\n<!-- \/ Yoast SEO Premium plugin. -->","yoast_head_json":{"title":"VOD Il Posto esce su MUBI Italia - Cinema &amp; Video International","description":"VOD Il Posto esce su MUBI Italia \u2013 vod il posto esce su mubi. Esce oggi, 21 febbraio, su&nbsp;Mubi Italia Il&nbsp;Posto, documentario di Mattia Colombo e","robots":{"index":"index","follow":"follow","max-snippet":"max-snippet:-1","max-image-preview":"max-image-preview:large","max-video-preview":"max-video-preview:-1"},"canonical":"https:\/\/cinema.video\/it\/vod-il-posto-esce-su-mubi-italia","og_locale":"it_IT","og_type":"article","og_title":"VOD Il Posto esce su MUBI Italia","og_description":"VOD Il Posto esce su MUBI Italia \u2013 vod il posto esce su mubi. Esce oggi, 21 febbraio, su&nbsp;Mubi Italia Il&nbsp;Posto, documentario di Mattia Colombo e","og_url":"https:\/\/cinema.video\/it\/vod-il-posto-esce-su-mubi-italia","og_site_name":"Cinema &amp; Video International","article_publisher":"https:\/\/www.facebook.com\/CinemaVideoInternational\/","article_published_time":"2023-02-21T08:40:18+00:00","article_modified_time":"2026-04-10T02:00:18+00:00","og_image":[{"width":474,"height":314,"url":"https:\/\/cinema.video\/wp-content\/uploads\/2023\/02\/il-posto.jpeg","type":"image\/jpeg"}],"author":"Redazione","twitter_card":"summary_large_image","twitter_misc":{"Scritto da":"Redazione","Tempo di lettura stimato":"1 minuto"},"schema":{"@context":"https:\/\/schema.org","@graph":[{"@type":"Article","@id":"https:\/\/cinema.video\/it\/vod-il-posto-esce-su-mubi-italia#article","isPartOf":{"@id":"https:\/\/cinema.video\/it\/vod-il-posto-esce-su-mubi-italia"},"author":{"name":"Redazione","@id":"https:\/\/cinema.video\/it#\/schema\/person\/aeb01b91d874e8b01e76a1db04c668c6"},"headline":"VOD Il Posto esce su MUBI Italia","datePublished":"2023-02-21T08:40:18+00:00","dateModified":"2026-04-10T02:00:18+00:00","mainEntityOfPage":{"@id":"https:\/\/cinema.video\/it\/vod-il-posto-esce-su-mubi-italia"},"wordCount":169,"publisher":{"@id":"https:\/\/cinema.video\/it#organization"},"image":{"@id":"https:\/\/cinema.video\/it\/vod-il-posto-esce-su-mubi-italia#primaryimage"},"thumbnailUrl":"https:\/\/cinema.video\/wp-content\/uploads\/2023\/02\/il-posto.jpeg","keywords":["focus","VoD"],"inLanguage":"it-IT"},{"@type":"WebPage","@id":"https:\/\/cinema.video\/it\/vod-il-posto-esce-su-mubi-italia","url":"https:\/\/cinema.video\/it\/vod-il-posto-esce-su-mubi-italia","name":"VOD Il Posto esce su MUBI Italia - Cinema &amp; Video International","isPartOf":{"@id":"https:\/\/cinema.video\/it#website"},"primaryImageOfPage":{"@id":"https:\/\/cinema.video\/it\/vod-il-posto-esce-su-mubi-italia#primaryimage"},"image":{"@id":"https:\/\/cinema.video\/it\/vod-il-posto-esce-su-mubi-italia#primaryimage"},"thumbnailUrl":"https:\/\/cinema.video\/wp-content\/uploads\/2023\/02\/il-posto.jpeg","datePublished":"2023-02-21T08:40:18+00:00","dateModified":"2026-04-10T02:00:18+00:00","description":"VOD Il Posto esce su MUBI Italia \u2013 vod il posto esce su mubi. Esce oggi, 21 febbraio, su&nbsp;Mubi Italia Il&nbsp;Posto, documentario di Mattia Colombo e","breadcrumb":{"@id":"https:\/\/cinema.video\/it\/vod-il-posto-esce-su-mubi-italia#breadcrumb"},"inLanguage":"it-IT","potentialAction":[{"@type":"ReadAction","target":["https:\/\/cinema.video\/it\/vod-il-posto-esce-su-mubi-italia"]}]},{"@type":"ImageObject","inLanguage":"it-IT","@id":"https:\/\/cinema.video\/it\/vod-il-posto-esce-su-mubi-italia#primaryimage","url":"https:\/\/cinema.video\/wp-content\/uploads\/2023\/02\/il-posto.jpeg","contentUrl":"https:\/\/cinema.video\/wp-content\/uploads\/2023\/02\/il-posto.jpeg","width":474,"height":314},{"@type":"BreadcrumbList","@id":"https:\/\/cinema.video\/it\/vod-il-posto-esce-su-mubi-italia#breadcrumb","itemListElement":[{"@type":"ListItem","position":1,"name":"Home","item":"https:\/\/cinema.video\/it\/home-2"},{"@type":"ListItem","position":2,"name":"VOD Il Posto esce su MUBI Italia"}]},{"@type":"WebSite","@id":"https:\/\/cinema.video\/it#website","url":"https:\/\/cinema.video\/it","name":"Cinema & Video International","description":"Film &amp; Audiovisual Industry Trade Magazine","publisher":{"@id":"https:\/\/cinema.video\/it#organization"},"alternateName":"Cinema & Video","potentialAction":[{"@type":"SearchAction","target":{"@type":"EntryPoint","urlTemplate":"https:\/\/cinema.video\/it?s={search_term_string}"},"query-input":{"@type":"PropertyValueSpecification","valueRequired":true,"valueName":"search_term_string"}}],"inLanguage":"it-IT"},{"@type":"Organization","@id":"https:\/\/cinema.video\/it#organization","name":"Cinema & Video","url":"https:\/\/cinema.video\/it","logo":{"@type":"ImageObject","inLanguage":"it-IT","@id":"https:\/\/cinema.video\/it#\/schema\/logo\/image\/","url":"https:\/\/cinema.video\/wp-content\/uploads\/2026\/04\/CinemVideo_LogoBlack.png","contentUrl":"https:\/\/cinema.video\/wp-content\/uploads\/2026\/04\/CinemVideo_LogoBlack.png","width":1336,"height":224,"caption":"Cinema & Video"},"image":{"@id":"https:\/\/cinema.video\/it#\/schema\/logo\/image\/"},"sameAs":["https:\/\/www.facebook.com\/CinemaVideoInternational\/","https:\/\/www.instagram.com\/cinemaevideointernational\/","https:\/\/it.linkedin.com\/company\/cinema-video-international"],"description":"Media Consulting & Marketing Agency","email":"hello@darostudio.com","legalName":"DARO studio LLC","foundingDate":"2021-02-16","numberOfEmployees":{"@type":"QuantitativeValue","minValue":"1","maxValue":"10"}},{"@type":"Person","@id":"https:\/\/cinema.video\/it#\/schema\/person\/aeb01b91d874e8b01e76a1db04c668c6","name":"Redazione","image":{"@type":"ImageObject","inLanguage":"it-IT","@id":"https:\/\/secure.gravatar.com\/avatar\/06ad6f92eb14745b75fb592cadf8139d33242d81c9c8b085133c450aaf0b9731?s=96&d=mm&r=g","url":"https:\/\/secure.gravatar.com\/avatar\/06ad6f92eb14745b75fb592cadf8139d33242d81c9c8b085133c450aaf0b9731?s=96&d=mm&r=g","contentUrl":"https:\/\/secure.gravatar.com\/avatar\/06ad6f92eb14745b75fb592cadf8139d33242d81c9c8b085133c450aaf0b9731?s=96&d=mm&r=g","caption":"Redazione"},"url":"https:\/\/cinema.video\/it\/author\/redazione"}]}},"jetpack_featured_media_url":"https:\/\/cinema.video\/wp-content\/uploads\/2023\/02\/il-posto.jpeg","jetpack_shortlink":"https:\/\/wp.me\/ph672m-1epr","_links":{"self":[{"href":"https:\/\/cinema.video\/it\/wp-json\/wp\/v2\/posts\/293721","targetHints":{"allow":["GET"]}}],"collection":[{"href":"https:\/\/cinema.video\/it\/wp-json\/wp\/v2\/posts"}],"about":[{"href":"https:\/\/cinema.video\/it\/wp-json\/wp\/v2\/types\/post"}],"author":[{"embeddable":true,"href":"https:\/\/cinema.video\/it\/wp-json\/wp\/v2\/users\/26"}],"replies":[{"embeddable":true,"href":"https:\/\/cinema.video\/it\/wp-json\/wp\/v2\/comments?post=293721"}],"version-history":[{"count":1,"href":"https:\/\/cinema.video\/it\/wp-json\/wp\/v2\/posts\/293721\/revisions"}],"predecessor-version":[{"id":308892,"href":"https:\/\/cinema.video\/it\/wp-json\/wp\/v2\/posts\/293721\/revisions\/308892"}],"wp:featuredmedia":[{"embeddable":true,"href":"https:\/\/cinema.video\/it\/wp-json\/wp\/v2\/media\/293722"}],"wp:attachment":[{"href":"https:\/\/cinema.video\/it\/wp-json\/wp\/v2\/media?parent=293721"}],"wp:term":[{"taxonomy":"category","embeddable":true,"href":"https:\/\/cinema.video\/it\/wp-json\/wp\/v2\/categories?post=293721"},{"taxonomy":"post_tag","embeddable":true,"href":"https:\/\/cinema.video\/it\/wp-json\/wp\/v2\/tags?post=293721"}],"curies":[{"name":"wp","href":"https:\/\/api.w.org\/{rel}","templated":true}]}}