{"id":293442,"date":"2022-12-16T12:34:44","date_gmt":"2022-12-16T11:34:44","guid":{"rendered":"https:\/\/cinema.video\/?p=293442"},"modified":"2026-04-10T03:59:54","modified_gmt":"2026-04-10T01:59:54","slug":"luchino-visconti-al-via-il-corso-executive-di-managementfinanza","status":"publish","type":"post","link":"https:\/\/cinema.video\/it\/luchino-visconti-al-via-il-corso-executive-di-managementfinanza","title":{"rendered":"LUCHINO VISCONTI Al via il Corso Executive di Management&#038;Finanza"},"content":{"rendered":"\n<p class=\"wp-block-paragraph\">L\u2019offerta di Alta Formazione della <strong>Civica Scuola di Cinema Luchino Visconti <\/strong>si amplia con un nuovo<mark style=\"background-color:rgba(0, 0, 0, 0)\" class=\"has-inline-color has-vivid-cyan-blue-color\">\u00a0<\/mark><a href=\"https:\/\/cinema.fondazionemilano.eu\/corsi\/corso-executive-di-management-e-finanza-del-cinema\"><strong><mark style=\"background-color:rgba(0, 0, 0, 0)\" class=\"has-inline-color has-vivid-cyan-blue-color\">Corso Executive di Management e finanza del cinema e dell\u2019audiovisivo<\/mark><\/strong><\/a>: un percorso strategico e innovativo per gestire &#8211; e trasformare in opportunit\u00e0 &#8211; le sfide economico finanziarie di un contesto in rapido e imprevedibile cambiamento.\u00a0<\/p>\n\n\n\n<p class=\"wp-block-paragraph\">Il corso offre una serie di strumenti necessari per affrontare le complessit\u00e0 della produzione cinematografica e audiovisiva indipendente italiana e aiutare gli imprenditori e le imprenditrici e le\/i futuri CFO a raggiungere gli obiettivi di impresa, tramite l&#8217;utilizzo consapevole della direzione finanziaria.&nbsp;<\/p>\n\n\n\n<p class=\"wp-block-paragraph\">I contenuti formativi del Corso Executive saranno incentrati sul management e sulla finanza di impresa con focus sulla figura del direttore finanziario. <br>Tenuto da professionisti e professioniste del settore, si rivolge a produttori, produttrici, responsabili amministrazione di imprese del settore cinematografico, consulenti, e neo-laureati e laureate provenienti da percorsi di specializzazione.<\/p>\n\n\n\n<p class=\"wp-block-paragraph\">\u201c<em>Proseguendo nell\u2019impegno di aggiornare costantemente la propria offerta formativa in risposta alle reali esigenze del mercato, la Civica Scuola di Cinema Luchino Visconti lancia il primo Corso Executive in Management e Finanza del cinema e dell\u2019audiovisivo: una proposta mirata all\u2019approfondimento di tutte le tematiche di rilevanza cruciale che stanno alla base di un nuovo modo di gestire gli aspetti finanziari e normativi del cinema e dell\u2019audiovisivo<\/em>&nbsp;\u2013 dichiara&nbsp;<strong>Minnie Ferrara<\/strong>, direttrice della Scuola.&nbsp;<em>Per questo abbiamo deciso di organizzare questo Corso insieme a Francesco Lattarulo, che ne \u00e8 curatore e coordinatore, certi di intercettare e dare una risposta concreta alla domanda di neo laureati e laureate provenienti da percorsi di specializzazione nell\u2019ambito della finanza del cinema, ma anche di professionisti junior o collaboratori di case di produzioni che abbiano necessit\u00e0 di aggiornare le proprie competenze<\/em>.\u201d<\/p>\n\n\n\n<p class=\"wp-block-paragraph\"><em>\u201cIl Corso Executive ha l\u2019ambizione di colmare un vuoto formativo nel panorama dell\u2019industria cinematografica italiana<\/em>\u2013 sottolinea il coordinatore&nbsp;<strong>Francesco Lattarulo<\/strong>.&nbsp;<em>Approfondire gli aspetti finanziari e manageriali del cinema render\u00e0 i produttori sempre pi\u00f9 consapevoli di essere imprenditori e professionalizzer\u00e0 i responsabili amministrativi per renderli futuri direttori finanziari. C\u2019\u00e8 sempre pi\u00f9 bisogno, viste le grandi sfide contemporanee, di far emergere, al fianco del produttore creativo, la figura del produttore finanziario. Da oggi, grazie alla grande intuizione della Scuola Civica Luchino Visconti di Milano, esiste un percorso formativo che mira proprio alla formazione di produttori finanziari e direttori finanziari dedicati alla produzione cinematografica.\u201d<\/em><\/p>\n\n\n\n<p class=\"wp-block-paragraph\">Il&nbsp;<strong>Corso Executive<\/strong>&nbsp;si svolge dal<strong>&nbsp;24 febbraio&nbsp;<\/strong>all\u2019<strong>8 luglio<\/strong>,&nbsp;in modalit\u00e0 online.<\/p>\n\n\n\n<p class=\"wp-block-paragraph\">13 moduli, venerd\u00ec e sabato, dalle 09.00 alle 13.00 e dalle 14.00 alle 18.00.&nbsp;<\/p>\n\n\n\n<p class=\"wp-block-paragraph\">Data chiusura iscrizioni:<strong>&nbsp;10 febbraio 2023<\/strong><\/p>\n\n\n\n<p class=\"wp-block-paragraph\">Il form di ammissione \u00e8 disponibile&nbsp;<a href=\"https:\/\/cinema.fondazionemilano.eu\/studenti\/ammissioni\/ammissioni-corso-executive-management-e-finanza-del-cinema\"><strong><mark style=\"background-color:rgba(0, 0, 0, 0)\" class=\"has-inline-color has-vivid-cyan-blue-color\">qui<\/mark><\/strong><\/a><\/p>\n\n\n\n<p class=\"wp-block-paragraph\">Per informazioni:&nbsp;<a href=\"mailto:corsibrevicinema@fondazionemilano.eu\"><mark style=\"background-color:rgba(0, 0, 0, 0)\" class=\"has-inline-color has-vivid-cyan-blue-color\"><strong>corsibrevicinema@fondazionemilano.eu<\/strong><\/mark><\/a><\/p>\n","protected":false},"excerpt":{"rendered":"<p>Un percorso strategico ed innovativo di Alta Formazione per gestire e trasformare in opportunit\u00e0 le sfide economico-finanziarie promosso dalla Civica Scuola di Cinema Luchino Visconti<\/p>\n","protected":false},"author":26,"featured_media":293443,"comment_status":"closed","ping_status":"closed","sticky":false,"template":"","format":"standard","meta":{"googlesitekit_rrm_CAow3e7fCw:productID":"","_wpcom_ai_launchpad_first_post":false,"footnotes":"","jetpack_post_was_ever_published":false},"categories":[1691],"tags":[356,2337],"class_list":["post-293442","post","type-post","status-publish","format-standard","has-post-thumbnail","category-learning","tag-focus","tag-learning"],"yoast_head":"<!-- This site is optimized with the Yoast SEO Premium plugin v28.3 (Yoast SEO v28.3) - https:\/\/yoast.com\/product\/yoast-seo-premium-wordpress\/ -->\n<title>LUCHINO VISCONTI Al via il Corso Executive di Management&amp;Finanza - Cinema &amp; Video International<\/title>\n<meta name=\"description\" content=\"LUCHINO VISCONTI Al via il Corso Executive di Management&amp;Finanza \u2013 luchino visconti al via il corso. L\u2019offerta di Alta Formazione della Civica Scuola di C\" \/>\n<meta name=\"robots\" content=\"index, follow, max-snippet:-1, max-image-preview:large, max-video-preview:-1\" \/>\n<link rel=\"canonical\" href=\"https:\/\/cinema.video\/it\/luchino-visconti-al-via-il-corso-executive-di-managementfinanza\" \/>\n<meta property=\"og:locale\" content=\"it_IT\" \/>\n<meta property=\"og:type\" content=\"article\" \/>\n<meta property=\"og:title\" content=\"LUCHINO VISCONTI Al via il Corso Executive di Management&amp;Finanza\" \/>\n<meta property=\"og:description\" content=\"LUCHINO VISCONTI Al via il Corso Executive di Management&amp;Finanza \u2013 luchino visconti al via il corso. L\u2019offerta di Alta Formazione della Civica Scuola di C\" \/>\n<meta property=\"og:url\" content=\"https:\/\/cinema.video\/it\/luchino-visconti-al-via-il-corso-executive-di-managementfinanza\" \/>\n<meta property=\"og:site_name\" content=\"Cinema &amp; Video International\" \/>\n<meta property=\"article:publisher\" content=\"https:\/\/www.facebook.com\/CinemaVideoInternational\/\" \/>\n<meta property=\"article:published_time\" content=\"2022-12-16T11:34:44+00:00\" \/>\n<meta property=\"article:modified_time\" content=\"2026-04-10T01:59:54+00:00\" \/>\n<meta property=\"og:image\" content=\"https:\/\/cinema.video\/wp-content\/uploads\/2022\/12\/Fond-Milano-foto-x-nsl.jpg\" \/>\n\t<meta property=\"og:image:width\" content=\"459\" \/>\n\t<meta property=\"og:image:height\" content=\"360\" \/>\n\t<meta property=\"og:image:type\" content=\"image\/jpeg\" \/>\n<meta name=\"author\" content=\"Editorial\" \/>\n<meta name=\"twitter:card\" content=\"summary_large_image\" \/>\n<meta name=\"twitter:label1\" content=\"Scritto da\" \/>\n\t<meta name=\"twitter:data1\" content=\"Editorial\" \/>\n\t<meta name=\"twitter:label2\" content=\"Tempo di lettura stimato\" \/>\n\t<meta name=\"twitter:data2\" content=\"3 minuti\" \/>\n<script type=\"application\/ld+json\" class=\"yoast-schema-graph\">{\"@context\":\"https:\\\/\\\/schema.org\",\"@graph\":[{\"@type\":\"Article\",\"@id\":\"https:\\\/\\\/cinema.video\\\/it\\\/luchino-visconti-al-via-il-corso-executive-di-managementfinanza#article\",\"isPartOf\":{\"@id\":\"https:\\\/\\\/cinema.video\\\/it\\\/luchino-visconti-al-via-il-corso-executive-di-managementfinanza\"},\"author\":{\"name\":\"Editorial\",\"@id\":\"https:\\\/\\\/cinema.video\\\/it#\\\/schema\\\/person\\\/aeb01b91d874e8b01e76a1db04c668c6\"},\"headline\":\"LUCHINO VISCONTI Al via il Corso Executive di Management&#038;Finanza\",\"datePublished\":\"2022-12-16T11:34:44+00:00\",\"dateModified\":\"2026-04-10T01:59:54+00:00\",\"mainEntityOfPage\":{\"@id\":\"https:\\\/\\\/cinema.video\\\/it\\\/luchino-visconti-al-via-il-corso-executive-di-managementfinanza\"},\"wordCount\":450,\"publisher\":{\"@id\":\"https:\\\/\\\/cinema.video\\\/it#organization\"},\"image\":{\"@id\":\"https:\\\/\\\/cinema.video\\\/it\\\/luchino-visconti-al-via-il-corso-executive-di-managementfinanza#primaryimage\"},\"thumbnailUrl\":\"https:\\\/\\\/cinema.video\\\/wp-content\\\/uploads\\\/2022\\\/12\\\/Fond-Milano-foto-x-nsl.jpg\",\"keywords\":[\"focus\",\"LEARNING\"],\"articleSection\":[\"LEARNING\"],\"inLanguage\":\"it-IT\"},{\"@type\":\"WebPage\",\"@id\":\"https:\\\/\\\/cinema.video\\\/it\\\/luchino-visconti-al-via-il-corso-executive-di-managementfinanza\",\"url\":\"https:\\\/\\\/cinema.video\\\/it\\\/luchino-visconti-al-via-il-corso-executive-di-managementfinanza\",\"name\":\"LUCHINO VISCONTI Al via il Corso Executive di Management&Finanza - Cinema &amp; Video International\",\"isPartOf\":{\"@id\":\"https:\\\/\\\/cinema.video\\\/it#website\"},\"primaryImageOfPage\":{\"@id\":\"https:\\\/\\\/cinema.video\\\/it\\\/luchino-visconti-al-via-il-corso-executive-di-managementfinanza#primaryimage\"},\"image\":{\"@id\":\"https:\\\/\\\/cinema.video\\\/it\\\/luchino-visconti-al-via-il-corso-executive-di-managementfinanza#primaryimage\"},\"thumbnailUrl\":\"https:\\\/\\\/cinema.video\\\/wp-content\\\/uploads\\\/2022\\\/12\\\/Fond-Milano-foto-x-nsl.jpg\",\"datePublished\":\"2022-12-16T11:34:44+00:00\",\"dateModified\":\"2026-04-10T01:59:54+00:00\",\"description\":\"LUCHINO VISCONTI Al via il Corso Executive di Management&Finanza \u2013 luchino visconti al via il corso. L\u2019offerta di Alta Formazione della Civica Scuola di C\",\"breadcrumb\":{\"@id\":\"https:\\\/\\\/cinema.video\\\/it\\\/luchino-visconti-al-via-il-corso-executive-di-managementfinanza#breadcrumb\"},\"inLanguage\":\"it-IT\",\"potentialAction\":[{\"@type\":\"ReadAction\",\"target\":[\"https:\\\/\\\/cinema.video\\\/it\\\/luchino-visconti-al-via-il-corso-executive-di-managementfinanza\"]}]},{\"@type\":\"ImageObject\",\"inLanguage\":\"it-IT\",\"@id\":\"https:\\\/\\\/cinema.video\\\/it\\\/luchino-visconti-al-via-il-corso-executive-di-managementfinanza#primaryimage\",\"url\":\"https:\\\/\\\/cinema.video\\\/wp-content\\\/uploads\\\/2022\\\/12\\\/Fond-Milano-foto-x-nsl.jpg\",\"contentUrl\":\"https:\\\/\\\/cinema.video\\\/wp-content\\\/uploads\\\/2022\\\/12\\\/Fond-Milano-foto-x-nsl.jpg\",\"width\":459,\"height\":360},{\"@type\":\"BreadcrumbList\",\"@id\":\"https:\\\/\\\/cinema.video\\\/it\\\/luchino-visconti-al-via-il-corso-executive-di-managementfinanza#breadcrumb\",\"itemListElement\":[{\"@type\":\"ListItem\",\"position\":1,\"name\":\"Home\",\"item\":\"https:\\\/\\\/cinema.video\\\/it\"},{\"@type\":\"ListItem\",\"position\":2,\"name\":\"LUCHINO VISCONTI Al via il Corso Executive di Management&#038;Finanza\"}]},{\"@type\":\"WebSite\",\"@id\":\"https:\\\/\\\/cinema.video\\\/it#website\",\"url\":\"https:\\\/\\\/cinema.video\\\/it\",\"name\":\"Cinema & Video International\",\"description\":\"Film &amp; Audiovisual B2B Industry Trade Platform Magazine\",\"publisher\":{\"@id\":\"https:\\\/\\\/cinema.video\\\/it#organization\"},\"alternateName\":\"Cinema & Video\",\"potentialAction\":[{\"@type\":\"SearchAction\",\"target\":{\"@type\":\"EntryPoint\",\"urlTemplate\":\"https:\\\/\\\/cinema.video\\\/it?s={search_term_string}\"},\"query-input\":{\"@type\":\"PropertyValueSpecification\",\"valueRequired\":true,\"valueName\":\"search_term_string\"}}],\"inLanguage\":\"it-IT\"},{\"@type\":\"Organization\",\"@id\":\"https:\\\/\\\/cinema.video\\\/it#organization\",\"name\":\"Cinema & Video\",\"url\":\"https:\\\/\\\/cinema.video\\\/it\",\"logo\":{\"@type\":\"ImageObject\",\"inLanguage\":\"it-IT\",\"@id\":\"https:\\\/\\\/cinema.video\\\/it#\\\/schema\\\/logo\\\/image\\\/\",\"url\":\"https:\\\/\\\/cinema.video\\\/wp-content\\\/uploads\\\/2026\\\/04\\\/CinemVideo_LogoBlack.png\",\"contentUrl\":\"https:\\\/\\\/cinema.video\\\/wp-content\\\/uploads\\\/2026\\\/04\\\/CinemVideo_LogoBlack.png\",\"width\":1336,\"height\":224,\"caption\":\"Cinema & Video\"},\"image\":{\"@id\":\"https:\\\/\\\/cinema.video\\\/it#\\\/schema\\\/logo\\\/image\\\/\"},\"sameAs\":[\"https:\\\/\\\/www.facebook.com\\\/CinemaVideoInternational\\\/\",\"https:\\\/\\\/www.instagram.com\\\/cinemaevideointernational\\\/\",\"https:\\\/\\\/it.linkedin.com\\\/company\\\/cinema-video-international\"],\"description\":\"Media Consulting & Marketing Agency\",\"email\":\"hello@darostudio.com\",\"legalName\":\"DARO studio LLC\",\"foundingDate\":\"2021-02-16\",\"numberOfEmployees\":{\"@type\":\"QuantitativeValue\",\"minValue\":\"1\",\"maxValue\":\"10\"},\"publishingPrinciples\":\"https:\\\/\\\/cinema.video\\\/about\"},{\"@type\":\"Person\",\"@id\":\"https:\\\/\\\/cinema.video\\\/it#\\\/schema\\\/person\\\/aeb01b91d874e8b01e76a1db04c668c6\",\"name\":\"Editorial\",\"image\":{\"@type\":\"ImageObject\",\"inLanguage\":\"it-IT\",\"@id\":\"https:\\\/\\\/secure.gravatar.com\\\/avatar\\\/06ad6f92eb14745b75fb592cadf8139d33242d81c9c8b085133c450aaf0b9731?s=96&d=mm&r=g\",\"url\":\"https:\\\/\\\/secure.gravatar.com\\\/avatar\\\/06ad6f92eb14745b75fb592cadf8139d33242d81c9c8b085133c450aaf0b9731?s=96&d=mm&r=g\",\"contentUrl\":\"https:\\\/\\\/secure.gravatar.com\\\/avatar\\\/06ad6f92eb14745b75fb592cadf8139d33242d81c9c8b085133c450aaf0b9731?s=96&d=mm&r=g\",\"caption\":\"Editorial\"},\"url\":\"https:\\\/\\\/cinema.video\\\/it\\\/author\\\/redazione\"}]}<\/script>\n<!-- \/ Yoast SEO Premium plugin. -->","yoast_head_json":{"title":"LUCHINO VISCONTI Al via il Corso Executive di Management&Finanza - Cinema &amp; Video International","description":"LUCHINO VISCONTI Al via il Corso Executive di Management&Finanza \u2013 luchino visconti al via il corso. L\u2019offerta di Alta Formazione della Civica Scuola di C","robots":{"index":"index","follow":"follow","max-snippet":"max-snippet:-1","max-image-preview":"max-image-preview:large","max-video-preview":"max-video-preview:-1"},"canonical":"https:\/\/cinema.video\/it\/luchino-visconti-al-via-il-corso-executive-di-managementfinanza","og_locale":"it_IT","og_type":"article","og_title":"LUCHINO VISCONTI Al via il Corso Executive di Management&Finanza","og_description":"LUCHINO VISCONTI Al via il Corso Executive di Management&Finanza \u2013 luchino visconti al via il corso. L\u2019offerta di Alta Formazione della Civica Scuola di C","og_url":"https:\/\/cinema.video\/it\/luchino-visconti-al-via-il-corso-executive-di-managementfinanza","og_site_name":"Cinema &amp; Video International","article_publisher":"https:\/\/www.facebook.com\/CinemaVideoInternational\/","article_published_time":"2022-12-16T11:34:44+00:00","article_modified_time":"2026-04-10T01:59:54+00:00","og_image":[{"width":459,"height":360,"url":"https:\/\/cinema.video\/wp-content\/uploads\/2022\/12\/Fond-Milano-foto-x-nsl.jpg","type":"image\/jpeg"}],"author":"Editorial","twitter_card":"summary_large_image","twitter_misc":{"Scritto da":"Editorial","Tempo di lettura stimato":"3 minuti"},"schema":{"@context":"https:\/\/schema.org","@graph":[{"@type":"Article","@id":"https:\/\/cinema.video\/it\/luchino-visconti-al-via-il-corso-executive-di-managementfinanza#article","isPartOf":{"@id":"https:\/\/cinema.video\/it\/luchino-visconti-al-via-il-corso-executive-di-managementfinanza"},"author":{"name":"Editorial","@id":"https:\/\/cinema.video\/it#\/schema\/person\/aeb01b91d874e8b01e76a1db04c668c6"},"headline":"LUCHINO VISCONTI Al via il Corso Executive di Management&#038;Finanza","datePublished":"2022-12-16T11:34:44+00:00","dateModified":"2026-04-10T01:59:54+00:00","mainEntityOfPage":{"@id":"https:\/\/cinema.video\/it\/luchino-visconti-al-via-il-corso-executive-di-managementfinanza"},"wordCount":450,"publisher":{"@id":"https:\/\/cinema.video\/it#organization"},"image":{"@id":"https:\/\/cinema.video\/it\/luchino-visconti-al-via-il-corso-executive-di-managementfinanza#primaryimage"},"thumbnailUrl":"https:\/\/cinema.video\/wp-content\/uploads\/2022\/12\/Fond-Milano-foto-x-nsl.jpg","keywords":["focus","LEARNING"],"articleSection":["LEARNING"],"inLanguage":"it-IT"},{"@type":"WebPage","@id":"https:\/\/cinema.video\/it\/luchino-visconti-al-via-il-corso-executive-di-managementfinanza","url":"https:\/\/cinema.video\/it\/luchino-visconti-al-via-il-corso-executive-di-managementfinanza","name":"LUCHINO VISCONTI Al via il Corso Executive di Management&Finanza - Cinema &amp; Video International","isPartOf":{"@id":"https:\/\/cinema.video\/it#website"},"primaryImageOfPage":{"@id":"https:\/\/cinema.video\/it\/luchino-visconti-al-via-il-corso-executive-di-managementfinanza#primaryimage"},"image":{"@id":"https:\/\/cinema.video\/it\/luchino-visconti-al-via-il-corso-executive-di-managementfinanza#primaryimage"},"thumbnailUrl":"https:\/\/cinema.video\/wp-content\/uploads\/2022\/12\/Fond-Milano-foto-x-nsl.jpg","datePublished":"2022-12-16T11:34:44+00:00","dateModified":"2026-04-10T01:59:54+00:00","description":"LUCHINO VISCONTI Al via il Corso Executive di Management&Finanza \u2013 luchino visconti al via il corso. L\u2019offerta di Alta Formazione della Civica Scuola di C","breadcrumb":{"@id":"https:\/\/cinema.video\/it\/luchino-visconti-al-via-il-corso-executive-di-managementfinanza#breadcrumb"},"inLanguage":"it-IT","potentialAction":[{"@type":"ReadAction","target":["https:\/\/cinema.video\/it\/luchino-visconti-al-via-il-corso-executive-di-managementfinanza"]}]},{"@type":"ImageObject","inLanguage":"it-IT","@id":"https:\/\/cinema.video\/it\/luchino-visconti-al-via-il-corso-executive-di-managementfinanza#primaryimage","url":"https:\/\/cinema.video\/wp-content\/uploads\/2022\/12\/Fond-Milano-foto-x-nsl.jpg","contentUrl":"https:\/\/cinema.video\/wp-content\/uploads\/2022\/12\/Fond-Milano-foto-x-nsl.jpg","width":459,"height":360},{"@type":"BreadcrumbList","@id":"https:\/\/cinema.video\/it\/luchino-visconti-al-via-il-corso-executive-di-managementfinanza#breadcrumb","itemListElement":[{"@type":"ListItem","position":1,"name":"Home","item":"https:\/\/cinema.video\/it"},{"@type":"ListItem","position":2,"name":"LUCHINO VISCONTI Al via il Corso Executive di Management&#038;Finanza"}]},{"@type":"WebSite","@id":"https:\/\/cinema.video\/it#website","url":"https:\/\/cinema.video\/it","name":"Cinema & Video International","description":"Film &amp; Audiovisual B2B Industry Trade Platform Magazine","publisher":{"@id":"https:\/\/cinema.video\/it#organization"},"alternateName":"Cinema & Video","potentialAction":[{"@type":"SearchAction","target":{"@type":"EntryPoint","urlTemplate":"https:\/\/cinema.video\/it?s={search_term_string}"},"query-input":{"@type":"PropertyValueSpecification","valueRequired":true,"valueName":"search_term_string"}}],"inLanguage":"it-IT"},{"@type":"Organization","@id":"https:\/\/cinema.video\/it#organization","name":"Cinema & Video","url":"https:\/\/cinema.video\/it","logo":{"@type":"ImageObject","inLanguage":"it-IT","@id":"https:\/\/cinema.video\/it#\/schema\/logo\/image\/","url":"https:\/\/cinema.video\/wp-content\/uploads\/2026\/04\/CinemVideo_LogoBlack.png","contentUrl":"https:\/\/cinema.video\/wp-content\/uploads\/2026\/04\/CinemVideo_LogoBlack.png","width":1336,"height":224,"caption":"Cinema & Video"},"image":{"@id":"https:\/\/cinema.video\/it#\/schema\/logo\/image\/"},"sameAs":["https:\/\/www.facebook.com\/CinemaVideoInternational\/","https:\/\/www.instagram.com\/cinemaevideointernational\/","https:\/\/it.linkedin.com\/company\/cinema-video-international"],"description":"Media Consulting & Marketing Agency","email":"hello@darostudio.com","legalName":"DARO studio LLC","foundingDate":"2021-02-16","numberOfEmployees":{"@type":"QuantitativeValue","minValue":"1","maxValue":"10"},"publishingPrinciples":"https:\/\/cinema.video\/about"},{"@type":"Person","@id":"https:\/\/cinema.video\/it#\/schema\/person\/aeb01b91d874e8b01e76a1db04c668c6","name":"Editorial","image":{"@type":"ImageObject","inLanguage":"it-IT","@id":"https:\/\/secure.gravatar.com\/avatar\/06ad6f92eb14745b75fb592cadf8139d33242d81c9c8b085133c450aaf0b9731?s=96&d=mm&r=g","url":"https:\/\/secure.gravatar.com\/avatar\/06ad6f92eb14745b75fb592cadf8139d33242d81c9c8b085133c450aaf0b9731?s=96&d=mm&r=g","contentUrl":"https:\/\/secure.gravatar.com\/avatar\/06ad6f92eb14745b75fb592cadf8139d33242d81c9c8b085133c450aaf0b9731?s=96&d=mm&r=g","caption":"Editorial"},"url":"https:\/\/cinema.video\/it\/author\/redazione"}]}},"jetpack_shortlink":"https:\/\/wp.me\/ph672m-1ekW","jetpack_featured_media_url":"https:\/\/cinema.video\/wp-content\/uploads\/2022\/12\/Fond-Milano-foto-x-nsl.jpg","_links":{"self":[{"href":"https:\/\/cinema.video\/it\/wp-json\/wp\/v2\/posts\/293442","targetHints":{"allow":["GET"]}}],"collection":[{"href":"https:\/\/cinema.video\/it\/wp-json\/wp\/v2\/posts"}],"about":[{"href":"https:\/\/cinema.video\/it\/wp-json\/wp\/v2\/types\/post"}],"author":[{"embeddable":true,"href":"https:\/\/cinema.video\/it\/wp-json\/wp\/v2\/users\/26"}],"replies":[{"embeddable":true,"href":"https:\/\/cinema.video\/it\/wp-json\/wp\/v2\/comments?post=293442"}],"version-history":[{"count":2,"href":"https:\/\/cinema.video\/it\/wp-json\/wp\/v2\/posts\/293442\/revisions"}],"predecessor-version":[{"id":308852,"href":"https:\/\/cinema.video\/it\/wp-json\/wp\/v2\/posts\/293442\/revisions\/308852"}],"wp:featuredmedia":[{"embeddable":true,"href":"https:\/\/cinema.video\/it\/wp-json\/wp\/v2\/media\/293443"}],"wp:attachment":[{"href":"https:\/\/cinema.video\/it\/wp-json\/wp\/v2\/media?parent=293442"}],"wp:term":[{"taxonomy":"category","embeddable":true,"href":"https:\/\/cinema.video\/it\/wp-json\/wp\/v2\/categories?post=293442"},{"taxonomy":"post_tag","embeddable":true,"href":"https:\/\/cinema.video\/it\/wp-json\/wp\/v2\/tags?post=293442"}],"curies":[{"name":"wp","href":"https:\/\/api.w.org\/{rel}","templated":true}]}}