{"id":292813,"date":"2022-09-14T15:50:11","date_gmt":"2022-09-14T13:50:11","guid":{"rendered":"https:\/\/cinema.video\/?p=292813"},"modified":"2026-04-10T03:58:47","modified_gmt":"2026-04-10T01:58:47","slug":"campania-al-via-i-lavori-peril-distretto-dellaudiovisivo","status":"publish","type":"post","link":"https:\/\/cinema.video\/it\/campania-al-via-i-lavori-peril-distretto-dellaudiovisivo","title":{"rendered":"CAMPANIA Al via i lavori peril Distretto dell&#8217;Audiovisivo"},"content":{"rendered":"\n<p class=\"wp-block-paragraph\">Il secondo polo produttivo dell&#8217;audiovisivo italiano dopo Cinecitt\u00e0: <strong>Regione Campania <\/strong>e <strong>Film Commission Regione Campania<\/strong> danno ufficialmente il via ai lavori del<strong>\u00a0Distretto Campano dell\u2019Audiovisivo &#8211; Polo del Digitale e dell\u2019Animazione Creativa<\/strong>\u00a0e l\u2019inizio del cantiere a Bagnoli (Na) per l\u2019adeguamento dell\u2019Edificio D, situato al Parco San Laise, ex Collegio Ciano e gi\u00e0 sede del comando NATO per il Sud Europa. <\/p>\n\n\n\n<p class=\"wp-block-paragraph\">Finanziato dalla\u00a0<strong>Regione Campania<\/strong>, tramite il\u00a0<strong>Fondo per lo Sviluppo e la Coesione (FSC)<\/strong>, per un importo complessivo di Euro 4.200.000, il progetto, ha l\u2019obiettivo di potenziare la capacit\u00e0 attrattiva della Campania in termini infrastrutturali, sostenere la crescita del comparto regionale, favorire l\u2019aggregazione tra i professionisti e le imprese di settore, e l\u2019incontro fra domanda e offerta di servizi. Nonch\u00e9 completare la filiera produttiva nei settori innovativi e strategici come il trattamento digitale delle immagini, gli effetti visivi e l\u2019animazione.<\/p>\n\n\n\n<p class=\"wp-block-paragraph\">Sono cinque le funzioni specifiche che convergeranno nel Distretto, il cui cantiere terminer\u00e0, si prevede, a fine 2023: sar\u00e0 dunque un <strong>Cineporto<\/strong> (con ampi spazi dedicati alla realizzazione delle produzioni che potranno usufruire di uffici, sale casting, sartorie, laboratori per reparti tecnici), un \u00a0<strong>Incubatore<\/strong>\u00a0 per l\u2019insediamento di imprese regionali in ambiti e servizi differenziati, un\u00a0<strong>Centro Studi e Documentazione\u00a0<\/strong> finalizzato alla costituzione di una Mediateca sociale, che avvier\u00e0 un importante progetto di\u00a0<em>Public History<\/em>\u00a0per ricostruire la storia sociale recente del territorio, partendo dalla memoria visiva del Parco San Laise e del quartiere di Bagnoli, un <strong>Polo del digitale e dell\u2019animazione creativa<\/strong>\u00a0 con sala color grading e mixaggio audio, render farm e laboratori per l\u2019animazione: un hub tecnologico avanzato per completare la filiera produttiva locale e sollecitare attivit\u00e0 di produzione e sperimentazione nei settori ad alto contenuto di innovazione. Infine, un aggregatore di <strong>attivit\u00e0 formative<\/strong> Inoltre, verranno allestite sul piano aree di co-working e sale riunioni, una sala di proiezione, aree ristoro, aule e laboratori per la formazione. Le\u00a0<strong>attivit\u00e0 formative<\/strong> che garantiranno, anche attraverso il modello del\u00a0<em>training on the job<\/em>, opportunit\u00e0 di crescita professionale e ingresso nel mondo del lavoro in tutti i segmenti della filiera produttiva.<\/p>\n\n\n\n<p class=\"wp-block-paragraph\"><\/p>\n\n\n\n<p class=\"wp-block-paragraph\">Con la conclusione dei lavori prevista alla fine del 2023, il Distretto \u00e8 pensato come luogo di convergenza di cinque funzioni specifiche. Mentre il primo livello seminterrato sar\u00e0 adibito a laboratorio di restauro, archiviazione e locale deposito, il secondo livello si apre alle attivit\u00e0 pi\u00f9 operative del Polo campano e composte da un\u00a0<strong>Cineporto<\/strong>\u00a0(funzione 1) con ampi spazi dedicati alla realizzazione delle produzioni che potranno usufruire di uffici, sale casting, sartorie, laboratori per reparti tecnici, e un\u00a0<strong>Incubatore<\/strong>\u00a0(funzione 2) per l\u2019insediamento di imprese regionali in ambiti e servizi differenziati. Si tratta di due aree interconnesse in una logica di integrazione e aggregazione volta a rafforzare la capacit\u00e0 produttiva del territorio e la competitivit\u00e0 delle imprese campane sui mercati. Il terzo livello ospita un\u00a0<strong>centro Studi e Documentazione\u00a0<\/strong>(funzione 3), finalizzato alla costituzione di una Mediateca sociale, che avvier\u00e0 un importante progetto di\u00a0<em>Public History<\/em>\u00a0per ricostruire la storia sociale recente del territorio, partendo dalla memoria visiva del Parco San Laise e del quartiere di Bagnoli. Sullo stesso piano anche aree comuni e sale espositive. Il quarto livello \u00e8 destinato ad ospitare le dotazioni tecnologiche del\u00a0<strong>Polo del digitale e dell\u2019animazione creativa<\/strong>\u00a0(funzione 4) con sala color grading e mixaggio audio, render farm e laboratori per l\u2019animazione: un hub tecnologico avanzato per completare la filiera produttiva locale e sollecitare attivit\u00e0 di produzione e sperimentazione nei settori ad alto contenuto di innovazione. Inoltre, verranno allestite sul piano aree di co-working e sale riunioni, una sala di proiezione, aree ristoro, aule e laboratori per la formazione. Le\u00a0<strong>attivit\u00e0 formative<\/strong>\u00a0(funzione 5) il cui insediamento \u00e8 previsto al Distretto garantiranno, anche attraverso il modello del\u00a0<em>training on the job<\/em>, opportunit\u00e0 di crescita professionale e ingresso nel mondo del lavoro in tutti i segmenti della filiera produttiva.<\/p>\n\n\n\n<p class=\"wp-block-paragraph\">Queste cinque destinazioni d&#8217;uso si svilupperanno su 10.000 mq suddivisi fra oltre 100 ambienti distribuiti su 4 piani: il primo livello seminterrato sar\u00e0 adibito a laboratorio di restauro, archiviazione e locale deposito, il secondo livello si apre alle attivit\u00e0 pi\u00f9 operative del Cineporto e dell&#8217;Incubatore, il terzo livello ospita il Centro Studi, mentre al quarto si trover\u00e0 il Polo del digitale e dell&#8217;animazione creativa.<\/p>\n\n\n\n<p class=\"wp-block-paragraph\"><\/p>\n","protected":false},"excerpt":{"rendered":"<p>Al via i lavori per la realizzazione del Distretto Campano dell\u2019Audiovisivo &#8211; Polo del Digitale e dell\u2019Animazione Creativa finanziato dalla Regione Campania: sar\u00e0 il secondo polo produttivo dell&#8217;audiovisivo italiano dopo Cinecitt\u00e0. <\/p>\n","protected":false},"author":26,"featured_media":292814,"comment_status":"closed","ping_status":"closed","sticky":false,"template":"","format":"standard","meta":{"googlesitekit_rrm_CAow3e7fCw:productID":"","_crdt_document":"","footnotes":""},"categories":[215],"tags":[943,2339,356,2338],"class_list":{"0":"post-292813","1":"post","2":"type-post","3":"status-publish","4":"format-standard","5":"has-post-thumbnail","7":"category-film-commissions","8":"tag-film-commission-regione-campania","9":"tag-film-commissions","10":"tag-focus","11":"tag-locations"},"yoast_head":"<!-- This site is optimized with the Yoast SEO Premium plugin v27.4 (Yoast SEO v27.5) - https:\/\/yoast.com\/product\/yoast-seo-premium-wordpress\/ -->\n<title>CAMPANIA Al via i lavori peril Distretto dell&#039;Audiovisivo - Cinema &amp; Video International<\/title>\n<meta name=\"description\" content=\"CAMPANIA Al via i lavori peril Distretto dell&#039;Audiovisivo \u2013 campania al via i lavori peril. Il secondo polo produttivo dell&#039;audiovisivo italiano dopo Cine\" \/>\n<meta name=\"robots\" content=\"index, follow, max-snippet:-1, max-image-preview:large, max-video-preview:-1\" \/>\n<link rel=\"canonical\" href=\"https:\/\/cinema.video\/it\/campania-al-via-i-lavori-peril-distretto-dellaudiovisivo\" \/>\n<meta property=\"og:locale\" content=\"it_IT\" \/>\n<meta property=\"og:type\" content=\"article\" \/>\n<meta property=\"og:title\" content=\"CAMPANIA Al via i lavori peril Distretto dell&#039;Audiovisivo\" \/>\n<meta property=\"og:description\" content=\"CAMPANIA Al via i lavori peril Distretto dell&#039;Audiovisivo \u2013 campania al via i lavori peril. Il secondo polo produttivo dell&#039;audiovisivo italiano dopo Cine\" \/>\n<meta property=\"og:url\" content=\"https:\/\/cinema.video\/it\/campania-al-via-i-lavori-peril-distretto-dellaudiovisivo\" \/>\n<meta property=\"og:site_name\" content=\"Cinema &amp; Video International\" \/>\n<meta property=\"article:publisher\" content=\"https:\/\/www.facebook.com\/CinemaVideoInternational\/\" \/>\n<meta property=\"article:published_time\" content=\"2022-09-14T13:50:11+00:00\" \/>\n<meta property=\"article:modified_time\" content=\"2026-04-10T01:58:47+00:00\" \/>\n<meta property=\"og:image\" content=\"https:\/\/cinema.video\/wp-content\/uploads\/2022\/09\/distretto-campano-e1663163303425.jpg\" \/>\n\t<meta property=\"og:image:width\" content=\"800\" \/>\n\t<meta property=\"og:image:height\" content=\"554\" \/>\n\t<meta property=\"og:image:type\" content=\"image\/jpeg\" \/>\n<meta name=\"author\" content=\"Redazione\" \/>\n<meta name=\"twitter:card\" content=\"summary_large_image\" \/>\n<meta name=\"twitter:label1\" content=\"Scritto da\" \/>\n\t<meta name=\"twitter:data1\" content=\"Redazione\" \/>\n\t<meta name=\"twitter:label2\" content=\"Tempo di lettura stimato\" \/>\n\t<meta name=\"twitter:data2\" content=\"4 minuti\" \/>\n<script type=\"application\/ld+json\" class=\"yoast-schema-graph\">{\"@context\":\"https:\\\/\\\/schema.org\",\"@graph\":[{\"@type\":\"Article\",\"@id\":\"https:\\\/\\\/cinema.video\\\/it\\\/campania-al-via-i-lavori-peril-distretto-dellaudiovisivo#article\",\"isPartOf\":{\"@id\":\"https:\\\/\\\/cinema.video\\\/it\\\/campania-al-via-i-lavori-peril-distretto-dellaudiovisivo\"},\"author\":{\"name\":\"Redazione\",\"@id\":\"https:\\\/\\\/cinema.video\\\/it#\\\/schema\\\/person\\\/aeb01b91d874e8b01e76a1db04c668c6\"},\"headline\":\"CAMPANIA Al via i lavori peril Distretto dell&#8217;Audiovisivo\",\"datePublished\":\"2022-09-14T13:50:11+00:00\",\"dateModified\":\"2026-04-10T01:58:47+00:00\",\"mainEntityOfPage\":{\"@id\":\"https:\\\/\\\/cinema.video\\\/it\\\/campania-al-via-i-lavori-peril-distretto-dellaudiovisivo\"},\"wordCount\":712,\"publisher\":{\"@id\":\"https:\\\/\\\/cinema.video\\\/it#organization\"},\"image\":{\"@id\":\"https:\\\/\\\/cinema.video\\\/it\\\/campania-al-via-i-lavori-peril-distretto-dellaudiovisivo#primaryimage\"},\"thumbnailUrl\":\"https:\\\/\\\/cinema.video\\\/wp-content\\\/uploads\\\/2022\\\/09\\\/distretto-campano-e1663163303425.jpg\",\"keywords\":[\"FILM COMMISSION REGIONE CAMPANIA\",\"FILM COMMISSIONS\",\"focus\",\"LOCATIONS\"],\"articleSection\":[\"FILM COMMISSIONS\"],\"inLanguage\":\"it-IT\"},{\"@type\":\"WebPage\",\"@id\":\"https:\\\/\\\/cinema.video\\\/it\\\/campania-al-via-i-lavori-peril-distretto-dellaudiovisivo\",\"url\":\"https:\\\/\\\/cinema.video\\\/it\\\/campania-al-via-i-lavori-peril-distretto-dellaudiovisivo\",\"name\":\"CAMPANIA Al via i lavori peril Distretto dell'Audiovisivo - Cinema &amp; Video International\",\"isPartOf\":{\"@id\":\"https:\\\/\\\/cinema.video\\\/it#website\"},\"primaryImageOfPage\":{\"@id\":\"https:\\\/\\\/cinema.video\\\/it\\\/campania-al-via-i-lavori-peril-distretto-dellaudiovisivo#primaryimage\"},\"image\":{\"@id\":\"https:\\\/\\\/cinema.video\\\/it\\\/campania-al-via-i-lavori-peril-distretto-dellaudiovisivo#primaryimage\"},\"thumbnailUrl\":\"https:\\\/\\\/cinema.video\\\/wp-content\\\/uploads\\\/2022\\\/09\\\/distretto-campano-e1663163303425.jpg\",\"datePublished\":\"2022-09-14T13:50:11+00:00\",\"dateModified\":\"2026-04-10T01:58:47+00:00\",\"description\":\"CAMPANIA Al via i lavori peril Distretto dell'Audiovisivo \u2013 campania al via i lavori peril. Il secondo polo produttivo dell'audiovisivo italiano dopo Cine\",\"breadcrumb\":{\"@id\":\"https:\\\/\\\/cinema.video\\\/it\\\/campania-al-via-i-lavori-peril-distretto-dellaudiovisivo#breadcrumb\"},\"inLanguage\":\"it-IT\",\"potentialAction\":[{\"@type\":\"ReadAction\",\"target\":[\"https:\\\/\\\/cinema.video\\\/it\\\/campania-al-via-i-lavori-peril-distretto-dellaudiovisivo\"]}]},{\"@type\":\"ImageObject\",\"inLanguage\":\"it-IT\",\"@id\":\"https:\\\/\\\/cinema.video\\\/it\\\/campania-al-via-i-lavori-peril-distretto-dellaudiovisivo#primaryimage\",\"url\":\"https:\\\/\\\/cinema.video\\\/wp-content\\\/uploads\\\/2022\\\/09\\\/distretto-campano-e1663163303425.jpg\",\"contentUrl\":\"https:\\\/\\\/cinema.video\\\/wp-content\\\/uploads\\\/2022\\\/09\\\/distretto-campano-e1663163303425.jpg\",\"width\":800,\"height\":554},{\"@type\":\"BreadcrumbList\",\"@id\":\"https:\\\/\\\/cinema.video\\\/it\\\/campania-al-via-i-lavori-peril-distretto-dellaudiovisivo#breadcrumb\",\"itemListElement\":[{\"@type\":\"ListItem\",\"position\":1,\"name\":\"Home\",\"item\":\"https:\\\/\\\/cinema.video\\\/it\\\/home-2\"},{\"@type\":\"ListItem\",\"position\":2,\"name\":\"CAMPANIA Al via i lavori peril Distretto dell&#8217;Audiovisivo\"}]},{\"@type\":\"WebSite\",\"@id\":\"https:\\\/\\\/cinema.video\\\/it#website\",\"url\":\"https:\\\/\\\/cinema.video\\\/it\",\"name\":\"Cinema & Video International\",\"description\":\"Film &amp; Audiovisual Industry Trade Magazine\",\"publisher\":{\"@id\":\"https:\\\/\\\/cinema.video\\\/it#organization\"},\"alternateName\":\"Cinema & Video\",\"potentialAction\":[{\"@type\":\"SearchAction\",\"target\":{\"@type\":\"EntryPoint\",\"urlTemplate\":\"https:\\\/\\\/cinema.video\\\/it?s={search_term_string}\"},\"query-input\":{\"@type\":\"PropertyValueSpecification\",\"valueRequired\":true,\"valueName\":\"search_term_string\"}}],\"inLanguage\":\"it-IT\"},{\"@type\":\"Organization\",\"@id\":\"https:\\\/\\\/cinema.video\\\/it#organization\",\"name\":\"Cinema & Video\",\"url\":\"https:\\\/\\\/cinema.video\\\/it\",\"logo\":{\"@type\":\"ImageObject\",\"inLanguage\":\"it-IT\",\"@id\":\"https:\\\/\\\/cinema.video\\\/it#\\\/schema\\\/logo\\\/image\\\/\",\"url\":\"https:\\\/\\\/cinema.video\\\/wp-content\\\/uploads\\\/2026\\\/04\\\/CinemVideo_LogoBlack.png\",\"contentUrl\":\"https:\\\/\\\/cinema.video\\\/wp-content\\\/uploads\\\/2026\\\/04\\\/CinemVideo_LogoBlack.png\",\"width\":1336,\"height\":224,\"caption\":\"Cinema & Video\"},\"image\":{\"@id\":\"https:\\\/\\\/cinema.video\\\/it#\\\/schema\\\/logo\\\/image\\\/\"},\"sameAs\":[\"https:\\\/\\\/www.facebook.com\\\/CinemaVideoInternational\\\/\",\"https:\\\/\\\/www.instagram.com\\\/cinemaevideointernational\\\/\",\"https:\\\/\\\/it.linkedin.com\\\/company\\\/cinema-video-international\"],\"description\":\"Media Consulting & Marketing Agency\",\"email\":\"hello@darostudio.com\",\"legalName\":\"DARO studio LLC\",\"foundingDate\":\"2021-02-16\",\"numberOfEmployees\":{\"@type\":\"QuantitativeValue\",\"minValue\":\"1\",\"maxValue\":\"10\"}},{\"@type\":\"Person\",\"@id\":\"https:\\\/\\\/cinema.video\\\/it#\\\/schema\\\/person\\\/aeb01b91d874e8b01e76a1db04c668c6\",\"name\":\"Redazione\",\"image\":{\"@type\":\"ImageObject\",\"inLanguage\":\"it-IT\",\"@id\":\"https:\\\/\\\/secure.gravatar.com\\\/avatar\\\/06ad6f92eb14745b75fb592cadf8139d33242d81c9c8b085133c450aaf0b9731?s=96&d=mm&r=g\",\"url\":\"https:\\\/\\\/secure.gravatar.com\\\/avatar\\\/06ad6f92eb14745b75fb592cadf8139d33242d81c9c8b085133c450aaf0b9731?s=96&d=mm&r=g\",\"contentUrl\":\"https:\\\/\\\/secure.gravatar.com\\\/avatar\\\/06ad6f92eb14745b75fb592cadf8139d33242d81c9c8b085133c450aaf0b9731?s=96&d=mm&r=g\",\"caption\":\"Redazione\"},\"url\":\"https:\\\/\\\/cinema.video\\\/it\\\/author\\\/redazione\"}]}<\/script>\n<!-- \/ Yoast SEO Premium plugin. -->","yoast_head_json":{"title":"CAMPANIA Al via i lavori peril Distretto dell'Audiovisivo - Cinema &amp; Video International","description":"CAMPANIA Al via i lavori peril Distretto dell'Audiovisivo \u2013 campania al via i lavori peril. Il secondo polo produttivo dell'audiovisivo italiano dopo Cine","robots":{"index":"index","follow":"follow","max-snippet":"max-snippet:-1","max-image-preview":"max-image-preview:large","max-video-preview":"max-video-preview:-1"},"canonical":"https:\/\/cinema.video\/it\/campania-al-via-i-lavori-peril-distretto-dellaudiovisivo","og_locale":"it_IT","og_type":"article","og_title":"CAMPANIA Al via i lavori peril Distretto dell'Audiovisivo","og_description":"CAMPANIA Al via i lavori peril Distretto dell'Audiovisivo \u2013 campania al via i lavori peril. Il secondo polo produttivo dell'audiovisivo italiano dopo Cine","og_url":"https:\/\/cinema.video\/it\/campania-al-via-i-lavori-peril-distretto-dellaudiovisivo","og_site_name":"Cinema &amp; Video International","article_publisher":"https:\/\/www.facebook.com\/CinemaVideoInternational\/","article_published_time":"2022-09-14T13:50:11+00:00","article_modified_time":"2026-04-10T01:58:47+00:00","og_image":[{"width":800,"height":554,"url":"https:\/\/cinema.video\/wp-content\/uploads\/2022\/09\/distretto-campano-e1663163303425.jpg","type":"image\/jpeg"}],"author":"Redazione","twitter_card":"summary_large_image","twitter_misc":{"Scritto da":"Redazione","Tempo di lettura stimato":"4 minuti"},"schema":{"@context":"https:\/\/schema.org","@graph":[{"@type":"Article","@id":"https:\/\/cinema.video\/it\/campania-al-via-i-lavori-peril-distretto-dellaudiovisivo#article","isPartOf":{"@id":"https:\/\/cinema.video\/it\/campania-al-via-i-lavori-peril-distretto-dellaudiovisivo"},"author":{"name":"Redazione","@id":"https:\/\/cinema.video\/it#\/schema\/person\/aeb01b91d874e8b01e76a1db04c668c6"},"headline":"CAMPANIA Al via i lavori peril Distretto dell&#8217;Audiovisivo","datePublished":"2022-09-14T13:50:11+00:00","dateModified":"2026-04-10T01:58:47+00:00","mainEntityOfPage":{"@id":"https:\/\/cinema.video\/it\/campania-al-via-i-lavori-peril-distretto-dellaudiovisivo"},"wordCount":712,"publisher":{"@id":"https:\/\/cinema.video\/it#organization"},"image":{"@id":"https:\/\/cinema.video\/it\/campania-al-via-i-lavori-peril-distretto-dellaudiovisivo#primaryimage"},"thumbnailUrl":"https:\/\/cinema.video\/wp-content\/uploads\/2022\/09\/distretto-campano-e1663163303425.jpg","keywords":["FILM COMMISSION REGIONE CAMPANIA","FILM COMMISSIONS","focus","LOCATIONS"],"articleSection":["FILM COMMISSIONS"],"inLanguage":"it-IT"},{"@type":"WebPage","@id":"https:\/\/cinema.video\/it\/campania-al-via-i-lavori-peril-distretto-dellaudiovisivo","url":"https:\/\/cinema.video\/it\/campania-al-via-i-lavori-peril-distretto-dellaudiovisivo","name":"CAMPANIA Al via i lavori peril Distretto dell'Audiovisivo - Cinema &amp; Video International","isPartOf":{"@id":"https:\/\/cinema.video\/it#website"},"primaryImageOfPage":{"@id":"https:\/\/cinema.video\/it\/campania-al-via-i-lavori-peril-distretto-dellaudiovisivo#primaryimage"},"image":{"@id":"https:\/\/cinema.video\/it\/campania-al-via-i-lavori-peril-distretto-dellaudiovisivo#primaryimage"},"thumbnailUrl":"https:\/\/cinema.video\/wp-content\/uploads\/2022\/09\/distretto-campano-e1663163303425.jpg","datePublished":"2022-09-14T13:50:11+00:00","dateModified":"2026-04-10T01:58:47+00:00","description":"CAMPANIA Al via i lavori peril Distretto dell'Audiovisivo \u2013 campania al via i lavori peril. Il secondo polo produttivo dell'audiovisivo italiano dopo Cine","breadcrumb":{"@id":"https:\/\/cinema.video\/it\/campania-al-via-i-lavori-peril-distretto-dellaudiovisivo#breadcrumb"},"inLanguage":"it-IT","potentialAction":[{"@type":"ReadAction","target":["https:\/\/cinema.video\/it\/campania-al-via-i-lavori-peril-distretto-dellaudiovisivo"]}]},{"@type":"ImageObject","inLanguage":"it-IT","@id":"https:\/\/cinema.video\/it\/campania-al-via-i-lavori-peril-distretto-dellaudiovisivo#primaryimage","url":"https:\/\/cinema.video\/wp-content\/uploads\/2022\/09\/distretto-campano-e1663163303425.jpg","contentUrl":"https:\/\/cinema.video\/wp-content\/uploads\/2022\/09\/distretto-campano-e1663163303425.jpg","width":800,"height":554},{"@type":"BreadcrumbList","@id":"https:\/\/cinema.video\/it\/campania-al-via-i-lavori-peril-distretto-dellaudiovisivo#breadcrumb","itemListElement":[{"@type":"ListItem","position":1,"name":"Home","item":"https:\/\/cinema.video\/it\/home-2"},{"@type":"ListItem","position":2,"name":"CAMPANIA Al via i lavori peril Distretto dell&#8217;Audiovisivo"}]},{"@type":"WebSite","@id":"https:\/\/cinema.video\/it#website","url":"https:\/\/cinema.video\/it","name":"Cinema & Video International","description":"Film &amp; Audiovisual Industry Trade Magazine","publisher":{"@id":"https:\/\/cinema.video\/it#organization"},"alternateName":"Cinema & Video","potentialAction":[{"@type":"SearchAction","target":{"@type":"EntryPoint","urlTemplate":"https:\/\/cinema.video\/it?s={search_term_string}"},"query-input":{"@type":"PropertyValueSpecification","valueRequired":true,"valueName":"search_term_string"}}],"inLanguage":"it-IT"},{"@type":"Organization","@id":"https:\/\/cinema.video\/it#organization","name":"Cinema & Video","url":"https:\/\/cinema.video\/it","logo":{"@type":"ImageObject","inLanguage":"it-IT","@id":"https:\/\/cinema.video\/it#\/schema\/logo\/image\/","url":"https:\/\/cinema.video\/wp-content\/uploads\/2026\/04\/CinemVideo_LogoBlack.png","contentUrl":"https:\/\/cinema.video\/wp-content\/uploads\/2026\/04\/CinemVideo_LogoBlack.png","width":1336,"height":224,"caption":"Cinema & Video"},"image":{"@id":"https:\/\/cinema.video\/it#\/schema\/logo\/image\/"},"sameAs":["https:\/\/www.facebook.com\/CinemaVideoInternational\/","https:\/\/www.instagram.com\/cinemaevideointernational\/","https:\/\/it.linkedin.com\/company\/cinema-video-international"],"description":"Media Consulting & Marketing Agency","email":"hello@darostudio.com","legalName":"DARO studio LLC","foundingDate":"2021-02-16","numberOfEmployees":{"@type":"QuantitativeValue","minValue":"1","maxValue":"10"}},{"@type":"Person","@id":"https:\/\/cinema.video\/it#\/schema\/person\/aeb01b91d874e8b01e76a1db04c668c6","name":"Redazione","image":{"@type":"ImageObject","inLanguage":"it-IT","@id":"https:\/\/secure.gravatar.com\/avatar\/06ad6f92eb14745b75fb592cadf8139d33242d81c9c8b085133c450aaf0b9731?s=96&d=mm&r=g","url":"https:\/\/secure.gravatar.com\/avatar\/06ad6f92eb14745b75fb592cadf8139d33242d81c9c8b085133c450aaf0b9731?s=96&d=mm&r=g","contentUrl":"https:\/\/secure.gravatar.com\/avatar\/06ad6f92eb14745b75fb592cadf8139d33242d81c9c8b085133c450aaf0b9731?s=96&d=mm&r=g","caption":"Redazione"},"url":"https:\/\/cinema.video\/it\/author\/redazione"}]}},"jetpack_featured_media_url":"https:\/\/cinema.video\/wp-content\/uploads\/2022\/09\/distretto-campano-e1663163303425.jpg","jetpack_shortlink":"https:\/\/wp.me\/ph672m-1eaN","_links":{"self":[{"href":"https:\/\/cinema.video\/it\/wp-json\/wp\/v2\/posts\/292813","targetHints":{"allow":["GET"]}}],"collection":[{"href":"https:\/\/cinema.video\/it\/wp-json\/wp\/v2\/posts"}],"about":[{"href":"https:\/\/cinema.video\/it\/wp-json\/wp\/v2\/types\/post"}],"author":[{"embeddable":true,"href":"https:\/\/cinema.video\/it\/wp-json\/wp\/v2\/users\/26"}],"replies":[{"embeddable":true,"href":"https:\/\/cinema.video\/it\/wp-json\/wp\/v2\/comments?post=292813"}],"version-history":[{"count":2,"href":"https:\/\/cinema.video\/it\/wp-json\/wp\/v2\/posts\/292813\/revisions"}],"predecessor-version":[{"id":308747,"href":"https:\/\/cinema.video\/it\/wp-json\/wp\/v2\/posts\/292813\/revisions\/308747"}],"wp:featuredmedia":[{"embeddable":true,"href":"https:\/\/cinema.video\/it\/wp-json\/wp\/v2\/media\/292814"}],"wp:attachment":[{"href":"https:\/\/cinema.video\/it\/wp-json\/wp\/v2\/media?parent=292813"}],"wp:term":[{"taxonomy":"category","embeddable":true,"href":"https:\/\/cinema.video\/it\/wp-json\/wp\/v2\/categories?post=292813"},{"taxonomy":"post_tag","embeddable":true,"href":"https:\/\/cinema.video\/it\/wp-json\/wp\/v2\/tags?post=292813"}],"curies":[{"name":"wp","href":"https:\/\/api.w.org\/{rel}","templated":true}]}}