{"id":292676,"date":"2022-08-31T12:11:14","date_gmt":"2022-08-31T10:11:14","guid":{"rendered":"https:\/\/cinema.video\/?p=292676"},"modified":"2026-04-10T03:58:35","modified_gmt":"2026-04-10T01:58:35","slug":"sardegna-f-c-i-primi-dieci-anni-alla-mostra-del-cinema-di-venezia","status":"publish","type":"post","link":"https:\/\/cinema.video\/it\/sardegna-f-c-i-primi-dieci-anni-alla-mostra-del-cinema-di-venezia","title":{"rendered":"SARDEGNA F.C. I primi dieci anni alla Mostra del Cinema di Venezia"},"content":{"rendered":"\n<p class=\"wp-block-paragraph\">Un ecosistema green in grado di accogliere esponenzialmente produzioni nazionali e internazionali, e un tessuto di talenti locali sostenuti da progetti di formazione in collaborazione con importanti partner quali il Cartoon Media, Centro Sperimentale di Cinematografia, Cartoon Italia, Rai Ragazzi, Premio Solinas, WIF e Doc\/It: sono questi alcuni dei pi\u00f9 importanti traguardi raggiunti da <strong>Sardegna Film Commission<\/strong> nel suo primo decennio di vita, un anniversario che verr\u00e0 celebrato alla <strong>Mostra del Cinema di Venezia<\/strong> con un calendario ricco di attivit\u00e0. <\/p>\n\n\n\n<p class=\"wp-block-paragraph\"><em>\u00ab<\/em>Non potevamo non festeggiare il nostro decimo compleanno a Venezia dove tutto \u00e8 cominciato nel 2012 &#8211;\u00a0dichiara il presidente della Film Commission,\u00a0<strong>Gianluca Aste<\/strong>\u00a0&#8211; Da allora di strada ne \u00e8 stata percorsa molta, dai primi protocolli green agli Oscar.&#8221;<\/p>\n\n\n\n<p class=\"wp-block-paragraph\">&#8220;La Regione sostiene con convinzione l\u2019investimento nel comparto audiovisivo, sempre pi\u00f9 essenziale per la valorizzazione del nostro patrimonio culturale, per la capacit\u00e0 di creare opportunit\u00e0 di lavoro e alta specializzazione dei professionisti, dei produttori, degli autori e delle istituzioni coinvolte&#8221;. Rimarca l\u2019assessore regionale della Pubblica istruzione, beni culturali, informazione, spettacolo e sport,\u00a0<strong>Andrea Biancareddu<\/strong>, ricordando come alla Mostra del Cinema di Venezia, &#8220;i film sardi, in numero crescente, si sono anno dopo anno fatti riconoscere per forza espressiva, originalit\u00e0 creando un proprio spazio nel cuore del pubblico&#8221;.<\/p>\n\n\n\n<p class=\"wp-block-paragraph\">Il 7 settembre sar\u00e0 presentato \u00a0in anteprima mondiale alle Giornate degli Autori,  il film\u00a0<strong><em>Bentu\u00a0<\/em><\/strong>di\u00a0<strong>Salvatore Mereu<\/strong>, unico film italiano in competizione della sezione di cui la Sardegna Film Commission \u00e8 partner. <br>Il film, liberamente tratto da \u201cIl vento e altri racconti\u201d di Antonio Cossu, \u00e8 prodotto da\u00a0<strong>Viacolvento\u00a0<\/strong>in associazione con il\u00a0<strong>CELCAM dell\u2019Universit\u00e0 di Cagliari\u00a0<\/strong>e coprodotto da\u00a0<strong>ISRE<\/strong>\u00a0&#8211; Istituto Superiore Regionale Etnografico &#8211; con il contributo economico del\u00a0<strong>MIC<\/strong>, Ministero della Cultura, Direzione Generale Cinema e audiovisivo e il supporto della\u00a0<strong>Fondazione Sardegna Film Commission<\/strong>.<\/p>\n\n\n\n<p class=\"wp-block-paragraph\">Il palinsesto delle Giornate degli Autori prevede poi<strong> quattro conferenze <\/strong>, dedicate ai temi della\u00a0<strong>sostenibilit\u00e0<\/strong> insieme al <strong>MITE <\/strong>e al <strong>Premio Solinas<\/strong>, della\u00a0parit\u00e0 di genere\u00a0nella filiera audiovisiva con <strong>Women in Film<\/strong>, dell\u2019<strong>alta formazione<\/strong>\u00a0tra innovazione e mestieri classici del cinema e dell\u2019<strong>animazione<\/strong>\u00a0come modello di industria creativa emergente per i talenti \u201cmade in Sardegna\u201d.\u00a0<\/p>\n\n\n\n<p class=\"wp-block-paragraph\">Tra gli ospiti testimonial della propria esperienza in Sardegna,&nbsp;<strong>Marta Donzell<\/strong>i, presidente del Centro Sperimentale di Cinematografia,&nbsp;<strong>Stefania Divertito<\/strong>, portavoce del Ministero della Transizione ecologica,&nbsp;<strong>Annamaria Granatello<\/strong>, presidente del Premio Solinas,&nbsp;<strong>Cristian Jezdic<\/strong>, vice presidente di Cartoon Italia,&nbsp;<strong>Adrian Wootton<\/strong>, direttore della film commission londinese con cui la Sardegna Film Commission rinnova la partnership esclusiva. Con loro dialogher\u00e0&nbsp;<strong>Nevina Satta<\/strong>, direttrice della Sardegna Film Commission.<\/p>\n\n\n\n<p class=\"wp-block-paragraph\">Anche nella collaborazione con Cinecitt\u00e0 Luce, all\u2019Italian Pavilion dell\u2019Hotel Excelsior, la Sardegna Film Commission racconter\u00e0 i\u00a0primi dieci anni di vita\u00a0in qualit\u00e0 di ente regionale di governance per il cinema e l\u2019audiovisivo. <br>Il primo evento per il pubblico italiano si terr\u00e0 il\u00a06 settembre alle ore 14.00\u00a0e sar\u00e0 fruibile anche in diretta streaming sul\u00a0<a href=\"https:\/\/streaklinks.com\/BLsaKyaFRTzOwrNYKA51aNnW\/https%3A%2F%2Fitalianpavilion.it%2Feventi%2Flisola-e-mondo%2F\" target=\"_blank\" rel=\"noreferrer noopener\">sito dell\u2019Italian Pavilion<\/a>, mentre la seconda presentazione, dedicata al pubblico internazionale, si terr\u00e0 l\u20198 settembre alle ore 12.00\u00a0e anch\u2019essa sar\u00e0 fruibile in streaming.<\/p>\n","protected":false},"excerpt":{"rendered":"<p>Un fitto calendario di eventi per celebrare il primo decennio di vita di Sardegna Film Commission: dai protocolli green, alla formazione dei talenti, all&#8217;animazione. &#8220;Bentu&#8221; di Salvatore Mere unico film italiano in competizione alle Giornate degli Autori<\/p>\n","protected":false},"author":26,"featured_media":292677,"comment_status":"closed","ping_status":"closed","sticky":false,"template":"","format":"standard","meta":{"googlesitekit_rrm_CAow3e7fCw:productID":"","_crdt_document":"","footnotes":""},"categories":[215],"tags":[2339,356,2338,217,1694],"class_list":{"0":"post-292676","1":"post","2":"type-post","3":"status-publish","4":"format-standard","5":"has-post-thumbnail","7":"category-film-commissions","8":"tag-film-commissions","9":"tag-focus","10":"tag-locations","11":"tag-sardegna-film-commission","12":"tag-venice-film-festival"},"yoast_head":"<!-- This site is optimized with the Yoast SEO Premium plugin v27.4 (Yoast SEO v27.5) - https:\/\/yoast.com\/product\/yoast-seo-premium-wordpress\/ -->\n<title>SARDEGNA F.C. I primi dieci anni alla Mostra del Cinema di Venezia - Cinema &amp; Video International<\/title>\n<meta name=\"description\" content=\"SARDEGNA F.C. I primi dieci anni alla Mostra del Cinema di Venezia \u2013 sardegna fc i primi dieci anni. Un ecosistema green in grado di accogliere esponenzia\" \/>\n<meta name=\"robots\" content=\"index, follow, max-snippet:-1, max-image-preview:large, max-video-preview:-1\" \/>\n<link rel=\"canonical\" href=\"https:\/\/cinema.video\/it\/sardegna-f-c-i-primi-dieci-anni-alla-mostra-del-cinema-di-venezia\" \/>\n<meta property=\"og:locale\" content=\"it_IT\" \/>\n<meta property=\"og:type\" content=\"article\" \/>\n<meta property=\"og:title\" content=\"SARDEGNA F.C. I primi dieci anni alla Mostra del Cinema di Venezia\" \/>\n<meta property=\"og:description\" content=\"SARDEGNA F.C. I primi dieci anni alla Mostra del Cinema di Venezia \u2013 sardegna fc i primi dieci anni. Un ecosistema green in grado di accogliere esponenzia\" \/>\n<meta property=\"og:url\" content=\"https:\/\/cinema.video\/it\/sardegna-f-c-i-primi-dieci-anni-alla-mostra-del-cinema-di-venezia\" \/>\n<meta property=\"og:site_name\" content=\"Cinema &amp; Video International\" \/>\n<meta property=\"article:publisher\" content=\"https:\/\/www.facebook.com\/CinemaVideoInternational\/\" \/>\n<meta property=\"article:published_time\" content=\"2022-08-31T10:11:14+00:00\" \/>\n<meta property=\"article:modified_time\" content=\"2026-04-10T01:58:35+00:00\" \/>\n<meta property=\"og:image\" content=\"https:\/\/cinema.video\/wp-content\/uploads\/2022\/08\/backstage-1-scaled-e1661940490293.jpg\" \/>\n\t<meta property=\"og:image:width\" content=\"800\" \/>\n\t<meta property=\"og:image:height\" content=\"534\" \/>\n\t<meta property=\"og:image:type\" content=\"image\/jpeg\" \/>\n<meta name=\"author\" content=\"Redazione\" \/>\n<meta name=\"twitter:card\" content=\"summary_large_image\" \/>\n<meta name=\"twitter:label1\" content=\"Scritto da\" \/>\n\t<meta name=\"twitter:data1\" content=\"Redazione\" \/>\n\t<meta name=\"twitter:label2\" content=\"Tempo di lettura stimato\" \/>\n\t<meta name=\"twitter:data2\" content=\"3 minuti\" \/>\n<script type=\"application\/ld+json\" class=\"yoast-schema-graph\">{\"@context\":\"https:\\\/\\\/schema.org\",\"@graph\":[{\"@type\":\"Article\",\"@id\":\"https:\\\/\\\/cinema.video\\\/it\\\/sardegna-f-c-i-primi-dieci-anni-alla-mostra-del-cinema-di-venezia#article\",\"isPartOf\":{\"@id\":\"https:\\\/\\\/cinema.video\\\/it\\\/sardegna-f-c-i-primi-dieci-anni-alla-mostra-del-cinema-di-venezia\"},\"author\":{\"name\":\"Redazione\",\"@id\":\"https:\\\/\\\/cinema.video\\\/it#\\\/schema\\\/person\\\/aeb01b91d874e8b01e76a1db04c668c6\"},\"headline\":\"SARDEGNA F.C. I primi dieci anni alla Mostra del Cinema di Venezia\",\"datePublished\":\"2022-08-31T10:11:14+00:00\",\"dateModified\":\"2026-04-10T01:58:35+00:00\",\"mainEntityOfPage\":{\"@id\":\"https:\\\/\\\/cinema.video\\\/it\\\/sardegna-f-c-i-primi-dieci-anni-alla-mostra-del-cinema-di-venezia\"},\"wordCount\":520,\"publisher\":{\"@id\":\"https:\\\/\\\/cinema.video\\\/it#organization\"},\"image\":{\"@id\":\"https:\\\/\\\/cinema.video\\\/it\\\/sardegna-f-c-i-primi-dieci-anni-alla-mostra-del-cinema-di-venezia#primaryimage\"},\"thumbnailUrl\":\"https:\\\/\\\/cinema.video\\\/wp-content\\\/uploads\\\/2022\\\/08\\\/backstage-1-scaled-e1661940490293.jpg\",\"keywords\":[\"FILM COMMISSIONS\",\"focus\",\"LOCATIONS\",\"Sardegna Film Commission\",\"VENICE FILM FESTIVAL\"],\"articleSection\":[\"FILM COMMISSIONS\"],\"inLanguage\":\"it-IT\"},{\"@type\":\"WebPage\",\"@id\":\"https:\\\/\\\/cinema.video\\\/it\\\/sardegna-f-c-i-primi-dieci-anni-alla-mostra-del-cinema-di-venezia\",\"url\":\"https:\\\/\\\/cinema.video\\\/it\\\/sardegna-f-c-i-primi-dieci-anni-alla-mostra-del-cinema-di-venezia\",\"name\":\"SARDEGNA F.C. I primi dieci anni alla Mostra del Cinema di Venezia - Cinema &amp; Video International\",\"isPartOf\":{\"@id\":\"https:\\\/\\\/cinema.video\\\/it#website\"},\"primaryImageOfPage\":{\"@id\":\"https:\\\/\\\/cinema.video\\\/it\\\/sardegna-f-c-i-primi-dieci-anni-alla-mostra-del-cinema-di-venezia#primaryimage\"},\"image\":{\"@id\":\"https:\\\/\\\/cinema.video\\\/it\\\/sardegna-f-c-i-primi-dieci-anni-alla-mostra-del-cinema-di-venezia#primaryimage\"},\"thumbnailUrl\":\"https:\\\/\\\/cinema.video\\\/wp-content\\\/uploads\\\/2022\\\/08\\\/backstage-1-scaled-e1661940490293.jpg\",\"datePublished\":\"2022-08-31T10:11:14+00:00\",\"dateModified\":\"2026-04-10T01:58:35+00:00\",\"description\":\"SARDEGNA F.C. I primi dieci anni alla Mostra del Cinema di Venezia \u2013 sardegna fc i primi dieci anni. Un ecosistema green in grado di accogliere esponenzia\",\"breadcrumb\":{\"@id\":\"https:\\\/\\\/cinema.video\\\/it\\\/sardegna-f-c-i-primi-dieci-anni-alla-mostra-del-cinema-di-venezia#breadcrumb\"},\"inLanguage\":\"it-IT\",\"potentialAction\":[{\"@type\":\"ReadAction\",\"target\":[\"https:\\\/\\\/cinema.video\\\/it\\\/sardegna-f-c-i-primi-dieci-anni-alla-mostra-del-cinema-di-venezia\"]}]},{\"@type\":\"ImageObject\",\"inLanguage\":\"it-IT\",\"@id\":\"https:\\\/\\\/cinema.video\\\/it\\\/sardegna-f-c-i-primi-dieci-anni-alla-mostra-del-cinema-di-venezia#primaryimage\",\"url\":\"https:\\\/\\\/cinema.video\\\/wp-content\\\/uploads\\\/2022\\\/08\\\/backstage-1-scaled-e1661940490293.jpg\",\"contentUrl\":\"https:\\\/\\\/cinema.video\\\/wp-content\\\/uploads\\\/2022\\\/08\\\/backstage-1-scaled-e1661940490293.jpg\",\"width\":800,\"height\":534},{\"@type\":\"BreadcrumbList\",\"@id\":\"https:\\\/\\\/cinema.video\\\/it\\\/sardegna-f-c-i-primi-dieci-anni-alla-mostra-del-cinema-di-venezia#breadcrumb\",\"itemListElement\":[{\"@type\":\"ListItem\",\"position\":1,\"name\":\"Home\",\"item\":\"https:\\\/\\\/cinema.video\\\/it\\\/home-2\"},{\"@type\":\"ListItem\",\"position\":2,\"name\":\"SARDEGNA F.C. I primi dieci anni alla Mostra del Cinema di Venezia\"}]},{\"@type\":\"WebSite\",\"@id\":\"https:\\\/\\\/cinema.video\\\/it#website\",\"url\":\"https:\\\/\\\/cinema.video\\\/it\",\"name\":\"Cinema & Video International\",\"description\":\"Film &amp; Audiovisual Industry Trade Magazine\",\"publisher\":{\"@id\":\"https:\\\/\\\/cinema.video\\\/it#organization\"},\"alternateName\":\"Cinema & Video\",\"potentialAction\":[{\"@type\":\"SearchAction\",\"target\":{\"@type\":\"EntryPoint\",\"urlTemplate\":\"https:\\\/\\\/cinema.video\\\/it?s={search_term_string}\"},\"query-input\":{\"@type\":\"PropertyValueSpecification\",\"valueRequired\":true,\"valueName\":\"search_term_string\"}}],\"inLanguage\":\"it-IT\"},{\"@type\":\"Organization\",\"@id\":\"https:\\\/\\\/cinema.video\\\/it#organization\",\"name\":\"Cinema & Video\",\"url\":\"https:\\\/\\\/cinema.video\\\/it\",\"logo\":{\"@type\":\"ImageObject\",\"inLanguage\":\"it-IT\",\"@id\":\"https:\\\/\\\/cinema.video\\\/it#\\\/schema\\\/logo\\\/image\\\/\",\"url\":\"https:\\\/\\\/cinema.video\\\/wp-content\\\/uploads\\\/2026\\\/04\\\/CinemVideo_LogoBlack.png\",\"contentUrl\":\"https:\\\/\\\/cinema.video\\\/wp-content\\\/uploads\\\/2026\\\/04\\\/CinemVideo_LogoBlack.png\",\"width\":1336,\"height\":224,\"caption\":\"Cinema & Video\"},\"image\":{\"@id\":\"https:\\\/\\\/cinema.video\\\/it#\\\/schema\\\/logo\\\/image\\\/\"},\"sameAs\":[\"https:\\\/\\\/www.facebook.com\\\/CinemaVideoInternational\\\/\",\"https:\\\/\\\/www.instagram.com\\\/cinemaevideointernational\\\/\",\"https:\\\/\\\/it.linkedin.com\\\/company\\\/cinema-video-international\"],\"description\":\"Media Consulting & Marketing Agency\",\"email\":\"hello@darostudio.com\",\"legalName\":\"DARO studio LLC\",\"foundingDate\":\"2021-02-16\",\"numberOfEmployees\":{\"@type\":\"QuantitativeValue\",\"minValue\":\"1\",\"maxValue\":\"10\"}},{\"@type\":\"Person\",\"@id\":\"https:\\\/\\\/cinema.video\\\/it#\\\/schema\\\/person\\\/aeb01b91d874e8b01e76a1db04c668c6\",\"name\":\"Redazione\",\"image\":{\"@type\":\"ImageObject\",\"inLanguage\":\"it-IT\",\"@id\":\"https:\\\/\\\/secure.gravatar.com\\\/avatar\\\/06ad6f92eb14745b75fb592cadf8139d33242d81c9c8b085133c450aaf0b9731?s=96&d=mm&r=g\",\"url\":\"https:\\\/\\\/secure.gravatar.com\\\/avatar\\\/06ad6f92eb14745b75fb592cadf8139d33242d81c9c8b085133c450aaf0b9731?s=96&d=mm&r=g\",\"contentUrl\":\"https:\\\/\\\/secure.gravatar.com\\\/avatar\\\/06ad6f92eb14745b75fb592cadf8139d33242d81c9c8b085133c450aaf0b9731?s=96&d=mm&r=g\",\"caption\":\"Redazione\"},\"url\":\"https:\\\/\\\/cinema.video\\\/it\\\/author\\\/redazione\"}]}<\/script>\n<!-- \/ Yoast SEO Premium plugin. -->","yoast_head_json":{"title":"SARDEGNA F.C. I primi dieci anni alla Mostra del Cinema di Venezia - Cinema &amp; Video International","description":"SARDEGNA F.C. I primi dieci anni alla Mostra del Cinema di Venezia \u2013 sardegna fc i primi dieci anni. Un ecosistema green in grado di accogliere esponenzia","robots":{"index":"index","follow":"follow","max-snippet":"max-snippet:-1","max-image-preview":"max-image-preview:large","max-video-preview":"max-video-preview:-1"},"canonical":"https:\/\/cinema.video\/it\/sardegna-f-c-i-primi-dieci-anni-alla-mostra-del-cinema-di-venezia","og_locale":"it_IT","og_type":"article","og_title":"SARDEGNA F.C. I primi dieci anni alla Mostra del Cinema di Venezia","og_description":"SARDEGNA F.C. I primi dieci anni alla Mostra del Cinema di Venezia \u2013 sardegna fc i primi dieci anni. Un ecosistema green in grado di accogliere esponenzia","og_url":"https:\/\/cinema.video\/it\/sardegna-f-c-i-primi-dieci-anni-alla-mostra-del-cinema-di-venezia","og_site_name":"Cinema &amp; Video International","article_publisher":"https:\/\/www.facebook.com\/CinemaVideoInternational\/","article_published_time":"2022-08-31T10:11:14+00:00","article_modified_time":"2026-04-10T01:58:35+00:00","og_image":[{"width":800,"height":534,"url":"https:\/\/cinema.video\/wp-content\/uploads\/2022\/08\/backstage-1-scaled-e1661940490293.jpg","type":"image\/jpeg"}],"author":"Redazione","twitter_card":"summary_large_image","twitter_misc":{"Scritto da":"Redazione","Tempo di lettura stimato":"3 minuti"},"schema":{"@context":"https:\/\/schema.org","@graph":[{"@type":"Article","@id":"https:\/\/cinema.video\/it\/sardegna-f-c-i-primi-dieci-anni-alla-mostra-del-cinema-di-venezia#article","isPartOf":{"@id":"https:\/\/cinema.video\/it\/sardegna-f-c-i-primi-dieci-anni-alla-mostra-del-cinema-di-venezia"},"author":{"name":"Redazione","@id":"https:\/\/cinema.video\/it#\/schema\/person\/aeb01b91d874e8b01e76a1db04c668c6"},"headline":"SARDEGNA F.C. I primi dieci anni alla Mostra del Cinema di Venezia","datePublished":"2022-08-31T10:11:14+00:00","dateModified":"2026-04-10T01:58:35+00:00","mainEntityOfPage":{"@id":"https:\/\/cinema.video\/it\/sardegna-f-c-i-primi-dieci-anni-alla-mostra-del-cinema-di-venezia"},"wordCount":520,"publisher":{"@id":"https:\/\/cinema.video\/it#organization"},"image":{"@id":"https:\/\/cinema.video\/it\/sardegna-f-c-i-primi-dieci-anni-alla-mostra-del-cinema-di-venezia#primaryimage"},"thumbnailUrl":"https:\/\/cinema.video\/wp-content\/uploads\/2022\/08\/backstage-1-scaled-e1661940490293.jpg","keywords":["FILM COMMISSIONS","focus","LOCATIONS","Sardegna Film Commission","VENICE FILM FESTIVAL"],"articleSection":["FILM COMMISSIONS"],"inLanguage":"it-IT"},{"@type":"WebPage","@id":"https:\/\/cinema.video\/it\/sardegna-f-c-i-primi-dieci-anni-alla-mostra-del-cinema-di-venezia","url":"https:\/\/cinema.video\/it\/sardegna-f-c-i-primi-dieci-anni-alla-mostra-del-cinema-di-venezia","name":"SARDEGNA F.C. I primi dieci anni alla Mostra del Cinema di Venezia - Cinema &amp; Video International","isPartOf":{"@id":"https:\/\/cinema.video\/it#website"},"primaryImageOfPage":{"@id":"https:\/\/cinema.video\/it\/sardegna-f-c-i-primi-dieci-anni-alla-mostra-del-cinema-di-venezia#primaryimage"},"image":{"@id":"https:\/\/cinema.video\/it\/sardegna-f-c-i-primi-dieci-anni-alla-mostra-del-cinema-di-venezia#primaryimage"},"thumbnailUrl":"https:\/\/cinema.video\/wp-content\/uploads\/2022\/08\/backstage-1-scaled-e1661940490293.jpg","datePublished":"2022-08-31T10:11:14+00:00","dateModified":"2026-04-10T01:58:35+00:00","description":"SARDEGNA F.C. I primi dieci anni alla Mostra del Cinema di Venezia \u2013 sardegna fc i primi dieci anni. Un ecosistema green in grado di accogliere esponenzia","breadcrumb":{"@id":"https:\/\/cinema.video\/it\/sardegna-f-c-i-primi-dieci-anni-alla-mostra-del-cinema-di-venezia#breadcrumb"},"inLanguage":"it-IT","potentialAction":[{"@type":"ReadAction","target":["https:\/\/cinema.video\/it\/sardegna-f-c-i-primi-dieci-anni-alla-mostra-del-cinema-di-venezia"]}]},{"@type":"ImageObject","inLanguage":"it-IT","@id":"https:\/\/cinema.video\/it\/sardegna-f-c-i-primi-dieci-anni-alla-mostra-del-cinema-di-venezia#primaryimage","url":"https:\/\/cinema.video\/wp-content\/uploads\/2022\/08\/backstage-1-scaled-e1661940490293.jpg","contentUrl":"https:\/\/cinema.video\/wp-content\/uploads\/2022\/08\/backstage-1-scaled-e1661940490293.jpg","width":800,"height":534},{"@type":"BreadcrumbList","@id":"https:\/\/cinema.video\/it\/sardegna-f-c-i-primi-dieci-anni-alla-mostra-del-cinema-di-venezia#breadcrumb","itemListElement":[{"@type":"ListItem","position":1,"name":"Home","item":"https:\/\/cinema.video\/it\/home-2"},{"@type":"ListItem","position":2,"name":"SARDEGNA F.C. I primi dieci anni alla Mostra del Cinema di Venezia"}]},{"@type":"WebSite","@id":"https:\/\/cinema.video\/it#website","url":"https:\/\/cinema.video\/it","name":"Cinema & Video International","description":"Film &amp; Audiovisual Industry Trade Magazine","publisher":{"@id":"https:\/\/cinema.video\/it#organization"},"alternateName":"Cinema & Video","potentialAction":[{"@type":"SearchAction","target":{"@type":"EntryPoint","urlTemplate":"https:\/\/cinema.video\/it?s={search_term_string}"},"query-input":{"@type":"PropertyValueSpecification","valueRequired":true,"valueName":"search_term_string"}}],"inLanguage":"it-IT"},{"@type":"Organization","@id":"https:\/\/cinema.video\/it#organization","name":"Cinema & Video","url":"https:\/\/cinema.video\/it","logo":{"@type":"ImageObject","inLanguage":"it-IT","@id":"https:\/\/cinema.video\/it#\/schema\/logo\/image\/","url":"https:\/\/cinema.video\/wp-content\/uploads\/2026\/04\/CinemVideo_LogoBlack.png","contentUrl":"https:\/\/cinema.video\/wp-content\/uploads\/2026\/04\/CinemVideo_LogoBlack.png","width":1336,"height":224,"caption":"Cinema & Video"},"image":{"@id":"https:\/\/cinema.video\/it#\/schema\/logo\/image\/"},"sameAs":["https:\/\/www.facebook.com\/CinemaVideoInternational\/","https:\/\/www.instagram.com\/cinemaevideointernational\/","https:\/\/it.linkedin.com\/company\/cinema-video-international"],"description":"Media Consulting & Marketing Agency","email":"hello@darostudio.com","legalName":"DARO studio LLC","foundingDate":"2021-02-16","numberOfEmployees":{"@type":"QuantitativeValue","minValue":"1","maxValue":"10"}},{"@type":"Person","@id":"https:\/\/cinema.video\/it#\/schema\/person\/aeb01b91d874e8b01e76a1db04c668c6","name":"Redazione","image":{"@type":"ImageObject","inLanguage":"it-IT","@id":"https:\/\/secure.gravatar.com\/avatar\/06ad6f92eb14745b75fb592cadf8139d33242d81c9c8b085133c450aaf0b9731?s=96&d=mm&r=g","url":"https:\/\/secure.gravatar.com\/avatar\/06ad6f92eb14745b75fb592cadf8139d33242d81c9c8b085133c450aaf0b9731?s=96&d=mm&r=g","contentUrl":"https:\/\/secure.gravatar.com\/avatar\/06ad6f92eb14745b75fb592cadf8139d33242d81c9c8b085133c450aaf0b9731?s=96&d=mm&r=g","caption":"Redazione"},"url":"https:\/\/cinema.video\/it\/author\/redazione"}]}},"jetpack_featured_media_url":"https:\/\/cinema.video\/wp-content\/uploads\/2022\/08\/backstage-1-scaled-e1661940490293.jpg","jetpack_shortlink":"https:\/\/wp.me\/ph672m-1e8A","_links":{"self":[{"href":"https:\/\/cinema.video\/it\/wp-json\/wp\/v2\/posts\/292676","targetHints":{"allow":["GET"]}}],"collection":[{"href":"https:\/\/cinema.video\/it\/wp-json\/wp\/v2\/posts"}],"about":[{"href":"https:\/\/cinema.video\/it\/wp-json\/wp\/v2\/types\/post"}],"author":[{"embeddable":true,"href":"https:\/\/cinema.video\/it\/wp-json\/wp\/v2\/users\/26"}],"replies":[{"embeddable":true,"href":"https:\/\/cinema.video\/it\/wp-json\/wp\/v2\/comments?post=292676"}],"version-history":[{"count":2,"href":"https:\/\/cinema.video\/it\/wp-json\/wp\/v2\/posts\/292676\/revisions"}],"predecessor-version":[{"id":308726,"href":"https:\/\/cinema.video\/it\/wp-json\/wp\/v2\/posts\/292676\/revisions\/308726"}],"wp:featuredmedia":[{"embeddable":true,"href":"https:\/\/cinema.video\/it\/wp-json\/wp\/v2\/media\/292677"}],"wp:attachment":[{"href":"https:\/\/cinema.video\/it\/wp-json\/wp\/v2\/media?parent=292676"}],"wp:term":[{"taxonomy":"category","embeddable":true,"href":"https:\/\/cinema.video\/it\/wp-json\/wp\/v2\/categories?post=292676"},{"taxonomy":"post_tag","embeddable":true,"href":"https:\/\/cinema.video\/it\/wp-json\/wp\/v2\/tags?post=292676"}],"curies":[{"name":"wp","href":"https:\/\/api.w.org\/{rel}","templated":true}]}}