{"id":292642,"date":"2022-08-28T11:16:47","date_gmt":"2022-08-28T09:16:47","guid":{"rendered":"https:\/\/cinema.video\/?p=292642"},"modified":"2026-04-10T03:58:34","modified_gmt":"2026-04-10T01:58:34","slug":"academy-in-mostra","status":"publish","type":"post","link":"https:\/\/cinema.video\/it\/academy-in-mostra","title":{"rendered":"Academy in Mostra"},"content":{"rendered":"\n<p class=\"wp-block-paragraph\">In occasione dei 90 anni dalla prima edizione della Mostra di Venezia, l\u2019<strong>Academy of Motion Picture Arts and Sciences<\/strong> sar\u00e0 presente per la prima volta ufficialmente al Lido.<\/p>\n\n\n\n<p class=\"wp-block-paragraph\">Alcuni delegati dell\u2019Academy saranno presenti in importanti occasioni per festeggiare insieme il grande cinema internazionale.<\/p>\n\n\n\n<p class=\"wp-block-paragraph\">In particolare, marted\u00ec 30 agosto alle ore 15, in Sala Conferenze stampa (Palazzo del Casin\u00f2, Lido di Venezia), si terr\u00e0 il panel di discussione dal titolo \u201cI valori del cinema nella societ\u00e0 globale\u201d, alla presenza dell\u2019Amministratore Delegato dell\u2019Academy <strong>Bill Kramer<\/strong>, del Presidente della <strong>Biennale<\/strong> <strong>Roberto Cicutto<\/strong>, del Direttore artistico della Mostra Internazionale d\u2019Arte Cinematografica <strong>Alberto Barbera<\/strong>, del Presidente di <strong>Cinecitt\u00e0<\/strong> <strong>Chiara Sbarigia<\/strong>, dell\u2019Amministratore Delegato di Cinecitt\u00e0 <strong>Nicola Maccanico<\/strong>, del Country Manager Italy di <strong>Mastercard<\/strong> <strong>Michele Centemero<\/strong>. <br>Il panel sar\u00e0 moderato dal giornalista di <em>Variety<\/em> Nick Vivarelli.<\/p>\n\n\n\n<p class=\"wp-block-paragraph\">Sempre marted\u00ec 30 agosto, Bill Kramer parteciper\u00e0 a un evento esclusivo in partnership con Mastercard, che si terr\u00e0 in serata alla Misericordia (Venezia centro storico). Quindi, nella serata di mercoled\u00ec 31 agosto prender\u00e0 parte al Gala di apertura in Sala Grande (Palazzo del Cinema). Infine, nella giornata di gioved\u00ec 1 settembre, Bill Kramer incontrer\u00e0 al Lido i membri dell\u2019Academy presenti a Venezia e provenienti da tutto il mondo, e autorevoli rappresentanti del cinema internazionale .<\/p>\n","protected":false},"excerpt":{"rendered":"<p>Il programma degli eventi organizzati al Lido con la partecipazione dell&#8217;Academy of Motion Picture Arts and Sciences<\/p>\n","protected":false},"author":26,"featured_media":292643,"comment_status":"closed","ping_status":"closed","sticky":false,"template":"","format":"standard","meta":{"googlesitekit_rrm_CAow3e7fCw:productID":"","_wpcom_ai_launchpad_first_post":false,"footnotes":"","jetpack_post_was_ever_published":false},"categories":[1],"tags":[514,356,1694],"class_list":["post-292642","post","type-post","status-publish","format-standard","has-post-thumbnail","category-senza-categoria","tag-cinecitta","tag-focus","tag-venice-film-festival"],"yoast_head":"<!-- This site is optimized with the Yoast SEO Premium plugin v28.3 (Yoast SEO v28.3) - https:\/\/yoast.com\/product\/yoast-seo-premium-wordpress\/ -->\n<title>Academy in Mostra - Cinema &amp; Video International<\/title>\n<meta name=\"description\" content=\"Academy in Mostra \u2013 academy in mostra. In occasione dei 90 anni dalla prima edizione della Mostra di Venezia, l\u2019Academy of Motion Picture Arts and Science\" \/>\n<meta name=\"robots\" content=\"index, follow, max-snippet:-1, max-image-preview:large, max-video-preview:-1\" \/>\n<link rel=\"canonical\" href=\"https:\/\/cinema.video\/it\/academy-in-mostra\" \/>\n<meta property=\"og:locale\" content=\"it_IT\" \/>\n<meta property=\"og:type\" content=\"article\" \/>\n<meta property=\"og:title\" content=\"Academy in Mostra\" \/>\n<meta property=\"og:description\" content=\"Academy in Mostra \u2013 academy in mostra. In occasione dei 90 anni dalla prima edizione della Mostra di Venezia, l\u2019Academy of Motion Picture Arts and Science\" \/>\n<meta property=\"og:url\" content=\"https:\/\/cinema.video\/it\/academy-in-mostra\" \/>\n<meta property=\"og:site_name\" content=\"Cinema &amp; Video International\" \/>\n<meta property=\"article:publisher\" content=\"https:\/\/www.facebook.com\/CinemaVideoInternational\/\" \/>\n<meta property=\"article:published_time\" content=\"2022-08-28T09:16:47+00:00\" \/>\n<meta property=\"article:modified_time\" content=\"2026-04-10T01:58:34+00:00\" \/>\n<meta property=\"og:image\" content=\"https:\/\/cinema.video\/wp-content\/uploads\/2022\/08\/Oscar.jpg\" \/>\n\t<meta property=\"og:image:width\" content=\"1361\" \/>\n\t<meta property=\"og:image:height\" content=\"1168\" \/>\n\t<meta property=\"og:image:type\" content=\"image\/jpeg\" \/>\n<meta name=\"author\" content=\"Editorial\" \/>\n<meta name=\"twitter:card\" content=\"summary_large_image\" \/>\n<meta name=\"twitter:label1\" content=\"Scritto da\" \/>\n\t<meta name=\"twitter:data1\" content=\"Editorial\" \/>\n\t<meta name=\"twitter:label2\" content=\"Tempo di lettura stimato\" \/>\n\t<meta name=\"twitter:data2\" content=\"2 minuti\" \/>\n<script type=\"application\/ld+json\" class=\"yoast-schema-graph\">{\"@context\":\"https:\\\/\\\/schema.org\",\"@graph\":[{\"@type\":\"Article\",\"@id\":\"https:\\\/\\\/cinema.video\\\/it\\\/academy-in-mostra#article\",\"isPartOf\":{\"@id\":\"https:\\\/\\\/cinema.video\\\/it\\\/academy-in-mostra\"},\"author\":{\"name\":\"Editorial\",\"@id\":\"https:\\\/\\\/cinema.video\\\/it#\\\/schema\\\/person\\\/aeb01b91d874e8b01e76a1db04c668c6\"},\"headline\":\"Academy in Mostra\",\"datePublished\":\"2022-08-28T09:16:47+00:00\",\"dateModified\":\"2026-04-10T01:58:34+00:00\",\"mainEntityOfPage\":{\"@id\":\"https:\\\/\\\/cinema.video\\\/it\\\/academy-in-mostra\"},\"wordCount\":207,\"publisher\":{\"@id\":\"https:\\\/\\\/cinema.video\\\/it#organization\"},\"image\":{\"@id\":\"https:\\\/\\\/cinema.video\\\/it\\\/academy-in-mostra#primaryimage\"},\"thumbnailUrl\":\"https:\\\/\\\/cinema.video\\\/wp-content\\\/uploads\\\/2022\\\/08\\\/Oscar.jpg\",\"keywords\":[\"CINECITT\u00c0\",\"focus\",\"VENICE FILM FESTIVAL\"],\"inLanguage\":\"it-IT\"},{\"@type\":\"WebPage\",\"@id\":\"https:\\\/\\\/cinema.video\\\/it\\\/academy-in-mostra\",\"url\":\"https:\\\/\\\/cinema.video\\\/it\\\/academy-in-mostra\",\"name\":\"Academy in Mostra - Cinema &amp; Video International\",\"isPartOf\":{\"@id\":\"https:\\\/\\\/cinema.video\\\/it#website\"},\"primaryImageOfPage\":{\"@id\":\"https:\\\/\\\/cinema.video\\\/it\\\/academy-in-mostra#primaryimage\"},\"image\":{\"@id\":\"https:\\\/\\\/cinema.video\\\/it\\\/academy-in-mostra#primaryimage\"},\"thumbnailUrl\":\"https:\\\/\\\/cinema.video\\\/wp-content\\\/uploads\\\/2022\\\/08\\\/Oscar.jpg\",\"datePublished\":\"2022-08-28T09:16:47+00:00\",\"dateModified\":\"2026-04-10T01:58:34+00:00\",\"description\":\"Academy in Mostra \u2013 academy in mostra. In occasione dei 90 anni dalla prima edizione della Mostra di Venezia, l\u2019Academy of Motion Picture Arts and Science\",\"breadcrumb\":{\"@id\":\"https:\\\/\\\/cinema.video\\\/it\\\/academy-in-mostra#breadcrumb\"},\"inLanguage\":\"it-IT\",\"potentialAction\":[{\"@type\":\"ReadAction\",\"target\":[\"https:\\\/\\\/cinema.video\\\/it\\\/academy-in-mostra\"]}]},{\"@type\":\"ImageObject\",\"inLanguage\":\"it-IT\",\"@id\":\"https:\\\/\\\/cinema.video\\\/it\\\/academy-in-mostra#primaryimage\",\"url\":\"https:\\\/\\\/cinema.video\\\/wp-content\\\/uploads\\\/2022\\\/08\\\/Oscar.jpg\",\"contentUrl\":\"https:\\\/\\\/cinema.video\\\/wp-content\\\/uploads\\\/2022\\\/08\\\/Oscar.jpg\",\"width\":1361,\"height\":1168},{\"@type\":\"BreadcrumbList\",\"@id\":\"https:\\\/\\\/cinema.video\\\/it\\\/academy-in-mostra#breadcrumb\",\"itemListElement\":[{\"@type\":\"ListItem\",\"position\":1,\"name\":\"Home\",\"item\":\"https:\\\/\\\/cinema.video\\\/it\"},{\"@type\":\"ListItem\",\"position\":2,\"name\":\"Academy in Mostra\"}]},{\"@type\":\"WebSite\",\"@id\":\"https:\\\/\\\/cinema.video\\\/it#website\",\"url\":\"https:\\\/\\\/cinema.video\\\/it\",\"name\":\"Cinema & Video International\",\"description\":\"Film &amp; Audiovisual B2B Industry Trade Platform Magazine\",\"publisher\":{\"@id\":\"https:\\\/\\\/cinema.video\\\/it#organization\"},\"alternateName\":\"Cinema & Video\",\"potentialAction\":[{\"@type\":\"SearchAction\",\"target\":{\"@type\":\"EntryPoint\",\"urlTemplate\":\"https:\\\/\\\/cinema.video\\\/it?s={search_term_string}\"},\"query-input\":{\"@type\":\"PropertyValueSpecification\",\"valueRequired\":true,\"valueName\":\"search_term_string\"}}],\"inLanguage\":\"it-IT\"},{\"@type\":\"Organization\",\"@id\":\"https:\\\/\\\/cinema.video\\\/it#organization\",\"name\":\"Cinema & Video\",\"url\":\"https:\\\/\\\/cinema.video\\\/it\",\"logo\":{\"@type\":\"ImageObject\",\"inLanguage\":\"it-IT\",\"@id\":\"https:\\\/\\\/cinema.video\\\/it#\\\/schema\\\/logo\\\/image\\\/\",\"url\":\"https:\\\/\\\/cinema.video\\\/wp-content\\\/uploads\\\/2026\\\/04\\\/CinemVideo_LogoBlack.png\",\"contentUrl\":\"https:\\\/\\\/cinema.video\\\/wp-content\\\/uploads\\\/2026\\\/04\\\/CinemVideo_LogoBlack.png\",\"width\":1336,\"height\":224,\"caption\":\"Cinema & Video\"},\"image\":{\"@id\":\"https:\\\/\\\/cinema.video\\\/it#\\\/schema\\\/logo\\\/image\\\/\"},\"sameAs\":[\"https:\\\/\\\/www.facebook.com\\\/CinemaVideoInternational\\\/\",\"https:\\\/\\\/www.instagram.com\\\/cinemaevideointernational\\\/\",\"https:\\\/\\\/it.linkedin.com\\\/company\\\/cinema-video-international\"],\"description\":\"Media Consulting & Marketing Agency\",\"email\":\"hello@darostudio.com\",\"legalName\":\"DARO studio LLC\",\"foundingDate\":\"2021-02-16\",\"numberOfEmployees\":{\"@type\":\"QuantitativeValue\",\"minValue\":\"1\",\"maxValue\":\"10\"},\"publishingPrinciples\":\"https:\\\/\\\/cinema.video\\\/about\"},{\"@type\":\"Person\",\"@id\":\"https:\\\/\\\/cinema.video\\\/it#\\\/schema\\\/person\\\/aeb01b91d874e8b01e76a1db04c668c6\",\"name\":\"Editorial\",\"image\":{\"@type\":\"ImageObject\",\"inLanguage\":\"it-IT\",\"@id\":\"https:\\\/\\\/secure.gravatar.com\\\/avatar\\\/06ad6f92eb14745b75fb592cadf8139d33242d81c9c8b085133c450aaf0b9731?s=96&d=mm&r=g\",\"url\":\"https:\\\/\\\/secure.gravatar.com\\\/avatar\\\/06ad6f92eb14745b75fb592cadf8139d33242d81c9c8b085133c450aaf0b9731?s=96&d=mm&r=g\",\"contentUrl\":\"https:\\\/\\\/secure.gravatar.com\\\/avatar\\\/06ad6f92eb14745b75fb592cadf8139d33242d81c9c8b085133c450aaf0b9731?s=96&d=mm&r=g\",\"caption\":\"Editorial\"},\"url\":\"https:\\\/\\\/cinema.video\\\/it\\\/author\\\/redazione\"}]}<\/script>\n<!-- \/ Yoast SEO Premium plugin. -->","yoast_head_json":{"title":"Academy in Mostra - Cinema &amp; Video International","description":"Academy in Mostra \u2013 academy in mostra. In occasione dei 90 anni dalla prima edizione della Mostra di Venezia, l\u2019Academy of Motion Picture Arts and Science","robots":{"index":"index","follow":"follow","max-snippet":"max-snippet:-1","max-image-preview":"max-image-preview:large","max-video-preview":"max-video-preview:-1"},"canonical":"https:\/\/cinema.video\/it\/academy-in-mostra","og_locale":"it_IT","og_type":"article","og_title":"Academy in Mostra","og_description":"Academy in Mostra \u2013 academy in mostra. In occasione dei 90 anni dalla prima edizione della Mostra di Venezia, l\u2019Academy of Motion Picture Arts and Science","og_url":"https:\/\/cinema.video\/it\/academy-in-mostra","og_site_name":"Cinema &amp; Video International","article_publisher":"https:\/\/www.facebook.com\/CinemaVideoInternational\/","article_published_time":"2022-08-28T09:16:47+00:00","article_modified_time":"2026-04-10T01:58:34+00:00","og_image":[{"width":1361,"height":1168,"url":"https:\/\/cinema.video\/wp-content\/uploads\/2022\/08\/Oscar.jpg","type":"image\/jpeg"}],"author":"Editorial","twitter_card":"summary_large_image","twitter_misc":{"Scritto da":"Editorial","Tempo di lettura stimato":"2 minuti"},"schema":{"@context":"https:\/\/schema.org","@graph":[{"@type":"Article","@id":"https:\/\/cinema.video\/it\/academy-in-mostra#article","isPartOf":{"@id":"https:\/\/cinema.video\/it\/academy-in-mostra"},"author":{"name":"Editorial","@id":"https:\/\/cinema.video\/it#\/schema\/person\/aeb01b91d874e8b01e76a1db04c668c6"},"headline":"Academy in Mostra","datePublished":"2022-08-28T09:16:47+00:00","dateModified":"2026-04-10T01:58:34+00:00","mainEntityOfPage":{"@id":"https:\/\/cinema.video\/it\/academy-in-mostra"},"wordCount":207,"publisher":{"@id":"https:\/\/cinema.video\/it#organization"},"image":{"@id":"https:\/\/cinema.video\/it\/academy-in-mostra#primaryimage"},"thumbnailUrl":"https:\/\/cinema.video\/wp-content\/uploads\/2022\/08\/Oscar.jpg","keywords":["CINECITT\u00c0","focus","VENICE FILM FESTIVAL"],"inLanguage":"it-IT"},{"@type":"WebPage","@id":"https:\/\/cinema.video\/it\/academy-in-mostra","url":"https:\/\/cinema.video\/it\/academy-in-mostra","name":"Academy in Mostra - Cinema &amp; Video International","isPartOf":{"@id":"https:\/\/cinema.video\/it#website"},"primaryImageOfPage":{"@id":"https:\/\/cinema.video\/it\/academy-in-mostra#primaryimage"},"image":{"@id":"https:\/\/cinema.video\/it\/academy-in-mostra#primaryimage"},"thumbnailUrl":"https:\/\/cinema.video\/wp-content\/uploads\/2022\/08\/Oscar.jpg","datePublished":"2022-08-28T09:16:47+00:00","dateModified":"2026-04-10T01:58:34+00:00","description":"Academy in Mostra \u2013 academy in mostra. In occasione dei 90 anni dalla prima edizione della Mostra di Venezia, l\u2019Academy of Motion Picture Arts and Science","breadcrumb":{"@id":"https:\/\/cinema.video\/it\/academy-in-mostra#breadcrumb"},"inLanguage":"it-IT","potentialAction":[{"@type":"ReadAction","target":["https:\/\/cinema.video\/it\/academy-in-mostra"]}]},{"@type":"ImageObject","inLanguage":"it-IT","@id":"https:\/\/cinema.video\/it\/academy-in-mostra#primaryimage","url":"https:\/\/cinema.video\/wp-content\/uploads\/2022\/08\/Oscar.jpg","contentUrl":"https:\/\/cinema.video\/wp-content\/uploads\/2022\/08\/Oscar.jpg","width":1361,"height":1168},{"@type":"BreadcrumbList","@id":"https:\/\/cinema.video\/it\/academy-in-mostra#breadcrumb","itemListElement":[{"@type":"ListItem","position":1,"name":"Home","item":"https:\/\/cinema.video\/it"},{"@type":"ListItem","position":2,"name":"Academy in Mostra"}]},{"@type":"WebSite","@id":"https:\/\/cinema.video\/it#website","url":"https:\/\/cinema.video\/it","name":"Cinema & Video International","description":"Film &amp; Audiovisual B2B Industry Trade Platform Magazine","publisher":{"@id":"https:\/\/cinema.video\/it#organization"},"alternateName":"Cinema & Video","potentialAction":[{"@type":"SearchAction","target":{"@type":"EntryPoint","urlTemplate":"https:\/\/cinema.video\/it?s={search_term_string}"},"query-input":{"@type":"PropertyValueSpecification","valueRequired":true,"valueName":"search_term_string"}}],"inLanguage":"it-IT"},{"@type":"Organization","@id":"https:\/\/cinema.video\/it#organization","name":"Cinema & Video","url":"https:\/\/cinema.video\/it","logo":{"@type":"ImageObject","inLanguage":"it-IT","@id":"https:\/\/cinema.video\/it#\/schema\/logo\/image\/","url":"https:\/\/cinema.video\/wp-content\/uploads\/2026\/04\/CinemVideo_LogoBlack.png","contentUrl":"https:\/\/cinema.video\/wp-content\/uploads\/2026\/04\/CinemVideo_LogoBlack.png","width":1336,"height":224,"caption":"Cinema & Video"},"image":{"@id":"https:\/\/cinema.video\/it#\/schema\/logo\/image\/"},"sameAs":["https:\/\/www.facebook.com\/CinemaVideoInternational\/","https:\/\/www.instagram.com\/cinemaevideointernational\/","https:\/\/it.linkedin.com\/company\/cinema-video-international"],"description":"Media Consulting & Marketing Agency","email":"hello@darostudio.com","legalName":"DARO studio LLC","foundingDate":"2021-02-16","numberOfEmployees":{"@type":"QuantitativeValue","minValue":"1","maxValue":"10"},"publishingPrinciples":"https:\/\/cinema.video\/about"},{"@type":"Person","@id":"https:\/\/cinema.video\/it#\/schema\/person\/aeb01b91d874e8b01e76a1db04c668c6","name":"Editorial","image":{"@type":"ImageObject","inLanguage":"it-IT","@id":"https:\/\/secure.gravatar.com\/avatar\/06ad6f92eb14745b75fb592cadf8139d33242d81c9c8b085133c450aaf0b9731?s=96&d=mm&r=g","url":"https:\/\/secure.gravatar.com\/avatar\/06ad6f92eb14745b75fb592cadf8139d33242d81c9c8b085133c450aaf0b9731?s=96&d=mm&r=g","contentUrl":"https:\/\/secure.gravatar.com\/avatar\/06ad6f92eb14745b75fb592cadf8139d33242d81c9c8b085133c450aaf0b9731?s=96&d=mm&r=g","caption":"Editorial"},"url":"https:\/\/cinema.video\/it\/author\/redazione"}]}},"jetpack_shortlink":"https:\/\/wp.me\/ph672m-1e82","jetpack_featured_media_url":"https:\/\/cinema.video\/wp-content\/uploads\/2022\/08\/Oscar.jpg","_links":{"self":[{"href":"https:\/\/cinema.video\/it\/wp-json\/wp\/v2\/posts\/292642","targetHints":{"allow":["GET"]}}],"collection":[{"href":"https:\/\/cinema.video\/it\/wp-json\/wp\/v2\/posts"}],"about":[{"href":"https:\/\/cinema.video\/it\/wp-json\/wp\/v2\/types\/post"}],"author":[{"embeddable":true,"href":"https:\/\/cinema.video\/it\/wp-json\/wp\/v2\/users\/26"}],"replies":[{"embeddable":true,"href":"https:\/\/cinema.video\/it\/wp-json\/wp\/v2\/comments?post=292642"}],"version-history":[{"count":1,"href":"https:\/\/cinema.video\/it\/wp-json\/wp\/v2\/posts\/292642\/revisions"}],"predecessor-version":[{"id":308723,"href":"https:\/\/cinema.video\/it\/wp-json\/wp\/v2\/posts\/292642\/revisions\/308723"}],"wp:featuredmedia":[{"embeddable":true,"href":"https:\/\/cinema.video\/it\/wp-json\/wp\/v2\/media\/292643"}],"wp:attachment":[{"href":"https:\/\/cinema.video\/it\/wp-json\/wp\/v2\/media?parent=292642"}],"wp:term":[{"taxonomy":"category","embeddable":true,"href":"https:\/\/cinema.video\/it\/wp-json\/wp\/v2\/categories?post=292642"},{"taxonomy":"post_tag","embeddable":true,"href":"https:\/\/cinema.video\/it\/wp-json\/wp\/v2\/tags?post=292642"}],"curies":[{"name":"wp","href":"https:\/\/api.w.org\/{rel}","templated":true}]}}