{"id":292563,"date":"2022-08-09T11:28:21","date_gmt":"2022-08-09T09:28:21","guid":{"rendered":"https:\/\/cinema.video\/?p=292563"},"modified":"2026-04-10T03:58:23","modified_gmt":"2026-04-10T01:58:23","slug":"locarno-pro-duffner-questa-e-lofficina-dei-talenti","status":"publish","type":"post","link":"https:\/\/cinema.video\/it\/locarno-pro-duffner-questa-e-lofficina-dei-talenti","title":{"rendered":"LOCARNO PRO Duffner questa \u00e8 l&#8217;officina dei talenti"},"content":{"rendered":"\n<p class=\"wp-block-paragraph\">Si \u00e8 svolta ieri, 7 agosto, la cerimonia di premiazione di Locarno Pro, lo spazio industry del Festival di Locarno. Il vincitore di&nbsp;<strong>First Look<\/strong>, l\u2019iniziativa dedicata&nbsp;ai film in post-produzione, quest\u2019anno focalizzata sul cinema tedesco del futuro, \u00e8&nbsp;<strong><em>Letzter Abend<\/em><\/strong>&nbsp;(<strong><em>One Last Evening<\/em><\/strong>) by Lukas Nathrath, prodotto da Klinkerfilm, co-prodotto da Doppelbauer &amp; Nathrath Filmproduktion ha conquistato il&nbsp;<strong>Premio Cinegrell First Look \u2013<\/strong>&nbsp;in servizi per il completamento dei film in post-produzione per un valore di 50&#8217;000 euro. Gli altri due riconoscimenti sono andati a&nbsp;<strong><em>Arthur &amp; Diana<\/em><\/strong>&nbsp;di Sara Summa, prodotto da Deutsche Film- und Fernsehakademie Berlin (<strong>Premio Le Film Fran\u00e7ais&nbsp;<\/strong>\u2013 in servizi pubblicitari per un valore di 5&#8217;600 euro), e a<strong><em>&nbsp;Elaha<\/em><\/strong>&nbsp;di Milena Aboyan, prodotto da Kinescope Film, co-prodotto by Essence Film (<strong>Premio Kaiju Cinema Diffusion&nbsp;<\/strong>\u2013 per la progettazione di un poster internazionale del valore di 5,000 euro).<\/p>\n\n\n\n<p class=\"wp-block-paragraph\">\u00c9 stato inoltre assegnato l\u2019<strong>Alphapanda Market Breakout Award<\/strong>&nbsp;(servizi di consulenza per un valore di 3&#8217;000) a un progetto&nbsp;della piattaforma di co-sviluppo<strong>&nbsp;Alliance 4 Development<\/strong>:&nbsp;va&nbsp;al film austriaco&nbsp;<em><strong>The Village Next to Paradise<\/strong>,<\/em>&nbsp;di Mo Harawe, prodotto da Oliver Neumann (FreibeuterFilm) e Sabien Moser (FreibeuterFilm).<\/p>\n\n\n\n<p class=\"wp-block-paragraph\">Ne \u00e8 particolarmente soddisfatto&nbsp;<strong>Markus Duffner<\/strong>, direttore di&nbsp;<strong>Locarno Pro<\/strong>, anche perch\u00e9 il progetto arriva dalla \u2019new entry\u2019 di quest\u2019anno, l\u2019Austria, che va a sommarsi ai paesi di provenienza dei film in cerca di coproduttori della sezione (Svizzera, Francia, Germania, Italia).<br>Quest\u2019aggiunta \u00e8 uno dei tanti indicatori di crescita del mercato, tornato quest\u2019anno \u2018in forze\u2019 e in presenza, con un significativo aumento di presenze (\u201cquasi 1400 partecipanti professionisti, mentre l\u2019anno prima della pandemia erano 1040\u201d), sezioni pi\u00f9 corpose (l\u2019ingresso dell\u2019Austria in Alliance4 Development, il nuovo&nbsp;<strong>Swiss Film Preview<\/strong>, \u201clo showcase di film svizzeri in post produzione che affianca in maniera pi\u00f9 piccola e mirata il lavoro della sezione competitiva&nbsp;<strong>First Look\u201d<\/strong>&nbsp;e i 32 produttori che hanno preso parte a&nbsp;<strong>Match Me!<\/strong>&nbsp;contro i 24 dello scorso anno).<\/p>\n\n\n\n<p class=\"wp-block-paragraph\">Ulteriore balzo in avanti \u00e8 quello poi, del numero e della qualit\u00e0 di societ\u00e0 presenti al mercato: \u201cE\u2019 stata questa la vera sorpresa, &#8211; continua Duffner, citando distributori americani e streamers, fra cui&nbsp;<strong>Paramount Pictures, Universal, Amazon Netflix, Mubi, Warner, Neon, Radar, A24&nbsp;&nbsp;Oscilloscope<\/strong>&nbsp;&#8211; frutto di un lavoro mirato fatto con&nbsp;<strong>Giona Nazzaro<\/strong>&nbsp;(il direttore del Festival, n.d.r.), per spiegare ai players che ci interessava avere qui, come l\u2019anima di Locarno sia nella scoperta dei talenti, sia dal lato festival (sono stati scoperti qui Jim Jarmusch, Spike Lee, Manoel De Oliveira) sia nello spazio industry, che si configura sempre pi\u00f9 come una fucina che comprende tutti i punti della catena audiovisiva, dai produttori emergenti di MatchMe! ai giovani professionisti che si occupano di&nbsp;&nbsp;vendite, distribuzione, marketing, programmazione di festival, VOD, che vengono a fare programmi a loro dedicati, come Industry Academy e U30.\u201d<\/p>\n\n\n\n<p class=\"wp-block-paragraph\">Tutto questo rende Locarno un appuntamento di business informale, ed \u00e8 proprio questo il suo punto di forza: \u201cqui il modello fieristico non funzionerebbe mai, perch\u00e9 si ricerca proprio il tempo dedicato di qualit\u00e0, che non si ha in mercati pi\u00f9 strutturati. Qui si viene per scoprire futuri business partner, nuovi talenti e si riesce quindi a fare un lavoro pi\u00f9 mirato ed approfondito.\u201d<\/p>\n\n\n\n<p class=\"wp-block-paragraph\">\u00c9 in quest\u2019ottica che \u00e8 cresciuta anche l\u2019offerta di contenuti per gli accreditati, con masterclass, come quella della produttrice <strong>Christine Vachon<\/strong>, di <strong>Katriel Schory<\/strong>, o di <strong>Neon<\/strong> che ha illustrato le proprie strategie sulla distribuzione di film non in lingua inglese negli USA. O ancora un panel sulle nuove forme di finanziamento dei film, come la cripto currency o NFT: \u201cne abbiamo discusso in relazione ai film classici perch\u00e9 potrebbe essere un\u2019opzione concreta per la loro distribuzione quando non ci sar\u00e0 pi\u00f9 il dvd\u201d aggiunge Duffner.<\/p>\n\n\n\n<p class=\"wp-block-paragraph\">Quella con il cinema classico \u00e8 sempre stata un\u2019affinit\u00e0 elettiva del Locarno Film Festival, che quest\u2019anno presenta ben due restauri: quello di&nbsp;<strong><em>Nos vies priv\u00e9es<\/em>&nbsp;<\/strong>(<em>Private Life<\/em>) di Denis Cot\u00e8, nell\u2019anniversario dei 15 anni dall\u2019anteprima locarnese (in <em>Cineasti del Presente<\/em>), realizzato con&nbsp;<strong>Cinegrell<\/strong>, e quello di&nbsp;<em><strong>O Dia do Desespero<\/strong><\/em> di Manoel De Oliveira a 30 anni dell\u2019anteprima in Piazza Grande, realizzato con la&nbsp;<strong>Cineteca Portoghese<\/strong>. <br>E non \u00e8 un caso che questa cura si sposi con l\u2019attenzione alle nuove tecnologie, come non \u00e8 un caso, forse, che Duffner, che fra le altre cose \u00e8 il fondatore della piattaforma streaming Spamflix, sia stato anche il responsabile della messa a punto di&nbsp;<strong>Heritage Online<\/strong>, il database dei diritti dei film classici, nato nel 2020 per \u201ccreare una vetrina industry che desse una nuova vita commerciale a questi titoli.&#8221;<br>&#8220;E\u2019 una riflessione a che \u00e8 nata proprio durante la pandemia, quando da buyer per Spamflix, partecipavo, come tutti gli streamers, alla \u2018rincorsa\u2019 ai contenuti. Quelli contemporanei, chiaramente, andavano diretti sulle piattaforme. Ma quando si parla di cinema classico, non \u00e8 per niente facile n\u00e9 scontato, a volte, risalire al proprietario dei diritti. E in fondo, quando l\u2019home video classico non sar\u00e0 pi\u00f9 una finestra commerciale, \u00e8 il VOD che prender\u00e0 il suo posto.\u201d<\/p>\n","protected":false},"excerpt":{"rendered":"<p>I vincitori di First Look e di Alliance 4 Development di Locarno Pro. I numeri in crescita, le novit\u00e0 e le sorprese del mercato  nel&#8217;intervista al suo direttore Markus Duffner<\/p>\n","protected":false},"author":2,"featured_media":292568,"comment_status":"closed","ping_status":"closed","sticky":false,"template":"","format":"standard","meta":{"googlesitekit_rrm_CAow3e7fCw:productID":"","_crdt_document":"","footnotes":""},"categories":[1],"tags":[356,663],"class_list":{"0":"post-292563","1":"post","2":"type-post","3":"status-publish","4":"format-standard","5":"has-post-thumbnail","7":"category-senza-categoria","8":"tag-focus","9":"tag-locarno-pro"},"yoast_head":"<!-- This site is optimized with the Yoast SEO Premium plugin v27.4 (Yoast SEO v27.4) - https:\/\/yoast.com\/product\/yoast-seo-premium-wordpress\/ -->\n<title>LOCARNO PRO Duffner questa \u00e8 l&#039;officina dei talenti - Cinema &amp; Video International<\/title>\n<meta name=\"description\" content=\"LOCARNO PRO Duffner questa \u00e8 l&#039;officina dei talenti \u2013 locarno pro duffner questa lofficina dei. Si \u00e8 svolta ieri, 7 agosto, la cerimonia di premiazione di\" \/>\n<meta name=\"robots\" content=\"index, follow, max-snippet:-1, max-image-preview:large, max-video-preview:-1\" \/>\n<link rel=\"canonical\" href=\"https:\/\/cinema.video\/it\/locarno-pro-duffner-questa-e-lofficina-dei-talenti\" \/>\n<meta property=\"og:locale\" content=\"it_IT\" \/>\n<meta property=\"og:type\" content=\"article\" \/>\n<meta property=\"og:title\" content=\"LOCARNO PRO Duffner questa \u00e8 l&#039;officina dei talenti\" \/>\n<meta property=\"og:description\" content=\"LOCARNO PRO Duffner questa \u00e8 l&#039;officina dei talenti \u2013 locarno pro duffner questa lofficina dei. Si \u00e8 svolta ieri, 7 agosto, la cerimonia di premiazione di\" \/>\n<meta property=\"og:url\" content=\"https:\/\/cinema.video\/it\/locarno-pro-duffner-questa-e-lofficina-dei-talenti\" \/>\n<meta property=\"og:site_name\" content=\"Cinema &amp; Video International\" \/>\n<meta property=\"article:publisher\" content=\"https:\/\/www.facebook.com\/CinemaVideoInternational\/\" \/>\n<meta property=\"article:published_time\" content=\"2022-08-09T09:28:21+00:00\" \/>\n<meta property=\"article:modified_time\" content=\"2026-04-10T01:58:23+00:00\" \/>\n<meta property=\"og:image\" content=\"https:\/\/cinema.video\/wp-content\/uploads\/2022\/08\/Fest07_PremLocPro_09220807.jpg\" \/>\n\t<meta property=\"og:image:width\" content=\"600\" \/>\n\t<meta property=\"og:image:height\" content=\"400\" \/>\n\t<meta property=\"og:image:type\" content=\"image\/jpeg\" \/>\n<meta name=\"author\" content=\"Carolina Mancini\" \/>\n<meta name=\"twitter:card\" content=\"summary_large_image\" \/>\n<meta name=\"twitter:label1\" content=\"Scritto da\" \/>\n\t<meta name=\"twitter:data1\" content=\"Carolina Mancini\" \/>\n\t<meta name=\"twitter:label2\" content=\"Tempo di lettura stimato\" \/>\n\t<meta name=\"twitter:data2\" content=\"5 minuti\" \/>\n<script type=\"application\/ld+json\" class=\"yoast-schema-graph\">{\"@context\":\"https:\\\/\\\/schema.org\",\"@graph\":[{\"@type\":\"Article\",\"@id\":\"https:\\\/\\\/cinema.video\\\/it\\\/locarno-pro-duffner-questa-e-lofficina-dei-talenti#article\",\"isPartOf\":{\"@id\":\"https:\\\/\\\/cinema.video\\\/it\\\/locarno-pro-duffner-questa-e-lofficina-dei-talenti\"},\"author\":{\"name\":\"Carolina Mancini\",\"@id\":\"https:\\\/\\\/cinema.video\\\/it#\\\/schema\\\/person\\\/d5479fad8d0f2360000eb4aab6bb6e5d\"},\"headline\":\"LOCARNO PRO Duffner questa \u00e8 l&#8217;officina dei talenti\",\"datePublished\":\"2022-08-09T09:28:21+00:00\",\"dateModified\":\"2026-04-10T01:58:23+00:00\",\"mainEntityOfPage\":{\"@id\":\"https:\\\/\\\/cinema.video\\\/it\\\/locarno-pro-duffner-questa-e-lofficina-dei-talenti\"},\"wordCount\":865,\"publisher\":{\"@id\":\"https:\\\/\\\/cinema.video\\\/it#organization\"},\"image\":{\"@id\":\"https:\\\/\\\/cinema.video\\\/it\\\/locarno-pro-duffner-questa-e-lofficina-dei-talenti#primaryimage\"},\"thumbnailUrl\":\"https:\\\/\\\/cinema.video\\\/wp-content\\\/uploads\\\/2022\\\/08\\\/Fest07_PremLocPro_09220807.jpg\",\"keywords\":[\"focus\",\"Locarno Pro\"],\"inLanguage\":\"it-IT\"},{\"@type\":\"WebPage\",\"@id\":\"https:\\\/\\\/cinema.video\\\/it\\\/locarno-pro-duffner-questa-e-lofficina-dei-talenti\",\"url\":\"https:\\\/\\\/cinema.video\\\/it\\\/locarno-pro-duffner-questa-e-lofficina-dei-talenti\",\"name\":\"LOCARNO PRO Duffner questa \u00e8 l'officina dei talenti - Cinema &amp; Video International\",\"isPartOf\":{\"@id\":\"https:\\\/\\\/cinema.video\\\/it#website\"},\"primaryImageOfPage\":{\"@id\":\"https:\\\/\\\/cinema.video\\\/it\\\/locarno-pro-duffner-questa-e-lofficina-dei-talenti#primaryimage\"},\"image\":{\"@id\":\"https:\\\/\\\/cinema.video\\\/it\\\/locarno-pro-duffner-questa-e-lofficina-dei-talenti#primaryimage\"},\"thumbnailUrl\":\"https:\\\/\\\/cinema.video\\\/wp-content\\\/uploads\\\/2022\\\/08\\\/Fest07_PremLocPro_09220807.jpg\",\"datePublished\":\"2022-08-09T09:28:21+00:00\",\"dateModified\":\"2026-04-10T01:58:23+00:00\",\"description\":\"LOCARNO PRO Duffner questa \u00e8 l'officina dei talenti \u2013 locarno pro duffner questa lofficina dei. Si \u00e8 svolta ieri, 7 agosto, la cerimonia di premiazione di\",\"breadcrumb\":{\"@id\":\"https:\\\/\\\/cinema.video\\\/it\\\/locarno-pro-duffner-questa-e-lofficina-dei-talenti#breadcrumb\"},\"inLanguage\":\"it-IT\",\"potentialAction\":[{\"@type\":\"ReadAction\",\"target\":[\"https:\\\/\\\/cinema.video\\\/it\\\/locarno-pro-duffner-questa-e-lofficina-dei-talenti\"]}]},{\"@type\":\"ImageObject\",\"inLanguage\":\"it-IT\",\"@id\":\"https:\\\/\\\/cinema.video\\\/it\\\/locarno-pro-duffner-questa-e-lofficina-dei-talenti#primaryimage\",\"url\":\"https:\\\/\\\/cinema.video\\\/wp-content\\\/uploads\\\/2022\\\/08\\\/Fest07_PremLocPro_09220807.jpg\",\"contentUrl\":\"https:\\\/\\\/cinema.video\\\/wp-content\\\/uploads\\\/2022\\\/08\\\/Fest07_PremLocPro_09220807.jpg\",\"width\":600,\"height\":400,\"caption\":\"Award cerimony A4D, First Look, Locarno Pro, of the 75 Locarno Film Festival, Locarno, Sunday, 07 August 2022. \u00a9 Locarno Film Festival \\\/ Ti-Press \\\/ Alessandro Crinari\"},{\"@type\":\"BreadcrumbList\",\"@id\":\"https:\\\/\\\/cinema.video\\\/it\\\/locarno-pro-duffner-questa-e-lofficina-dei-talenti#breadcrumb\",\"itemListElement\":[{\"@type\":\"ListItem\",\"position\":1,\"name\":\"Home\",\"item\":\"https:\\\/\\\/cinema.video\\\/it\\\/home-2\"},{\"@type\":\"ListItem\",\"position\":2,\"name\":\"LOCARNO PRO Duffner questa \u00e8 l&#8217;officina dei talenti\"}]},{\"@type\":\"WebSite\",\"@id\":\"https:\\\/\\\/cinema.video\\\/it#website\",\"url\":\"https:\\\/\\\/cinema.video\\\/it\",\"name\":\"Cinema & Video International\",\"description\":\"Film &amp; Audiovisual Industry Trade Magazine\",\"publisher\":{\"@id\":\"https:\\\/\\\/cinema.video\\\/it#organization\"},\"alternateName\":\"Cinema & Video\",\"potentialAction\":[{\"@type\":\"SearchAction\",\"target\":{\"@type\":\"EntryPoint\",\"urlTemplate\":\"https:\\\/\\\/cinema.video\\\/it?s={search_term_string}\"},\"query-input\":{\"@type\":\"PropertyValueSpecification\",\"valueRequired\":true,\"valueName\":\"search_term_string\"}}],\"inLanguage\":\"it-IT\"},{\"@type\":\"Organization\",\"@id\":\"https:\\\/\\\/cinema.video\\\/it#organization\",\"name\":\"Cinema & Video\",\"url\":\"https:\\\/\\\/cinema.video\\\/it\",\"logo\":{\"@type\":\"ImageObject\",\"inLanguage\":\"it-IT\",\"@id\":\"https:\\\/\\\/cinema.video\\\/it#\\\/schema\\\/logo\\\/image\\\/\",\"url\":\"https:\\\/\\\/cinema.video\\\/wp-content\\\/uploads\\\/2026\\\/04\\\/CinemVideo_LogoBlack.png\",\"contentUrl\":\"https:\\\/\\\/cinema.video\\\/wp-content\\\/uploads\\\/2026\\\/04\\\/CinemVideo_LogoBlack.png\",\"width\":1336,\"height\":224,\"caption\":\"Cinema & Video\"},\"image\":{\"@id\":\"https:\\\/\\\/cinema.video\\\/it#\\\/schema\\\/logo\\\/image\\\/\"},\"sameAs\":[\"https:\\\/\\\/www.facebook.com\\\/CinemaVideoInternational\\\/\",\"https:\\\/\\\/www.instagram.com\\\/cinemaevideointernational\\\/\",\"https:\\\/\\\/it.linkedin.com\\\/company\\\/cinema-video-international\"],\"description\":\"Media Consulting & Marketing Agency\",\"email\":\"hello@darostudio.com\",\"legalName\":\"DARO studio LLC\",\"foundingDate\":\"2021-02-16\",\"numberOfEmployees\":{\"@type\":\"QuantitativeValue\",\"minValue\":\"1\",\"maxValue\":\"10\"}},{\"@type\":\"Person\",\"@id\":\"https:\\\/\\\/cinema.video\\\/it#\\\/schema\\\/person\\\/d5479fad8d0f2360000eb4aab6bb6e5d\",\"name\":\"Carolina Mancini\",\"image\":{\"@type\":\"ImageObject\",\"inLanguage\":\"it-IT\",\"@id\":\"https:\\\/\\\/secure.gravatar.com\\\/avatar\\\/d4758965c5e8730dbaaa7131a628547771a26c1e5bf14fe323d96f8246a62baf?s=96&d=mm&r=g\",\"url\":\"https:\\\/\\\/secure.gravatar.com\\\/avatar\\\/d4758965c5e8730dbaaa7131a628547771a26c1e5bf14fe323d96f8246a62baf?s=96&d=mm&r=g\",\"contentUrl\":\"https:\\\/\\\/secure.gravatar.com\\\/avatar\\\/d4758965c5e8730dbaaa7131a628547771a26c1e5bf14fe323d96f8246a62baf?s=96&d=mm&r=g\",\"caption\":\"Carolina Mancini\"},\"url\":\"https:\\\/\\\/cinema.video\\\/it\\\/author\\\/carolin\"}]}<\/script>\n<!-- \/ Yoast SEO Premium plugin. -->","yoast_head_json":{"title":"LOCARNO PRO Duffner questa \u00e8 l'officina dei talenti - Cinema &amp; Video International","description":"LOCARNO PRO Duffner questa \u00e8 l'officina dei talenti \u2013 locarno pro duffner questa lofficina dei. Si \u00e8 svolta ieri, 7 agosto, la cerimonia di premiazione di","robots":{"index":"index","follow":"follow","max-snippet":"max-snippet:-1","max-image-preview":"max-image-preview:large","max-video-preview":"max-video-preview:-1"},"canonical":"https:\/\/cinema.video\/it\/locarno-pro-duffner-questa-e-lofficina-dei-talenti","og_locale":"it_IT","og_type":"article","og_title":"LOCARNO PRO Duffner questa \u00e8 l'officina dei talenti","og_description":"LOCARNO PRO Duffner questa \u00e8 l'officina dei talenti \u2013 locarno pro duffner questa lofficina dei. Si \u00e8 svolta ieri, 7 agosto, la cerimonia di premiazione di","og_url":"https:\/\/cinema.video\/it\/locarno-pro-duffner-questa-e-lofficina-dei-talenti","og_site_name":"Cinema &amp; Video International","article_publisher":"https:\/\/www.facebook.com\/CinemaVideoInternational\/","article_published_time":"2022-08-09T09:28:21+00:00","article_modified_time":"2026-04-10T01:58:23+00:00","og_image":[{"width":600,"height":400,"url":"https:\/\/cinema.video\/wp-content\/uploads\/2022\/08\/Fest07_PremLocPro_09220807.jpg","type":"image\/jpeg"}],"author":"Carolina Mancini","twitter_card":"summary_large_image","twitter_misc":{"Scritto da":"Carolina Mancini","Tempo di lettura stimato":"5 minuti"},"schema":{"@context":"https:\/\/schema.org","@graph":[{"@type":"Article","@id":"https:\/\/cinema.video\/it\/locarno-pro-duffner-questa-e-lofficina-dei-talenti#article","isPartOf":{"@id":"https:\/\/cinema.video\/it\/locarno-pro-duffner-questa-e-lofficina-dei-talenti"},"author":{"name":"Carolina Mancini","@id":"https:\/\/cinema.video\/it#\/schema\/person\/d5479fad8d0f2360000eb4aab6bb6e5d"},"headline":"LOCARNO PRO Duffner questa \u00e8 l&#8217;officina dei talenti","datePublished":"2022-08-09T09:28:21+00:00","dateModified":"2026-04-10T01:58:23+00:00","mainEntityOfPage":{"@id":"https:\/\/cinema.video\/it\/locarno-pro-duffner-questa-e-lofficina-dei-talenti"},"wordCount":865,"publisher":{"@id":"https:\/\/cinema.video\/it#organization"},"image":{"@id":"https:\/\/cinema.video\/it\/locarno-pro-duffner-questa-e-lofficina-dei-talenti#primaryimage"},"thumbnailUrl":"https:\/\/cinema.video\/wp-content\/uploads\/2022\/08\/Fest07_PremLocPro_09220807.jpg","keywords":["focus","Locarno Pro"],"inLanguage":"it-IT"},{"@type":"WebPage","@id":"https:\/\/cinema.video\/it\/locarno-pro-duffner-questa-e-lofficina-dei-talenti","url":"https:\/\/cinema.video\/it\/locarno-pro-duffner-questa-e-lofficina-dei-talenti","name":"LOCARNO PRO Duffner questa \u00e8 l'officina dei talenti - Cinema &amp; Video International","isPartOf":{"@id":"https:\/\/cinema.video\/it#website"},"primaryImageOfPage":{"@id":"https:\/\/cinema.video\/it\/locarno-pro-duffner-questa-e-lofficina-dei-talenti#primaryimage"},"image":{"@id":"https:\/\/cinema.video\/it\/locarno-pro-duffner-questa-e-lofficina-dei-talenti#primaryimage"},"thumbnailUrl":"https:\/\/cinema.video\/wp-content\/uploads\/2022\/08\/Fest07_PremLocPro_09220807.jpg","datePublished":"2022-08-09T09:28:21+00:00","dateModified":"2026-04-10T01:58:23+00:00","description":"LOCARNO PRO Duffner questa \u00e8 l'officina dei talenti \u2013 locarno pro duffner questa lofficina dei. Si \u00e8 svolta ieri, 7 agosto, la cerimonia di premiazione di","breadcrumb":{"@id":"https:\/\/cinema.video\/it\/locarno-pro-duffner-questa-e-lofficina-dei-talenti#breadcrumb"},"inLanguage":"it-IT","potentialAction":[{"@type":"ReadAction","target":["https:\/\/cinema.video\/it\/locarno-pro-duffner-questa-e-lofficina-dei-talenti"]}]},{"@type":"ImageObject","inLanguage":"it-IT","@id":"https:\/\/cinema.video\/it\/locarno-pro-duffner-questa-e-lofficina-dei-talenti#primaryimage","url":"https:\/\/cinema.video\/wp-content\/uploads\/2022\/08\/Fest07_PremLocPro_09220807.jpg","contentUrl":"https:\/\/cinema.video\/wp-content\/uploads\/2022\/08\/Fest07_PremLocPro_09220807.jpg","width":600,"height":400,"caption":"Award cerimony A4D, First Look, Locarno Pro, of the 75 Locarno Film Festival, Locarno, Sunday, 07 August 2022. \u00a9 Locarno Film Festival \/ Ti-Press \/ Alessandro Crinari"},{"@type":"BreadcrumbList","@id":"https:\/\/cinema.video\/it\/locarno-pro-duffner-questa-e-lofficina-dei-talenti#breadcrumb","itemListElement":[{"@type":"ListItem","position":1,"name":"Home","item":"https:\/\/cinema.video\/it\/home-2"},{"@type":"ListItem","position":2,"name":"LOCARNO PRO Duffner questa \u00e8 l&#8217;officina dei talenti"}]},{"@type":"WebSite","@id":"https:\/\/cinema.video\/it#website","url":"https:\/\/cinema.video\/it","name":"Cinema & Video International","description":"Film &amp; Audiovisual Industry Trade Magazine","publisher":{"@id":"https:\/\/cinema.video\/it#organization"},"alternateName":"Cinema & Video","potentialAction":[{"@type":"SearchAction","target":{"@type":"EntryPoint","urlTemplate":"https:\/\/cinema.video\/it?s={search_term_string}"},"query-input":{"@type":"PropertyValueSpecification","valueRequired":true,"valueName":"search_term_string"}}],"inLanguage":"it-IT"},{"@type":"Organization","@id":"https:\/\/cinema.video\/it#organization","name":"Cinema & Video","url":"https:\/\/cinema.video\/it","logo":{"@type":"ImageObject","inLanguage":"it-IT","@id":"https:\/\/cinema.video\/it#\/schema\/logo\/image\/","url":"https:\/\/cinema.video\/wp-content\/uploads\/2026\/04\/CinemVideo_LogoBlack.png","contentUrl":"https:\/\/cinema.video\/wp-content\/uploads\/2026\/04\/CinemVideo_LogoBlack.png","width":1336,"height":224,"caption":"Cinema & Video"},"image":{"@id":"https:\/\/cinema.video\/it#\/schema\/logo\/image\/"},"sameAs":["https:\/\/www.facebook.com\/CinemaVideoInternational\/","https:\/\/www.instagram.com\/cinemaevideointernational\/","https:\/\/it.linkedin.com\/company\/cinema-video-international"],"description":"Media Consulting & Marketing Agency","email":"hello@darostudio.com","legalName":"DARO studio LLC","foundingDate":"2021-02-16","numberOfEmployees":{"@type":"QuantitativeValue","minValue":"1","maxValue":"10"}},{"@type":"Person","@id":"https:\/\/cinema.video\/it#\/schema\/person\/d5479fad8d0f2360000eb4aab6bb6e5d","name":"Carolina Mancini","image":{"@type":"ImageObject","inLanguage":"it-IT","@id":"https:\/\/secure.gravatar.com\/avatar\/d4758965c5e8730dbaaa7131a628547771a26c1e5bf14fe323d96f8246a62baf?s=96&d=mm&r=g","url":"https:\/\/secure.gravatar.com\/avatar\/d4758965c5e8730dbaaa7131a628547771a26c1e5bf14fe323d96f8246a62baf?s=96&d=mm&r=g","contentUrl":"https:\/\/secure.gravatar.com\/avatar\/d4758965c5e8730dbaaa7131a628547771a26c1e5bf14fe323d96f8246a62baf?s=96&d=mm&r=g","caption":"Carolina Mancini"},"url":"https:\/\/cinema.video\/it\/author\/carolin"}]}},"jetpack_featured_media_url":"https:\/\/cinema.video\/wp-content\/uploads\/2022\/08\/Fest07_PremLocPro_09220807.jpg","jetpack_shortlink":"https:\/\/wp.me\/ph672m-1e6L","_links":{"self":[{"href":"https:\/\/cinema.video\/it\/wp-json\/wp\/v2\/posts\/292563","targetHints":{"allow":["GET"]}}],"collection":[{"href":"https:\/\/cinema.video\/it\/wp-json\/wp\/v2\/posts"}],"about":[{"href":"https:\/\/cinema.video\/it\/wp-json\/wp\/v2\/types\/post"}],"author":[{"embeddable":true,"href":"https:\/\/cinema.video\/it\/wp-json\/wp\/v2\/users\/2"}],"replies":[{"embeddable":true,"href":"https:\/\/cinema.video\/it\/wp-json\/wp\/v2\/comments?post=292563"}],"version-history":[{"count":1,"href":"https:\/\/cinema.video\/it\/wp-json\/wp\/v2\/posts\/292563\/revisions"}],"predecessor-version":[{"id":308708,"href":"https:\/\/cinema.video\/it\/wp-json\/wp\/v2\/posts\/292563\/revisions\/308708"}],"wp:featuredmedia":[{"embeddable":true,"href":"https:\/\/cinema.video\/it\/wp-json\/wp\/v2\/media\/292568"}],"wp:attachment":[{"href":"https:\/\/cinema.video\/it\/wp-json\/wp\/v2\/media?parent=292563"}],"wp:term":[{"taxonomy":"category","embeddable":true,"href":"https:\/\/cinema.video\/it\/wp-json\/wp\/v2\/categories?post=292563"},{"taxonomy":"post_tag","embeddable":true,"href":"https:\/\/cinema.video\/it\/wp-json\/wp\/v2\/tags?post=292563"}],"curies":[{"name":"wp","href":"https:\/\/api.w.org\/{rel}","templated":true}]}}