{"id":292465,"date":"2022-07-18T12:30:44","date_gmt":"2022-07-18T10:30:44","guid":{"rendered":"https:\/\/cinema.video\/?p=292465"},"modified":"2026-04-10T03:58:17","modified_gmt":"2026-04-10T01:58:17","slug":"292465-2","status":"publish","type":"post","link":"https:\/\/cinema.video\/it\/292465-2","title":{"rendered":"CINECITTA&#8217;-BOLLYWOOD Al via il progetto speciale India"},"content":{"rendered":"\n<p class=\"wp-block-paragraph\">Rapporti sempre pi\u00f9 stretti fra Cinecitt\u00e0 e Bollywood: \u00e8 questo il proposito del <strong>progetto speciale India&nbsp;<\/strong>organizzato da&nbsp;<strong>Cinecitt\u00e0&nbsp;<\/strong>per la&nbsp;<strong>DGCA&nbsp;\u2013&nbsp;Direzione Generale Cinema e Audiovisivo&nbsp;<\/strong>del&nbsp;<strong>MiC<\/strong> e messo a punto da <strong>Roberto Stabile<\/strong>, Advisor per&nbsp;l\u2019internazionalizzazione e Responsabile dei Progetti Speciali della DGCA del MiC presso Cinecitt\u00e0, in un tour di tre giorni a New Delhi.<\/p>\n\n\n\n<p class=\"wp-block-paragraph\">Verranno messe in campo numerose azioni volte a presentare l\u2019Italia come location ideale per le&nbsp;produzioni audiovisive indiane, si incentiveranno i distributori indiani ad acquistare i film italiani e si organizzeranno numerose occasioni di incontro e scambio tra produttori e creativi dei due Paesi, per sviluppare nuove coproduzioni. <br>Una di queste sar\u00e0 gli &nbsp;<strong><em>Italian Screenings<\/em><\/strong> a met\u00e0 ottobre 2022, realizzati in contemporanea a New Delhi, Mumbai, Calcutta e Bangalore,&nbsp;grazie al supporto dell\u2019Ambasciatore italiano a Delhi,&nbsp;<strong>Enzo De Luca<\/strong>.<br>Frutto di un Protocollo di intesa tra Farnesina, Accademia del Cinema Italiano Ente David di Donatello e ANICA, tale iniziativa si ripeter\u00e0 in numerosi sedi diplomatiche.<\/p>\n\n\n\n<p class=\"wp-block-paragraph\">Tutte le attivit\u00e0, che contano sul pieno supporto dell\u2019Ambasciata italiana a Delhi e della rete consolare in India, sono state condivise in una serie di incontri ai massimi livelli presso FICCI (la Confindustria indiana), il Ministero delle Cultura e il Ministero degli Affari Esteri e prenderanno il via il 5 settembre in occasione del&nbsp;<strong>Focus India&nbsp;<\/strong>organizzato per la DGCA del MiC durante la&nbsp;<strong>Mostra&nbsp;<\/strong><strong>d\u2019Arte cinematografica di Venezia<\/strong>.<\/p>\n\n\n\n<p class=\"wp-block-paragraph\">Il Ministro di Stato per gli Affari Esteri dell\u2019India,&nbsp;<strong>Meenakhashi Lekhi<\/strong>, ha accolto con entusiasmo il piano di attivit\u00e0 e dato la propria disponibilit\u00e0 a supportare le iniziative, garantendo fin d\u2019ora la sua&nbsp;presenza al Focus di Venezia.<\/p>\n\n\n\n<p class=\"wp-block-paragraph\">A marzo 2023, inoltre, \u00e8 in programma un importante incoming di operatori audiovisivi indiani e di star di Bollywood a Roma, guidati dalle principali autorit\u00e0 audiovisive indiane.<\/p>\n","protected":false},"excerpt":{"rendered":"<p>Al via il progetto speciale India\u00a0organizzato da\u00a0Cinecitt\u00e0\u00a0per la\u00a0DGCA\u00a0\u2013\u00a0Direzione Generale Cinema e Audiovisivo\u00a0del\u00a0MiC e messo a punto da Roberto Stabile, Advisor per\u00a0l\u2019internazionalizzazione e Responsabile dei Progetti Speciali della DGCA del MiC presso Cinecitt\u00e0, in un tour di tre giorni a New Delhi<\/p>\n","protected":false},"author":26,"featured_media":292466,"comment_status":"closed","ping_status":"closed","sticky":false,"template":"","format":"standard","meta":{"googlesitekit_rrm_CAow3e7fCw:productID":"","_crdt_document":"","footnotes":""},"categories":[198],"tags":[514,356,607],"class_list":{"0":"post-292465","1":"post","2":"type-post","3":"status-publish","4":"format-standard","5":"has-post-thumbnail","7":"category-industry","8":"tag-cinecitta","9":"tag-focus","10":"tag-mic"},"yoast_head":"<!-- This site is optimized with the Yoast SEO Premium plugin v27.4 (Yoast SEO v27.4) - https:\/\/yoast.com\/product\/yoast-seo-premium-wordpress\/ -->\n<title>CINECITTA&#039;-BOLLYWOOD Al via il progetto speciale India - Cinema &amp; Video International<\/title>\n<meta name=\"description\" content=\"CINECITTA&#039;-BOLLYWOOD Al via il progetto speciale India \u2013 cinecittabollywood al via il progetto speciale. Rapporti sempre pi\u00f9 stretti fra Cinecitt\u00e0 e Bolly\" \/>\n<meta name=\"robots\" content=\"index, follow, max-snippet:-1, max-image-preview:large, max-video-preview:-1\" \/>\n<link rel=\"canonical\" href=\"https:\/\/cinema.video\/it\/292465-2\" \/>\n<meta property=\"og:locale\" content=\"it_IT\" \/>\n<meta property=\"og:type\" content=\"article\" \/>\n<meta property=\"og:title\" content=\"CINECITTA&#039;-BOLLYWOOD Al via il progetto speciale India\" \/>\n<meta property=\"og:description\" content=\"CINECITTA&#039;-BOLLYWOOD Al via il progetto speciale India \u2013 cinecittabollywood al via il progetto speciale. Rapporti sempre pi\u00f9 stretti fra Cinecitt\u00e0 e Bolly\" \/>\n<meta property=\"og:url\" content=\"https:\/\/cinema.video\/it\/292465-2\" \/>\n<meta property=\"og:site_name\" content=\"Cinema &amp; Video International\" \/>\n<meta property=\"article:publisher\" content=\"https:\/\/www.facebook.com\/CinemaVideoInternational\/\" \/>\n<meta property=\"article:published_time\" content=\"2022-07-18T10:30:44+00:00\" \/>\n<meta property=\"article:modified_time\" content=\"2026-04-10T01:58:17+00:00\" \/>\n<meta property=\"og:image\" content=\"https:\/\/cinema.video\/wp-content\/uploads\/2022\/07\/Meenakhashi-Lekhi-con-Roberto-Stabile.jpg\" \/>\n\t<meta property=\"og:image:width\" content=\"729\" \/>\n\t<meta property=\"og:image:height\" content=\"503\" \/>\n\t<meta property=\"og:image:type\" content=\"image\/jpeg\" \/>\n<meta name=\"author\" content=\"Redazione\" \/>\n<meta name=\"twitter:card\" content=\"summary_large_image\" \/>\n<meta name=\"twitter:label1\" content=\"Scritto da\" \/>\n\t<meta name=\"twitter:data1\" content=\"Redazione\" \/>\n\t<meta name=\"twitter:label2\" content=\"Tempo di lettura stimato\" \/>\n\t<meta name=\"twitter:data2\" content=\"2 minuti\" \/>\n<script type=\"application\/ld+json\" class=\"yoast-schema-graph\">{\"@context\":\"https:\\\/\\\/schema.org\",\"@graph\":[{\"@type\":\"Article\",\"@id\":\"https:\\\/\\\/cinema.video\\\/it\\\/292465-2#article\",\"isPartOf\":{\"@id\":\"https:\\\/\\\/cinema.video\\\/it\\\/292465-2\"},\"author\":{\"name\":\"Redazione\",\"@id\":\"https:\\\/\\\/cinema.video\\\/it#\\\/schema\\\/person\\\/aeb01b91d874e8b01e76a1db04c668c6\"},\"headline\":\"CINECITTA&#8217;-BOLLYWOOD Al via il progetto speciale India\",\"datePublished\":\"2022-07-18T10:30:44+00:00\",\"dateModified\":\"2026-04-10T01:58:17+00:00\",\"mainEntityOfPage\":{\"@id\":\"https:\\\/\\\/cinema.video\\\/it\\\/292465-2\"},\"wordCount\":327,\"publisher\":{\"@id\":\"https:\\\/\\\/cinema.video\\\/it#organization\"},\"image\":{\"@id\":\"https:\\\/\\\/cinema.video\\\/it\\\/292465-2#primaryimage\"},\"thumbnailUrl\":\"https:\\\/\\\/cinema.video\\\/wp-content\\\/uploads\\\/2022\\\/07\\\/Meenakhashi-Lekhi-con-Roberto-Stabile.jpg\",\"keywords\":[\"CINECITT\u00c0\",\"focus\",\"MIC\"],\"articleSection\":[\"INDUSTRY\"],\"inLanguage\":\"it-IT\"},{\"@type\":\"WebPage\",\"@id\":\"https:\\\/\\\/cinema.video\\\/it\\\/292465-2\",\"url\":\"https:\\\/\\\/cinema.video\\\/it\\\/292465-2\",\"name\":\"CINECITTA'-BOLLYWOOD Al via il progetto speciale India - Cinema &amp; Video International\",\"isPartOf\":{\"@id\":\"https:\\\/\\\/cinema.video\\\/it#website\"},\"primaryImageOfPage\":{\"@id\":\"https:\\\/\\\/cinema.video\\\/it\\\/292465-2#primaryimage\"},\"image\":{\"@id\":\"https:\\\/\\\/cinema.video\\\/it\\\/292465-2#primaryimage\"},\"thumbnailUrl\":\"https:\\\/\\\/cinema.video\\\/wp-content\\\/uploads\\\/2022\\\/07\\\/Meenakhashi-Lekhi-con-Roberto-Stabile.jpg\",\"datePublished\":\"2022-07-18T10:30:44+00:00\",\"dateModified\":\"2026-04-10T01:58:17+00:00\",\"description\":\"CINECITTA'-BOLLYWOOD Al via il progetto speciale India \u2013 cinecittabollywood al via il progetto speciale. Rapporti sempre pi\u00f9 stretti fra Cinecitt\u00e0 e Bolly\",\"breadcrumb\":{\"@id\":\"https:\\\/\\\/cinema.video\\\/it\\\/292465-2#breadcrumb\"},\"inLanguage\":\"it-IT\",\"potentialAction\":[{\"@type\":\"ReadAction\",\"target\":[\"https:\\\/\\\/cinema.video\\\/it\\\/292465-2\"]}]},{\"@type\":\"ImageObject\",\"inLanguage\":\"it-IT\",\"@id\":\"https:\\\/\\\/cinema.video\\\/it\\\/292465-2#primaryimage\",\"url\":\"https:\\\/\\\/cinema.video\\\/wp-content\\\/uploads\\\/2022\\\/07\\\/Meenakhashi-Lekhi-con-Roberto-Stabile.jpg\",\"contentUrl\":\"https:\\\/\\\/cinema.video\\\/wp-content\\\/uploads\\\/2022\\\/07\\\/Meenakhashi-Lekhi-con-Roberto-Stabile.jpg\",\"width\":729,\"height\":503},{\"@type\":\"BreadcrumbList\",\"@id\":\"https:\\\/\\\/cinema.video\\\/it\\\/292465-2#breadcrumb\",\"itemListElement\":[{\"@type\":\"ListItem\",\"position\":1,\"name\":\"Home\",\"item\":\"https:\\\/\\\/cinema.video\\\/it\\\/home-2\"},{\"@type\":\"ListItem\",\"position\":2,\"name\":\"CINECITTA&#8217;-BOLLYWOOD Al via il progetto speciale India\"}]},{\"@type\":\"WebSite\",\"@id\":\"https:\\\/\\\/cinema.video\\\/it#website\",\"url\":\"https:\\\/\\\/cinema.video\\\/it\",\"name\":\"Cinema & Video International\",\"description\":\"Film &amp; Audiovisual Industry Trade Magazine\",\"publisher\":{\"@id\":\"https:\\\/\\\/cinema.video\\\/it#organization\"},\"alternateName\":\"Cinema & Video\",\"potentialAction\":[{\"@type\":\"SearchAction\",\"target\":{\"@type\":\"EntryPoint\",\"urlTemplate\":\"https:\\\/\\\/cinema.video\\\/it?s={search_term_string}\"},\"query-input\":{\"@type\":\"PropertyValueSpecification\",\"valueRequired\":true,\"valueName\":\"search_term_string\"}}],\"inLanguage\":\"it-IT\"},{\"@type\":\"Organization\",\"@id\":\"https:\\\/\\\/cinema.video\\\/it#organization\",\"name\":\"Cinema & Video\",\"url\":\"https:\\\/\\\/cinema.video\\\/it\",\"logo\":{\"@type\":\"ImageObject\",\"inLanguage\":\"it-IT\",\"@id\":\"https:\\\/\\\/cinema.video\\\/it#\\\/schema\\\/logo\\\/image\\\/\",\"url\":\"https:\\\/\\\/cinema.video\\\/wp-content\\\/uploads\\\/2026\\\/04\\\/CinemVideo_LogoBlack.png\",\"contentUrl\":\"https:\\\/\\\/cinema.video\\\/wp-content\\\/uploads\\\/2026\\\/04\\\/CinemVideo_LogoBlack.png\",\"width\":1336,\"height\":224,\"caption\":\"Cinema & Video\"},\"image\":{\"@id\":\"https:\\\/\\\/cinema.video\\\/it#\\\/schema\\\/logo\\\/image\\\/\"},\"sameAs\":[\"https:\\\/\\\/www.facebook.com\\\/CinemaVideoInternational\\\/\",\"https:\\\/\\\/www.instagram.com\\\/cinemaevideointernational\\\/\",\"https:\\\/\\\/it.linkedin.com\\\/company\\\/cinema-video-international\"],\"description\":\"Media Consulting & Marketing Agency\",\"email\":\"hello@darostudio.com\",\"legalName\":\"DARO studio LLC\",\"foundingDate\":\"2021-02-16\",\"numberOfEmployees\":{\"@type\":\"QuantitativeValue\",\"minValue\":\"1\",\"maxValue\":\"10\"}},{\"@type\":\"Person\",\"@id\":\"https:\\\/\\\/cinema.video\\\/it#\\\/schema\\\/person\\\/aeb01b91d874e8b01e76a1db04c668c6\",\"name\":\"Redazione\",\"image\":{\"@type\":\"ImageObject\",\"inLanguage\":\"it-IT\",\"@id\":\"https:\\\/\\\/secure.gravatar.com\\\/avatar\\\/06ad6f92eb14745b75fb592cadf8139d33242d81c9c8b085133c450aaf0b9731?s=96&d=mm&r=g\",\"url\":\"https:\\\/\\\/secure.gravatar.com\\\/avatar\\\/06ad6f92eb14745b75fb592cadf8139d33242d81c9c8b085133c450aaf0b9731?s=96&d=mm&r=g\",\"contentUrl\":\"https:\\\/\\\/secure.gravatar.com\\\/avatar\\\/06ad6f92eb14745b75fb592cadf8139d33242d81c9c8b085133c450aaf0b9731?s=96&d=mm&r=g\",\"caption\":\"Redazione\"},\"url\":\"https:\\\/\\\/cinema.video\\\/it\\\/author\\\/redazione\"}]}<\/script>\n<!-- \/ Yoast SEO Premium plugin. -->","yoast_head_json":{"title":"CINECITTA'-BOLLYWOOD Al via il progetto speciale India - Cinema &amp; Video International","description":"CINECITTA'-BOLLYWOOD Al via il progetto speciale India \u2013 cinecittabollywood al via il progetto speciale. Rapporti sempre pi\u00f9 stretti fra Cinecitt\u00e0 e Bolly","robots":{"index":"index","follow":"follow","max-snippet":"max-snippet:-1","max-image-preview":"max-image-preview:large","max-video-preview":"max-video-preview:-1"},"canonical":"https:\/\/cinema.video\/it\/292465-2","og_locale":"it_IT","og_type":"article","og_title":"CINECITTA'-BOLLYWOOD Al via il progetto speciale India","og_description":"CINECITTA'-BOLLYWOOD Al via il progetto speciale India \u2013 cinecittabollywood al via il progetto speciale. Rapporti sempre pi\u00f9 stretti fra Cinecitt\u00e0 e Bolly","og_url":"https:\/\/cinema.video\/it\/292465-2","og_site_name":"Cinema &amp; Video International","article_publisher":"https:\/\/www.facebook.com\/CinemaVideoInternational\/","article_published_time":"2022-07-18T10:30:44+00:00","article_modified_time":"2026-04-10T01:58:17+00:00","og_image":[{"width":729,"height":503,"url":"https:\/\/cinema.video\/wp-content\/uploads\/2022\/07\/Meenakhashi-Lekhi-con-Roberto-Stabile.jpg","type":"image\/jpeg"}],"author":"Redazione","twitter_card":"summary_large_image","twitter_misc":{"Scritto da":"Redazione","Tempo di lettura stimato":"2 minuti"},"schema":{"@context":"https:\/\/schema.org","@graph":[{"@type":"Article","@id":"https:\/\/cinema.video\/it\/292465-2#article","isPartOf":{"@id":"https:\/\/cinema.video\/it\/292465-2"},"author":{"name":"Redazione","@id":"https:\/\/cinema.video\/it#\/schema\/person\/aeb01b91d874e8b01e76a1db04c668c6"},"headline":"CINECITTA&#8217;-BOLLYWOOD Al via il progetto speciale India","datePublished":"2022-07-18T10:30:44+00:00","dateModified":"2026-04-10T01:58:17+00:00","mainEntityOfPage":{"@id":"https:\/\/cinema.video\/it\/292465-2"},"wordCount":327,"publisher":{"@id":"https:\/\/cinema.video\/it#organization"},"image":{"@id":"https:\/\/cinema.video\/it\/292465-2#primaryimage"},"thumbnailUrl":"https:\/\/cinema.video\/wp-content\/uploads\/2022\/07\/Meenakhashi-Lekhi-con-Roberto-Stabile.jpg","keywords":["CINECITT\u00c0","focus","MIC"],"articleSection":["INDUSTRY"],"inLanguage":"it-IT"},{"@type":"WebPage","@id":"https:\/\/cinema.video\/it\/292465-2","url":"https:\/\/cinema.video\/it\/292465-2","name":"CINECITTA'-BOLLYWOOD Al via il progetto speciale India - Cinema &amp; Video International","isPartOf":{"@id":"https:\/\/cinema.video\/it#website"},"primaryImageOfPage":{"@id":"https:\/\/cinema.video\/it\/292465-2#primaryimage"},"image":{"@id":"https:\/\/cinema.video\/it\/292465-2#primaryimage"},"thumbnailUrl":"https:\/\/cinema.video\/wp-content\/uploads\/2022\/07\/Meenakhashi-Lekhi-con-Roberto-Stabile.jpg","datePublished":"2022-07-18T10:30:44+00:00","dateModified":"2026-04-10T01:58:17+00:00","description":"CINECITTA'-BOLLYWOOD Al via il progetto speciale India \u2013 cinecittabollywood al via il progetto speciale. Rapporti sempre pi\u00f9 stretti fra Cinecitt\u00e0 e Bolly","breadcrumb":{"@id":"https:\/\/cinema.video\/it\/292465-2#breadcrumb"},"inLanguage":"it-IT","potentialAction":[{"@type":"ReadAction","target":["https:\/\/cinema.video\/it\/292465-2"]}]},{"@type":"ImageObject","inLanguage":"it-IT","@id":"https:\/\/cinema.video\/it\/292465-2#primaryimage","url":"https:\/\/cinema.video\/wp-content\/uploads\/2022\/07\/Meenakhashi-Lekhi-con-Roberto-Stabile.jpg","contentUrl":"https:\/\/cinema.video\/wp-content\/uploads\/2022\/07\/Meenakhashi-Lekhi-con-Roberto-Stabile.jpg","width":729,"height":503},{"@type":"BreadcrumbList","@id":"https:\/\/cinema.video\/it\/292465-2#breadcrumb","itemListElement":[{"@type":"ListItem","position":1,"name":"Home","item":"https:\/\/cinema.video\/it\/home-2"},{"@type":"ListItem","position":2,"name":"CINECITTA&#8217;-BOLLYWOOD Al via il progetto speciale India"}]},{"@type":"WebSite","@id":"https:\/\/cinema.video\/it#website","url":"https:\/\/cinema.video\/it","name":"Cinema & Video International","description":"Film &amp; Audiovisual Industry Trade Magazine","publisher":{"@id":"https:\/\/cinema.video\/it#organization"},"alternateName":"Cinema & Video","potentialAction":[{"@type":"SearchAction","target":{"@type":"EntryPoint","urlTemplate":"https:\/\/cinema.video\/it?s={search_term_string}"},"query-input":{"@type":"PropertyValueSpecification","valueRequired":true,"valueName":"search_term_string"}}],"inLanguage":"it-IT"},{"@type":"Organization","@id":"https:\/\/cinema.video\/it#organization","name":"Cinema & Video","url":"https:\/\/cinema.video\/it","logo":{"@type":"ImageObject","inLanguage":"it-IT","@id":"https:\/\/cinema.video\/it#\/schema\/logo\/image\/","url":"https:\/\/cinema.video\/wp-content\/uploads\/2026\/04\/CinemVideo_LogoBlack.png","contentUrl":"https:\/\/cinema.video\/wp-content\/uploads\/2026\/04\/CinemVideo_LogoBlack.png","width":1336,"height":224,"caption":"Cinema & Video"},"image":{"@id":"https:\/\/cinema.video\/it#\/schema\/logo\/image\/"},"sameAs":["https:\/\/www.facebook.com\/CinemaVideoInternational\/","https:\/\/www.instagram.com\/cinemaevideointernational\/","https:\/\/it.linkedin.com\/company\/cinema-video-international"],"description":"Media Consulting & Marketing Agency","email":"hello@darostudio.com","legalName":"DARO studio LLC","foundingDate":"2021-02-16","numberOfEmployees":{"@type":"QuantitativeValue","minValue":"1","maxValue":"10"}},{"@type":"Person","@id":"https:\/\/cinema.video\/it#\/schema\/person\/aeb01b91d874e8b01e76a1db04c668c6","name":"Redazione","image":{"@type":"ImageObject","inLanguage":"it-IT","@id":"https:\/\/secure.gravatar.com\/avatar\/06ad6f92eb14745b75fb592cadf8139d33242d81c9c8b085133c450aaf0b9731?s=96&d=mm&r=g","url":"https:\/\/secure.gravatar.com\/avatar\/06ad6f92eb14745b75fb592cadf8139d33242d81c9c8b085133c450aaf0b9731?s=96&d=mm&r=g","contentUrl":"https:\/\/secure.gravatar.com\/avatar\/06ad6f92eb14745b75fb592cadf8139d33242d81c9c8b085133c450aaf0b9731?s=96&d=mm&r=g","caption":"Redazione"},"url":"https:\/\/cinema.video\/it\/author\/redazione"}]}},"jetpack_featured_media_url":"https:\/\/cinema.video\/wp-content\/uploads\/2022\/07\/Meenakhashi-Lekhi-con-Roberto-Stabile.jpg","jetpack_shortlink":"https:\/\/wp.me\/ph672m-1e5b","_links":{"self":[{"href":"https:\/\/cinema.video\/it\/wp-json\/wp\/v2\/posts\/292465","targetHints":{"allow":["GET"]}}],"collection":[{"href":"https:\/\/cinema.video\/it\/wp-json\/wp\/v2\/posts"}],"about":[{"href":"https:\/\/cinema.video\/it\/wp-json\/wp\/v2\/types\/post"}],"author":[{"embeddable":true,"href":"https:\/\/cinema.video\/it\/wp-json\/wp\/v2\/users\/26"}],"replies":[{"embeddable":true,"href":"https:\/\/cinema.video\/it\/wp-json\/wp\/v2\/comments?post=292465"}],"version-history":[{"count":1,"href":"https:\/\/cinema.video\/it\/wp-json\/wp\/v2\/posts\/292465\/revisions"}],"predecessor-version":[{"id":308699,"href":"https:\/\/cinema.video\/it\/wp-json\/wp\/v2\/posts\/292465\/revisions\/308699"}],"wp:featuredmedia":[{"embeddable":true,"href":"https:\/\/cinema.video\/it\/wp-json\/wp\/v2\/media\/292466"}],"wp:attachment":[{"href":"https:\/\/cinema.video\/it\/wp-json\/wp\/v2\/media?parent=292465"}],"wp:term":[{"taxonomy":"category","embeddable":true,"href":"https:\/\/cinema.video\/it\/wp-json\/wp\/v2\/categories?post=292465"},{"taxonomy":"post_tag","embeddable":true,"href":"https:\/\/cinema.video\/it\/wp-json\/wp\/v2\/tags?post=292465"}],"curies":[{"name":"wp","href":"https:\/\/api.w.org\/{rel}","templated":true}]}}