{"id":292438,"date":"2022-07-15T11:17:39","date_gmt":"2022-07-15T09:17:39","guid":{"rendered":"https:\/\/cinema.video\/?p=292438"},"modified":"2026-04-10T03:58:15","modified_gmt":"2026-04-10T01:58:15","slug":"sale-il-csc-riaccende-il-fiamma-unanimita-sulle-windows-in-parlamento","status":"publish","type":"post","link":"https:\/\/cinema.video\/it\/sale-il-csc-riaccende-il-fiamma-unanimita-sulle-windows-in-parlamento","title":{"rendered":"SALE IL CSC riaccende il Fiamma unanimit\u00e0 sulle windows in Parlamento"},"content":{"rendered":"\n<p class=\"wp-block-paragraph\">Il&nbsp;<strong>cinema Fiamma di Roma<\/strong> \u00e8 stato acquistato dal Centro Sperimentale di Cinematografia grazie al contributo del PNRR&nbsp;di 6 M\u20ac: la riapertura \u00e8 prevista <strong>entro dicembre 2023&nbsp;<\/strong>con due schermi (al momento della chiusura il cinema ne contava tre), una caffetteria e&nbsp;un\u2019aula studi.<\/p>\n\n\n\n<p class=\"wp-block-paragraph\">\u201cNel momento in cui il mercato audiovisivo cresce in tutto il mondo,\u00a0\u00e8 un paradosso il momento di crisi delle sale, da affrontare con l&#8217;intervento pubblico e iniziative dei privati. ha dichiarato ieri nella conferenza stampa di presentazione del progetto il <strong>Ministro della Cultura<\/strong>\u00a0<strong>Dario Franceschini<\/strong>, -Le sale sono un luogo fondamentale di vivibilit\u00e0 e socialit\u00e0, non bisogna rassegnarsi al declino ma intervenire con l&#8217;innovazione. La differenza non \u00e8 pi\u00f9 tra piccolo e grande schermo ma tra esperienza individuale e collettiva. Molte sale italiane vanno rinnovate e rese pi\u00f9 accoglienti, poi occorrono misure di sostegno indiretto\u201d. <br>Franceschini ha poi menzionato la seduta al\u00a0Senato del pomeriggio, dove \u00e8 stato raggiunto un accordo bipartisan fra tutte le forze politiche per aiutare le sale cinematografiche ad uscire dalla crisi adottando una finestra di almeno 90 giorni<strong>\u00a0<\/strong>tra l\u2019uscita di un film al\u00a0cinema e il successivo sfruttamento nelle piattaforme streaming. <br>E ha concluso: \u201cdobbiamo trovare un equilibrio<strong>\u00a0<\/strong>e oggi si dovrebbe andare in quella direzione&#8221;.\u00a0<\/p>\n\n\n\n<p class=\"wp-block-paragraph\"><strong>Marta Donzelli, <\/strong>presidente del CSC, &nbsp;ha aggiunto: \u201cLe due anime del CSC &#8211; Scuola nazionale di cinema e Cineteca nazionale &#8211; dialogheranno in questa struttura. Punteremo sull&#8217;eccellenza della visione e del comfort, avremo 35mm e probabilmente 70mm (unici a Roma); non solo il repertorio ma anche gli esordi e il nuovo cinema che a volte sfugge al pubblico, per un lavoro di (ri)formazione del pubblico\u201d.<\/p>\n\n\n\n<p class=\"has-text-align-right wp-block-paragraph\"> <em>(fonte: Cinenotes)<\/em><\/p>\n","protected":false},"excerpt":{"rendered":"<p>Il\u00a0cinema Fiamma di Roma \u00e8 stato acquistato dal Centro Sperimentale di Cinematografia grazie al contributo del PNRR\u00a0di 6 M\u20ac: la riapertura \u00e8 prevista entro dicembre 2023. Intanto, al Senato, le forze politiche richiedono all&#8217;unanimit\u00e0 una finestra di 90 giorni fra l&#8217;uscita dei film nelle sale e i successivi sfruttamenti<\/p>\n","protected":false},"author":26,"featured_media":292454,"comment_status":"closed","ping_status":"closed","sticky":false,"template":"","format":"standard","meta":{"googlesitekit_rrm_CAow3e7fCw:productID":"","_crdt_document":"","footnotes":""},"categories":[1690],"tags":[2333,356,607],"class_list":{"0":"post-292438","1":"post","2":"type-post","3":"status-publish","4":"format-standard","5":"has-post-thumbnail","7":"category-distribution","8":"tag-deals","9":"tag-focus","10":"tag-mic"},"yoast_head":"<!-- This site is optimized with the Yoast SEO Premium plugin v27.4 (Yoast SEO v27.5) - https:\/\/yoast.com\/product\/yoast-seo-premium-wordpress\/ -->\n<title>SALE IL CSC riaccende il Fiamma unanimit\u00e0 sulle windows in Parlamento - Cinema &amp; Video International<\/title>\n<meta name=\"description\" content=\"SALE IL CSC riaccende il Fiamma unanimit\u00e0 sulle windows in Parlamento \u2013 sale il csc riaccende il fiamma. Il&nbsp;cinema Fiamma di Roma \u00e8 stato acquistato\" \/>\n<meta name=\"robots\" content=\"index, follow, max-snippet:-1, max-image-preview:large, max-video-preview:-1\" \/>\n<link rel=\"canonical\" href=\"https:\/\/cinema.video\/it\/sale-il-csc-riaccende-il-fiamma-unanimita-sulle-windows-in-parlamento\" \/>\n<meta property=\"og:locale\" content=\"it_IT\" \/>\n<meta property=\"og:type\" content=\"article\" \/>\n<meta property=\"og:title\" content=\"SALE IL CSC riaccende il Fiamma unanimit\u00e0 sulle windows in Parlamento\" \/>\n<meta property=\"og:description\" content=\"SALE IL CSC riaccende il Fiamma unanimit\u00e0 sulle windows in Parlamento \u2013 sale il csc riaccende il fiamma. Il&nbsp;cinema Fiamma di Roma \u00e8 stato acquistato\" \/>\n<meta property=\"og:url\" content=\"https:\/\/cinema.video\/it\/sale-il-csc-riaccende-il-fiamma-unanimita-sulle-windows-in-parlamento\" \/>\n<meta property=\"og:site_name\" content=\"Cinema &amp; Video International\" \/>\n<meta property=\"article:publisher\" content=\"https:\/\/www.facebook.com\/CinemaVideoInternational\/\" \/>\n<meta property=\"article:published_time\" content=\"2022-07-15T09:17:39+00:00\" \/>\n<meta property=\"article:modified_time\" content=\"2026-04-10T01:58:15+00:00\" \/>\n<meta property=\"og:image\" content=\"https:\/\/cinema.video\/wp-content\/uploads\/2022\/07\/cinema-fiamma.jpg\" \/>\n\t<meta property=\"og:image:width\" content=\"900\" \/>\n\t<meta property=\"og:image:height\" content=\"669\" \/>\n\t<meta property=\"og:image:type\" content=\"image\/jpeg\" \/>\n<meta name=\"author\" content=\"Redazione\" \/>\n<meta name=\"twitter:card\" content=\"summary_large_image\" \/>\n<meta name=\"twitter:label1\" content=\"Scritto da\" \/>\n\t<meta name=\"twitter:data1\" content=\"Redazione\" \/>\n\t<meta name=\"twitter:label2\" content=\"Tempo di lettura stimato\" \/>\n\t<meta name=\"twitter:data2\" content=\"2 minuti\" \/>\n<script type=\"application\/ld+json\" class=\"yoast-schema-graph\">{\"@context\":\"https:\\\/\\\/schema.org\",\"@graph\":[{\"@type\":\"Article\",\"@id\":\"https:\\\/\\\/cinema.video\\\/it\\\/sale-il-csc-riaccende-il-fiamma-unanimita-sulle-windows-in-parlamento#article\",\"isPartOf\":{\"@id\":\"https:\\\/\\\/cinema.video\\\/it\\\/sale-il-csc-riaccende-il-fiamma-unanimita-sulle-windows-in-parlamento\"},\"author\":{\"name\":\"Redazione\",\"@id\":\"https:\\\/\\\/cinema.video\\\/it#\\\/schema\\\/person\\\/aeb01b91d874e8b01e76a1db04c668c6\"},\"headline\":\"SALE IL CSC riaccende il Fiamma unanimit\u00e0 sulle windows in Parlamento\",\"datePublished\":\"2022-07-15T09:17:39+00:00\",\"dateModified\":\"2026-04-10T01:58:15+00:00\",\"mainEntityOfPage\":{\"@id\":\"https:\\\/\\\/cinema.video\\\/it\\\/sale-il-csc-riaccende-il-fiamma-unanimita-sulle-windows-in-parlamento\"},\"wordCount\":289,\"publisher\":{\"@id\":\"https:\\\/\\\/cinema.video\\\/it#organization\"},\"image\":{\"@id\":\"https:\\\/\\\/cinema.video\\\/it\\\/sale-il-csc-riaccende-il-fiamma-unanimita-sulle-windows-in-parlamento#primaryimage\"},\"thumbnailUrl\":\"https:\\\/\\\/cinema.video\\\/wp-content\\\/uploads\\\/2022\\\/07\\\/cinema-fiamma.jpg\",\"keywords\":[\"DEALS\",\"focus\",\"MIC\"],\"articleSection\":[\"DISTRIBUTION\"],\"inLanguage\":\"it-IT\"},{\"@type\":\"WebPage\",\"@id\":\"https:\\\/\\\/cinema.video\\\/it\\\/sale-il-csc-riaccende-il-fiamma-unanimita-sulle-windows-in-parlamento\",\"url\":\"https:\\\/\\\/cinema.video\\\/it\\\/sale-il-csc-riaccende-il-fiamma-unanimita-sulle-windows-in-parlamento\",\"name\":\"SALE IL CSC riaccende il Fiamma unanimit\u00e0 sulle windows in Parlamento - Cinema &amp; Video International\",\"isPartOf\":{\"@id\":\"https:\\\/\\\/cinema.video\\\/it#website\"},\"primaryImageOfPage\":{\"@id\":\"https:\\\/\\\/cinema.video\\\/it\\\/sale-il-csc-riaccende-il-fiamma-unanimita-sulle-windows-in-parlamento#primaryimage\"},\"image\":{\"@id\":\"https:\\\/\\\/cinema.video\\\/it\\\/sale-il-csc-riaccende-il-fiamma-unanimita-sulle-windows-in-parlamento#primaryimage\"},\"thumbnailUrl\":\"https:\\\/\\\/cinema.video\\\/wp-content\\\/uploads\\\/2022\\\/07\\\/cinema-fiamma.jpg\",\"datePublished\":\"2022-07-15T09:17:39+00:00\",\"dateModified\":\"2026-04-10T01:58:15+00:00\",\"description\":\"SALE IL CSC riaccende il Fiamma unanimit\u00e0 sulle windows in Parlamento \u2013 sale il csc riaccende il fiamma. Il&nbsp;cinema Fiamma di Roma \u00e8 stato acquistato\",\"breadcrumb\":{\"@id\":\"https:\\\/\\\/cinema.video\\\/it\\\/sale-il-csc-riaccende-il-fiamma-unanimita-sulle-windows-in-parlamento#breadcrumb\"},\"inLanguage\":\"it-IT\",\"potentialAction\":[{\"@type\":\"ReadAction\",\"target\":[\"https:\\\/\\\/cinema.video\\\/it\\\/sale-il-csc-riaccende-il-fiamma-unanimita-sulle-windows-in-parlamento\"]}]},{\"@type\":\"ImageObject\",\"inLanguage\":\"it-IT\",\"@id\":\"https:\\\/\\\/cinema.video\\\/it\\\/sale-il-csc-riaccende-il-fiamma-unanimita-sulle-windows-in-parlamento#primaryimage\",\"url\":\"https:\\\/\\\/cinema.video\\\/wp-content\\\/uploads\\\/2022\\\/07\\\/cinema-fiamma.jpg\",\"contentUrl\":\"https:\\\/\\\/cinema.video\\\/wp-content\\\/uploads\\\/2022\\\/07\\\/cinema-fiamma.jpg\",\"width\":900,\"height\":669},{\"@type\":\"BreadcrumbList\",\"@id\":\"https:\\\/\\\/cinema.video\\\/it\\\/sale-il-csc-riaccende-il-fiamma-unanimita-sulle-windows-in-parlamento#breadcrumb\",\"itemListElement\":[{\"@type\":\"ListItem\",\"position\":1,\"name\":\"Home\",\"item\":\"https:\\\/\\\/cinema.video\\\/it\\\/home-2\"},{\"@type\":\"ListItem\",\"position\":2,\"name\":\"SALE IL CSC riaccende il Fiamma unanimit\u00e0 sulle windows in Parlamento\"}]},{\"@type\":\"WebSite\",\"@id\":\"https:\\\/\\\/cinema.video\\\/it#website\",\"url\":\"https:\\\/\\\/cinema.video\\\/it\",\"name\":\"Cinema & Video International\",\"description\":\"Film &amp; Audiovisual Industry Trade Magazine\",\"publisher\":{\"@id\":\"https:\\\/\\\/cinema.video\\\/it#organization\"},\"alternateName\":\"Cinema & Video\",\"potentialAction\":[{\"@type\":\"SearchAction\",\"target\":{\"@type\":\"EntryPoint\",\"urlTemplate\":\"https:\\\/\\\/cinema.video\\\/it?s={search_term_string}\"},\"query-input\":{\"@type\":\"PropertyValueSpecification\",\"valueRequired\":true,\"valueName\":\"search_term_string\"}}],\"inLanguage\":\"it-IT\"},{\"@type\":\"Organization\",\"@id\":\"https:\\\/\\\/cinema.video\\\/it#organization\",\"name\":\"Cinema & Video\",\"url\":\"https:\\\/\\\/cinema.video\\\/it\",\"logo\":{\"@type\":\"ImageObject\",\"inLanguage\":\"it-IT\",\"@id\":\"https:\\\/\\\/cinema.video\\\/it#\\\/schema\\\/logo\\\/image\\\/\",\"url\":\"https:\\\/\\\/cinema.video\\\/wp-content\\\/uploads\\\/2026\\\/04\\\/CinemVideo_LogoBlack.png\",\"contentUrl\":\"https:\\\/\\\/cinema.video\\\/wp-content\\\/uploads\\\/2026\\\/04\\\/CinemVideo_LogoBlack.png\",\"width\":1336,\"height\":224,\"caption\":\"Cinema & Video\"},\"image\":{\"@id\":\"https:\\\/\\\/cinema.video\\\/it#\\\/schema\\\/logo\\\/image\\\/\"},\"sameAs\":[\"https:\\\/\\\/www.facebook.com\\\/CinemaVideoInternational\\\/\",\"https:\\\/\\\/www.instagram.com\\\/cinemaevideointernational\\\/\",\"https:\\\/\\\/it.linkedin.com\\\/company\\\/cinema-video-international\"],\"description\":\"Media Consulting & Marketing Agency\",\"email\":\"hello@darostudio.com\",\"legalName\":\"DARO studio LLC\",\"foundingDate\":\"2021-02-16\",\"numberOfEmployees\":{\"@type\":\"QuantitativeValue\",\"minValue\":\"1\",\"maxValue\":\"10\"}},{\"@type\":\"Person\",\"@id\":\"https:\\\/\\\/cinema.video\\\/it#\\\/schema\\\/person\\\/aeb01b91d874e8b01e76a1db04c668c6\",\"name\":\"Redazione\",\"image\":{\"@type\":\"ImageObject\",\"inLanguage\":\"it-IT\",\"@id\":\"https:\\\/\\\/secure.gravatar.com\\\/avatar\\\/06ad6f92eb14745b75fb592cadf8139d33242d81c9c8b085133c450aaf0b9731?s=96&d=mm&r=g\",\"url\":\"https:\\\/\\\/secure.gravatar.com\\\/avatar\\\/06ad6f92eb14745b75fb592cadf8139d33242d81c9c8b085133c450aaf0b9731?s=96&d=mm&r=g\",\"contentUrl\":\"https:\\\/\\\/secure.gravatar.com\\\/avatar\\\/06ad6f92eb14745b75fb592cadf8139d33242d81c9c8b085133c450aaf0b9731?s=96&d=mm&r=g\",\"caption\":\"Redazione\"},\"url\":\"https:\\\/\\\/cinema.video\\\/it\\\/author\\\/redazione\"}]}<\/script>\n<!-- \/ Yoast SEO Premium plugin. -->","yoast_head_json":{"title":"SALE IL CSC riaccende il Fiamma unanimit\u00e0 sulle windows in Parlamento - Cinema &amp; Video International","description":"SALE IL CSC riaccende il Fiamma unanimit\u00e0 sulle windows in Parlamento \u2013 sale il csc riaccende il fiamma. Il&nbsp;cinema Fiamma di Roma \u00e8 stato acquistato","robots":{"index":"index","follow":"follow","max-snippet":"max-snippet:-1","max-image-preview":"max-image-preview:large","max-video-preview":"max-video-preview:-1"},"canonical":"https:\/\/cinema.video\/it\/sale-il-csc-riaccende-il-fiamma-unanimita-sulle-windows-in-parlamento","og_locale":"it_IT","og_type":"article","og_title":"SALE IL CSC riaccende il Fiamma unanimit\u00e0 sulle windows in Parlamento","og_description":"SALE IL CSC riaccende il Fiamma unanimit\u00e0 sulle windows in Parlamento \u2013 sale il csc riaccende il fiamma. Il&nbsp;cinema Fiamma di Roma \u00e8 stato acquistato","og_url":"https:\/\/cinema.video\/it\/sale-il-csc-riaccende-il-fiamma-unanimita-sulle-windows-in-parlamento","og_site_name":"Cinema &amp; Video International","article_publisher":"https:\/\/www.facebook.com\/CinemaVideoInternational\/","article_published_time":"2022-07-15T09:17:39+00:00","article_modified_time":"2026-04-10T01:58:15+00:00","og_image":[{"width":900,"height":669,"url":"https:\/\/cinema.video\/wp-content\/uploads\/2022\/07\/cinema-fiamma.jpg","type":"image\/jpeg"}],"author":"Redazione","twitter_card":"summary_large_image","twitter_misc":{"Scritto da":"Redazione","Tempo di lettura stimato":"2 minuti"},"schema":{"@context":"https:\/\/schema.org","@graph":[{"@type":"Article","@id":"https:\/\/cinema.video\/it\/sale-il-csc-riaccende-il-fiamma-unanimita-sulle-windows-in-parlamento#article","isPartOf":{"@id":"https:\/\/cinema.video\/it\/sale-il-csc-riaccende-il-fiamma-unanimita-sulle-windows-in-parlamento"},"author":{"name":"Redazione","@id":"https:\/\/cinema.video\/it#\/schema\/person\/aeb01b91d874e8b01e76a1db04c668c6"},"headline":"SALE IL CSC riaccende il Fiamma unanimit\u00e0 sulle windows in Parlamento","datePublished":"2022-07-15T09:17:39+00:00","dateModified":"2026-04-10T01:58:15+00:00","mainEntityOfPage":{"@id":"https:\/\/cinema.video\/it\/sale-il-csc-riaccende-il-fiamma-unanimita-sulle-windows-in-parlamento"},"wordCount":289,"publisher":{"@id":"https:\/\/cinema.video\/it#organization"},"image":{"@id":"https:\/\/cinema.video\/it\/sale-il-csc-riaccende-il-fiamma-unanimita-sulle-windows-in-parlamento#primaryimage"},"thumbnailUrl":"https:\/\/cinema.video\/wp-content\/uploads\/2022\/07\/cinema-fiamma.jpg","keywords":["DEALS","focus","MIC"],"articleSection":["DISTRIBUTION"],"inLanguage":"it-IT"},{"@type":"WebPage","@id":"https:\/\/cinema.video\/it\/sale-il-csc-riaccende-il-fiamma-unanimita-sulle-windows-in-parlamento","url":"https:\/\/cinema.video\/it\/sale-il-csc-riaccende-il-fiamma-unanimita-sulle-windows-in-parlamento","name":"SALE IL CSC riaccende il Fiamma unanimit\u00e0 sulle windows in Parlamento - Cinema &amp; Video International","isPartOf":{"@id":"https:\/\/cinema.video\/it#website"},"primaryImageOfPage":{"@id":"https:\/\/cinema.video\/it\/sale-il-csc-riaccende-il-fiamma-unanimita-sulle-windows-in-parlamento#primaryimage"},"image":{"@id":"https:\/\/cinema.video\/it\/sale-il-csc-riaccende-il-fiamma-unanimita-sulle-windows-in-parlamento#primaryimage"},"thumbnailUrl":"https:\/\/cinema.video\/wp-content\/uploads\/2022\/07\/cinema-fiamma.jpg","datePublished":"2022-07-15T09:17:39+00:00","dateModified":"2026-04-10T01:58:15+00:00","description":"SALE IL CSC riaccende il Fiamma unanimit\u00e0 sulle windows in Parlamento \u2013 sale il csc riaccende il fiamma. Il&nbsp;cinema Fiamma di Roma \u00e8 stato acquistato","breadcrumb":{"@id":"https:\/\/cinema.video\/it\/sale-il-csc-riaccende-il-fiamma-unanimita-sulle-windows-in-parlamento#breadcrumb"},"inLanguage":"it-IT","potentialAction":[{"@type":"ReadAction","target":["https:\/\/cinema.video\/it\/sale-il-csc-riaccende-il-fiamma-unanimita-sulle-windows-in-parlamento"]}]},{"@type":"ImageObject","inLanguage":"it-IT","@id":"https:\/\/cinema.video\/it\/sale-il-csc-riaccende-il-fiamma-unanimita-sulle-windows-in-parlamento#primaryimage","url":"https:\/\/cinema.video\/wp-content\/uploads\/2022\/07\/cinema-fiamma.jpg","contentUrl":"https:\/\/cinema.video\/wp-content\/uploads\/2022\/07\/cinema-fiamma.jpg","width":900,"height":669},{"@type":"BreadcrumbList","@id":"https:\/\/cinema.video\/it\/sale-il-csc-riaccende-il-fiamma-unanimita-sulle-windows-in-parlamento#breadcrumb","itemListElement":[{"@type":"ListItem","position":1,"name":"Home","item":"https:\/\/cinema.video\/it\/home-2"},{"@type":"ListItem","position":2,"name":"SALE IL CSC riaccende il Fiamma unanimit\u00e0 sulle windows in Parlamento"}]},{"@type":"WebSite","@id":"https:\/\/cinema.video\/it#website","url":"https:\/\/cinema.video\/it","name":"Cinema & Video International","description":"Film &amp; Audiovisual Industry Trade Magazine","publisher":{"@id":"https:\/\/cinema.video\/it#organization"},"alternateName":"Cinema & Video","potentialAction":[{"@type":"SearchAction","target":{"@type":"EntryPoint","urlTemplate":"https:\/\/cinema.video\/it?s={search_term_string}"},"query-input":{"@type":"PropertyValueSpecification","valueRequired":true,"valueName":"search_term_string"}}],"inLanguage":"it-IT"},{"@type":"Organization","@id":"https:\/\/cinema.video\/it#organization","name":"Cinema & Video","url":"https:\/\/cinema.video\/it","logo":{"@type":"ImageObject","inLanguage":"it-IT","@id":"https:\/\/cinema.video\/it#\/schema\/logo\/image\/","url":"https:\/\/cinema.video\/wp-content\/uploads\/2026\/04\/CinemVideo_LogoBlack.png","contentUrl":"https:\/\/cinema.video\/wp-content\/uploads\/2026\/04\/CinemVideo_LogoBlack.png","width":1336,"height":224,"caption":"Cinema & Video"},"image":{"@id":"https:\/\/cinema.video\/it#\/schema\/logo\/image\/"},"sameAs":["https:\/\/www.facebook.com\/CinemaVideoInternational\/","https:\/\/www.instagram.com\/cinemaevideointernational\/","https:\/\/it.linkedin.com\/company\/cinema-video-international"],"description":"Media Consulting & Marketing Agency","email":"hello@darostudio.com","legalName":"DARO studio LLC","foundingDate":"2021-02-16","numberOfEmployees":{"@type":"QuantitativeValue","minValue":"1","maxValue":"10"}},{"@type":"Person","@id":"https:\/\/cinema.video\/it#\/schema\/person\/aeb01b91d874e8b01e76a1db04c668c6","name":"Redazione","image":{"@type":"ImageObject","inLanguage":"it-IT","@id":"https:\/\/secure.gravatar.com\/avatar\/06ad6f92eb14745b75fb592cadf8139d33242d81c9c8b085133c450aaf0b9731?s=96&d=mm&r=g","url":"https:\/\/secure.gravatar.com\/avatar\/06ad6f92eb14745b75fb592cadf8139d33242d81c9c8b085133c450aaf0b9731?s=96&d=mm&r=g","contentUrl":"https:\/\/secure.gravatar.com\/avatar\/06ad6f92eb14745b75fb592cadf8139d33242d81c9c8b085133c450aaf0b9731?s=96&d=mm&r=g","caption":"Redazione"},"url":"https:\/\/cinema.video\/it\/author\/redazione"}]}},"jetpack_featured_media_url":"https:\/\/cinema.video\/wp-content\/uploads\/2022\/07\/cinema-fiamma.jpg","jetpack_shortlink":"https:\/\/wp.me\/ph672m-1e4K","_links":{"self":[{"href":"https:\/\/cinema.video\/it\/wp-json\/wp\/v2\/posts\/292438","targetHints":{"allow":["GET"]}}],"collection":[{"href":"https:\/\/cinema.video\/it\/wp-json\/wp\/v2\/posts"}],"about":[{"href":"https:\/\/cinema.video\/it\/wp-json\/wp\/v2\/types\/post"}],"author":[{"embeddable":true,"href":"https:\/\/cinema.video\/it\/wp-json\/wp\/v2\/users\/26"}],"replies":[{"embeddable":true,"href":"https:\/\/cinema.video\/it\/wp-json\/wp\/v2\/comments?post=292438"}],"version-history":[{"count":2,"href":"https:\/\/cinema.video\/it\/wp-json\/wp\/v2\/posts\/292438\/revisions"}],"predecessor-version":[{"id":308696,"href":"https:\/\/cinema.video\/it\/wp-json\/wp\/v2\/posts\/292438\/revisions\/308696"}],"wp:featuredmedia":[{"embeddable":true,"href":"https:\/\/cinema.video\/it\/wp-json\/wp\/v2\/media\/292454"}],"wp:attachment":[{"href":"https:\/\/cinema.video\/it\/wp-json\/wp\/v2\/media?parent=292438"}],"wp:term":[{"taxonomy":"category","embeddable":true,"href":"https:\/\/cinema.video\/it\/wp-json\/wp\/v2\/categories?post=292438"},{"taxonomy":"post_tag","embeddable":true,"href":"https:\/\/cinema.video\/it\/wp-json\/wp\/v2\/tags?post=292438"}],"curies":[{"name":"wp","href":"https:\/\/api.w.org\/{rel}","templated":true}]}}