{"id":292316,"date":"2022-07-02T11:45:45","date_gmt":"2022-07-02T09:45:45","guid":{"rendered":"https:\/\/cinema.video\/?p=292316"},"modified":"2026-04-10T03:58:02","modified_gmt":"2026-04-10T01:58:02","slug":"toscana-cna-essenziali-gli-incentivi-per-la-crescita-del-comparto","status":"publish","type":"post","link":"https:\/\/cinema.video\/it\/toscana-cna-essenziali-gli-incentivi-per-la-crescita-del-comparto","title":{"rendered":"TOSCANA CNA essenziali gli incentivi per la crescita del comparto"},"content":{"rendered":"\n<p class=\"wp-block-paragraph\">Un milione di euro per sostenere la produzione audiovisiva in Toscana dovrebbero essere in arrivo a breve, lo ha detto ieri&nbsp;<strong>Emanuele Nespeca<\/strong>, presidente di&nbsp;<strong>CNA Cinema e Audiovisivo&nbsp;Toscana Centro<\/strong>, nel corso del&nbsp;<strong>CRAFTS ON STAGE:&nbsp;<em>Il meet and match di CNA Cinema e Audiovisivo Toscana Centro<\/em><\/strong>&nbsp;che si \u00e8 svolto nell\u2019ambito del&nbsp;<strong>Prato Film Festival<\/strong>, diretto da&nbsp;<strong>Romeo Conte<\/strong>.<\/p>\n\n\n\n<p class=\"wp-block-paragraph\">Il tema degli incentivi \u00e8 dirimente per la crescita del comparto, ha sottolineato Nespeca: \u201cTutte le aziende che stimo di pi\u00f9 si trovano in Friuli Venezia Giulia o in Piemonte, regioni le cui film commission hanno da sempre lavorato sulla formazione, sostenute dai fondi regionali.\u201d&nbsp;<\/p>\n\n\n\n<p class=\"wp-block-paragraph\">Eppure anche in Toscana sembra che qualcosa si stia muovendo, e non solo per quanto riguarda gli incentivi di cui sopra, che\u00a0\u00a0\u201cverranno dall\u2019assessorato regionale alla Cultura\u201d: la battaglia \u00e8 quella sul fronte dello sviluppo economico, precisa Nespeca, e racconta, assieme alla consigliera regionale\u00a0<strong>Ilaria Bugetti<\/strong>, del percorso intrapreso da CNA mettendo assieme la seconda commissione regionale (allo sviluppo economico e rurale, turismo commercio e politiche del lavoro), che Bugetti presiede, con la seconda commissione alla Cultura,\u00a0\u00a0presieduta da\u00a0<strong>Cristina Giachi<\/strong>: \u201clavoro che ha portato a riconoscere l\u2019audiovisivo come materia di sviluppo economico, che in teoria pu\u00f2 beneficiare quindi dei fondi strutturali.\u201d Una battaglia vinta a met\u00e0, per\u00f2, spiegano i due, \u201cperch\u00e9 lo Sviluppo Economico fa appunto bandi strutturali, non di settore, dunque la sfida adesso \u00e8 quella di capire come drenare queste risorse verso il nostro settore, come rendere cio\u00e8 questi bandi pi\u00f9\u00a0<em>audiovisual friendly\u201d<\/em><\/p>\n\n\n\n<p class=\"wp-block-paragraph\"><em>\u201c<\/em>Adesso, l\u2019obiettivo di CNA, conclude Nespeca, -\u00e8 proprio quello di fare proposte concrete in questo senso: ho gi\u00e0 delle idee\u201d.<\/p>\n\n\n\n<p class=\"wp-block-paragraph\">All\u2019interno delle presentazioni dei professionisti toscani, Nespeca ha illustrato la sua attivit\u00e0 di produttore con la sua\u00a0<strong>Solaria Film<\/strong>. Attualmente \u00e8 inoltre impegnato, come produttore esecutivo, sul documentario\u00a0<strong><em>Margherita. La voce delle stelle<\/em><\/strong>, diretto da\u00a0<strong>Samuele Rossi<\/strong>\u00a0con gli autori\u00a0<strong>Laura Allievi e Federico Taddia<\/strong>,\u00a0che sar\u00e0 in programmazione prossimamente su Rai Tre, prodotto da\u00a0<strong>Rai Documentari\u00a0<\/strong>e\u00a0<strong>Minerva Pictures,<\/strong>\u00a0con la collaborazione di\u00a0<strong>Toscana Film Commission<\/strong>. Il montaggio del film \u00e8 curato da\u00a0<strong>Alessio Focardi<\/strong>\u00a0di\u00a0<strong>Sartoria dell\u2019Immagine<\/strong>, che ha spiegato come il metodo da lui messo a punto per il montaggio da remoto (<a href=\"https:\/\/cinema.video\/sartoria-immagine-il-montaggio-e-produzione\"><mark style=\"background-color:rgba(0, 0, 0, 0)\" class=\"has-inline-color has-vivid-red-color\"><strong>leggi e guarda il video qui<\/strong><\/mark><\/a>) stia risultando particolarmente utile in questo progetto dove i professionisti coinvolti si trovano in citt\u00e0 diverse.<\/p>\n\n\n\n<p class=\"wp-block-paragraph\">L\u2019incontro si \u00e8 concluso con la consegna dei\u00a0<strong>Premi CNA \u2013Eccellenze Artigiane<\/strong>\u00a0agli \u2018artigiani dell\u2019audiovisivo\u2019 locali: il VFX creator,\u00a0<strong>Daniel Prestifilippo<\/strong>, il produttore\u00a0<strong>Matteo Cichero<\/strong>, il fonico <strong>Alessio Nepi<\/strong>, il direttore della fotografia\u00a0<strong>Duccio Burberi<\/strong>, e il regista e sceneggiatore\u00a0<strong>Gianluca Di Stefano<\/strong>.<\/p>\n\n\n\n<p class=\"wp-block-paragraph\"><\/p>\n","protected":false},"excerpt":{"rendered":"<p>Emanuele Nespeca, presidente di CNA Cinema e Audiovisivo\u00a0Toscana Centro ha parlato degli incentivi in arrivo per i produttori toscani e delle battaglie in corso per accedere ai fondi strutturali dello Sviluppo Economico all&#8217;interno di CRAFTS ON STAGE:\u00a0Il meet and match di CNA Cinema e Audiovisivo Toscana Centro\u00a0che si \u00e8 svolto nell\u2019ambito del\u00a0Prato Film Festival, diretto da\u00a0Romeo Conte.<\/p>\n","protected":false},"author":2,"featured_media":292318,"comment_status":"closed","ping_status":"closed","sticky":false,"template":"","format":"standard","meta":{"googlesitekit_rrm_CAow3e7fCw:productID":"","_wpcom_ai_launchpad_first_post":false,"footnotes":"","jetpack_post_was_ever_published":false},"categories":[1],"tags":[245],"class_list":["post-292316","post","type-post","status-publish","format-standard","has-post-thumbnail","category-senza-categoria","tag-toscana-film-commission"],"yoast_head":"<!-- This site is optimized with the Yoast SEO Premium plugin v28.3 (Yoast SEO v28.3) - https:\/\/yoast.com\/product\/yoast-seo-premium-wordpress\/ -->\n<title>TOSCANA CNA essenziali gli incentivi per la crescita del comparto - Cinema &amp; Video International<\/title>\n<meta name=\"description\" content=\"TOSCANA CNA essenziali gli incentivi per la crescita del comparto \u2013 toscana cna essenziali gli incentivi per. Un milione di euro per sostenere la produzio\" \/>\n<meta name=\"robots\" content=\"index, follow, max-snippet:-1, max-image-preview:large, max-video-preview:-1\" \/>\n<link rel=\"canonical\" href=\"https:\/\/cinema.video\/it\/toscana-cna-essenziali-gli-incentivi-per-la-crescita-del-comparto\" \/>\n<meta property=\"og:locale\" content=\"it_IT\" \/>\n<meta property=\"og:type\" content=\"article\" \/>\n<meta property=\"og:title\" content=\"TOSCANA CNA essenziali gli incentivi per la crescita del comparto\" \/>\n<meta property=\"og:description\" content=\"TOSCANA CNA essenziali gli incentivi per la crescita del comparto \u2013 toscana cna essenziali gli incentivi per. Un milione di euro per sostenere la produzio\" \/>\n<meta property=\"og:url\" content=\"https:\/\/cinema.video\/it\/toscana-cna-essenziali-gli-incentivi-per-la-crescita-del-comparto\" \/>\n<meta property=\"og:site_name\" content=\"Cinema &amp; Video International\" \/>\n<meta property=\"article:publisher\" content=\"https:\/\/www.facebook.com\/CinemaVideoInternational\/\" \/>\n<meta property=\"article:published_time\" content=\"2022-07-02T09:45:45+00:00\" \/>\n<meta property=\"article:modified_time\" content=\"2026-04-10T01:58:02+00:00\" \/>\n<meta property=\"og:image\" content=\"https:\/\/cinema.video\/wp-content\/uploads\/2022\/07\/1656752081216-scaled-e1656752337462.jpg\" \/>\n\t<meta property=\"og:image:width\" content=\"800\" \/>\n\t<meta property=\"og:image:height\" content=\"360\" \/>\n\t<meta property=\"og:image:type\" content=\"image\/jpeg\" \/>\n<meta name=\"author\" content=\"Carolina Mancini\" \/>\n<meta name=\"twitter:card\" content=\"summary_large_image\" \/>\n<meta name=\"twitter:label1\" content=\"Scritto da\" \/>\n\t<meta name=\"twitter:data1\" content=\"Carolina Mancini\" \/>\n\t<meta name=\"twitter:label2\" content=\"Tempo di lettura stimato\" \/>\n\t<meta name=\"twitter:data2\" content=\"3 minuti\" \/>\n<script type=\"application\/ld+json\" class=\"yoast-schema-graph\">{\"@context\":\"https:\\\/\\\/schema.org\",\"@graph\":[{\"@type\":\"Article\",\"@id\":\"https:\\\/\\\/cinema.video\\\/it\\\/toscana-cna-essenziali-gli-incentivi-per-la-crescita-del-comparto#article\",\"isPartOf\":{\"@id\":\"https:\\\/\\\/cinema.video\\\/it\\\/toscana-cna-essenziali-gli-incentivi-per-la-crescita-del-comparto\"},\"author\":{\"name\":\"Carolina Mancini\",\"@id\":\"https:\\\/\\\/cinema.video\\\/it#\\\/schema\\\/person\\\/d5479fad8d0f2360000eb4aab6bb6e5d\"},\"headline\":\"TOSCANA CNA essenziali gli incentivi per la crescita del comparto\",\"datePublished\":\"2022-07-02T09:45:45+00:00\",\"dateModified\":\"2026-04-10T01:58:02+00:00\",\"mainEntityOfPage\":{\"@id\":\"https:\\\/\\\/cinema.video\\\/it\\\/toscana-cna-essenziali-gli-incentivi-per-la-crescita-del-comparto\"},\"wordCount\":452,\"publisher\":{\"@id\":\"https:\\\/\\\/cinema.video\\\/it#organization\"},\"image\":{\"@id\":\"https:\\\/\\\/cinema.video\\\/it\\\/toscana-cna-essenziali-gli-incentivi-per-la-crescita-del-comparto#primaryimage\"},\"thumbnailUrl\":\"https:\\\/\\\/cinema.video\\\/wp-content\\\/uploads\\\/2022\\\/07\\\/1656752081216-scaled-e1656752337462.jpg\",\"keywords\":[\"TOSCANA FILM COMMISSION\"],\"inLanguage\":\"it-IT\"},{\"@type\":\"WebPage\",\"@id\":\"https:\\\/\\\/cinema.video\\\/it\\\/toscana-cna-essenziali-gli-incentivi-per-la-crescita-del-comparto\",\"url\":\"https:\\\/\\\/cinema.video\\\/it\\\/toscana-cna-essenziali-gli-incentivi-per-la-crescita-del-comparto\",\"name\":\"TOSCANA CNA essenziali gli incentivi per la crescita del comparto - Cinema &amp; Video International\",\"isPartOf\":{\"@id\":\"https:\\\/\\\/cinema.video\\\/it#website\"},\"primaryImageOfPage\":{\"@id\":\"https:\\\/\\\/cinema.video\\\/it\\\/toscana-cna-essenziali-gli-incentivi-per-la-crescita-del-comparto#primaryimage\"},\"image\":{\"@id\":\"https:\\\/\\\/cinema.video\\\/it\\\/toscana-cna-essenziali-gli-incentivi-per-la-crescita-del-comparto#primaryimage\"},\"thumbnailUrl\":\"https:\\\/\\\/cinema.video\\\/wp-content\\\/uploads\\\/2022\\\/07\\\/1656752081216-scaled-e1656752337462.jpg\",\"datePublished\":\"2022-07-02T09:45:45+00:00\",\"dateModified\":\"2026-04-10T01:58:02+00:00\",\"description\":\"TOSCANA CNA essenziali gli incentivi per la crescita del comparto \u2013 toscana cna essenziali gli incentivi per. Un milione di euro per sostenere la produzio\",\"breadcrumb\":{\"@id\":\"https:\\\/\\\/cinema.video\\\/it\\\/toscana-cna-essenziali-gli-incentivi-per-la-crescita-del-comparto#breadcrumb\"},\"inLanguage\":\"it-IT\",\"potentialAction\":[{\"@type\":\"ReadAction\",\"target\":[\"https:\\\/\\\/cinema.video\\\/it\\\/toscana-cna-essenziali-gli-incentivi-per-la-crescita-del-comparto\"]}]},{\"@type\":\"ImageObject\",\"inLanguage\":\"it-IT\",\"@id\":\"https:\\\/\\\/cinema.video\\\/it\\\/toscana-cna-essenziali-gli-incentivi-per-la-crescita-del-comparto#primaryimage\",\"url\":\"https:\\\/\\\/cinema.video\\\/wp-content\\\/uploads\\\/2022\\\/07\\\/1656752081216-scaled-e1656752337462.jpg\",\"contentUrl\":\"https:\\\/\\\/cinema.video\\\/wp-content\\\/uploads\\\/2022\\\/07\\\/1656752081216-scaled-e1656752337462.jpg\",\"width\":800,\"height\":360},{\"@type\":\"BreadcrumbList\",\"@id\":\"https:\\\/\\\/cinema.video\\\/it\\\/toscana-cna-essenziali-gli-incentivi-per-la-crescita-del-comparto#breadcrumb\",\"itemListElement\":[{\"@type\":\"ListItem\",\"position\":1,\"name\":\"Home\",\"item\":\"https:\\\/\\\/cinema.video\\\/it\"},{\"@type\":\"ListItem\",\"position\":2,\"name\":\"TOSCANA CNA essenziali gli incentivi per la crescita del comparto\"}]},{\"@type\":\"WebSite\",\"@id\":\"https:\\\/\\\/cinema.video\\\/it#website\",\"url\":\"https:\\\/\\\/cinema.video\\\/it\",\"name\":\"Cinema & Video International\",\"description\":\"Film &amp; Audiovisual B2B Industry Trade Platform Magazine\",\"publisher\":{\"@id\":\"https:\\\/\\\/cinema.video\\\/it#organization\"},\"alternateName\":\"Cinema & Video\",\"potentialAction\":[{\"@type\":\"SearchAction\",\"target\":{\"@type\":\"EntryPoint\",\"urlTemplate\":\"https:\\\/\\\/cinema.video\\\/it?s={search_term_string}\"},\"query-input\":{\"@type\":\"PropertyValueSpecification\",\"valueRequired\":true,\"valueName\":\"search_term_string\"}}],\"inLanguage\":\"it-IT\"},{\"@type\":\"Organization\",\"@id\":\"https:\\\/\\\/cinema.video\\\/it#organization\",\"name\":\"Cinema & Video\",\"url\":\"https:\\\/\\\/cinema.video\\\/it\",\"logo\":{\"@type\":\"ImageObject\",\"inLanguage\":\"it-IT\",\"@id\":\"https:\\\/\\\/cinema.video\\\/it#\\\/schema\\\/logo\\\/image\\\/\",\"url\":\"https:\\\/\\\/cinema.video\\\/wp-content\\\/uploads\\\/2026\\\/04\\\/CinemVideo_LogoBlack.png\",\"contentUrl\":\"https:\\\/\\\/cinema.video\\\/wp-content\\\/uploads\\\/2026\\\/04\\\/CinemVideo_LogoBlack.png\",\"width\":1336,\"height\":224,\"caption\":\"Cinema & Video\"},\"image\":{\"@id\":\"https:\\\/\\\/cinema.video\\\/it#\\\/schema\\\/logo\\\/image\\\/\"},\"sameAs\":[\"https:\\\/\\\/www.facebook.com\\\/CinemaVideoInternational\\\/\",\"https:\\\/\\\/www.instagram.com\\\/cinemaevideointernational\\\/\",\"https:\\\/\\\/it.linkedin.com\\\/company\\\/cinema-video-international\"],\"description\":\"Media Consulting & Marketing Agency\",\"email\":\"hello@darostudio.com\",\"legalName\":\"DARO studio LLC\",\"foundingDate\":\"2021-02-16\",\"numberOfEmployees\":{\"@type\":\"QuantitativeValue\",\"minValue\":\"1\",\"maxValue\":\"10\"},\"publishingPrinciples\":\"https:\\\/\\\/cinema.video\\\/about\"},{\"@type\":\"Person\",\"@id\":\"https:\\\/\\\/cinema.video\\\/it#\\\/schema\\\/person\\\/d5479fad8d0f2360000eb4aab6bb6e5d\",\"name\":\"Carolina Mancini\",\"image\":{\"@type\":\"ImageObject\",\"inLanguage\":\"it-IT\",\"@id\":\"https:\\\/\\\/secure.gravatar.com\\\/avatar\\\/d4758965c5e8730dbaaa7131a628547771a26c1e5bf14fe323d96f8246a62baf?s=96&d=mm&r=g\",\"url\":\"https:\\\/\\\/secure.gravatar.com\\\/avatar\\\/d4758965c5e8730dbaaa7131a628547771a26c1e5bf14fe323d96f8246a62baf?s=96&d=mm&r=g\",\"contentUrl\":\"https:\\\/\\\/secure.gravatar.com\\\/avatar\\\/d4758965c5e8730dbaaa7131a628547771a26c1e5bf14fe323d96f8246a62baf?s=96&d=mm&r=g\",\"caption\":\"Carolina Mancini\"},\"url\":\"https:\\\/\\\/cinema.video\\\/it\\\/author\\\/carolin\"}]}<\/script>\n<!-- \/ Yoast SEO Premium plugin. -->","yoast_head_json":{"title":"TOSCANA CNA essenziali gli incentivi per la crescita del comparto - Cinema &amp; Video International","description":"TOSCANA CNA essenziali gli incentivi per la crescita del comparto \u2013 toscana cna essenziali gli incentivi per. Un milione di euro per sostenere la produzio","robots":{"index":"index","follow":"follow","max-snippet":"max-snippet:-1","max-image-preview":"max-image-preview:large","max-video-preview":"max-video-preview:-1"},"canonical":"https:\/\/cinema.video\/it\/toscana-cna-essenziali-gli-incentivi-per-la-crescita-del-comparto","og_locale":"it_IT","og_type":"article","og_title":"TOSCANA CNA essenziali gli incentivi per la crescita del comparto","og_description":"TOSCANA CNA essenziali gli incentivi per la crescita del comparto \u2013 toscana cna essenziali gli incentivi per. Un milione di euro per sostenere la produzio","og_url":"https:\/\/cinema.video\/it\/toscana-cna-essenziali-gli-incentivi-per-la-crescita-del-comparto","og_site_name":"Cinema &amp; Video International","article_publisher":"https:\/\/www.facebook.com\/CinemaVideoInternational\/","article_published_time":"2022-07-02T09:45:45+00:00","article_modified_time":"2026-04-10T01:58:02+00:00","og_image":[{"width":800,"height":360,"url":"https:\/\/cinema.video\/wp-content\/uploads\/2022\/07\/1656752081216-scaled-e1656752337462.jpg","type":"image\/jpeg"}],"author":"Carolina Mancini","twitter_card":"summary_large_image","twitter_misc":{"Scritto da":"Carolina Mancini","Tempo di lettura stimato":"3 minuti"},"schema":{"@context":"https:\/\/schema.org","@graph":[{"@type":"Article","@id":"https:\/\/cinema.video\/it\/toscana-cna-essenziali-gli-incentivi-per-la-crescita-del-comparto#article","isPartOf":{"@id":"https:\/\/cinema.video\/it\/toscana-cna-essenziali-gli-incentivi-per-la-crescita-del-comparto"},"author":{"name":"Carolina Mancini","@id":"https:\/\/cinema.video\/it#\/schema\/person\/d5479fad8d0f2360000eb4aab6bb6e5d"},"headline":"TOSCANA CNA essenziali gli incentivi per la crescita del comparto","datePublished":"2022-07-02T09:45:45+00:00","dateModified":"2026-04-10T01:58:02+00:00","mainEntityOfPage":{"@id":"https:\/\/cinema.video\/it\/toscana-cna-essenziali-gli-incentivi-per-la-crescita-del-comparto"},"wordCount":452,"publisher":{"@id":"https:\/\/cinema.video\/it#organization"},"image":{"@id":"https:\/\/cinema.video\/it\/toscana-cna-essenziali-gli-incentivi-per-la-crescita-del-comparto#primaryimage"},"thumbnailUrl":"https:\/\/cinema.video\/wp-content\/uploads\/2022\/07\/1656752081216-scaled-e1656752337462.jpg","keywords":["TOSCANA FILM COMMISSION"],"inLanguage":"it-IT"},{"@type":"WebPage","@id":"https:\/\/cinema.video\/it\/toscana-cna-essenziali-gli-incentivi-per-la-crescita-del-comparto","url":"https:\/\/cinema.video\/it\/toscana-cna-essenziali-gli-incentivi-per-la-crescita-del-comparto","name":"TOSCANA CNA essenziali gli incentivi per la crescita del comparto - Cinema &amp; Video International","isPartOf":{"@id":"https:\/\/cinema.video\/it#website"},"primaryImageOfPage":{"@id":"https:\/\/cinema.video\/it\/toscana-cna-essenziali-gli-incentivi-per-la-crescita-del-comparto#primaryimage"},"image":{"@id":"https:\/\/cinema.video\/it\/toscana-cna-essenziali-gli-incentivi-per-la-crescita-del-comparto#primaryimage"},"thumbnailUrl":"https:\/\/cinema.video\/wp-content\/uploads\/2022\/07\/1656752081216-scaled-e1656752337462.jpg","datePublished":"2022-07-02T09:45:45+00:00","dateModified":"2026-04-10T01:58:02+00:00","description":"TOSCANA CNA essenziali gli incentivi per la crescita del comparto \u2013 toscana cna essenziali gli incentivi per. Un milione di euro per sostenere la produzio","breadcrumb":{"@id":"https:\/\/cinema.video\/it\/toscana-cna-essenziali-gli-incentivi-per-la-crescita-del-comparto#breadcrumb"},"inLanguage":"it-IT","potentialAction":[{"@type":"ReadAction","target":["https:\/\/cinema.video\/it\/toscana-cna-essenziali-gli-incentivi-per-la-crescita-del-comparto"]}]},{"@type":"ImageObject","inLanguage":"it-IT","@id":"https:\/\/cinema.video\/it\/toscana-cna-essenziali-gli-incentivi-per-la-crescita-del-comparto#primaryimage","url":"https:\/\/cinema.video\/wp-content\/uploads\/2022\/07\/1656752081216-scaled-e1656752337462.jpg","contentUrl":"https:\/\/cinema.video\/wp-content\/uploads\/2022\/07\/1656752081216-scaled-e1656752337462.jpg","width":800,"height":360},{"@type":"BreadcrumbList","@id":"https:\/\/cinema.video\/it\/toscana-cna-essenziali-gli-incentivi-per-la-crescita-del-comparto#breadcrumb","itemListElement":[{"@type":"ListItem","position":1,"name":"Home","item":"https:\/\/cinema.video\/it"},{"@type":"ListItem","position":2,"name":"TOSCANA CNA essenziali gli incentivi per la crescita del comparto"}]},{"@type":"WebSite","@id":"https:\/\/cinema.video\/it#website","url":"https:\/\/cinema.video\/it","name":"Cinema & Video International","description":"Film &amp; Audiovisual B2B Industry Trade Platform Magazine","publisher":{"@id":"https:\/\/cinema.video\/it#organization"},"alternateName":"Cinema & Video","potentialAction":[{"@type":"SearchAction","target":{"@type":"EntryPoint","urlTemplate":"https:\/\/cinema.video\/it?s={search_term_string}"},"query-input":{"@type":"PropertyValueSpecification","valueRequired":true,"valueName":"search_term_string"}}],"inLanguage":"it-IT"},{"@type":"Organization","@id":"https:\/\/cinema.video\/it#organization","name":"Cinema & Video","url":"https:\/\/cinema.video\/it","logo":{"@type":"ImageObject","inLanguage":"it-IT","@id":"https:\/\/cinema.video\/it#\/schema\/logo\/image\/","url":"https:\/\/cinema.video\/wp-content\/uploads\/2026\/04\/CinemVideo_LogoBlack.png","contentUrl":"https:\/\/cinema.video\/wp-content\/uploads\/2026\/04\/CinemVideo_LogoBlack.png","width":1336,"height":224,"caption":"Cinema & Video"},"image":{"@id":"https:\/\/cinema.video\/it#\/schema\/logo\/image\/"},"sameAs":["https:\/\/www.facebook.com\/CinemaVideoInternational\/","https:\/\/www.instagram.com\/cinemaevideointernational\/","https:\/\/it.linkedin.com\/company\/cinema-video-international"],"description":"Media Consulting & Marketing Agency","email":"hello@darostudio.com","legalName":"DARO studio LLC","foundingDate":"2021-02-16","numberOfEmployees":{"@type":"QuantitativeValue","minValue":"1","maxValue":"10"},"publishingPrinciples":"https:\/\/cinema.video\/about"},{"@type":"Person","@id":"https:\/\/cinema.video\/it#\/schema\/person\/d5479fad8d0f2360000eb4aab6bb6e5d","name":"Carolina Mancini","image":{"@type":"ImageObject","inLanguage":"it-IT","@id":"https:\/\/secure.gravatar.com\/avatar\/d4758965c5e8730dbaaa7131a628547771a26c1e5bf14fe323d96f8246a62baf?s=96&d=mm&r=g","url":"https:\/\/secure.gravatar.com\/avatar\/d4758965c5e8730dbaaa7131a628547771a26c1e5bf14fe323d96f8246a62baf?s=96&d=mm&r=g","contentUrl":"https:\/\/secure.gravatar.com\/avatar\/d4758965c5e8730dbaaa7131a628547771a26c1e5bf14fe323d96f8246a62baf?s=96&d=mm&r=g","caption":"Carolina Mancini"},"url":"https:\/\/cinema.video\/it\/author\/carolin"}]}},"jetpack_shortlink":"https:\/\/wp.me\/ph672m-1e2M","jetpack_featured_media_url":"https:\/\/cinema.video\/wp-content\/uploads\/2022\/07\/1656752081216-scaled-e1656752337462.jpg","_links":{"self":[{"href":"https:\/\/cinema.video\/it\/wp-json\/wp\/v2\/posts\/292316","targetHints":{"allow":["GET"]}}],"collection":[{"href":"https:\/\/cinema.video\/it\/wp-json\/wp\/v2\/posts"}],"about":[{"href":"https:\/\/cinema.video\/it\/wp-json\/wp\/v2\/types\/post"}],"author":[{"embeddable":true,"href":"https:\/\/cinema.video\/it\/wp-json\/wp\/v2\/users\/2"}],"replies":[{"embeddable":true,"href":"https:\/\/cinema.video\/it\/wp-json\/wp\/v2\/comments?post=292316"}],"version-history":[{"count":1,"href":"https:\/\/cinema.video\/it\/wp-json\/wp\/v2\/posts\/292316\/revisions"}],"predecessor-version":[{"id":308674,"href":"https:\/\/cinema.video\/it\/wp-json\/wp\/v2\/posts\/292316\/revisions\/308674"}],"wp:featuredmedia":[{"embeddable":true,"href":"https:\/\/cinema.video\/it\/wp-json\/wp\/v2\/media\/292318"}],"wp:attachment":[{"href":"https:\/\/cinema.video\/it\/wp-json\/wp\/v2\/media?parent=292316"}],"wp:term":[{"taxonomy":"category","embeddable":true,"href":"https:\/\/cinema.video\/it\/wp-json\/wp\/v2\/categories?post=292316"},{"taxonomy":"post_tag","embeddable":true,"href":"https:\/\/cinema.video\/it\/wp-json\/wp\/v2\/tags?post=292316"}],"curies":[{"name":"wp","href":"https:\/\/api.w.org\/{rel}","templated":true}]}}