{"id":292305,"date":"2022-07-01T17:55:49","date_gmt":"2022-07-01T15:55:49","guid":{"rendered":"https:\/\/cinema.video\/?p=292305"},"modified":"2026-04-10T03:58:02","modified_gmt":"2026-04-10T01:58:02","slug":"cine-in-citta-apre-mainetti-chiude-cabrini","status":"publish","type":"post","link":"https:\/\/cinema.video\/it\/cine-in-citta-apre-mainetti-chiude-cabrini","title":{"rendered":"CINE\u2019 IN CITTA\u2019 Apre Mainetti chiude Cabrini"},"content":{"rendered":"\n<p class=\"wp-block-paragraph\">Prende il via domenica 3 luglio\u00a0, in attesa dell\u2019apertura della XI edizione di<strong> Cin\u00e8<\/strong> il 5 luglio, <strong>Cin\u00e9 in Citt\u00e0<\/strong>, otto serate di grande cinema, fino al 10 luglio, dedicate al grande pubblico, nel cuore di Riccione con un\u2019arena a cielo aperto in Piazzale Ceccarini.<br>\u00a0<br>Il ricco palinsesto per il pubblico inizia (domenica 3) con la proiezione di\u00a0<em>Freaks Out<\/em>\u00a0(ore 21.30), ultimo film di Gabriele Mainetti uscito nella scorsa stagione per 01 Distribution, mentre la serata di luned\u00ec 4 sar\u00e0 dedicata al pubblico pi\u00f9 giovane con\u00a0<em>Encanto\u00a0<\/em>(ore 21.30), animazione targata Disney vincitrice del Premio Oscar. Marted\u00ec 5, in concomitanza con l\u2019avvio delle convention di Cin\u00e9, andr\u00e0 in scena una serata da Oscar con un grande classico del nostro cinema come\u00a0<em>Sciusci\u00e0<\/em>,\u00a0capolavoro neorealista di Vittorio De Sica, con una speciale introduzione di\u00a0<strong>Gianni Amelio<\/strong>\u00a0che presenter\u00e0 al pubblico anche il suo cortometraggio\u00a0<em>Passatempo<\/em>\u00a0(dalle ore 21.15). Le serate con ospiti proseguiranno con i\u00a0<strong>Manetti bros<\/strong>., a Riccione grazie a 01 Distribution per introdurre la proiezione del loro\u00a0<em>Diabolik<\/em>(mercoled\u00ec 6 ore 21.15), Paolo Virz\u00ec con una delle pi\u00f9 classiche pellicole estive ovvero il suo\u00a0<em>Ferie d\u2019agosto<\/em>\u00a0in una serata in collaborazione con Hot Corn (gioved\u00ec 7 ore 21.15), mentre per venerd\u00ec 8 il cartellone prevede una proiezione a sorpresa. Si prosegue nel weekend con\u00a0<strong>Marco Bellocchio<\/strong>\u00a0che sabato sera introdurr\u00e0 la visione delle prime due puntate di\u00a0<em>Esterno notte\u00a0<\/em>(sabato 9 ore 21.15), la serie sul caso Moro che debutter\u00e0 su Rai 1 nell\u2019autunno 2022. A chiudere il programma dell\u2019arena sar\u00e0 la proiezione di\u00a0<em>Il viaggio degli eroi\u00a0<\/em>(ore 21.00), straordinario documentario di Manlio Castagna sui mondiali 82 e la storica vittoria della nazionale di calcio italiana, che proprio l\u201911 luglio arriver\u00e0 in prima serata su Rai 1 e su RaiPlay. Presenteranno il film il regista\u00a0<strong>Manlio Castagna<\/strong>\u00a0e il campione\u00a0<strong>Antonio Cabrini<\/strong>.<br>\u00a0<br>Il pubblico avr\u00e0 anche la possibilit\u00e0 di assistere ad alcune importanti anteprime in programma a Cin\u00e9:\u00a0<em>Tuesday Club<\/em>, commedia svedese diretta da Annika Appelin che arriver\u00e0 in sala grazie a Wanted Cinema (marted\u00ec 5, ore 22.00 \u2013 Palazzo dei Congressi); la commedia natalizia di Alberto Ferrari\u00a0<em>The Christmas Show<\/em>\u00a0con Raoul Bova e Serena Autieri, grazie a Altre Storie (mercoled\u00ec, ore 18.30 \u2013 Palazzo dei Congressi); sempre mercoled\u00ec 6 il pubblico potr\u00e0 assistere all\u2019anteprima della commedia culinaria targata I Wonder\u00a0<em>S\u00ec, Chef! \u2013 La Brigade\u00a0<\/em>(ore 22.00 \u2013 Palazzo dei Congressi); ultima delle prime in programma sar\u00e0\u00a0<em>Last Film Show<\/em>\u00a0di Pan Nalin, storia di un bambino e della sua enorme passione per il cinema in un remoto villaggio dell\u2019India, che arriver\u00e0 in sala il prossimo autunno con Medusa Film (gioved\u00ec 7, ore 18.00 \u2013 Palazzo dei Congressi).\u00a0<\/p>\n","protected":false},"excerpt":{"rendered":"<p>Prende il via domenica 3 luglio\u00a0, in attesa dell\u2019apertura della XI edizione di Cin\u00e8, Cin\u00e9 in Citt\u00e0, otto serate di grande cinema, fino al 10 luglio, dedicate al grande pubblico, nel cuore di Riccione con un\u2019arena a cielo aperto in Piazzale Ceccarini.<br \/>\n\u00a0<\/p>\n","protected":false},"author":26,"featured_media":292323,"comment_status":"closed","ping_status":"closed","sticky":false,"template":"","format":"standard","meta":{"googlesitekit_rrm_CAow3e7fCw:productID":"","_wpcom_ai_launchpad_first_post":false,"footnotes":"","jetpack_post_was_ever_published":false},"categories":[1],"tags":[],"class_list":["post-292305","post","type-post","status-publish","format-standard","has-post-thumbnail","category-senza-categoria"],"yoast_head":"<!-- This site is optimized with the Yoast SEO Premium plugin v28.3 (Yoast SEO v28.3) - https:\/\/yoast.com\/product\/yoast-seo-premium-wordpress\/ -->\n<title>CINE\u2019 IN CITTA\u2019 Apre Mainetti chiude Cabrini - Cinema &amp; Video International<\/title>\n<meta name=\"description\" content=\"CINE\u2019 IN CITTA\u2019 Apre Mainetti chiude Cabrini \u2013 cine in citta apre mainetti chiude. Prende il via domenica 3 luglio\u00a0, in attesa dell\u2019apertura della XI ediz\" \/>\n<meta name=\"robots\" content=\"index, follow, max-snippet:-1, max-image-preview:large, max-video-preview:-1\" \/>\n<link rel=\"canonical\" href=\"https:\/\/cinema.video\/it\/cine-in-citta-apre-mainetti-chiude-cabrini\" \/>\n<meta property=\"og:locale\" content=\"it_IT\" \/>\n<meta property=\"og:type\" content=\"article\" \/>\n<meta property=\"og:title\" content=\"CINE\u2019 IN CITTA\u2019 Apre Mainetti chiude Cabrini\" \/>\n<meta property=\"og:description\" content=\"CINE\u2019 IN CITTA\u2019 Apre Mainetti chiude Cabrini \u2013 cine in citta apre mainetti chiude. Prende il via domenica 3 luglio\u00a0, in attesa dell\u2019apertura della XI ediz\" \/>\n<meta property=\"og:url\" content=\"https:\/\/cinema.video\/it\/cine-in-citta-apre-mainetti-chiude-cabrini\" \/>\n<meta property=\"og:site_name\" content=\"Cinema &amp; Video International\" \/>\n<meta property=\"article:publisher\" content=\"https:\/\/www.facebook.com\/CinemaVideoInternational\/\" \/>\n<meta property=\"article:published_time\" content=\"2022-07-01T15:55:49+00:00\" \/>\n<meta property=\"article:modified_time\" content=\"2026-04-10T01:58:02+00:00\" \/>\n<meta property=\"og:image\" content=\"https:\/\/cinema.video\/wp-content\/uploads\/2022\/07\/viaggio-degli-eroi-e1656773295792.jpg\" \/>\n\t<meta property=\"og:image:width\" content=\"800\" \/>\n\t<meta property=\"og:image:height\" content=\"450\" \/>\n\t<meta property=\"og:image:type\" content=\"image\/jpeg\" \/>\n<meta name=\"author\" content=\"Editorial\" \/>\n<meta name=\"twitter:card\" content=\"summary_large_image\" \/>\n<meta name=\"twitter:label1\" content=\"Scritto da\" \/>\n\t<meta name=\"twitter:data1\" content=\"Editorial\" \/>\n\t<meta name=\"twitter:label2\" content=\"Tempo di lettura stimato\" \/>\n\t<meta name=\"twitter:data2\" content=\"3 minuti\" \/>\n<script type=\"application\/ld+json\" class=\"yoast-schema-graph\">{\"@context\":\"https:\\\/\\\/schema.org\",\"@graph\":[{\"@type\":\"Article\",\"@id\":\"https:\\\/\\\/cinema.video\\\/it\\\/cine-in-citta-apre-mainetti-chiude-cabrini#article\",\"isPartOf\":{\"@id\":\"https:\\\/\\\/cinema.video\\\/it\\\/cine-in-citta-apre-mainetti-chiude-cabrini\"},\"author\":{\"name\":\"Editorial\",\"@id\":\"https:\\\/\\\/cinema.video\\\/it#\\\/schema\\\/person\\\/aeb01b91d874e8b01e76a1db04c668c6\"},\"headline\":\"CINE\u2019 IN CITTA\u2019 Apre Mainetti chiude Cabrini\",\"datePublished\":\"2022-07-01T15:55:49+00:00\",\"dateModified\":\"2026-04-10T01:58:02+00:00\",\"mainEntityOfPage\":{\"@id\":\"https:\\\/\\\/cinema.video\\\/it\\\/cine-in-citta-apre-mainetti-chiude-cabrini\"},\"wordCount\":423,\"publisher\":{\"@id\":\"https:\\\/\\\/cinema.video\\\/it#organization\"},\"image\":{\"@id\":\"https:\\\/\\\/cinema.video\\\/it\\\/cine-in-citta-apre-mainetti-chiude-cabrini#primaryimage\"},\"thumbnailUrl\":\"https:\\\/\\\/cinema.video\\\/wp-content\\\/uploads\\\/2022\\\/07\\\/viaggio-degli-eroi-e1656773295792.jpg\",\"inLanguage\":\"it-IT\"},{\"@type\":\"WebPage\",\"@id\":\"https:\\\/\\\/cinema.video\\\/it\\\/cine-in-citta-apre-mainetti-chiude-cabrini\",\"url\":\"https:\\\/\\\/cinema.video\\\/it\\\/cine-in-citta-apre-mainetti-chiude-cabrini\",\"name\":\"CINE\u2019 IN CITTA\u2019 Apre Mainetti chiude Cabrini - Cinema &amp; Video International\",\"isPartOf\":{\"@id\":\"https:\\\/\\\/cinema.video\\\/it#website\"},\"primaryImageOfPage\":{\"@id\":\"https:\\\/\\\/cinema.video\\\/it\\\/cine-in-citta-apre-mainetti-chiude-cabrini#primaryimage\"},\"image\":{\"@id\":\"https:\\\/\\\/cinema.video\\\/it\\\/cine-in-citta-apre-mainetti-chiude-cabrini#primaryimage\"},\"thumbnailUrl\":\"https:\\\/\\\/cinema.video\\\/wp-content\\\/uploads\\\/2022\\\/07\\\/viaggio-degli-eroi-e1656773295792.jpg\",\"datePublished\":\"2022-07-01T15:55:49+00:00\",\"dateModified\":\"2026-04-10T01:58:02+00:00\",\"description\":\"CINE\u2019 IN CITTA\u2019 Apre Mainetti chiude Cabrini \u2013 cine in citta apre mainetti chiude. Prende il via domenica 3 luglio\u00a0, in attesa dell\u2019apertura della XI ediz\",\"breadcrumb\":{\"@id\":\"https:\\\/\\\/cinema.video\\\/it\\\/cine-in-citta-apre-mainetti-chiude-cabrini#breadcrumb\"},\"inLanguage\":\"it-IT\",\"potentialAction\":[{\"@type\":\"ReadAction\",\"target\":[\"https:\\\/\\\/cinema.video\\\/it\\\/cine-in-citta-apre-mainetti-chiude-cabrini\"]}]},{\"@type\":\"ImageObject\",\"inLanguage\":\"it-IT\",\"@id\":\"https:\\\/\\\/cinema.video\\\/it\\\/cine-in-citta-apre-mainetti-chiude-cabrini#primaryimage\",\"url\":\"https:\\\/\\\/cinema.video\\\/wp-content\\\/uploads\\\/2022\\\/07\\\/viaggio-degli-eroi-e1656773295792.jpg\",\"contentUrl\":\"https:\\\/\\\/cinema.video\\\/wp-content\\\/uploads\\\/2022\\\/07\\\/viaggio-degli-eroi-e1656773295792.jpg\",\"width\":800,\"height\":450},{\"@type\":\"BreadcrumbList\",\"@id\":\"https:\\\/\\\/cinema.video\\\/it\\\/cine-in-citta-apre-mainetti-chiude-cabrini#breadcrumb\",\"itemListElement\":[{\"@type\":\"ListItem\",\"position\":1,\"name\":\"Home\",\"item\":\"https:\\\/\\\/cinema.video\\\/it\"},{\"@type\":\"ListItem\",\"position\":2,\"name\":\"CINE\u2019 IN CITTA\u2019 Apre Mainetti chiude Cabrini\"}]},{\"@type\":\"WebSite\",\"@id\":\"https:\\\/\\\/cinema.video\\\/it#website\",\"url\":\"https:\\\/\\\/cinema.video\\\/it\",\"name\":\"Cinema & Video International\",\"description\":\"Film &amp; Audiovisual B2B Industry Trade Platform Magazine\",\"publisher\":{\"@id\":\"https:\\\/\\\/cinema.video\\\/it#organization\"},\"alternateName\":\"Cinema & Video\",\"potentialAction\":[{\"@type\":\"SearchAction\",\"target\":{\"@type\":\"EntryPoint\",\"urlTemplate\":\"https:\\\/\\\/cinema.video\\\/it?s={search_term_string}\"},\"query-input\":{\"@type\":\"PropertyValueSpecification\",\"valueRequired\":true,\"valueName\":\"search_term_string\"}}],\"inLanguage\":\"it-IT\"},{\"@type\":\"Organization\",\"@id\":\"https:\\\/\\\/cinema.video\\\/it#organization\",\"name\":\"Cinema & Video\",\"url\":\"https:\\\/\\\/cinema.video\\\/it\",\"logo\":{\"@type\":\"ImageObject\",\"inLanguage\":\"it-IT\",\"@id\":\"https:\\\/\\\/cinema.video\\\/it#\\\/schema\\\/logo\\\/image\\\/\",\"url\":\"https:\\\/\\\/cinema.video\\\/wp-content\\\/uploads\\\/2026\\\/04\\\/CinemVideo_LogoBlack.png\",\"contentUrl\":\"https:\\\/\\\/cinema.video\\\/wp-content\\\/uploads\\\/2026\\\/04\\\/CinemVideo_LogoBlack.png\",\"width\":1336,\"height\":224,\"caption\":\"Cinema & Video\"},\"image\":{\"@id\":\"https:\\\/\\\/cinema.video\\\/it#\\\/schema\\\/logo\\\/image\\\/\"},\"sameAs\":[\"https:\\\/\\\/www.facebook.com\\\/CinemaVideoInternational\\\/\",\"https:\\\/\\\/www.instagram.com\\\/cinemaevideointernational\\\/\",\"https:\\\/\\\/it.linkedin.com\\\/company\\\/cinema-video-international\"],\"description\":\"Media Consulting & Marketing Agency\",\"email\":\"hello@darostudio.com\",\"legalName\":\"DARO studio LLC\",\"foundingDate\":\"2021-02-16\",\"numberOfEmployees\":{\"@type\":\"QuantitativeValue\",\"minValue\":\"1\",\"maxValue\":\"10\"},\"publishingPrinciples\":\"https:\\\/\\\/cinema.video\\\/about\"},{\"@type\":\"Person\",\"@id\":\"https:\\\/\\\/cinema.video\\\/it#\\\/schema\\\/person\\\/aeb01b91d874e8b01e76a1db04c668c6\",\"name\":\"Editorial\",\"image\":{\"@type\":\"ImageObject\",\"inLanguage\":\"it-IT\",\"@id\":\"https:\\\/\\\/secure.gravatar.com\\\/avatar\\\/06ad6f92eb14745b75fb592cadf8139d33242d81c9c8b085133c450aaf0b9731?s=96&d=mm&r=g\",\"url\":\"https:\\\/\\\/secure.gravatar.com\\\/avatar\\\/06ad6f92eb14745b75fb592cadf8139d33242d81c9c8b085133c450aaf0b9731?s=96&d=mm&r=g\",\"contentUrl\":\"https:\\\/\\\/secure.gravatar.com\\\/avatar\\\/06ad6f92eb14745b75fb592cadf8139d33242d81c9c8b085133c450aaf0b9731?s=96&d=mm&r=g\",\"caption\":\"Editorial\"},\"url\":\"https:\\\/\\\/cinema.video\\\/it\\\/author\\\/redazione\"}]}<\/script>\n<!-- \/ Yoast SEO Premium plugin. -->","yoast_head_json":{"title":"CINE\u2019 IN CITTA\u2019 Apre Mainetti chiude Cabrini - Cinema &amp; Video International","description":"CINE\u2019 IN CITTA\u2019 Apre Mainetti chiude Cabrini \u2013 cine in citta apre mainetti chiude. Prende il via domenica 3 luglio\u00a0, in attesa dell\u2019apertura della XI ediz","robots":{"index":"index","follow":"follow","max-snippet":"max-snippet:-1","max-image-preview":"max-image-preview:large","max-video-preview":"max-video-preview:-1"},"canonical":"https:\/\/cinema.video\/it\/cine-in-citta-apre-mainetti-chiude-cabrini","og_locale":"it_IT","og_type":"article","og_title":"CINE\u2019 IN CITTA\u2019 Apre Mainetti chiude Cabrini","og_description":"CINE\u2019 IN CITTA\u2019 Apre Mainetti chiude Cabrini \u2013 cine in citta apre mainetti chiude. Prende il via domenica 3 luglio\u00a0, in attesa dell\u2019apertura della XI ediz","og_url":"https:\/\/cinema.video\/it\/cine-in-citta-apre-mainetti-chiude-cabrini","og_site_name":"Cinema &amp; Video International","article_publisher":"https:\/\/www.facebook.com\/CinemaVideoInternational\/","article_published_time":"2022-07-01T15:55:49+00:00","article_modified_time":"2026-04-10T01:58:02+00:00","og_image":[{"width":800,"height":450,"url":"https:\/\/cinema.video\/wp-content\/uploads\/2022\/07\/viaggio-degli-eroi-e1656773295792.jpg","type":"image\/jpeg"}],"author":"Editorial","twitter_card":"summary_large_image","twitter_misc":{"Scritto da":"Editorial","Tempo di lettura stimato":"3 minuti"},"schema":{"@context":"https:\/\/schema.org","@graph":[{"@type":"Article","@id":"https:\/\/cinema.video\/it\/cine-in-citta-apre-mainetti-chiude-cabrini#article","isPartOf":{"@id":"https:\/\/cinema.video\/it\/cine-in-citta-apre-mainetti-chiude-cabrini"},"author":{"name":"Editorial","@id":"https:\/\/cinema.video\/it#\/schema\/person\/aeb01b91d874e8b01e76a1db04c668c6"},"headline":"CINE\u2019 IN CITTA\u2019 Apre Mainetti chiude Cabrini","datePublished":"2022-07-01T15:55:49+00:00","dateModified":"2026-04-10T01:58:02+00:00","mainEntityOfPage":{"@id":"https:\/\/cinema.video\/it\/cine-in-citta-apre-mainetti-chiude-cabrini"},"wordCount":423,"publisher":{"@id":"https:\/\/cinema.video\/it#organization"},"image":{"@id":"https:\/\/cinema.video\/it\/cine-in-citta-apre-mainetti-chiude-cabrini#primaryimage"},"thumbnailUrl":"https:\/\/cinema.video\/wp-content\/uploads\/2022\/07\/viaggio-degli-eroi-e1656773295792.jpg","inLanguage":"it-IT"},{"@type":"WebPage","@id":"https:\/\/cinema.video\/it\/cine-in-citta-apre-mainetti-chiude-cabrini","url":"https:\/\/cinema.video\/it\/cine-in-citta-apre-mainetti-chiude-cabrini","name":"CINE\u2019 IN CITTA\u2019 Apre Mainetti chiude Cabrini - Cinema &amp; Video International","isPartOf":{"@id":"https:\/\/cinema.video\/it#website"},"primaryImageOfPage":{"@id":"https:\/\/cinema.video\/it\/cine-in-citta-apre-mainetti-chiude-cabrini#primaryimage"},"image":{"@id":"https:\/\/cinema.video\/it\/cine-in-citta-apre-mainetti-chiude-cabrini#primaryimage"},"thumbnailUrl":"https:\/\/cinema.video\/wp-content\/uploads\/2022\/07\/viaggio-degli-eroi-e1656773295792.jpg","datePublished":"2022-07-01T15:55:49+00:00","dateModified":"2026-04-10T01:58:02+00:00","description":"CINE\u2019 IN CITTA\u2019 Apre Mainetti chiude Cabrini \u2013 cine in citta apre mainetti chiude. Prende il via domenica 3 luglio\u00a0, in attesa dell\u2019apertura della XI ediz","breadcrumb":{"@id":"https:\/\/cinema.video\/it\/cine-in-citta-apre-mainetti-chiude-cabrini#breadcrumb"},"inLanguage":"it-IT","potentialAction":[{"@type":"ReadAction","target":["https:\/\/cinema.video\/it\/cine-in-citta-apre-mainetti-chiude-cabrini"]}]},{"@type":"ImageObject","inLanguage":"it-IT","@id":"https:\/\/cinema.video\/it\/cine-in-citta-apre-mainetti-chiude-cabrini#primaryimage","url":"https:\/\/cinema.video\/wp-content\/uploads\/2022\/07\/viaggio-degli-eroi-e1656773295792.jpg","contentUrl":"https:\/\/cinema.video\/wp-content\/uploads\/2022\/07\/viaggio-degli-eroi-e1656773295792.jpg","width":800,"height":450},{"@type":"BreadcrumbList","@id":"https:\/\/cinema.video\/it\/cine-in-citta-apre-mainetti-chiude-cabrini#breadcrumb","itemListElement":[{"@type":"ListItem","position":1,"name":"Home","item":"https:\/\/cinema.video\/it"},{"@type":"ListItem","position":2,"name":"CINE\u2019 IN CITTA\u2019 Apre Mainetti chiude Cabrini"}]},{"@type":"WebSite","@id":"https:\/\/cinema.video\/it#website","url":"https:\/\/cinema.video\/it","name":"Cinema & Video International","description":"Film &amp; Audiovisual B2B Industry Trade Platform Magazine","publisher":{"@id":"https:\/\/cinema.video\/it#organization"},"alternateName":"Cinema & Video","potentialAction":[{"@type":"SearchAction","target":{"@type":"EntryPoint","urlTemplate":"https:\/\/cinema.video\/it?s={search_term_string}"},"query-input":{"@type":"PropertyValueSpecification","valueRequired":true,"valueName":"search_term_string"}}],"inLanguage":"it-IT"},{"@type":"Organization","@id":"https:\/\/cinema.video\/it#organization","name":"Cinema & Video","url":"https:\/\/cinema.video\/it","logo":{"@type":"ImageObject","inLanguage":"it-IT","@id":"https:\/\/cinema.video\/it#\/schema\/logo\/image\/","url":"https:\/\/cinema.video\/wp-content\/uploads\/2026\/04\/CinemVideo_LogoBlack.png","contentUrl":"https:\/\/cinema.video\/wp-content\/uploads\/2026\/04\/CinemVideo_LogoBlack.png","width":1336,"height":224,"caption":"Cinema & Video"},"image":{"@id":"https:\/\/cinema.video\/it#\/schema\/logo\/image\/"},"sameAs":["https:\/\/www.facebook.com\/CinemaVideoInternational\/","https:\/\/www.instagram.com\/cinemaevideointernational\/","https:\/\/it.linkedin.com\/company\/cinema-video-international"],"description":"Media Consulting & Marketing Agency","email":"hello@darostudio.com","legalName":"DARO studio LLC","foundingDate":"2021-02-16","numberOfEmployees":{"@type":"QuantitativeValue","minValue":"1","maxValue":"10"},"publishingPrinciples":"https:\/\/cinema.video\/about"},{"@type":"Person","@id":"https:\/\/cinema.video\/it#\/schema\/person\/aeb01b91d874e8b01e76a1db04c668c6","name":"Editorial","image":{"@type":"ImageObject","inLanguage":"it-IT","@id":"https:\/\/secure.gravatar.com\/avatar\/06ad6f92eb14745b75fb592cadf8139d33242d81c9c8b085133c450aaf0b9731?s=96&d=mm&r=g","url":"https:\/\/secure.gravatar.com\/avatar\/06ad6f92eb14745b75fb592cadf8139d33242d81c9c8b085133c450aaf0b9731?s=96&d=mm&r=g","contentUrl":"https:\/\/secure.gravatar.com\/avatar\/06ad6f92eb14745b75fb592cadf8139d33242d81c9c8b085133c450aaf0b9731?s=96&d=mm&r=g","caption":"Editorial"},"url":"https:\/\/cinema.video\/it\/author\/redazione"}]}},"jetpack_shortlink":"https:\/\/wp.me\/ph672m-1e2B","jetpack_featured_media_url":"https:\/\/cinema.video\/wp-content\/uploads\/2022\/07\/viaggio-degli-eroi-e1656773295792.jpg","_links":{"self":[{"href":"https:\/\/cinema.video\/it\/wp-json\/wp\/v2\/posts\/292305","targetHints":{"allow":["GET"]}}],"collection":[{"href":"https:\/\/cinema.video\/it\/wp-json\/wp\/v2\/posts"}],"about":[{"href":"https:\/\/cinema.video\/it\/wp-json\/wp\/v2\/types\/post"}],"author":[{"embeddable":true,"href":"https:\/\/cinema.video\/it\/wp-json\/wp\/v2\/users\/26"}],"replies":[{"embeddable":true,"href":"https:\/\/cinema.video\/it\/wp-json\/wp\/v2\/comments?post=292305"}],"version-history":[{"count":1,"href":"https:\/\/cinema.video\/it\/wp-json\/wp\/v2\/posts\/292305\/revisions"}],"predecessor-version":[{"id":308673,"href":"https:\/\/cinema.video\/it\/wp-json\/wp\/v2\/posts\/292305\/revisions\/308673"}],"wp:featuredmedia":[{"embeddable":true,"href":"https:\/\/cinema.video\/it\/wp-json\/wp\/v2\/media\/292323"}],"wp:attachment":[{"href":"https:\/\/cinema.video\/it\/wp-json\/wp\/v2\/media?parent=292305"}],"wp:term":[{"taxonomy":"category","embeddable":true,"href":"https:\/\/cinema.video\/it\/wp-json\/wp\/v2\/categories?post=292305"},{"taxonomy":"post_tag","embeddable":true,"href":"https:\/\/cinema.video\/it\/wp-json\/wp\/v2\/tags?post=292305"}],"curies":[{"name":"wp","href":"https:\/\/api.w.org\/{rel}","templated":true}]}}