{"id":292238,"date":"2022-06-29T10:00:36","date_gmt":"2022-06-29T08:00:36","guid":{"rendered":"https:\/\/cinema.video\/?p=292238"},"modified":"2026-04-10T03:57:58","modified_gmt":"2026-04-10T01:57:58","slug":"nasce-il-locarno-green-project","status":"publish","type":"post","link":"https:\/\/cinema.video\/it\/nasce-il-locarno-green-project","title":{"rendered":"Nasce il LOCARNO GREEN PROJECT"},"content":{"rendered":"\n<p class=\"wp-block-paragraph\">Un nuovo premio (il <strong>Pardo Verde WWF<\/strong>) e  un nuovo fondo di sostegno alla creazione (il <strong>Green Film Fund<\/strong>): per il suo 75\u00b0 anniversario il Locarno Film Festival si tinge di  verde con il <strong>Locarno Green Project<\/strong>, un piano articolato di iniziative volte a promuovere i film che nella loro narrazione affrontano questioni ambientali&nbsp;<\/p>\n\n\n\n<p class=\"wp-block-paragraph\">Gi\u00e0 da quest&#8217;anno a fianco del giallo-nero dei Pardi del Palmares far\u00e0 capolino un&#8217;inedita statuetta verde, che verr\u00e0 consegnata durante la cerimonia di premiazione dal direttore generale di WWF Svizzera <strong>Thomas Vellacott<\/strong>: il Pardo Verde WWF  mira a individuare il film che meglio riflette la tematica ambientale tra tutte le sezioni competitive del Festival, offrendo al pubblico interpretazioni nuove e stimolanti. <\/p>\n\n\n\n<p class=\"wp-block-paragraph\">Da anni il mondo dello spettacolo si sta avvicinando alle tematiche ambientali. Tanti sono le attrici e gli attori che sostengono il WWF. Registi, documentaristi, volti noti del grande e del piccolo schermo: il loro lavoro \u00e8 essenziale e significativo per sensibilizzare ed ispirare l\u2019opinione pubblica. Quindi per noi \u00e8 un onore essere madrine e padrini del premio Pardo Verde WWF. Essere coiniziatori del Locarno Green Project ci permette di sostenere tutti quei professionisti e quelle professioniste del mondo del cinema, che hanno scelto produzioni e tematiche che tutelano l\u2019ambiente.\u201d dichiara Vellacott.<\/p>\n\n\n\n<p class=\"wp-block-paragraph\">E&#8217; inoltre in fase di sviluppo il <strong>Green Film Fund<\/strong>,&nbsp;fondo tematico per la creativit\u00e0 e la sensibilizzazione ambientale che sar\u00e0 lanciato nel 2023: ogni anno verranno selezionati dei progetti cinematografici che propongano una profonda riflessione critica su un\u2019ampia gamma di temi verdi; opere che, tramite la loro qualit\u00e0 artistica e l\u2019unicit\u00e0 della visione registica, favoriscano la consapevolezza ambientale, con un impatto concreto sulla societ\u00e0.<\/p>\n\n\n\n<p class=\"wp-block-paragraph\">Il Locarno Film Project si inserisce nel percorso alla sostenibilit\u00e0 che la manifestazione ha intrapreso convertendosi a Climate Neutral Event nel 2010 e impegnandosi a raggiungere una selezione di obiettivi sostenibili definiti dalle Nazioni Unite. <br>Verde anche come tutte le azioni introdotte per sensibilizzare il pubblico, dalla promozione della mobilit\u00e0 intelligente, a quella del riciclaggio, fino alla redazione, dal 2021, di un rapporto di sostenibilit\u00e0 annuale.<\/p>\n","protected":false},"excerpt":{"rendered":"<p>Un nuovo premio (il Pardo Verde WWF) e  un nuovo fondo di sostegno alla creazione (il Green Film Fund): per il suo 75\u00b0 anniversario il Locarno Film Festival si tinge di  verde con il Locarno Green Project, un piano articolato di iniziative volte a promuovere i film che nella loro narrazione affrontano questioni ambientali\u00a0<\/p>\n","protected":false},"author":26,"featured_media":292253,"comment_status":"closed","ping_status":"closed","sticky":false,"template":"","format":"standard","meta":{"googlesitekit_rrm_CAow3e7fCw:productID":"","_crdt_document":"","footnotes":""},"categories":[1],"tags":[2318],"class_list":{"0":"post-292238","1":"post","2":"type-post","3":"status-publish","4":"format-standard","5":"has-post-thumbnail","7":"category-senza-categoria","8":"tag-green"},"yoast_head":"<!-- This site is optimized with the Yoast SEO Premium plugin v27.4 (Yoast SEO v27.4) - https:\/\/yoast.com\/product\/yoast-seo-premium-wordpress\/ -->\n<title>Nasce il LOCARNO GREEN PROJECT - Cinema &amp; Video International<\/title>\n<meta name=\"description\" content=\"Nasce il LOCARNO GREEN PROJECT \u2013 nasce il locarno green project. Un nuovo premio (il Pardo Verde WWF) e un nuovo fondo di sostegno alla creazione (il Gree\" \/>\n<meta name=\"robots\" content=\"index, follow, max-snippet:-1, max-image-preview:large, max-video-preview:-1\" \/>\n<link rel=\"canonical\" href=\"https:\/\/cinema.video\/it\/nasce-il-locarno-green-project\" \/>\n<meta property=\"og:locale\" content=\"it_IT\" \/>\n<meta property=\"og:type\" content=\"article\" \/>\n<meta property=\"og:title\" content=\"Nasce il LOCARNO GREEN PROJECT\" \/>\n<meta property=\"og:description\" content=\"Nasce il LOCARNO GREEN PROJECT \u2013 nasce il locarno green project. Un nuovo premio (il Pardo Verde WWF) e un nuovo fondo di sostegno alla creazione (il Gree\" \/>\n<meta property=\"og:url\" content=\"https:\/\/cinema.video\/it\/nasce-il-locarno-green-project\" \/>\n<meta property=\"og:site_name\" content=\"Cinema &amp; Video International\" \/>\n<meta property=\"article:publisher\" content=\"https:\/\/www.facebook.com\/CinemaVideoInternational\/\" \/>\n<meta property=\"article:published_time\" content=\"2022-06-29T08:00:36+00:00\" \/>\n<meta property=\"article:modified_time\" content=\"2026-04-10T01:57:58+00:00\" \/>\n<meta property=\"og:image\" content=\"https:\/\/cinema.video\/wp-content\/uploads\/2022\/06\/pardo-green-scaled-e1656489610441.jpg\" \/>\n\t<meta property=\"og:image:width\" content=\"800\" \/>\n\t<meta property=\"og:image:height\" content=\"473\" \/>\n\t<meta property=\"og:image:type\" content=\"image\/jpeg\" \/>\n<meta name=\"author\" content=\"Redazione\" \/>\n<meta name=\"twitter:card\" content=\"summary_large_image\" \/>\n<meta name=\"twitter:label1\" content=\"Scritto da\" \/>\n\t<meta name=\"twitter:data1\" content=\"Redazione\" \/>\n\t<meta name=\"twitter:label2\" content=\"Tempo di lettura stimato\" \/>\n\t<meta name=\"twitter:data2\" content=\"2 minuti\" \/>\n<script type=\"application\/ld+json\" class=\"yoast-schema-graph\">{\"@context\":\"https:\\\/\\\/schema.org\",\"@graph\":[{\"@type\":\"Article\",\"@id\":\"https:\\\/\\\/cinema.video\\\/it\\\/nasce-il-locarno-green-project#article\",\"isPartOf\":{\"@id\":\"https:\\\/\\\/cinema.video\\\/it\\\/nasce-il-locarno-green-project\"},\"author\":{\"name\":\"Redazione\",\"@id\":\"https:\\\/\\\/cinema.video\\\/it#\\\/schema\\\/person\\\/aeb01b91d874e8b01e76a1db04c668c6\"},\"headline\":\"Nasce il LOCARNO GREEN PROJECT\",\"datePublished\":\"2022-06-29T08:00:36+00:00\",\"dateModified\":\"2026-04-10T01:57:58+00:00\",\"mainEntityOfPage\":{\"@id\":\"https:\\\/\\\/cinema.video\\\/it\\\/nasce-il-locarno-green-project\"},\"wordCount\":345,\"publisher\":{\"@id\":\"https:\\\/\\\/cinema.video\\\/it#organization\"},\"image\":{\"@id\":\"https:\\\/\\\/cinema.video\\\/it\\\/nasce-il-locarno-green-project#primaryimage\"},\"thumbnailUrl\":\"https:\\\/\\\/cinema.video\\\/wp-content\\\/uploads\\\/2022\\\/06\\\/pardo-green-scaled-e1656489610441.jpg\",\"keywords\":[\"GREEN\"],\"inLanguage\":\"it-IT\"},{\"@type\":\"WebPage\",\"@id\":\"https:\\\/\\\/cinema.video\\\/it\\\/nasce-il-locarno-green-project\",\"url\":\"https:\\\/\\\/cinema.video\\\/it\\\/nasce-il-locarno-green-project\",\"name\":\"Nasce il LOCARNO GREEN PROJECT - Cinema &amp; Video International\",\"isPartOf\":{\"@id\":\"https:\\\/\\\/cinema.video\\\/it#website\"},\"primaryImageOfPage\":{\"@id\":\"https:\\\/\\\/cinema.video\\\/it\\\/nasce-il-locarno-green-project#primaryimage\"},\"image\":{\"@id\":\"https:\\\/\\\/cinema.video\\\/it\\\/nasce-il-locarno-green-project#primaryimage\"},\"thumbnailUrl\":\"https:\\\/\\\/cinema.video\\\/wp-content\\\/uploads\\\/2022\\\/06\\\/pardo-green-scaled-e1656489610441.jpg\",\"datePublished\":\"2022-06-29T08:00:36+00:00\",\"dateModified\":\"2026-04-10T01:57:58+00:00\",\"description\":\"Nasce il LOCARNO GREEN PROJECT \u2013 nasce il locarno green project. Un nuovo premio (il Pardo Verde WWF) e un nuovo fondo di sostegno alla creazione (il Gree\",\"breadcrumb\":{\"@id\":\"https:\\\/\\\/cinema.video\\\/it\\\/nasce-il-locarno-green-project#breadcrumb\"},\"inLanguage\":\"it-IT\",\"potentialAction\":[{\"@type\":\"ReadAction\",\"target\":[\"https:\\\/\\\/cinema.video\\\/it\\\/nasce-il-locarno-green-project\"]}]},{\"@type\":\"ImageObject\",\"inLanguage\":\"it-IT\",\"@id\":\"https:\\\/\\\/cinema.video\\\/it\\\/nasce-il-locarno-green-project#primaryimage\",\"url\":\"https:\\\/\\\/cinema.video\\\/wp-content\\\/uploads\\\/2022\\\/06\\\/pardo-green-scaled-e1656489610441.jpg\",\"contentUrl\":\"https:\\\/\\\/cinema.video\\\/wp-content\\\/uploads\\\/2022\\\/06\\\/pardo-green-scaled-e1656489610441.jpg\",\"width\":800,\"height\":473},{\"@type\":\"BreadcrumbList\",\"@id\":\"https:\\\/\\\/cinema.video\\\/it\\\/nasce-il-locarno-green-project#breadcrumb\",\"itemListElement\":[{\"@type\":\"ListItem\",\"position\":1,\"name\":\"Home\",\"item\":\"https:\\\/\\\/cinema.video\\\/it\\\/home-2\"},{\"@type\":\"ListItem\",\"position\":2,\"name\":\"Nasce il LOCARNO GREEN PROJECT\"}]},{\"@type\":\"WebSite\",\"@id\":\"https:\\\/\\\/cinema.video\\\/it#website\",\"url\":\"https:\\\/\\\/cinema.video\\\/it\",\"name\":\"Cinema & Video International\",\"description\":\"Film &amp; Audiovisual Industry Trade Magazine\",\"publisher\":{\"@id\":\"https:\\\/\\\/cinema.video\\\/it#organization\"},\"alternateName\":\"Cinema & Video\",\"potentialAction\":[{\"@type\":\"SearchAction\",\"target\":{\"@type\":\"EntryPoint\",\"urlTemplate\":\"https:\\\/\\\/cinema.video\\\/it?s={search_term_string}\"},\"query-input\":{\"@type\":\"PropertyValueSpecification\",\"valueRequired\":true,\"valueName\":\"search_term_string\"}}],\"inLanguage\":\"it-IT\"},{\"@type\":\"Organization\",\"@id\":\"https:\\\/\\\/cinema.video\\\/it#organization\",\"name\":\"Cinema & Video\",\"url\":\"https:\\\/\\\/cinema.video\\\/it\",\"logo\":{\"@type\":\"ImageObject\",\"inLanguage\":\"it-IT\",\"@id\":\"https:\\\/\\\/cinema.video\\\/it#\\\/schema\\\/logo\\\/image\\\/\",\"url\":\"https:\\\/\\\/cinema.video\\\/wp-content\\\/uploads\\\/2026\\\/04\\\/CinemVideo_LogoBlack.png\",\"contentUrl\":\"https:\\\/\\\/cinema.video\\\/wp-content\\\/uploads\\\/2026\\\/04\\\/CinemVideo_LogoBlack.png\",\"width\":1336,\"height\":224,\"caption\":\"Cinema & Video\"},\"image\":{\"@id\":\"https:\\\/\\\/cinema.video\\\/it#\\\/schema\\\/logo\\\/image\\\/\"},\"sameAs\":[\"https:\\\/\\\/www.facebook.com\\\/CinemaVideoInternational\\\/\",\"https:\\\/\\\/www.instagram.com\\\/cinemaevideointernational\\\/\",\"https:\\\/\\\/it.linkedin.com\\\/company\\\/cinema-video-international\"],\"description\":\"Media Consulting & Marketing Agency\",\"email\":\"hello@darostudio.com\",\"legalName\":\"DARO studio LLC\",\"foundingDate\":\"2021-02-16\",\"numberOfEmployees\":{\"@type\":\"QuantitativeValue\",\"minValue\":\"1\",\"maxValue\":\"10\"}},{\"@type\":\"Person\",\"@id\":\"https:\\\/\\\/cinema.video\\\/it#\\\/schema\\\/person\\\/aeb01b91d874e8b01e76a1db04c668c6\",\"name\":\"Redazione\",\"image\":{\"@type\":\"ImageObject\",\"inLanguage\":\"it-IT\",\"@id\":\"https:\\\/\\\/secure.gravatar.com\\\/avatar\\\/06ad6f92eb14745b75fb592cadf8139d33242d81c9c8b085133c450aaf0b9731?s=96&d=mm&r=g\",\"url\":\"https:\\\/\\\/secure.gravatar.com\\\/avatar\\\/06ad6f92eb14745b75fb592cadf8139d33242d81c9c8b085133c450aaf0b9731?s=96&d=mm&r=g\",\"contentUrl\":\"https:\\\/\\\/secure.gravatar.com\\\/avatar\\\/06ad6f92eb14745b75fb592cadf8139d33242d81c9c8b085133c450aaf0b9731?s=96&d=mm&r=g\",\"caption\":\"Redazione\"},\"url\":\"https:\\\/\\\/cinema.video\\\/it\\\/author\\\/redazione\"}]}<\/script>\n<!-- \/ Yoast SEO Premium plugin. -->","yoast_head_json":{"title":"Nasce il LOCARNO GREEN PROJECT - Cinema &amp; Video International","description":"Nasce il LOCARNO GREEN PROJECT \u2013 nasce il locarno green project. Un nuovo premio (il Pardo Verde WWF) e un nuovo fondo di sostegno alla creazione (il Gree","robots":{"index":"index","follow":"follow","max-snippet":"max-snippet:-1","max-image-preview":"max-image-preview:large","max-video-preview":"max-video-preview:-1"},"canonical":"https:\/\/cinema.video\/it\/nasce-il-locarno-green-project","og_locale":"it_IT","og_type":"article","og_title":"Nasce il LOCARNO GREEN PROJECT","og_description":"Nasce il LOCARNO GREEN PROJECT \u2013 nasce il locarno green project. Un nuovo premio (il Pardo Verde WWF) e un nuovo fondo di sostegno alla creazione (il Gree","og_url":"https:\/\/cinema.video\/it\/nasce-il-locarno-green-project","og_site_name":"Cinema &amp; Video International","article_publisher":"https:\/\/www.facebook.com\/CinemaVideoInternational\/","article_published_time":"2022-06-29T08:00:36+00:00","article_modified_time":"2026-04-10T01:57:58+00:00","og_image":[{"width":800,"height":473,"url":"https:\/\/cinema.video\/wp-content\/uploads\/2022\/06\/pardo-green-scaled-e1656489610441.jpg","type":"image\/jpeg"}],"author":"Redazione","twitter_card":"summary_large_image","twitter_misc":{"Scritto da":"Redazione","Tempo di lettura stimato":"2 minuti"},"schema":{"@context":"https:\/\/schema.org","@graph":[{"@type":"Article","@id":"https:\/\/cinema.video\/it\/nasce-il-locarno-green-project#article","isPartOf":{"@id":"https:\/\/cinema.video\/it\/nasce-il-locarno-green-project"},"author":{"name":"Redazione","@id":"https:\/\/cinema.video\/it#\/schema\/person\/aeb01b91d874e8b01e76a1db04c668c6"},"headline":"Nasce il LOCARNO GREEN PROJECT","datePublished":"2022-06-29T08:00:36+00:00","dateModified":"2026-04-10T01:57:58+00:00","mainEntityOfPage":{"@id":"https:\/\/cinema.video\/it\/nasce-il-locarno-green-project"},"wordCount":345,"publisher":{"@id":"https:\/\/cinema.video\/it#organization"},"image":{"@id":"https:\/\/cinema.video\/it\/nasce-il-locarno-green-project#primaryimage"},"thumbnailUrl":"https:\/\/cinema.video\/wp-content\/uploads\/2022\/06\/pardo-green-scaled-e1656489610441.jpg","keywords":["GREEN"],"inLanguage":"it-IT"},{"@type":"WebPage","@id":"https:\/\/cinema.video\/it\/nasce-il-locarno-green-project","url":"https:\/\/cinema.video\/it\/nasce-il-locarno-green-project","name":"Nasce il LOCARNO GREEN PROJECT - Cinema &amp; Video International","isPartOf":{"@id":"https:\/\/cinema.video\/it#website"},"primaryImageOfPage":{"@id":"https:\/\/cinema.video\/it\/nasce-il-locarno-green-project#primaryimage"},"image":{"@id":"https:\/\/cinema.video\/it\/nasce-il-locarno-green-project#primaryimage"},"thumbnailUrl":"https:\/\/cinema.video\/wp-content\/uploads\/2022\/06\/pardo-green-scaled-e1656489610441.jpg","datePublished":"2022-06-29T08:00:36+00:00","dateModified":"2026-04-10T01:57:58+00:00","description":"Nasce il LOCARNO GREEN PROJECT \u2013 nasce il locarno green project. Un nuovo premio (il Pardo Verde WWF) e un nuovo fondo di sostegno alla creazione (il Gree","breadcrumb":{"@id":"https:\/\/cinema.video\/it\/nasce-il-locarno-green-project#breadcrumb"},"inLanguage":"it-IT","potentialAction":[{"@type":"ReadAction","target":["https:\/\/cinema.video\/it\/nasce-il-locarno-green-project"]}]},{"@type":"ImageObject","inLanguage":"it-IT","@id":"https:\/\/cinema.video\/it\/nasce-il-locarno-green-project#primaryimage","url":"https:\/\/cinema.video\/wp-content\/uploads\/2022\/06\/pardo-green-scaled-e1656489610441.jpg","contentUrl":"https:\/\/cinema.video\/wp-content\/uploads\/2022\/06\/pardo-green-scaled-e1656489610441.jpg","width":800,"height":473},{"@type":"BreadcrumbList","@id":"https:\/\/cinema.video\/it\/nasce-il-locarno-green-project#breadcrumb","itemListElement":[{"@type":"ListItem","position":1,"name":"Home","item":"https:\/\/cinema.video\/it\/home-2"},{"@type":"ListItem","position":2,"name":"Nasce il LOCARNO GREEN PROJECT"}]},{"@type":"WebSite","@id":"https:\/\/cinema.video\/it#website","url":"https:\/\/cinema.video\/it","name":"Cinema & Video International","description":"Film &amp; Audiovisual Industry Trade Magazine","publisher":{"@id":"https:\/\/cinema.video\/it#organization"},"alternateName":"Cinema & Video","potentialAction":[{"@type":"SearchAction","target":{"@type":"EntryPoint","urlTemplate":"https:\/\/cinema.video\/it?s={search_term_string}"},"query-input":{"@type":"PropertyValueSpecification","valueRequired":true,"valueName":"search_term_string"}}],"inLanguage":"it-IT"},{"@type":"Organization","@id":"https:\/\/cinema.video\/it#organization","name":"Cinema & Video","url":"https:\/\/cinema.video\/it","logo":{"@type":"ImageObject","inLanguage":"it-IT","@id":"https:\/\/cinema.video\/it#\/schema\/logo\/image\/","url":"https:\/\/cinema.video\/wp-content\/uploads\/2026\/04\/CinemVideo_LogoBlack.png","contentUrl":"https:\/\/cinema.video\/wp-content\/uploads\/2026\/04\/CinemVideo_LogoBlack.png","width":1336,"height":224,"caption":"Cinema & Video"},"image":{"@id":"https:\/\/cinema.video\/it#\/schema\/logo\/image\/"},"sameAs":["https:\/\/www.facebook.com\/CinemaVideoInternational\/","https:\/\/www.instagram.com\/cinemaevideointernational\/","https:\/\/it.linkedin.com\/company\/cinema-video-international"],"description":"Media Consulting & Marketing Agency","email":"hello@darostudio.com","legalName":"DARO studio LLC","foundingDate":"2021-02-16","numberOfEmployees":{"@type":"QuantitativeValue","minValue":"1","maxValue":"10"}},{"@type":"Person","@id":"https:\/\/cinema.video\/it#\/schema\/person\/aeb01b91d874e8b01e76a1db04c668c6","name":"Redazione","image":{"@type":"ImageObject","inLanguage":"it-IT","@id":"https:\/\/secure.gravatar.com\/avatar\/06ad6f92eb14745b75fb592cadf8139d33242d81c9c8b085133c450aaf0b9731?s=96&d=mm&r=g","url":"https:\/\/secure.gravatar.com\/avatar\/06ad6f92eb14745b75fb592cadf8139d33242d81c9c8b085133c450aaf0b9731?s=96&d=mm&r=g","contentUrl":"https:\/\/secure.gravatar.com\/avatar\/06ad6f92eb14745b75fb592cadf8139d33242d81c9c8b085133c450aaf0b9731?s=96&d=mm&r=g","caption":"Redazione"},"url":"https:\/\/cinema.video\/it\/author\/redazione"}]}},"jetpack_featured_media_url":"https:\/\/cinema.video\/wp-content\/uploads\/2022\/06\/pardo-green-scaled-e1656489610441.jpg","jetpack_shortlink":"https:\/\/wp.me\/ph672m-1e1w","_links":{"self":[{"href":"https:\/\/cinema.video\/it\/wp-json\/wp\/v2\/posts\/292238","targetHints":{"allow":["GET"]}}],"collection":[{"href":"https:\/\/cinema.video\/it\/wp-json\/wp\/v2\/posts"}],"about":[{"href":"https:\/\/cinema.video\/it\/wp-json\/wp\/v2\/types\/post"}],"author":[{"embeddable":true,"href":"https:\/\/cinema.video\/it\/wp-json\/wp\/v2\/users\/26"}],"replies":[{"embeddable":true,"href":"https:\/\/cinema.video\/it\/wp-json\/wp\/v2\/comments?post=292238"}],"version-history":[{"count":1,"href":"https:\/\/cinema.video\/it\/wp-json\/wp\/v2\/posts\/292238\/revisions"}],"predecessor-version":[{"id":308663,"href":"https:\/\/cinema.video\/it\/wp-json\/wp\/v2\/posts\/292238\/revisions\/308663"}],"wp:featuredmedia":[{"embeddable":true,"href":"https:\/\/cinema.video\/it\/wp-json\/wp\/v2\/media\/292253"}],"wp:attachment":[{"href":"https:\/\/cinema.video\/it\/wp-json\/wp\/v2\/media?parent=292238"}],"wp:term":[{"taxonomy":"category","embeddable":true,"href":"https:\/\/cinema.video\/it\/wp-json\/wp\/v2\/categories?post=292238"},{"taxonomy":"post_tag","embeddable":true,"href":"https:\/\/cinema.video\/it\/wp-json\/wp\/v2\/tags?post=292238"}],"curies":[{"name":"wp","href":"https:\/\/api.w.org\/{rel}","templated":true}]}}