{"id":292143,"date":"2022-06-19T22:59:48","date_gmt":"2022-06-19T20:59:48","guid":{"rendered":"https:\/\/cinema.video\/?p=292143"},"modified":"2026-04-10T03:57:49","modified_gmt":"2026-04-10T01:57:49","slug":"annecy-premio-della-giuria-a-manodopera-di-alain-ughetto","status":"publish","type":"post","link":"https:\/\/cinema.video\/it\/annecy-premio-della-giuria-a-manodopera-di-alain-ughetto","title":{"rendered":"ANNECY Premio della Giuria a Manodoperadi Alain Ughetto"},"content":{"rendered":"\n<p class=\"wp-block-paragraph\"><em>Interdit aux chiens et aux Italiens di<\/em><strong> Alain Ughetto<\/strong>, che nella versione italiana si intitoler\u00e0 <em>Manodopera<\/em>, ha vinto il premio della Giuria e della Fondation Gan per la Diffusione al 46\u00b0 <strong>Festival International du Film d\u2019Animation d\u2019Annecy <\/strong>che si \u00e8 chiuso sabato 18 giugno nella cittadina d\u2019Oltralpe. Ambientato all&#8217;inizio del XX secolo nel nord Italia, a Ughettera, citt\u00e0 natale della famiglia Ughetto, il film racconta la storia degli avi del regista che dal villaggio piemontese attraversarono le Alpi per emigrare in Francia, dove iniziarono una nuova vita cambiando per sempre il destino della famiglia.\u00a0Realizzato con la tecnica dell\u2019animazione di pupazzi a passo uno e con le musiche di\u00a0<strong>Nicola Piovani, <\/strong><em>Manodopera <\/em>\u00e8 una co-produzione fra Les Films du Tambour de Soie<strong>,\u00a0<\/strong>Vivement Lundi!\u00a0eFoliascope\u00a0(Francia) con la societ\u00e0 torinese\u00a0<strong>Graffiti Film<\/strong>,\u00a0Lux Fugit Film\u00a0(Belgio),\u00a0Nadasdy Film(Svizzera),\u00a0Ocidental Filmes\u00a0(Portogallo) e con il sostegno, fra le altre istituzioni, della\u00a0<strong>Film Commission Torino Piemonte \u2013 Piemonte Doc Film Fund <\/strong>e<strong> Ministero della Cultura \u2013 Direzione Generale Cinema e Audiovisivo. <\/strong><\/p>\n\n\n\n<figure class=\"wp-block-image size-large\"><img loading=\"lazy\" decoding=\"async\" width=\"1024\" height=\"576\" src=\"https:\/\/cinema.video\/wp-content\/uploads\/2022\/06\/Manodopera-1024x576.jpeg\" alt=\"\" class=\"wp-image-292152\" srcset=\"https:\/\/cinema.video\/wp-content\/uploads\/2022\/06\/Manodopera.jpeg 1024w, https:\/\/cinema.video\/wp-content\/uploads\/2022\/06\/Manodopera.jpeg 300w, https:\/\/cinema.video\/wp-content\/uploads\/2022\/06\/Manodopera.jpeg 768w, https:\/\/cinema.video\/wp-content\/uploads\/2022\/06\/Manodopera.jpeg 1536w, https:\/\/cinema.video\/wp-content\/uploads\/2022\/06\/Manodopera.jpeg 150w, https:\/\/cinema.video\/wp-content\/uploads\/2022\/06\/Manodopera.jpeg 696w, https:\/\/cinema.video\/wp-content\/uploads\/2022\/06\/Manodopera.jpeg 1068w, https:\/\/cinema.video\/wp-content\/uploads\/2022\/06\/Manodopera.jpeg 747w, https:\/\/cinema.video\/wp-content\/uploads\/2022\/06\/Manodopera.jpeg 1920w, https:\/\/cinema.video\/wp-content\/uploads\/2022\/06\/Manodopera.jpeg 1392w\" sizes=\"auto, (max-width: 696px) 100vw, 696px\" \/><\/figure>\n\n\n\n<p class=\"wp-block-paragraph\">Il Cristal per il lungometraggio \u00e8 invece andato a <em><strong>Le Petit Nicolas &#8211; Qu&#8217;est-ce qu&#8217;on attend pour \u00eatre heureux?<\/strong><\/em> di Amandine Fredon e Benjamin Massoubre, prodotto da ON Classics e Bidibul Productions film sulle avventure del personaggio creato da Jean-Jacques Semp\u00e9 et <strong>Ren\u00e9 Goscinny<\/strong>, un ragazzino ridente e malizioso. Fra gli altri numerosi premi, il Cristal per il miglior cortometraggio \u00e8 andato al film ungro-rumero <em>Amok <\/em>di<em> <\/em>Bal\u00e1zs Turai che ha vinto anche il premio France TV per il cortometraggio mentre quello per la migliore produzione tv \u00e8 andato allo special statunitense <em>My Year of Dicks <\/em>di Sara Gunnarsdottir, entrambi destinati a un pubblico di adolescenti e giovani adulti.<\/p>\n\n\n\n<p class=\"wp-block-paragraph\">Per gli organizzatori, un\u2019edizione \u201cstorica\u201d per il festival e il suo mercato, il Mifa. Oltre 13mila iscritti accreditati (pari all&#8217;8% in pi\u00f9 rispetto al 2019, anno record e ultimo in presenza prima della pandemia) provenienti da ben 106 Paesi, si sono ritrovati per una settimana dedicata al cinema d&#8217;animazione. &#8220;Vi avevamo promesso fuochi d&#8217;artificio, ma la scorsa settimana ha superato le nostre aspettative! In termini di presenze prima di tutto, ma non solo. Annecy 2022 \u00e8 semplicemente un riflesso di ci\u00f2 che rappresenta il cinema d&#8217;animazione nel mondo: un&#8217;arte importante e un\u2019industria dalla straordinaria agilit\u00e0 che continua a svilupparsi&#8221;, ha dichiarato <strong>Micka\u00ebl Marin<\/strong>, direttore di Citia, l\u2019ente organizzatore del Festival.<\/p>\n\n\n\n<p class=\"wp-block-paragraph\">Numerosissimi gli eventi, talmente tanti con inevitabili sovrapposizioni, che stanno spingendo gli organizzatori a riflettere sui numeri. Se anche la taglia della cittadina consiglia un freno al moltiplicarsi degli eventi, \u00e8 gi\u00e0 in atto il progetto per un grande complesso nel centro della citt\u00e0 poco lontano dall\u2019attuale quartier generale del Bonlieu, dove ci sar\u00e0 spazio per un teatro, una sala espositiva, gli uffici del festival e il banco di accoglienza, foriero della &#8220;Citt\u00e0 dell\u2019Animazione&#8221; prevista per il 2025 o il 2026 che far\u00e0 definitivamente di Annecy la capitale dell\u2019animazione mondiale.<\/p>\n\n\n\n<p class=\"wp-block-paragraph\">Nel frattempo, la prossima edizione sar\u00e0 dedicata all\u2019animazione messicana. Ad annunciarlo, lo stesso regista <strong>Guillermo del Toro<\/strong>, originario di Guadalajara, uno dei numerosi premi Oscar presenti a Annecy quest\u2019anno e protagonista principale di quella che \u00e8 stata definita come una prima \u201cstorica\u201d, il primo Showcase di <strong>Netflix<\/strong> ad Annecy, presupposto di farne un appuntamento fisso negli anni a venire. Una scoppiettante parata di presentazioni di serie tv per ogni tipo di pubblico, anime, cortometraggi e film, accompagnata dai rispettivi registi e produttori, culminata con le prime immagini del prossimo film nonch\u00e9 il primo lungometraggio interamente in animazione del regista della <em>Forma dell\u2019acqua<\/em>. <em><strong>Pinocchio di Guillermo del Toro, <\/strong><\/em>realizzazione<em><strong> <\/strong><\/em>in stop motion della celebre favola di Collodi,<em><strong> <\/strong><\/em>\u00e8 \u201cuna storia molto personale delle mia relazione con mio padre e dell\u2019importanza della disobbedienza. Pinocchio \u00e8 la storia pi\u00f9 importante della mia vita. Una storia sui padri e sui figli imperfetti\u201d, ha detto il regista presentando alcune sequenze del film che sar\u00e0 la strenna di Natale per gli abbonati Netflix.<\/p>\n\n\n\n<p class=\"wp-block-paragraph\">Una visibilmente emozionata <strong>Jennifer Lee<\/strong>, Chief Creative Officer dei Walt Disney Animation Studios, ha ricevuto con una standing ovation il Cristal d\u2019Honneur per la sua strepitosa carriera iniziata alla Disney con un contratto di scrittura temporaneo di otto settimane solo nel 2011, un Oscar per <em>Frozen <\/em>&#8211; condiviso con Chris Buck &#8211; nel 2014, il sequel <em>Frozen 2<\/em> nel 2019 ancora con Buck (entrambi film rispettivamente al secondo e primo posto al box office dei film animati di tutti i tempi) e proseguita con la nomina, a giugno 2018, a direttore creativo degli Studios, dopo la defenestrazione di John Lasseter dalla Disney. \u201cIl potere della collaborazione\u201d l\u2019espressione pi\u00f9 usata nel discorso di ringraziamento dalla Lee, che ha esortato gli studenti presenti a credere in se stessi mostrando le immagini di un video realizzato in vista del centenario della Walt Disney Company il prossimo anno. Fra le presentazioni, mancavano quest\u2019anno i corti in prima mondiale della Pixar, sigla che si \u00e8 avuto l\u2019impressione di volerla quasi declassare. Con enfasi per\u00f2 sono state presentate dal presidente dei Walt Disney Animation Studios <strong>Clark Spencer<\/strong>,<strong> <\/strong>le prime due serie tv in assoluto proprio dei WD Animation Studios che inaugurano una stagione di show televisivi per Disney + basati sui pi\u00f9 amati personaggi dei lungometraggi della casa di Topolino: la divertente <em><strong>Baymax<\/strong><\/em> (sul robot infermiere<em> <\/em>di <em>Big Hero 6<\/em>) in uscita a fine giugno e un favoloso, esilarante e tecnicamente eccellente episodio di <em><strong>Zootopia +<\/strong><\/em> dal titolo <em>The Goodfather of the Bride<\/em> (Il Padrino della sposa) dal film premio Oscar 2017 <em>Zootropolis<\/em>, in arrivo a novembre. Serie quest\u2019ultima che avr\u00e0 un episodio uno diverso dall\u2019altro per formato, stile e racconto.<\/p>\n\n\n\n<p class=\"wp-block-paragraph\"> Anche a <strong>Michel Ocelot<\/strong> \u00e8 stato consegnato il Cristal d\u2019onore, lo stimatissimo decano dell\u2019animazione francese che ha dichiarato (a Le Film Fran\u00e7ais) di essere un ignorante e non sapere nulla di Jennifer Lee. &#8220;Creando il personaggio di <em>Kirikou<\/em> nel 1998, Michel Ocelot ha dato lo slancio necessario per creare un&#8217;industria di film d&#8217;animazione in Francia. Oggi \u00e8 un&#8217;intera comunit\u00e0 di registi, produttori e artisti di animazione che gli sono debitori. Onorandolo, il Festival riconosce il ruolo che ha svolto nello sviluppo stesso di Annecy&#8221;, ha spiegato il direttore artistico del festival <strong>Marcel Jean<\/strong>. Una verit\u00e0 innegabile sottolineata da applausi scroscianti del pubblico prima e dopo l\u2019anteprima del suo ultimo film <em>Le\u00a0Pharaon, le Sauvage et la Princesse<\/em> che, ha spiegato il regista classe 1943 con ancora progetti nel cassetto, si sarebbe dovuto chiamare <em>Trois contes pour le plaisir. <\/em>Tre racconti e tre tecniche e stili diversi per il piacere del racconto stesso e dell\u2019animazione, e tale \u00e8 stato per quanti hanno avuto la fortuna di gustarlo in anteprima mondiale al Bonlieu.<\/p>\n\n\n\n<p class=\"wp-block-paragraph\">E parlando di Francia non possiamo non citare France T\u00e9l\u00e9visions con i 96 milioni di euro investiti negli ultimi tre anni nei programmi animati per bambini e ragazzi, un\u2019offerta di livello anche nel cinema che fa dichiarare alla direttrice di France 3 Cin\u00e9ma, C\u00e9cile N\u00e9grier, \u201cnoi crediamo ancora nella sala\u201d, presentando una serie di lungometraggi dove spicca <em>La Plus Pr\u00e9cieuse des marchandises<\/em>, primo film in animazione del premio Oscar Michel Hazanavicius<em>. <\/em>Un film in 2D dall\u2019aspetto \u201cclassico\u201d come voluto dal regista di <em>The Artist<\/em>, con i personaggi basati sugli studi realizzati dallo stesso Hazanavicius, disegnatore fin da bambino che mai per\u00f2 ha avuto l\u2019intenzione di cimentarsi con l\u2019animazione. Produzione esecutiva dello studio 3.0, lo studio storico di Prima Linea (<em>La famosa invasione degli orsi in Sicilia<\/em>). Una storia sulla Shoah, una favola per adulti che inizia con le parole \u201cC\u2019era una volta\u2026\u201d perch\u00e9 il tempo odierno e l\u2019animazione, secondo il regista, permettono di prendere una distanza e il narratore di conservare l\u2019aspetto letterario del libro dal quale il film omonimo \u00e8 tratto. Scritto da Jean-Claude Grumberg, uscito nel 2019 e gi\u00e0 utilizzato nelle scuole, tradotto in oltre 16 lingue fra le quali l\u2019italiano (<em>Una merce molto pregiata<\/em>). \u201cLa mia famiglia viene da una storia cos\u00ec, e non avevo voglia di parlare di questo, ma sono stato capovolto da questo racconto\u201d, adattato per il cinema insieme a Grumberg, previsto nelle sale nel 2024. Un cast stellare che include le musiche di Alexandre Desplat (due volte premio Oscar per <em>Grand Budapest Hotel<\/em> e <em>La forma dell\u2019acqua<\/em>) e le voci di Denis Podalyd\u00e9s (l\u2019uomo dalla faccia rotta), Dominique Blanc (la moglie del boscaiolo), G\u00e9rard Depardieu (il povero boscaiolo protagonista) e il narratore, l\u2019indimenticabile Jean-Louis Trintignant che ci ha lasciato proprio mentre ad Annecy veniva presentato il work in progress del film che costituir\u00e0 cos\u00ec la sua ultima interpretazione.<\/p>\n\n\n\n<h1 class=\"wp-block-heading\"><br><\/h1>\n","protected":false},"excerpt":{"rendered":"<p>Manodopera di Alain Ughetto ha vinto il premio della Giuria e della Fondation Gan per la Diffusione al 46\u00b0 Festival International du Film d\u2019Animation d\u2019Annecy che si \u00e8 chiuso sabato 18 giugno nella cittadina d\u2019Oltralpe<\/p>\n","protected":false},"author":14,"featured_media":292147,"comment_status":"closed","ping_status":"closed","sticky":false,"template":"","format":"standard","meta":{"googlesitekit_rrm_CAow3e7fCw:productID":"","_crdt_document":"","footnotes":""},"categories":[1],"tags":[813,436,2325,417],"class_list":{"0":"post-292143","1":"post","2":"type-post","3":"status-publish","4":"format-standard","5":"has-post-thumbnail","7":"category-senza-categoria","8":"tag-animation","9":"tag-animazione","10":"tag-festivals","11":"tag-film-commission-torino-piemonte"},"yoast_head":"<!-- This site is optimized with the Yoast SEO Premium plugin v27.4 (Yoast SEO v27.5) - https:\/\/yoast.com\/product\/yoast-seo-premium-wordpress\/ -->\n<title>ANNECY Premio della Giuria a Manodoperadi Alain Ughetto - Cinema &amp; Video International<\/title>\n<meta name=\"description\" content=\"ANNECY Premio della Giuria a Manodoperadi Alain Ughetto \u2013 annecy premio della giuria a manodoperadi. Interdit aux chiens et aux Italiens di Alain Ughetto,\" \/>\n<meta name=\"robots\" content=\"index, follow, max-snippet:-1, max-image-preview:large, max-video-preview:-1\" \/>\n<link rel=\"canonical\" href=\"https:\/\/cinema.video\/it\/annecy-premio-della-giuria-a-manodopera-di-alain-ughetto\" \/>\n<meta property=\"og:locale\" content=\"it_IT\" \/>\n<meta property=\"og:type\" content=\"article\" \/>\n<meta property=\"og:title\" content=\"ANNECY Premio della Giuria a Manodoperadi Alain Ughetto\" \/>\n<meta property=\"og:description\" content=\"ANNECY Premio della Giuria a Manodoperadi Alain Ughetto \u2013 annecy premio della giuria a manodoperadi. Interdit aux chiens et aux Italiens di Alain Ughetto,\" \/>\n<meta property=\"og:url\" content=\"https:\/\/cinema.video\/it\/annecy-premio-della-giuria-a-manodopera-di-alain-ughetto\" \/>\n<meta property=\"og:site_name\" content=\"Cinema &amp; Video International\" \/>\n<meta property=\"article:publisher\" content=\"https:\/\/www.facebook.com\/CinemaVideoInternational\/\" \/>\n<meta property=\"article:published_time\" content=\"2022-06-19T20:59:48+00:00\" \/>\n<meta property=\"article:modified_time\" content=\"2026-04-10T01:57:49+00:00\" \/>\n<meta property=\"og:image\" content=\"https:\/\/cinema.video\/wp-content\/uploads\/2022\/06\/premiati-Manodopera-1024x768.jpeg\" \/>\n\t<meta property=\"og:image:width\" content=\"1024\" \/>\n\t<meta property=\"og:image:height\" content=\"768\" \/>\n\t<meta property=\"og:image:type\" content=\"image\/jpeg\" \/>\n<meta name=\"author\" content=\"Monica Tasciotti\" \/>\n<meta name=\"twitter:card\" content=\"summary_large_image\" \/>\n<meta name=\"twitter:label1\" content=\"Scritto da\" \/>\n\t<meta name=\"twitter:data1\" content=\"Monica Tasciotti\" \/>\n\t<meta name=\"twitter:label2\" content=\"Tempo di lettura stimato\" \/>\n\t<meta name=\"twitter:data2\" content=\"8 minuti\" \/>\n<script type=\"application\/ld+json\" class=\"yoast-schema-graph\">{\"@context\":\"https:\\\/\\\/schema.org\",\"@graph\":[{\"@type\":\"Article\",\"@id\":\"https:\\\/\\\/cinema.video\\\/it\\\/annecy-premio-della-giuria-a-manodopera-di-alain-ughetto#article\",\"isPartOf\":{\"@id\":\"https:\\\/\\\/cinema.video\\\/it\\\/annecy-premio-della-giuria-a-manodopera-di-alain-ughetto\"},\"author\":{\"name\":\"Monica Tasciotti\",\"@id\":\"https:\\\/\\\/cinema.video\\\/it#\\\/schema\\\/person\\\/1ee8b2699ef9820dce5f2d4deb57c0be\"},\"headline\":\"ANNECY Premio della Giuria a Manodoperadi Alain Ughetto\",\"datePublished\":\"2022-06-19T20:59:48+00:00\",\"dateModified\":\"2026-04-10T01:57:49+00:00\",\"mainEntityOfPage\":{\"@id\":\"https:\\\/\\\/cinema.video\\\/it\\\/annecy-premio-della-giuria-a-manodopera-di-alain-ughetto\"},\"wordCount\":1420,\"publisher\":{\"@id\":\"https:\\\/\\\/cinema.video\\\/it#organization\"},\"image\":{\"@id\":\"https:\\\/\\\/cinema.video\\\/it\\\/annecy-premio-della-giuria-a-manodopera-di-alain-ughetto#primaryimage\"},\"thumbnailUrl\":\"https:\\\/\\\/cinema.video\\\/wp-content\\\/uploads\\\/2022\\\/06\\\/premiati-Manodopera.jpeg\",\"keywords\":[\"ANIMATION\",\"Animazione\",\"FESTIVALS\",\"FILM COMMISSION TORINO PIEMONTE\"],\"inLanguage\":\"it-IT\"},{\"@type\":\"WebPage\",\"@id\":\"https:\\\/\\\/cinema.video\\\/it\\\/annecy-premio-della-giuria-a-manodopera-di-alain-ughetto\",\"url\":\"https:\\\/\\\/cinema.video\\\/it\\\/annecy-premio-della-giuria-a-manodopera-di-alain-ughetto\",\"name\":\"ANNECY Premio della Giuria a Manodoperadi Alain Ughetto - Cinema &amp; Video International\",\"isPartOf\":{\"@id\":\"https:\\\/\\\/cinema.video\\\/it#website\"},\"primaryImageOfPage\":{\"@id\":\"https:\\\/\\\/cinema.video\\\/it\\\/annecy-premio-della-giuria-a-manodopera-di-alain-ughetto#primaryimage\"},\"image\":{\"@id\":\"https:\\\/\\\/cinema.video\\\/it\\\/annecy-premio-della-giuria-a-manodopera-di-alain-ughetto#primaryimage\"},\"thumbnailUrl\":\"https:\\\/\\\/cinema.video\\\/wp-content\\\/uploads\\\/2022\\\/06\\\/premiati-Manodopera.jpeg\",\"datePublished\":\"2022-06-19T20:59:48+00:00\",\"dateModified\":\"2026-04-10T01:57:49+00:00\",\"description\":\"ANNECY Premio della Giuria a Manodoperadi Alain Ughetto \u2013 annecy premio della giuria a manodoperadi. Interdit aux chiens et aux Italiens di Alain Ughetto,\",\"breadcrumb\":{\"@id\":\"https:\\\/\\\/cinema.video\\\/it\\\/annecy-premio-della-giuria-a-manodopera-di-alain-ughetto#breadcrumb\"},\"inLanguage\":\"it-IT\",\"potentialAction\":[{\"@type\":\"ReadAction\",\"target\":[\"https:\\\/\\\/cinema.video\\\/it\\\/annecy-premio-della-giuria-a-manodopera-di-alain-ughetto\"]}]},{\"@type\":\"ImageObject\",\"inLanguage\":\"it-IT\",\"@id\":\"https:\\\/\\\/cinema.video\\\/it\\\/annecy-premio-della-giuria-a-manodopera-di-alain-ughetto#primaryimage\",\"url\":\"https:\\\/\\\/cinema.video\\\/wp-content\\\/uploads\\\/2022\\\/06\\\/premiati-Manodopera.jpeg\",\"contentUrl\":\"https:\\\/\\\/cinema.video\\\/wp-content\\\/uploads\\\/2022\\\/06\\\/premiati-Manodopera.jpeg\",\"width\":2560,\"height\":1920},{\"@type\":\"BreadcrumbList\",\"@id\":\"https:\\\/\\\/cinema.video\\\/it\\\/annecy-premio-della-giuria-a-manodopera-di-alain-ughetto#breadcrumb\",\"itemListElement\":[{\"@type\":\"ListItem\",\"position\":1,\"name\":\"Home\",\"item\":\"https:\\\/\\\/cinema.video\\\/it\\\/home-2\"},{\"@type\":\"ListItem\",\"position\":2,\"name\":\"ANNECY Premio della Giuria a Manodoperadi Alain Ughetto\"}]},{\"@type\":\"WebSite\",\"@id\":\"https:\\\/\\\/cinema.video\\\/it#website\",\"url\":\"https:\\\/\\\/cinema.video\\\/it\",\"name\":\"Cinema & Video International\",\"description\":\"Film &amp; Audiovisual Industry Trade Magazine\",\"publisher\":{\"@id\":\"https:\\\/\\\/cinema.video\\\/it#organization\"},\"alternateName\":\"Cinema & Video\",\"potentialAction\":[{\"@type\":\"SearchAction\",\"target\":{\"@type\":\"EntryPoint\",\"urlTemplate\":\"https:\\\/\\\/cinema.video\\\/it?s={search_term_string}\"},\"query-input\":{\"@type\":\"PropertyValueSpecification\",\"valueRequired\":true,\"valueName\":\"search_term_string\"}}],\"inLanguage\":\"it-IT\"},{\"@type\":\"Organization\",\"@id\":\"https:\\\/\\\/cinema.video\\\/it#organization\",\"name\":\"Cinema & Video\",\"url\":\"https:\\\/\\\/cinema.video\\\/it\",\"logo\":{\"@type\":\"ImageObject\",\"inLanguage\":\"it-IT\",\"@id\":\"https:\\\/\\\/cinema.video\\\/it#\\\/schema\\\/logo\\\/image\\\/\",\"url\":\"https:\\\/\\\/cinema.video\\\/wp-content\\\/uploads\\\/2026\\\/04\\\/CinemVideo_LogoBlack.png\",\"contentUrl\":\"https:\\\/\\\/cinema.video\\\/wp-content\\\/uploads\\\/2026\\\/04\\\/CinemVideo_LogoBlack.png\",\"width\":1336,\"height\":224,\"caption\":\"Cinema & Video\"},\"image\":{\"@id\":\"https:\\\/\\\/cinema.video\\\/it#\\\/schema\\\/logo\\\/image\\\/\"},\"sameAs\":[\"https:\\\/\\\/www.facebook.com\\\/CinemaVideoInternational\\\/\",\"https:\\\/\\\/www.instagram.com\\\/cinemaevideointernational\\\/\",\"https:\\\/\\\/it.linkedin.com\\\/company\\\/cinema-video-international\"],\"description\":\"Media Consulting & Marketing Agency\",\"email\":\"hello@darostudio.com\",\"legalName\":\"DARO studio LLC\",\"foundingDate\":\"2021-02-16\",\"numberOfEmployees\":{\"@type\":\"QuantitativeValue\",\"minValue\":\"1\",\"maxValue\":\"10\"}},{\"@type\":\"Person\",\"@id\":\"https:\\\/\\\/cinema.video\\\/it#\\\/schema\\\/person\\\/1ee8b2699ef9820dce5f2d4deb57c0be\",\"name\":\"Monica Tasciotti\",\"image\":{\"@type\":\"ImageObject\",\"inLanguage\":\"it-IT\",\"@id\":\"https:\\\/\\\/secure.gravatar.com\\\/avatar\\\/b6c16aab817044746bca86a66f5c3d236a2ce9151db90e36a71509f650f31bf9?s=96&d=mm&r=g\",\"url\":\"https:\\\/\\\/secure.gravatar.com\\\/avatar\\\/b6c16aab817044746bca86a66f5c3d236a2ce9151db90e36a71509f650f31bf9?s=96&d=mm&r=g\",\"contentUrl\":\"https:\\\/\\\/secure.gravatar.com\\\/avatar\\\/b6c16aab817044746bca86a66f5c3d236a2ce9151db90e36a71509f650f31bf9?s=96&d=mm&r=g\",\"caption\":\"Monica Tasciotti\"},\"url\":\"https:\\\/\\\/cinema.video\\\/it\\\/author\\\/monica-tasciotti\"}]}<\/script>\n<!-- \/ Yoast SEO Premium plugin. -->","yoast_head_json":{"title":"ANNECY Premio della Giuria a Manodoperadi Alain Ughetto - Cinema &amp; Video International","description":"ANNECY Premio della Giuria a Manodoperadi Alain Ughetto \u2013 annecy premio della giuria a manodoperadi. Interdit aux chiens et aux Italiens di Alain Ughetto,","robots":{"index":"index","follow":"follow","max-snippet":"max-snippet:-1","max-image-preview":"max-image-preview:large","max-video-preview":"max-video-preview:-1"},"canonical":"https:\/\/cinema.video\/it\/annecy-premio-della-giuria-a-manodopera-di-alain-ughetto","og_locale":"it_IT","og_type":"article","og_title":"ANNECY Premio della Giuria a Manodoperadi Alain Ughetto","og_description":"ANNECY Premio della Giuria a Manodoperadi Alain Ughetto \u2013 annecy premio della giuria a manodoperadi. Interdit aux chiens et aux Italiens di Alain Ughetto,","og_url":"https:\/\/cinema.video\/it\/annecy-premio-della-giuria-a-manodopera-di-alain-ughetto","og_site_name":"Cinema &amp; Video International","article_publisher":"https:\/\/www.facebook.com\/CinemaVideoInternational\/","article_published_time":"2022-06-19T20:59:48+00:00","article_modified_time":"2026-04-10T01:57:49+00:00","og_image":[{"width":1024,"height":768,"url":"https:\/\/cinema.video\/wp-content\/uploads\/2022\/06\/premiati-Manodopera-1024x768.jpeg","type":"image\/jpeg"}],"author":"Monica Tasciotti","twitter_card":"summary_large_image","twitter_misc":{"Scritto da":"Monica Tasciotti","Tempo di lettura stimato":"8 minuti"},"schema":{"@context":"https:\/\/schema.org","@graph":[{"@type":"Article","@id":"https:\/\/cinema.video\/it\/annecy-premio-della-giuria-a-manodopera-di-alain-ughetto#article","isPartOf":{"@id":"https:\/\/cinema.video\/it\/annecy-premio-della-giuria-a-manodopera-di-alain-ughetto"},"author":{"name":"Monica Tasciotti","@id":"https:\/\/cinema.video\/it#\/schema\/person\/1ee8b2699ef9820dce5f2d4deb57c0be"},"headline":"ANNECY Premio della Giuria a Manodoperadi Alain Ughetto","datePublished":"2022-06-19T20:59:48+00:00","dateModified":"2026-04-10T01:57:49+00:00","mainEntityOfPage":{"@id":"https:\/\/cinema.video\/it\/annecy-premio-della-giuria-a-manodopera-di-alain-ughetto"},"wordCount":1420,"publisher":{"@id":"https:\/\/cinema.video\/it#organization"},"image":{"@id":"https:\/\/cinema.video\/it\/annecy-premio-della-giuria-a-manodopera-di-alain-ughetto#primaryimage"},"thumbnailUrl":"https:\/\/cinema.video\/wp-content\/uploads\/2022\/06\/premiati-Manodopera.jpeg","keywords":["ANIMATION","Animazione","FESTIVALS","FILM COMMISSION TORINO PIEMONTE"],"inLanguage":"it-IT"},{"@type":"WebPage","@id":"https:\/\/cinema.video\/it\/annecy-premio-della-giuria-a-manodopera-di-alain-ughetto","url":"https:\/\/cinema.video\/it\/annecy-premio-della-giuria-a-manodopera-di-alain-ughetto","name":"ANNECY Premio della Giuria a Manodoperadi Alain Ughetto - Cinema &amp; Video International","isPartOf":{"@id":"https:\/\/cinema.video\/it#website"},"primaryImageOfPage":{"@id":"https:\/\/cinema.video\/it\/annecy-premio-della-giuria-a-manodopera-di-alain-ughetto#primaryimage"},"image":{"@id":"https:\/\/cinema.video\/it\/annecy-premio-della-giuria-a-manodopera-di-alain-ughetto#primaryimage"},"thumbnailUrl":"https:\/\/cinema.video\/wp-content\/uploads\/2022\/06\/premiati-Manodopera.jpeg","datePublished":"2022-06-19T20:59:48+00:00","dateModified":"2026-04-10T01:57:49+00:00","description":"ANNECY Premio della Giuria a Manodoperadi Alain Ughetto \u2013 annecy premio della giuria a manodoperadi. Interdit aux chiens et aux Italiens di Alain Ughetto,","breadcrumb":{"@id":"https:\/\/cinema.video\/it\/annecy-premio-della-giuria-a-manodopera-di-alain-ughetto#breadcrumb"},"inLanguage":"it-IT","potentialAction":[{"@type":"ReadAction","target":["https:\/\/cinema.video\/it\/annecy-premio-della-giuria-a-manodopera-di-alain-ughetto"]}]},{"@type":"ImageObject","inLanguage":"it-IT","@id":"https:\/\/cinema.video\/it\/annecy-premio-della-giuria-a-manodopera-di-alain-ughetto#primaryimage","url":"https:\/\/cinema.video\/wp-content\/uploads\/2022\/06\/premiati-Manodopera.jpeg","contentUrl":"https:\/\/cinema.video\/wp-content\/uploads\/2022\/06\/premiati-Manodopera.jpeg","width":2560,"height":1920},{"@type":"BreadcrumbList","@id":"https:\/\/cinema.video\/it\/annecy-premio-della-giuria-a-manodopera-di-alain-ughetto#breadcrumb","itemListElement":[{"@type":"ListItem","position":1,"name":"Home","item":"https:\/\/cinema.video\/it\/home-2"},{"@type":"ListItem","position":2,"name":"ANNECY Premio della Giuria a Manodoperadi Alain Ughetto"}]},{"@type":"WebSite","@id":"https:\/\/cinema.video\/it#website","url":"https:\/\/cinema.video\/it","name":"Cinema & Video International","description":"Film &amp; Audiovisual Industry Trade Magazine","publisher":{"@id":"https:\/\/cinema.video\/it#organization"},"alternateName":"Cinema & Video","potentialAction":[{"@type":"SearchAction","target":{"@type":"EntryPoint","urlTemplate":"https:\/\/cinema.video\/it?s={search_term_string}"},"query-input":{"@type":"PropertyValueSpecification","valueRequired":true,"valueName":"search_term_string"}}],"inLanguage":"it-IT"},{"@type":"Organization","@id":"https:\/\/cinema.video\/it#organization","name":"Cinema & Video","url":"https:\/\/cinema.video\/it","logo":{"@type":"ImageObject","inLanguage":"it-IT","@id":"https:\/\/cinema.video\/it#\/schema\/logo\/image\/","url":"https:\/\/cinema.video\/wp-content\/uploads\/2026\/04\/CinemVideo_LogoBlack.png","contentUrl":"https:\/\/cinema.video\/wp-content\/uploads\/2026\/04\/CinemVideo_LogoBlack.png","width":1336,"height":224,"caption":"Cinema & Video"},"image":{"@id":"https:\/\/cinema.video\/it#\/schema\/logo\/image\/"},"sameAs":["https:\/\/www.facebook.com\/CinemaVideoInternational\/","https:\/\/www.instagram.com\/cinemaevideointernational\/","https:\/\/it.linkedin.com\/company\/cinema-video-international"],"description":"Media Consulting & Marketing Agency","email":"hello@darostudio.com","legalName":"DARO studio LLC","foundingDate":"2021-02-16","numberOfEmployees":{"@type":"QuantitativeValue","minValue":"1","maxValue":"10"}},{"@type":"Person","@id":"https:\/\/cinema.video\/it#\/schema\/person\/1ee8b2699ef9820dce5f2d4deb57c0be","name":"Monica Tasciotti","image":{"@type":"ImageObject","inLanguage":"it-IT","@id":"https:\/\/secure.gravatar.com\/avatar\/b6c16aab817044746bca86a66f5c3d236a2ce9151db90e36a71509f650f31bf9?s=96&d=mm&r=g","url":"https:\/\/secure.gravatar.com\/avatar\/b6c16aab817044746bca86a66f5c3d236a2ce9151db90e36a71509f650f31bf9?s=96&d=mm&r=g","contentUrl":"https:\/\/secure.gravatar.com\/avatar\/b6c16aab817044746bca86a66f5c3d236a2ce9151db90e36a71509f650f31bf9?s=96&d=mm&r=g","caption":"Monica Tasciotti"},"url":"https:\/\/cinema.video\/it\/author\/monica-tasciotti"}]}},"jetpack_featured_media_url":"https:\/\/cinema.video\/wp-content\/uploads\/2022\/06\/premiati-Manodopera.jpeg","jetpack_shortlink":"https:\/\/wp.me\/ph672m-1dZZ","_links":{"self":[{"href":"https:\/\/cinema.video\/it\/wp-json\/wp\/v2\/posts\/292143","targetHints":{"allow":["GET"]}}],"collection":[{"href":"https:\/\/cinema.video\/it\/wp-json\/wp\/v2\/posts"}],"about":[{"href":"https:\/\/cinema.video\/it\/wp-json\/wp\/v2\/types\/post"}],"author":[{"embeddable":true,"href":"https:\/\/cinema.video\/it\/wp-json\/wp\/v2\/users\/14"}],"replies":[{"embeddable":true,"href":"https:\/\/cinema.video\/it\/wp-json\/wp\/v2\/comments?post=292143"}],"version-history":[{"count":1,"href":"https:\/\/cinema.video\/it\/wp-json\/wp\/v2\/posts\/292143\/revisions"}],"predecessor-version":[{"id":308650,"href":"https:\/\/cinema.video\/it\/wp-json\/wp\/v2\/posts\/292143\/revisions\/308650"}],"wp:featuredmedia":[{"embeddable":true,"href":"https:\/\/cinema.video\/it\/wp-json\/wp\/v2\/media\/292147"}],"wp:attachment":[{"href":"https:\/\/cinema.video\/it\/wp-json\/wp\/v2\/media?parent=292143"}],"wp:term":[{"taxonomy":"category","embeddable":true,"href":"https:\/\/cinema.video\/it\/wp-json\/wp\/v2\/categories?post=292143"},{"taxonomy":"post_tag","embeddable":true,"href":"https:\/\/cinema.video\/it\/wp-json\/wp\/v2\/tags?post=292143"}],"curies":[{"name":"wp","href":"https:\/\/api.w.org\/{rel}","templated":true}]}}