{"id":292134,"date":"2022-06-18T16:14:46","date_gmt":"2022-06-18T14:14:46","guid":{"rendered":"https:\/\/cinema.video\/?p=292134"},"modified":"2026-04-10T03:57:48","modified_gmt":"2026-04-10T01:57:48","slug":"premio-fiesole-a-farhadi-primo-maestro-del-cinema-mediorientale","status":"publish","type":"post","link":"https:\/\/cinema.video\/it\/premio-fiesole-a-farhadi-primo-maestro-del-cinema-mediorientale","title":{"rendered":"FARH\u0100DI Primo Maestro del Cinema mediorientale"},"content":{"rendered":"\n<p class=\"wp-block-paragraph\">Andr\u00e0 a <strong>Asghar Farh\u0101di<\/strong> <strong>Premio Fiesole<\/strong> <strong>ai Maestri del Cinema<\/strong>: per la prima volta il prestigioso riconoscimento conferito dal&nbsp;<strong>Comune di Fiesole, <\/strong>che quest&#8217;anno celebra la sua 45\u00b0 edizione, sar\u00e0 consegnato ad un<strong> <\/strong>regista mediorientale.<\/p>\n\n\n\n<p class=\"wp-block-paragraph\"><strong>Farh\u0101di<\/strong> ricever\u00e0 il premio il prossimo 16 luglio al <strong>Teatro Romano di Fiesole<\/strong>, dove arriver\u00e0 accompagnato dal fratello Said, anche lui sceneggiatore e suo collaboratore, e sar\u00e0 omaggiato anche dalla prima monografia italiana, curata dal <strong>Sindacato Nazionale Critici Cinematografici Italiani &#8211; Gruppo Toscano<\/strong>, che organizza il Festival in collaborazione con il Comune e con <strong>Fondazione Sistema Toscana<\/strong><\/p>\n\n\n\n<p class=\"wp-block-paragraph\">Ulteriore primato per Fiesole, \u00e8 di essere appunto i primi a premiare i regista iraniano, due volte premio Oscar, in Italia, &#8220;un paese dove \u00e8 stato molte volte, anche grazie al Festival Middle East Now, che ci ha fornito un prezioso aiuto. Ben due dei suoi film vedono l&#8217;Italia nella compagine produttiva, eppure non \u00e8 mai stato ancora degnamente omaggiato&#8221;, &#8211; nota <strong>Massimo Tria<\/strong>, direttore artistico del Festival, che ha raccolto cos\u00ec la sfida della sindaca di Fiesole, <strong>Anna Ravoni<\/strong>, di allargare gli orizzonti del Festival.<br>Tria ci tiene a sottolineare la vocazione internazionale del Premio, e si augura possa servire da rilancio per il cinema iraniano nel nostro paese, sulla scia di quanto successo l&#8217;anno passato con il premio a Mario Martone, poi celebrato a Venezia e a Cannes, e a cui in questi giorni il Festival di Pesaro dedica un libro.<\/p>\n\n\n\n<p class=\"wp-block-paragraph\">E in effetti un secondo premio per Fahr\u0101di seguir\u00e0 immediatamente quello fiesolano: il Premio \u201cSergio Amidei\u201d, Speciale per la sceneggiatura, che gli sar\u00e0 consegnato a&nbsp;&nbsp;Gorizia il 19 luglio. <\/p>\n\n\n\n<p class=\"wp-block-paragraph\">La serata del 16 luglio a Fiesole prevede un incontro-masterclass con il regista, che sar\u00e0 seguita dalla premiazione e dalla proiezione del film Premio Oscar <em>Una Separazion<\/em>e.<\/p>\n\n\n\n<p class=\"wp-block-paragraph\">L\u2019evento sar\u00e0 accompagnato da una retrospettiva dei film di Fahr\u0101di, a luglio al Piazzale degli Uffizi nell\u2019ambito della rassegna \u201cApriti cinema\u201d (sabato 2:&nbsp;<em>Il passato<\/em>; sabato 9:&nbsp;<em>Il cliente<\/em>) e ad agosto al Teatro di Fiesole, per \u201cStensen d\u2019Estate\u201d (domenica 7:&nbsp;<em>Un eroe<\/em>; domenica 14:<em>&nbsp;Tutti lo sanno<\/em>).&nbsp;<\/p>\n\n\n\n<p class=\"wp-block-paragraph\">&#8220;Farh\u0101di&nbsp;\u00e8 un autore che ha saputo raccontare la societ\u00e0 iraniana con uno sguardo universale: i suoi film, le sue storie e i suoi personaggi, testimoni delle trasformazioni che vive il suo Paese, non hanno infatti mai smesso di stupire e di far riflettere&nbsp;anche noi spettatori occidentali. \u00c8 per questo motivo che ripercorrere oggi il suo cinema significa avventurarsi in un mondo che \u00e8 al contempo estraneo e familiare, e per questo ancor pi\u00f9 stimolante\u201d<em>&nbsp;<\/em>\u2013&nbsp;ha detto <strong>Marco Luceri<\/strong>, coordinatore del Sncci Gruppo Toscano.<\/p>\n\n\n\n<p class=\"wp-block-paragraph\">Il Premio Fiesole \u00e8 realizzato con il patrocinio della&nbsp;<strong>Regione Toscana<\/strong>&nbsp;ed \u00e8 reso possibile grazie al contributo della&nbsp;<strong>Fondazione CR Firenze<\/strong>&nbsp;e al sostegno di&nbsp;<strong>Villa San Michele, A Belmond Hotel, Florence.&nbsp;<\/strong><\/p>\n","protected":false},"excerpt":{"rendered":"<p>Andr\u00e0 a Asghar Farh\u0101di il 45\u00b0Premio Fiesole ai Maestri del Cinema: per la prima volta il prestigioso riconoscimento conferito dal\u00a0Comune di Fiesole, in collaborazione con SNCCI e Fondazione Sistema Toscana, sar\u00e0 consegnato ad un regista mediorientale.<\/p>\n","protected":false},"author":2,"featured_media":292135,"comment_status":"closed","ping_status":"closed","sticky":false,"template":"","format":"standard","meta":{"googlesitekit_rrm_CAow3e7fCw:productID":"","_crdt_document":"","footnotes":""},"categories":[2331],"tags":[2317,2334,356,214,997,245],"class_list":{"0":"post-292134","1":"post","2":"type-post","3":"status-publish","4":"format-standard","5":"has-post-thumbnail","7":"category-awards","8":"tag-awards","9":"tag-events","10":"tag-focus","11":"tag-premi","12":"tag-sncci","13":"tag-toscana-film-commission"},"yoast_head":"<!-- This site is optimized with the Yoast SEO Premium plugin v27.4 (Yoast SEO v27.4) - https:\/\/yoast.com\/product\/yoast-seo-premium-wordpress\/ -->\n<title>FARH\u0100DI Primo Maestro del Cinema mediorientale - Cinema &amp; Video International<\/title>\n<meta name=\"description\" content=\"FARH\u0100DI Primo Maestro del Cinema mediorientale \u2013 farhdi primo maestro del cinema mediorientale. Andr\u00e0 a Asghar Farh\u0101di Premio Fiesole ai Maestri del Cinem\" \/>\n<meta name=\"robots\" content=\"index, follow, max-snippet:-1, max-image-preview:large, max-video-preview:-1\" \/>\n<link rel=\"canonical\" href=\"https:\/\/cinema.video\/it\/premio-fiesole-a-farhadi-primo-maestro-del-cinema-mediorientale\" \/>\n<meta property=\"og:locale\" content=\"it_IT\" \/>\n<meta property=\"og:type\" content=\"article\" \/>\n<meta property=\"og:title\" content=\"FARH\u0100DI Primo Maestro del Cinema mediorientale\" \/>\n<meta property=\"og:description\" content=\"FARH\u0100DI Primo Maestro del Cinema mediorientale \u2013 farhdi primo maestro del cinema mediorientale. Andr\u00e0 a Asghar Farh\u0101di Premio Fiesole ai Maestri del Cinem\" \/>\n<meta property=\"og:url\" content=\"https:\/\/cinema.video\/it\/premio-fiesole-a-farhadi-primo-maestro-del-cinema-mediorientale\" \/>\n<meta property=\"og:site_name\" content=\"Cinema &amp; Video International\" \/>\n<meta property=\"article:publisher\" content=\"https:\/\/www.facebook.com\/CinemaVideoInternational\/\" \/>\n<meta property=\"article:published_time\" content=\"2022-06-18T14:14:46+00:00\" \/>\n<meta property=\"article:modified_time\" content=\"2026-04-10T01:57:48+00:00\" \/>\n<meta property=\"og:image\" content=\"https:\/\/cinema.video\/wp-content\/uploads\/2022\/06\/fiesole-e1655561618769.jpg\" \/>\n\t<meta property=\"og:image:width\" content=\"800\" \/>\n\t<meta property=\"og:image:height\" content=\"554\" \/>\n\t<meta property=\"og:image:type\" content=\"image\/jpeg\" \/>\n<meta name=\"author\" content=\"Carolina Mancini\" \/>\n<meta name=\"twitter:card\" content=\"summary_large_image\" \/>\n<meta name=\"twitter:label1\" content=\"Scritto da\" \/>\n\t<meta name=\"twitter:data1\" content=\"Carolina Mancini\" \/>\n\t<meta name=\"twitter:label2\" content=\"Tempo di lettura stimato\" \/>\n\t<meta name=\"twitter:data2\" content=\"3 minuti\" \/>\n<script type=\"application\/ld+json\" class=\"yoast-schema-graph\">{\"@context\":\"https:\\\/\\\/schema.org\",\"@graph\":[{\"@type\":\"Article\",\"@id\":\"https:\\\/\\\/cinema.video\\\/it\\\/premio-fiesole-a-farhadi-primo-maestro-del-cinema-mediorientale#article\",\"isPartOf\":{\"@id\":\"https:\\\/\\\/cinema.video\\\/it\\\/premio-fiesole-a-farhadi-primo-maestro-del-cinema-mediorientale\"},\"author\":{\"name\":\"Carolina Mancini\",\"@id\":\"https:\\\/\\\/cinema.video\\\/it#\\\/schema\\\/person\\\/d5479fad8d0f2360000eb4aab6bb6e5d\"},\"headline\":\"FARH\u0100DI Primo Maestro del Cinema mediorientale\",\"datePublished\":\"2022-06-18T14:14:46+00:00\",\"dateModified\":\"2026-04-10T01:57:48+00:00\",\"mainEntityOfPage\":{\"@id\":\"https:\\\/\\\/cinema.video\\\/it\\\/premio-fiesole-a-farhadi-primo-maestro-del-cinema-mediorientale\"},\"wordCount\":477,\"publisher\":{\"@id\":\"https:\\\/\\\/cinema.video\\\/it#organization\"},\"image\":{\"@id\":\"https:\\\/\\\/cinema.video\\\/it\\\/premio-fiesole-a-farhadi-primo-maestro-del-cinema-mediorientale#primaryimage\"},\"thumbnailUrl\":\"https:\\\/\\\/cinema.video\\\/wp-content\\\/uploads\\\/2022\\\/06\\\/fiesole-e1655561618769.jpg\",\"keywords\":[\"AWARDS\",\"EVENTS\",\"focus\",\"Premi\",\"SNCCI\",\"TOSCANA FILM COMMISSION\"],\"articleSection\":[\"AWARDS\"],\"inLanguage\":\"it-IT\"},{\"@type\":\"WebPage\",\"@id\":\"https:\\\/\\\/cinema.video\\\/it\\\/premio-fiesole-a-farhadi-primo-maestro-del-cinema-mediorientale\",\"url\":\"https:\\\/\\\/cinema.video\\\/it\\\/premio-fiesole-a-farhadi-primo-maestro-del-cinema-mediorientale\",\"name\":\"FARH\u0100DI Primo Maestro del Cinema mediorientale - Cinema &amp; Video International\",\"isPartOf\":{\"@id\":\"https:\\\/\\\/cinema.video\\\/it#website\"},\"primaryImageOfPage\":{\"@id\":\"https:\\\/\\\/cinema.video\\\/it\\\/premio-fiesole-a-farhadi-primo-maestro-del-cinema-mediorientale#primaryimage\"},\"image\":{\"@id\":\"https:\\\/\\\/cinema.video\\\/it\\\/premio-fiesole-a-farhadi-primo-maestro-del-cinema-mediorientale#primaryimage\"},\"thumbnailUrl\":\"https:\\\/\\\/cinema.video\\\/wp-content\\\/uploads\\\/2022\\\/06\\\/fiesole-e1655561618769.jpg\",\"datePublished\":\"2022-06-18T14:14:46+00:00\",\"dateModified\":\"2026-04-10T01:57:48+00:00\",\"description\":\"FARH\u0100DI Primo Maestro del Cinema mediorientale \u2013 farhdi primo maestro del cinema mediorientale. Andr\u00e0 a Asghar Farh\u0101di Premio Fiesole ai Maestri del Cinem\",\"breadcrumb\":{\"@id\":\"https:\\\/\\\/cinema.video\\\/it\\\/premio-fiesole-a-farhadi-primo-maestro-del-cinema-mediorientale#breadcrumb\"},\"inLanguage\":\"it-IT\",\"potentialAction\":[{\"@type\":\"ReadAction\",\"target\":[\"https:\\\/\\\/cinema.video\\\/it\\\/premio-fiesole-a-farhadi-primo-maestro-del-cinema-mediorientale\"]}]},{\"@type\":\"ImageObject\",\"inLanguage\":\"it-IT\",\"@id\":\"https:\\\/\\\/cinema.video\\\/it\\\/premio-fiesole-a-farhadi-primo-maestro-del-cinema-mediorientale#primaryimage\",\"url\":\"https:\\\/\\\/cinema.video\\\/wp-content\\\/uploads\\\/2022\\\/06\\\/fiesole-e1655561618769.jpg\",\"contentUrl\":\"https:\\\/\\\/cinema.video\\\/wp-content\\\/uploads\\\/2022\\\/06\\\/fiesole-e1655561618769.jpg\",\"width\":800,\"height\":554},{\"@type\":\"BreadcrumbList\",\"@id\":\"https:\\\/\\\/cinema.video\\\/it\\\/premio-fiesole-a-farhadi-primo-maestro-del-cinema-mediorientale#breadcrumb\",\"itemListElement\":[{\"@type\":\"ListItem\",\"position\":1,\"name\":\"Home\",\"item\":\"https:\\\/\\\/cinema.video\\\/it\\\/home-2\"},{\"@type\":\"ListItem\",\"position\":2,\"name\":\"FARH\u0100DI Primo Maestro del Cinema mediorientale\"}]},{\"@type\":\"WebSite\",\"@id\":\"https:\\\/\\\/cinema.video\\\/it#website\",\"url\":\"https:\\\/\\\/cinema.video\\\/it\",\"name\":\"Cinema & Video International\",\"description\":\"Film &amp; Audiovisual Industry Trade Magazine\",\"publisher\":{\"@id\":\"https:\\\/\\\/cinema.video\\\/it#organization\"},\"alternateName\":\"Cinema & Video\",\"potentialAction\":[{\"@type\":\"SearchAction\",\"target\":{\"@type\":\"EntryPoint\",\"urlTemplate\":\"https:\\\/\\\/cinema.video\\\/it?s={search_term_string}\"},\"query-input\":{\"@type\":\"PropertyValueSpecification\",\"valueRequired\":true,\"valueName\":\"search_term_string\"}}],\"inLanguage\":\"it-IT\"},{\"@type\":\"Organization\",\"@id\":\"https:\\\/\\\/cinema.video\\\/it#organization\",\"name\":\"Cinema & Video\",\"url\":\"https:\\\/\\\/cinema.video\\\/it\",\"logo\":{\"@type\":\"ImageObject\",\"inLanguage\":\"it-IT\",\"@id\":\"https:\\\/\\\/cinema.video\\\/it#\\\/schema\\\/logo\\\/image\\\/\",\"url\":\"https:\\\/\\\/cinema.video\\\/wp-content\\\/uploads\\\/2026\\\/04\\\/CinemVideo_LogoBlack.png\",\"contentUrl\":\"https:\\\/\\\/cinema.video\\\/wp-content\\\/uploads\\\/2026\\\/04\\\/CinemVideo_LogoBlack.png\",\"width\":1336,\"height\":224,\"caption\":\"Cinema & Video\"},\"image\":{\"@id\":\"https:\\\/\\\/cinema.video\\\/it#\\\/schema\\\/logo\\\/image\\\/\"},\"sameAs\":[\"https:\\\/\\\/www.facebook.com\\\/CinemaVideoInternational\\\/\",\"https:\\\/\\\/www.instagram.com\\\/cinemaevideointernational\\\/\",\"https:\\\/\\\/it.linkedin.com\\\/company\\\/cinema-video-international\"],\"description\":\"Media Consulting & Marketing Agency\",\"email\":\"hello@darostudio.com\",\"legalName\":\"DARO studio LLC\",\"foundingDate\":\"2021-02-16\",\"numberOfEmployees\":{\"@type\":\"QuantitativeValue\",\"minValue\":\"1\",\"maxValue\":\"10\"}},{\"@type\":\"Person\",\"@id\":\"https:\\\/\\\/cinema.video\\\/it#\\\/schema\\\/person\\\/d5479fad8d0f2360000eb4aab6bb6e5d\",\"name\":\"Carolina Mancini\",\"image\":{\"@type\":\"ImageObject\",\"inLanguage\":\"it-IT\",\"@id\":\"https:\\\/\\\/secure.gravatar.com\\\/avatar\\\/d4758965c5e8730dbaaa7131a628547771a26c1e5bf14fe323d96f8246a62baf?s=96&d=mm&r=g\",\"url\":\"https:\\\/\\\/secure.gravatar.com\\\/avatar\\\/d4758965c5e8730dbaaa7131a628547771a26c1e5bf14fe323d96f8246a62baf?s=96&d=mm&r=g\",\"contentUrl\":\"https:\\\/\\\/secure.gravatar.com\\\/avatar\\\/d4758965c5e8730dbaaa7131a628547771a26c1e5bf14fe323d96f8246a62baf?s=96&d=mm&r=g\",\"caption\":\"Carolina Mancini\"},\"url\":\"https:\\\/\\\/cinema.video\\\/it\\\/author\\\/carolin\"}]}<\/script>\n<!-- \/ Yoast SEO Premium plugin. -->","yoast_head_json":{"title":"FARH\u0100DI Primo Maestro del Cinema mediorientale - Cinema &amp; Video International","description":"FARH\u0100DI Primo Maestro del Cinema mediorientale \u2013 farhdi primo maestro del cinema mediorientale. Andr\u00e0 a Asghar Farh\u0101di Premio Fiesole ai Maestri del Cinem","robots":{"index":"index","follow":"follow","max-snippet":"max-snippet:-1","max-image-preview":"max-image-preview:large","max-video-preview":"max-video-preview:-1"},"canonical":"https:\/\/cinema.video\/it\/premio-fiesole-a-farhadi-primo-maestro-del-cinema-mediorientale","og_locale":"it_IT","og_type":"article","og_title":"FARH\u0100DI Primo Maestro del Cinema mediorientale","og_description":"FARH\u0100DI Primo Maestro del Cinema mediorientale \u2013 farhdi primo maestro del cinema mediorientale. Andr\u00e0 a Asghar Farh\u0101di Premio Fiesole ai Maestri del Cinem","og_url":"https:\/\/cinema.video\/it\/premio-fiesole-a-farhadi-primo-maestro-del-cinema-mediorientale","og_site_name":"Cinema &amp; Video International","article_publisher":"https:\/\/www.facebook.com\/CinemaVideoInternational\/","article_published_time":"2022-06-18T14:14:46+00:00","article_modified_time":"2026-04-10T01:57:48+00:00","og_image":[{"width":800,"height":554,"url":"https:\/\/cinema.video\/wp-content\/uploads\/2022\/06\/fiesole-e1655561618769.jpg","type":"image\/jpeg"}],"author":"Carolina Mancini","twitter_card":"summary_large_image","twitter_misc":{"Scritto da":"Carolina Mancini","Tempo di lettura stimato":"3 minuti"},"schema":{"@context":"https:\/\/schema.org","@graph":[{"@type":"Article","@id":"https:\/\/cinema.video\/it\/premio-fiesole-a-farhadi-primo-maestro-del-cinema-mediorientale#article","isPartOf":{"@id":"https:\/\/cinema.video\/it\/premio-fiesole-a-farhadi-primo-maestro-del-cinema-mediorientale"},"author":{"name":"Carolina Mancini","@id":"https:\/\/cinema.video\/it#\/schema\/person\/d5479fad8d0f2360000eb4aab6bb6e5d"},"headline":"FARH\u0100DI Primo Maestro del Cinema mediorientale","datePublished":"2022-06-18T14:14:46+00:00","dateModified":"2026-04-10T01:57:48+00:00","mainEntityOfPage":{"@id":"https:\/\/cinema.video\/it\/premio-fiesole-a-farhadi-primo-maestro-del-cinema-mediorientale"},"wordCount":477,"publisher":{"@id":"https:\/\/cinema.video\/it#organization"},"image":{"@id":"https:\/\/cinema.video\/it\/premio-fiesole-a-farhadi-primo-maestro-del-cinema-mediorientale#primaryimage"},"thumbnailUrl":"https:\/\/cinema.video\/wp-content\/uploads\/2022\/06\/fiesole-e1655561618769.jpg","keywords":["AWARDS","EVENTS","focus","Premi","SNCCI","TOSCANA FILM COMMISSION"],"articleSection":["AWARDS"],"inLanguage":"it-IT"},{"@type":"WebPage","@id":"https:\/\/cinema.video\/it\/premio-fiesole-a-farhadi-primo-maestro-del-cinema-mediorientale","url":"https:\/\/cinema.video\/it\/premio-fiesole-a-farhadi-primo-maestro-del-cinema-mediorientale","name":"FARH\u0100DI Primo Maestro del Cinema mediorientale - Cinema &amp; Video International","isPartOf":{"@id":"https:\/\/cinema.video\/it#website"},"primaryImageOfPage":{"@id":"https:\/\/cinema.video\/it\/premio-fiesole-a-farhadi-primo-maestro-del-cinema-mediorientale#primaryimage"},"image":{"@id":"https:\/\/cinema.video\/it\/premio-fiesole-a-farhadi-primo-maestro-del-cinema-mediorientale#primaryimage"},"thumbnailUrl":"https:\/\/cinema.video\/wp-content\/uploads\/2022\/06\/fiesole-e1655561618769.jpg","datePublished":"2022-06-18T14:14:46+00:00","dateModified":"2026-04-10T01:57:48+00:00","description":"FARH\u0100DI Primo Maestro del Cinema mediorientale \u2013 farhdi primo maestro del cinema mediorientale. Andr\u00e0 a Asghar Farh\u0101di Premio Fiesole ai Maestri del Cinem","breadcrumb":{"@id":"https:\/\/cinema.video\/it\/premio-fiesole-a-farhadi-primo-maestro-del-cinema-mediorientale#breadcrumb"},"inLanguage":"it-IT","potentialAction":[{"@type":"ReadAction","target":["https:\/\/cinema.video\/it\/premio-fiesole-a-farhadi-primo-maestro-del-cinema-mediorientale"]}]},{"@type":"ImageObject","inLanguage":"it-IT","@id":"https:\/\/cinema.video\/it\/premio-fiesole-a-farhadi-primo-maestro-del-cinema-mediorientale#primaryimage","url":"https:\/\/cinema.video\/wp-content\/uploads\/2022\/06\/fiesole-e1655561618769.jpg","contentUrl":"https:\/\/cinema.video\/wp-content\/uploads\/2022\/06\/fiesole-e1655561618769.jpg","width":800,"height":554},{"@type":"BreadcrumbList","@id":"https:\/\/cinema.video\/it\/premio-fiesole-a-farhadi-primo-maestro-del-cinema-mediorientale#breadcrumb","itemListElement":[{"@type":"ListItem","position":1,"name":"Home","item":"https:\/\/cinema.video\/it\/home-2"},{"@type":"ListItem","position":2,"name":"FARH\u0100DI Primo Maestro del Cinema mediorientale"}]},{"@type":"WebSite","@id":"https:\/\/cinema.video\/it#website","url":"https:\/\/cinema.video\/it","name":"Cinema & Video International","description":"Film &amp; Audiovisual Industry Trade Magazine","publisher":{"@id":"https:\/\/cinema.video\/it#organization"},"alternateName":"Cinema & Video","potentialAction":[{"@type":"SearchAction","target":{"@type":"EntryPoint","urlTemplate":"https:\/\/cinema.video\/it?s={search_term_string}"},"query-input":{"@type":"PropertyValueSpecification","valueRequired":true,"valueName":"search_term_string"}}],"inLanguage":"it-IT"},{"@type":"Organization","@id":"https:\/\/cinema.video\/it#organization","name":"Cinema & Video","url":"https:\/\/cinema.video\/it","logo":{"@type":"ImageObject","inLanguage":"it-IT","@id":"https:\/\/cinema.video\/it#\/schema\/logo\/image\/","url":"https:\/\/cinema.video\/wp-content\/uploads\/2026\/04\/CinemVideo_LogoBlack.png","contentUrl":"https:\/\/cinema.video\/wp-content\/uploads\/2026\/04\/CinemVideo_LogoBlack.png","width":1336,"height":224,"caption":"Cinema & Video"},"image":{"@id":"https:\/\/cinema.video\/it#\/schema\/logo\/image\/"},"sameAs":["https:\/\/www.facebook.com\/CinemaVideoInternational\/","https:\/\/www.instagram.com\/cinemaevideointernational\/","https:\/\/it.linkedin.com\/company\/cinema-video-international"],"description":"Media Consulting & Marketing Agency","email":"hello@darostudio.com","legalName":"DARO studio LLC","foundingDate":"2021-02-16","numberOfEmployees":{"@type":"QuantitativeValue","minValue":"1","maxValue":"10"}},{"@type":"Person","@id":"https:\/\/cinema.video\/it#\/schema\/person\/d5479fad8d0f2360000eb4aab6bb6e5d","name":"Carolina Mancini","image":{"@type":"ImageObject","inLanguage":"it-IT","@id":"https:\/\/secure.gravatar.com\/avatar\/d4758965c5e8730dbaaa7131a628547771a26c1e5bf14fe323d96f8246a62baf?s=96&d=mm&r=g","url":"https:\/\/secure.gravatar.com\/avatar\/d4758965c5e8730dbaaa7131a628547771a26c1e5bf14fe323d96f8246a62baf?s=96&d=mm&r=g","contentUrl":"https:\/\/secure.gravatar.com\/avatar\/d4758965c5e8730dbaaa7131a628547771a26c1e5bf14fe323d96f8246a62baf?s=96&d=mm&r=g","caption":"Carolina Mancini"},"url":"https:\/\/cinema.video\/it\/author\/carolin"}]}},"jetpack_featured_media_url":"https:\/\/cinema.video\/wp-content\/uploads\/2022\/06\/fiesole-e1655561618769.jpg","jetpack_shortlink":"https:\/\/wp.me\/ph672m-1dZQ","_links":{"self":[{"href":"https:\/\/cinema.video\/it\/wp-json\/wp\/v2\/posts\/292134","targetHints":{"allow":["GET"]}}],"collection":[{"href":"https:\/\/cinema.video\/it\/wp-json\/wp\/v2\/posts"}],"about":[{"href":"https:\/\/cinema.video\/it\/wp-json\/wp\/v2\/types\/post"}],"author":[{"embeddable":true,"href":"https:\/\/cinema.video\/it\/wp-json\/wp\/v2\/users\/2"}],"replies":[{"embeddable":true,"href":"https:\/\/cinema.video\/it\/wp-json\/wp\/v2\/comments?post=292134"}],"version-history":[{"count":2,"href":"https:\/\/cinema.video\/it\/wp-json\/wp\/v2\/posts\/292134\/revisions"}],"predecessor-version":[{"id":308649,"href":"https:\/\/cinema.video\/it\/wp-json\/wp\/v2\/posts\/292134\/revisions\/308649"}],"wp:featuredmedia":[{"embeddable":true,"href":"https:\/\/cinema.video\/it\/wp-json\/wp\/v2\/media\/292135"}],"wp:attachment":[{"href":"https:\/\/cinema.video\/it\/wp-json\/wp\/v2\/media?parent=292134"}],"wp:term":[{"taxonomy":"category","embeddable":true,"href":"https:\/\/cinema.video\/it\/wp-json\/wp\/v2\/categories?post=292134"},{"taxonomy":"post_tag","embeddable":true,"href":"https:\/\/cinema.video\/it\/wp-json\/wp\/v2\/tags?post=292134"}],"curies":[{"name":"wp","href":"https:\/\/api.w.org\/{rel}","templated":true}]}}