{"id":292021,"date":"2022-06-07T09:56:16","date_gmt":"2022-06-07T07:56:16","guid":{"rendered":"https:\/\/cinema.video\/?p=292021"},"modified":"2026-04-10T03:57:38","modified_gmt":"2026-04-10T01:57:38","slug":"cartoons-on-the-bay-la-prima-volta-a-pescara-con-tanti-premi","status":"publish","type":"post","link":"https:\/\/cinema.video\/it\/cartoons-on-the-bay-la-prima-volta-a-pescara-con-tanti-premi","title":{"rendered":"CARTOONS ON THE BAY La prima volta a Pescara tutti i premi"},"content":{"rendered":"\n<p class=\"wp-block-paragraph\">Una pioggia di premi si \u00e8 abbattuta su Pescara, baciata da sole, caldo e un mare piatto come una sogliola per i cinque giorni di <strong>Cartoons on the Bay<\/strong>, il festival dell&#8217;animazione e della transmedialit\u00e0 promosso dalla Rai e organizzato da <strong>Rai Com <\/strong>che si \u00e8 chiuso domenica 5 giugno.<\/p>\n\n\n\n<p class=\"wp-block-paragraph\">Nella categoria lungometraggi si \u00e8 aggiudicato il Pulcinella Award 2022 <em>Troppo Cattivi<\/em> &#8211;<em>The Bad Guys<\/em> della Dreamworks Animation, diretto dal francese Pierre Perifel al suo debutto alla regia e scritto da Etan Cohen, distribuito in Italia da Universal Pictures a fine marzo.<\/p>\n\n\n\n<p class=\"wp-block-paragraph\"><a><\/a> Fra i cortometraggi, il premio \u00e8 andato a <em>Yallah<\/em> realizzato da un gruppo di studenti della Scuola dei Talenti della Creazione Digitale francese Rubika di Valenciennes, una storia ambientata nella Beirut del 1982 dove un adolescente \u00e8 determinato ad andare in piscina nonostante la guerra civile. \u201cL\u2019urgente bisogno di tornare alla normalit\u00e0 attraverso un\u2019animazione di altissima qualit\u00e0\u201d, ha convinto la giuria internazionale ad assegnare il premio. Per i prodotti in LiveAction e\/o Ibridi ha vinto la serie di avventure epiche <em>Theodosia<\/em> della Cottonwood Media (gli stessi produttori della serie di successo<em> Cercami a Paris<\/em>), &#8220;per l\u2019alta qualit\u00e0 tecnica cinematografica e per gli effetti speciali&#8221;. Miglior Pilota di serie lo spagnolo <em>The Little Orquestra<\/em> di Mago Audio Visual Production: &#8220;con uno stile originale racconta che la musica oltre a farci suonare pu\u00f2 divertire e guarire&#8221;. Nella categoria Interactive Animation, il Pulcinella \u00e8 andato al giapponese <em>Elden Ring:<\/em> &#8220;per l&#8217;eccezionale risultato nella progettazione del gioco e nella creazione di open world, <em>Elden Ring<\/em> \u00e8 il vincitore. Non c&#8217;\u00e8 altro titolo che possa rendere i giocatori cos\u00ec curiosi del mondo che li circonda&#8221;. Menzione speciale per la miglior animazione al lungometraggio brasiliano <em>Trunk Train<\/em> di Z\u00e9 Brandao su un elefante senza memoria che si trasforma in una celebrit\u00e0 dall&#8217;oggi al domani; a <em>Opal<\/em>, secondo lungometraggio di Alan Bidard, pluripremiato regista di film d&#8217;animazione dell&#8217;isola francese della Martinica, menzione per la miglior regia. Una fiaba oscura ambientata nella cultura afro-caraibica; ancora a un film brasiliano, <em>Bob Spit<\/em> di Cesar Cabral, menzione per la miglior colonna sonora di Andre Abujamra che &#8220;con la sua musica ricca e ironica esalta perfettamente la straordinaria animazione stop motion e illumina la mente iconoclastica del fumettista brasiliano Angeli&#8221;. E infine a <em>Belle <\/em>di Mamoru Hosoda, menzione speciale per la miglior sceneggiatura. Nella categoria Premi Speciali Pulcinella, premiati anche <em>I Puffins<\/em> della Ilbe. Nella nuova categoria serie tv animate per Nuovi Adulti (dai 13 anni in su) ha vinto <em>Unsung Women<\/em> (Zadig Productions, Francia)&#8221;per il suo sguardo acuto e divertente sulla disparit\u00e0 di genere nel corso della storia&#8221;. Una serie in stop motion che porta alla luce la storia di trenta donne che hanno contribuito a cambiare il mondo, ma nonostante i loro successi, i loro nomi non hanno fatto la storia, sono rimasti nell&#8217;ombra degli uomini. La pi\u00f9 rassicurante categoria prescolare ha invece visto vincere per la seconda volta al festival la serie tv Rai Ragazzi <em><strong>Mumfie<\/strong><\/em> (Zodiak Kids Studio, Francia\/Animoka, Italia) che aveva gi\u00e0 ottenuto un Pulcinella per il miglior pilota di serie nel 2018. Sono stati due i prodotti premiati della direzione che da ora in poi si chiamer\u00e0 Rai Kids, seguendo le nuove denominazioni delle direzione orizzontali Rai per le quali le \u201cgrandi manovre\u201d ai piani alti non sono ancora terminate. E proprio il festival ne ha fatto le spese non ospitando, forse a memoria per la prima volta, i vertici di viale Mazzini, evidentemente impegnati in altre faccende. N\u00e9 la presidente Marinella Soldi, n\u00e9 l\u2019amministratore delegato Carlo Fuortes, hanno fatto capolino, quest\u2019ultimo limitandosi a salutare con un breve comunicato \u201cla rassegna che porta nella citt\u00e0 adriatica alti professionisti del mondo dell`animazione&#8221;. Tornando ai premi Pulcinella, nella categoria Bambini, <em><strong>Swop<\/strong><\/em> (Olanda), con la motivazione: &#8220;per comprendersi veramente basta guardare il mondo con la testa di un altro&#8221;. <em>Swop<\/em> racconta la storia di tre amici. Un giorno scoprono una lavatrice abbandonata che sembra possedere poteri misteriosi; ti consente di scambiare la tua testa con quella di qualcun altro. Questo offre ai tre amici una serie di possibilit\u00e0&#8230;<\/p>\n\n\n\n<p class=\"wp-block-paragraph\">Le tossine, i mostri del metabolismo, tre bambini e un nonno perduto da tempo, sono gli ingredienti principali dell\u2019altra serie tv Rai Kids che si \u00e8 aggiudicata un Pulcinella, stavolta nella categoria Upper Preschool (4-6 anni). Si tratta di <em><strong>Food Wizards<\/strong><\/em>, prodotta insieme a Zocotoco e MAD Entertainment che &#8220;propone un viaggio originale e divertente alla scoperta del mangiare sano\u201d.<\/p>\n\n\n\n<p class=\"wp-block-paragraph\"><strong>I nuovi titoli per bambini e ragazzi della Rai<\/strong><\/p>\n\n\n\n<p class=\"wp-block-paragraph\">Proprio l&#8217;educazione alimentare, i valori dello sport, e l&#8217;inclusione in tutte le sue forme, la contemporaneit\u00e0 e la fiducia nel futuro, dopo il pesante biennio di isolamento per la pandemia, acquistano quest\u2019anno uno spazio particolare. Lo ha sottolineato il direttore di Rai Kids, <strong>Luca Milano<\/strong>, a Cartoons&nbsp;on the Bay dove, come tradizione, ha presentato i nuovi titoli che bambini e ragazzi, ma non solo, vedranno su Rai Yoyo, Rai Gulp, RaiPlay e sui canali generalisti.<\/p>\n\n\n\n<p class=\"wp-block-paragraph\">Fra i titoli annunciati, parte della produzione originale, dei quali si sono viste le prime immagini, <em><strong>Becco di Rame<\/strong><\/em><em>, <\/em>una nuova serie animata comedy che tratta con delicatezza il tema della disabilit\u00e0 e dell\u2019accettazione di s\u00e9 partendo da una storia vera accaduta in Toscana. Un progetto di Jacopo Saraceni, responsabile dello sviluppo della romana Ideacinema, gi\u00e0 produttore esecutivo dei film <em>Lo chiamavano Jeeg Robot<\/em> e <em>Freaks out<\/em>, che insieme alla milanese <strong>Movimenti Production, premiato Studio dell&#8217;anno<\/strong> a Pescara per le sue recenti produzioni, da <em>Strappare lungo i bordi <\/em>di Zerocalcare al nuovo <em>Topo Gigio<\/em> per Rai Yoyo di cui arriver\u00e0 una seconda stagione. Si rivolge ai bambini con autismo e contemporaneamente \u00e8 adatta a tutti i bambini in et\u00e0 prescolare <em><strong>Il Mondo di Leo<\/strong><\/em>. Una produzione della milanese Brand Cross realizzata con l&#8217;aiuto di esperti e con il coinvolgimento di bambini con autismo che potranno godere di un racconto animato senza essere disturbati da un eccesso di sollecitazioni.<em><strong> Lampadino e Caramella<\/strong><\/em>, la prima serie inclusiva della Rai(Animundi) \u00e8 invece pronta ormai per la terza stagione, con l&#8217;idea di coinvolgere nel progetto altri testimonial-personaggi che si uniranno ai tanti, da Heinz Beck a Brunello Cucinelli, da Amadeus a Gianna Nannini, che hanno caratterizzato le stagioni precedenti. E&#8217; realizzata in stop motion misto a live action <em><strong>The Sound Collector<\/strong><\/em>, una serie da 60 episodi di 5 minuti per Rai Yoyo sulle disabilit\u00e0 auditive che racconta la storia di un ragazzino che gira con un registratore per catturare i suoni della natura. Enanimation di Torino la produce con la societ\u00e0 inglese Eagles vs Bat e il pluripremiato studio di Manchester Mackinnon &amp; Saunders con la preziosa collaborazione anche del candidato all&#8217;Oscar, <strong>Barry Purves<\/strong>, maestro del \u201cpasso uno\u201d a cui \u00e8 stato assegnato il <strong>Premio alla Carriera<\/strong> a Cartoons&nbsp;on the Bay. Hello Kitty, la celebre gattina bianca dal fiocco rosso, diventer\u00e0 anche un po&#8217; italiana. A realizzare la nuova serie <em><strong>Hello Kitty: Super Style!<\/strong><\/em> in collaborazione con Rai Kids sar\u00e0 Maga Animation Studios, l&#8217;azienda di Monza scelta dalla Sanrio per l&#8217;alta qualit\u00e0 delle sue produzioni in 3D. Seguendo una tradizione ormai consolidata inoltre, attraverso il formato degli special tv, noti autori e nuovi talenti italiani affrontano temi \u201cadulti\u201d con il linguaggio poetico e delicato dell\u2019animazione. Basato sul romanzo omonimo di Fabio Geda (Baldini&amp;Castoldi),&nbsp;<em><strong>Nel mare ci sono i coccodrilli<\/strong><\/em><em> <\/em>racconta la storia vera di Enaiatollah Akbari, un bambino di 10 anni costretto a fuggire dall\u2019Afghanistan a causa delle persecuzioni dei talebani<strong>. <\/strong>Un\u2019Odissea moderna che segue le drammatiche vicende di Ena fino al felice epilogo a Torino, coprodotto con la societ\u00e0 palermitana Larcadarte e il <strong>Ministero dell&#8217;Istruzione<\/strong>. Il film verr\u00e0 trasmesso in autunno su Rai Gulp e verr\u00e0 poi usato nelle scuole come strumento didattico.Dalle autrici de \u201cLa stella di Andra e Tati\u201d, un nuovo special in animazione di impegno sociale con la splendida grafica di Annalisa Corsi e la regia di Rosalba Vitellaro.<\/p>\n\n\n\n<p class=\"wp-block-paragraph\">Tra nuovi titoli, prosecuzione di serie di successo e spin-off, sono davvero tantissime le produzioni nella line-up di Rai Kids, impossibile citarle tutte. &#8220;La Rai &#8211; dice Milano &#8211; si conferma principale editore italiano di audiovisivo per ragazzi, con ben 44 programmi nella Top 50 tra tutte le reti per ragazzi nel 2021&#8221;. Tra i programmi di acquisto, oltre alla continuazione delle serie pi\u00f9 amate, come <em><strong>Bluey<\/strong><\/em> e <em><strong>Paddington<\/strong><\/em>, arriva una nuova serie sulle avventure di <em><strong>Idefix<\/strong><\/em>, il cagnolino di Asterix e Obelix. Ma&nbsp;<em>Cartoons<\/em><em>&nbsp;on the Bay<\/em> vuol dire soprattutto cartoni animati italiani coprodotti dalla Rai: una realt\u00e0 che vede ormai in quasi tutte le regioni italiane studi di animazione che coinvolgono professionisti affermati e giovani talenti.<\/p>\n\n\n\n<p class=\"wp-block-paragraph\"><strong>I giovani animatori a Cartoons on the Bay<\/strong><\/p>\n\n\n\n<p class=\"wp-block-paragraph\">Negli ultimi anni l\u2019attivit\u00e0 di scouting di Rai Kids si \u00e8 intensificata con una serie di iniziative. &#8220;La paura diventa coraggio&#8221; \u00e8 il tema del <strong>concorso &#8220;Animiamoci&#8221;<\/strong>, indetto da Rai Ragazzi, Anica e Videocitt\u00e0 rivolto ai giovani talenti dell&#8217;animazione italiana. I cinque cortometraggi vincitori, prodotti con la collaborazione delle imprese aderenti a Cartoon Italia e di Asifa Italia, sono stati presentati in anteprima a Pescara dopo una preview a Dubai a dicembre, nel padiglione italiano di Expo, in occasione di un focus sulla nuova animazione italiana. Ideati da nove giovani autori, sei ragazze e tre ragazzi, tutti sotto i 35 anni, testimoniano la vitalit\u00e0 di un settore audiovisivo in crescita. I film sono stati introdotti in video dal presidente di Anica, Francesco Rutelli, e in sala dal direttore di Rai Ragazzi, Luca Milano, dalla presidente di Cartoon Italia, <strong>Anne-Sophie Vanhollebeke<\/strong>, dal presidente di Asifa Italia, <strong>Marino Guarnieri<\/strong> e dalla delegata di Anica Servizi, Rossella Mercurio. Le cinque opere saranno prossimamente diffuse in prima visione su Rai Gulp e RaiPlay. Si tratta di <em>Blu<\/em> (di Daniela Cerbone-Francesca Lupi-Lucia Jose Parvolo, produzione esecutiva MAD entertainment), <em>La magia del coraggio<\/em> (Francesca Morea &#8211; Antea Tramontano, produzione esecutiva Rainbow CGI Animation Studio), <em>Lucia nella notte<\/em> (Daniele Zen &#8211; Vernante Pallotti, produzione esecutiva T-Rex Digimation), <em>Il piccolo galago senegalese<\/em>(Anita Verona &#8211; Riccardo Pezzuolo, produzione esecutiva Studio Pandora), <em>Qualcuno ha detto mostro<\/em> (Francesco Forti, produzione esecutiva Ibrido Studio).<\/p>\n\n\n\n<p class=\"wp-block-paragraph\">A Pescara anche la sesta edizione del <strong>Premio Giuseppe Lagan\u00e0<\/strong>, in collaborazione sempre con Asifa Italia e Cartoon Italia, che Rai Kids segue da vicino grazie a <strong>Annita Romanelli<\/strong>, produttrice Rai Kids e moglie del noto autore e regista di animazione scomparso troppo presto. Il primo premio \u00e8 stato assegnato a Maddalena Brozzi, Laura Cagnoni e Sara Moschini per <em>Raices<\/em>, \u201cper la sua delicatezza e poesia nell&#8217;affrontare un argomento cos\u00ec importante come la perdita di una persona cara la cui presenza comunque permane lasciandoci un certo senso di conforto&#8221;. Il secondo premio \u00e8 andato a <em>Fly High<\/em> di Giuseppina Fais, Lorenzo Pappa Monterforte, Kevin Rosso e Yagiz Tunceli; terzo premio a <em>Superfunny<\/em> di Elena Panetta e Valerio Sorcinelli.<\/p>\n\n\n\n<p class=\"wp-block-paragraph\"><em><strong>Astrid<\/strong><\/em> di Federica Carbone \u00e8 invece il progetto vincitore del <strong>concorso &#8220;Pitch Me!&#8221;<\/strong> 2022 intitolato a Pierluigi DeMas di&nbsp;Cartoons&nbsp;on the Bay, che premia i migliori progetti di autori, sceneggiatori, studi di realizzazione o produttori indipendenti italiani non ancora introdotti appieno nel mercato dei professionisti. Anche se la giuria scelta dalla direzione artistica non vede pi\u00f9 da tempo un rappresentante Rai a selezionare i progetti e la garanzia di ottenere un\u2019attivazione del progetto, i vincitori ricavano comunque una certa visibilit\u00e0 fra i produttori presenti, Rai inclusa, nonch\u00e9 i software per l\u2019animazione di <strong>Toon Boom <\/strong>e tavolette con penna di<strong> Wacom, <\/strong>aziende leader<strong> <\/strong>del settore, sponsor del concorso. Il secondo premio \u00e8 stato assegnato a <em>The Seneca Effect<\/em>, terzo classificato <em>Skate Bugs<\/em>. Menzione speciale a <em>Bib\u00ec e Tut\u00f9<\/em>. Numerosi anche i giovani che hanno partecipato agli incontri one-to-one del<strong> <\/strong>Portfolio Review, presentando agli studi italiani i loro lavori e ricevendone consigli e incoraggiamento.<\/p>\n\n\n\n<p class=\"wp-block-paragraph\"><strong>Gli ospiti istituzionali<\/strong><\/p>\n\n\n\n<p class=\"wp-block-paragraph\">&#8220;I prodotti frutto dell&#8217;ingegno, siano essi un libro, un film, un fumetto o un cartoon, sono un valore e un interesse nazionale e come tale vanno difesi e sostenuti. Non \u00e8 un caso che Mattarella abbia concesso di nuovo a&nbsp;<em>Cartoons<\/em>&nbsp;la medaglia per il grande valore di questa iniziativa. Sono sicuro che riuscir\u00e0 a superare i confini nazionali diventando sempre pi\u00f9 importante&#8221;, ha dichiarato il sottosegretario alla presidenza del Consiglio per l&#8217;informazione e l&#8217;editoria, <strong>Giuseppe Moles<\/strong> aprendo il festival. &#8220;Non escludo la possibilit\u00e0 \u2013 ha dichiarato Moles &#8211; che noi con il nostro Dipartimento possiamo essere partner di iniziative simili anche per ci\u00f2 che di qui davanti faremo come comunicazione istituzionale. Io credo che utilizzare anche i&nbsp;cartoons&nbsp;e i fumetti possa essere uno strumento per raggiungere fasce della popolazione che sono affezionate a questo mondo e che meritano la stessa attenzione di tutte le altre&#8221;. \u201cSiamo assolutamente disponibili alla collaborazione con la Presidenza del Consiglio fin dalla fine di questa edizione del Festival&#8221;, gli ha subito fatto eco <strong>Roberto Genovesi<\/strong>, direttore artistico di <em>Cartoons<\/em><em>&nbsp;on the Bay.<\/em><\/p>\n\n\n\n<p class=\"wp-block-paragraph\">Quanto al presidente della Regione Abruzzo, <strong>Marco Marsilio<\/strong>, ha ribadito che &#8220;La Regione sta approvando in Consiglio regionale la legge di riforma del settore della cultura e dello spettacolo, che contiene anche la creazione della Fondazione Film Commission. E ha stanziato sui programmi operativi dei nuovi fondi europei oltre 50 milioni di euro per la promozione territoriale\u201d.<\/p>\n\n\n\n<p class=\"wp-block-paragraph\"><strong>Le guest star<\/strong><\/p>\n\n\n\n<p class=\"wp-block-paragraph\">Protagonista assoluto di questa edizione, sebbene con un\u2019apparizione piuttosto fugace, \u00e8 stato Michele Rech, in arte <strong>Zerocalcare<\/strong>. A chi gli chiede come il grandissimo successo dei suoi fumetti e della serie su Netflix <em>Strappare lungo i bordi<\/em> ha cambiato la sua vita ribatte: &#8220;Realisticamente non ho pi\u00f9 l&#8217;ansia di quello che dovr\u00f2 fare per pagare l&#8217;affitto, le bollette e il resto che direi che \u00e8 l&#8217;unica differenza significativa&#8221;. Zerocalcare ha ritirato il <strong>Premio Sergio Bonelli<\/strong> per aver &#8220;saputo trasporre il suo ironico e personalissimo stile sugli schermi e sui teleschermi&#8221;. &#8220;Grazie del premio, contrariamente a quanto si dice, non \u00e8 vero che ne ho vinti molti&#8221;, ha detto Rech, ricevendo il riconoscimento dalle mani di <strong>Davide Bonelli<\/strong>, figlio di Sergio. Ma di certo in meno di due settimane Zerocalcare ha ritirato premi percorrendo tutto lo Stivale: da Milano, per i Diversity Media Awards a fine maggio, qui a Pescara per la prima edizione del Premio Bonelli e sabato gi\u00e0 un bel Nastro dell\u2019Anno a Napoli per la serie pi\u00f9 innovativa. &#8220;La nuova serie per Netflix non \u00e8 il seguito o la seconda stagione ma \u00e8 un&#8217;altra storia, un po&#8217; come avviene nei libri. E&#8217; un formato un po&#8217; pi\u00f9 lungo, si avvicina ai 30 minuti delle serie classiche e non ai 15 minuti di <em>Strappare lungo i bordi<\/em>. Ed \u00e8 tutto quello che siamo autorizzati a dire senza che giustizino le nostre famiglie&#8230;&#8221;.<\/p>\n\n\n\n<p class=\"wp-block-paragraph\">Anche il pap\u00e0 di <em>Balto<\/em>, <em>Spirit <\/em>ed Emily della <em>Sposa cadavere<\/em> ha ricevuto il Premio Bonelli. <strong>Carlos Grangel<\/strong>, la matita di personaggi memorabili dell&#8217;animazione internazionale, dopo Tim Burton e altri ha collaborato con Guillermo del Toro per il nuovo film d&#8217;animazione per ragazzi <em><strong>Pinocchio<\/strong><\/em> disponibile su Netflix dal prossimo dicembre, per il quale ha creato proprio i personaggi di Geppetto e Pinocchio. \u201cSar\u00e0 una versione diversa da quella Disney&#8221;, ha detto il disegnatore in un ottimo italiano. &#8220;Sono innamorato dell&#8217;Italia, sono venuto diverse volte a Firenze e a Roma\u201d.<\/p>\n\n\n\n<p class=\"wp-block-paragraph\">Raccontare le bellezze italiane \u00e8 l&#8217;obiettivo di <em>Go Go Around<\/em><em>Italy<\/em>, un progetto sostenuto da Rai Kids delle societ\u00e0 romane Armosia e Makinarium, e la pugliese Intergea, che nasce per il mercato internazionale da sempre attirato dal Made in Italy, in collaborazione con il <strong>Ministero della Cultura<\/strong>. Un progetto transmediale che si estender\u00e0 oltre la serie tv attraverso giochi interattivi e applicazioni in Realt\u00e0 Aumentata. &#8220;L&#8217;animazione \u00e8 sempre un buon veicolo di comunicazione sia per i bambini che per gli adulti perch\u00e9 \u00e8 molto diretta e molto sintetica&#8221;, ha detto <strong>Maurizio Forestieri<\/strong>. E l&#8217;Italia, secondo il fondatore di Graphilm Entertainment, &#8220;ha grandissimi talenti e grande creativit\u00e0, e la produzione cinematografica e televisiva in questi anni sono aumentate. Certo misurarsi con un&#8217;industria cos\u00ec grande come quella statunitense \u00e8 sempre un problema ma non solo per l&#8217;Italia, direi per l&#8217;Europa. Penso che il futuro del settore sia nella grande collaborazione tra Paesi europei, abbiamo tanti talenti se non scappano&#8230;&#8221;. Maurizio Forestieri, che ha ricevuto il Premio alla Carriera condiviso con il maestro Barry Purves, \u00e8 stato premiato anche con <strong>l\u2019Unicef Award<\/strong> per il miglior prodotto sociale fra tutti i programmi in Selezione Ufficiale per lo special tv di Rai Gulp <em>La Custodia<\/em>. Premiati anche come studio dell&#8217;anno l\u2019azienda parigina <strong>Fortiche Production <\/strong>(per la serie tv <em>Arcane <\/em>tratta da <em>League of Legends <\/em>della statunitense Riot Games). E come chiuderebbero i Looney Tunes, da Pescara \u201cThat\u2019s All Folks!\u201d.<\/p>\n","protected":false},"excerpt":{"rendered":"<p>Si \u00e8 concluso il 5 giugno a Pescara Cartoons on the Bay, il festival dell&#8217;animazione e della transmedialit\u00e0 promosso dalla Rai e organizzato da Rai Com <\/p>\n","protected":false},"author":14,"featured_media":0,"comment_status":"closed","ping_status":"closed","sticky":false,"template":"","format":"standard","meta":{"googlesitekit_rrm_CAow3e7fCw:productID":"","_crdt_document":"","footnotes":""},"categories":[1],"tags":[436,433],"class_list":{"0":"post-292021","1":"post","2":"type-post","3":"status-publish","4":"format-standard","6":"category-senza-categoria","7":"tag-animazione","8":"tag-rai"},"yoast_head":"<!-- This site is optimized with the Yoast SEO Premium plugin v27.4 (Yoast SEO v27.4) - https:\/\/yoast.com\/product\/yoast-seo-premium-wordpress\/ -->\n<title>CARTOONS ON THE BAY La prima volta a Pescara tutti i premi - Cinema &amp; Video International<\/title>\n<meta name=\"description\" content=\"CARTOONS ON THE BAY La prima volta a Pescara tutti i premi \u2013 cartoons on the bay la prima. Una pioggia di premi si \u00e8 abbattuta su Pescara, baciata da sole\" \/>\n<meta name=\"robots\" content=\"index, follow, max-snippet:-1, max-image-preview:large, max-video-preview:-1\" \/>\n<link rel=\"canonical\" href=\"https:\/\/cinema.video\/it\/cartoons-on-the-bay-la-prima-volta-a-pescara-con-tanti-premi\" \/>\n<meta property=\"og:locale\" content=\"it_IT\" \/>\n<meta property=\"og:type\" content=\"article\" \/>\n<meta property=\"og:title\" content=\"CARTOONS ON THE BAY La prima volta a Pescara tutti i premi\" \/>\n<meta property=\"og:description\" content=\"CARTOONS ON THE BAY La prima volta a Pescara tutti i premi \u2013 cartoons on the bay la prima. Una pioggia di premi si \u00e8 abbattuta su Pescara, baciata da sole\" \/>\n<meta property=\"og:url\" content=\"https:\/\/cinema.video\/it\/cartoons-on-the-bay-la-prima-volta-a-pescara-con-tanti-premi\" \/>\n<meta property=\"og:site_name\" content=\"Cinema &amp; Video International\" \/>\n<meta property=\"article:publisher\" content=\"https:\/\/www.facebook.com\/CinemaVideoInternational\/\" \/>\n<meta property=\"article:published_time\" content=\"2022-06-07T07:56:16+00:00\" \/>\n<meta property=\"article:modified_time\" content=\"2026-04-10T01:57:38+00:00\" \/>\n<meta property=\"og:image\" content=\"https:\/\/cinema.video\/wp-content\/uploads\/2026\/04\/CinemVideo_LogoBlack.png\" \/>\n\t<meta property=\"og:image:width\" content=\"1336\" \/>\n\t<meta property=\"og:image:height\" content=\"224\" \/>\n\t<meta property=\"og:image:type\" content=\"image\/png\" \/>\n<meta name=\"author\" content=\"Monica Tasciotti\" \/>\n<meta name=\"twitter:card\" content=\"summary_large_image\" \/>\n<meta name=\"twitter:label1\" content=\"Scritto da\" \/>\n\t<meta name=\"twitter:data1\" content=\"Monica Tasciotti\" \/>\n\t<meta name=\"twitter:label2\" content=\"Tempo di lettura stimato\" \/>\n\t<meta name=\"twitter:data2\" content=\"15 minuti\" \/>\n<script type=\"application\/ld+json\" class=\"yoast-schema-graph\">{\"@context\":\"https:\\\/\\\/schema.org\",\"@graph\":[{\"@type\":\"Article\",\"@id\":\"https:\\\/\\\/cinema.video\\\/it\\\/cartoons-on-the-bay-la-prima-volta-a-pescara-con-tanti-premi#article\",\"isPartOf\":{\"@id\":\"https:\\\/\\\/cinema.video\\\/it\\\/cartoons-on-the-bay-la-prima-volta-a-pescara-con-tanti-premi\"},\"author\":{\"name\":\"Monica Tasciotti\",\"@id\":\"https:\\\/\\\/cinema.video\\\/it#\\\/schema\\\/person\\\/1ee8b2699ef9820dce5f2d4deb57c0be\"},\"headline\":\"CARTOONS ON THE BAY La prima volta a Pescara tutti i premi\",\"datePublished\":\"2022-06-07T07:56:16+00:00\",\"dateModified\":\"2026-04-10T01:57:38+00:00\",\"mainEntityOfPage\":{\"@id\":\"https:\\\/\\\/cinema.video\\\/it\\\/cartoons-on-the-bay-la-prima-volta-a-pescara-con-tanti-premi\"},\"wordCount\":2764,\"publisher\":{\"@id\":\"https:\\\/\\\/cinema.video\\\/it#organization\"},\"keywords\":[\"Animazione\",\"RAI\"],\"inLanguage\":\"it-IT\"},{\"@type\":\"WebPage\",\"@id\":\"https:\\\/\\\/cinema.video\\\/it\\\/cartoons-on-the-bay-la-prima-volta-a-pescara-con-tanti-premi\",\"url\":\"https:\\\/\\\/cinema.video\\\/it\\\/cartoons-on-the-bay-la-prima-volta-a-pescara-con-tanti-premi\",\"name\":\"CARTOONS ON THE BAY La prima volta a Pescara tutti i premi - Cinema &amp; Video International\",\"isPartOf\":{\"@id\":\"https:\\\/\\\/cinema.video\\\/it#website\"},\"datePublished\":\"2022-06-07T07:56:16+00:00\",\"dateModified\":\"2026-04-10T01:57:38+00:00\",\"description\":\"CARTOONS ON THE BAY La prima volta a Pescara tutti i premi \u2013 cartoons on the bay la prima. Una pioggia di premi si \u00e8 abbattuta su Pescara, baciata da sole\",\"breadcrumb\":{\"@id\":\"https:\\\/\\\/cinema.video\\\/it\\\/cartoons-on-the-bay-la-prima-volta-a-pescara-con-tanti-premi#breadcrumb\"},\"inLanguage\":\"it-IT\",\"potentialAction\":[{\"@type\":\"ReadAction\",\"target\":[\"https:\\\/\\\/cinema.video\\\/it\\\/cartoons-on-the-bay-la-prima-volta-a-pescara-con-tanti-premi\"]}]},{\"@type\":\"BreadcrumbList\",\"@id\":\"https:\\\/\\\/cinema.video\\\/it\\\/cartoons-on-the-bay-la-prima-volta-a-pescara-con-tanti-premi#breadcrumb\",\"itemListElement\":[{\"@type\":\"ListItem\",\"position\":1,\"name\":\"Home\",\"item\":\"https:\\\/\\\/cinema.video\\\/it\\\/home-2\"},{\"@type\":\"ListItem\",\"position\":2,\"name\":\"CARTOONS ON THE BAY La prima volta a Pescara tutti i premi\"}]},{\"@type\":\"WebSite\",\"@id\":\"https:\\\/\\\/cinema.video\\\/it#website\",\"url\":\"https:\\\/\\\/cinema.video\\\/it\",\"name\":\"Cinema & Video International\",\"description\":\"Film &amp; Audiovisual Industry Trade Magazine\",\"publisher\":{\"@id\":\"https:\\\/\\\/cinema.video\\\/it#organization\"},\"alternateName\":\"Cinema & Video\",\"potentialAction\":[{\"@type\":\"SearchAction\",\"target\":{\"@type\":\"EntryPoint\",\"urlTemplate\":\"https:\\\/\\\/cinema.video\\\/it?s={search_term_string}\"},\"query-input\":{\"@type\":\"PropertyValueSpecification\",\"valueRequired\":true,\"valueName\":\"search_term_string\"}}],\"inLanguage\":\"it-IT\"},{\"@type\":\"Organization\",\"@id\":\"https:\\\/\\\/cinema.video\\\/it#organization\",\"name\":\"Cinema & Video\",\"url\":\"https:\\\/\\\/cinema.video\\\/it\",\"logo\":{\"@type\":\"ImageObject\",\"inLanguage\":\"it-IT\",\"@id\":\"https:\\\/\\\/cinema.video\\\/it#\\\/schema\\\/logo\\\/image\\\/\",\"url\":\"https:\\\/\\\/cinema.video\\\/wp-content\\\/uploads\\\/2026\\\/04\\\/CinemVideo_LogoBlack.png\",\"contentUrl\":\"https:\\\/\\\/cinema.video\\\/wp-content\\\/uploads\\\/2026\\\/04\\\/CinemVideo_LogoBlack.png\",\"width\":1336,\"height\":224,\"caption\":\"Cinema & Video\"},\"image\":{\"@id\":\"https:\\\/\\\/cinema.video\\\/it#\\\/schema\\\/logo\\\/image\\\/\"},\"sameAs\":[\"https:\\\/\\\/www.facebook.com\\\/CinemaVideoInternational\\\/\",\"https:\\\/\\\/www.instagram.com\\\/cinemaevideointernational\\\/\",\"https:\\\/\\\/it.linkedin.com\\\/company\\\/cinema-video-international\"],\"description\":\"Media Consulting & Marketing Agency\",\"email\":\"hello@darostudio.com\",\"legalName\":\"DARO studio LLC\",\"foundingDate\":\"2021-02-16\",\"numberOfEmployees\":{\"@type\":\"QuantitativeValue\",\"minValue\":\"1\",\"maxValue\":\"10\"}},{\"@type\":\"Person\",\"@id\":\"https:\\\/\\\/cinema.video\\\/it#\\\/schema\\\/person\\\/1ee8b2699ef9820dce5f2d4deb57c0be\",\"name\":\"Monica Tasciotti\",\"image\":{\"@type\":\"ImageObject\",\"inLanguage\":\"it-IT\",\"@id\":\"https:\\\/\\\/secure.gravatar.com\\\/avatar\\\/b6c16aab817044746bca86a66f5c3d236a2ce9151db90e36a71509f650f31bf9?s=96&d=mm&r=g\",\"url\":\"https:\\\/\\\/secure.gravatar.com\\\/avatar\\\/b6c16aab817044746bca86a66f5c3d236a2ce9151db90e36a71509f650f31bf9?s=96&d=mm&r=g\",\"contentUrl\":\"https:\\\/\\\/secure.gravatar.com\\\/avatar\\\/b6c16aab817044746bca86a66f5c3d236a2ce9151db90e36a71509f650f31bf9?s=96&d=mm&r=g\",\"caption\":\"Monica Tasciotti\"},\"url\":\"https:\\\/\\\/cinema.video\\\/it\\\/author\\\/monica-tasciotti\"}]}<\/script>\n<!-- \/ Yoast SEO Premium plugin. -->","yoast_head_json":{"title":"CARTOONS ON THE BAY La prima volta a Pescara tutti i premi - Cinema &amp; Video International","description":"CARTOONS ON THE BAY La prima volta a Pescara tutti i premi \u2013 cartoons on the bay la prima. Una pioggia di premi si \u00e8 abbattuta su Pescara, baciata da sole","robots":{"index":"index","follow":"follow","max-snippet":"max-snippet:-1","max-image-preview":"max-image-preview:large","max-video-preview":"max-video-preview:-1"},"canonical":"https:\/\/cinema.video\/it\/cartoons-on-the-bay-la-prima-volta-a-pescara-con-tanti-premi","og_locale":"it_IT","og_type":"article","og_title":"CARTOONS ON THE BAY La prima volta a Pescara tutti i premi","og_description":"CARTOONS ON THE BAY La prima volta a Pescara tutti i premi \u2013 cartoons on the bay la prima. Una pioggia di premi si \u00e8 abbattuta su Pescara, baciata da sole","og_url":"https:\/\/cinema.video\/it\/cartoons-on-the-bay-la-prima-volta-a-pescara-con-tanti-premi","og_site_name":"Cinema &amp; Video International","article_publisher":"https:\/\/www.facebook.com\/CinemaVideoInternational\/","article_published_time":"2022-06-07T07:56:16+00:00","article_modified_time":"2026-04-10T01:57:38+00:00","og_image":[{"width":1336,"height":224,"url":"https:\/\/cinema.video\/wp-content\/uploads\/2026\/04\/CinemVideo_LogoBlack.png","type":"image\/png"}],"author":"Monica Tasciotti","twitter_card":"summary_large_image","twitter_misc":{"Scritto da":"Monica Tasciotti","Tempo di lettura stimato":"15 minuti"},"schema":{"@context":"https:\/\/schema.org","@graph":[{"@type":"Article","@id":"https:\/\/cinema.video\/it\/cartoons-on-the-bay-la-prima-volta-a-pescara-con-tanti-premi#article","isPartOf":{"@id":"https:\/\/cinema.video\/it\/cartoons-on-the-bay-la-prima-volta-a-pescara-con-tanti-premi"},"author":{"name":"Monica Tasciotti","@id":"https:\/\/cinema.video\/it#\/schema\/person\/1ee8b2699ef9820dce5f2d4deb57c0be"},"headline":"CARTOONS ON THE BAY La prima volta a Pescara tutti i premi","datePublished":"2022-06-07T07:56:16+00:00","dateModified":"2026-04-10T01:57:38+00:00","mainEntityOfPage":{"@id":"https:\/\/cinema.video\/it\/cartoons-on-the-bay-la-prima-volta-a-pescara-con-tanti-premi"},"wordCount":2764,"publisher":{"@id":"https:\/\/cinema.video\/it#organization"},"keywords":["Animazione","RAI"],"inLanguage":"it-IT"},{"@type":"WebPage","@id":"https:\/\/cinema.video\/it\/cartoons-on-the-bay-la-prima-volta-a-pescara-con-tanti-premi","url":"https:\/\/cinema.video\/it\/cartoons-on-the-bay-la-prima-volta-a-pescara-con-tanti-premi","name":"CARTOONS ON THE BAY La prima volta a Pescara tutti i premi - Cinema &amp; Video International","isPartOf":{"@id":"https:\/\/cinema.video\/it#website"},"datePublished":"2022-06-07T07:56:16+00:00","dateModified":"2026-04-10T01:57:38+00:00","description":"CARTOONS ON THE BAY La prima volta a Pescara tutti i premi \u2013 cartoons on the bay la prima. Una pioggia di premi si \u00e8 abbattuta su Pescara, baciata da sole","breadcrumb":{"@id":"https:\/\/cinema.video\/it\/cartoons-on-the-bay-la-prima-volta-a-pescara-con-tanti-premi#breadcrumb"},"inLanguage":"it-IT","potentialAction":[{"@type":"ReadAction","target":["https:\/\/cinema.video\/it\/cartoons-on-the-bay-la-prima-volta-a-pescara-con-tanti-premi"]}]},{"@type":"BreadcrumbList","@id":"https:\/\/cinema.video\/it\/cartoons-on-the-bay-la-prima-volta-a-pescara-con-tanti-premi#breadcrumb","itemListElement":[{"@type":"ListItem","position":1,"name":"Home","item":"https:\/\/cinema.video\/it\/home-2"},{"@type":"ListItem","position":2,"name":"CARTOONS ON THE BAY La prima volta a Pescara tutti i premi"}]},{"@type":"WebSite","@id":"https:\/\/cinema.video\/it#website","url":"https:\/\/cinema.video\/it","name":"Cinema & Video International","description":"Film &amp; Audiovisual Industry Trade Magazine","publisher":{"@id":"https:\/\/cinema.video\/it#organization"},"alternateName":"Cinema & Video","potentialAction":[{"@type":"SearchAction","target":{"@type":"EntryPoint","urlTemplate":"https:\/\/cinema.video\/it?s={search_term_string}"},"query-input":{"@type":"PropertyValueSpecification","valueRequired":true,"valueName":"search_term_string"}}],"inLanguage":"it-IT"},{"@type":"Organization","@id":"https:\/\/cinema.video\/it#organization","name":"Cinema & Video","url":"https:\/\/cinema.video\/it","logo":{"@type":"ImageObject","inLanguage":"it-IT","@id":"https:\/\/cinema.video\/it#\/schema\/logo\/image\/","url":"https:\/\/cinema.video\/wp-content\/uploads\/2026\/04\/CinemVideo_LogoBlack.png","contentUrl":"https:\/\/cinema.video\/wp-content\/uploads\/2026\/04\/CinemVideo_LogoBlack.png","width":1336,"height":224,"caption":"Cinema & Video"},"image":{"@id":"https:\/\/cinema.video\/it#\/schema\/logo\/image\/"},"sameAs":["https:\/\/www.facebook.com\/CinemaVideoInternational\/","https:\/\/www.instagram.com\/cinemaevideointernational\/","https:\/\/it.linkedin.com\/company\/cinema-video-international"],"description":"Media Consulting & Marketing Agency","email":"hello@darostudio.com","legalName":"DARO studio LLC","foundingDate":"2021-02-16","numberOfEmployees":{"@type":"QuantitativeValue","minValue":"1","maxValue":"10"}},{"@type":"Person","@id":"https:\/\/cinema.video\/it#\/schema\/person\/1ee8b2699ef9820dce5f2d4deb57c0be","name":"Monica Tasciotti","image":{"@type":"ImageObject","inLanguage":"it-IT","@id":"https:\/\/secure.gravatar.com\/avatar\/b6c16aab817044746bca86a66f5c3d236a2ce9151db90e36a71509f650f31bf9?s=96&d=mm&r=g","url":"https:\/\/secure.gravatar.com\/avatar\/b6c16aab817044746bca86a66f5c3d236a2ce9151db90e36a71509f650f31bf9?s=96&d=mm&r=g","contentUrl":"https:\/\/secure.gravatar.com\/avatar\/b6c16aab817044746bca86a66f5c3d236a2ce9151db90e36a71509f650f31bf9?s=96&d=mm&r=g","caption":"Monica Tasciotti"},"url":"https:\/\/cinema.video\/it\/author\/monica-tasciotti"}]}},"jetpack_featured_media_url":"","jetpack_shortlink":"https:\/\/wp.me\/ph672m-1dY1","_links":{"self":[{"href":"https:\/\/cinema.video\/it\/wp-json\/wp\/v2\/posts\/292021","targetHints":{"allow":["GET"]}}],"collection":[{"href":"https:\/\/cinema.video\/it\/wp-json\/wp\/v2\/posts"}],"about":[{"href":"https:\/\/cinema.video\/it\/wp-json\/wp\/v2\/types\/post"}],"author":[{"embeddable":true,"href":"https:\/\/cinema.video\/it\/wp-json\/wp\/v2\/users\/14"}],"replies":[{"embeddable":true,"href":"https:\/\/cinema.video\/it\/wp-json\/wp\/v2\/comments?post=292021"}],"version-history":[{"count":1,"href":"https:\/\/cinema.video\/it\/wp-json\/wp\/v2\/posts\/292021\/revisions"}],"predecessor-version":[{"id":308635,"href":"https:\/\/cinema.video\/it\/wp-json\/wp\/v2\/posts\/292021\/revisions\/308635"}],"wp:attachment":[{"href":"https:\/\/cinema.video\/it\/wp-json\/wp\/v2\/media?parent=292021"}],"wp:term":[{"taxonomy":"category","embeddable":true,"href":"https:\/\/cinema.video\/it\/wp-json\/wp\/v2\/categories?post=292021"},{"taxonomy":"post_tag","embeddable":true,"href":"https:\/\/cinema.video\/it\/wp-json\/wp\/v2\/tags?post=292021"}],"curies":[{"name":"wp","href":"https:\/\/api.w.org\/{rel}","templated":true}]}}