{"id":291901,"date":"2022-05-17T09:49:52","date_gmt":"2022-05-17T07:49:52","guid":{"rendered":"https:\/\/cinema.video\/?p=291901"},"modified":"2026-04-10T03:57:26","modified_gmt":"2026-04-10T01:57:26","slug":"291901-2","status":"publish","type":"post","link":"https:\/\/cinema.video\/it\/291901-2","title":{"rendered":"AOSTA Alla scoperta della Valle del Cinema"},"content":{"rendered":"\n<p class=\"wp-block-paragraph\">Domani, 18 maggio al Festival di Cannes \u00e8 il giorno de <em><strong>Le Otto Montagne<\/strong><\/em>, il film in Concorso di <strong>Felix van Groeningen e Charlotte Vandermeersch<\/strong>, interpretato da Luca Marinelli, Alessandro Borghi, Filippo Timi ed Elena Lietti,  storia dell\u2019amicizia tra due uomini, che si conoscono da ragazzi e si ritrovano pi\u00f9 avanti nella vita, e del loro rapporto con la montagna. <\/p>\n\n\n\n<p class=\"wp-block-paragraph\">Il film \u00e8 tratto dall&#8217;omonimo romanzo di Paolo Cognetti: lo scrittore, vincitore del Premio Strega nel 2017, ha contribuito alla stesura della sceneggiatura e alla ricerca delle location, in Valle D&#8217;Aosta, che \u00e8 protagonista della storia al pari dei personaggi, e di cui il film restituisce la cultura e il paesaggio montano con estrema fedelt\u00e0 e rispetto, come sottolineato da <strong>Alessandra Miletto<\/strong>, direttrice  della <strong>Film Commission Vall\u00e9e d\u2019Aoste<\/strong>, che ha sostenuto le riprese. <\/p>\n\n\n\n<p class=\"wp-block-paragraph\"><em>Le Otto Montagne<\/em>, in gara per la Palma d&#8217;Oro, \u00e8 infatti una delle tante produzioni che ha trovato il suo set ideale fra le montagne della Valle D&#8217;Aosta,&nbsp;assieme a tanti successi hollywoodiani come <em>House of Gucci, Avengers \u2013 Age of Ultron, Kingsman the Golden Circle<\/em>, o italiani come la serie di successo <em>Rocco Schiavone<\/em> o <em>Diabolik<\/em>.&nbsp;<\/p>\n\n\n\n<p class=\"wp-block-paragraph\">Questa \u201cCinecitt\u00e0 di montagna\u201d far\u00e0 mostra di s\u00e9 i prossimi 11 e 12 giugno  ad Aosta, dove si svolger\u00e0 \u201c<strong>Panoramiche. Alla scoperta della Valle del Cinema\u201d, <\/strong>una carrellata sul panorama dei festival e delle rassegne, sulle location pi\u00f9 amate da registi e produttori italiani e internazionali, seguita, la \u00a0domenica, dalla maratona cinematografica\u00a0con tutte le migliori pellicole delle edizioni precedenti dei festival e delle rassegne valdostane, a cura della Film Commission Vall\u00e9e d\u2019Aoste, con il\u00a0sostegno della Regione autonoma Valle d\u2019Aosta, del Forte di Bard e il patrocinio del Comune di Aosta.\u00a0<\/p>\n\n\n\n<p class=\"wp-block-paragraph\">Protagonisti dell\u2019evento saranno i festival storici, giunti quest\u2019anno a compiere anniversari importanti :  la 25\u00b0 edizione del <strong>Cervino CineMountain<\/strong> (a Cervinia e Valtournenche dal 6 al 13 agosto prossimi) e del <strong>Gran Paradiso Film Festival<\/strong> (al via l&#8217;11 luglio alla presenza di un prestigioso ospite del jet set internazionale),&nbsp;e i 20 anni di <strong>Strade del Cinema<\/strong>, festival internazionale del cinema muto musicato dal vivo, ad Aosta dal 4 al 10 agosto.<br>Spazio  anche per le realt\u00e0 consolidate e le nuove proposte, come il <strong>Cactus Film Festival <\/strong>(dedicato al cinema per ragazzi e affiancato dal progetto di educazione all\u2019immagine <strong>Cactus Edu <\/strong>&#8211; Aosta, 20 \u2013 22 maggio)&nbsp;, <strong>FrontDoc<\/strong> <strong>Festival Internazionale del Cinema di Frontiera (14-23 ottobre 2022)<\/strong>&nbsp;uno dei principali appuntamenti italiani dedicati al cinema del reale. <br>E ancora <strong>AIACE VdA<\/strong>, Associazione Italiana Amici del Cinema d\u2019Essai Valle d\u2019Aosta, , ispirata al modello francese dei Cin\u00e9mas d\u2019Art et d\u2019Essai e fondata nel 2020 da un gruppo di under 35 con lo scopo di promuovere e diffondere il cinema di qualit\u00e0 attraverso l\u2019organizzazione,  di rassegne, eventi speciali, festival, incontri con gli autori, laboratori scolastici e workshop aperti alla cittadinanza, in programma  tra luglio e agosto in collaborazione con svariati Comuni della Valle.<\/p>\n\n\n\n<p class=\"wp-block-paragraph\">La rassegna, organizzata dalla Film Commission Vall\u00e9e d\u2019Aoste, con il&nbsp;sostegno della <strong>Regione autonoma Valle d\u2019Aosta<\/strong>, del <strong>Forte di Bard<\/strong> e il patrocinio del <strong>Comune di Aosta<\/strong>, \u201csar\u00e0 l\u2019occasione per presentare la Valle come un territorio in cui &#8211; oltre alle bellezze ed eccellenze gi\u00e0 riconosciute a livello internazionale \u2013 sia&nbsp;&nbsp;possibile trovare anche una variegata offerta culturale legata all\u2019audiovisivo, in grado di arricchire l\u2019esperienza di chi gi\u00e0 sceglie la destinazione Valle d\u2019Aosta ma anche di attirare nuovi flussi.\u201d Come ha sottolineato l\u2019assessore ai beni culturali, turismo, sport e commercio della Regione Valle d\u2019Aosta&nbsp;<strong>Jean-Pierre Guichardaz.<\/strong><\/p>\n\n\n\n<p class=\"wp-block-paragraph\">\u201cUno dei nostri compiti \u00e8 cercare di attirare in regione il pi\u00f9 alto numero possibile di produzioni audiovisive che possano portare visibilit\u00e0 e benefici in termini turistici, economici, culturali e occupazionali.&nbsp;\u2013&nbsp;afferma<strong>&nbsp;<\/strong>Alessandra Miletto&nbsp;\u2013&nbsp;Forniamo supporto e un\u2019efficace assistenza logistica alle produzioni, grazie anche al sostegno economico del Film Fund, recentemente aumentato con lungimiranza dalla Regione. I risultati sono evidenti, con un trend di produzioni ospitate in Valle in continua ascesa e ingenti ricadute economiche e promozionali. Cerchiamo di seguire da vicino le produzioni di cui riconosciamo il valore, grandi o piccole che esse siano, e lo facciamo insieme ai soggetti istituzionali e ai comuni, con cui abbiamo una stretta collaborazione e che contribuiscono in maniera fondamentale a rendere la nostra regione un territorio sempre pi\u00f9 cinema friendly.\u201d&nbsp;<\/p>\n","protected":false},"excerpt":{"rendered":"<p>Domani, 18 maggio al Festival di Cannes \u00e8 il giorno de Le Otto Montagne, il film in Concorso di Felix van Groeningen e Charlotte Vandermeersch, girato in Valle D&#8217;Aosta con il supporto della film commission. Uno dei tanti set internazionali che saranno protagonisti, ad Aosta, il prossimo 11 e  12 giugno  la  rassegna  &#8220;Panoramiche. Alla scoperta della Valle del Cinema&#8221;<\/p>\n","protected":false},"author":26,"featured_media":291902,"comment_status":"closed","ping_status":"closed","sticky":false,"template":"","format":"standard","meta":{"googlesitekit_rrm_CAow3e7fCw:productID":"","_crdt_document":"","footnotes":""},"categories":[1],"tags":[],"class_list":{"0":"post-291901","1":"post","2":"type-post","3":"status-publish","4":"format-standard","5":"has-post-thumbnail","7":"category-senza-categoria"},"yoast_head":"<!-- This site is optimized with the Yoast SEO Premium plugin v27.4 (Yoast SEO v27.5) - https:\/\/yoast.com\/product\/yoast-seo-premium-wordpress\/ -->\n<title>AOSTA Alla scoperta della Valle del Cinema - Cinema &amp; Video International<\/title>\n<meta name=\"description\" content=\"AOSTA Alla scoperta della Valle del Cinema \u2013 aosta alla scoperta della valle del. Domani, 18 maggio al Festival di Cannes \u00e8 il giorno de Le Otto Montagne,\" \/>\n<meta name=\"robots\" content=\"index, follow, max-snippet:-1, max-image-preview:large, max-video-preview:-1\" \/>\n<link rel=\"canonical\" href=\"https:\/\/cinema.video\/it\/291901-2\" \/>\n<meta property=\"og:locale\" content=\"it_IT\" \/>\n<meta property=\"og:type\" content=\"article\" \/>\n<meta property=\"og:title\" content=\"AOSTA Alla scoperta della Valle del Cinema\" \/>\n<meta property=\"og:description\" content=\"AOSTA Alla scoperta della Valle del Cinema \u2013 aosta alla scoperta della valle del. Domani, 18 maggio al Festival di Cannes \u00e8 il giorno de Le Otto Montagne,\" \/>\n<meta property=\"og:url\" content=\"https:\/\/cinema.video\/it\/291901-2\" \/>\n<meta property=\"og:site_name\" content=\"Cinema &amp; Video International\" \/>\n<meta property=\"article:publisher\" content=\"https:\/\/www.facebook.com\/CinemaVideoInternational\/\" \/>\n<meta property=\"article:published_time\" content=\"2022-05-17T07:49:52+00:00\" \/>\n<meta property=\"article:modified_time\" content=\"2026-04-10T01:57:26+00:00\" \/>\n<meta property=\"og:image\" content=\"https:\/\/cinema.video\/wp-content\/uploads\/2022\/05\/8-montagne.jpg\" \/>\n\t<meta property=\"og:image:width\" content=\"300\" \/>\n\t<meta property=\"og:image:height\" content=\"168\" \/>\n\t<meta property=\"og:image:type\" content=\"image\/jpeg\" \/>\n<meta name=\"author\" content=\"Redazione\" \/>\n<meta name=\"twitter:card\" content=\"summary_large_image\" \/>\n<meta name=\"twitter:label1\" content=\"Scritto da\" \/>\n\t<meta name=\"twitter:data1\" content=\"Redazione\" \/>\n\t<meta name=\"twitter:label2\" content=\"Tempo di lettura stimato\" \/>\n\t<meta name=\"twitter:data2\" content=\"4 minuti\" \/>\n<script type=\"application\/ld+json\" class=\"yoast-schema-graph\">{\"@context\":\"https:\\\/\\\/schema.org\",\"@graph\":[{\"@type\":\"Article\",\"@id\":\"https:\\\/\\\/cinema.video\\\/it\\\/291901-2#article\",\"isPartOf\":{\"@id\":\"https:\\\/\\\/cinema.video\\\/it\\\/291901-2\"},\"author\":{\"name\":\"Redazione\",\"@id\":\"https:\\\/\\\/cinema.video\\\/it#\\\/schema\\\/person\\\/aeb01b91d874e8b01e76a1db04c668c6\"},\"headline\":\"AOSTA Alla scoperta della Valle del Cinema\",\"datePublished\":\"2022-05-17T07:49:52+00:00\",\"dateModified\":\"2026-04-10T01:57:26+00:00\",\"mainEntityOfPage\":{\"@id\":\"https:\\\/\\\/cinema.video\\\/it\\\/291901-2\"},\"wordCount\":733,\"publisher\":{\"@id\":\"https:\\\/\\\/cinema.video\\\/it#organization\"},\"image\":{\"@id\":\"https:\\\/\\\/cinema.video\\\/it\\\/291901-2#primaryimage\"},\"thumbnailUrl\":\"https:\\\/\\\/cinema.video\\\/wp-content\\\/uploads\\\/2022\\\/05\\\/8-montagne.jpg\",\"inLanguage\":\"it-IT\"},{\"@type\":\"WebPage\",\"@id\":\"https:\\\/\\\/cinema.video\\\/it\\\/291901-2\",\"url\":\"https:\\\/\\\/cinema.video\\\/it\\\/291901-2\",\"name\":\"AOSTA Alla scoperta della Valle del Cinema - Cinema &amp; Video International\",\"isPartOf\":{\"@id\":\"https:\\\/\\\/cinema.video\\\/it#website\"},\"primaryImageOfPage\":{\"@id\":\"https:\\\/\\\/cinema.video\\\/it\\\/291901-2#primaryimage\"},\"image\":{\"@id\":\"https:\\\/\\\/cinema.video\\\/it\\\/291901-2#primaryimage\"},\"thumbnailUrl\":\"https:\\\/\\\/cinema.video\\\/wp-content\\\/uploads\\\/2022\\\/05\\\/8-montagne.jpg\",\"datePublished\":\"2022-05-17T07:49:52+00:00\",\"dateModified\":\"2026-04-10T01:57:26+00:00\",\"description\":\"AOSTA Alla scoperta della Valle del Cinema \u2013 aosta alla scoperta della valle del. Domani, 18 maggio al Festival di Cannes \u00e8 il giorno de Le Otto Montagne,\",\"breadcrumb\":{\"@id\":\"https:\\\/\\\/cinema.video\\\/it\\\/291901-2#breadcrumb\"},\"inLanguage\":\"it-IT\",\"potentialAction\":[{\"@type\":\"ReadAction\",\"target\":[\"https:\\\/\\\/cinema.video\\\/it\\\/291901-2\"]}]},{\"@type\":\"ImageObject\",\"inLanguage\":\"it-IT\",\"@id\":\"https:\\\/\\\/cinema.video\\\/it\\\/291901-2#primaryimage\",\"url\":\"https:\\\/\\\/cinema.video\\\/wp-content\\\/uploads\\\/2022\\\/05\\\/8-montagne.jpg\",\"contentUrl\":\"https:\\\/\\\/cinema.video\\\/wp-content\\\/uploads\\\/2022\\\/05\\\/8-montagne.jpg\",\"width\":300,\"height\":168},{\"@type\":\"BreadcrumbList\",\"@id\":\"https:\\\/\\\/cinema.video\\\/it\\\/291901-2#breadcrumb\",\"itemListElement\":[{\"@type\":\"ListItem\",\"position\":1,\"name\":\"Home\",\"item\":\"https:\\\/\\\/cinema.video\\\/it\\\/home-2\"},{\"@type\":\"ListItem\",\"position\":2,\"name\":\"AOSTA Alla scoperta della Valle del Cinema\"}]},{\"@type\":\"WebSite\",\"@id\":\"https:\\\/\\\/cinema.video\\\/it#website\",\"url\":\"https:\\\/\\\/cinema.video\\\/it\",\"name\":\"Cinema & Video International\",\"description\":\"Film &amp; Audiovisual Industry Trade Magazine\",\"publisher\":{\"@id\":\"https:\\\/\\\/cinema.video\\\/it#organization\"},\"alternateName\":\"Cinema & Video\",\"potentialAction\":[{\"@type\":\"SearchAction\",\"target\":{\"@type\":\"EntryPoint\",\"urlTemplate\":\"https:\\\/\\\/cinema.video\\\/it?s={search_term_string}\"},\"query-input\":{\"@type\":\"PropertyValueSpecification\",\"valueRequired\":true,\"valueName\":\"search_term_string\"}}],\"inLanguage\":\"it-IT\"},{\"@type\":\"Organization\",\"@id\":\"https:\\\/\\\/cinema.video\\\/it#organization\",\"name\":\"Cinema & Video\",\"url\":\"https:\\\/\\\/cinema.video\\\/it\",\"logo\":{\"@type\":\"ImageObject\",\"inLanguage\":\"it-IT\",\"@id\":\"https:\\\/\\\/cinema.video\\\/it#\\\/schema\\\/logo\\\/image\\\/\",\"url\":\"https:\\\/\\\/cinema.video\\\/wp-content\\\/uploads\\\/2026\\\/04\\\/CinemVideo_LogoBlack.png\",\"contentUrl\":\"https:\\\/\\\/cinema.video\\\/wp-content\\\/uploads\\\/2026\\\/04\\\/CinemVideo_LogoBlack.png\",\"width\":1336,\"height\":224,\"caption\":\"Cinema & Video\"},\"image\":{\"@id\":\"https:\\\/\\\/cinema.video\\\/it#\\\/schema\\\/logo\\\/image\\\/\"},\"sameAs\":[\"https:\\\/\\\/www.facebook.com\\\/CinemaVideoInternational\\\/\",\"https:\\\/\\\/www.instagram.com\\\/cinemaevideointernational\\\/\",\"https:\\\/\\\/it.linkedin.com\\\/company\\\/cinema-video-international\"],\"description\":\"Media Consulting & Marketing Agency\",\"email\":\"hello@darostudio.com\",\"legalName\":\"DARO studio LLC\",\"foundingDate\":\"2021-02-16\",\"numberOfEmployees\":{\"@type\":\"QuantitativeValue\",\"minValue\":\"1\",\"maxValue\":\"10\"}},{\"@type\":\"Person\",\"@id\":\"https:\\\/\\\/cinema.video\\\/it#\\\/schema\\\/person\\\/aeb01b91d874e8b01e76a1db04c668c6\",\"name\":\"Redazione\",\"image\":{\"@type\":\"ImageObject\",\"inLanguage\":\"it-IT\",\"@id\":\"https:\\\/\\\/secure.gravatar.com\\\/avatar\\\/06ad6f92eb14745b75fb592cadf8139d33242d81c9c8b085133c450aaf0b9731?s=96&d=mm&r=g\",\"url\":\"https:\\\/\\\/secure.gravatar.com\\\/avatar\\\/06ad6f92eb14745b75fb592cadf8139d33242d81c9c8b085133c450aaf0b9731?s=96&d=mm&r=g\",\"contentUrl\":\"https:\\\/\\\/secure.gravatar.com\\\/avatar\\\/06ad6f92eb14745b75fb592cadf8139d33242d81c9c8b085133c450aaf0b9731?s=96&d=mm&r=g\",\"caption\":\"Redazione\"},\"url\":\"https:\\\/\\\/cinema.video\\\/it\\\/author\\\/redazione\"}]}<\/script>\n<!-- \/ Yoast SEO Premium plugin. -->","yoast_head_json":{"title":"AOSTA Alla scoperta della Valle del Cinema - Cinema &amp; Video International","description":"AOSTA Alla scoperta della Valle del Cinema \u2013 aosta alla scoperta della valle del. Domani, 18 maggio al Festival di Cannes \u00e8 il giorno de Le Otto Montagne,","robots":{"index":"index","follow":"follow","max-snippet":"max-snippet:-1","max-image-preview":"max-image-preview:large","max-video-preview":"max-video-preview:-1"},"canonical":"https:\/\/cinema.video\/it\/291901-2","og_locale":"it_IT","og_type":"article","og_title":"AOSTA Alla scoperta della Valle del Cinema","og_description":"AOSTA Alla scoperta della Valle del Cinema \u2013 aosta alla scoperta della valle del. Domani, 18 maggio al Festival di Cannes \u00e8 il giorno de Le Otto Montagne,","og_url":"https:\/\/cinema.video\/it\/291901-2","og_site_name":"Cinema &amp; Video International","article_publisher":"https:\/\/www.facebook.com\/CinemaVideoInternational\/","article_published_time":"2022-05-17T07:49:52+00:00","article_modified_time":"2026-04-10T01:57:26+00:00","og_image":[{"width":300,"height":168,"url":"https:\/\/cinema.video\/wp-content\/uploads\/2022\/05\/8-montagne.jpg","type":"image\/jpeg"}],"author":"Redazione","twitter_card":"summary_large_image","twitter_misc":{"Scritto da":"Redazione","Tempo di lettura stimato":"4 minuti"},"schema":{"@context":"https:\/\/schema.org","@graph":[{"@type":"Article","@id":"https:\/\/cinema.video\/it\/291901-2#article","isPartOf":{"@id":"https:\/\/cinema.video\/it\/291901-2"},"author":{"name":"Redazione","@id":"https:\/\/cinema.video\/it#\/schema\/person\/aeb01b91d874e8b01e76a1db04c668c6"},"headline":"AOSTA Alla scoperta della Valle del Cinema","datePublished":"2022-05-17T07:49:52+00:00","dateModified":"2026-04-10T01:57:26+00:00","mainEntityOfPage":{"@id":"https:\/\/cinema.video\/it\/291901-2"},"wordCount":733,"publisher":{"@id":"https:\/\/cinema.video\/it#organization"},"image":{"@id":"https:\/\/cinema.video\/it\/291901-2#primaryimage"},"thumbnailUrl":"https:\/\/cinema.video\/wp-content\/uploads\/2022\/05\/8-montagne.jpg","inLanguage":"it-IT"},{"@type":"WebPage","@id":"https:\/\/cinema.video\/it\/291901-2","url":"https:\/\/cinema.video\/it\/291901-2","name":"AOSTA Alla scoperta della Valle del Cinema - Cinema &amp; Video International","isPartOf":{"@id":"https:\/\/cinema.video\/it#website"},"primaryImageOfPage":{"@id":"https:\/\/cinema.video\/it\/291901-2#primaryimage"},"image":{"@id":"https:\/\/cinema.video\/it\/291901-2#primaryimage"},"thumbnailUrl":"https:\/\/cinema.video\/wp-content\/uploads\/2022\/05\/8-montagne.jpg","datePublished":"2022-05-17T07:49:52+00:00","dateModified":"2026-04-10T01:57:26+00:00","description":"AOSTA Alla scoperta della Valle del Cinema \u2013 aosta alla scoperta della valle del. Domani, 18 maggio al Festival di Cannes \u00e8 il giorno de Le Otto Montagne,","breadcrumb":{"@id":"https:\/\/cinema.video\/it\/291901-2#breadcrumb"},"inLanguage":"it-IT","potentialAction":[{"@type":"ReadAction","target":["https:\/\/cinema.video\/it\/291901-2"]}]},{"@type":"ImageObject","inLanguage":"it-IT","@id":"https:\/\/cinema.video\/it\/291901-2#primaryimage","url":"https:\/\/cinema.video\/wp-content\/uploads\/2022\/05\/8-montagne.jpg","contentUrl":"https:\/\/cinema.video\/wp-content\/uploads\/2022\/05\/8-montagne.jpg","width":300,"height":168},{"@type":"BreadcrumbList","@id":"https:\/\/cinema.video\/it\/291901-2#breadcrumb","itemListElement":[{"@type":"ListItem","position":1,"name":"Home","item":"https:\/\/cinema.video\/it\/home-2"},{"@type":"ListItem","position":2,"name":"AOSTA Alla scoperta della Valle del Cinema"}]},{"@type":"WebSite","@id":"https:\/\/cinema.video\/it#website","url":"https:\/\/cinema.video\/it","name":"Cinema & Video International","description":"Film &amp; Audiovisual Industry Trade Magazine","publisher":{"@id":"https:\/\/cinema.video\/it#organization"},"alternateName":"Cinema & Video","potentialAction":[{"@type":"SearchAction","target":{"@type":"EntryPoint","urlTemplate":"https:\/\/cinema.video\/it?s={search_term_string}"},"query-input":{"@type":"PropertyValueSpecification","valueRequired":true,"valueName":"search_term_string"}}],"inLanguage":"it-IT"},{"@type":"Organization","@id":"https:\/\/cinema.video\/it#organization","name":"Cinema & Video","url":"https:\/\/cinema.video\/it","logo":{"@type":"ImageObject","inLanguage":"it-IT","@id":"https:\/\/cinema.video\/it#\/schema\/logo\/image\/","url":"https:\/\/cinema.video\/wp-content\/uploads\/2026\/04\/CinemVideo_LogoBlack.png","contentUrl":"https:\/\/cinema.video\/wp-content\/uploads\/2026\/04\/CinemVideo_LogoBlack.png","width":1336,"height":224,"caption":"Cinema & Video"},"image":{"@id":"https:\/\/cinema.video\/it#\/schema\/logo\/image\/"},"sameAs":["https:\/\/www.facebook.com\/CinemaVideoInternational\/","https:\/\/www.instagram.com\/cinemaevideointernational\/","https:\/\/it.linkedin.com\/company\/cinema-video-international"],"description":"Media Consulting & Marketing Agency","email":"hello@darostudio.com","legalName":"DARO studio LLC","foundingDate":"2021-02-16","numberOfEmployees":{"@type":"QuantitativeValue","minValue":"1","maxValue":"10"}},{"@type":"Person","@id":"https:\/\/cinema.video\/it#\/schema\/person\/aeb01b91d874e8b01e76a1db04c668c6","name":"Redazione","image":{"@type":"ImageObject","inLanguage":"it-IT","@id":"https:\/\/secure.gravatar.com\/avatar\/06ad6f92eb14745b75fb592cadf8139d33242d81c9c8b085133c450aaf0b9731?s=96&d=mm&r=g","url":"https:\/\/secure.gravatar.com\/avatar\/06ad6f92eb14745b75fb592cadf8139d33242d81c9c8b085133c450aaf0b9731?s=96&d=mm&r=g","contentUrl":"https:\/\/secure.gravatar.com\/avatar\/06ad6f92eb14745b75fb592cadf8139d33242d81c9c8b085133c450aaf0b9731?s=96&d=mm&r=g","caption":"Redazione"},"url":"https:\/\/cinema.video\/it\/author\/redazione"}]}},"jetpack_featured_media_url":"https:\/\/cinema.video\/wp-content\/uploads\/2022\/05\/8-montagne.jpg","jetpack_shortlink":"https:\/\/wp.me\/ph672m-1dW5","_links":{"self":[{"href":"https:\/\/cinema.video\/it\/wp-json\/wp\/v2\/posts\/291901","targetHints":{"allow":["GET"]}}],"collection":[{"href":"https:\/\/cinema.video\/it\/wp-json\/wp\/v2\/posts"}],"about":[{"href":"https:\/\/cinema.video\/it\/wp-json\/wp\/v2\/types\/post"}],"author":[{"embeddable":true,"href":"https:\/\/cinema.video\/it\/wp-json\/wp\/v2\/users\/26"}],"replies":[{"embeddable":true,"href":"https:\/\/cinema.video\/it\/wp-json\/wp\/v2\/comments?post=291901"}],"version-history":[{"count":1,"href":"https:\/\/cinema.video\/it\/wp-json\/wp\/v2\/posts\/291901\/revisions"}],"predecessor-version":[{"id":308614,"href":"https:\/\/cinema.video\/it\/wp-json\/wp\/v2\/posts\/291901\/revisions\/308614"}],"wp:featuredmedia":[{"embeddable":true,"href":"https:\/\/cinema.video\/it\/wp-json\/wp\/v2\/media\/291902"}],"wp:attachment":[{"href":"https:\/\/cinema.video\/it\/wp-json\/wp\/v2\/media?parent=291901"}],"wp:term":[{"taxonomy":"category","embeddable":true,"href":"https:\/\/cinema.video\/it\/wp-json\/wp\/v2\/categories?post=291901"},{"taxonomy":"post_tag","embeddable":true,"href":"https:\/\/cinema.video\/it\/wp-json\/wp\/v2\/tags?post=291901"}],"curies":[{"name":"wp","href":"https:\/\/api.w.org\/{rel}","templated":true}]}}