{"id":291875,"date":"2022-05-12T09:31:36","date_gmt":"2022-05-12T07:31:36","guid":{"rendered":"https:\/\/cinema.video\/?p=291875"},"modified":"2026-04-10T03:57:25","modified_gmt":"2026-04-10T01:57:25","slug":"cna-cinemaaudiovisivo-emilia-romagna-al-via-ciak","status":"publish","type":"post","link":"https:\/\/cinema.video\/it\/cna-cinemaaudiovisivo-emilia-romagna-al-via-ciak","title":{"rendered":"CNA Cinema&#038;Audiovisivo Emilia Romagna Al via CIAK"},"content":{"rendered":"\n<p class=\"wp-block-paragraph\">Si svolger\u00e0 domani, 13 maggio, alle 11 nell&#8217;ambito del <strong>Bellaria Film Festival<\/strong>,  <strong><em>Frontiere. La nuova Geografia del Cinema. Dialoghi sui Confini fra Produzione, Distribuzione, Comunicazione, Festival, Sale Cinematografiche<\/em><\/strong>, il primo degli incontri della nuova edizione di <strong>CIAK<\/strong>,<em>\u00a0<\/em>il progetto <strong>CNA<\/strong> <strong>Cinema e Audiovisivo Emilia-Romagna\u00a0<\/strong>che mira a incentivare il networking e lo sviluppo del settore cinematografico e audiovisivo del territorio emiliano-romagnolo, affrontando i temi di maggiore attualit\u00e0 in dialogo con gli esperti del comparto.<\/p>\n\n\n\n<p class=\"wp-block-paragraph\">Questo primo momento di confronto intende esplorare la possibile contaminazione tra creativit\u00e0 e management, puntando alla promozione dell\u2019estro immaginativo attraverso la diversificazione e la moltiplicazione dei linguaggi, l\u2019introduzione di innovazioni anche di tipo gestionale e il dialogo tra imprenditori e altri interlocutori del settore come organizzatori di festival e giovani professionisti.<\/p>\n\n\n\n<p class=\"wp-block-paragraph\">Il secondo appuntamento sar\u00e0 a Ferrara, ed \u00e8 dedicato a <span style=\"font-weight: 600;\"><i>Advertainment. Storie con lo Sponsor.<\/i><\/span><strong><em> Quando la comunicazione commerciale si unisce al cinema e diventa narrazione<\/em><\/strong>, con un focus specifico sul tema della sostenibilit\u00e0 nella produzione e sul<br>\u201cproduct placement\u201d; mentre il terzo verter\u00e0 su <strong><em>Visioni dal Futuro. Come Sar\u00e0 il Cinema Domani. Analisi delle intersezioni con innovazione e tecnologia: gaming; realt\u00e0 virtuale e aumentata, intelligenza artificiale e big data.<\/em><\/strong> <br>Obiettivo di questa terza tappa \u00e8 far incontrare e comunicare due mondi spesso distanti: quello dell\u2019innovazione e della ricerca e quello dell\u2019impresa.<\/p>\n\n\n\n<p class=\"wp-block-paragraph\"><strong><em><br><\/em><\/strong><\/p>\n","protected":false},"excerpt":{"rendered":"<p>Prende il via il 13 maggio, nell&#8217;ambito del Bellaria Film Festival, il primo dei tre appuntamenti di CIAK, organizzato da CNA Cinema e Audiovisivo Emilia Romagna, dal titolo<br \/>\n&#8220;Frontiere. La nuova Geografia del Cinema. Dialoghi sui Confini fra Produzione, Distribuzione, Comunicazione, Festival, Sale Cinematografiche&#8221;<\/p>\n","protected":false},"author":26,"featured_media":291876,"comment_status":"closed","ping_status":"closed","sticky":false,"template":"","format":"standard","meta":{"googlesitekit_rrm_CAow3e7fCw:productID":"","_crdt_document":"","footnotes":""},"categories":[198],"tags":[],"class_list":{"0":"post-291875","1":"post","2":"type-post","3":"status-publish","4":"format-standard","5":"has-post-thumbnail","7":"category-industry"},"yoast_head":"<!-- This site is optimized with the Yoast SEO Premium plugin v27.4 (Yoast SEO v27.4) - https:\/\/yoast.com\/product\/yoast-seo-premium-wordpress\/ -->\n<title>CNA Cinema&amp;Audiovisivo Emilia Romagna Al via CIAK - Cinema &amp; Video International<\/title>\n<meta name=\"description\" content=\"CNA Cinema&amp;Audiovisivo Emilia Romagna Al via CIAK \u2013 cna cinemaaudiovisivo emilia romagna al via. Si svolger\u00e0 domani, 13 maggio, alle 11 nell&#039;ambito del Be\" \/>\n<meta name=\"robots\" content=\"index, follow, max-snippet:-1, max-image-preview:large, max-video-preview:-1\" \/>\n<link rel=\"canonical\" href=\"https:\/\/cinema.video\/it\/cna-cinemaaudiovisivo-emilia-romagna-al-via-ciak\" \/>\n<meta property=\"og:locale\" content=\"it_IT\" \/>\n<meta property=\"og:type\" content=\"article\" \/>\n<meta property=\"og:title\" content=\"CNA Cinema&amp;Audiovisivo Emilia Romagna Al via CIAK\" \/>\n<meta property=\"og:description\" content=\"CNA Cinema&amp;Audiovisivo Emilia Romagna Al via CIAK \u2013 cna cinemaaudiovisivo emilia romagna al via. Si svolger\u00e0 domani, 13 maggio, alle 11 nell&#039;ambito del Be\" \/>\n<meta property=\"og:url\" content=\"https:\/\/cinema.video\/it\/cna-cinemaaudiovisivo-emilia-romagna-al-via-ciak\" \/>\n<meta property=\"og:site_name\" content=\"Cinema &amp; Video International\" \/>\n<meta property=\"article:publisher\" content=\"https:\/\/www.facebook.com\/CinemaVideoInternational\/\" \/>\n<meta property=\"article:published_time\" content=\"2022-05-12T07:31:36+00:00\" \/>\n<meta property=\"article:modified_time\" content=\"2026-04-10T01:57:25+00:00\" \/>\n<meta property=\"og:image\" content=\"https:\/\/cinema.video\/wp-content\/uploads\/2022\/05\/CIAK.jpg\" \/>\n\t<meta property=\"og:image:width\" content=\"768\" \/>\n\t<meta property=\"og:image:height\" content=\"519\" \/>\n\t<meta property=\"og:image:type\" content=\"image\/jpeg\" \/>\n<meta name=\"author\" content=\"Redazione\" \/>\n<meta name=\"twitter:card\" content=\"summary_large_image\" \/>\n<meta name=\"twitter:label1\" content=\"Scritto da\" \/>\n\t<meta name=\"twitter:data1\" content=\"Redazione\" \/>\n\t<meta name=\"twitter:label2\" content=\"Tempo di lettura stimato\" \/>\n\t<meta name=\"twitter:data2\" content=\"2 minuti\" \/>\n<script type=\"application\/ld+json\" class=\"yoast-schema-graph\">{\"@context\":\"https:\\\/\\\/schema.org\",\"@graph\":[{\"@type\":\"Article\",\"@id\":\"https:\\\/\\\/cinema.video\\\/it\\\/cna-cinemaaudiovisivo-emilia-romagna-al-via-ciak#article\",\"isPartOf\":{\"@id\":\"https:\\\/\\\/cinema.video\\\/it\\\/cna-cinemaaudiovisivo-emilia-romagna-al-via-ciak\"},\"author\":{\"name\":\"Redazione\",\"@id\":\"https:\\\/\\\/cinema.video\\\/it#\\\/schema\\\/person\\\/aeb01b91d874e8b01e76a1db04c668c6\"},\"headline\":\"CNA Cinema&#038;Audiovisivo Emilia Romagna Al via CIAK\",\"datePublished\":\"2022-05-12T07:31:36+00:00\",\"dateModified\":\"2026-04-10T01:57:25+00:00\",\"mainEntityOfPage\":{\"@id\":\"https:\\\/\\\/cinema.video\\\/it\\\/cna-cinemaaudiovisivo-emilia-romagna-al-via-ciak\"},\"wordCount\":226,\"publisher\":{\"@id\":\"https:\\\/\\\/cinema.video\\\/it#organization\"},\"image\":{\"@id\":\"https:\\\/\\\/cinema.video\\\/it\\\/cna-cinemaaudiovisivo-emilia-romagna-al-via-ciak#primaryimage\"},\"thumbnailUrl\":\"https:\\\/\\\/cinema.video\\\/wp-content\\\/uploads\\\/2022\\\/05\\\/CIAK.jpg\",\"articleSection\":[\"INDUSTRY\"],\"inLanguage\":\"it-IT\"},{\"@type\":\"WebPage\",\"@id\":\"https:\\\/\\\/cinema.video\\\/it\\\/cna-cinemaaudiovisivo-emilia-romagna-al-via-ciak\",\"url\":\"https:\\\/\\\/cinema.video\\\/it\\\/cna-cinemaaudiovisivo-emilia-romagna-al-via-ciak\",\"name\":\"CNA Cinema&Audiovisivo Emilia Romagna Al via CIAK - Cinema &amp; Video International\",\"isPartOf\":{\"@id\":\"https:\\\/\\\/cinema.video\\\/it#website\"},\"primaryImageOfPage\":{\"@id\":\"https:\\\/\\\/cinema.video\\\/it\\\/cna-cinemaaudiovisivo-emilia-romagna-al-via-ciak#primaryimage\"},\"image\":{\"@id\":\"https:\\\/\\\/cinema.video\\\/it\\\/cna-cinemaaudiovisivo-emilia-romagna-al-via-ciak#primaryimage\"},\"thumbnailUrl\":\"https:\\\/\\\/cinema.video\\\/wp-content\\\/uploads\\\/2022\\\/05\\\/CIAK.jpg\",\"datePublished\":\"2022-05-12T07:31:36+00:00\",\"dateModified\":\"2026-04-10T01:57:25+00:00\",\"description\":\"CNA Cinema&Audiovisivo Emilia Romagna Al via CIAK \u2013 cna cinemaaudiovisivo emilia romagna al via. Si svolger\u00e0 domani, 13 maggio, alle 11 nell'ambito del Be\",\"breadcrumb\":{\"@id\":\"https:\\\/\\\/cinema.video\\\/it\\\/cna-cinemaaudiovisivo-emilia-romagna-al-via-ciak#breadcrumb\"},\"inLanguage\":\"it-IT\",\"potentialAction\":[{\"@type\":\"ReadAction\",\"target\":[\"https:\\\/\\\/cinema.video\\\/it\\\/cna-cinemaaudiovisivo-emilia-romagna-al-via-ciak\"]}]},{\"@type\":\"ImageObject\",\"inLanguage\":\"it-IT\",\"@id\":\"https:\\\/\\\/cinema.video\\\/it\\\/cna-cinemaaudiovisivo-emilia-romagna-al-via-ciak#primaryimage\",\"url\":\"https:\\\/\\\/cinema.video\\\/wp-content\\\/uploads\\\/2022\\\/05\\\/CIAK.jpg\",\"contentUrl\":\"https:\\\/\\\/cinema.video\\\/wp-content\\\/uploads\\\/2022\\\/05\\\/CIAK.jpg\",\"width\":768,\"height\":519},{\"@type\":\"BreadcrumbList\",\"@id\":\"https:\\\/\\\/cinema.video\\\/it\\\/cna-cinemaaudiovisivo-emilia-romagna-al-via-ciak#breadcrumb\",\"itemListElement\":[{\"@type\":\"ListItem\",\"position\":1,\"name\":\"Home\",\"item\":\"https:\\\/\\\/cinema.video\\\/it\\\/home-2\"},{\"@type\":\"ListItem\",\"position\":2,\"name\":\"CNA Cinema&#038;Audiovisivo Emilia Romagna Al via CIAK\"}]},{\"@type\":\"WebSite\",\"@id\":\"https:\\\/\\\/cinema.video\\\/it#website\",\"url\":\"https:\\\/\\\/cinema.video\\\/it\",\"name\":\"Cinema & Video International\",\"description\":\"Film &amp; Audiovisual Industry Trade Magazine\",\"publisher\":{\"@id\":\"https:\\\/\\\/cinema.video\\\/it#organization\"},\"alternateName\":\"Cinema & Video\",\"potentialAction\":[{\"@type\":\"SearchAction\",\"target\":{\"@type\":\"EntryPoint\",\"urlTemplate\":\"https:\\\/\\\/cinema.video\\\/it?s={search_term_string}\"},\"query-input\":{\"@type\":\"PropertyValueSpecification\",\"valueRequired\":true,\"valueName\":\"search_term_string\"}}],\"inLanguage\":\"it-IT\"},{\"@type\":\"Organization\",\"@id\":\"https:\\\/\\\/cinema.video\\\/it#organization\",\"name\":\"Cinema & Video\",\"url\":\"https:\\\/\\\/cinema.video\\\/it\",\"logo\":{\"@type\":\"ImageObject\",\"inLanguage\":\"it-IT\",\"@id\":\"https:\\\/\\\/cinema.video\\\/it#\\\/schema\\\/logo\\\/image\\\/\",\"url\":\"https:\\\/\\\/cinema.video\\\/wp-content\\\/uploads\\\/2026\\\/04\\\/CinemVideo_LogoBlack.png\",\"contentUrl\":\"https:\\\/\\\/cinema.video\\\/wp-content\\\/uploads\\\/2026\\\/04\\\/CinemVideo_LogoBlack.png\",\"width\":1336,\"height\":224,\"caption\":\"Cinema & Video\"},\"image\":{\"@id\":\"https:\\\/\\\/cinema.video\\\/it#\\\/schema\\\/logo\\\/image\\\/\"},\"sameAs\":[\"https:\\\/\\\/www.facebook.com\\\/CinemaVideoInternational\\\/\",\"https:\\\/\\\/www.instagram.com\\\/cinemaevideointernational\\\/\",\"https:\\\/\\\/it.linkedin.com\\\/company\\\/cinema-video-international\"],\"description\":\"Media Consulting & Marketing Agency\",\"email\":\"hello@darostudio.com\",\"legalName\":\"DARO studio LLC\",\"foundingDate\":\"2021-02-16\",\"numberOfEmployees\":{\"@type\":\"QuantitativeValue\",\"minValue\":\"1\",\"maxValue\":\"10\"}},{\"@type\":\"Person\",\"@id\":\"https:\\\/\\\/cinema.video\\\/it#\\\/schema\\\/person\\\/aeb01b91d874e8b01e76a1db04c668c6\",\"name\":\"Redazione\",\"image\":{\"@type\":\"ImageObject\",\"inLanguage\":\"it-IT\",\"@id\":\"https:\\\/\\\/secure.gravatar.com\\\/avatar\\\/06ad6f92eb14745b75fb592cadf8139d33242d81c9c8b085133c450aaf0b9731?s=96&d=mm&r=g\",\"url\":\"https:\\\/\\\/secure.gravatar.com\\\/avatar\\\/06ad6f92eb14745b75fb592cadf8139d33242d81c9c8b085133c450aaf0b9731?s=96&d=mm&r=g\",\"contentUrl\":\"https:\\\/\\\/secure.gravatar.com\\\/avatar\\\/06ad6f92eb14745b75fb592cadf8139d33242d81c9c8b085133c450aaf0b9731?s=96&d=mm&r=g\",\"caption\":\"Redazione\"},\"url\":\"https:\\\/\\\/cinema.video\\\/it\\\/author\\\/redazione\"}]}<\/script>\n<!-- \/ Yoast SEO Premium plugin. -->","yoast_head_json":{"title":"CNA Cinema&Audiovisivo Emilia Romagna Al via CIAK - Cinema &amp; Video International","description":"CNA Cinema&Audiovisivo Emilia Romagna Al via CIAK \u2013 cna cinemaaudiovisivo emilia romagna al via. Si svolger\u00e0 domani, 13 maggio, alle 11 nell'ambito del Be","robots":{"index":"index","follow":"follow","max-snippet":"max-snippet:-1","max-image-preview":"max-image-preview:large","max-video-preview":"max-video-preview:-1"},"canonical":"https:\/\/cinema.video\/it\/cna-cinemaaudiovisivo-emilia-romagna-al-via-ciak","og_locale":"it_IT","og_type":"article","og_title":"CNA Cinema&Audiovisivo Emilia Romagna Al via CIAK","og_description":"CNA Cinema&Audiovisivo Emilia Romagna Al via CIAK \u2013 cna cinemaaudiovisivo emilia romagna al via. Si svolger\u00e0 domani, 13 maggio, alle 11 nell'ambito del Be","og_url":"https:\/\/cinema.video\/it\/cna-cinemaaudiovisivo-emilia-romagna-al-via-ciak","og_site_name":"Cinema &amp; Video International","article_publisher":"https:\/\/www.facebook.com\/CinemaVideoInternational\/","article_published_time":"2022-05-12T07:31:36+00:00","article_modified_time":"2026-04-10T01:57:25+00:00","og_image":[{"width":768,"height":519,"url":"https:\/\/cinema.video\/wp-content\/uploads\/2022\/05\/CIAK.jpg","type":"image\/jpeg"}],"author":"Redazione","twitter_card":"summary_large_image","twitter_misc":{"Scritto da":"Redazione","Tempo di lettura stimato":"2 minuti"},"schema":{"@context":"https:\/\/schema.org","@graph":[{"@type":"Article","@id":"https:\/\/cinema.video\/it\/cna-cinemaaudiovisivo-emilia-romagna-al-via-ciak#article","isPartOf":{"@id":"https:\/\/cinema.video\/it\/cna-cinemaaudiovisivo-emilia-romagna-al-via-ciak"},"author":{"name":"Redazione","@id":"https:\/\/cinema.video\/it#\/schema\/person\/aeb01b91d874e8b01e76a1db04c668c6"},"headline":"CNA Cinema&#038;Audiovisivo Emilia Romagna Al via CIAK","datePublished":"2022-05-12T07:31:36+00:00","dateModified":"2026-04-10T01:57:25+00:00","mainEntityOfPage":{"@id":"https:\/\/cinema.video\/it\/cna-cinemaaudiovisivo-emilia-romagna-al-via-ciak"},"wordCount":226,"publisher":{"@id":"https:\/\/cinema.video\/it#organization"},"image":{"@id":"https:\/\/cinema.video\/it\/cna-cinemaaudiovisivo-emilia-romagna-al-via-ciak#primaryimage"},"thumbnailUrl":"https:\/\/cinema.video\/wp-content\/uploads\/2022\/05\/CIAK.jpg","articleSection":["INDUSTRY"],"inLanguage":"it-IT"},{"@type":"WebPage","@id":"https:\/\/cinema.video\/it\/cna-cinemaaudiovisivo-emilia-romagna-al-via-ciak","url":"https:\/\/cinema.video\/it\/cna-cinemaaudiovisivo-emilia-romagna-al-via-ciak","name":"CNA Cinema&Audiovisivo Emilia Romagna Al via CIAK - Cinema &amp; Video International","isPartOf":{"@id":"https:\/\/cinema.video\/it#website"},"primaryImageOfPage":{"@id":"https:\/\/cinema.video\/it\/cna-cinemaaudiovisivo-emilia-romagna-al-via-ciak#primaryimage"},"image":{"@id":"https:\/\/cinema.video\/it\/cna-cinemaaudiovisivo-emilia-romagna-al-via-ciak#primaryimage"},"thumbnailUrl":"https:\/\/cinema.video\/wp-content\/uploads\/2022\/05\/CIAK.jpg","datePublished":"2022-05-12T07:31:36+00:00","dateModified":"2026-04-10T01:57:25+00:00","description":"CNA Cinema&Audiovisivo Emilia Romagna Al via CIAK \u2013 cna cinemaaudiovisivo emilia romagna al via. Si svolger\u00e0 domani, 13 maggio, alle 11 nell'ambito del Be","breadcrumb":{"@id":"https:\/\/cinema.video\/it\/cna-cinemaaudiovisivo-emilia-romagna-al-via-ciak#breadcrumb"},"inLanguage":"it-IT","potentialAction":[{"@type":"ReadAction","target":["https:\/\/cinema.video\/it\/cna-cinemaaudiovisivo-emilia-romagna-al-via-ciak"]}]},{"@type":"ImageObject","inLanguage":"it-IT","@id":"https:\/\/cinema.video\/it\/cna-cinemaaudiovisivo-emilia-romagna-al-via-ciak#primaryimage","url":"https:\/\/cinema.video\/wp-content\/uploads\/2022\/05\/CIAK.jpg","contentUrl":"https:\/\/cinema.video\/wp-content\/uploads\/2022\/05\/CIAK.jpg","width":768,"height":519},{"@type":"BreadcrumbList","@id":"https:\/\/cinema.video\/it\/cna-cinemaaudiovisivo-emilia-romagna-al-via-ciak#breadcrumb","itemListElement":[{"@type":"ListItem","position":1,"name":"Home","item":"https:\/\/cinema.video\/it\/home-2"},{"@type":"ListItem","position":2,"name":"CNA Cinema&#038;Audiovisivo Emilia Romagna Al via CIAK"}]},{"@type":"WebSite","@id":"https:\/\/cinema.video\/it#website","url":"https:\/\/cinema.video\/it","name":"Cinema & Video International","description":"Film &amp; Audiovisual Industry Trade Magazine","publisher":{"@id":"https:\/\/cinema.video\/it#organization"},"alternateName":"Cinema & Video","potentialAction":[{"@type":"SearchAction","target":{"@type":"EntryPoint","urlTemplate":"https:\/\/cinema.video\/it?s={search_term_string}"},"query-input":{"@type":"PropertyValueSpecification","valueRequired":true,"valueName":"search_term_string"}}],"inLanguage":"it-IT"},{"@type":"Organization","@id":"https:\/\/cinema.video\/it#organization","name":"Cinema & Video","url":"https:\/\/cinema.video\/it","logo":{"@type":"ImageObject","inLanguage":"it-IT","@id":"https:\/\/cinema.video\/it#\/schema\/logo\/image\/","url":"https:\/\/cinema.video\/wp-content\/uploads\/2026\/04\/CinemVideo_LogoBlack.png","contentUrl":"https:\/\/cinema.video\/wp-content\/uploads\/2026\/04\/CinemVideo_LogoBlack.png","width":1336,"height":224,"caption":"Cinema & Video"},"image":{"@id":"https:\/\/cinema.video\/it#\/schema\/logo\/image\/"},"sameAs":["https:\/\/www.facebook.com\/CinemaVideoInternational\/","https:\/\/www.instagram.com\/cinemaevideointernational\/","https:\/\/it.linkedin.com\/company\/cinema-video-international"],"description":"Media Consulting & Marketing Agency","email":"hello@darostudio.com","legalName":"DARO studio LLC","foundingDate":"2021-02-16","numberOfEmployees":{"@type":"QuantitativeValue","minValue":"1","maxValue":"10"}},{"@type":"Person","@id":"https:\/\/cinema.video\/it#\/schema\/person\/aeb01b91d874e8b01e76a1db04c668c6","name":"Redazione","image":{"@type":"ImageObject","inLanguage":"it-IT","@id":"https:\/\/secure.gravatar.com\/avatar\/06ad6f92eb14745b75fb592cadf8139d33242d81c9c8b085133c450aaf0b9731?s=96&d=mm&r=g","url":"https:\/\/secure.gravatar.com\/avatar\/06ad6f92eb14745b75fb592cadf8139d33242d81c9c8b085133c450aaf0b9731?s=96&d=mm&r=g","contentUrl":"https:\/\/secure.gravatar.com\/avatar\/06ad6f92eb14745b75fb592cadf8139d33242d81c9c8b085133c450aaf0b9731?s=96&d=mm&r=g","caption":"Redazione"},"url":"https:\/\/cinema.video\/it\/author\/redazione"}]}},"jetpack_featured_media_url":"https:\/\/cinema.video\/wp-content\/uploads\/2022\/05\/CIAK.jpg","jetpack_shortlink":"https:\/\/wp.me\/ph672m-1dVF","_links":{"self":[{"href":"https:\/\/cinema.video\/it\/wp-json\/wp\/v2\/posts\/291875","targetHints":{"allow":["GET"]}}],"collection":[{"href":"https:\/\/cinema.video\/it\/wp-json\/wp\/v2\/posts"}],"about":[{"href":"https:\/\/cinema.video\/it\/wp-json\/wp\/v2\/types\/post"}],"author":[{"embeddable":true,"href":"https:\/\/cinema.video\/it\/wp-json\/wp\/v2\/users\/26"}],"replies":[{"embeddable":true,"href":"https:\/\/cinema.video\/it\/wp-json\/wp\/v2\/comments?post=291875"}],"version-history":[{"count":1,"href":"https:\/\/cinema.video\/it\/wp-json\/wp\/v2\/posts\/291875\/revisions"}],"predecessor-version":[{"id":308610,"href":"https:\/\/cinema.video\/it\/wp-json\/wp\/v2\/posts\/291875\/revisions\/308610"}],"wp:featuredmedia":[{"embeddable":true,"href":"https:\/\/cinema.video\/it\/wp-json\/wp\/v2\/media\/291876"}],"wp:attachment":[{"href":"https:\/\/cinema.video\/it\/wp-json\/wp\/v2\/media?parent=291875"}],"wp:term":[{"taxonomy":"category","embeddable":true,"href":"https:\/\/cinema.video\/it\/wp-json\/wp\/v2\/categories?post=291875"},{"taxonomy":"post_tag","embeddable":true,"href":"https:\/\/cinema.video\/it\/wp-json\/wp\/v2\/tags?post=291875"}],"curies":[{"name":"wp","href":"https:\/\/api.w.org\/{rel}","templated":true}]}}