{"id":291743,"date":"2022-04-19T12:57:28","date_gmt":"2022-04-19T10:57:28","guid":{"rendered":"https:\/\/cinema.video\/?p=291743"},"modified":"2026-04-10T03:57:15","modified_gmt":"2026-04-10T01:57:15","slug":"gaia-tridente-e-la-nuova-direttrice","status":"publish","type":"post","link":"https:\/\/cinema.video\/it\/gaia-tridente-e-la-nuova-direttrice","title":{"rendered":"GAIA TRIDENTE \u00e8 la nuova Direttrice"},"content":{"rendered":"\n<p class=\"wp-block-paragraph\"><strong>Gaia Tridente<\/strong> \u00e8 la nuova direttrice del <strong>MIA\u00a0\u2013 Mercato Internazionale dell\u2019Audiovisivo<\/strong>, la cui ottava edizione si terr\u00e0 a Roma dall\u201911 al 15 ottobre 2022.<\/p>\n\n\n\n<p class=\"wp-block-paragraph\">Esperta nel settore dei media, Tridente \u00e8 stata una degli executive del MIA, con il ruolo di Head of Scripted Division, dal 2017 al 2021:  succede a Lucia Milazzotto, la quale, dopo aver guidato il  MIA dalla sua nascita, ha lasciato il progetto lo scorso ottobre ed \u00e8 da allora responsabile della divisione sales&amp;marketing di Cinecitt\u00e0 SpA <mark style=\"background-color:rgba(0, 0, 0, 0)\" class=\"has-inline-color has-black-color\">(<\/mark><a href=\"https:\/\/cinema.video\/cincitta-spa-lucia-milazzotto-alla-direzione-sales-marketing\" data-type=\"post\" data-id=\"290570\"><mark style=\"background-color:rgba(0, 0, 0, 0)\" class=\"has-inline-color has-vivid-red-color\"><strong>vedi news<\/strong><\/mark><\/a>)<\/p>\n\n\n\n<p class=\"wp-block-paragraph\">\u201cRingrazio il Presidente di ANICA, Francesco Rutelli e il Presidente di APA, Giancarlo Leone per la fiducia e per il rinnovato impegno a fare del MIA un luogo imprescindibile per l\u2019industria audiovisiva italiana e internazionale. Il MIA si \u00e8 affermato nel corso degli anni come il pi\u00f9 importante mercato italiano per numero di presenze e risultati delle attivit\u00e0 e ha contribuito a incrementare le co-produzioni e le relazioni di business a livello internazionale e&nbsp;l\u2019esportazione di prodotto. Mi impegner\u00f2 per realizzare una nuova edizione&nbsp;ambiziosa e di alta qualit\u00e0, che sappia soddisfare le esigenze del settore e che riporti al centro del mercato il&nbsp;contenuto in tutte le sue forme e le sue declinazioni\u201d, afferma Gaia Tridente.<\/p>\n\n\n\n<p class=\"wp-block-paragraph\">\u201cL\u2019edizione 2022 del MIA \u2013\u00a0dice <strong>Francesco Rutelli<\/strong>, Presidente ANICA\u00a0\u2013\u00a0dimostra la validit\u00e0 del percorso degli\u00a0anni precedenti grazie alla squadra che ha portato il Mercato a raggiungere successi riconosciuti dall\u2019intera\u00a0comunit\u00e0 internazionale. Con lo sviluppo e l\u2019integrazione nel MIA di tutte le componenti dell\u2019audiovisivo e, con forza, dell\u2019animazione, il Mercato si confermer\u00e0 anche quest\u2019anno un insostituibile appuntamento\u00a0autunnale nel calendario degli eventi business europei. Il Mercato Internazionale Audiovisivo \u00e8 il frutto di un\u00a0lavoro collettivo dentro un progetto di sistema, con l\u2019intera filiera cine-audiovisiva e della creativit\u00e0 italiana\u00a0che esprime una grande energia\u201d.<\/p>\n\n\n\n<p class=\"wp-block-paragraph\">\u201cSiamo certi \u2013\u00a0afferma il presidente Apa <strong>Giancarlo Leone<\/strong>&#8211; che il nuovo corso del MIA punter\u00e0 sulla conferma\u00a0dei punti di eccellenza finora realizzati ed avr\u00e0 l\u2019obiettivo, realizzabile, di rendere l\u2019appuntamento del\u00a0mercato in ottobre un riferimento imprescindibile per il mercato nazionale ed internazionale per la crescita\u00a0e l\u2019evoluzione dell\u2019intero settore. Il sostegno delle istituzioni italiane al MIA \u00e8 un ulteriore punto di forza di un mercato che coniuga il grande impegno dell\u2019industria nazionale con le straordinarie opportunit\u00e0 per l\u2019intero mercato dell\u2019audiovisivo e per la crescita e sviluppo delle relazioni commerciali tra i principali soggetti\u00a0italiani ed internazionali\u201d.<\/p>\n\n\n\n<p class=\"wp-block-paragraph\"><\/p>\n","protected":false},"excerpt":{"rendered":"<p>Gaia Tridente \u00e8 il nuovo Direttore del MIA\u00a0\u2013 Mercato Internazionale dell\u2019Audiovisivo, la cui ottava edizione si terr\u00e0 a Roma dall\u201911 al 15 ottobre 2022.<\/p>\n","protected":false},"author":26,"featured_media":291744,"comment_status":"closed","ping_status":"closed","sticky":false,"template":"","format":"standard","meta":{"googlesitekit_rrm_CAow3e7fCw:productID":"","_crdt_document":"","footnotes":""},"categories":[1],"tags":[356],"class_list":{"0":"post-291743","1":"post","2":"type-post","3":"status-publish","4":"format-standard","5":"has-post-thumbnail","7":"category-senza-categoria","8":"tag-focus"},"yoast_head":"<!-- This site is optimized with the Yoast SEO Premium plugin v27.4 (Yoast SEO v27.5) - https:\/\/yoast.com\/product\/yoast-seo-premium-wordpress\/ -->\n<title>GAIA TRIDENTE \u00e8 la nuova Direttrice - Cinema &amp; Video International<\/title>\n<meta name=\"description\" content=\"GAIA TRIDENTE \u00e8 la nuova Direttrice \u2013 gaia tridente la nuova direttrice. Gaia Tridente \u00e8 la nuova direttrice del MIA\u00a0\u2013 Mercato Internazionale dell\u2019Audiovi\" \/>\n<meta name=\"robots\" content=\"index, follow, max-snippet:-1, max-image-preview:large, max-video-preview:-1\" \/>\n<link rel=\"canonical\" href=\"https:\/\/cinema.video\/it\/gaia-tridente-e-la-nuova-direttrice\" \/>\n<meta property=\"og:locale\" content=\"it_IT\" \/>\n<meta property=\"og:type\" content=\"article\" \/>\n<meta property=\"og:title\" content=\"GAIA TRIDENTE \u00e8 la nuova Direttrice\" \/>\n<meta property=\"og:description\" content=\"GAIA TRIDENTE \u00e8 la nuova Direttrice \u2013 gaia tridente la nuova direttrice. Gaia Tridente \u00e8 la nuova direttrice del MIA\u00a0\u2013 Mercato Internazionale dell\u2019Audiovi\" \/>\n<meta property=\"og:url\" content=\"https:\/\/cinema.video\/it\/gaia-tridente-e-la-nuova-direttrice\" \/>\n<meta property=\"og:site_name\" content=\"Cinema &amp; Video International\" \/>\n<meta property=\"article:publisher\" content=\"https:\/\/www.facebook.com\/CinemaVideoInternational\/\" \/>\n<meta property=\"article:published_time\" content=\"2022-04-19T10:57:28+00:00\" \/>\n<meta property=\"article:modified_time\" content=\"2026-04-10T01:57:15+00:00\" \/>\n<meta property=\"og:image\" content=\"https:\/\/cinema.video\/wp-content\/uploads\/2022\/04\/Gaia-Tridente-Headshot-e1650365801680.jpg\" \/>\n\t<meta property=\"og:image:width\" content=\"800\" \/>\n\t<meta property=\"og:image:height\" content=\"495\" \/>\n\t<meta property=\"og:image:type\" content=\"image\/jpeg\" \/>\n<meta name=\"author\" content=\"Redazione\" \/>\n<meta name=\"twitter:card\" content=\"summary_large_image\" \/>\n<meta name=\"twitter:label1\" content=\"Scritto da\" \/>\n\t<meta name=\"twitter:data1\" content=\"Redazione\" \/>\n\t<meta name=\"twitter:label2\" content=\"Tempo di lettura stimato\" \/>\n\t<meta name=\"twitter:data2\" content=\"2 minuti\" \/>\n<script type=\"application\/ld+json\" class=\"yoast-schema-graph\">{\"@context\":\"https:\\\/\\\/schema.org\",\"@graph\":[{\"@type\":\"Article\",\"@id\":\"https:\\\/\\\/cinema.video\\\/it\\\/gaia-tridente-e-la-nuova-direttrice#article\",\"isPartOf\":{\"@id\":\"https:\\\/\\\/cinema.video\\\/it\\\/gaia-tridente-e-la-nuova-direttrice\"},\"author\":{\"name\":\"Redazione\",\"@id\":\"https:\\\/\\\/cinema.video\\\/it#\\\/schema\\\/person\\\/aeb01b91d874e8b01e76a1db04c668c6\"},\"headline\":\"GAIA TRIDENTE \u00e8 la nuova Direttrice\",\"datePublished\":\"2022-04-19T10:57:28+00:00\",\"dateModified\":\"2026-04-10T01:57:15+00:00\",\"mainEntityOfPage\":{\"@id\":\"https:\\\/\\\/cinema.video\\\/it\\\/gaia-tridente-e-la-nuova-direttrice\"},\"wordCount\":406,\"publisher\":{\"@id\":\"https:\\\/\\\/cinema.video\\\/it#organization\"},\"image\":{\"@id\":\"https:\\\/\\\/cinema.video\\\/it\\\/gaia-tridente-e-la-nuova-direttrice#primaryimage\"},\"thumbnailUrl\":\"https:\\\/\\\/cinema.video\\\/wp-content\\\/uploads\\\/2022\\\/04\\\/Gaia-Tridente-Headshot-e1650365801680.jpg\",\"keywords\":[\"focus\"],\"inLanguage\":\"it-IT\"},{\"@type\":\"WebPage\",\"@id\":\"https:\\\/\\\/cinema.video\\\/it\\\/gaia-tridente-e-la-nuova-direttrice\",\"url\":\"https:\\\/\\\/cinema.video\\\/it\\\/gaia-tridente-e-la-nuova-direttrice\",\"name\":\"GAIA TRIDENTE \u00e8 la nuova Direttrice - Cinema &amp; Video International\",\"isPartOf\":{\"@id\":\"https:\\\/\\\/cinema.video\\\/it#website\"},\"primaryImageOfPage\":{\"@id\":\"https:\\\/\\\/cinema.video\\\/it\\\/gaia-tridente-e-la-nuova-direttrice#primaryimage\"},\"image\":{\"@id\":\"https:\\\/\\\/cinema.video\\\/it\\\/gaia-tridente-e-la-nuova-direttrice#primaryimage\"},\"thumbnailUrl\":\"https:\\\/\\\/cinema.video\\\/wp-content\\\/uploads\\\/2022\\\/04\\\/Gaia-Tridente-Headshot-e1650365801680.jpg\",\"datePublished\":\"2022-04-19T10:57:28+00:00\",\"dateModified\":\"2026-04-10T01:57:15+00:00\",\"description\":\"GAIA TRIDENTE \u00e8 la nuova Direttrice \u2013 gaia tridente la nuova direttrice. Gaia Tridente \u00e8 la nuova direttrice del MIA\u00a0\u2013 Mercato Internazionale dell\u2019Audiovi\",\"breadcrumb\":{\"@id\":\"https:\\\/\\\/cinema.video\\\/it\\\/gaia-tridente-e-la-nuova-direttrice#breadcrumb\"},\"inLanguage\":\"it-IT\",\"potentialAction\":[{\"@type\":\"ReadAction\",\"target\":[\"https:\\\/\\\/cinema.video\\\/it\\\/gaia-tridente-e-la-nuova-direttrice\"]}]},{\"@type\":\"ImageObject\",\"inLanguage\":\"it-IT\",\"@id\":\"https:\\\/\\\/cinema.video\\\/it\\\/gaia-tridente-e-la-nuova-direttrice#primaryimage\",\"url\":\"https:\\\/\\\/cinema.video\\\/wp-content\\\/uploads\\\/2022\\\/04\\\/Gaia-Tridente-Headshot-e1650365801680.jpg\",\"contentUrl\":\"https:\\\/\\\/cinema.video\\\/wp-content\\\/uploads\\\/2022\\\/04\\\/Gaia-Tridente-Headshot-e1650365801680.jpg\",\"width\":800,\"height\":495},{\"@type\":\"BreadcrumbList\",\"@id\":\"https:\\\/\\\/cinema.video\\\/it\\\/gaia-tridente-e-la-nuova-direttrice#breadcrumb\",\"itemListElement\":[{\"@type\":\"ListItem\",\"position\":1,\"name\":\"Home\",\"item\":\"https:\\\/\\\/cinema.video\\\/it\\\/home-2\"},{\"@type\":\"ListItem\",\"position\":2,\"name\":\"GAIA TRIDENTE \u00e8 la nuova Direttrice\"}]},{\"@type\":\"WebSite\",\"@id\":\"https:\\\/\\\/cinema.video\\\/it#website\",\"url\":\"https:\\\/\\\/cinema.video\\\/it\",\"name\":\"Cinema & Video International\",\"description\":\"Film &amp; Audiovisual Industry Trade Magazine\",\"publisher\":{\"@id\":\"https:\\\/\\\/cinema.video\\\/it#organization\"},\"alternateName\":\"Cinema & Video\",\"potentialAction\":[{\"@type\":\"SearchAction\",\"target\":{\"@type\":\"EntryPoint\",\"urlTemplate\":\"https:\\\/\\\/cinema.video\\\/it?s={search_term_string}\"},\"query-input\":{\"@type\":\"PropertyValueSpecification\",\"valueRequired\":true,\"valueName\":\"search_term_string\"}}],\"inLanguage\":\"it-IT\"},{\"@type\":\"Organization\",\"@id\":\"https:\\\/\\\/cinema.video\\\/it#organization\",\"name\":\"Cinema & Video\",\"url\":\"https:\\\/\\\/cinema.video\\\/it\",\"logo\":{\"@type\":\"ImageObject\",\"inLanguage\":\"it-IT\",\"@id\":\"https:\\\/\\\/cinema.video\\\/it#\\\/schema\\\/logo\\\/image\\\/\",\"url\":\"https:\\\/\\\/cinema.video\\\/wp-content\\\/uploads\\\/2026\\\/04\\\/CinemVideo_LogoBlack.png\",\"contentUrl\":\"https:\\\/\\\/cinema.video\\\/wp-content\\\/uploads\\\/2026\\\/04\\\/CinemVideo_LogoBlack.png\",\"width\":1336,\"height\":224,\"caption\":\"Cinema & Video\"},\"image\":{\"@id\":\"https:\\\/\\\/cinema.video\\\/it#\\\/schema\\\/logo\\\/image\\\/\"},\"sameAs\":[\"https:\\\/\\\/www.facebook.com\\\/CinemaVideoInternational\\\/\",\"https:\\\/\\\/www.instagram.com\\\/cinemaevideointernational\\\/\",\"https:\\\/\\\/it.linkedin.com\\\/company\\\/cinema-video-international\"],\"description\":\"Media Consulting & Marketing Agency\",\"email\":\"hello@darostudio.com\",\"legalName\":\"DARO studio LLC\",\"foundingDate\":\"2021-02-16\",\"numberOfEmployees\":{\"@type\":\"QuantitativeValue\",\"minValue\":\"1\",\"maxValue\":\"10\"}},{\"@type\":\"Person\",\"@id\":\"https:\\\/\\\/cinema.video\\\/it#\\\/schema\\\/person\\\/aeb01b91d874e8b01e76a1db04c668c6\",\"name\":\"Redazione\",\"image\":{\"@type\":\"ImageObject\",\"inLanguage\":\"it-IT\",\"@id\":\"https:\\\/\\\/secure.gravatar.com\\\/avatar\\\/06ad6f92eb14745b75fb592cadf8139d33242d81c9c8b085133c450aaf0b9731?s=96&d=mm&r=g\",\"url\":\"https:\\\/\\\/secure.gravatar.com\\\/avatar\\\/06ad6f92eb14745b75fb592cadf8139d33242d81c9c8b085133c450aaf0b9731?s=96&d=mm&r=g\",\"contentUrl\":\"https:\\\/\\\/secure.gravatar.com\\\/avatar\\\/06ad6f92eb14745b75fb592cadf8139d33242d81c9c8b085133c450aaf0b9731?s=96&d=mm&r=g\",\"caption\":\"Redazione\"},\"url\":\"https:\\\/\\\/cinema.video\\\/it\\\/author\\\/redazione\"}]}<\/script>\n<!-- \/ Yoast SEO Premium plugin. -->","yoast_head_json":{"title":"GAIA TRIDENTE \u00e8 la nuova Direttrice - Cinema &amp; Video International","description":"GAIA TRIDENTE \u00e8 la nuova Direttrice \u2013 gaia tridente la nuova direttrice. Gaia Tridente \u00e8 la nuova direttrice del MIA\u00a0\u2013 Mercato Internazionale dell\u2019Audiovi","robots":{"index":"index","follow":"follow","max-snippet":"max-snippet:-1","max-image-preview":"max-image-preview:large","max-video-preview":"max-video-preview:-1"},"canonical":"https:\/\/cinema.video\/it\/gaia-tridente-e-la-nuova-direttrice","og_locale":"it_IT","og_type":"article","og_title":"GAIA TRIDENTE \u00e8 la nuova Direttrice","og_description":"GAIA TRIDENTE \u00e8 la nuova Direttrice \u2013 gaia tridente la nuova direttrice. Gaia Tridente \u00e8 la nuova direttrice del MIA\u00a0\u2013 Mercato Internazionale dell\u2019Audiovi","og_url":"https:\/\/cinema.video\/it\/gaia-tridente-e-la-nuova-direttrice","og_site_name":"Cinema &amp; Video International","article_publisher":"https:\/\/www.facebook.com\/CinemaVideoInternational\/","article_published_time":"2022-04-19T10:57:28+00:00","article_modified_time":"2026-04-10T01:57:15+00:00","og_image":[{"width":800,"height":495,"url":"https:\/\/cinema.video\/wp-content\/uploads\/2022\/04\/Gaia-Tridente-Headshot-e1650365801680.jpg","type":"image\/jpeg"}],"author":"Redazione","twitter_card":"summary_large_image","twitter_misc":{"Scritto da":"Redazione","Tempo di lettura stimato":"2 minuti"},"schema":{"@context":"https:\/\/schema.org","@graph":[{"@type":"Article","@id":"https:\/\/cinema.video\/it\/gaia-tridente-e-la-nuova-direttrice#article","isPartOf":{"@id":"https:\/\/cinema.video\/it\/gaia-tridente-e-la-nuova-direttrice"},"author":{"name":"Redazione","@id":"https:\/\/cinema.video\/it#\/schema\/person\/aeb01b91d874e8b01e76a1db04c668c6"},"headline":"GAIA TRIDENTE \u00e8 la nuova Direttrice","datePublished":"2022-04-19T10:57:28+00:00","dateModified":"2026-04-10T01:57:15+00:00","mainEntityOfPage":{"@id":"https:\/\/cinema.video\/it\/gaia-tridente-e-la-nuova-direttrice"},"wordCount":406,"publisher":{"@id":"https:\/\/cinema.video\/it#organization"},"image":{"@id":"https:\/\/cinema.video\/it\/gaia-tridente-e-la-nuova-direttrice#primaryimage"},"thumbnailUrl":"https:\/\/cinema.video\/wp-content\/uploads\/2022\/04\/Gaia-Tridente-Headshot-e1650365801680.jpg","keywords":["focus"],"inLanguage":"it-IT"},{"@type":"WebPage","@id":"https:\/\/cinema.video\/it\/gaia-tridente-e-la-nuova-direttrice","url":"https:\/\/cinema.video\/it\/gaia-tridente-e-la-nuova-direttrice","name":"GAIA TRIDENTE \u00e8 la nuova Direttrice - Cinema &amp; Video International","isPartOf":{"@id":"https:\/\/cinema.video\/it#website"},"primaryImageOfPage":{"@id":"https:\/\/cinema.video\/it\/gaia-tridente-e-la-nuova-direttrice#primaryimage"},"image":{"@id":"https:\/\/cinema.video\/it\/gaia-tridente-e-la-nuova-direttrice#primaryimage"},"thumbnailUrl":"https:\/\/cinema.video\/wp-content\/uploads\/2022\/04\/Gaia-Tridente-Headshot-e1650365801680.jpg","datePublished":"2022-04-19T10:57:28+00:00","dateModified":"2026-04-10T01:57:15+00:00","description":"GAIA TRIDENTE \u00e8 la nuova Direttrice \u2013 gaia tridente la nuova direttrice. Gaia Tridente \u00e8 la nuova direttrice del MIA\u00a0\u2013 Mercato Internazionale dell\u2019Audiovi","breadcrumb":{"@id":"https:\/\/cinema.video\/it\/gaia-tridente-e-la-nuova-direttrice#breadcrumb"},"inLanguage":"it-IT","potentialAction":[{"@type":"ReadAction","target":["https:\/\/cinema.video\/it\/gaia-tridente-e-la-nuova-direttrice"]}]},{"@type":"ImageObject","inLanguage":"it-IT","@id":"https:\/\/cinema.video\/it\/gaia-tridente-e-la-nuova-direttrice#primaryimage","url":"https:\/\/cinema.video\/wp-content\/uploads\/2022\/04\/Gaia-Tridente-Headshot-e1650365801680.jpg","contentUrl":"https:\/\/cinema.video\/wp-content\/uploads\/2022\/04\/Gaia-Tridente-Headshot-e1650365801680.jpg","width":800,"height":495},{"@type":"BreadcrumbList","@id":"https:\/\/cinema.video\/it\/gaia-tridente-e-la-nuova-direttrice#breadcrumb","itemListElement":[{"@type":"ListItem","position":1,"name":"Home","item":"https:\/\/cinema.video\/it\/home-2"},{"@type":"ListItem","position":2,"name":"GAIA TRIDENTE \u00e8 la nuova Direttrice"}]},{"@type":"WebSite","@id":"https:\/\/cinema.video\/it#website","url":"https:\/\/cinema.video\/it","name":"Cinema & Video International","description":"Film &amp; Audiovisual Industry Trade Magazine","publisher":{"@id":"https:\/\/cinema.video\/it#organization"},"alternateName":"Cinema & Video","potentialAction":[{"@type":"SearchAction","target":{"@type":"EntryPoint","urlTemplate":"https:\/\/cinema.video\/it?s={search_term_string}"},"query-input":{"@type":"PropertyValueSpecification","valueRequired":true,"valueName":"search_term_string"}}],"inLanguage":"it-IT"},{"@type":"Organization","@id":"https:\/\/cinema.video\/it#organization","name":"Cinema & Video","url":"https:\/\/cinema.video\/it","logo":{"@type":"ImageObject","inLanguage":"it-IT","@id":"https:\/\/cinema.video\/it#\/schema\/logo\/image\/","url":"https:\/\/cinema.video\/wp-content\/uploads\/2026\/04\/CinemVideo_LogoBlack.png","contentUrl":"https:\/\/cinema.video\/wp-content\/uploads\/2026\/04\/CinemVideo_LogoBlack.png","width":1336,"height":224,"caption":"Cinema & Video"},"image":{"@id":"https:\/\/cinema.video\/it#\/schema\/logo\/image\/"},"sameAs":["https:\/\/www.facebook.com\/CinemaVideoInternational\/","https:\/\/www.instagram.com\/cinemaevideointernational\/","https:\/\/it.linkedin.com\/company\/cinema-video-international"],"description":"Media Consulting & Marketing Agency","email":"hello@darostudio.com","legalName":"DARO studio LLC","foundingDate":"2021-02-16","numberOfEmployees":{"@type":"QuantitativeValue","minValue":"1","maxValue":"10"}},{"@type":"Person","@id":"https:\/\/cinema.video\/it#\/schema\/person\/aeb01b91d874e8b01e76a1db04c668c6","name":"Redazione","image":{"@type":"ImageObject","inLanguage":"it-IT","@id":"https:\/\/secure.gravatar.com\/avatar\/06ad6f92eb14745b75fb592cadf8139d33242d81c9c8b085133c450aaf0b9731?s=96&d=mm&r=g","url":"https:\/\/secure.gravatar.com\/avatar\/06ad6f92eb14745b75fb592cadf8139d33242d81c9c8b085133c450aaf0b9731?s=96&d=mm&r=g","contentUrl":"https:\/\/secure.gravatar.com\/avatar\/06ad6f92eb14745b75fb592cadf8139d33242d81c9c8b085133c450aaf0b9731?s=96&d=mm&r=g","caption":"Redazione"},"url":"https:\/\/cinema.video\/it\/author\/redazione"}]}},"jetpack_featured_media_url":"https:\/\/cinema.video\/wp-content\/uploads\/2022\/04\/Gaia-Tridente-Headshot-e1650365801680.jpg","jetpack_shortlink":"https:\/\/wp.me\/ph672m-1dTx","_links":{"self":[{"href":"https:\/\/cinema.video\/it\/wp-json\/wp\/v2\/posts\/291743","targetHints":{"allow":["GET"]}}],"collection":[{"href":"https:\/\/cinema.video\/it\/wp-json\/wp\/v2\/posts"}],"about":[{"href":"https:\/\/cinema.video\/it\/wp-json\/wp\/v2\/types\/post"}],"author":[{"embeddable":true,"href":"https:\/\/cinema.video\/it\/wp-json\/wp\/v2\/users\/26"}],"replies":[{"embeddable":true,"href":"https:\/\/cinema.video\/it\/wp-json\/wp\/v2\/comments?post=291743"}],"version-history":[{"count":1,"href":"https:\/\/cinema.video\/it\/wp-json\/wp\/v2\/posts\/291743\/revisions"}],"predecessor-version":[{"id":308598,"href":"https:\/\/cinema.video\/it\/wp-json\/wp\/v2\/posts\/291743\/revisions\/308598"}],"wp:featuredmedia":[{"embeddable":true,"href":"https:\/\/cinema.video\/it\/wp-json\/wp\/v2\/media\/291744"}],"wp:attachment":[{"href":"https:\/\/cinema.video\/it\/wp-json\/wp\/v2\/media?parent=291743"}],"wp:term":[{"taxonomy":"category","embeddable":true,"href":"https:\/\/cinema.video\/it\/wp-json\/wp\/v2\/categories?post=291743"},{"taxonomy":"post_tag","embeddable":true,"href":"https:\/\/cinema.video\/it\/wp-json\/wp\/v2\/tags?post=291743"}],"curies":[{"name":"wp","href":"https:\/\/api.w.org\/{rel}","templated":true}]}}