{"id":291669,"date":"2022-04-04T09:02:13","date_gmt":"2022-04-04T07:02:13","guid":{"rendered":"https:\/\/cinema.video\/?p=291669"},"modified":"2026-04-10T03:57:11","modified_gmt":"2026-04-10T01:57:11","slug":"annunciata-la-seconda-stagione-di-hotel-portofino","status":"publish","type":"post","link":"https:\/\/cinema.video\/it\/annunciata-la-seconda-stagione-di-hotel-portofino","title":{"rendered":"Annunciata la seconda stagione di HOTEL PORTOFINO"},"content":{"rendered":"\n<p class=\"wp-block-paragraph\">Ci sar\u00e0 una seconda stagione di&nbsp;<em>Hotel Portofino<\/em>: lo hanno annunciato ieri a Cannes, alla vigilia del&nbsp;<strong>Miptv<\/strong>, i produttori della serie,&nbsp;<strong>Walter Iuzzolino e Jo McGrath<\/strong>, di&nbsp;<strong>Eagle Eye Drama<\/strong>, nel corso di una serata organizzata da&nbsp;<strong>Beta Film<\/strong>, che cura le vendite internazionali della serie.<\/p>\n\n\n\n<p class=\"wp-block-paragraph\">Le vicende che ruotano attorno all\u2019affascinante hotel aperto da una famiglia inglese sulla riviera ligure negli anni Venti, continua a riscuotere grandi successi in tutto il mondo: \u00e8 uno degli originals pi\u00f9 visto sulla piattaforma britannica Britbox, e la seconda serie pi\u00f9 vista on demand su Foxtel in Australia. Anche in Italia, dove \u00e8 stata trasmessa su Sky dal 28 febbraio al 14 marzo, risulta essere la seconda serie drama internazionale pi\u00f9 vista su Sky Serie. E l\u2019anno prossimo arriver\u00e0 anche sugli schermi Rai, rivela Iuzzolino, Intanto, in primavera \u00e8 prevista l\u2019uscita nei paesi scandinavi, e il 19 giugno Hotel Portofino arriver\u00e0 sugli schermi statunitensi su&nbsp;PBS (sar\u00e0 inoltre disponibile in streaming su PBS Masterpiece Prime Video Channel).<\/p>\n\n\n\n<p class=\"wp-block-paragraph\">Il set sar\u00e0 sempre la Liguria, dove la serie \u00e8 realizzata con il supporto di<strong> Genova Liguria Film Commission<\/strong>:<\/p>\n\n\n\n<p class=\"wp-block-paragraph\">\u201cGireremo in dall\u2019estate ad ottobre perch\u00e9 la serie sia pronta a fine anno. &#8211; dichiara Iuzzolino.- In questa seconda stagione la temperatura emozionale del racconto salir\u00e0: le nuvole nere della storia si addensano sui personaggi costringendoli a scelte pi\u00f9 decisive e drammatiche.\u201d<\/p>\n\n\n\n<p class=\"wp-block-paragraph\">Quest\u2019evoluzione del racconto si colloca nella tradizione dei grandi romanzi o del grande cinema europeo, spiega il produttore, sottolineando come l\u2019ambizione fosse proprio quella di creare una serie che rompesse gli stereotipi e avesse uno stile cinematografico: \u201cil riferimento era&nbsp;<em>L\u2019Et\u00e0 dell\u2019innocenza&nbsp;<\/em>di Scorsese.&nbsp;&nbsp;Per realizzarla, abbiamo riunito i migliori talenti europei, come il regista inglese&nbsp;<strong>Adam Wimpenny<\/strong>,&nbsp;la pluripremiata costumista danese&nbsp;<strong>Luize Nissen<\/strong>, o il direttore della fotografia, il bosniaco&nbsp;<strong>Erol Zubzevic<\/strong>.\u201d&nbsp;<\/p>\n\n\n\n<p class=\"wp-block-paragraph\">Lo sceneggiatore,&nbsp;<strong>Matt Baker,<\/strong>&nbsp;\u00e8 inoltre un grande fan di Forster e di tutta quella letteratura inglese che&nbsp;ha come protagonisti giovani innocenti all\u2019estero, che trovano loro stessi a contatto con la sensualit\u00e0 dell\u2019ambiente di un paese straniero, come accade ad esempio in&nbsp;<em>Camera con Vista<\/em>, ed \u00e8 riuscito a creare un magnifico mondo escapista.\u201d<\/p>\n\n\n\n<p class=\"wp-block-paragraph\">Baker \u00e8 lo sceneggiatore anche di&nbsp;<em>Professor T<\/em>,&nbsp;adattamento dell\u2019omonima serie belga, sempre firmato Eagle Eye Drama e venduto da Beta in oltre 100 paesi, fra cui l\u2019Italia (RAI) , e pi\u00f9 recentemente, in Brasile (Globo TV), Corea del Sud (BBC Studios), Svizzera (CH Media TV) e Islanda (Syn).<\/p>\n\n\n\n<p class=\"wp-block-paragraph\">Il Miptv si apre decisamente bene per Beta Film, che ieri, al&nbsp;<strong>Mip Drama<\/strong>&nbsp;ha conquistato anche il&nbsp;<strong>Buyers Coup de Coeur Award<\/strong>per la serie tedesca in costume&nbsp;<strong><em>House of Promises<\/em><\/strong>, ambientata nella Berlino degli anni&nbsp;\u201920.<\/p>\n","protected":false},"excerpt":{"rendered":"<p>Annunciata ieri al Miptv di Cannes, la seconda stagione di Hotel Portofino, la serie ambientata sulla riviera ligure negli anni &#8217;20 e prodotta da Eagle Eye Drama di Walter Iuzzolino e Jo McGrath<\/p>\n","protected":false},"author":2,"featured_media":291673,"comment_status":"closed","ping_status":"closed","sticky":false,"template":"","format":"standard","meta":{"googlesitekit_rrm_CAow3e7fCw:productID":"","_crdt_document":"","footnotes":""},"categories":[1],"tags":[356,304],"class_list":{"0":"post-291669","1":"post","2":"type-post","3":"status-publish","4":"format-standard","5":"has-post-thumbnail","7":"category-senza-categoria","8":"tag-focus","9":"tag-genova-liguria-film-commission"},"yoast_head":"<!-- This site is optimized with the Yoast SEO Premium plugin v27.4 (Yoast SEO v27.5) - https:\/\/yoast.com\/product\/yoast-seo-premium-wordpress\/ -->\n<title>Annunciata la seconda stagione di HOTEL PORTOFINO - Cinema &amp; Video International<\/title>\n<meta name=\"description\" content=\"Annunciata la seconda stagione di HOTEL PORTOFINO \u2013 annunciata la seconda stagione di hotel. Ci sar\u00e0 una seconda stagione di&nbsp;Hotel Portofino: lo hann\" \/>\n<meta name=\"robots\" content=\"index, follow, max-snippet:-1, max-image-preview:large, max-video-preview:-1\" \/>\n<link rel=\"canonical\" href=\"https:\/\/cinema.video\/it\/annunciata-la-seconda-stagione-di-hotel-portofino\" \/>\n<meta property=\"og:locale\" content=\"it_IT\" \/>\n<meta property=\"og:type\" content=\"article\" \/>\n<meta property=\"og:title\" content=\"Annunciata la seconda stagione di HOTEL PORTOFINO\" \/>\n<meta property=\"og:description\" content=\"Annunciata la seconda stagione di HOTEL PORTOFINO \u2013 annunciata la seconda stagione di hotel. Ci sar\u00e0 una seconda stagione di&nbsp;Hotel Portofino: lo hann\" \/>\n<meta property=\"og:url\" content=\"https:\/\/cinema.video\/it\/annunciata-la-seconda-stagione-di-hotel-portofino\" \/>\n<meta property=\"og:site_name\" content=\"Cinema &amp; Video International\" \/>\n<meta property=\"article:publisher\" content=\"https:\/\/www.facebook.com\/CinemaVideoInternational\/\" \/>\n<meta property=\"article:published_time\" content=\"2022-04-04T07:02:13+00:00\" \/>\n<meta property=\"article:modified_time\" content=\"2026-04-10T01:57:11+00:00\" \/>\n<meta property=\"og:image\" content=\"https:\/\/cinema.video\/wp-content\/uploads\/2022\/04\/Portofinoiuzz-e1649055855923.jpg\" \/>\n\t<meta property=\"og:image:width\" content=\"800\" \/>\n\t<meta property=\"og:image:height\" content=\"462\" \/>\n\t<meta property=\"og:image:type\" content=\"image\/jpeg\" \/>\n<meta name=\"author\" content=\"Carolina Mancini\" \/>\n<meta name=\"twitter:card\" content=\"summary_large_image\" \/>\n<meta name=\"twitter:label1\" content=\"Scritto da\" \/>\n\t<meta name=\"twitter:data1\" content=\"Carolina Mancini\" \/>\n\t<meta name=\"twitter:label2\" content=\"Tempo di lettura stimato\" \/>\n\t<meta name=\"twitter:data2\" content=\"2 minuti\" \/>\n<script type=\"application\/ld+json\" class=\"yoast-schema-graph\">{\"@context\":\"https:\\\/\\\/schema.org\",\"@graph\":[{\"@type\":\"Article\",\"@id\":\"https:\\\/\\\/cinema.video\\\/it\\\/annunciata-la-seconda-stagione-di-hotel-portofino#article\",\"isPartOf\":{\"@id\":\"https:\\\/\\\/cinema.video\\\/it\\\/annunciata-la-seconda-stagione-di-hotel-portofino\"},\"author\":{\"name\":\"Carolina Mancini\",\"@id\":\"https:\\\/\\\/cinema.video\\\/it#\\\/schema\\\/person\\\/d5479fad8d0f2360000eb4aab6bb6e5d\"},\"headline\":\"Annunciata la seconda stagione di HOTEL PORTOFINO\",\"datePublished\":\"2022-04-04T07:02:13+00:00\",\"dateModified\":\"2026-04-10T01:57:11+00:00\",\"mainEntityOfPage\":{\"@id\":\"https:\\\/\\\/cinema.video\\\/it\\\/annunciata-la-seconda-stagione-di-hotel-portofino\"},\"wordCount\":473,\"publisher\":{\"@id\":\"https:\\\/\\\/cinema.video\\\/it#organization\"},\"image\":{\"@id\":\"https:\\\/\\\/cinema.video\\\/it\\\/annunciata-la-seconda-stagione-di-hotel-portofino#primaryimage\"},\"thumbnailUrl\":\"https:\\\/\\\/cinema.video\\\/wp-content\\\/uploads\\\/2022\\\/04\\\/Portofinoiuzz-e1649055855923.jpg\",\"keywords\":[\"focus\",\"GENOVA LIGURIA FILM COMMISSION\"],\"inLanguage\":\"it-IT\"},{\"@type\":\"WebPage\",\"@id\":\"https:\\\/\\\/cinema.video\\\/it\\\/annunciata-la-seconda-stagione-di-hotel-portofino\",\"url\":\"https:\\\/\\\/cinema.video\\\/it\\\/annunciata-la-seconda-stagione-di-hotel-portofino\",\"name\":\"Annunciata la seconda stagione di HOTEL PORTOFINO - Cinema &amp; Video International\",\"isPartOf\":{\"@id\":\"https:\\\/\\\/cinema.video\\\/it#website\"},\"primaryImageOfPage\":{\"@id\":\"https:\\\/\\\/cinema.video\\\/it\\\/annunciata-la-seconda-stagione-di-hotel-portofino#primaryimage\"},\"image\":{\"@id\":\"https:\\\/\\\/cinema.video\\\/it\\\/annunciata-la-seconda-stagione-di-hotel-portofino#primaryimage\"},\"thumbnailUrl\":\"https:\\\/\\\/cinema.video\\\/wp-content\\\/uploads\\\/2022\\\/04\\\/Portofinoiuzz-e1649055855923.jpg\",\"datePublished\":\"2022-04-04T07:02:13+00:00\",\"dateModified\":\"2026-04-10T01:57:11+00:00\",\"description\":\"Annunciata la seconda stagione di HOTEL PORTOFINO \u2013 annunciata la seconda stagione di hotel. Ci sar\u00e0 una seconda stagione di&nbsp;Hotel Portofino: lo hann\",\"breadcrumb\":{\"@id\":\"https:\\\/\\\/cinema.video\\\/it\\\/annunciata-la-seconda-stagione-di-hotel-portofino#breadcrumb\"},\"inLanguage\":\"it-IT\",\"potentialAction\":[{\"@type\":\"ReadAction\",\"target\":[\"https:\\\/\\\/cinema.video\\\/it\\\/annunciata-la-seconda-stagione-di-hotel-portofino\"]}]},{\"@type\":\"ImageObject\",\"inLanguage\":\"it-IT\",\"@id\":\"https:\\\/\\\/cinema.video\\\/it\\\/annunciata-la-seconda-stagione-di-hotel-portofino#primaryimage\",\"url\":\"https:\\\/\\\/cinema.video\\\/wp-content\\\/uploads\\\/2022\\\/04\\\/Portofinoiuzz-e1649055855923.jpg\",\"contentUrl\":\"https:\\\/\\\/cinema.video\\\/wp-content\\\/uploads\\\/2022\\\/04\\\/Portofinoiuzz-e1649055855923.jpg\",\"width\":800,\"height\":462},{\"@type\":\"BreadcrumbList\",\"@id\":\"https:\\\/\\\/cinema.video\\\/it\\\/annunciata-la-seconda-stagione-di-hotel-portofino#breadcrumb\",\"itemListElement\":[{\"@type\":\"ListItem\",\"position\":1,\"name\":\"Home\",\"item\":\"https:\\\/\\\/cinema.video\\\/it\\\/home-2\"},{\"@type\":\"ListItem\",\"position\":2,\"name\":\"Annunciata la seconda stagione di HOTEL PORTOFINO\"}]},{\"@type\":\"WebSite\",\"@id\":\"https:\\\/\\\/cinema.video\\\/it#website\",\"url\":\"https:\\\/\\\/cinema.video\\\/it\",\"name\":\"Cinema & Video International\",\"description\":\"Film &amp; Audiovisual Industry Trade Magazine\",\"publisher\":{\"@id\":\"https:\\\/\\\/cinema.video\\\/it#organization\"},\"alternateName\":\"Cinema & Video\",\"potentialAction\":[{\"@type\":\"SearchAction\",\"target\":{\"@type\":\"EntryPoint\",\"urlTemplate\":\"https:\\\/\\\/cinema.video\\\/it?s={search_term_string}\"},\"query-input\":{\"@type\":\"PropertyValueSpecification\",\"valueRequired\":true,\"valueName\":\"search_term_string\"}}],\"inLanguage\":\"it-IT\"},{\"@type\":\"Organization\",\"@id\":\"https:\\\/\\\/cinema.video\\\/it#organization\",\"name\":\"Cinema & Video\",\"url\":\"https:\\\/\\\/cinema.video\\\/it\",\"logo\":{\"@type\":\"ImageObject\",\"inLanguage\":\"it-IT\",\"@id\":\"https:\\\/\\\/cinema.video\\\/it#\\\/schema\\\/logo\\\/image\\\/\",\"url\":\"https:\\\/\\\/cinema.video\\\/wp-content\\\/uploads\\\/2026\\\/04\\\/CinemVideo_LogoBlack.png\",\"contentUrl\":\"https:\\\/\\\/cinema.video\\\/wp-content\\\/uploads\\\/2026\\\/04\\\/CinemVideo_LogoBlack.png\",\"width\":1336,\"height\":224,\"caption\":\"Cinema & Video\"},\"image\":{\"@id\":\"https:\\\/\\\/cinema.video\\\/it#\\\/schema\\\/logo\\\/image\\\/\"},\"sameAs\":[\"https:\\\/\\\/www.facebook.com\\\/CinemaVideoInternational\\\/\",\"https:\\\/\\\/www.instagram.com\\\/cinemaevideointernational\\\/\",\"https:\\\/\\\/it.linkedin.com\\\/company\\\/cinema-video-international\"],\"description\":\"Media Consulting & Marketing Agency\",\"email\":\"hello@darostudio.com\",\"legalName\":\"DARO studio LLC\",\"foundingDate\":\"2021-02-16\",\"numberOfEmployees\":{\"@type\":\"QuantitativeValue\",\"minValue\":\"1\",\"maxValue\":\"10\"}},{\"@type\":\"Person\",\"@id\":\"https:\\\/\\\/cinema.video\\\/it#\\\/schema\\\/person\\\/d5479fad8d0f2360000eb4aab6bb6e5d\",\"name\":\"Carolina Mancini\",\"image\":{\"@type\":\"ImageObject\",\"inLanguage\":\"it-IT\",\"@id\":\"https:\\\/\\\/secure.gravatar.com\\\/avatar\\\/d4758965c5e8730dbaaa7131a628547771a26c1e5bf14fe323d96f8246a62baf?s=96&d=mm&r=g\",\"url\":\"https:\\\/\\\/secure.gravatar.com\\\/avatar\\\/d4758965c5e8730dbaaa7131a628547771a26c1e5bf14fe323d96f8246a62baf?s=96&d=mm&r=g\",\"contentUrl\":\"https:\\\/\\\/secure.gravatar.com\\\/avatar\\\/d4758965c5e8730dbaaa7131a628547771a26c1e5bf14fe323d96f8246a62baf?s=96&d=mm&r=g\",\"caption\":\"Carolina Mancini\"},\"url\":\"https:\\\/\\\/cinema.video\\\/it\\\/author\\\/carolin\"}]}<\/script>\n<!-- \/ Yoast SEO Premium plugin. -->","yoast_head_json":{"title":"Annunciata la seconda stagione di HOTEL PORTOFINO - Cinema &amp; Video International","description":"Annunciata la seconda stagione di HOTEL PORTOFINO \u2013 annunciata la seconda stagione di hotel. Ci sar\u00e0 una seconda stagione di&nbsp;Hotel Portofino: lo hann","robots":{"index":"index","follow":"follow","max-snippet":"max-snippet:-1","max-image-preview":"max-image-preview:large","max-video-preview":"max-video-preview:-1"},"canonical":"https:\/\/cinema.video\/it\/annunciata-la-seconda-stagione-di-hotel-portofino","og_locale":"it_IT","og_type":"article","og_title":"Annunciata la seconda stagione di HOTEL PORTOFINO","og_description":"Annunciata la seconda stagione di HOTEL PORTOFINO \u2013 annunciata la seconda stagione di hotel. Ci sar\u00e0 una seconda stagione di&nbsp;Hotel Portofino: lo hann","og_url":"https:\/\/cinema.video\/it\/annunciata-la-seconda-stagione-di-hotel-portofino","og_site_name":"Cinema &amp; Video International","article_publisher":"https:\/\/www.facebook.com\/CinemaVideoInternational\/","article_published_time":"2022-04-04T07:02:13+00:00","article_modified_time":"2026-04-10T01:57:11+00:00","og_image":[{"width":800,"height":462,"url":"https:\/\/cinema.video\/wp-content\/uploads\/2022\/04\/Portofinoiuzz-e1649055855923.jpg","type":"image\/jpeg"}],"author":"Carolina Mancini","twitter_card":"summary_large_image","twitter_misc":{"Scritto da":"Carolina Mancini","Tempo di lettura stimato":"2 minuti"},"schema":{"@context":"https:\/\/schema.org","@graph":[{"@type":"Article","@id":"https:\/\/cinema.video\/it\/annunciata-la-seconda-stagione-di-hotel-portofino#article","isPartOf":{"@id":"https:\/\/cinema.video\/it\/annunciata-la-seconda-stagione-di-hotel-portofino"},"author":{"name":"Carolina Mancini","@id":"https:\/\/cinema.video\/it#\/schema\/person\/d5479fad8d0f2360000eb4aab6bb6e5d"},"headline":"Annunciata la seconda stagione di HOTEL PORTOFINO","datePublished":"2022-04-04T07:02:13+00:00","dateModified":"2026-04-10T01:57:11+00:00","mainEntityOfPage":{"@id":"https:\/\/cinema.video\/it\/annunciata-la-seconda-stagione-di-hotel-portofino"},"wordCount":473,"publisher":{"@id":"https:\/\/cinema.video\/it#organization"},"image":{"@id":"https:\/\/cinema.video\/it\/annunciata-la-seconda-stagione-di-hotel-portofino#primaryimage"},"thumbnailUrl":"https:\/\/cinema.video\/wp-content\/uploads\/2022\/04\/Portofinoiuzz-e1649055855923.jpg","keywords":["focus","GENOVA LIGURIA FILM COMMISSION"],"inLanguage":"it-IT"},{"@type":"WebPage","@id":"https:\/\/cinema.video\/it\/annunciata-la-seconda-stagione-di-hotel-portofino","url":"https:\/\/cinema.video\/it\/annunciata-la-seconda-stagione-di-hotel-portofino","name":"Annunciata la seconda stagione di HOTEL PORTOFINO - Cinema &amp; Video International","isPartOf":{"@id":"https:\/\/cinema.video\/it#website"},"primaryImageOfPage":{"@id":"https:\/\/cinema.video\/it\/annunciata-la-seconda-stagione-di-hotel-portofino#primaryimage"},"image":{"@id":"https:\/\/cinema.video\/it\/annunciata-la-seconda-stagione-di-hotel-portofino#primaryimage"},"thumbnailUrl":"https:\/\/cinema.video\/wp-content\/uploads\/2022\/04\/Portofinoiuzz-e1649055855923.jpg","datePublished":"2022-04-04T07:02:13+00:00","dateModified":"2026-04-10T01:57:11+00:00","description":"Annunciata la seconda stagione di HOTEL PORTOFINO \u2013 annunciata la seconda stagione di hotel. Ci sar\u00e0 una seconda stagione di&nbsp;Hotel Portofino: lo hann","breadcrumb":{"@id":"https:\/\/cinema.video\/it\/annunciata-la-seconda-stagione-di-hotel-portofino#breadcrumb"},"inLanguage":"it-IT","potentialAction":[{"@type":"ReadAction","target":["https:\/\/cinema.video\/it\/annunciata-la-seconda-stagione-di-hotel-portofino"]}]},{"@type":"ImageObject","inLanguage":"it-IT","@id":"https:\/\/cinema.video\/it\/annunciata-la-seconda-stagione-di-hotel-portofino#primaryimage","url":"https:\/\/cinema.video\/wp-content\/uploads\/2022\/04\/Portofinoiuzz-e1649055855923.jpg","contentUrl":"https:\/\/cinema.video\/wp-content\/uploads\/2022\/04\/Portofinoiuzz-e1649055855923.jpg","width":800,"height":462},{"@type":"BreadcrumbList","@id":"https:\/\/cinema.video\/it\/annunciata-la-seconda-stagione-di-hotel-portofino#breadcrumb","itemListElement":[{"@type":"ListItem","position":1,"name":"Home","item":"https:\/\/cinema.video\/it\/home-2"},{"@type":"ListItem","position":2,"name":"Annunciata la seconda stagione di HOTEL PORTOFINO"}]},{"@type":"WebSite","@id":"https:\/\/cinema.video\/it#website","url":"https:\/\/cinema.video\/it","name":"Cinema & Video International","description":"Film &amp; Audiovisual Industry Trade Magazine","publisher":{"@id":"https:\/\/cinema.video\/it#organization"},"alternateName":"Cinema & Video","potentialAction":[{"@type":"SearchAction","target":{"@type":"EntryPoint","urlTemplate":"https:\/\/cinema.video\/it?s={search_term_string}"},"query-input":{"@type":"PropertyValueSpecification","valueRequired":true,"valueName":"search_term_string"}}],"inLanguage":"it-IT"},{"@type":"Organization","@id":"https:\/\/cinema.video\/it#organization","name":"Cinema & Video","url":"https:\/\/cinema.video\/it","logo":{"@type":"ImageObject","inLanguage":"it-IT","@id":"https:\/\/cinema.video\/it#\/schema\/logo\/image\/","url":"https:\/\/cinema.video\/wp-content\/uploads\/2026\/04\/CinemVideo_LogoBlack.png","contentUrl":"https:\/\/cinema.video\/wp-content\/uploads\/2026\/04\/CinemVideo_LogoBlack.png","width":1336,"height":224,"caption":"Cinema & Video"},"image":{"@id":"https:\/\/cinema.video\/it#\/schema\/logo\/image\/"},"sameAs":["https:\/\/www.facebook.com\/CinemaVideoInternational\/","https:\/\/www.instagram.com\/cinemaevideointernational\/","https:\/\/it.linkedin.com\/company\/cinema-video-international"],"description":"Media Consulting & Marketing Agency","email":"hello@darostudio.com","legalName":"DARO studio LLC","foundingDate":"2021-02-16","numberOfEmployees":{"@type":"QuantitativeValue","minValue":"1","maxValue":"10"}},{"@type":"Person","@id":"https:\/\/cinema.video\/it#\/schema\/person\/d5479fad8d0f2360000eb4aab6bb6e5d","name":"Carolina Mancini","image":{"@type":"ImageObject","inLanguage":"it-IT","@id":"https:\/\/secure.gravatar.com\/avatar\/d4758965c5e8730dbaaa7131a628547771a26c1e5bf14fe323d96f8246a62baf?s=96&d=mm&r=g","url":"https:\/\/secure.gravatar.com\/avatar\/d4758965c5e8730dbaaa7131a628547771a26c1e5bf14fe323d96f8246a62baf?s=96&d=mm&r=g","contentUrl":"https:\/\/secure.gravatar.com\/avatar\/d4758965c5e8730dbaaa7131a628547771a26c1e5bf14fe323d96f8246a62baf?s=96&d=mm&r=g","caption":"Carolina Mancini"},"url":"https:\/\/cinema.video\/it\/author\/carolin"}]}},"jetpack_featured_media_url":"https:\/\/cinema.video\/wp-content\/uploads\/2022\/04\/Portofinoiuzz-e1649055855923.jpg","jetpack_shortlink":"https:\/\/wp.me\/ph672m-1dSl","_links":{"self":[{"href":"https:\/\/cinema.video\/it\/wp-json\/wp\/v2\/posts\/291669","targetHints":{"allow":["GET"]}}],"collection":[{"href":"https:\/\/cinema.video\/it\/wp-json\/wp\/v2\/posts"}],"about":[{"href":"https:\/\/cinema.video\/it\/wp-json\/wp\/v2\/types\/post"}],"author":[{"embeddable":true,"href":"https:\/\/cinema.video\/it\/wp-json\/wp\/v2\/users\/2"}],"replies":[{"embeddable":true,"href":"https:\/\/cinema.video\/it\/wp-json\/wp\/v2\/comments?post=291669"}],"version-history":[{"count":1,"href":"https:\/\/cinema.video\/it\/wp-json\/wp\/v2\/posts\/291669\/revisions"}],"predecessor-version":[{"id":308588,"href":"https:\/\/cinema.video\/it\/wp-json\/wp\/v2\/posts\/291669\/revisions\/308588"}],"wp:featuredmedia":[{"embeddable":true,"href":"https:\/\/cinema.video\/it\/wp-json\/wp\/v2\/media\/291673"}],"wp:attachment":[{"href":"https:\/\/cinema.video\/it\/wp-json\/wp\/v2\/media?parent=291669"}],"wp:term":[{"taxonomy":"category","embeddable":true,"href":"https:\/\/cinema.video\/it\/wp-json\/wp\/v2\/categories?post=291669"},{"taxonomy":"post_tag","embeddable":true,"href":"https:\/\/cinema.video\/it\/wp-json\/wp\/v2\/tags?post=291669"}],"curies":[{"name":"wp","href":"https:\/\/api.w.org\/{rel}","templated":true}]}}