{"id":291528,"date":"2022-03-19T10:59:31","date_gmt":"2022-03-19T09:59:31","guid":{"rendered":"https:\/\/cinema.video\/?p=291528"},"modified":"2026-04-10T03:57:02","modified_gmt":"2026-04-10T01:57:02","slug":"afic-spazio-ai-festival-agora-dei-territori","status":"publish","type":"post","link":"https:\/\/cinema.video\/it\/afic-spazio-ai-festival-agora-dei-territori","title":{"rendered":"AFIC I Festival Agor\u00e0 dei Territori"},"content":{"rendered":"\n<p class=\"wp-block-paragraph\">\u201cNoi a volte andiamo ai festival anche contro voglia, e poi finiamo per innamorarci di quei luoghi e per volerci lavorare. E\u2019 successo con il Noir in festival di Courmayer, dove poi abbiamo deciso di costruire la storia di <em>Diabolik<\/em>. Abbiamo girato anche nelle sale dove si facevano gli incontri del festival.\u201d<\/p>\n\n\n\n<p class=\"wp-block-paragraph\">L\u2019intervento dei <strong>Manetti Bros <\/strong>durante l&#8217;incontro organizzato da <strong>AFIC<\/strong> <strong>\u201cSpazio ai festival: quali nuovi territori?\u201d<\/strong>,&nbsp; ieri, 18 marzo alla <strong>Casa del Cinema di Roma<\/strong>, evidenzia quanto il rapporto di promozione fra festival cinematografici e territori sia un interrotto circolo virtuoso che continuamente e si autoalimenta, come ha sottolineato la presidente dell\u2019Associazione dei Festival Italiani di Cinema, <strong>Chiara Valenti Omero <\/strong>in apertura della presentazione dei risultati del progetto<strong>&nbsp;<\/strong>dedicato al fondamentale ruolo svolto dai festival cinematografici nella promozione e valorizzazione del territorio, che AFIC ha realizzato con il supporto della Direzione Generale Cinema e Audiovisivo del Mic.&nbsp;<\/p>\n\n\n\n<p class=\"wp-block-paragraph\">Anche lo  scrittore e regista Donato Carrisi, ricorda il direttore della Casa del Cinema, <strong>Giorgio Gosetti<\/strong>, si \u00e8 fatto conquistare dal Noir in Festival, nella sua nuova sede di Como: &#8220;appassionato di festival di gialli, \u00e8 sbarcato a Como per il Noir in Festival e ha deciso poi di ambientare il suo nuovo film, che vedremo fra poco, proprio l\u00ec: in questo momento \u00e8 diventato il suo pi\u00f9 grande sponsor.&#8221;<\/p>\n\n\n\n<p class=\"wp-block-paragraph\">E\u2019 dunque particolarmente felice la definizione coniata da <strong>Cristina Priarone<\/strong>, presidente di <strong>Italian Film Commissions<\/strong>, di festival come\u201d agor\u00e0 virtuose, dove le cose emergono prima che altrove. Non solo in senso romantico, ma anche culturale e industriale, sono il luogo dove, ad esempio, un regista pu\u00f2 trovare un produttore, e un produttore un co-produttore&#8221; A questo proposito, \u00e8 significativo che il 66,6% dei festival presi in esame organizzi in parallelo un evento industry.<\/p>\n\n\n\n<p class=\"wp-block-paragraph\">&#8220;E se un territorio pu\u00f2 molto giovarsi di un festival, &#8211; continua Priarone -altrettanto importante pu\u00f2 essere il ritorno che il territorio d\u00e0 alle manifestazioni in termini identitari e di caratterizzazione.\u201d<\/p>\n\n\n\n<p class=\"wp-block-paragraph\">Tre esempi illuminanti di questo, anche se non italiani, sono la <strong>Berlinale<\/strong>, (tanto che, &#8220;nell&#8217;edizione dello scorso anno, svoltasi online, abbiamo comunque portato le proiezioni dei film del festival nei diversi quartieri della citt\u00e0, sfruttando le arene estive&#8221; ha detto il suo direttore <strong>Carlo Chatrian<\/strong>), il <strong>Festival di Locarno <\/strong>(che da piccola manifestazione \u00e8 diventato l&#8217;evento internazionale che \u00e8 oggi anche grazie alla sua leggendaria piazza, che lo rende un &#8220;festival di pubblico, ma anche un formidabile test per verificare la tenuta di un film da parte dei sales agent&#8221; nota il direttore <strong>Giona Nazzaro<\/strong>),  e quello di <strong>Karlovy Vary,<\/strong> &#8220;una Woodstock del cinema negli anni 90, con i ragazzi che si accampavano con il sacco a pelo per seguire i film che rappresentavano il ponte fra l\u2019Est e l\u2019Ovest. Questo lavoro di ridefinizione del festival, che \u00e8 stato fatto all\u2019indomani della caduta del comunismo, e a cui ha dato un contributo fondamentale&nbsp;<strong>Eva Zaoralov\u00e1<\/strong>, \u00e8 stato fondamentale per ancorare la manifestazione al territorio\u201d ha spiegato<strong> Karel Och<\/strong>, ricordando la allora storica direttrice del festival, recentemente scomparsa.<\/p>\n\n\n\n<p class=\"wp-block-paragraph\">Il contributo della presidente di Italian Film Commissions si ritrova, pi\u00f9 articolato, in apertura del Libro Bianco che raccoglie i risultati dello studio che ha coinvolto 72 festival italiani, e che a breve sar\u00e0 pubblico sul sito di AFIC, spiega <strong>Joana Fresu de Azevedo<\/strong>, che ha curato il lavoro e ne ha illustrato i punti principali.<\/p>\n\n\n\n<p class=\"wp-block-paragraph\"><br>Quello che lega festival e film commission \u00e8 un legame forte e crescente, lo confermano i dati:&nbsp;il 26,8% dei festival interpellati ha come riferimento una film commission, e il 22,2% viene finanziato direttamente da esse. Un dato, quest\u2019ultimo, che non tiene conto degli altri tipi di sostegno non finanziari ma altrettanto importanti, in termini di agevolazione dei rapporti con il territorio o promozione attraverso i propri canali: \u201csi deve considerare che non tutte le film commission hanno linee di finanziamento per la promozione cinematografica\u201d spiega Priarone. <br>Lo studio rivela, inoltre, che sono molto pi\u00f9 numerosi i festival finanziati  dalle Regioni (l&#8217;80,6%) che quelli sostenuti dai propri comuni di appartenenza (60,5%).<\/p>\n\n\n\n<p class=\"wp-block-paragraph\">Priarone  sottolinea, infine, la sintonia fra il lavoro caleidoscopico dei festival e quello delle film commission, \u201cche parte da alcune coordinate e poi si moltiplica: ci occupiamo entrambi anche di&nbsp;formazione, creativit\u00e0, nuove istanze, ecologia. Nella nostra associazione abbiamo dato vita ad un gruppo di lavoro dedicato ai festival, cos\u00ec come abbiamo un gruppo specifico per i festival anche nel tavolo di lavoro presso la DG Cinema\u201d. <\/p>\n\n\n\n<p class=\"wp-block-paragraph\">E sempre su questa linea, i Manetti hanno raccontato come oltre ai festival siano proprio le film commission gli altri attori che li hanno fatti diventare produttori raminghi, che hanno scelto di lavorare nei luoghi di cui via via si innamoravano, come Trieste: \u201cche conoscevamo gi\u00e0 ma che la cura della film commission nell\u2019accompagnarci ci ha fatto vedere i posti con altri occhi.\u201d O Napoli, \u201cche abbiamo amato proprio squisitamente per i suoi luoghi, tant\u2019\u00e8 vero che ci abbiamo girato due film quando la film commission ancora non esisteva\u201d.<br> O Bologna, la loro Cinecitt\u00e0: \u201cche per Diabolik abbiamo usato per girare gli interni, proprio negli uffici dell\u2019<strong>Emilia Romagna film commission<\/strong>, alla quale ci lega un rapporto molto proficuo. La sua sede, nelle torri Kenzo, era particolarmente adatta, nel piazzale abbiamo ambientato anche una scena di sparatoria.\u201d E la presenza dei locali della film commission aumenter\u00e0 nei prossimi due capitoli della saga, assicurano i Manetti, che a Bologna hanno appena girato<em>&nbsp;Diabolik 2 e 3<\/em>.<\/p>\n\n\n\n<p class=\"wp-block-paragraph\">Il progetto <strong>\u201c<\/strong>Spazio ai festival: quali nuovi territori?\u201d \u00e8 stato realizzato da luglio a dicembre 2021 e ha visto il coinvolgimento di un tavolo di lavoro composto da: <strong>Porretta Cinema, Corto Dorico, Cinemambiente, Animaphix, Figari Film Fest, Sguardi Altrove Film Festival, Ischia Film Festival<\/strong>, e dalle persone di <strong>Claudia Maci\u00a0<\/strong>e\u00a0<strong>Luciano Schito<\/strong> (per <strong>Apulia Film Commission)<\/strong>.<\/p>\n","protected":false},"excerpt":{"rendered":"<p>Il 18 marzo, alla Casa del Cinema di Roma, la presentazione dei risultati del lavoro di AFCI sul ruolo svolto dai festival cinematografici nella promozione e  del territorio<\/p>\n","protected":false},"author":2,"featured_media":291529,"comment_status":"closed","ping_status":"closed","sticky":false,"template":"","format":"standard","meta":{"googlesitekit_rrm_CAow3e7fCw:productID":"","_crdt_document":"","footnotes":""},"categories":[189],"tags":[420,2334,356,243],"class_list":{"0":"post-291528","1":"post","2":"type-post","3":"status-publish","4":"format-standard","5":"has-post-thumbnail","7":"category-events","8":"tag-emilia-romagna-film-commission","9":"tag-events","10":"tag-focus","11":"tag-italian-film-commissions"},"yoast_head":"<!-- This site is optimized with the Yoast SEO Premium plugin v27.4 (Yoast SEO v27.5) - https:\/\/yoast.com\/product\/yoast-seo-premium-wordpress\/ -->\n<title>AFIC I Festival Agor\u00e0 dei Territori - Cinema &amp; Video International<\/title>\n<meta name=\"description\" content=\"AFIC I Festival Agor\u00e0 dei Territori \u2013 afic i festival agor dei territori. \u201cNoi a volte andiamo ai festival anche contro voglia, e poi finiamo per innamora\" \/>\n<meta name=\"robots\" content=\"index, follow, max-snippet:-1, max-image-preview:large, max-video-preview:-1\" \/>\n<link rel=\"canonical\" href=\"https:\/\/cinema.video\/it\/afic-spazio-ai-festival-agora-dei-territori\" \/>\n<meta property=\"og:locale\" content=\"it_IT\" \/>\n<meta property=\"og:type\" content=\"article\" \/>\n<meta property=\"og:title\" content=\"AFIC I Festival Agor\u00e0 dei Territori\" \/>\n<meta property=\"og:description\" content=\"AFIC I Festival Agor\u00e0 dei Territori \u2013 afic i festival agor dei territori. \u201cNoi a volte andiamo ai festival anche contro voglia, e poi finiamo per innamora\" \/>\n<meta property=\"og:url\" content=\"https:\/\/cinema.video\/it\/afic-spazio-ai-festival-agora-dei-territori\" \/>\n<meta property=\"og:site_name\" content=\"Cinema &amp; Video International\" \/>\n<meta property=\"article:publisher\" content=\"https:\/\/www.facebook.com\/CinemaVideoInternational\/\" \/>\n<meta property=\"article:published_time\" content=\"2022-03-19T09:59:31+00:00\" \/>\n<meta property=\"article:modified_time\" content=\"2026-04-10T01:57:02+00:00\" \/>\n<meta property=\"og:image\" content=\"https:\/\/cinema.video\/wp-content\/uploads\/2022\/03\/afic.jpg\" \/>\n\t<meta property=\"og:image:width\" content=\"1102\" \/>\n\t<meta property=\"og:image:height\" content=\"643\" \/>\n\t<meta property=\"og:image:type\" content=\"image\/jpeg\" \/>\n<meta name=\"author\" content=\"Carolina Mancini\" \/>\n<meta name=\"twitter:card\" content=\"summary_large_image\" \/>\n<meta name=\"twitter:label1\" content=\"Scritto da\" \/>\n\t<meta name=\"twitter:data1\" content=\"Carolina Mancini\" \/>\n\t<meta name=\"twitter:label2\" content=\"Tempo di lettura stimato\" \/>\n\t<meta name=\"twitter:data2\" content=\"5 minuti\" \/>\n<script type=\"application\/ld+json\" class=\"yoast-schema-graph\">{\"@context\":\"https:\\\/\\\/schema.org\",\"@graph\":[{\"@type\":\"Article\",\"@id\":\"https:\\\/\\\/cinema.video\\\/it\\\/afic-spazio-ai-festival-agora-dei-territori#article\",\"isPartOf\":{\"@id\":\"https:\\\/\\\/cinema.video\\\/it\\\/afic-spazio-ai-festival-agora-dei-territori\"},\"author\":{\"name\":\"Carolina Mancini\",\"@id\":\"https:\\\/\\\/cinema.video\\\/it#\\\/schema\\\/person\\\/d5479fad8d0f2360000eb4aab6bb6e5d\"},\"headline\":\"AFIC I Festival Agor\u00e0 dei Territori\",\"datePublished\":\"2022-03-19T09:59:31+00:00\",\"dateModified\":\"2026-04-10T01:57:02+00:00\",\"mainEntityOfPage\":{\"@id\":\"https:\\\/\\\/cinema.video\\\/it\\\/afic-spazio-ai-festival-agora-dei-territori\"},\"wordCount\":958,\"publisher\":{\"@id\":\"https:\\\/\\\/cinema.video\\\/it#organization\"},\"image\":{\"@id\":\"https:\\\/\\\/cinema.video\\\/it\\\/afic-spazio-ai-festival-agora-dei-territori#primaryimage\"},\"thumbnailUrl\":\"https:\\\/\\\/cinema.video\\\/wp-content\\\/uploads\\\/2022\\\/03\\\/afic.jpg\",\"keywords\":[\"EMILIA ROMAGNA FILM COMMISSION\",\"EVENTS\",\"focus\",\"ITALIAN FILM COMMISSIONS\"],\"articleSection\":[\"EVENTS\"],\"inLanguage\":\"it-IT\"},{\"@type\":\"WebPage\",\"@id\":\"https:\\\/\\\/cinema.video\\\/it\\\/afic-spazio-ai-festival-agora-dei-territori\",\"url\":\"https:\\\/\\\/cinema.video\\\/it\\\/afic-spazio-ai-festival-agora-dei-territori\",\"name\":\"AFIC I Festival Agor\u00e0 dei Territori - Cinema &amp; Video International\",\"isPartOf\":{\"@id\":\"https:\\\/\\\/cinema.video\\\/it#website\"},\"primaryImageOfPage\":{\"@id\":\"https:\\\/\\\/cinema.video\\\/it\\\/afic-spazio-ai-festival-agora-dei-territori#primaryimage\"},\"image\":{\"@id\":\"https:\\\/\\\/cinema.video\\\/it\\\/afic-spazio-ai-festival-agora-dei-territori#primaryimage\"},\"thumbnailUrl\":\"https:\\\/\\\/cinema.video\\\/wp-content\\\/uploads\\\/2022\\\/03\\\/afic.jpg\",\"datePublished\":\"2022-03-19T09:59:31+00:00\",\"dateModified\":\"2026-04-10T01:57:02+00:00\",\"description\":\"AFIC I Festival Agor\u00e0 dei Territori \u2013 afic i festival agor dei territori. \u201cNoi a volte andiamo ai festival anche contro voglia, e poi finiamo per innamora\",\"breadcrumb\":{\"@id\":\"https:\\\/\\\/cinema.video\\\/it\\\/afic-spazio-ai-festival-agora-dei-territori#breadcrumb\"},\"inLanguage\":\"it-IT\",\"potentialAction\":[{\"@type\":\"ReadAction\",\"target\":[\"https:\\\/\\\/cinema.video\\\/it\\\/afic-spazio-ai-festival-agora-dei-territori\"]}]},{\"@type\":\"ImageObject\",\"inLanguage\":\"it-IT\",\"@id\":\"https:\\\/\\\/cinema.video\\\/it\\\/afic-spazio-ai-festival-agora-dei-territori#primaryimage\",\"url\":\"https:\\\/\\\/cinema.video\\\/wp-content\\\/uploads\\\/2022\\\/03\\\/afic.jpg\",\"contentUrl\":\"https:\\\/\\\/cinema.video\\\/wp-content\\\/uploads\\\/2022\\\/03\\\/afic.jpg\",\"width\":1102,\"height\":643},{\"@type\":\"BreadcrumbList\",\"@id\":\"https:\\\/\\\/cinema.video\\\/it\\\/afic-spazio-ai-festival-agora-dei-territori#breadcrumb\",\"itemListElement\":[{\"@type\":\"ListItem\",\"position\":1,\"name\":\"Home\",\"item\":\"https:\\\/\\\/cinema.video\\\/it\\\/home-2\"},{\"@type\":\"ListItem\",\"position\":2,\"name\":\"AFIC I Festival Agor\u00e0 dei Territori\"}]},{\"@type\":\"WebSite\",\"@id\":\"https:\\\/\\\/cinema.video\\\/it#website\",\"url\":\"https:\\\/\\\/cinema.video\\\/it\",\"name\":\"Cinema & Video International\",\"description\":\"Film &amp; Audiovisual Industry Trade Magazine\",\"publisher\":{\"@id\":\"https:\\\/\\\/cinema.video\\\/it#organization\"},\"alternateName\":\"Cinema & Video\",\"potentialAction\":[{\"@type\":\"SearchAction\",\"target\":{\"@type\":\"EntryPoint\",\"urlTemplate\":\"https:\\\/\\\/cinema.video\\\/it?s={search_term_string}\"},\"query-input\":{\"@type\":\"PropertyValueSpecification\",\"valueRequired\":true,\"valueName\":\"search_term_string\"}}],\"inLanguage\":\"it-IT\"},{\"@type\":\"Organization\",\"@id\":\"https:\\\/\\\/cinema.video\\\/it#organization\",\"name\":\"Cinema & Video\",\"url\":\"https:\\\/\\\/cinema.video\\\/it\",\"logo\":{\"@type\":\"ImageObject\",\"inLanguage\":\"it-IT\",\"@id\":\"https:\\\/\\\/cinema.video\\\/it#\\\/schema\\\/logo\\\/image\\\/\",\"url\":\"https:\\\/\\\/cinema.video\\\/wp-content\\\/uploads\\\/2026\\\/04\\\/CinemVideo_LogoBlack.png\",\"contentUrl\":\"https:\\\/\\\/cinema.video\\\/wp-content\\\/uploads\\\/2026\\\/04\\\/CinemVideo_LogoBlack.png\",\"width\":1336,\"height\":224,\"caption\":\"Cinema & Video\"},\"image\":{\"@id\":\"https:\\\/\\\/cinema.video\\\/it#\\\/schema\\\/logo\\\/image\\\/\"},\"sameAs\":[\"https:\\\/\\\/www.facebook.com\\\/CinemaVideoInternational\\\/\",\"https:\\\/\\\/www.instagram.com\\\/cinemaevideointernational\\\/\",\"https:\\\/\\\/it.linkedin.com\\\/company\\\/cinema-video-international\"],\"description\":\"Media Consulting & Marketing Agency\",\"email\":\"hello@darostudio.com\",\"legalName\":\"DARO studio LLC\",\"foundingDate\":\"2021-02-16\",\"numberOfEmployees\":{\"@type\":\"QuantitativeValue\",\"minValue\":\"1\",\"maxValue\":\"10\"}},{\"@type\":\"Person\",\"@id\":\"https:\\\/\\\/cinema.video\\\/it#\\\/schema\\\/person\\\/d5479fad8d0f2360000eb4aab6bb6e5d\",\"name\":\"Carolina Mancini\",\"image\":{\"@type\":\"ImageObject\",\"inLanguage\":\"it-IT\",\"@id\":\"https:\\\/\\\/secure.gravatar.com\\\/avatar\\\/d4758965c5e8730dbaaa7131a628547771a26c1e5bf14fe323d96f8246a62baf?s=96&d=mm&r=g\",\"url\":\"https:\\\/\\\/secure.gravatar.com\\\/avatar\\\/d4758965c5e8730dbaaa7131a628547771a26c1e5bf14fe323d96f8246a62baf?s=96&d=mm&r=g\",\"contentUrl\":\"https:\\\/\\\/secure.gravatar.com\\\/avatar\\\/d4758965c5e8730dbaaa7131a628547771a26c1e5bf14fe323d96f8246a62baf?s=96&d=mm&r=g\",\"caption\":\"Carolina Mancini\"},\"url\":\"https:\\\/\\\/cinema.video\\\/it\\\/author\\\/carolin\"}]}<\/script>\n<!-- \/ Yoast SEO Premium plugin. -->","yoast_head_json":{"title":"AFIC I Festival Agor\u00e0 dei Territori - Cinema &amp; Video International","description":"AFIC I Festival Agor\u00e0 dei Territori \u2013 afic i festival agor dei territori. \u201cNoi a volte andiamo ai festival anche contro voglia, e poi finiamo per innamora","robots":{"index":"index","follow":"follow","max-snippet":"max-snippet:-1","max-image-preview":"max-image-preview:large","max-video-preview":"max-video-preview:-1"},"canonical":"https:\/\/cinema.video\/it\/afic-spazio-ai-festival-agora-dei-territori","og_locale":"it_IT","og_type":"article","og_title":"AFIC I Festival Agor\u00e0 dei Territori","og_description":"AFIC I Festival Agor\u00e0 dei Territori \u2013 afic i festival agor dei territori. \u201cNoi a volte andiamo ai festival anche contro voglia, e poi finiamo per innamora","og_url":"https:\/\/cinema.video\/it\/afic-spazio-ai-festival-agora-dei-territori","og_site_name":"Cinema &amp; Video International","article_publisher":"https:\/\/www.facebook.com\/CinemaVideoInternational\/","article_published_time":"2022-03-19T09:59:31+00:00","article_modified_time":"2026-04-10T01:57:02+00:00","og_image":[{"width":1102,"height":643,"url":"https:\/\/cinema.video\/wp-content\/uploads\/2022\/03\/afic.jpg","type":"image\/jpeg"}],"author":"Carolina Mancini","twitter_card":"summary_large_image","twitter_misc":{"Scritto da":"Carolina Mancini","Tempo di lettura stimato":"5 minuti"},"schema":{"@context":"https:\/\/schema.org","@graph":[{"@type":"Article","@id":"https:\/\/cinema.video\/it\/afic-spazio-ai-festival-agora-dei-territori#article","isPartOf":{"@id":"https:\/\/cinema.video\/it\/afic-spazio-ai-festival-agora-dei-territori"},"author":{"name":"Carolina Mancini","@id":"https:\/\/cinema.video\/it#\/schema\/person\/d5479fad8d0f2360000eb4aab6bb6e5d"},"headline":"AFIC I Festival Agor\u00e0 dei Territori","datePublished":"2022-03-19T09:59:31+00:00","dateModified":"2026-04-10T01:57:02+00:00","mainEntityOfPage":{"@id":"https:\/\/cinema.video\/it\/afic-spazio-ai-festival-agora-dei-territori"},"wordCount":958,"publisher":{"@id":"https:\/\/cinema.video\/it#organization"},"image":{"@id":"https:\/\/cinema.video\/it\/afic-spazio-ai-festival-agora-dei-territori#primaryimage"},"thumbnailUrl":"https:\/\/cinema.video\/wp-content\/uploads\/2022\/03\/afic.jpg","keywords":["EMILIA ROMAGNA FILM COMMISSION","EVENTS","focus","ITALIAN FILM COMMISSIONS"],"articleSection":["EVENTS"],"inLanguage":"it-IT"},{"@type":"WebPage","@id":"https:\/\/cinema.video\/it\/afic-spazio-ai-festival-agora-dei-territori","url":"https:\/\/cinema.video\/it\/afic-spazio-ai-festival-agora-dei-territori","name":"AFIC I Festival Agor\u00e0 dei Territori - Cinema &amp; Video International","isPartOf":{"@id":"https:\/\/cinema.video\/it#website"},"primaryImageOfPage":{"@id":"https:\/\/cinema.video\/it\/afic-spazio-ai-festival-agora-dei-territori#primaryimage"},"image":{"@id":"https:\/\/cinema.video\/it\/afic-spazio-ai-festival-agora-dei-territori#primaryimage"},"thumbnailUrl":"https:\/\/cinema.video\/wp-content\/uploads\/2022\/03\/afic.jpg","datePublished":"2022-03-19T09:59:31+00:00","dateModified":"2026-04-10T01:57:02+00:00","description":"AFIC I Festival Agor\u00e0 dei Territori \u2013 afic i festival agor dei territori. \u201cNoi a volte andiamo ai festival anche contro voglia, e poi finiamo per innamora","breadcrumb":{"@id":"https:\/\/cinema.video\/it\/afic-spazio-ai-festival-agora-dei-territori#breadcrumb"},"inLanguage":"it-IT","potentialAction":[{"@type":"ReadAction","target":["https:\/\/cinema.video\/it\/afic-spazio-ai-festival-agora-dei-territori"]}]},{"@type":"ImageObject","inLanguage":"it-IT","@id":"https:\/\/cinema.video\/it\/afic-spazio-ai-festival-agora-dei-territori#primaryimage","url":"https:\/\/cinema.video\/wp-content\/uploads\/2022\/03\/afic.jpg","contentUrl":"https:\/\/cinema.video\/wp-content\/uploads\/2022\/03\/afic.jpg","width":1102,"height":643},{"@type":"BreadcrumbList","@id":"https:\/\/cinema.video\/it\/afic-spazio-ai-festival-agora-dei-territori#breadcrumb","itemListElement":[{"@type":"ListItem","position":1,"name":"Home","item":"https:\/\/cinema.video\/it\/home-2"},{"@type":"ListItem","position":2,"name":"AFIC I Festival Agor\u00e0 dei Territori"}]},{"@type":"WebSite","@id":"https:\/\/cinema.video\/it#website","url":"https:\/\/cinema.video\/it","name":"Cinema & Video International","description":"Film &amp; Audiovisual Industry Trade Magazine","publisher":{"@id":"https:\/\/cinema.video\/it#organization"},"alternateName":"Cinema & Video","potentialAction":[{"@type":"SearchAction","target":{"@type":"EntryPoint","urlTemplate":"https:\/\/cinema.video\/it?s={search_term_string}"},"query-input":{"@type":"PropertyValueSpecification","valueRequired":true,"valueName":"search_term_string"}}],"inLanguage":"it-IT"},{"@type":"Organization","@id":"https:\/\/cinema.video\/it#organization","name":"Cinema & Video","url":"https:\/\/cinema.video\/it","logo":{"@type":"ImageObject","inLanguage":"it-IT","@id":"https:\/\/cinema.video\/it#\/schema\/logo\/image\/","url":"https:\/\/cinema.video\/wp-content\/uploads\/2026\/04\/CinemVideo_LogoBlack.png","contentUrl":"https:\/\/cinema.video\/wp-content\/uploads\/2026\/04\/CinemVideo_LogoBlack.png","width":1336,"height":224,"caption":"Cinema & Video"},"image":{"@id":"https:\/\/cinema.video\/it#\/schema\/logo\/image\/"},"sameAs":["https:\/\/www.facebook.com\/CinemaVideoInternational\/","https:\/\/www.instagram.com\/cinemaevideointernational\/","https:\/\/it.linkedin.com\/company\/cinema-video-international"],"description":"Media Consulting & Marketing Agency","email":"hello@darostudio.com","legalName":"DARO studio LLC","foundingDate":"2021-02-16","numberOfEmployees":{"@type":"QuantitativeValue","minValue":"1","maxValue":"10"}},{"@type":"Person","@id":"https:\/\/cinema.video\/it#\/schema\/person\/d5479fad8d0f2360000eb4aab6bb6e5d","name":"Carolina Mancini","image":{"@type":"ImageObject","inLanguage":"it-IT","@id":"https:\/\/secure.gravatar.com\/avatar\/d4758965c5e8730dbaaa7131a628547771a26c1e5bf14fe323d96f8246a62baf?s=96&d=mm&r=g","url":"https:\/\/secure.gravatar.com\/avatar\/d4758965c5e8730dbaaa7131a628547771a26c1e5bf14fe323d96f8246a62baf?s=96&d=mm&r=g","contentUrl":"https:\/\/secure.gravatar.com\/avatar\/d4758965c5e8730dbaaa7131a628547771a26c1e5bf14fe323d96f8246a62baf?s=96&d=mm&r=g","caption":"Carolina Mancini"},"url":"https:\/\/cinema.video\/it\/author\/carolin"}]}},"jetpack_featured_media_url":"https:\/\/cinema.video\/wp-content\/uploads\/2022\/03\/afic.jpg","jetpack_shortlink":"https:\/\/wp.me\/ph672m-1dQ4","_links":{"self":[{"href":"https:\/\/cinema.video\/it\/wp-json\/wp\/v2\/posts\/291528","targetHints":{"allow":["GET"]}}],"collection":[{"href":"https:\/\/cinema.video\/it\/wp-json\/wp\/v2\/posts"}],"about":[{"href":"https:\/\/cinema.video\/it\/wp-json\/wp\/v2\/types\/post"}],"author":[{"embeddable":true,"href":"https:\/\/cinema.video\/it\/wp-json\/wp\/v2\/users\/2"}],"replies":[{"embeddable":true,"href":"https:\/\/cinema.video\/it\/wp-json\/wp\/v2\/comments?post=291528"}],"version-history":[{"count":2,"href":"https:\/\/cinema.video\/it\/wp-json\/wp\/v2\/posts\/291528\/revisions"}],"predecessor-version":[{"id":308575,"href":"https:\/\/cinema.video\/it\/wp-json\/wp\/v2\/posts\/291528\/revisions\/308575"}],"wp:featuredmedia":[{"embeddable":true,"href":"https:\/\/cinema.video\/it\/wp-json\/wp\/v2\/media\/291529"}],"wp:attachment":[{"href":"https:\/\/cinema.video\/it\/wp-json\/wp\/v2\/media?parent=291528"}],"wp:term":[{"taxonomy":"category","embeddable":true,"href":"https:\/\/cinema.video\/it\/wp-json\/wp\/v2\/categories?post=291528"},{"taxonomy":"post_tag","embeddable":true,"href":"https:\/\/cinema.video\/it\/wp-json\/wp\/v2\/tags?post=291528"}],"curies":[{"name":"wp","href":"https:\/\/api.w.org\/{rel}","templated":true}]}}