{"id":291473,"date":"2022-03-15T13:03:59","date_gmt":"2022-03-15T12:03:59","guid":{"rendered":"https:\/\/cinema.video\/?p=291473"},"modified":"2026-04-10T03:56:59","modified_gmt":"2026-04-10T01:56:59","slug":"291473-2","status":"publish","type":"post","link":"https:\/\/cinema.video\/it\/291473-2","title":{"rendered":"TICINO Locarno Film Festival e Citt\u00e0 di Lugano due percorsi di scrittura in residenza"},"content":{"rendered":"\n<p class=\"wp-block-paragraph\">La Svizzera punta decisamente sullo sviluppo delle storie e la fase di scrittura dei progetti audiovisivi con due iniziative di residenza creativa: la <strong>Locarno Film Residency<\/strong> del <strong>Locarno Film Festival<\/strong> e il concorso per tre residenze dedicate alla sceneggiatura presso <strong>Casa Pantrov\u00e0 a Carona<\/strong>, organizzato dalla <strong>Citt\u00e0 di Lugano<\/strong> in collaborazione con<strong> La Casa della Letteratura per la Svizzera italiana, <\/strong>il <strong>Gruppo registi e sceneggiatori della Svizzera italiana <\/strong>e in partenariato con la<strong> Ticino Film Commission<\/strong> e <strong>Castellinaria Festival del cinema<\/strong>.<\/p>\n\n\n\n<p class=\"wp-block-paragraph\">C&#8217;\u00e8 tempo fino al 2 maggio per candidarsi alla Locarno Film Residency, progetto dedicato allo sviluppo dell&#8217;opera prima, di finzione o documentaria, o della prima co-regia, che il Festival di Locarno lancia nell&#8217;anno del suo 75\u00b0 anniversario. E proprio durante il festival (dal 4 al 7 agosto) si svolger\u00e0 la prima fase del progetto, dove i primi dieci talenti selezionati saranno chiamati a discutere i loro soggetti di film dinnanzi a una giuria composta da personalit\u00e0 dell\u2019industria cinematografica, che sceglier\u00e0 poi i tre progetti che seguiranno il percorso della Residency.<br>Questo preveder\u00e0 una sessione di confronto sul trattamento del soggetto avr\u00e0 luogo dal 5 al 18 dicembre 2022 a Venezia, nel prestigioso <strong>Palazzo Trevisan degli Ulivi<\/strong>, in collaborazione con il&nbsp;<strong>Consolato generale di Svizzera a Milano<\/strong>. <br>L\u2019altra, della durata di tutto il mese di marzo 2023, si terr\u00e0 invece nel locarnese, presso la&nbsp;<strong>Fondazione Eranos di Ascona &#8211; Moscia<\/strong>, luogo di pace e riflessione in cui si lavorer\u00e0 sulla scrittura della sceneggiatura con tutor e interventi del team artistico del Locarno Film Festival. <br>Nella fase finale, i progetti saranno presentati nel contesto delle attivit\u00e0 di <strong>Locarno Pro <\/strong>durante la 76esima edizione del Festival, permettendo alle autrici e autori di entrare in contatto con le figure pi\u00f9 rilevanti dell\u2019industria cinematografica. A coronare l\u2019esperienza sar\u00e0 l\u2019assegnazione di premi che contribuiranno alla piena realizzazione dei lungometraggi vincitori.<\/p>\n\n\n\n<figure class=\"wp-block-table\"><table><tbody><tr><td>L\u2019iscrizione al progetto Locarno Residency \u00e8 aperta a candidate e candidati&nbsp;sotto i 40 anni di et\u00e0, di qualsiasi nazionalit\u00e0,&nbsp;e che per la prima volta affrontano il passaggio a un nuovo formato di durata superiore ai 60 minuti<\/td><\/tr><\/tbody><\/table><\/figure>\n\n\n\n<p class=\"wp-block-paragraph\">L&#8217;altra Residenza, alla Casa Pantrov\u00e0, \u00e8 invece alla sua seconda edizione, ma, grazie anche alla nuova partnership con <strong>Castellinaria Festival del cinema giovane<\/strong>, aumenta sia il numero dei beneficiari, che da due passano a tre, sia la durata del soggiorno (da due a quattro settimane, dal 1 al 28 agosto); e dunque anche le borse per ogni residente che salgono a CHF 3&#8217;000.<\/p>\n\n\n\n<p class=\"wp-block-paragraph\">Oltre alle due residenze dedicate all\u2019elaborazione di testi in lingua italiana, infatti, quest\u2019anno, in memoria di Lisa Tetzner e Kurt Kl\u00e4bler &#8211; coppia di illustri scrittori per ragazzi che costru\u00ec Casa Pantrov\u00e0 nel 1936 per poi donarla a beneficio della comunit\u00e0 &#8211; si aggiunge un soggiorno specifico per la scrittura di sceneggiature dedicate ad opere per l\u2019infanzia e\/o per giovani, di preferenza in italiano, ma aperta anche alle altre lingue nazionali. <\/p>\n\n\n\n<p class=\"wp-block-paragraph\">Durante il periodo di residenza i vincitori delle tre residenze potranno approfittare di alcuni benefits come ad esempio, grazie alla Ticino Film Commission, un incontro con professionisti nell\u2019ambito del Locarno Film Festival. <br>Inoltre, nel mese di agosto verranno organizzati momenti di incontro per poter condividere l\u2019esperienza in corso tra gli ospiti, gli operatori culturali e la cittadinanza. <\/p>\n\n\n\n<p class=\"wp-block-paragraph\">Per quel che riguarda la residenza dedicata al cinema per giovani, il vincitore sar\u00e0 invitato a presentare il suo progetto nell\u2019ambito del festival Castellinaria.&nbsp;<\/p>\n\n\n\n<p class=\"wp-block-paragraph\">Anche in questo caso, la scadenza per le candidature \u00e8 il 2 maggio.<\/p>\n","protected":false},"excerpt":{"rendered":"<p>la Locarno Film Residency del Locarno Film Festival e il concorso per tre residenze dedicate alla sceneggiatura presso Casa Pantrov\u00e0 a Carona, organizzato dalla Citt\u00e0 di Lugano, realizzato in partenariato con la Ticino Film Commission e Castellinaria Festival del cinema<\/p>\n","protected":false},"author":26,"featured_media":291474,"comment_status":"closed","ping_status":"closed","sticky":false,"template":"","format":"standard","meta":{"googlesitekit_rrm_CAow3e7fCw:productID":"","_crdt_document":"","footnotes":""},"categories":[1],"tags":[483,880],"class_list":{"0":"post-291473","1":"post","2":"type-post","3":"status-publish","4":"format-standard","5":"has-post-thumbnail","7":"category-senza-categoria","8":"tag-sceneggiatura","9":"tag-ticino-film-commission"},"yoast_head":"<!-- This site is optimized with the Yoast SEO Premium plugin v27.4 (Yoast SEO v27.5) - https:\/\/yoast.com\/product\/yoast-seo-premium-wordpress\/ -->\n<title>TICINO Locarno Film Festival e Citt\u00e0 di Lugano due percorsi di scrittura in residenza - Cinema &amp; Video International<\/title>\n<meta name=\"description\" content=\"TICINO Locarno Film Festival e Citt\u00e0 di Lugano due percorsi di scrittura in residenza \u2013 ticino locarno film festival e citt. La Svizzera punta decisamente\" \/>\n<meta name=\"robots\" content=\"index, follow, max-snippet:-1, max-image-preview:large, max-video-preview:-1\" \/>\n<link rel=\"canonical\" href=\"https:\/\/cinema.video\/it\/291473-2\" \/>\n<meta property=\"og:locale\" content=\"it_IT\" \/>\n<meta property=\"og:type\" content=\"article\" \/>\n<meta property=\"og:title\" content=\"TICINO Locarno Film Festival e Citt\u00e0 di Lugano due percorsi di scrittura in residenza\" \/>\n<meta property=\"og:description\" content=\"TICINO Locarno Film Festival e Citt\u00e0 di Lugano due percorsi di scrittura in residenza \u2013 ticino locarno film festival e citt. La Svizzera punta decisamente\" \/>\n<meta property=\"og:url\" content=\"https:\/\/cinema.video\/it\/291473-2\" \/>\n<meta property=\"og:site_name\" content=\"Cinema &amp; Video International\" \/>\n<meta property=\"article:publisher\" content=\"https:\/\/www.facebook.com\/CinemaVideoInternational\/\" \/>\n<meta property=\"article:published_time\" content=\"2022-03-15T12:03:59+00:00\" \/>\n<meta property=\"article:modified_time\" content=\"2026-04-10T01:56:59+00:00\" \/>\n<meta property=\"og:image\" content=\"https:\/\/cinema.video\/wp-content\/uploads\/2022\/03\/ticino-e1647345780988.jpg\" \/>\n\t<meta property=\"og:image:width\" content=\"800\" \/>\n\t<meta property=\"og:image:height\" content=\"450\" \/>\n\t<meta property=\"og:image:type\" content=\"image\/jpeg\" \/>\n<meta name=\"author\" content=\"Redazione\" \/>\n<meta name=\"twitter:card\" content=\"summary_large_image\" \/>\n<meta name=\"twitter:label1\" content=\"Scritto da\" \/>\n\t<meta name=\"twitter:data1\" content=\"Redazione\" \/>\n\t<meta name=\"twitter:label2\" content=\"Tempo di lettura stimato\" \/>\n\t<meta name=\"twitter:data2\" content=\"3 minuti\" \/>\n<script type=\"application\/ld+json\" class=\"yoast-schema-graph\">{\"@context\":\"https:\\\/\\\/schema.org\",\"@graph\":[{\"@type\":\"Article\",\"@id\":\"https:\\\/\\\/cinema.video\\\/it\\\/291473-2#article\",\"isPartOf\":{\"@id\":\"https:\\\/\\\/cinema.video\\\/it\\\/291473-2\"},\"author\":{\"name\":\"Redazione\",\"@id\":\"https:\\\/\\\/cinema.video\\\/it#\\\/schema\\\/person\\\/aeb01b91d874e8b01e76a1db04c668c6\"},\"headline\":\"TICINO Locarno Film Festival e Citt\u00e0 di Lugano due percorsi di scrittura in residenza\",\"datePublished\":\"2022-03-15T12:03:59+00:00\",\"dateModified\":\"2026-04-10T01:56:59+00:00\",\"mainEntityOfPage\":{\"@id\":\"https:\\\/\\\/cinema.video\\\/it\\\/291473-2\"},\"wordCount\":590,\"publisher\":{\"@id\":\"https:\\\/\\\/cinema.video\\\/it#organization\"},\"image\":{\"@id\":\"https:\\\/\\\/cinema.video\\\/it\\\/291473-2#primaryimage\"},\"thumbnailUrl\":\"https:\\\/\\\/cinema.video\\\/wp-content\\\/uploads\\\/2022\\\/03\\\/ticino-e1647345780988.jpg\",\"keywords\":[\"Sceneggiatura\",\"Ticino Film Commission\"],\"inLanguage\":\"it-IT\"},{\"@type\":\"WebPage\",\"@id\":\"https:\\\/\\\/cinema.video\\\/it\\\/291473-2\",\"url\":\"https:\\\/\\\/cinema.video\\\/it\\\/291473-2\",\"name\":\"TICINO Locarno Film Festival e Citt\u00e0 di Lugano due percorsi di scrittura in residenza - Cinema &amp; Video International\",\"isPartOf\":{\"@id\":\"https:\\\/\\\/cinema.video\\\/it#website\"},\"primaryImageOfPage\":{\"@id\":\"https:\\\/\\\/cinema.video\\\/it\\\/291473-2#primaryimage\"},\"image\":{\"@id\":\"https:\\\/\\\/cinema.video\\\/it\\\/291473-2#primaryimage\"},\"thumbnailUrl\":\"https:\\\/\\\/cinema.video\\\/wp-content\\\/uploads\\\/2022\\\/03\\\/ticino-e1647345780988.jpg\",\"datePublished\":\"2022-03-15T12:03:59+00:00\",\"dateModified\":\"2026-04-10T01:56:59+00:00\",\"description\":\"TICINO Locarno Film Festival e Citt\u00e0 di Lugano due percorsi di scrittura in residenza \u2013 ticino locarno film festival e citt. La Svizzera punta decisamente\",\"breadcrumb\":{\"@id\":\"https:\\\/\\\/cinema.video\\\/it\\\/291473-2#breadcrumb\"},\"inLanguage\":\"it-IT\",\"potentialAction\":[{\"@type\":\"ReadAction\",\"target\":[\"https:\\\/\\\/cinema.video\\\/it\\\/291473-2\"]}]},{\"@type\":\"ImageObject\",\"inLanguage\":\"it-IT\",\"@id\":\"https:\\\/\\\/cinema.video\\\/it\\\/291473-2#primaryimage\",\"url\":\"https:\\\/\\\/cinema.video\\\/wp-content\\\/uploads\\\/2022\\\/03\\\/ticino-e1647345780988.jpg\",\"contentUrl\":\"https:\\\/\\\/cinema.video\\\/wp-content\\\/uploads\\\/2022\\\/03\\\/ticino-e1647345780988.jpg\",\"width\":800,\"height\":450},{\"@type\":\"BreadcrumbList\",\"@id\":\"https:\\\/\\\/cinema.video\\\/it\\\/291473-2#breadcrumb\",\"itemListElement\":[{\"@type\":\"ListItem\",\"position\":1,\"name\":\"Home\",\"item\":\"https:\\\/\\\/cinema.video\\\/it\\\/home-2\"},{\"@type\":\"ListItem\",\"position\":2,\"name\":\"TICINO Locarno Film Festival e Citt\u00e0 di Lugano due percorsi di scrittura in residenza\"}]},{\"@type\":\"WebSite\",\"@id\":\"https:\\\/\\\/cinema.video\\\/it#website\",\"url\":\"https:\\\/\\\/cinema.video\\\/it\",\"name\":\"Cinema & Video International\",\"description\":\"Film &amp; Audiovisual Industry Trade Magazine\",\"publisher\":{\"@id\":\"https:\\\/\\\/cinema.video\\\/it#organization\"},\"alternateName\":\"Cinema & Video\",\"potentialAction\":[{\"@type\":\"SearchAction\",\"target\":{\"@type\":\"EntryPoint\",\"urlTemplate\":\"https:\\\/\\\/cinema.video\\\/it?s={search_term_string}\"},\"query-input\":{\"@type\":\"PropertyValueSpecification\",\"valueRequired\":true,\"valueName\":\"search_term_string\"}}],\"inLanguage\":\"it-IT\"},{\"@type\":\"Organization\",\"@id\":\"https:\\\/\\\/cinema.video\\\/it#organization\",\"name\":\"Cinema & Video\",\"url\":\"https:\\\/\\\/cinema.video\\\/it\",\"logo\":{\"@type\":\"ImageObject\",\"inLanguage\":\"it-IT\",\"@id\":\"https:\\\/\\\/cinema.video\\\/it#\\\/schema\\\/logo\\\/image\\\/\",\"url\":\"https:\\\/\\\/cinema.video\\\/wp-content\\\/uploads\\\/2026\\\/04\\\/CinemVideo_LogoBlack.png\",\"contentUrl\":\"https:\\\/\\\/cinema.video\\\/wp-content\\\/uploads\\\/2026\\\/04\\\/CinemVideo_LogoBlack.png\",\"width\":1336,\"height\":224,\"caption\":\"Cinema & Video\"},\"image\":{\"@id\":\"https:\\\/\\\/cinema.video\\\/it#\\\/schema\\\/logo\\\/image\\\/\"},\"sameAs\":[\"https:\\\/\\\/www.facebook.com\\\/CinemaVideoInternational\\\/\",\"https:\\\/\\\/www.instagram.com\\\/cinemaevideointernational\\\/\",\"https:\\\/\\\/it.linkedin.com\\\/company\\\/cinema-video-international\"],\"description\":\"Media Consulting & Marketing Agency\",\"email\":\"hello@darostudio.com\",\"legalName\":\"DARO studio LLC\",\"foundingDate\":\"2021-02-16\",\"numberOfEmployees\":{\"@type\":\"QuantitativeValue\",\"minValue\":\"1\",\"maxValue\":\"10\"}},{\"@type\":\"Person\",\"@id\":\"https:\\\/\\\/cinema.video\\\/it#\\\/schema\\\/person\\\/aeb01b91d874e8b01e76a1db04c668c6\",\"name\":\"Redazione\",\"image\":{\"@type\":\"ImageObject\",\"inLanguage\":\"it-IT\",\"@id\":\"https:\\\/\\\/secure.gravatar.com\\\/avatar\\\/06ad6f92eb14745b75fb592cadf8139d33242d81c9c8b085133c450aaf0b9731?s=96&d=mm&r=g\",\"url\":\"https:\\\/\\\/secure.gravatar.com\\\/avatar\\\/06ad6f92eb14745b75fb592cadf8139d33242d81c9c8b085133c450aaf0b9731?s=96&d=mm&r=g\",\"contentUrl\":\"https:\\\/\\\/secure.gravatar.com\\\/avatar\\\/06ad6f92eb14745b75fb592cadf8139d33242d81c9c8b085133c450aaf0b9731?s=96&d=mm&r=g\",\"caption\":\"Redazione\"},\"url\":\"https:\\\/\\\/cinema.video\\\/it\\\/author\\\/redazione\"}]}<\/script>\n<!-- \/ Yoast SEO Premium plugin. -->","yoast_head_json":{"title":"TICINO Locarno Film Festival e Citt\u00e0 di Lugano due percorsi di scrittura in residenza - Cinema &amp; Video International","description":"TICINO Locarno Film Festival e Citt\u00e0 di Lugano due percorsi di scrittura in residenza \u2013 ticino locarno film festival e citt. La Svizzera punta decisamente","robots":{"index":"index","follow":"follow","max-snippet":"max-snippet:-1","max-image-preview":"max-image-preview:large","max-video-preview":"max-video-preview:-1"},"canonical":"https:\/\/cinema.video\/it\/291473-2","og_locale":"it_IT","og_type":"article","og_title":"TICINO Locarno Film Festival e Citt\u00e0 di Lugano due percorsi di scrittura in residenza","og_description":"TICINO Locarno Film Festival e Citt\u00e0 di Lugano due percorsi di scrittura in residenza \u2013 ticino locarno film festival e citt. La Svizzera punta decisamente","og_url":"https:\/\/cinema.video\/it\/291473-2","og_site_name":"Cinema &amp; Video International","article_publisher":"https:\/\/www.facebook.com\/CinemaVideoInternational\/","article_published_time":"2022-03-15T12:03:59+00:00","article_modified_time":"2026-04-10T01:56:59+00:00","og_image":[{"width":800,"height":450,"url":"https:\/\/cinema.video\/wp-content\/uploads\/2022\/03\/ticino-e1647345780988.jpg","type":"image\/jpeg"}],"author":"Redazione","twitter_card":"summary_large_image","twitter_misc":{"Scritto da":"Redazione","Tempo di lettura stimato":"3 minuti"},"schema":{"@context":"https:\/\/schema.org","@graph":[{"@type":"Article","@id":"https:\/\/cinema.video\/it\/291473-2#article","isPartOf":{"@id":"https:\/\/cinema.video\/it\/291473-2"},"author":{"name":"Redazione","@id":"https:\/\/cinema.video\/it#\/schema\/person\/aeb01b91d874e8b01e76a1db04c668c6"},"headline":"TICINO Locarno Film Festival e Citt\u00e0 di Lugano due percorsi di scrittura in residenza","datePublished":"2022-03-15T12:03:59+00:00","dateModified":"2026-04-10T01:56:59+00:00","mainEntityOfPage":{"@id":"https:\/\/cinema.video\/it\/291473-2"},"wordCount":590,"publisher":{"@id":"https:\/\/cinema.video\/it#organization"},"image":{"@id":"https:\/\/cinema.video\/it\/291473-2#primaryimage"},"thumbnailUrl":"https:\/\/cinema.video\/wp-content\/uploads\/2022\/03\/ticino-e1647345780988.jpg","keywords":["Sceneggiatura","Ticino Film Commission"],"inLanguage":"it-IT"},{"@type":"WebPage","@id":"https:\/\/cinema.video\/it\/291473-2","url":"https:\/\/cinema.video\/it\/291473-2","name":"TICINO Locarno Film Festival e Citt\u00e0 di Lugano due percorsi di scrittura in residenza - Cinema &amp; Video International","isPartOf":{"@id":"https:\/\/cinema.video\/it#website"},"primaryImageOfPage":{"@id":"https:\/\/cinema.video\/it\/291473-2#primaryimage"},"image":{"@id":"https:\/\/cinema.video\/it\/291473-2#primaryimage"},"thumbnailUrl":"https:\/\/cinema.video\/wp-content\/uploads\/2022\/03\/ticino-e1647345780988.jpg","datePublished":"2022-03-15T12:03:59+00:00","dateModified":"2026-04-10T01:56:59+00:00","description":"TICINO Locarno Film Festival e Citt\u00e0 di Lugano due percorsi di scrittura in residenza \u2013 ticino locarno film festival e citt. La Svizzera punta decisamente","breadcrumb":{"@id":"https:\/\/cinema.video\/it\/291473-2#breadcrumb"},"inLanguage":"it-IT","potentialAction":[{"@type":"ReadAction","target":["https:\/\/cinema.video\/it\/291473-2"]}]},{"@type":"ImageObject","inLanguage":"it-IT","@id":"https:\/\/cinema.video\/it\/291473-2#primaryimage","url":"https:\/\/cinema.video\/wp-content\/uploads\/2022\/03\/ticino-e1647345780988.jpg","contentUrl":"https:\/\/cinema.video\/wp-content\/uploads\/2022\/03\/ticino-e1647345780988.jpg","width":800,"height":450},{"@type":"BreadcrumbList","@id":"https:\/\/cinema.video\/it\/291473-2#breadcrumb","itemListElement":[{"@type":"ListItem","position":1,"name":"Home","item":"https:\/\/cinema.video\/it\/home-2"},{"@type":"ListItem","position":2,"name":"TICINO Locarno Film Festival e Citt\u00e0 di Lugano due percorsi di scrittura in residenza"}]},{"@type":"WebSite","@id":"https:\/\/cinema.video\/it#website","url":"https:\/\/cinema.video\/it","name":"Cinema & Video International","description":"Film &amp; Audiovisual Industry Trade Magazine","publisher":{"@id":"https:\/\/cinema.video\/it#organization"},"alternateName":"Cinema & Video","potentialAction":[{"@type":"SearchAction","target":{"@type":"EntryPoint","urlTemplate":"https:\/\/cinema.video\/it?s={search_term_string}"},"query-input":{"@type":"PropertyValueSpecification","valueRequired":true,"valueName":"search_term_string"}}],"inLanguage":"it-IT"},{"@type":"Organization","@id":"https:\/\/cinema.video\/it#organization","name":"Cinema & Video","url":"https:\/\/cinema.video\/it","logo":{"@type":"ImageObject","inLanguage":"it-IT","@id":"https:\/\/cinema.video\/it#\/schema\/logo\/image\/","url":"https:\/\/cinema.video\/wp-content\/uploads\/2026\/04\/CinemVideo_LogoBlack.png","contentUrl":"https:\/\/cinema.video\/wp-content\/uploads\/2026\/04\/CinemVideo_LogoBlack.png","width":1336,"height":224,"caption":"Cinema & Video"},"image":{"@id":"https:\/\/cinema.video\/it#\/schema\/logo\/image\/"},"sameAs":["https:\/\/www.facebook.com\/CinemaVideoInternational\/","https:\/\/www.instagram.com\/cinemaevideointernational\/","https:\/\/it.linkedin.com\/company\/cinema-video-international"],"description":"Media Consulting & Marketing Agency","email":"hello@darostudio.com","legalName":"DARO studio LLC","foundingDate":"2021-02-16","numberOfEmployees":{"@type":"QuantitativeValue","minValue":"1","maxValue":"10"}},{"@type":"Person","@id":"https:\/\/cinema.video\/it#\/schema\/person\/aeb01b91d874e8b01e76a1db04c668c6","name":"Redazione","image":{"@type":"ImageObject","inLanguage":"it-IT","@id":"https:\/\/secure.gravatar.com\/avatar\/06ad6f92eb14745b75fb592cadf8139d33242d81c9c8b085133c450aaf0b9731?s=96&d=mm&r=g","url":"https:\/\/secure.gravatar.com\/avatar\/06ad6f92eb14745b75fb592cadf8139d33242d81c9c8b085133c450aaf0b9731?s=96&d=mm&r=g","contentUrl":"https:\/\/secure.gravatar.com\/avatar\/06ad6f92eb14745b75fb592cadf8139d33242d81c9c8b085133c450aaf0b9731?s=96&d=mm&r=g","caption":"Redazione"},"url":"https:\/\/cinema.video\/it\/author\/redazione"}]}},"jetpack_featured_media_url":"https:\/\/cinema.video\/wp-content\/uploads\/2022\/03\/ticino-e1647345780988.jpg","jetpack_shortlink":"https:\/\/wp.me\/ph672m-1dPb","_links":{"self":[{"href":"https:\/\/cinema.video\/it\/wp-json\/wp\/v2\/posts\/291473","targetHints":{"allow":["GET"]}}],"collection":[{"href":"https:\/\/cinema.video\/it\/wp-json\/wp\/v2\/posts"}],"about":[{"href":"https:\/\/cinema.video\/it\/wp-json\/wp\/v2\/types\/post"}],"author":[{"embeddable":true,"href":"https:\/\/cinema.video\/it\/wp-json\/wp\/v2\/users\/26"}],"replies":[{"embeddable":true,"href":"https:\/\/cinema.video\/it\/wp-json\/wp\/v2\/comments?post=291473"}],"version-history":[{"count":1,"href":"https:\/\/cinema.video\/it\/wp-json\/wp\/v2\/posts\/291473\/revisions"}],"predecessor-version":[{"id":308571,"href":"https:\/\/cinema.video\/it\/wp-json\/wp\/v2\/posts\/291473\/revisions\/308571"}],"wp:featuredmedia":[{"embeddable":true,"href":"https:\/\/cinema.video\/it\/wp-json\/wp\/v2\/media\/291474"}],"wp:attachment":[{"href":"https:\/\/cinema.video\/it\/wp-json\/wp\/v2\/media?parent=291473"}],"wp:term":[{"taxonomy":"category","embeddable":true,"href":"https:\/\/cinema.video\/it\/wp-json\/wp\/v2\/categories?post=291473"},{"taxonomy":"post_tag","embeddable":true,"href":"https:\/\/cinema.video\/it\/wp-json\/wp\/v2\/tags?post=291473"}],"curies":[{"name":"wp","href":"https:\/\/api.w.org\/{rel}","templated":true}]}}