{"id":291457,"date":"2022-03-14T22:42:23","date_gmt":"2022-03-14T21:42:23","guid":{"rendered":"https:\/\/cinema.video\/?p=291457"},"modified":"2026-04-10T03:56:55","modified_gmt":"2026-04-10T01:56:55","slug":"liguria-altri-15-milioni-dinvestimento-sullaudiovisivo","status":"publish","type":"post","link":"https:\/\/cinema.video\/it\/liguria-altri-15-milioni-dinvestimento-sullaudiovisivo","title":{"rendered":"LIGURIA Altri 1,5 milioni d&#8217;investimento"},"content":{"rendered":"\n<p class=\"wp-block-paragraph\">A fine marzo arriver\u00e0 sulla Rai&nbsp;<em>Sopravvissuti<\/em>, la serie tv girata in Liguria anche con il sostegno di <strong>Genova Liguria Film Commission<\/strong>. <br>Marco Poccioni, che l&#8217;ha prodotta con la sua <strong>Rodeo Drive<\/strong>, la definisce \u201cforse la pi\u00f9 importante a livello internazionale che abbiamo realizzato fin ora. E stiamo avendo ottimi riscontri da Fremantle, che ne cura le vendite nel mondo.&#8221;<\/p>\n\n\n\n<p class=\"wp-block-paragraph\">E sempre a fine marzo, il 29, saranno pubblicati <strong>i due bandi del quinto Fondo Filse<\/strong>, che mette a disposizione 1,5 milioni di euro su due linee d\u2019intervento: quella dedicata alla produzione e allo sviluppo di progetti (di lungometraggio, cortometraggio, serie tv o serie web) di imprese liguri, e quella rivolta all\u2019attrazione di imprese non liguri con un progetto da realizzare in regione, quest\u2019ultima dotata di un tetto massimo d\u2019investimento di 300 mila euro a progetto.<\/p>\n\n\n\n<p class=\"wp-block-paragraph\">\u201cEntro fine mese, inoltre, le imprese che hanno fatto domanda alla scorsa edizione del fondo potranno finalmente accedere ai contenuti\u201d ha rassicurato <strong>Walter Bertini,<\/strong> respponsabile del coordinamento bandi di Filse, nel corso della conferenza stampa organizzata da <strong>Genova Liguria Film Commission <\/strong>e svoltasi stamattina, 14 marzo, a <strong>Villa Bombrini<\/strong><\/p>\n\n\n\n<p class=\"wp-block-paragraph\">L\u2019internazionalizzazione e il rafforzamento del tessuto produttivo del territorio sono dunque le due linee direttive su cui insiste il lavoro che, coordinato dalla film commission, riunisce una nutrita compagine istituzionale, con in testa, l\u2019assessorato alla cultura e allo sviluppo economico. \u201cIl nostro sostegno al settore ha gi\u00e0 prodotto, nelle precedenti edizioni dei bandi, 1100 giornate di riprese, il coinvolgimento di 590 professionalit\u00e0 residenti in Liguria e una ricaduta complessiva di 11 milioni di euro&#8221; spiega l&#8217;assessore regionale allo Sviluppo economico <strong>Andrea Benveduti<\/strong>, proponente della delibera approvata in giunta regionale.<\/p>\n\n\n\n<p class=\"wp-block-paragraph\">E il progetto degli Studios liguri, di cui si era tornati a parlare quest\u2019estate durante il Digital Fiction Fest (leggi qui)&nbsp;\u201cconsentir\u00e0&nbsp;di alzare e strutturare livello di professionalit\u00e0, come pure le nuove iniziative di formazione\u201d, ricorda l\u2019assessore&nbsp;allo Sviluppo Economico Turistico e Marketing Territoriale&nbsp;del comune di Genova, <strong>Laura Gaggero<\/strong>, riferendosi al maggior impegno da dedicare a questo settore, annunciato dalI\u2019assessore alla cultura della Regione <strong>Ilaria Cavo<\/strong>, e ribadito dalla presidente di Genova Liguria Film Commission, <strong>Cristina Bolla<\/strong>, che, conducendo l&#8217;incontro,  ha spiegato come la film commission da lei presieduta ha avviato l\u2019iter per l\u2019accreditamento come ente di formazione, analizzando al contempo il fabbisogno delle case di produzione locali.&nbsp;<\/p>\n\n\n\n<p class=\"wp-block-paragraph\">L\u2019audiovisivo ha dato inoltre una spinta fondamentale anche alla destagionalizzazione, coinvolgendo circa 80 comuni, aggiunge Cavo. E sono molti i produttori che definiscono Genova come vera protagonista delle storie, al pari dei personaggi: \u201c\u00e8 un territorio ancora ricco di locations da scoprire, dotate di caratteristiche molto apprezzate all\u2019estero, una su tutte la sua mediterraneit\u00e0\u201d, aggiunge Gaggero che rivela poi come gli albergatori stiano premendo per la realizzazione di una cartina con le locations di&nbsp;<em>Petra,&nbsp;<\/em>\u201cAnche Paola Cortellesi, che da il volto alla ruvida investigatrice genovese, \u00e8 entusiasta all\u2019idea di organizzare un Petra tour!\u201d<\/p>\n\n\n\n<p class=\"wp-block-paragraph\">La serie Sky prodotta da Cattleya \u00e8 alla sua seconda stagione, ed \u00e8 una delle tante che ha creato un rapporto con il territorio e la film commission. Un\u2019altra, appena arrivata su Sky \u00e8&nbsp;<em>Hotel Portofino<\/em>, nata proprio in occasione della prima edizione del Digital Fiction Fest, grazie alla collaborazione fra la film commission e il produttore ligure, londinese d\u2019adozione, <strong>Walter Iuzzolino<\/strong>, fondamentale per la creazione del brand <em>Liguria terra di Fiction<\/em>, ricorda Cristina Bolla.<\/p>\n\n\n\n<p class=\"wp-block-paragraph\">Iuzzolino \u00e8 attualmente impegnato, la sua <strong>Eagle Eye Production<\/strong>, nel lancio globale della serie che in primavera arriver\u00e0 in Scandinavia e poi, in estate, negli Stati Uniti. \u201cC\u2019\u00e8 stata una campagna molto importante in Inghilterra e in Australia, dove \u00e8 risultata il programma pi\u00f9 visto negli ultimi dodici mesi su Foxtel. Anche su Sky Italia risulta essere il secondo prodotto di fiction internazionale pi\u00f9 visto sulla storia del canale, anche grazie alla grande operazione di branding che \u00e8 stata messa in campo in tandem con Mondadori&#8221;, rivela Iuzzolino, che aggiunge: &#8220;la serie \u00e8 venduta in 60 paesi, e il distributore internazionale \u00e8 sicuro di arrivare a cento. Merito del&nbsp;&nbsp;mix fra una storia inglese, alla&nbsp;<em>Camera con Vista<\/em>, e questo magnifico territorio. E che ci vedr\u00e0 tornare molto presto in Liguria per la seconda stagione.\u201d<\/p>\n\n\n\n<h2 class=\"wp-block-heading\"><\/h2>\n","protected":false},"excerpt":{"rendered":"<p>Sar\u00e0 online dal 29 marzo il duplice bando del fondo Filse gestito da Genova Liguria Film Commission: 1,5 milioni di euro a disposizione per supportare le produzioni locali e attrarre quelle nazionali e internazionali<\/p>\n","protected":false},"author":2,"featured_media":291462,"comment_status":"closed","ping_status":"closed","sticky":false,"template":"","format":"standard","meta":{"googlesitekit_rrm_CAow3e7fCw:productID":"","_wpcom_ai_launchpad_first_post":false,"footnotes":"","jetpack_post_was_ever_published":false},"categories":[215,1],"tags":[2339,304,2338],"class_list":["post-291457","post","type-post","status-publish","format-standard","has-post-thumbnail","category-film-commissions","category-senza-categoria","tag-film-commissions","tag-genova-liguria-film-commission","tag-locations"],"yoast_head":"<!-- This site is optimized with the Yoast SEO Premium plugin v28.3 (Yoast SEO v28.3) - https:\/\/yoast.com\/product\/yoast-seo-premium-wordpress\/ -->\n<title>LIGURIA Altri 1,5 milioni d&#039;investimento - Cinema &amp; Video International<\/title>\n<meta name=\"description\" content=\"LIGURIA Altri 1,5 milioni d&#039;investimento \u2013 liguria altri 15 milioni dinvestimento. A fine marzo arriver\u00e0 sulla Rai&nbsp;Sopravvissuti, la serie tv girata\" \/>\n<meta name=\"robots\" content=\"index, follow, max-snippet:-1, max-image-preview:large, max-video-preview:-1\" \/>\n<link rel=\"canonical\" href=\"https:\/\/cinema.video\/it\/liguria-altri-15-milioni-dinvestimento-sullaudiovisivo\" \/>\n<meta property=\"og:locale\" content=\"it_IT\" \/>\n<meta property=\"og:type\" content=\"article\" \/>\n<meta property=\"og:title\" content=\"LIGURIA Altri 1,5 milioni d&#039;investimento\" \/>\n<meta property=\"og:description\" content=\"LIGURIA Altri 1,5 milioni d&#039;investimento \u2013 liguria altri 15 milioni dinvestimento. A fine marzo arriver\u00e0 sulla Rai&nbsp;Sopravvissuti, la serie tv girata\" \/>\n<meta property=\"og:url\" content=\"https:\/\/cinema.video\/it\/liguria-altri-15-milioni-dinvestimento-sullaudiovisivo\" \/>\n<meta property=\"og:site_name\" content=\"Cinema &amp; Video International\" \/>\n<meta property=\"article:publisher\" content=\"https:\/\/www.facebook.com\/CinemaVideoInternational\/\" \/>\n<meta property=\"article:published_time\" content=\"2022-03-14T21:42:23+00:00\" \/>\n<meta property=\"article:modified_time\" content=\"2026-04-10T01:56:55+00:00\" \/>\n<meta property=\"og:image\" content=\"https:\/\/cinema.video\/wp-content\/uploads\/2022\/03\/conferenza_stampa_GLFC_4-e1647293984890.jpg\" \/>\n\t<meta property=\"og:image:width\" content=\"800\" \/>\n\t<meta property=\"og:image:height\" content=\"600\" \/>\n\t<meta property=\"og:image:type\" content=\"image\/jpeg\" \/>\n<meta name=\"author\" content=\"Carolina Mancini\" \/>\n<meta name=\"twitter:card\" content=\"summary_large_image\" \/>\n<meta name=\"twitter:label1\" content=\"Scritto da\" \/>\n\t<meta name=\"twitter:data1\" content=\"Carolina Mancini\" \/>\n\t<meta name=\"twitter:label2\" content=\"Tempo di lettura stimato\" \/>\n\t<meta name=\"twitter:data2\" content=\"4 minuti\" \/>\n<script type=\"application\/ld+json\" class=\"yoast-schema-graph\">{\"@context\":\"https:\\\/\\\/schema.org\",\"@graph\":[{\"@type\":\"Article\",\"@id\":\"https:\\\/\\\/cinema.video\\\/it\\\/liguria-altri-15-milioni-dinvestimento-sullaudiovisivo#article\",\"isPartOf\":{\"@id\":\"https:\\\/\\\/cinema.video\\\/it\\\/liguria-altri-15-milioni-dinvestimento-sullaudiovisivo\"},\"author\":{\"name\":\"Carolina Mancini\",\"@id\":\"https:\\\/\\\/cinema.video\\\/it#\\\/schema\\\/person\\\/d5479fad8d0f2360000eb4aab6bb6e5d\"},\"headline\":\"LIGURIA Altri 1,5 milioni d&#8217;investimento\",\"datePublished\":\"2022-03-14T21:42:23+00:00\",\"dateModified\":\"2026-04-10T01:56:55+00:00\",\"mainEntityOfPage\":{\"@id\":\"https:\\\/\\\/cinema.video\\\/it\\\/liguria-altri-15-milioni-dinvestimento-sullaudiovisivo\"},\"wordCount\":705,\"publisher\":{\"@id\":\"https:\\\/\\\/cinema.video\\\/it#organization\"},\"image\":{\"@id\":\"https:\\\/\\\/cinema.video\\\/it\\\/liguria-altri-15-milioni-dinvestimento-sullaudiovisivo#primaryimage\"},\"thumbnailUrl\":\"https:\\\/\\\/cinema.video\\\/wp-content\\\/uploads\\\/2022\\\/03\\\/conferenza_stampa_GLFC_4-e1647293984890.jpg\",\"keywords\":[\"FILM COMMISSIONS\",\"GENOVA LIGURIA FILM COMMISSION\",\"LOCATIONS\"],\"articleSection\":[\"FILM COMMISSIONS\"],\"inLanguage\":\"it-IT\"},{\"@type\":\"WebPage\",\"@id\":\"https:\\\/\\\/cinema.video\\\/it\\\/liguria-altri-15-milioni-dinvestimento-sullaudiovisivo\",\"url\":\"https:\\\/\\\/cinema.video\\\/it\\\/liguria-altri-15-milioni-dinvestimento-sullaudiovisivo\",\"name\":\"LIGURIA Altri 1,5 milioni d'investimento - Cinema &amp; Video International\",\"isPartOf\":{\"@id\":\"https:\\\/\\\/cinema.video\\\/it#website\"},\"primaryImageOfPage\":{\"@id\":\"https:\\\/\\\/cinema.video\\\/it\\\/liguria-altri-15-milioni-dinvestimento-sullaudiovisivo#primaryimage\"},\"image\":{\"@id\":\"https:\\\/\\\/cinema.video\\\/it\\\/liguria-altri-15-milioni-dinvestimento-sullaudiovisivo#primaryimage\"},\"thumbnailUrl\":\"https:\\\/\\\/cinema.video\\\/wp-content\\\/uploads\\\/2022\\\/03\\\/conferenza_stampa_GLFC_4-e1647293984890.jpg\",\"datePublished\":\"2022-03-14T21:42:23+00:00\",\"dateModified\":\"2026-04-10T01:56:55+00:00\",\"description\":\"LIGURIA Altri 1,5 milioni d'investimento \u2013 liguria altri 15 milioni dinvestimento. A fine marzo arriver\u00e0 sulla Rai&nbsp;Sopravvissuti, la serie tv girata\",\"breadcrumb\":{\"@id\":\"https:\\\/\\\/cinema.video\\\/it\\\/liguria-altri-15-milioni-dinvestimento-sullaudiovisivo#breadcrumb\"},\"inLanguage\":\"it-IT\",\"potentialAction\":[{\"@type\":\"ReadAction\",\"target\":[\"https:\\\/\\\/cinema.video\\\/it\\\/liguria-altri-15-milioni-dinvestimento-sullaudiovisivo\"]}]},{\"@type\":\"ImageObject\",\"inLanguage\":\"it-IT\",\"@id\":\"https:\\\/\\\/cinema.video\\\/it\\\/liguria-altri-15-milioni-dinvestimento-sullaudiovisivo#primaryimage\",\"url\":\"https:\\\/\\\/cinema.video\\\/wp-content\\\/uploads\\\/2022\\\/03\\\/conferenza_stampa_GLFC_4-e1647293984890.jpg\",\"contentUrl\":\"https:\\\/\\\/cinema.video\\\/wp-content\\\/uploads\\\/2022\\\/03\\\/conferenza_stampa_GLFC_4-e1647293984890.jpg\",\"width\":800,\"height\":600},{\"@type\":\"BreadcrumbList\",\"@id\":\"https:\\\/\\\/cinema.video\\\/it\\\/liguria-altri-15-milioni-dinvestimento-sullaudiovisivo#breadcrumb\",\"itemListElement\":[{\"@type\":\"ListItem\",\"position\":1,\"name\":\"Home\",\"item\":\"https:\\\/\\\/cinema.video\\\/it\"},{\"@type\":\"ListItem\",\"position\":2,\"name\":\"LIGURIA Altri 1,5 milioni d&#8217;investimento\"}]},{\"@type\":\"WebSite\",\"@id\":\"https:\\\/\\\/cinema.video\\\/it#website\",\"url\":\"https:\\\/\\\/cinema.video\\\/it\",\"name\":\"Cinema & Video International\",\"description\":\"Film &amp; Audiovisual B2B Industry Trade Platform Magazine\",\"publisher\":{\"@id\":\"https:\\\/\\\/cinema.video\\\/it#organization\"},\"alternateName\":\"Cinema & Video\",\"potentialAction\":[{\"@type\":\"SearchAction\",\"target\":{\"@type\":\"EntryPoint\",\"urlTemplate\":\"https:\\\/\\\/cinema.video\\\/it?s={search_term_string}\"},\"query-input\":{\"@type\":\"PropertyValueSpecification\",\"valueRequired\":true,\"valueName\":\"search_term_string\"}}],\"inLanguage\":\"it-IT\"},{\"@type\":\"Organization\",\"@id\":\"https:\\\/\\\/cinema.video\\\/it#organization\",\"name\":\"Cinema & Video\",\"url\":\"https:\\\/\\\/cinema.video\\\/it\",\"logo\":{\"@type\":\"ImageObject\",\"inLanguage\":\"it-IT\",\"@id\":\"https:\\\/\\\/cinema.video\\\/it#\\\/schema\\\/logo\\\/image\\\/\",\"url\":\"https:\\\/\\\/cinema.video\\\/wp-content\\\/uploads\\\/2026\\\/04\\\/CinemVideo_LogoBlack.png\",\"contentUrl\":\"https:\\\/\\\/cinema.video\\\/wp-content\\\/uploads\\\/2026\\\/04\\\/CinemVideo_LogoBlack.png\",\"width\":1336,\"height\":224,\"caption\":\"Cinema & Video\"},\"image\":{\"@id\":\"https:\\\/\\\/cinema.video\\\/it#\\\/schema\\\/logo\\\/image\\\/\"},\"sameAs\":[\"https:\\\/\\\/www.facebook.com\\\/CinemaVideoInternational\\\/\",\"https:\\\/\\\/www.instagram.com\\\/cinemaevideointernational\\\/\",\"https:\\\/\\\/it.linkedin.com\\\/company\\\/cinema-video-international\"],\"description\":\"Media Consulting & Marketing Agency\",\"email\":\"hello@darostudio.com\",\"legalName\":\"DARO studio LLC\",\"foundingDate\":\"2021-02-16\",\"numberOfEmployees\":{\"@type\":\"QuantitativeValue\",\"minValue\":\"1\",\"maxValue\":\"10\"},\"publishingPrinciples\":\"https:\\\/\\\/cinema.video\\\/about\"},{\"@type\":\"Person\",\"@id\":\"https:\\\/\\\/cinema.video\\\/it#\\\/schema\\\/person\\\/d5479fad8d0f2360000eb4aab6bb6e5d\",\"name\":\"Carolina Mancini\",\"image\":{\"@type\":\"ImageObject\",\"inLanguage\":\"it-IT\",\"@id\":\"https:\\\/\\\/secure.gravatar.com\\\/avatar\\\/d4758965c5e8730dbaaa7131a628547771a26c1e5bf14fe323d96f8246a62baf?s=96&d=mm&r=g\",\"url\":\"https:\\\/\\\/secure.gravatar.com\\\/avatar\\\/d4758965c5e8730dbaaa7131a628547771a26c1e5bf14fe323d96f8246a62baf?s=96&d=mm&r=g\",\"contentUrl\":\"https:\\\/\\\/secure.gravatar.com\\\/avatar\\\/d4758965c5e8730dbaaa7131a628547771a26c1e5bf14fe323d96f8246a62baf?s=96&d=mm&r=g\",\"caption\":\"Carolina Mancini\"},\"url\":\"https:\\\/\\\/cinema.video\\\/it\\\/author\\\/carolin\"}]}<\/script>\n<!-- \/ Yoast SEO Premium plugin. -->","yoast_head_json":{"title":"LIGURIA Altri 1,5 milioni d'investimento - Cinema &amp; Video International","description":"LIGURIA Altri 1,5 milioni d'investimento \u2013 liguria altri 15 milioni dinvestimento. A fine marzo arriver\u00e0 sulla Rai&nbsp;Sopravvissuti, la serie tv girata","robots":{"index":"index","follow":"follow","max-snippet":"max-snippet:-1","max-image-preview":"max-image-preview:large","max-video-preview":"max-video-preview:-1"},"canonical":"https:\/\/cinema.video\/it\/liguria-altri-15-milioni-dinvestimento-sullaudiovisivo","og_locale":"it_IT","og_type":"article","og_title":"LIGURIA Altri 1,5 milioni d'investimento","og_description":"LIGURIA Altri 1,5 milioni d'investimento \u2013 liguria altri 15 milioni dinvestimento. A fine marzo arriver\u00e0 sulla Rai&nbsp;Sopravvissuti, la serie tv girata","og_url":"https:\/\/cinema.video\/it\/liguria-altri-15-milioni-dinvestimento-sullaudiovisivo","og_site_name":"Cinema &amp; Video International","article_publisher":"https:\/\/www.facebook.com\/CinemaVideoInternational\/","article_published_time":"2022-03-14T21:42:23+00:00","article_modified_time":"2026-04-10T01:56:55+00:00","og_image":[{"width":800,"height":600,"url":"https:\/\/cinema.video\/wp-content\/uploads\/2022\/03\/conferenza_stampa_GLFC_4-e1647293984890.jpg","type":"image\/jpeg"}],"author":"Carolina Mancini","twitter_card":"summary_large_image","twitter_misc":{"Scritto da":"Carolina Mancini","Tempo di lettura stimato":"4 minuti"},"schema":{"@context":"https:\/\/schema.org","@graph":[{"@type":"Article","@id":"https:\/\/cinema.video\/it\/liguria-altri-15-milioni-dinvestimento-sullaudiovisivo#article","isPartOf":{"@id":"https:\/\/cinema.video\/it\/liguria-altri-15-milioni-dinvestimento-sullaudiovisivo"},"author":{"name":"Carolina Mancini","@id":"https:\/\/cinema.video\/it#\/schema\/person\/d5479fad8d0f2360000eb4aab6bb6e5d"},"headline":"LIGURIA Altri 1,5 milioni d&#8217;investimento","datePublished":"2022-03-14T21:42:23+00:00","dateModified":"2026-04-10T01:56:55+00:00","mainEntityOfPage":{"@id":"https:\/\/cinema.video\/it\/liguria-altri-15-milioni-dinvestimento-sullaudiovisivo"},"wordCount":705,"publisher":{"@id":"https:\/\/cinema.video\/it#organization"},"image":{"@id":"https:\/\/cinema.video\/it\/liguria-altri-15-milioni-dinvestimento-sullaudiovisivo#primaryimage"},"thumbnailUrl":"https:\/\/cinema.video\/wp-content\/uploads\/2022\/03\/conferenza_stampa_GLFC_4-e1647293984890.jpg","keywords":["FILM COMMISSIONS","GENOVA LIGURIA FILM COMMISSION","LOCATIONS"],"articleSection":["FILM COMMISSIONS"],"inLanguage":"it-IT"},{"@type":"WebPage","@id":"https:\/\/cinema.video\/it\/liguria-altri-15-milioni-dinvestimento-sullaudiovisivo","url":"https:\/\/cinema.video\/it\/liguria-altri-15-milioni-dinvestimento-sullaudiovisivo","name":"LIGURIA Altri 1,5 milioni d'investimento - Cinema &amp; Video International","isPartOf":{"@id":"https:\/\/cinema.video\/it#website"},"primaryImageOfPage":{"@id":"https:\/\/cinema.video\/it\/liguria-altri-15-milioni-dinvestimento-sullaudiovisivo#primaryimage"},"image":{"@id":"https:\/\/cinema.video\/it\/liguria-altri-15-milioni-dinvestimento-sullaudiovisivo#primaryimage"},"thumbnailUrl":"https:\/\/cinema.video\/wp-content\/uploads\/2022\/03\/conferenza_stampa_GLFC_4-e1647293984890.jpg","datePublished":"2022-03-14T21:42:23+00:00","dateModified":"2026-04-10T01:56:55+00:00","description":"LIGURIA Altri 1,5 milioni d'investimento \u2013 liguria altri 15 milioni dinvestimento. A fine marzo arriver\u00e0 sulla Rai&nbsp;Sopravvissuti, la serie tv girata","breadcrumb":{"@id":"https:\/\/cinema.video\/it\/liguria-altri-15-milioni-dinvestimento-sullaudiovisivo#breadcrumb"},"inLanguage":"it-IT","potentialAction":[{"@type":"ReadAction","target":["https:\/\/cinema.video\/it\/liguria-altri-15-milioni-dinvestimento-sullaudiovisivo"]}]},{"@type":"ImageObject","inLanguage":"it-IT","@id":"https:\/\/cinema.video\/it\/liguria-altri-15-milioni-dinvestimento-sullaudiovisivo#primaryimage","url":"https:\/\/cinema.video\/wp-content\/uploads\/2022\/03\/conferenza_stampa_GLFC_4-e1647293984890.jpg","contentUrl":"https:\/\/cinema.video\/wp-content\/uploads\/2022\/03\/conferenza_stampa_GLFC_4-e1647293984890.jpg","width":800,"height":600},{"@type":"BreadcrumbList","@id":"https:\/\/cinema.video\/it\/liguria-altri-15-milioni-dinvestimento-sullaudiovisivo#breadcrumb","itemListElement":[{"@type":"ListItem","position":1,"name":"Home","item":"https:\/\/cinema.video\/it"},{"@type":"ListItem","position":2,"name":"LIGURIA Altri 1,5 milioni d&#8217;investimento"}]},{"@type":"WebSite","@id":"https:\/\/cinema.video\/it#website","url":"https:\/\/cinema.video\/it","name":"Cinema & Video International","description":"Film &amp; Audiovisual B2B Industry Trade Platform Magazine","publisher":{"@id":"https:\/\/cinema.video\/it#organization"},"alternateName":"Cinema & Video","potentialAction":[{"@type":"SearchAction","target":{"@type":"EntryPoint","urlTemplate":"https:\/\/cinema.video\/it?s={search_term_string}"},"query-input":{"@type":"PropertyValueSpecification","valueRequired":true,"valueName":"search_term_string"}}],"inLanguage":"it-IT"},{"@type":"Organization","@id":"https:\/\/cinema.video\/it#organization","name":"Cinema & Video","url":"https:\/\/cinema.video\/it","logo":{"@type":"ImageObject","inLanguage":"it-IT","@id":"https:\/\/cinema.video\/it#\/schema\/logo\/image\/","url":"https:\/\/cinema.video\/wp-content\/uploads\/2026\/04\/CinemVideo_LogoBlack.png","contentUrl":"https:\/\/cinema.video\/wp-content\/uploads\/2026\/04\/CinemVideo_LogoBlack.png","width":1336,"height":224,"caption":"Cinema & Video"},"image":{"@id":"https:\/\/cinema.video\/it#\/schema\/logo\/image\/"},"sameAs":["https:\/\/www.facebook.com\/CinemaVideoInternational\/","https:\/\/www.instagram.com\/cinemaevideointernational\/","https:\/\/it.linkedin.com\/company\/cinema-video-international"],"description":"Media Consulting & Marketing Agency","email":"hello@darostudio.com","legalName":"DARO studio LLC","foundingDate":"2021-02-16","numberOfEmployees":{"@type":"QuantitativeValue","minValue":"1","maxValue":"10"},"publishingPrinciples":"https:\/\/cinema.video\/about"},{"@type":"Person","@id":"https:\/\/cinema.video\/it#\/schema\/person\/d5479fad8d0f2360000eb4aab6bb6e5d","name":"Carolina Mancini","image":{"@type":"ImageObject","inLanguage":"it-IT","@id":"https:\/\/secure.gravatar.com\/avatar\/d4758965c5e8730dbaaa7131a628547771a26c1e5bf14fe323d96f8246a62baf?s=96&d=mm&r=g","url":"https:\/\/secure.gravatar.com\/avatar\/d4758965c5e8730dbaaa7131a628547771a26c1e5bf14fe323d96f8246a62baf?s=96&d=mm&r=g","contentUrl":"https:\/\/secure.gravatar.com\/avatar\/d4758965c5e8730dbaaa7131a628547771a26c1e5bf14fe323d96f8246a62baf?s=96&d=mm&r=g","caption":"Carolina Mancini"},"url":"https:\/\/cinema.video\/it\/author\/carolin"}]}},"jetpack_shortlink":"https:\/\/wp.me\/ph672m-1dOV","jetpack_featured_media_url":"https:\/\/cinema.video\/wp-content\/uploads\/2022\/03\/conferenza_stampa_GLFC_4-e1647293984890.jpg","_links":{"self":[{"href":"https:\/\/cinema.video\/it\/wp-json\/wp\/v2\/posts\/291457","targetHints":{"allow":["GET"]}}],"collection":[{"href":"https:\/\/cinema.video\/it\/wp-json\/wp\/v2\/posts"}],"about":[{"href":"https:\/\/cinema.video\/it\/wp-json\/wp\/v2\/types\/post"}],"author":[{"embeddable":true,"href":"https:\/\/cinema.video\/it\/wp-json\/wp\/v2\/users\/2"}],"replies":[{"embeddable":true,"href":"https:\/\/cinema.video\/it\/wp-json\/wp\/v2\/comments?post=291457"}],"version-history":[{"count":2,"href":"https:\/\/cinema.video\/it\/wp-json\/wp\/v2\/posts\/291457\/revisions"}],"predecessor-version":[{"id":308568,"href":"https:\/\/cinema.video\/it\/wp-json\/wp\/v2\/posts\/291457\/revisions\/308568"}],"wp:featuredmedia":[{"embeddable":true,"href":"https:\/\/cinema.video\/it\/wp-json\/wp\/v2\/media\/291462"}],"wp:attachment":[{"href":"https:\/\/cinema.video\/it\/wp-json\/wp\/v2\/media?parent=291457"}],"wp:term":[{"taxonomy":"category","embeddable":true,"href":"https:\/\/cinema.video\/it\/wp-json\/wp\/v2\/categories?post=291457"},{"taxonomy":"post_tag","embeddable":true,"href":"https:\/\/cinema.video\/it\/wp-json\/wp\/v2\/tags?post=291457"}],"curies":[{"name":"wp","href":"https:\/\/api.w.org\/{rel}","templated":true}]}}