{"id":291360,"date":"2022-03-02T17:08:15","date_gmt":"2022-03-02T16:08:15","guid":{"rendered":"https:\/\/cinema.video\/?p=291360"},"modified":"2026-04-10T03:56:50","modified_gmt":"2026-04-10T01:56:50","slug":"piu-conoscenza-piu-coscienza","status":"publish","type":"post","link":"https:\/\/cinema.video\/it\/piu-conoscenza-piu-coscienza","title":{"rendered":"VISIONI DAL MONDO Pi\u00f9 conoscenza pi\u00f9 coscienza"},"content":{"rendered":"\n<p class=\"wp-block-paragraph\">Aperti da oggi, 2 marzo, i bandi di concorso della 8<sup>a<\/sup> edizione del <strong>Festival Internazionale del Documentario Visioni dal Mondo<\/strong>, ideato, fondato e diretto da <strong>Francesco Bizzarri <\/strong>con la direzione artistica di <strong>Maurizio Nichetti<\/strong>, in calendario a Milano dal 15 al 18 settembre 2022.<\/p>\n\n\n\n<p class=\"wp-block-paragraph\">Il tema del Festival quast&#8217;anno,dal 15 al 18 settembre 2022, \u00e8: \u201cPi\u00f9 conoscenza. Pi\u00f9 coscienza.\u201d.<br>\u201c La conoscenza salva l\u2019uomo dalle limitazioni e lo apre oltre i confini della propria coscienza\u201d, spiegano gli organizzatori.<br>Presente e futuro tornano a essere al centro della manifestazione \u201cattraverso nuove indagini, investigazioni, relazioni, con l\u2019obiettivo di far crescere una Coscienza civile, sociale, ambientale tramite una maggiore Conoscenza per costruire, con cambiamenti e trasformazioni, un futuro sostenibile, responsabile, equo\u201d.<br>L\u2019edizione 2022 propone un nuovo viaggio attraverso il cinema del reale, il cinema indipendente,non allineato, con storie vere raccontate dai protagonisti. Un ponte fra la creativit\u00e0 del documentariod\u2019autore, il giornalismo investigativo e l\u2019indagine scientifica, sociale e sociologica.<br>Confermata anche per l\u2019edizione 2022 la sezione Industry <strong>Visioni Incontra<\/strong><br>dedicata al business e rivolta ai professionisti del settore che si terr\u00e0 nei primi due giorni della manifestazione, gioved\u00ec 15 e venerd\u00ec 16 settembre. Curata da <strong>Cinzia Mas\u00f2tina<\/strong>, responsabile dell\u2019advisory e coordinamento, Visioni Incontra organizzer\u00e0 sessioni di pitching di progetti che parteciperanno al concorso come miglior progetto documentario. Visioni Incontra e ospiter\u00e0 incontri one on one, panel e tavole rotonde, riservati ai decision makers del settore, italiani e internazionali.<br>I bandi di concorso dell\u20198\u00b0 Festival Visioni dal Mondo e di Visioni Incontra sono disponibili sul sito del Festival <a href=\"http:\/\/www.visionidalmondo.it\/\">www.visionidalmondo.it<\/a>. <br>Ricordiamo le tre sezioni competitive del Festival :<br>1) Concorso Italiano dedicato ai cineasti italiani che prevede 2 categorie \u2013 film<br>documentari lungometraggi inediti, di durata superiore ai 50\u2019; e new talent<br>dedicato alle opere prime, senza limiti di durata, ultimati dopo il 1\u00b0 gennaio 2021.<br>2) Concorso Internazionale dedicato a produzioni indipendenti straniere con film<br>documentari lungometraggi della durata superiore a 65\u2019, ultimati dopo il 1\u00b0 gennaio 2021.<br>3) Concorso Visioni Incontra con le categorie Work in progress, progetti gi\u00e0 a<br>produzione avviata o in post-produzione; e Final development, progetti gi\u00e0 sviluppati che siano in pre-produzione o abbiano appena avviato la produzione.<\/p>\n\n\n\n<p class=\"wp-block-paragraph\">Il termine ultimo per l\u2019iscrizione ai concorsi \u00e8 il 6 giugno 2022.<\/p>\n","protected":false},"excerpt":{"rendered":"<p>Si aprono oggi, 2 marzo, i bandi di concorso della 8a edizione del Festival Internazionale del Documentario Visioni dal Mondo<\/p>\n","protected":false},"author":26,"featured_media":291364,"comment_status":"closed","ping_status":"closed","sticky":false,"template":"","format":"standard","meta":{"googlesitekit_rrm_CAow3e7fCw:productID":"","_crdt_document":"","footnotes":""},"categories":[189],"tags":[2322,2334],"class_list":{"0":"post-291360","1":"post","2":"type-post","3":"status-publish","4":"format-standard","5":"has-post-thumbnail","7":"category-events","8":"tag-documentary","9":"tag-events"},"yoast_head":"<!-- This site is optimized with the Yoast SEO Premium plugin v27.4 (Yoast SEO v27.4) - https:\/\/yoast.com\/product\/yoast-seo-premium-wordpress\/ -->\n<title>VISIONI DAL MONDO Pi\u00f9 conoscenza pi\u00f9 coscienza - Cinema &amp; Video International<\/title>\n<meta name=\"description\" content=\"VISIONI DAL MONDO Pi\u00f9 conoscenza pi\u00f9 coscienza \u2013 visioni dal mondo pi conoscenza pi. Aperti da oggi, 2 marzo, i bandi di concorso della 8a edizione del Fe\" \/>\n<meta name=\"robots\" content=\"index, follow, max-snippet:-1, max-image-preview:large, max-video-preview:-1\" \/>\n<link rel=\"canonical\" href=\"https:\/\/cinema.video\/it\/piu-conoscenza-piu-coscienza\" \/>\n<meta property=\"og:locale\" content=\"it_IT\" \/>\n<meta property=\"og:type\" content=\"article\" \/>\n<meta property=\"og:title\" content=\"VISIONI DAL MONDO Pi\u00f9 conoscenza pi\u00f9 coscienza\" \/>\n<meta property=\"og:description\" content=\"VISIONI DAL MONDO Pi\u00f9 conoscenza pi\u00f9 coscienza \u2013 visioni dal mondo pi conoscenza pi. Aperti da oggi, 2 marzo, i bandi di concorso della 8a edizione del Fe\" \/>\n<meta property=\"og:url\" content=\"https:\/\/cinema.video\/it\/piu-conoscenza-piu-coscienza\" \/>\n<meta property=\"og:site_name\" content=\"Cinema &amp; Video International\" \/>\n<meta property=\"article:publisher\" content=\"https:\/\/www.facebook.com\/CinemaVideoInternational\/\" \/>\n<meta property=\"article:published_time\" content=\"2022-03-02T16:08:15+00:00\" \/>\n<meta property=\"article:modified_time\" content=\"2026-04-10T01:56:50+00:00\" \/>\n<meta property=\"og:image\" content=\"https:\/\/cinema.video\/wp-content\/uploads\/2022\/03\/Francesco-Bizzarri_Direttore-Generale_Visioni-dal-Mondo-Immagini-dalla-Realta-2-e1646236981580.jpg\" \/>\n\t<meta property=\"og:image:width\" content=\"2266\" \/>\n\t<meta property=\"og:image:height\" content=\"1422\" \/>\n\t<meta property=\"og:image:type\" content=\"image\/jpeg\" \/>\n<meta name=\"author\" content=\"Redazione\" \/>\n<meta name=\"twitter:card\" content=\"summary_large_image\" \/>\n<meta name=\"twitter:label1\" content=\"Scritto da\" \/>\n\t<meta name=\"twitter:data1\" content=\"Redazione\" \/>\n\t<meta name=\"twitter:label2\" content=\"Tempo di lettura stimato\" \/>\n\t<meta name=\"twitter:data2\" content=\"2 minuti\" \/>\n<script type=\"application\/ld+json\" class=\"yoast-schema-graph\">{\"@context\":\"https:\\\/\\\/schema.org\",\"@graph\":[{\"@type\":\"Article\",\"@id\":\"https:\\\/\\\/cinema.video\\\/it\\\/piu-conoscenza-piu-coscienza#article\",\"isPartOf\":{\"@id\":\"https:\\\/\\\/cinema.video\\\/it\\\/piu-conoscenza-piu-coscienza\"},\"author\":{\"name\":\"Redazione\",\"@id\":\"https:\\\/\\\/cinema.video\\\/it#\\\/schema\\\/person\\\/aeb01b91d874e8b01e76a1db04c668c6\"},\"headline\":\"VISIONI DAL MONDO Pi\u00f9 conoscenza pi\u00f9 coscienza\",\"datePublished\":\"2022-03-02T16:08:15+00:00\",\"dateModified\":\"2026-04-10T01:56:50+00:00\",\"mainEntityOfPage\":{\"@id\":\"https:\\\/\\\/cinema.video\\\/it\\\/piu-conoscenza-piu-coscienza\"},\"wordCount\":358,\"publisher\":{\"@id\":\"https:\\\/\\\/cinema.video\\\/it#organization\"},\"image\":{\"@id\":\"https:\\\/\\\/cinema.video\\\/it\\\/piu-conoscenza-piu-coscienza#primaryimage\"},\"thumbnailUrl\":\"https:\\\/\\\/cinema.video\\\/wp-content\\\/uploads\\\/2022\\\/03\\\/Francesco-Bizzarri_Direttore-Generale_Visioni-dal-Mondo-Immagini-dalla-Realta-2-e1646236981580.jpg\",\"keywords\":[\"DOCUMENTARY\",\"EVENTS\"],\"articleSection\":[\"EVENTS\"],\"inLanguage\":\"it-IT\"},{\"@type\":\"WebPage\",\"@id\":\"https:\\\/\\\/cinema.video\\\/it\\\/piu-conoscenza-piu-coscienza\",\"url\":\"https:\\\/\\\/cinema.video\\\/it\\\/piu-conoscenza-piu-coscienza\",\"name\":\"VISIONI DAL MONDO Pi\u00f9 conoscenza pi\u00f9 coscienza - Cinema &amp; Video International\",\"isPartOf\":{\"@id\":\"https:\\\/\\\/cinema.video\\\/it#website\"},\"primaryImageOfPage\":{\"@id\":\"https:\\\/\\\/cinema.video\\\/it\\\/piu-conoscenza-piu-coscienza#primaryimage\"},\"image\":{\"@id\":\"https:\\\/\\\/cinema.video\\\/it\\\/piu-conoscenza-piu-coscienza#primaryimage\"},\"thumbnailUrl\":\"https:\\\/\\\/cinema.video\\\/wp-content\\\/uploads\\\/2022\\\/03\\\/Francesco-Bizzarri_Direttore-Generale_Visioni-dal-Mondo-Immagini-dalla-Realta-2-e1646236981580.jpg\",\"datePublished\":\"2022-03-02T16:08:15+00:00\",\"dateModified\":\"2026-04-10T01:56:50+00:00\",\"description\":\"VISIONI DAL MONDO Pi\u00f9 conoscenza pi\u00f9 coscienza \u2013 visioni dal mondo pi conoscenza pi. Aperti da oggi, 2 marzo, i bandi di concorso della 8a edizione del Fe\",\"breadcrumb\":{\"@id\":\"https:\\\/\\\/cinema.video\\\/it\\\/piu-conoscenza-piu-coscienza#breadcrumb\"},\"inLanguage\":\"it-IT\",\"potentialAction\":[{\"@type\":\"ReadAction\",\"target\":[\"https:\\\/\\\/cinema.video\\\/it\\\/piu-conoscenza-piu-coscienza\"]}]},{\"@type\":\"ImageObject\",\"inLanguage\":\"it-IT\",\"@id\":\"https:\\\/\\\/cinema.video\\\/it\\\/piu-conoscenza-piu-coscienza#primaryimage\",\"url\":\"https:\\\/\\\/cinema.video\\\/wp-content\\\/uploads\\\/2022\\\/03\\\/Francesco-Bizzarri_Direttore-Generale_Visioni-dal-Mondo-Immagini-dalla-Realta-2-e1646236981580.jpg\",\"contentUrl\":\"https:\\\/\\\/cinema.video\\\/wp-content\\\/uploads\\\/2022\\\/03\\\/Francesco-Bizzarri_Direttore-Generale_Visioni-dal-Mondo-Immagini-dalla-Realta-2-e1646236981580.jpg\",\"width\":2266,\"height\":1422},{\"@type\":\"BreadcrumbList\",\"@id\":\"https:\\\/\\\/cinema.video\\\/it\\\/piu-conoscenza-piu-coscienza#breadcrumb\",\"itemListElement\":[{\"@type\":\"ListItem\",\"position\":1,\"name\":\"Home\",\"item\":\"https:\\\/\\\/cinema.video\\\/it\\\/home-2\"},{\"@type\":\"ListItem\",\"position\":2,\"name\":\"VISIONI DAL MONDO Pi\u00f9 conoscenza pi\u00f9 coscienza\"}]},{\"@type\":\"WebSite\",\"@id\":\"https:\\\/\\\/cinema.video\\\/it#website\",\"url\":\"https:\\\/\\\/cinema.video\\\/it\",\"name\":\"Cinema & Video International\",\"description\":\"Film &amp; Audiovisual Industry Trade Magazine\",\"publisher\":{\"@id\":\"https:\\\/\\\/cinema.video\\\/it#organization\"},\"alternateName\":\"Cinema & Video\",\"potentialAction\":[{\"@type\":\"SearchAction\",\"target\":{\"@type\":\"EntryPoint\",\"urlTemplate\":\"https:\\\/\\\/cinema.video\\\/it?s={search_term_string}\"},\"query-input\":{\"@type\":\"PropertyValueSpecification\",\"valueRequired\":true,\"valueName\":\"search_term_string\"}}],\"inLanguage\":\"it-IT\"},{\"@type\":\"Organization\",\"@id\":\"https:\\\/\\\/cinema.video\\\/it#organization\",\"name\":\"Cinema & Video\",\"url\":\"https:\\\/\\\/cinema.video\\\/it\",\"logo\":{\"@type\":\"ImageObject\",\"inLanguage\":\"it-IT\",\"@id\":\"https:\\\/\\\/cinema.video\\\/it#\\\/schema\\\/logo\\\/image\\\/\",\"url\":\"https:\\\/\\\/cinema.video\\\/wp-content\\\/uploads\\\/2026\\\/04\\\/CinemVideo_LogoBlack.png\",\"contentUrl\":\"https:\\\/\\\/cinema.video\\\/wp-content\\\/uploads\\\/2026\\\/04\\\/CinemVideo_LogoBlack.png\",\"width\":1336,\"height\":224,\"caption\":\"Cinema & Video\"},\"image\":{\"@id\":\"https:\\\/\\\/cinema.video\\\/it#\\\/schema\\\/logo\\\/image\\\/\"},\"sameAs\":[\"https:\\\/\\\/www.facebook.com\\\/CinemaVideoInternational\\\/\",\"https:\\\/\\\/www.instagram.com\\\/cinemaevideointernational\\\/\",\"https:\\\/\\\/it.linkedin.com\\\/company\\\/cinema-video-international\"],\"description\":\"Media Consulting & Marketing Agency\",\"email\":\"hello@darostudio.com\",\"legalName\":\"DARO studio LLC\",\"foundingDate\":\"2021-02-16\",\"numberOfEmployees\":{\"@type\":\"QuantitativeValue\",\"minValue\":\"1\",\"maxValue\":\"10\"}},{\"@type\":\"Person\",\"@id\":\"https:\\\/\\\/cinema.video\\\/it#\\\/schema\\\/person\\\/aeb01b91d874e8b01e76a1db04c668c6\",\"name\":\"Redazione\",\"image\":{\"@type\":\"ImageObject\",\"inLanguage\":\"it-IT\",\"@id\":\"https:\\\/\\\/secure.gravatar.com\\\/avatar\\\/06ad6f92eb14745b75fb592cadf8139d33242d81c9c8b085133c450aaf0b9731?s=96&d=mm&r=g\",\"url\":\"https:\\\/\\\/secure.gravatar.com\\\/avatar\\\/06ad6f92eb14745b75fb592cadf8139d33242d81c9c8b085133c450aaf0b9731?s=96&d=mm&r=g\",\"contentUrl\":\"https:\\\/\\\/secure.gravatar.com\\\/avatar\\\/06ad6f92eb14745b75fb592cadf8139d33242d81c9c8b085133c450aaf0b9731?s=96&d=mm&r=g\",\"caption\":\"Redazione\"},\"url\":\"https:\\\/\\\/cinema.video\\\/it\\\/author\\\/redazione\"}]}<\/script>\n<!-- \/ Yoast SEO Premium plugin. -->","yoast_head_json":{"title":"VISIONI DAL MONDO Pi\u00f9 conoscenza pi\u00f9 coscienza - Cinema &amp; Video International","description":"VISIONI DAL MONDO Pi\u00f9 conoscenza pi\u00f9 coscienza \u2013 visioni dal mondo pi conoscenza pi. Aperti da oggi, 2 marzo, i bandi di concorso della 8a edizione del Fe","robots":{"index":"index","follow":"follow","max-snippet":"max-snippet:-1","max-image-preview":"max-image-preview:large","max-video-preview":"max-video-preview:-1"},"canonical":"https:\/\/cinema.video\/it\/piu-conoscenza-piu-coscienza","og_locale":"it_IT","og_type":"article","og_title":"VISIONI DAL MONDO Pi\u00f9 conoscenza pi\u00f9 coscienza","og_description":"VISIONI DAL MONDO Pi\u00f9 conoscenza pi\u00f9 coscienza \u2013 visioni dal mondo pi conoscenza pi. Aperti da oggi, 2 marzo, i bandi di concorso della 8a edizione del Fe","og_url":"https:\/\/cinema.video\/it\/piu-conoscenza-piu-coscienza","og_site_name":"Cinema &amp; Video International","article_publisher":"https:\/\/www.facebook.com\/CinemaVideoInternational\/","article_published_time":"2022-03-02T16:08:15+00:00","article_modified_time":"2026-04-10T01:56:50+00:00","og_image":[{"width":2266,"height":1422,"url":"https:\/\/cinema.video\/wp-content\/uploads\/2022\/03\/Francesco-Bizzarri_Direttore-Generale_Visioni-dal-Mondo-Immagini-dalla-Realta-2-e1646236981580.jpg","type":"image\/jpeg"}],"author":"Redazione","twitter_card":"summary_large_image","twitter_misc":{"Scritto da":"Redazione","Tempo di lettura stimato":"2 minuti"},"schema":{"@context":"https:\/\/schema.org","@graph":[{"@type":"Article","@id":"https:\/\/cinema.video\/it\/piu-conoscenza-piu-coscienza#article","isPartOf":{"@id":"https:\/\/cinema.video\/it\/piu-conoscenza-piu-coscienza"},"author":{"name":"Redazione","@id":"https:\/\/cinema.video\/it#\/schema\/person\/aeb01b91d874e8b01e76a1db04c668c6"},"headline":"VISIONI DAL MONDO Pi\u00f9 conoscenza pi\u00f9 coscienza","datePublished":"2022-03-02T16:08:15+00:00","dateModified":"2026-04-10T01:56:50+00:00","mainEntityOfPage":{"@id":"https:\/\/cinema.video\/it\/piu-conoscenza-piu-coscienza"},"wordCount":358,"publisher":{"@id":"https:\/\/cinema.video\/it#organization"},"image":{"@id":"https:\/\/cinema.video\/it\/piu-conoscenza-piu-coscienza#primaryimage"},"thumbnailUrl":"https:\/\/cinema.video\/wp-content\/uploads\/2022\/03\/Francesco-Bizzarri_Direttore-Generale_Visioni-dal-Mondo-Immagini-dalla-Realta-2-e1646236981580.jpg","keywords":["DOCUMENTARY","EVENTS"],"articleSection":["EVENTS"],"inLanguage":"it-IT"},{"@type":"WebPage","@id":"https:\/\/cinema.video\/it\/piu-conoscenza-piu-coscienza","url":"https:\/\/cinema.video\/it\/piu-conoscenza-piu-coscienza","name":"VISIONI DAL MONDO Pi\u00f9 conoscenza pi\u00f9 coscienza - Cinema &amp; Video International","isPartOf":{"@id":"https:\/\/cinema.video\/it#website"},"primaryImageOfPage":{"@id":"https:\/\/cinema.video\/it\/piu-conoscenza-piu-coscienza#primaryimage"},"image":{"@id":"https:\/\/cinema.video\/it\/piu-conoscenza-piu-coscienza#primaryimage"},"thumbnailUrl":"https:\/\/cinema.video\/wp-content\/uploads\/2022\/03\/Francesco-Bizzarri_Direttore-Generale_Visioni-dal-Mondo-Immagini-dalla-Realta-2-e1646236981580.jpg","datePublished":"2022-03-02T16:08:15+00:00","dateModified":"2026-04-10T01:56:50+00:00","description":"VISIONI DAL MONDO Pi\u00f9 conoscenza pi\u00f9 coscienza \u2013 visioni dal mondo pi conoscenza pi. Aperti da oggi, 2 marzo, i bandi di concorso della 8a edizione del Fe","breadcrumb":{"@id":"https:\/\/cinema.video\/it\/piu-conoscenza-piu-coscienza#breadcrumb"},"inLanguage":"it-IT","potentialAction":[{"@type":"ReadAction","target":["https:\/\/cinema.video\/it\/piu-conoscenza-piu-coscienza"]}]},{"@type":"ImageObject","inLanguage":"it-IT","@id":"https:\/\/cinema.video\/it\/piu-conoscenza-piu-coscienza#primaryimage","url":"https:\/\/cinema.video\/wp-content\/uploads\/2022\/03\/Francesco-Bizzarri_Direttore-Generale_Visioni-dal-Mondo-Immagini-dalla-Realta-2-e1646236981580.jpg","contentUrl":"https:\/\/cinema.video\/wp-content\/uploads\/2022\/03\/Francesco-Bizzarri_Direttore-Generale_Visioni-dal-Mondo-Immagini-dalla-Realta-2-e1646236981580.jpg","width":2266,"height":1422},{"@type":"BreadcrumbList","@id":"https:\/\/cinema.video\/it\/piu-conoscenza-piu-coscienza#breadcrumb","itemListElement":[{"@type":"ListItem","position":1,"name":"Home","item":"https:\/\/cinema.video\/it\/home-2"},{"@type":"ListItem","position":2,"name":"VISIONI DAL MONDO Pi\u00f9 conoscenza pi\u00f9 coscienza"}]},{"@type":"WebSite","@id":"https:\/\/cinema.video\/it#website","url":"https:\/\/cinema.video\/it","name":"Cinema & Video International","description":"Film &amp; Audiovisual Industry Trade Magazine","publisher":{"@id":"https:\/\/cinema.video\/it#organization"},"alternateName":"Cinema & Video","potentialAction":[{"@type":"SearchAction","target":{"@type":"EntryPoint","urlTemplate":"https:\/\/cinema.video\/it?s={search_term_string}"},"query-input":{"@type":"PropertyValueSpecification","valueRequired":true,"valueName":"search_term_string"}}],"inLanguage":"it-IT"},{"@type":"Organization","@id":"https:\/\/cinema.video\/it#organization","name":"Cinema & Video","url":"https:\/\/cinema.video\/it","logo":{"@type":"ImageObject","inLanguage":"it-IT","@id":"https:\/\/cinema.video\/it#\/schema\/logo\/image\/","url":"https:\/\/cinema.video\/wp-content\/uploads\/2026\/04\/CinemVideo_LogoBlack.png","contentUrl":"https:\/\/cinema.video\/wp-content\/uploads\/2026\/04\/CinemVideo_LogoBlack.png","width":1336,"height":224,"caption":"Cinema & Video"},"image":{"@id":"https:\/\/cinema.video\/it#\/schema\/logo\/image\/"},"sameAs":["https:\/\/www.facebook.com\/CinemaVideoInternational\/","https:\/\/www.instagram.com\/cinemaevideointernational\/","https:\/\/it.linkedin.com\/company\/cinema-video-international"],"description":"Media Consulting & Marketing Agency","email":"hello@darostudio.com","legalName":"DARO studio LLC","foundingDate":"2021-02-16","numberOfEmployees":{"@type":"QuantitativeValue","minValue":"1","maxValue":"10"}},{"@type":"Person","@id":"https:\/\/cinema.video\/it#\/schema\/person\/aeb01b91d874e8b01e76a1db04c668c6","name":"Redazione","image":{"@type":"ImageObject","inLanguage":"it-IT","@id":"https:\/\/secure.gravatar.com\/avatar\/06ad6f92eb14745b75fb592cadf8139d33242d81c9c8b085133c450aaf0b9731?s=96&d=mm&r=g","url":"https:\/\/secure.gravatar.com\/avatar\/06ad6f92eb14745b75fb592cadf8139d33242d81c9c8b085133c450aaf0b9731?s=96&d=mm&r=g","contentUrl":"https:\/\/secure.gravatar.com\/avatar\/06ad6f92eb14745b75fb592cadf8139d33242d81c9c8b085133c450aaf0b9731?s=96&d=mm&r=g","caption":"Redazione"},"url":"https:\/\/cinema.video\/it\/author\/redazione"}]}},"jetpack_featured_media_url":"https:\/\/cinema.video\/wp-content\/uploads\/2022\/03\/Francesco-Bizzarri_Direttore-Generale_Visioni-dal-Mondo-Immagini-dalla-Realta-2-e1646236981580.jpg","jetpack_shortlink":"https:\/\/wp.me\/ph672m-1dNm","_links":{"self":[{"href":"https:\/\/cinema.video\/it\/wp-json\/wp\/v2\/posts\/291360","targetHints":{"allow":["GET"]}}],"collection":[{"href":"https:\/\/cinema.video\/it\/wp-json\/wp\/v2\/posts"}],"about":[{"href":"https:\/\/cinema.video\/it\/wp-json\/wp\/v2\/types\/post"}],"author":[{"embeddable":true,"href":"https:\/\/cinema.video\/it\/wp-json\/wp\/v2\/users\/26"}],"replies":[{"embeddable":true,"href":"https:\/\/cinema.video\/it\/wp-json\/wp\/v2\/comments?post=291360"}],"version-history":[{"count":2,"href":"https:\/\/cinema.video\/it\/wp-json\/wp\/v2\/posts\/291360\/revisions"}],"predecessor-version":[{"id":308557,"href":"https:\/\/cinema.video\/it\/wp-json\/wp\/v2\/posts\/291360\/revisions\/308557"}],"wp:featuredmedia":[{"embeddable":true,"href":"https:\/\/cinema.video\/it\/wp-json\/wp\/v2\/media\/291364"}],"wp:attachment":[{"href":"https:\/\/cinema.video\/it\/wp-json\/wp\/v2\/media?parent=291360"}],"wp:term":[{"taxonomy":"category","embeddable":true,"href":"https:\/\/cinema.video\/it\/wp-json\/wp\/v2\/categories?post=291360"},{"taxonomy":"post_tag","embeddable":true,"href":"https:\/\/cinema.video\/it\/wp-json\/wp\/v2\/tags?post=291360"}],"curies":[{"name":"wp","href":"https:\/\/api.w.org\/{rel}","templated":true}]}}