{"id":291250,"date":"2022-02-17T11:44:32","date_gmt":"2022-02-17T10:44:32","guid":{"rendered":"https:\/\/cinema.video\/?p=291250"},"modified":"2026-04-10T03:56:38","modified_gmt":"2026-04-10T01:56:38","slug":"ce-un-po-ditalia-nellorso-doro-ad-alcarras","status":"publish","type":"post","link":"https:\/\/cinema.video\/it\/ce-un-po-ditalia-nellorso-doro-ad-alcarras","title":{"rendered":"C&#8217;\u00e8 un po&#8217; d&#8217;Italia nell&#8217;Orso d&#8217;Oro ad ALCARR\u00c0S"},"content":{"rendered":"\n<p class=\"wp-block-paragraph\">C\u2019\u00e8 anche un pezzo d\u2019Italia nel film che ha conquistato l\u2019<strong>Orso d\u2019Oro<\/strong> di questa <strong>72esima edizione della Berlinale<\/strong>, che \u00e8 tornata in presenza in forma ridotta, e ha consegnato ieri sera, 16 febbraio, i premi ai vincitori.<em>&nbsp;<\/em><\/p>\n\n\n\n<p class=\"wp-block-paragraph\"><strong><em>Alcarr\u00e0s<\/em><\/strong><em>&nbsp;<\/em>opera seconda della regista catalana&nbsp;<strong>Carla Sim\u00f3n<\/strong>,&nbsp;\u00e8 una co-produzione italo spagnola, fra Avalon Pc, Elastica Films, Vila\u00fct Films, Alcarr\u00e0s Film Aie e la <strong>Kino Produzioni <\/strong>di&nbsp;<strong>Giovanni Pompili<\/strong>, ed \u00e8 proprio ai produttori che va il massimo riconoscimento del festival berlinese.&nbsp;<\/p>\n\n\n\n<p class=\"wp-block-paragraph\">La storia, quella della famiglia spagnola dei Sol\u00e9, che dopo 80 anni nella stessa terra si riunisce per l\u2019ultimo raccolto interfacciandosi per la prima volta con un futuro incerto, \u00e8 passata inoltre dal <strong>Torino Film Lab<\/strong> nel 2018, dove la sceneggiatura \u00e8 stata sviluppata nel contesto del programma <em>TFL ScriptLab.<\/em><\/p>\n\n\n\n<p class=\"wp-block-paragraph\">Si conferma vincente la scommessa della Berlinale sui giovani talenti, che coinvolge anche il suo <strong>Co-Production Market<\/strong>: Sim\u00f2n, che aveva gi\u00e0 conquistato, nel 2017, il GWFF Best First Feature Award e il Generation Kplus Grand Prix Jury Award con il suo film d\u2019esordio,&nbsp;<em>Summer 1993,<\/em>&nbsp;nel 2019 aveva partecipato, con <em>Alcarr\u00e1s<\/em>, al&nbsp;mercato di coproduzione che corre parallelo al Festival, dove i produttori avevano&nbsp;vinto l\u2019Eurimages&nbsp;Co-Production Development Award. <br>Il film \u00e8 stato, fra l\u2019altro, oggetto della case study di quest\u2019anno del mercato diretto da&nbsp;<strong>Martina Bleis<\/strong>, dove il premio di Eurimages \u00e8 andato alla francese Caract\u00e8res Productions e all\u2019iraniana Honare Khiyal per il progetto&nbsp;<em><strong>My Favourite Cake<\/strong><\/em>, diretto da Behtash Sanaeeha e Maryam Moghaddam.<\/p>\n\n\n\n<p class=\"wp-block-paragraph\">Anche l\u2019altro film (totalmente) italiano in&nbsp;<em>Concorso<\/em>, <strong><em>Leonora Addio<\/em><\/strong> di <strong>Paolo Taviani,<\/strong> che sar\u00e0 nelle sale dal&nbsp;<strong>17 febbraio<\/strong>, distribuito da&nbsp;<strong>01 Distribution,&nbsp;<\/strong>torna a casa con il <strong>Premio FIPRESCI<\/strong>.&nbsp;Il film \u00e8 una produzione<strong>&nbsp;Stemal Entertainment&nbsp;<\/strong>con&nbsp;<strong>Rai Cinema<\/strong>&nbsp;&#8211; prodotto da&nbsp;<strong>Donatella Palermo<\/strong>&nbsp;&#8211; in associazione con&nbsp;<strong>Luce Cinecitt\u00e0<\/strong>, in associazione con&nbsp;<strong>Cinemaundici<\/strong>&nbsp;realizzato con il sostegno della&nbsp;<strong>Regione Siciliana &#8211; Assessorato Turismo Sport e Spettacolo &#8211; Sicilia Film Commission&nbsp;<\/strong>con il contributo del<strong>&nbsp;MIC &#8211; DG Cinema e Audiovisivo.<\/strong><\/p>\n\n\n\n<p class=\"wp-block-paragraph\">E se i vincitori italiani sono due uomini, \u00e8 prevalentemente femminile il palmar\u00e8s di questa edizione del festival, dove le donne sono anche il motore delle storie. <br>Anche della loro scrittura: \u00e8&nbsp;<strong>Leila Stieler<\/strong>, l\u2019autrice della migliore sceneggiatura, che ruota attorno a un\u2019esplosiva figura femminile: quella di&nbsp;Rbiye Kurnaz, una madre tedesco-turca in lotta per il figlio detenuto a Guantanamo, che intraprende un viaggio, raccontato con ironia e sensibilit\u00e0, fino alla suprema corte di Washington. <br>E\u2019 tratto da una storia vera<em>&nbsp;<strong>Rbiye Kurnaz vs George W. Bush<\/strong>,&nbsp;<\/em>diretto da Andreas Dresen, e interpretato dall\u2019attrice&nbsp;<strong>Meltem Kaptan<\/strong>, anch\u2019essa di origine turca, che ha conquistato l\u2019Orso d\u2019Argento per il miglior ruolo da protagonista. <\/p>\n\n\n\n<p class=\"wp-block-paragraph\">Dall\u2019anno passato,  la Berlinale ha deciso di eliminare il genere dai premi per gli attori, e sono le donne, fino ad oggi, a portare a casa le statuette. <br>La migliore attrice non protagonista \u00e8 l\u2019indonesiana&nbsp;<strong>Laura Basuki<\/strong> per&nbsp;<strong><em>Nana<\/em><\/strong>&nbsp;di Kamila Andini.<\/p>\n\n\n\n<p class=\"wp-block-paragraph\"><br>L\u2019Orso d\u2019Argento alla miglior Regia va a&nbsp;<strong>Claire Denis<\/strong>, che dirige Juliette Binoche in un triangolo amoroso in&nbsp;<strong><em>Both Sides of Blade,&nbsp;<\/em><\/strong>tratto dal romanzo di Christine Angot&nbsp;<em>Un tournant de la vie<\/em>, che ha scritto la sceneggiatura (\u00e8 la seconda collaborazione con Denis dopo&nbsp;<em>Un beau soleil int\u00e9rieur).<\/em><\/p>\n\n\n\n<p class=\"wp-block-paragraph\"><strong><em>Robe of Gems<\/em><\/strong><em>, e<\/em>sordio alla regia della messicana&nbsp;<strong>Natalia Lopez Gallardo<\/strong>, (gi\u00e0 montatrice&nbsp;Amat Escalante, Lisandro Alonso and Carlos Reygadas), vince&nbsp;invece il Silver Bear Jury Prize, in una storia di perdita e violenza psicologica e sociale, dove la realt\u00e0 di una delle regioni pi\u00f9 povere del Messico si intreccia con sogni e metafore. Ed \u00e8 proprio alla \u201cgente dello stato di Morelos\u201d che Gallardo dedica il suo premio.<\/p>\n\n\n\n<p class=\"wp-block-paragraph\">Completano il Palmar\u00e9s,&nbsp;il Gran Premio della Giuria al regista coreano<strong>&nbsp;Hong Sang Soo<\/strong>&nbsp;per<em>&nbsp;<strong>The Novelist\u2019s Film<\/strong>,&nbsp;<\/em>il Premio per &#8216;Outstanding Artistic Contribution&#8217; al franco-cambogiano&nbsp;<strong>Rithy Panh<\/strong>&nbsp;(assieme a&nbsp;<strong>Sarit Mang<\/strong>) per&nbsp;<strong><em>Everything will be ok<\/em><\/strong><em>,<\/em><em>&nbsp;<\/em>e la menzione speciale a&nbsp;<strong><em>A piece of Sky<\/em><\/strong>&nbsp;di&nbsp;<strong>Michael Koch.<\/strong><\/p>\n","protected":false},"excerpt":{"rendered":"<p>Kino Produzioni di Giovanni Pompili \u00e8 fra i co-produttori dell&#8217;opera seconda di Clara Sim\u00f3n, che ha vinto la Berlinale. Premio FIPRESCI a &#8220;Leonora Addio&#8221;. Palmar\u00e8s decisamente al femminile<\/p>\n","protected":false},"author":2,"featured_media":291252,"comment_status":"closed","ping_status":"closed","sticky":false,"template":"","format":"standard","meta":{"googlesitekit_rrm_CAow3e7fCw:productID":"","_wpcom_ai_launchpad_first_post":false,"footnotes":"","jetpack_post_was_ever_published":false},"categories":[1],"tags":[1695,368,498,493],"class_list":["post-291250","post","type-post","status-publish","format-standard","has-post-thumbnail","category-senza-categoria","tag-berlinale-efm","tag-eurimages","tag-sicilia-film-commission","tag-torino-film-festival"],"yoast_head":"<!-- This site is optimized with the Yoast SEO Premium plugin v28.3 (Yoast SEO v28.3) - https:\/\/yoast.com\/product\/yoast-seo-premium-wordpress\/ -->\n<title>C&#039;\u00e8 un po&#039; d&#039;Italia nell&#039;Orso d&#039;Oro ad ALCARR\u00c0S - Cinema &amp; Video International<\/title>\n<meta name=\"description\" content=\"C&#039;\u00e8 un po&#039; d&#039;Italia nell&#039;Orso d&#039;Oro ad ALCARR\u00c0S \u2013 c un po ditalia nellorso doro. C\u2019\u00e8 anche un pezzo d\u2019Italia nel film che ha conquistato l\u2019Orso d\u2019Oro di q\" \/>\n<meta name=\"robots\" content=\"index, follow, max-snippet:-1, max-image-preview:large, max-video-preview:-1\" \/>\n<link rel=\"canonical\" href=\"https:\/\/cinema.video\/it\/ce-un-po-ditalia-nellorso-doro-ad-alcarras\" \/>\n<meta property=\"og:locale\" content=\"it_IT\" \/>\n<meta property=\"og:type\" content=\"article\" \/>\n<meta property=\"og:title\" content=\"C&#039;\u00e8 un po&#039; d&#039;Italia nell&#039;Orso d&#039;Oro ad ALCARR\u00c0S\" \/>\n<meta property=\"og:description\" content=\"C&#039;\u00e8 un po&#039; d&#039;Italia nell&#039;Orso d&#039;Oro ad ALCARR\u00c0S \u2013 c un po ditalia nellorso doro. C\u2019\u00e8 anche un pezzo d\u2019Italia nel film che ha conquistato l\u2019Orso d\u2019Oro di q\" \/>\n<meta property=\"og:url\" content=\"https:\/\/cinema.video\/it\/ce-un-po-ditalia-nellorso-doro-ad-alcarras\" \/>\n<meta property=\"og:site_name\" content=\"Cinema &amp; Video International\" \/>\n<meta property=\"article:publisher\" content=\"https:\/\/www.facebook.com\/CinemaVideoInternational\/\" \/>\n<meta property=\"article:published_time\" content=\"2022-02-17T10:44:32+00:00\" \/>\n<meta property=\"article:modified_time\" content=\"2026-04-10T01:56:38+00:00\" \/>\n<meta property=\"og:image\" content=\"https:\/\/cinema.video\/wp-content\/uploads\/2022\/02\/vincitori-e1645092493836.png\" \/>\n\t<meta property=\"og:image:width\" content=\"800\" \/>\n\t<meta property=\"og:image:height\" content=\"500\" \/>\n\t<meta property=\"og:image:type\" content=\"image\/png\" \/>\n<meta name=\"author\" content=\"Carolina Mancini\" \/>\n<meta name=\"twitter:card\" content=\"summary_large_image\" \/>\n<meta name=\"twitter:label1\" content=\"Scritto da\" \/>\n\t<meta name=\"twitter:data1\" content=\"Carolina Mancini\" \/>\n\t<meta name=\"twitter:label2\" content=\"Tempo di lettura stimato\" \/>\n\t<meta name=\"twitter:data2\" content=\"4 minuti\" \/>\n<script type=\"application\/ld+json\" class=\"yoast-schema-graph\">{\"@context\":\"https:\\\/\\\/schema.org\",\"@graph\":[{\"@type\":\"Article\",\"@id\":\"https:\\\/\\\/cinema.video\\\/it\\\/ce-un-po-ditalia-nellorso-doro-ad-alcarras#article\",\"isPartOf\":{\"@id\":\"https:\\\/\\\/cinema.video\\\/it\\\/ce-un-po-ditalia-nellorso-doro-ad-alcarras\"},\"author\":{\"name\":\"Carolina Mancini\",\"@id\":\"https:\\\/\\\/cinema.video\\\/it#\\\/schema\\\/person\\\/d5479fad8d0f2360000eb4aab6bb6e5d\"},\"headline\":\"C&#8217;\u00e8 un po&#8217; d&#8217;Italia nell&#8217;Orso d&#8217;Oro ad ALCARR\u00c0S\",\"datePublished\":\"2022-02-17T10:44:32+00:00\",\"dateModified\":\"2026-04-10T01:56:38+00:00\",\"mainEntityOfPage\":{\"@id\":\"https:\\\/\\\/cinema.video\\\/it\\\/ce-un-po-ditalia-nellorso-doro-ad-alcarras\"},\"wordCount\":728,\"publisher\":{\"@id\":\"https:\\\/\\\/cinema.video\\\/it#organization\"},\"image\":{\"@id\":\"https:\\\/\\\/cinema.video\\\/it\\\/ce-un-po-ditalia-nellorso-doro-ad-alcarras#primaryimage\"},\"thumbnailUrl\":\"https:\\\/\\\/cinema.video\\\/wp-content\\\/uploads\\\/2022\\\/02\\\/vincitori-e1645092493836.png\",\"keywords\":[\"BERLINALE - EFM\",\"Eurimages\",\"Sicilia Film Commission\",\"TORINO FILM FESTIVAL\"],\"inLanguage\":\"it-IT\"},{\"@type\":\"WebPage\",\"@id\":\"https:\\\/\\\/cinema.video\\\/it\\\/ce-un-po-ditalia-nellorso-doro-ad-alcarras\",\"url\":\"https:\\\/\\\/cinema.video\\\/it\\\/ce-un-po-ditalia-nellorso-doro-ad-alcarras\",\"name\":\"C'\u00e8 un po' d'Italia nell'Orso d'Oro ad ALCARR\u00c0S - Cinema &amp; Video International\",\"isPartOf\":{\"@id\":\"https:\\\/\\\/cinema.video\\\/it#website\"},\"primaryImageOfPage\":{\"@id\":\"https:\\\/\\\/cinema.video\\\/it\\\/ce-un-po-ditalia-nellorso-doro-ad-alcarras#primaryimage\"},\"image\":{\"@id\":\"https:\\\/\\\/cinema.video\\\/it\\\/ce-un-po-ditalia-nellorso-doro-ad-alcarras#primaryimage\"},\"thumbnailUrl\":\"https:\\\/\\\/cinema.video\\\/wp-content\\\/uploads\\\/2022\\\/02\\\/vincitori-e1645092493836.png\",\"datePublished\":\"2022-02-17T10:44:32+00:00\",\"dateModified\":\"2026-04-10T01:56:38+00:00\",\"description\":\"C'\u00e8 un po' d'Italia nell'Orso d'Oro ad ALCARR\u00c0S \u2013 c un po ditalia nellorso doro. C\u2019\u00e8 anche un pezzo d\u2019Italia nel film che ha conquistato l\u2019Orso d\u2019Oro di q\",\"breadcrumb\":{\"@id\":\"https:\\\/\\\/cinema.video\\\/it\\\/ce-un-po-ditalia-nellorso-doro-ad-alcarras#breadcrumb\"},\"inLanguage\":\"it-IT\",\"potentialAction\":[{\"@type\":\"ReadAction\",\"target\":[\"https:\\\/\\\/cinema.video\\\/it\\\/ce-un-po-ditalia-nellorso-doro-ad-alcarras\"]}]},{\"@type\":\"ImageObject\",\"inLanguage\":\"it-IT\",\"@id\":\"https:\\\/\\\/cinema.video\\\/it\\\/ce-un-po-ditalia-nellorso-doro-ad-alcarras#primaryimage\",\"url\":\"https:\\\/\\\/cinema.video\\\/wp-content\\\/uploads\\\/2022\\\/02\\\/vincitori-e1645092493836.png\",\"contentUrl\":\"https:\\\/\\\/cinema.video\\\/wp-content\\\/uploads\\\/2022\\\/02\\\/vincitori-e1645092493836.png\",\"width\":800,\"height\":500},{\"@type\":\"BreadcrumbList\",\"@id\":\"https:\\\/\\\/cinema.video\\\/it\\\/ce-un-po-ditalia-nellorso-doro-ad-alcarras#breadcrumb\",\"itemListElement\":[{\"@type\":\"ListItem\",\"position\":1,\"name\":\"Home\",\"item\":\"https:\\\/\\\/cinema.video\\\/it\"},{\"@type\":\"ListItem\",\"position\":2,\"name\":\"C&#8217;\u00e8 un po&#8217; d&#8217;Italia nell&#8217;Orso d&#8217;Oro ad ALCARR\u00c0S\"}]},{\"@type\":\"WebSite\",\"@id\":\"https:\\\/\\\/cinema.video\\\/it#website\",\"url\":\"https:\\\/\\\/cinema.video\\\/it\",\"name\":\"Cinema & Video International\",\"description\":\"Film &amp; Audiovisual B2B Industry Trade Platform Magazine\",\"publisher\":{\"@id\":\"https:\\\/\\\/cinema.video\\\/it#organization\"},\"alternateName\":\"Cinema & Video\",\"potentialAction\":[{\"@type\":\"SearchAction\",\"target\":{\"@type\":\"EntryPoint\",\"urlTemplate\":\"https:\\\/\\\/cinema.video\\\/it?s={search_term_string}\"},\"query-input\":{\"@type\":\"PropertyValueSpecification\",\"valueRequired\":true,\"valueName\":\"search_term_string\"}}],\"inLanguage\":\"it-IT\"},{\"@type\":\"Organization\",\"@id\":\"https:\\\/\\\/cinema.video\\\/it#organization\",\"name\":\"Cinema & Video\",\"url\":\"https:\\\/\\\/cinema.video\\\/it\",\"logo\":{\"@type\":\"ImageObject\",\"inLanguage\":\"it-IT\",\"@id\":\"https:\\\/\\\/cinema.video\\\/it#\\\/schema\\\/logo\\\/image\\\/\",\"url\":\"https:\\\/\\\/cinema.video\\\/wp-content\\\/uploads\\\/2026\\\/04\\\/CinemVideo_LogoBlack.png\",\"contentUrl\":\"https:\\\/\\\/cinema.video\\\/wp-content\\\/uploads\\\/2026\\\/04\\\/CinemVideo_LogoBlack.png\",\"width\":1336,\"height\":224,\"caption\":\"Cinema & Video\"},\"image\":{\"@id\":\"https:\\\/\\\/cinema.video\\\/it#\\\/schema\\\/logo\\\/image\\\/\"},\"sameAs\":[\"https:\\\/\\\/www.facebook.com\\\/CinemaVideoInternational\\\/\",\"https:\\\/\\\/www.instagram.com\\\/cinemaevideointernational\\\/\",\"https:\\\/\\\/it.linkedin.com\\\/company\\\/cinema-video-international\"],\"description\":\"Media Consulting & Marketing Agency\",\"email\":\"hello@darostudio.com\",\"legalName\":\"DARO studio LLC\",\"foundingDate\":\"2021-02-16\",\"numberOfEmployees\":{\"@type\":\"QuantitativeValue\",\"minValue\":\"1\",\"maxValue\":\"10\"},\"publishingPrinciples\":\"https:\\\/\\\/cinema.video\\\/about\"},{\"@type\":\"Person\",\"@id\":\"https:\\\/\\\/cinema.video\\\/it#\\\/schema\\\/person\\\/d5479fad8d0f2360000eb4aab6bb6e5d\",\"name\":\"Carolina Mancini\",\"image\":{\"@type\":\"ImageObject\",\"inLanguage\":\"it-IT\",\"@id\":\"https:\\\/\\\/secure.gravatar.com\\\/avatar\\\/d4758965c5e8730dbaaa7131a628547771a26c1e5bf14fe323d96f8246a62baf?s=96&d=mm&r=g\",\"url\":\"https:\\\/\\\/secure.gravatar.com\\\/avatar\\\/d4758965c5e8730dbaaa7131a628547771a26c1e5bf14fe323d96f8246a62baf?s=96&d=mm&r=g\",\"contentUrl\":\"https:\\\/\\\/secure.gravatar.com\\\/avatar\\\/d4758965c5e8730dbaaa7131a628547771a26c1e5bf14fe323d96f8246a62baf?s=96&d=mm&r=g\",\"caption\":\"Carolina Mancini\"},\"url\":\"https:\\\/\\\/cinema.video\\\/it\\\/author\\\/carolin\"}]}<\/script>\n<!-- \/ Yoast SEO Premium plugin. -->","yoast_head_json":{"title":"C'\u00e8 un po' d'Italia nell'Orso d'Oro ad ALCARR\u00c0S - Cinema &amp; Video International","description":"C'\u00e8 un po' d'Italia nell'Orso d'Oro ad ALCARR\u00c0S \u2013 c un po ditalia nellorso doro. C\u2019\u00e8 anche un pezzo d\u2019Italia nel film che ha conquistato l\u2019Orso d\u2019Oro di q","robots":{"index":"index","follow":"follow","max-snippet":"max-snippet:-1","max-image-preview":"max-image-preview:large","max-video-preview":"max-video-preview:-1"},"canonical":"https:\/\/cinema.video\/it\/ce-un-po-ditalia-nellorso-doro-ad-alcarras","og_locale":"it_IT","og_type":"article","og_title":"C'\u00e8 un po' d'Italia nell'Orso d'Oro ad ALCARR\u00c0S","og_description":"C'\u00e8 un po' d'Italia nell'Orso d'Oro ad ALCARR\u00c0S \u2013 c un po ditalia nellorso doro. C\u2019\u00e8 anche un pezzo d\u2019Italia nel film che ha conquistato l\u2019Orso d\u2019Oro di q","og_url":"https:\/\/cinema.video\/it\/ce-un-po-ditalia-nellorso-doro-ad-alcarras","og_site_name":"Cinema &amp; Video International","article_publisher":"https:\/\/www.facebook.com\/CinemaVideoInternational\/","article_published_time":"2022-02-17T10:44:32+00:00","article_modified_time":"2026-04-10T01:56:38+00:00","og_image":[{"width":800,"height":500,"url":"https:\/\/cinema.video\/wp-content\/uploads\/2022\/02\/vincitori-e1645092493836.png","type":"image\/png"}],"author":"Carolina Mancini","twitter_card":"summary_large_image","twitter_misc":{"Scritto da":"Carolina Mancini","Tempo di lettura stimato":"4 minuti"},"schema":{"@context":"https:\/\/schema.org","@graph":[{"@type":"Article","@id":"https:\/\/cinema.video\/it\/ce-un-po-ditalia-nellorso-doro-ad-alcarras#article","isPartOf":{"@id":"https:\/\/cinema.video\/it\/ce-un-po-ditalia-nellorso-doro-ad-alcarras"},"author":{"name":"Carolina Mancini","@id":"https:\/\/cinema.video\/it#\/schema\/person\/d5479fad8d0f2360000eb4aab6bb6e5d"},"headline":"C&#8217;\u00e8 un po&#8217; d&#8217;Italia nell&#8217;Orso d&#8217;Oro ad ALCARR\u00c0S","datePublished":"2022-02-17T10:44:32+00:00","dateModified":"2026-04-10T01:56:38+00:00","mainEntityOfPage":{"@id":"https:\/\/cinema.video\/it\/ce-un-po-ditalia-nellorso-doro-ad-alcarras"},"wordCount":728,"publisher":{"@id":"https:\/\/cinema.video\/it#organization"},"image":{"@id":"https:\/\/cinema.video\/it\/ce-un-po-ditalia-nellorso-doro-ad-alcarras#primaryimage"},"thumbnailUrl":"https:\/\/cinema.video\/wp-content\/uploads\/2022\/02\/vincitori-e1645092493836.png","keywords":["BERLINALE - EFM","Eurimages","Sicilia Film Commission","TORINO FILM FESTIVAL"],"inLanguage":"it-IT"},{"@type":"WebPage","@id":"https:\/\/cinema.video\/it\/ce-un-po-ditalia-nellorso-doro-ad-alcarras","url":"https:\/\/cinema.video\/it\/ce-un-po-ditalia-nellorso-doro-ad-alcarras","name":"C'\u00e8 un po' d'Italia nell'Orso d'Oro ad ALCARR\u00c0S - Cinema &amp; Video International","isPartOf":{"@id":"https:\/\/cinema.video\/it#website"},"primaryImageOfPage":{"@id":"https:\/\/cinema.video\/it\/ce-un-po-ditalia-nellorso-doro-ad-alcarras#primaryimage"},"image":{"@id":"https:\/\/cinema.video\/it\/ce-un-po-ditalia-nellorso-doro-ad-alcarras#primaryimage"},"thumbnailUrl":"https:\/\/cinema.video\/wp-content\/uploads\/2022\/02\/vincitori-e1645092493836.png","datePublished":"2022-02-17T10:44:32+00:00","dateModified":"2026-04-10T01:56:38+00:00","description":"C'\u00e8 un po' d'Italia nell'Orso d'Oro ad ALCARR\u00c0S \u2013 c un po ditalia nellorso doro. C\u2019\u00e8 anche un pezzo d\u2019Italia nel film che ha conquistato l\u2019Orso d\u2019Oro di q","breadcrumb":{"@id":"https:\/\/cinema.video\/it\/ce-un-po-ditalia-nellorso-doro-ad-alcarras#breadcrumb"},"inLanguage":"it-IT","potentialAction":[{"@type":"ReadAction","target":["https:\/\/cinema.video\/it\/ce-un-po-ditalia-nellorso-doro-ad-alcarras"]}]},{"@type":"ImageObject","inLanguage":"it-IT","@id":"https:\/\/cinema.video\/it\/ce-un-po-ditalia-nellorso-doro-ad-alcarras#primaryimage","url":"https:\/\/cinema.video\/wp-content\/uploads\/2022\/02\/vincitori-e1645092493836.png","contentUrl":"https:\/\/cinema.video\/wp-content\/uploads\/2022\/02\/vincitori-e1645092493836.png","width":800,"height":500},{"@type":"BreadcrumbList","@id":"https:\/\/cinema.video\/it\/ce-un-po-ditalia-nellorso-doro-ad-alcarras#breadcrumb","itemListElement":[{"@type":"ListItem","position":1,"name":"Home","item":"https:\/\/cinema.video\/it"},{"@type":"ListItem","position":2,"name":"C&#8217;\u00e8 un po&#8217; d&#8217;Italia nell&#8217;Orso d&#8217;Oro ad ALCARR\u00c0S"}]},{"@type":"WebSite","@id":"https:\/\/cinema.video\/it#website","url":"https:\/\/cinema.video\/it","name":"Cinema & Video International","description":"Film &amp; Audiovisual B2B Industry Trade Platform Magazine","publisher":{"@id":"https:\/\/cinema.video\/it#organization"},"alternateName":"Cinema & Video","potentialAction":[{"@type":"SearchAction","target":{"@type":"EntryPoint","urlTemplate":"https:\/\/cinema.video\/it?s={search_term_string}"},"query-input":{"@type":"PropertyValueSpecification","valueRequired":true,"valueName":"search_term_string"}}],"inLanguage":"it-IT"},{"@type":"Organization","@id":"https:\/\/cinema.video\/it#organization","name":"Cinema & Video","url":"https:\/\/cinema.video\/it","logo":{"@type":"ImageObject","inLanguage":"it-IT","@id":"https:\/\/cinema.video\/it#\/schema\/logo\/image\/","url":"https:\/\/cinema.video\/wp-content\/uploads\/2026\/04\/CinemVideo_LogoBlack.png","contentUrl":"https:\/\/cinema.video\/wp-content\/uploads\/2026\/04\/CinemVideo_LogoBlack.png","width":1336,"height":224,"caption":"Cinema & Video"},"image":{"@id":"https:\/\/cinema.video\/it#\/schema\/logo\/image\/"},"sameAs":["https:\/\/www.facebook.com\/CinemaVideoInternational\/","https:\/\/www.instagram.com\/cinemaevideointernational\/","https:\/\/it.linkedin.com\/company\/cinema-video-international"],"description":"Media Consulting & Marketing Agency","email":"hello@darostudio.com","legalName":"DARO studio LLC","foundingDate":"2021-02-16","numberOfEmployees":{"@type":"QuantitativeValue","minValue":"1","maxValue":"10"},"publishingPrinciples":"https:\/\/cinema.video\/about"},{"@type":"Person","@id":"https:\/\/cinema.video\/it#\/schema\/person\/d5479fad8d0f2360000eb4aab6bb6e5d","name":"Carolina Mancini","image":{"@type":"ImageObject","inLanguage":"it-IT","@id":"https:\/\/secure.gravatar.com\/avatar\/d4758965c5e8730dbaaa7131a628547771a26c1e5bf14fe323d96f8246a62baf?s=96&d=mm&r=g","url":"https:\/\/secure.gravatar.com\/avatar\/d4758965c5e8730dbaaa7131a628547771a26c1e5bf14fe323d96f8246a62baf?s=96&d=mm&r=g","contentUrl":"https:\/\/secure.gravatar.com\/avatar\/d4758965c5e8730dbaaa7131a628547771a26c1e5bf14fe323d96f8246a62baf?s=96&d=mm&r=g","caption":"Carolina Mancini"},"url":"https:\/\/cinema.video\/it\/author\/carolin"}]}},"jetpack_shortlink":"https:\/\/wp.me\/ph672m-1dLA","jetpack_featured_media_url":"https:\/\/cinema.video\/wp-content\/uploads\/2022\/02\/vincitori-e1645092493836.png","_links":{"self":[{"href":"https:\/\/cinema.video\/it\/wp-json\/wp\/v2\/posts\/291250","targetHints":{"allow":["GET"]}}],"collection":[{"href":"https:\/\/cinema.video\/it\/wp-json\/wp\/v2\/posts"}],"about":[{"href":"https:\/\/cinema.video\/it\/wp-json\/wp\/v2\/types\/post"}],"author":[{"embeddable":true,"href":"https:\/\/cinema.video\/it\/wp-json\/wp\/v2\/users\/2"}],"replies":[{"embeddable":true,"href":"https:\/\/cinema.video\/it\/wp-json\/wp\/v2\/comments?post=291250"}],"version-history":[{"count":1,"href":"https:\/\/cinema.video\/it\/wp-json\/wp\/v2\/posts\/291250\/revisions"}],"predecessor-version":[{"id":308539,"href":"https:\/\/cinema.video\/it\/wp-json\/wp\/v2\/posts\/291250\/revisions\/308539"}],"wp:featuredmedia":[{"embeddable":true,"href":"https:\/\/cinema.video\/it\/wp-json\/wp\/v2\/media\/291252"}],"wp:attachment":[{"href":"https:\/\/cinema.video\/it\/wp-json\/wp\/v2\/media?parent=291250"}],"wp:term":[{"taxonomy":"category","embeddable":true,"href":"https:\/\/cinema.video\/it\/wp-json\/wp\/v2\/categories?post=291250"},{"taxonomy":"post_tag","embeddable":true,"href":"https:\/\/cinema.video\/it\/wp-json\/wp\/v2\/tags?post=291250"}],"curies":[{"name":"wp","href":"https:\/\/api.w.org\/{rel}","templated":true}]}}