{"id":291058,"date":"2022-01-17T19:32:26","date_gmt":"2022-01-17T18:32:26","guid":{"rendered":"https:\/\/cinema.video\/?p=291058"},"modified":"2026-04-10T03:56:17","modified_gmt":"2026-04-10T01:56:17","slug":"liguria-blanca-dalla-rai-a-netflix","status":"publish","type":"post","link":"https:\/\/cinema.video\/it\/liguria-blanca-dalla-rai-a-netflix","title":{"rendered":"LIGURIA Blanca dalla RAI a Netflix"},"content":{"rendered":"\n<p class=\"wp-block-paragraph\">\u00c9 approdata anche su <strong>Netflix<\/strong>\u00a0<strong><em>Blanca<\/em><\/strong>,\u00a0la serie diretta da Jan Michelini, e prodotta da\u00a0<strong>Lux Vide<\/strong>\u00a0per\u00a0<strong>RAI Fiction<\/strong>, che si \u00e8 piazzata al primo posto secondo i dati audience d\u2019autunno, con una media di 5,5 milioni di\u00a0spettatori e il 25,5% di share: un\u2019importante occasione di visibilit\u00e0 per Genova e la Liguria, set della serie, adesso ulteriormente amplificata dalla piattaforma streaming.<\/p>\n\n\n\n<p class=\"wp-block-paragraph\"><em>Blanca \u00e8 un\u00a0<\/em>crime drama in sei puntate, liberamente tratto dall\u2019omonimo romanzo di Patrizia Rinaldi, che ha per protagonista una giovane donna non vedente che corona il suo sogno di diventare consulente di polizia. <\/p>\n\n\n\n<p class=\"wp-block-paragraph\">\u00c9 uno dei fiori all\u2019occhiello dell\u2019anno appena trascorso per\u00a0<strong>Genova Liguria Film Commission<\/strong>, che\u00a0ha assistito la produzione per 18 mesi, dalla scelta delle location a tutti gli aspetti tecnici delle\u00a0\u00a0cinque settimane di riprese.\u00a0<br>28 i giorni di sopralluoghi in 3 province hanno portato a individuare 60 location in 6 Comuni diversi: Genova, Arenzano, Bogliasco Dolceacqua, Finale Ligure e Camogli, dove si trova la casa della protagonista.\u00a0<\/p>\n\n\n\n<p class=\"wp-block-paragraph\">Nella serie \u00e8 ben visibile anche il&nbsp;Nuovo Ponte San Giorgio: gran parte della&nbsp;prima puntata \u00e8 ambientata infatti nel quartiere Certosa, dove \u00e8 stato costruito.<\/p>\n\n\n\n<p class=\"wp-block-paragraph\">Tutto questo ha generato&nbsp;2000 giornate di lavoro sul territorio, 1500 notti d\u2019albergo e il coinvolgimento di molti liguri, fra maestranze e fornitori di servizi.&nbsp;<\/p>\n","protected":false},"excerpt":{"rendered":"<p>\u00c9 approdata anche su Netflix\u00a0Blanca,\u00a0la serie prodotta da\u00a0Lux Vide\u00a0per\u00a0RAI Fiction e realizzata anche con il supporto di Genova Liguria Film Commission. Fra le locations, anche il Nuovo Ponte San Giorgio<\/p>\n","protected":false},"author":26,"featured_media":291059,"comment_status":"closed","ping_status":"closed","sticky":false,"template":"","format":"standard","meta":{"googlesitekit_rrm_CAow3e7fCw:productID":"","_crdt_document":"","footnotes":""},"categories":[215],"tags":[2339,356,304,2338,893,433],"class_list":{"0":"post-291058","1":"post","2":"type-post","3":"status-publish","4":"format-standard","5":"has-post-thumbnail","7":"category-film-commissions","8":"tag-film-commissions","9":"tag-focus","10":"tag-genova-liguria-film-commission","11":"tag-locations","12":"tag-lux-vide","13":"tag-rai"},"yoast_head":"<!-- This site is optimized with the Yoast SEO Premium plugin v27.4 (Yoast SEO v27.5) - https:\/\/yoast.com\/product\/yoast-seo-premium-wordpress\/ -->\n<title>LIGURIA Blanca dalla RAI a Netflix - Cinema &amp; Video International<\/title>\n<meta name=\"description\" content=\"LIGURIA Blanca dalla RAI a Netflix \u2013 liguria blanca dalla rai a netflix. \u00c9 approdata anche su Netflix\u00a0Blanca,\u00a0la serie diretta da Jan Michelini, e prodott\" \/>\n<meta name=\"robots\" content=\"index, follow, max-snippet:-1, max-image-preview:large, max-video-preview:-1\" \/>\n<link rel=\"canonical\" href=\"https:\/\/cinema.video\/it\/liguria-blanca-dalla-rai-a-netflix\" \/>\n<meta property=\"og:locale\" content=\"it_IT\" \/>\n<meta property=\"og:type\" content=\"article\" \/>\n<meta property=\"og:title\" content=\"LIGURIA Blanca dalla RAI a Netflix\" \/>\n<meta property=\"og:description\" content=\"LIGURIA Blanca dalla RAI a Netflix \u2013 liguria blanca dalla rai a netflix. \u00c9 approdata anche su Netflix\u00a0Blanca,\u00a0la serie diretta da Jan Michelini, e prodott\" \/>\n<meta property=\"og:url\" content=\"https:\/\/cinema.video\/it\/liguria-blanca-dalla-rai-a-netflix\" \/>\n<meta property=\"og:site_name\" content=\"Cinema &amp; Video International\" \/>\n<meta property=\"article:publisher\" content=\"https:\/\/www.facebook.com\/CinemaVideoInternational\/\" \/>\n<meta property=\"article:published_time\" content=\"2022-01-17T18:32:26+00:00\" \/>\n<meta property=\"article:modified_time\" content=\"2026-04-10T01:56:17+00:00\" \/>\n<meta property=\"og:image\" content=\"https:\/\/cinema.video\/wp-content\/uploads\/2022\/01\/IMG-20211213-WA0008.jpg\" \/>\n\t<meta property=\"og:image:width\" content=\"1126\" \/>\n\t<meta property=\"og:image:height\" content=\"744\" \/>\n\t<meta property=\"og:image:type\" content=\"image\/jpeg\" \/>\n<meta name=\"author\" content=\"Redazione\" \/>\n<meta name=\"twitter:card\" content=\"summary_large_image\" \/>\n<meta name=\"twitter:label1\" content=\"Scritto da\" \/>\n\t<meta name=\"twitter:data1\" content=\"Redazione\" \/>\n\t<meta name=\"twitter:label2\" content=\"Tempo di lettura stimato\" \/>\n\t<meta name=\"twitter:data2\" content=\"1 minuto\" \/>\n<script type=\"application\/ld+json\" class=\"yoast-schema-graph\">{\"@context\":\"https:\\\/\\\/schema.org\",\"@graph\":[{\"@type\":\"Article\",\"@id\":\"https:\\\/\\\/cinema.video\\\/it\\\/liguria-blanca-dalla-rai-a-netflix#article\",\"isPartOf\":{\"@id\":\"https:\\\/\\\/cinema.video\\\/it\\\/liguria-blanca-dalla-rai-a-netflix\"},\"author\":{\"name\":\"Redazione\",\"@id\":\"https:\\\/\\\/cinema.video\\\/it#\\\/schema\\\/person\\\/aeb01b91d874e8b01e76a1db04c668c6\"},\"headline\":\"LIGURIA Blanca dalla RAI a Netflix\",\"datePublished\":\"2022-01-17T18:32:26+00:00\",\"dateModified\":\"2026-04-10T01:56:17+00:00\",\"mainEntityOfPage\":{\"@id\":\"https:\\\/\\\/cinema.video\\\/it\\\/liguria-blanca-dalla-rai-a-netflix\"},\"wordCount\":216,\"publisher\":{\"@id\":\"https:\\\/\\\/cinema.video\\\/it#organization\"},\"image\":{\"@id\":\"https:\\\/\\\/cinema.video\\\/it\\\/liguria-blanca-dalla-rai-a-netflix#primaryimage\"},\"thumbnailUrl\":\"https:\\\/\\\/cinema.video\\\/wp-content\\\/uploads\\\/2022\\\/01\\\/IMG-20211213-WA0008.jpg\",\"keywords\":[\"FILM COMMISSIONS\",\"focus\",\"GENOVA LIGURIA FILM COMMISSION\",\"LOCATIONS\",\"Lux Vide\",\"RAI\"],\"articleSection\":[\"FILM COMMISSIONS\"],\"inLanguage\":\"it-IT\"},{\"@type\":\"WebPage\",\"@id\":\"https:\\\/\\\/cinema.video\\\/it\\\/liguria-blanca-dalla-rai-a-netflix\",\"url\":\"https:\\\/\\\/cinema.video\\\/it\\\/liguria-blanca-dalla-rai-a-netflix\",\"name\":\"LIGURIA Blanca dalla RAI a Netflix - Cinema &amp; Video International\",\"isPartOf\":{\"@id\":\"https:\\\/\\\/cinema.video\\\/it#website\"},\"primaryImageOfPage\":{\"@id\":\"https:\\\/\\\/cinema.video\\\/it\\\/liguria-blanca-dalla-rai-a-netflix#primaryimage\"},\"image\":{\"@id\":\"https:\\\/\\\/cinema.video\\\/it\\\/liguria-blanca-dalla-rai-a-netflix#primaryimage\"},\"thumbnailUrl\":\"https:\\\/\\\/cinema.video\\\/wp-content\\\/uploads\\\/2022\\\/01\\\/IMG-20211213-WA0008.jpg\",\"datePublished\":\"2022-01-17T18:32:26+00:00\",\"dateModified\":\"2026-04-10T01:56:17+00:00\",\"description\":\"LIGURIA Blanca dalla RAI a Netflix \u2013 liguria blanca dalla rai a netflix. \u00c9 approdata anche su Netflix\u00a0Blanca,\u00a0la serie diretta da Jan Michelini, e prodott\",\"breadcrumb\":{\"@id\":\"https:\\\/\\\/cinema.video\\\/it\\\/liguria-blanca-dalla-rai-a-netflix#breadcrumb\"},\"inLanguage\":\"it-IT\",\"potentialAction\":[{\"@type\":\"ReadAction\",\"target\":[\"https:\\\/\\\/cinema.video\\\/it\\\/liguria-blanca-dalla-rai-a-netflix\"]}]},{\"@type\":\"ImageObject\",\"inLanguage\":\"it-IT\",\"@id\":\"https:\\\/\\\/cinema.video\\\/it\\\/liguria-blanca-dalla-rai-a-netflix#primaryimage\",\"url\":\"https:\\\/\\\/cinema.video\\\/wp-content\\\/uploads\\\/2022\\\/01\\\/IMG-20211213-WA0008.jpg\",\"contentUrl\":\"https:\\\/\\\/cinema.video\\\/wp-content\\\/uploads\\\/2022\\\/01\\\/IMG-20211213-WA0008.jpg\",\"width\":1126,\"height\":744},{\"@type\":\"BreadcrumbList\",\"@id\":\"https:\\\/\\\/cinema.video\\\/it\\\/liguria-blanca-dalla-rai-a-netflix#breadcrumb\",\"itemListElement\":[{\"@type\":\"ListItem\",\"position\":1,\"name\":\"Home\",\"item\":\"https:\\\/\\\/cinema.video\\\/it\\\/home-2\"},{\"@type\":\"ListItem\",\"position\":2,\"name\":\"LIGURIA Blanca dalla RAI a Netflix\"}]},{\"@type\":\"WebSite\",\"@id\":\"https:\\\/\\\/cinema.video\\\/it#website\",\"url\":\"https:\\\/\\\/cinema.video\\\/it\",\"name\":\"Cinema & Video International\",\"description\":\"Film &amp; Audiovisual Industry Trade Magazine\",\"publisher\":{\"@id\":\"https:\\\/\\\/cinema.video\\\/it#organization\"},\"alternateName\":\"Cinema & Video\",\"potentialAction\":[{\"@type\":\"SearchAction\",\"target\":{\"@type\":\"EntryPoint\",\"urlTemplate\":\"https:\\\/\\\/cinema.video\\\/it?s={search_term_string}\"},\"query-input\":{\"@type\":\"PropertyValueSpecification\",\"valueRequired\":true,\"valueName\":\"search_term_string\"}}],\"inLanguage\":\"it-IT\"},{\"@type\":\"Organization\",\"@id\":\"https:\\\/\\\/cinema.video\\\/it#organization\",\"name\":\"Cinema & Video\",\"url\":\"https:\\\/\\\/cinema.video\\\/it\",\"logo\":{\"@type\":\"ImageObject\",\"inLanguage\":\"it-IT\",\"@id\":\"https:\\\/\\\/cinema.video\\\/it#\\\/schema\\\/logo\\\/image\\\/\",\"url\":\"https:\\\/\\\/cinema.video\\\/wp-content\\\/uploads\\\/2026\\\/04\\\/CinemVideo_LogoBlack.png\",\"contentUrl\":\"https:\\\/\\\/cinema.video\\\/wp-content\\\/uploads\\\/2026\\\/04\\\/CinemVideo_LogoBlack.png\",\"width\":1336,\"height\":224,\"caption\":\"Cinema & Video\"},\"image\":{\"@id\":\"https:\\\/\\\/cinema.video\\\/it#\\\/schema\\\/logo\\\/image\\\/\"},\"sameAs\":[\"https:\\\/\\\/www.facebook.com\\\/CinemaVideoInternational\\\/\",\"https:\\\/\\\/www.instagram.com\\\/cinemaevideointernational\\\/\",\"https:\\\/\\\/it.linkedin.com\\\/company\\\/cinema-video-international\"],\"description\":\"Media Consulting & Marketing Agency\",\"email\":\"hello@darostudio.com\",\"legalName\":\"DARO studio LLC\",\"foundingDate\":\"2021-02-16\",\"numberOfEmployees\":{\"@type\":\"QuantitativeValue\",\"minValue\":\"1\",\"maxValue\":\"10\"}},{\"@type\":\"Person\",\"@id\":\"https:\\\/\\\/cinema.video\\\/it#\\\/schema\\\/person\\\/aeb01b91d874e8b01e76a1db04c668c6\",\"name\":\"Redazione\",\"image\":{\"@type\":\"ImageObject\",\"inLanguage\":\"it-IT\",\"@id\":\"https:\\\/\\\/secure.gravatar.com\\\/avatar\\\/06ad6f92eb14745b75fb592cadf8139d33242d81c9c8b085133c450aaf0b9731?s=96&d=mm&r=g\",\"url\":\"https:\\\/\\\/secure.gravatar.com\\\/avatar\\\/06ad6f92eb14745b75fb592cadf8139d33242d81c9c8b085133c450aaf0b9731?s=96&d=mm&r=g\",\"contentUrl\":\"https:\\\/\\\/secure.gravatar.com\\\/avatar\\\/06ad6f92eb14745b75fb592cadf8139d33242d81c9c8b085133c450aaf0b9731?s=96&d=mm&r=g\",\"caption\":\"Redazione\"},\"url\":\"https:\\\/\\\/cinema.video\\\/it\\\/author\\\/redazione\"}]}<\/script>\n<!-- \/ Yoast SEO Premium plugin. -->","yoast_head_json":{"title":"LIGURIA Blanca dalla RAI a Netflix - Cinema &amp; Video International","description":"LIGURIA Blanca dalla RAI a Netflix \u2013 liguria blanca dalla rai a netflix. \u00c9 approdata anche su Netflix\u00a0Blanca,\u00a0la serie diretta da Jan Michelini, e prodott","robots":{"index":"index","follow":"follow","max-snippet":"max-snippet:-1","max-image-preview":"max-image-preview:large","max-video-preview":"max-video-preview:-1"},"canonical":"https:\/\/cinema.video\/it\/liguria-blanca-dalla-rai-a-netflix","og_locale":"it_IT","og_type":"article","og_title":"LIGURIA Blanca dalla RAI a Netflix","og_description":"LIGURIA Blanca dalla RAI a Netflix \u2013 liguria blanca dalla rai a netflix. \u00c9 approdata anche su Netflix\u00a0Blanca,\u00a0la serie diretta da Jan Michelini, e prodott","og_url":"https:\/\/cinema.video\/it\/liguria-blanca-dalla-rai-a-netflix","og_site_name":"Cinema &amp; Video International","article_publisher":"https:\/\/www.facebook.com\/CinemaVideoInternational\/","article_published_time":"2022-01-17T18:32:26+00:00","article_modified_time":"2026-04-10T01:56:17+00:00","og_image":[{"width":1126,"height":744,"url":"https:\/\/cinema.video\/wp-content\/uploads\/2022\/01\/IMG-20211213-WA0008.jpg","type":"image\/jpeg"}],"author":"Redazione","twitter_card":"summary_large_image","twitter_misc":{"Scritto da":"Redazione","Tempo di lettura stimato":"1 minuto"},"schema":{"@context":"https:\/\/schema.org","@graph":[{"@type":"Article","@id":"https:\/\/cinema.video\/it\/liguria-blanca-dalla-rai-a-netflix#article","isPartOf":{"@id":"https:\/\/cinema.video\/it\/liguria-blanca-dalla-rai-a-netflix"},"author":{"name":"Redazione","@id":"https:\/\/cinema.video\/it#\/schema\/person\/aeb01b91d874e8b01e76a1db04c668c6"},"headline":"LIGURIA Blanca dalla RAI a Netflix","datePublished":"2022-01-17T18:32:26+00:00","dateModified":"2026-04-10T01:56:17+00:00","mainEntityOfPage":{"@id":"https:\/\/cinema.video\/it\/liguria-blanca-dalla-rai-a-netflix"},"wordCount":216,"publisher":{"@id":"https:\/\/cinema.video\/it#organization"},"image":{"@id":"https:\/\/cinema.video\/it\/liguria-blanca-dalla-rai-a-netflix#primaryimage"},"thumbnailUrl":"https:\/\/cinema.video\/wp-content\/uploads\/2022\/01\/IMG-20211213-WA0008.jpg","keywords":["FILM COMMISSIONS","focus","GENOVA LIGURIA FILM COMMISSION","LOCATIONS","Lux Vide","RAI"],"articleSection":["FILM COMMISSIONS"],"inLanguage":"it-IT"},{"@type":"WebPage","@id":"https:\/\/cinema.video\/it\/liguria-blanca-dalla-rai-a-netflix","url":"https:\/\/cinema.video\/it\/liguria-blanca-dalla-rai-a-netflix","name":"LIGURIA Blanca dalla RAI a Netflix - Cinema &amp; Video International","isPartOf":{"@id":"https:\/\/cinema.video\/it#website"},"primaryImageOfPage":{"@id":"https:\/\/cinema.video\/it\/liguria-blanca-dalla-rai-a-netflix#primaryimage"},"image":{"@id":"https:\/\/cinema.video\/it\/liguria-blanca-dalla-rai-a-netflix#primaryimage"},"thumbnailUrl":"https:\/\/cinema.video\/wp-content\/uploads\/2022\/01\/IMG-20211213-WA0008.jpg","datePublished":"2022-01-17T18:32:26+00:00","dateModified":"2026-04-10T01:56:17+00:00","description":"LIGURIA Blanca dalla RAI a Netflix \u2013 liguria blanca dalla rai a netflix. \u00c9 approdata anche su Netflix\u00a0Blanca,\u00a0la serie diretta da Jan Michelini, e prodott","breadcrumb":{"@id":"https:\/\/cinema.video\/it\/liguria-blanca-dalla-rai-a-netflix#breadcrumb"},"inLanguage":"it-IT","potentialAction":[{"@type":"ReadAction","target":["https:\/\/cinema.video\/it\/liguria-blanca-dalla-rai-a-netflix"]}]},{"@type":"ImageObject","inLanguage":"it-IT","@id":"https:\/\/cinema.video\/it\/liguria-blanca-dalla-rai-a-netflix#primaryimage","url":"https:\/\/cinema.video\/wp-content\/uploads\/2022\/01\/IMG-20211213-WA0008.jpg","contentUrl":"https:\/\/cinema.video\/wp-content\/uploads\/2022\/01\/IMG-20211213-WA0008.jpg","width":1126,"height":744},{"@type":"BreadcrumbList","@id":"https:\/\/cinema.video\/it\/liguria-blanca-dalla-rai-a-netflix#breadcrumb","itemListElement":[{"@type":"ListItem","position":1,"name":"Home","item":"https:\/\/cinema.video\/it\/home-2"},{"@type":"ListItem","position":2,"name":"LIGURIA Blanca dalla RAI a Netflix"}]},{"@type":"WebSite","@id":"https:\/\/cinema.video\/it#website","url":"https:\/\/cinema.video\/it","name":"Cinema & Video International","description":"Film &amp; Audiovisual Industry Trade Magazine","publisher":{"@id":"https:\/\/cinema.video\/it#organization"},"alternateName":"Cinema & Video","potentialAction":[{"@type":"SearchAction","target":{"@type":"EntryPoint","urlTemplate":"https:\/\/cinema.video\/it?s={search_term_string}"},"query-input":{"@type":"PropertyValueSpecification","valueRequired":true,"valueName":"search_term_string"}}],"inLanguage":"it-IT"},{"@type":"Organization","@id":"https:\/\/cinema.video\/it#organization","name":"Cinema & Video","url":"https:\/\/cinema.video\/it","logo":{"@type":"ImageObject","inLanguage":"it-IT","@id":"https:\/\/cinema.video\/it#\/schema\/logo\/image\/","url":"https:\/\/cinema.video\/wp-content\/uploads\/2026\/04\/CinemVideo_LogoBlack.png","contentUrl":"https:\/\/cinema.video\/wp-content\/uploads\/2026\/04\/CinemVideo_LogoBlack.png","width":1336,"height":224,"caption":"Cinema & Video"},"image":{"@id":"https:\/\/cinema.video\/it#\/schema\/logo\/image\/"},"sameAs":["https:\/\/www.facebook.com\/CinemaVideoInternational\/","https:\/\/www.instagram.com\/cinemaevideointernational\/","https:\/\/it.linkedin.com\/company\/cinema-video-international"],"description":"Media Consulting & Marketing Agency","email":"hello@darostudio.com","legalName":"DARO studio LLC","foundingDate":"2021-02-16","numberOfEmployees":{"@type":"QuantitativeValue","minValue":"1","maxValue":"10"}},{"@type":"Person","@id":"https:\/\/cinema.video\/it#\/schema\/person\/aeb01b91d874e8b01e76a1db04c668c6","name":"Redazione","image":{"@type":"ImageObject","inLanguage":"it-IT","@id":"https:\/\/secure.gravatar.com\/avatar\/06ad6f92eb14745b75fb592cadf8139d33242d81c9c8b085133c450aaf0b9731?s=96&d=mm&r=g","url":"https:\/\/secure.gravatar.com\/avatar\/06ad6f92eb14745b75fb592cadf8139d33242d81c9c8b085133c450aaf0b9731?s=96&d=mm&r=g","contentUrl":"https:\/\/secure.gravatar.com\/avatar\/06ad6f92eb14745b75fb592cadf8139d33242d81c9c8b085133c450aaf0b9731?s=96&d=mm&r=g","caption":"Redazione"},"url":"https:\/\/cinema.video\/it\/author\/redazione"}]}},"jetpack_featured_media_url":"https:\/\/cinema.video\/wp-content\/uploads\/2022\/01\/IMG-20211213-WA0008.jpg","jetpack_shortlink":"https:\/\/wp.me\/ph672m-1dIu","_links":{"self":[{"href":"https:\/\/cinema.video\/it\/wp-json\/wp\/v2\/posts\/291058","targetHints":{"allow":["GET"]}}],"collection":[{"href":"https:\/\/cinema.video\/it\/wp-json\/wp\/v2\/posts"}],"about":[{"href":"https:\/\/cinema.video\/it\/wp-json\/wp\/v2\/types\/post"}],"author":[{"embeddable":true,"href":"https:\/\/cinema.video\/it\/wp-json\/wp\/v2\/users\/26"}],"replies":[{"embeddable":true,"href":"https:\/\/cinema.video\/it\/wp-json\/wp\/v2\/comments?post=291058"}],"version-history":[{"count":2,"href":"https:\/\/cinema.video\/it\/wp-json\/wp\/v2\/posts\/291058\/revisions"}],"predecessor-version":[{"id":308508,"href":"https:\/\/cinema.video\/it\/wp-json\/wp\/v2\/posts\/291058\/revisions\/308508"}],"wp:featuredmedia":[{"embeddable":true,"href":"https:\/\/cinema.video\/it\/wp-json\/wp\/v2\/media\/291059"}],"wp:attachment":[{"href":"https:\/\/cinema.video\/it\/wp-json\/wp\/v2\/media?parent=291058"}],"wp:term":[{"taxonomy":"category","embeddable":true,"href":"https:\/\/cinema.video\/it\/wp-json\/wp\/v2\/categories?post=291058"},{"taxonomy":"post_tag","embeddable":true,"href":"https:\/\/cinema.video\/it\/wp-json\/wp\/v2\/tags?post=291058"}],"curies":[{"name":"wp","href":"https:\/\/api.w.org\/{rel}","templated":true}]}}