{"id":291000,"date":"2022-01-11T11:54:22","date_gmt":"2022-01-11T10:54:22","guid":{"rendered":"https:\/\/cinema.video\/?p=291000"},"modified":"2026-04-10T03:56:12","modified_gmt":"2026-04-10T01:56:12","slug":"marche-due-ciak-sui-monti-sibillini","status":"publish","type":"post","link":"https:\/\/cinema.video\/it\/marche-due-ciak-sui-monti-sibillini","title":{"rendered":"MARCHE Due Ciak sui Monti Sibillini"},"content":{"rendered":"\n<p class=\"wp-block-paragraph\">Giuseppe e Sofia sono un vecchio allevatore e una giovane donna, che si ostinano a rimanere tra le montagne dove sono nati, per non perdere la speranza e dare un senso alle proprie vite. <br>La trama \u00e8 quella di&nbsp;<strong><em>Neve e sangue<\/em><\/strong>&nbsp;opera prima del regista marchigiano <strong>Giorgio Cingolani<\/strong>, prodotta da <strong>Arbash<\/strong>, un film di finzione che si ispira per\u00f2 a una storia vera e&nbsp;&nbsp;affronta  il tema del terrremoto che nel 2016 ha colpito le Marche, e della mancata ricostruzione che ne \u00e8 conseguita, e che ha costretto&nbsp;la gente a vivere nelle casette prefabbricate, parlando anche dello spopolamento delle montagne, che rischiano di desertificare, sia fisicamente che culturalmente, interi territori del nostro paese.<br><br>Le riprese, iniziate ieri, 10 gennaio, interessano le zone di&nbsp;Visso, Ussita e Castel Sant\u2019Angelo sul Nera, e le montagne limitrofe (monti Sibillini), e sono realizzate anche con il&nbsp;sostegno della <strong>Regione Marche<\/strong> attraverso il Bando Filiera Cineaudiovisiva \u2013 Fondi POR FESR 2014-2020, e di <strong>Marche Film Commission \u2013 Fondazione Marche Cultura<\/strong>. <br>Il regista e&nbsp;antropologo recanatese ha voluto dare al film un taglio documentaristico scegliendo come attori gli abitanti delle zone terremotate.<\/p>\n\n\n\n<p class=\"wp-block-paragraph\">Altro set che ha battuto ieri il primo ciak sui Monti Sibillini,&nbsp;a Torchiaro, piccolo borgo in provincia di Fermo, \u00e8&nbsp;<em><strong>Castelrotto<\/strong><\/em>, commedia nera investigativa, esordio alla regia di&nbsp;<strong>Damiano Giacomelli<\/strong>.<\/p>\n\n\n\n<p class=\"wp-block-paragraph\">Il film, interpretato da\u00a0Giorgio Colangeli, Denise Tantucci, Fabrizio Ferracane, Giorgio Montanini, Antonella Attili, Mirco Abbruzzetti, Stanley Igbokwe, Ermanno De Biagi, ha per protagonista<strong>\u00a0<\/strong>Ottone un ex cronista e maestro elementare in pensione del paesino appenninico di\u00a0Castelrotto, che d\u2019improvviso viene sconvolto da una terribile vicenda. Il progetto \u00e8 risultato vincitore del bando 2019 di sostegno alla produzione cinematografica della Regione Marche \u2013 Marche Film Commission, regione dove risiedono tutti i capo reparto e gran parte delle maestranze coinvolte nella realizzazione del film.<br>E&#8217; prodotto anche dalla marchigiana <strong>YUK! film<\/strong>, dello stesso regista, che \u00e8 anche fondatore della scuola di cinema Officine Matt\u00f2li, dove dal 2010 coordina il corso di filmmaking. L&#8217;uscita nelle sale \u00e8 prevista tra la fine dell\u2019anno e l\u2019inizio del 2023.<\/p>\n","protected":false},"excerpt":{"rendered":"<p>&#8220;Neve e Sangue&#8221; di Giorgio Cingolani e &#8220;Castelrotto&#8221; di Damiano Giacomelli sono due opere prime sostenute anche da Regione Marche e da Marche Film Commission \u2013 Fondazione Marche Cultura. <\/p>\n","protected":false},"author":26,"featured_media":291002,"comment_status":"closed","ping_status":"closed","sticky":false,"template":"","format":"standard","meta":{"googlesitekit_rrm_CAow3e7fCw:productID":"","_wpcom_ai_launchpad_first_post":false,"footnotes":"","jetpack_post_was_ever_published":false},"categories":[1],"tags":[356,509],"class_list":["post-291000","post","type-post","status-publish","format-standard","has-post-thumbnail","category-senza-categoria","tag-focus","tag-marche-film-commission"],"yoast_head":"<!-- This site is optimized with the Yoast SEO Premium plugin v28.3 (Yoast SEO v28.3) - https:\/\/yoast.com\/product\/yoast-seo-premium-wordpress\/ -->\n<title>MARCHE Due Ciak sui Monti Sibillini - Cinema &amp; Video International<\/title>\n<meta name=\"description\" content=\"MARCHE Due Ciak sui Monti Sibillini \u2013 marche due ciak sui monti sibillini. Giuseppe e Sofia sono un vecchio allevatore e una giovane donna, che si ostinan\" \/>\n<meta name=\"robots\" content=\"index, follow, max-snippet:-1, max-image-preview:large, max-video-preview:-1\" \/>\n<link rel=\"canonical\" href=\"https:\/\/cinema.video\/it\/marche-due-ciak-sui-monti-sibillini\" \/>\n<meta property=\"og:locale\" content=\"it_IT\" \/>\n<meta property=\"og:type\" content=\"article\" \/>\n<meta property=\"og:title\" content=\"MARCHE Due Ciak sui Monti Sibillini\" \/>\n<meta property=\"og:description\" content=\"MARCHE Due Ciak sui Monti Sibillini \u2013 marche due ciak sui monti sibillini. Giuseppe e Sofia sono un vecchio allevatore e una giovane donna, che si ostinan\" \/>\n<meta property=\"og:url\" content=\"https:\/\/cinema.video\/it\/marche-due-ciak-sui-monti-sibillini\" \/>\n<meta property=\"og:site_name\" content=\"Cinema &amp; Video International\" \/>\n<meta property=\"article:publisher\" content=\"https:\/\/www.facebook.com\/CinemaVideoInternational\/\" \/>\n<meta property=\"article:published_time\" content=\"2022-01-11T10:54:22+00:00\" \/>\n<meta property=\"article:modified_time\" content=\"2026-04-10T01:56:12+00:00\" \/>\n<meta property=\"og:image\" content=\"https:\/\/cinema.video\/wp-content\/uploads\/2022\/01\/primo-ciak-neve-e-sangue-e1641898450586.jpg\" \/>\n\t<meta property=\"og:image:width\" content=\"800\" \/>\n\t<meta property=\"og:image:height\" content=\"600\" \/>\n\t<meta property=\"og:image:type\" content=\"image\/jpeg\" \/>\n<meta name=\"author\" content=\"Editorial\" \/>\n<meta name=\"twitter:card\" content=\"summary_large_image\" \/>\n<meta name=\"twitter:label1\" content=\"Scritto da\" \/>\n\t<meta name=\"twitter:data1\" content=\"Editorial\" \/>\n\t<meta name=\"twitter:label2\" content=\"Tempo di lettura stimato\" \/>\n\t<meta name=\"twitter:data2\" content=\"2 minuti\" \/>\n<script type=\"application\/ld+json\" class=\"yoast-schema-graph\">{\"@context\":\"https:\\\/\\\/schema.org\",\"@graph\":[{\"@type\":\"Article\",\"@id\":\"https:\\\/\\\/cinema.video\\\/it\\\/marche-due-ciak-sui-monti-sibillini#article\",\"isPartOf\":{\"@id\":\"https:\\\/\\\/cinema.video\\\/it\\\/marche-due-ciak-sui-monti-sibillini\"},\"author\":{\"name\":\"Editorial\",\"@id\":\"https:\\\/\\\/cinema.video\\\/it#\\\/schema\\\/person\\\/aeb01b91d874e8b01e76a1db04c668c6\"},\"headline\":\"MARCHE Due Ciak sui Monti Sibillini\",\"datePublished\":\"2022-01-11T10:54:22+00:00\",\"dateModified\":\"2026-04-10T01:56:12+00:00\",\"mainEntityOfPage\":{\"@id\":\"https:\\\/\\\/cinema.video\\\/it\\\/marche-due-ciak-sui-monti-sibillini\"},\"wordCount\":352,\"publisher\":{\"@id\":\"https:\\\/\\\/cinema.video\\\/it#organization\"},\"image\":{\"@id\":\"https:\\\/\\\/cinema.video\\\/it\\\/marche-due-ciak-sui-monti-sibillini#primaryimage\"},\"thumbnailUrl\":\"https:\\\/\\\/cinema.video\\\/wp-content\\\/uploads\\\/2022\\\/01\\\/primo-ciak-neve-e-sangue-e1641898450586.jpg\",\"keywords\":[\"focus\",\"Marche Film Commission\"],\"inLanguage\":\"it-IT\"},{\"@type\":\"WebPage\",\"@id\":\"https:\\\/\\\/cinema.video\\\/it\\\/marche-due-ciak-sui-monti-sibillini\",\"url\":\"https:\\\/\\\/cinema.video\\\/it\\\/marche-due-ciak-sui-monti-sibillini\",\"name\":\"MARCHE Due Ciak sui Monti Sibillini - Cinema &amp; Video International\",\"isPartOf\":{\"@id\":\"https:\\\/\\\/cinema.video\\\/it#website\"},\"primaryImageOfPage\":{\"@id\":\"https:\\\/\\\/cinema.video\\\/it\\\/marche-due-ciak-sui-monti-sibillini#primaryimage\"},\"image\":{\"@id\":\"https:\\\/\\\/cinema.video\\\/it\\\/marche-due-ciak-sui-monti-sibillini#primaryimage\"},\"thumbnailUrl\":\"https:\\\/\\\/cinema.video\\\/wp-content\\\/uploads\\\/2022\\\/01\\\/primo-ciak-neve-e-sangue-e1641898450586.jpg\",\"datePublished\":\"2022-01-11T10:54:22+00:00\",\"dateModified\":\"2026-04-10T01:56:12+00:00\",\"description\":\"MARCHE Due Ciak sui Monti Sibillini \u2013 marche due ciak sui monti sibillini. Giuseppe e Sofia sono un vecchio allevatore e una giovane donna, che si ostinan\",\"breadcrumb\":{\"@id\":\"https:\\\/\\\/cinema.video\\\/it\\\/marche-due-ciak-sui-monti-sibillini#breadcrumb\"},\"inLanguage\":\"it-IT\",\"potentialAction\":[{\"@type\":\"ReadAction\",\"target\":[\"https:\\\/\\\/cinema.video\\\/it\\\/marche-due-ciak-sui-monti-sibillini\"]}]},{\"@type\":\"ImageObject\",\"inLanguage\":\"it-IT\",\"@id\":\"https:\\\/\\\/cinema.video\\\/it\\\/marche-due-ciak-sui-monti-sibillini#primaryimage\",\"url\":\"https:\\\/\\\/cinema.video\\\/wp-content\\\/uploads\\\/2022\\\/01\\\/primo-ciak-neve-e-sangue-e1641898450586.jpg\",\"contentUrl\":\"https:\\\/\\\/cinema.video\\\/wp-content\\\/uploads\\\/2022\\\/01\\\/primo-ciak-neve-e-sangue-e1641898450586.jpg\",\"width\":800,\"height\":600},{\"@type\":\"BreadcrumbList\",\"@id\":\"https:\\\/\\\/cinema.video\\\/it\\\/marche-due-ciak-sui-monti-sibillini#breadcrumb\",\"itemListElement\":[{\"@type\":\"ListItem\",\"position\":1,\"name\":\"Home\",\"item\":\"https:\\\/\\\/cinema.video\\\/it\"},{\"@type\":\"ListItem\",\"position\":2,\"name\":\"MARCHE Due Ciak sui Monti Sibillini\"}]},{\"@type\":\"WebSite\",\"@id\":\"https:\\\/\\\/cinema.video\\\/it#website\",\"url\":\"https:\\\/\\\/cinema.video\\\/it\",\"name\":\"Cinema & Video International\",\"description\":\"Film &amp; Audiovisual B2B Industry Trade Platform Magazine\",\"publisher\":{\"@id\":\"https:\\\/\\\/cinema.video\\\/it#organization\"},\"alternateName\":\"Cinema & Video\",\"potentialAction\":[{\"@type\":\"SearchAction\",\"target\":{\"@type\":\"EntryPoint\",\"urlTemplate\":\"https:\\\/\\\/cinema.video\\\/it?s={search_term_string}\"},\"query-input\":{\"@type\":\"PropertyValueSpecification\",\"valueRequired\":true,\"valueName\":\"search_term_string\"}}],\"inLanguage\":\"it-IT\"},{\"@type\":\"Organization\",\"@id\":\"https:\\\/\\\/cinema.video\\\/it#organization\",\"name\":\"Cinema & Video\",\"url\":\"https:\\\/\\\/cinema.video\\\/it\",\"logo\":{\"@type\":\"ImageObject\",\"inLanguage\":\"it-IT\",\"@id\":\"https:\\\/\\\/cinema.video\\\/it#\\\/schema\\\/logo\\\/image\\\/\",\"url\":\"https:\\\/\\\/cinema.video\\\/wp-content\\\/uploads\\\/2026\\\/04\\\/CinemVideo_LogoBlack.png\",\"contentUrl\":\"https:\\\/\\\/cinema.video\\\/wp-content\\\/uploads\\\/2026\\\/04\\\/CinemVideo_LogoBlack.png\",\"width\":1336,\"height\":224,\"caption\":\"Cinema & Video\"},\"image\":{\"@id\":\"https:\\\/\\\/cinema.video\\\/it#\\\/schema\\\/logo\\\/image\\\/\"},\"sameAs\":[\"https:\\\/\\\/www.facebook.com\\\/CinemaVideoInternational\\\/\",\"https:\\\/\\\/www.instagram.com\\\/cinemaevideointernational\\\/\",\"https:\\\/\\\/it.linkedin.com\\\/company\\\/cinema-video-international\"],\"description\":\"Media Consulting & Marketing Agency\",\"email\":\"hello@darostudio.com\",\"legalName\":\"DARO studio LLC\",\"foundingDate\":\"2021-02-16\",\"numberOfEmployees\":{\"@type\":\"QuantitativeValue\",\"minValue\":\"1\",\"maxValue\":\"10\"},\"publishingPrinciples\":\"https:\\\/\\\/cinema.video\\\/about\"},{\"@type\":\"Person\",\"@id\":\"https:\\\/\\\/cinema.video\\\/it#\\\/schema\\\/person\\\/aeb01b91d874e8b01e76a1db04c668c6\",\"name\":\"Editorial\",\"image\":{\"@type\":\"ImageObject\",\"inLanguage\":\"it-IT\",\"@id\":\"https:\\\/\\\/secure.gravatar.com\\\/avatar\\\/06ad6f92eb14745b75fb592cadf8139d33242d81c9c8b085133c450aaf0b9731?s=96&d=mm&r=g\",\"url\":\"https:\\\/\\\/secure.gravatar.com\\\/avatar\\\/06ad6f92eb14745b75fb592cadf8139d33242d81c9c8b085133c450aaf0b9731?s=96&d=mm&r=g\",\"contentUrl\":\"https:\\\/\\\/secure.gravatar.com\\\/avatar\\\/06ad6f92eb14745b75fb592cadf8139d33242d81c9c8b085133c450aaf0b9731?s=96&d=mm&r=g\",\"caption\":\"Editorial\"},\"url\":\"https:\\\/\\\/cinema.video\\\/it\\\/author\\\/redazione\"}]}<\/script>\n<!-- \/ Yoast SEO Premium plugin. -->","yoast_head_json":{"title":"MARCHE Due Ciak sui Monti Sibillini - Cinema &amp; Video International","description":"MARCHE Due Ciak sui Monti Sibillini \u2013 marche due ciak sui monti sibillini. Giuseppe e Sofia sono un vecchio allevatore e una giovane donna, che si ostinan","robots":{"index":"index","follow":"follow","max-snippet":"max-snippet:-1","max-image-preview":"max-image-preview:large","max-video-preview":"max-video-preview:-1"},"canonical":"https:\/\/cinema.video\/it\/marche-due-ciak-sui-monti-sibillini","og_locale":"it_IT","og_type":"article","og_title":"MARCHE Due Ciak sui Monti Sibillini","og_description":"MARCHE Due Ciak sui Monti Sibillini \u2013 marche due ciak sui monti sibillini. Giuseppe e Sofia sono un vecchio allevatore e una giovane donna, che si ostinan","og_url":"https:\/\/cinema.video\/it\/marche-due-ciak-sui-monti-sibillini","og_site_name":"Cinema &amp; Video International","article_publisher":"https:\/\/www.facebook.com\/CinemaVideoInternational\/","article_published_time":"2022-01-11T10:54:22+00:00","article_modified_time":"2026-04-10T01:56:12+00:00","og_image":[{"width":800,"height":600,"url":"https:\/\/cinema.video\/wp-content\/uploads\/2022\/01\/primo-ciak-neve-e-sangue-e1641898450586.jpg","type":"image\/jpeg"}],"author":"Editorial","twitter_card":"summary_large_image","twitter_misc":{"Scritto da":"Editorial","Tempo di lettura stimato":"2 minuti"},"schema":{"@context":"https:\/\/schema.org","@graph":[{"@type":"Article","@id":"https:\/\/cinema.video\/it\/marche-due-ciak-sui-monti-sibillini#article","isPartOf":{"@id":"https:\/\/cinema.video\/it\/marche-due-ciak-sui-monti-sibillini"},"author":{"name":"Editorial","@id":"https:\/\/cinema.video\/it#\/schema\/person\/aeb01b91d874e8b01e76a1db04c668c6"},"headline":"MARCHE Due Ciak sui Monti Sibillini","datePublished":"2022-01-11T10:54:22+00:00","dateModified":"2026-04-10T01:56:12+00:00","mainEntityOfPage":{"@id":"https:\/\/cinema.video\/it\/marche-due-ciak-sui-monti-sibillini"},"wordCount":352,"publisher":{"@id":"https:\/\/cinema.video\/it#organization"},"image":{"@id":"https:\/\/cinema.video\/it\/marche-due-ciak-sui-monti-sibillini#primaryimage"},"thumbnailUrl":"https:\/\/cinema.video\/wp-content\/uploads\/2022\/01\/primo-ciak-neve-e-sangue-e1641898450586.jpg","keywords":["focus","Marche Film Commission"],"inLanguage":"it-IT"},{"@type":"WebPage","@id":"https:\/\/cinema.video\/it\/marche-due-ciak-sui-monti-sibillini","url":"https:\/\/cinema.video\/it\/marche-due-ciak-sui-monti-sibillini","name":"MARCHE Due Ciak sui Monti Sibillini - Cinema &amp; Video International","isPartOf":{"@id":"https:\/\/cinema.video\/it#website"},"primaryImageOfPage":{"@id":"https:\/\/cinema.video\/it\/marche-due-ciak-sui-monti-sibillini#primaryimage"},"image":{"@id":"https:\/\/cinema.video\/it\/marche-due-ciak-sui-monti-sibillini#primaryimage"},"thumbnailUrl":"https:\/\/cinema.video\/wp-content\/uploads\/2022\/01\/primo-ciak-neve-e-sangue-e1641898450586.jpg","datePublished":"2022-01-11T10:54:22+00:00","dateModified":"2026-04-10T01:56:12+00:00","description":"MARCHE Due Ciak sui Monti Sibillini \u2013 marche due ciak sui monti sibillini. Giuseppe e Sofia sono un vecchio allevatore e una giovane donna, che si ostinan","breadcrumb":{"@id":"https:\/\/cinema.video\/it\/marche-due-ciak-sui-monti-sibillini#breadcrumb"},"inLanguage":"it-IT","potentialAction":[{"@type":"ReadAction","target":["https:\/\/cinema.video\/it\/marche-due-ciak-sui-monti-sibillini"]}]},{"@type":"ImageObject","inLanguage":"it-IT","@id":"https:\/\/cinema.video\/it\/marche-due-ciak-sui-monti-sibillini#primaryimage","url":"https:\/\/cinema.video\/wp-content\/uploads\/2022\/01\/primo-ciak-neve-e-sangue-e1641898450586.jpg","contentUrl":"https:\/\/cinema.video\/wp-content\/uploads\/2022\/01\/primo-ciak-neve-e-sangue-e1641898450586.jpg","width":800,"height":600},{"@type":"BreadcrumbList","@id":"https:\/\/cinema.video\/it\/marche-due-ciak-sui-monti-sibillini#breadcrumb","itemListElement":[{"@type":"ListItem","position":1,"name":"Home","item":"https:\/\/cinema.video\/it"},{"@type":"ListItem","position":2,"name":"MARCHE Due Ciak sui Monti Sibillini"}]},{"@type":"WebSite","@id":"https:\/\/cinema.video\/it#website","url":"https:\/\/cinema.video\/it","name":"Cinema & Video International","description":"Film &amp; Audiovisual B2B Industry Trade Platform Magazine","publisher":{"@id":"https:\/\/cinema.video\/it#organization"},"alternateName":"Cinema & Video","potentialAction":[{"@type":"SearchAction","target":{"@type":"EntryPoint","urlTemplate":"https:\/\/cinema.video\/it?s={search_term_string}"},"query-input":{"@type":"PropertyValueSpecification","valueRequired":true,"valueName":"search_term_string"}}],"inLanguage":"it-IT"},{"@type":"Organization","@id":"https:\/\/cinema.video\/it#organization","name":"Cinema & Video","url":"https:\/\/cinema.video\/it","logo":{"@type":"ImageObject","inLanguage":"it-IT","@id":"https:\/\/cinema.video\/it#\/schema\/logo\/image\/","url":"https:\/\/cinema.video\/wp-content\/uploads\/2026\/04\/CinemVideo_LogoBlack.png","contentUrl":"https:\/\/cinema.video\/wp-content\/uploads\/2026\/04\/CinemVideo_LogoBlack.png","width":1336,"height":224,"caption":"Cinema & Video"},"image":{"@id":"https:\/\/cinema.video\/it#\/schema\/logo\/image\/"},"sameAs":["https:\/\/www.facebook.com\/CinemaVideoInternational\/","https:\/\/www.instagram.com\/cinemaevideointernational\/","https:\/\/it.linkedin.com\/company\/cinema-video-international"],"description":"Media Consulting & Marketing Agency","email":"hello@darostudio.com","legalName":"DARO studio LLC","foundingDate":"2021-02-16","numberOfEmployees":{"@type":"QuantitativeValue","minValue":"1","maxValue":"10"},"publishingPrinciples":"https:\/\/cinema.video\/about"},{"@type":"Person","@id":"https:\/\/cinema.video\/it#\/schema\/person\/aeb01b91d874e8b01e76a1db04c668c6","name":"Editorial","image":{"@type":"ImageObject","inLanguage":"it-IT","@id":"https:\/\/secure.gravatar.com\/avatar\/06ad6f92eb14745b75fb592cadf8139d33242d81c9c8b085133c450aaf0b9731?s=96&d=mm&r=g","url":"https:\/\/secure.gravatar.com\/avatar\/06ad6f92eb14745b75fb592cadf8139d33242d81c9c8b085133c450aaf0b9731?s=96&d=mm&r=g","contentUrl":"https:\/\/secure.gravatar.com\/avatar\/06ad6f92eb14745b75fb592cadf8139d33242d81c9c8b085133c450aaf0b9731?s=96&d=mm&r=g","caption":"Editorial"},"url":"https:\/\/cinema.video\/it\/author\/redazione"}]}},"jetpack_shortlink":"https:\/\/wp.me\/ph672m-1dHy","jetpack_featured_media_url":"https:\/\/cinema.video\/wp-content\/uploads\/2022\/01\/primo-ciak-neve-e-sangue-e1641898450586.jpg","_links":{"self":[{"href":"https:\/\/cinema.video\/it\/wp-json\/wp\/v2\/posts\/291000","targetHints":{"allow":["GET"]}}],"collection":[{"href":"https:\/\/cinema.video\/it\/wp-json\/wp\/v2\/posts"}],"about":[{"href":"https:\/\/cinema.video\/it\/wp-json\/wp\/v2\/types\/post"}],"author":[{"embeddable":true,"href":"https:\/\/cinema.video\/it\/wp-json\/wp\/v2\/users\/26"}],"replies":[{"embeddable":true,"href":"https:\/\/cinema.video\/it\/wp-json\/wp\/v2\/comments?post=291000"}],"version-history":[{"count":1,"href":"https:\/\/cinema.video\/it\/wp-json\/wp\/v2\/posts\/291000\/revisions"}],"predecessor-version":[{"id":308497,"href":"https:\/\/cinema.video\/it\/wp-json\/wp\/v2\/posts\/291000\/revisions\/308497"}],"wp:featuredmedia":[{"embeddable":true,"href":"https:\/\/cinema.video\/it\/wp-json\/wp\/v2\/media\/291002"}],"wp:attachment":[{"href":"https:\/\/cinema.video\/it\/wp-json\/wp\/v2\/media?parent=291000"}],"wp:term":[{"taxonomy":"category","embeddable":true,"href":"https:\/\/cinema.video\/it\/wp-json\/wp\/v2\/categories?post=291000"},{"taxonomy":"post_tag","embeddable":true,"href":"https:\/\/cinema.video\/it\/wp-json\/wp\/v2\/tags?post=291000"}],"curies":[{"name":"wp","href":"https:\/\/api.w.org\/{rel}","templated":true}]}}