{"id":290939,"date":"2021-12-16T10:22:55","date_gmt":"2021-12-16T09:22:55","guid":{"rendered":"https:\/\/cinema.video\/?p=290939"},"modified":"2026-04-10T03:56:06","modified_gmt":"2026-04-10T01:56:06","slug":"frammartino-guidera-la-locarno-spring-academy-2022","status":"publish","type":"post","link":"https:\/\/cinema.video\/it\/frammartino-guidera-la-locarno-spring-academy-2022","title":{"rendered":"Frammartino guider\u00e0 la Locarno SPRING ACADEMY 2022"},"content":{"rendered":"\n<p class=\"wp-block-paragraph\">C&#8217;\u00e8 tempo fino al 17 gennaio per candidarsi alla nuova edizione de <em>L\u2019immagine e la parola 2022<\/em>, la <strong>Spring Academy<\/strong> del <strong>Locarno Film Festival&nbsp;<\/strong>che avr\u00e0 per protagonista il regista <strong>Michelangelo Frammartino<\/strong>, ospite, e otto giovani filmmakers internazionali emergenti.<\/p>\n\n\n\n<p class=\"wp-block-paragraph\">Il programma del workshop, che si svolger\u00e0 dall&#8217;11 al 2 marzo, prevede una full immersion cinefila e cinematografica per riflettere su un\u2019immagine che non sia \u201csoltanto\u201d tale ma che possa ambire allo statuto di \u201ccosa\u201d Da qui il titolo, \u201cLet\u2019s make something!\u201d.<\/p>\n\n\n\n<p class=\"wp-block-paragraph\">Dopo il maestro ungherese B\u00e9la Tarr, che guid\u00f2 il workshop nel 2019, sar\u00e0 la volta del regista italiano de <em>Le quatto volte<\/em>&nbsp;e&nbsp;<em>Il buco<\/em>, che condurr\u00e0 questi dieci giorni tra teoria e pratica nel cuore del Ticino per realizzare 8 cortometraggi che saranno poi presentati al pubblico nel corso di Locarno75 (3-13 agosto), proprio come fu a Locarno72 con&nbsp;<em>Under the God<\/em>, il film a episodi realizzato dai partecipanti al workshop con B\u00e9la Tarr.<\/p>\n\n\n\n<p class=\"wp-block-paragraph\">La&nbsp;<strong>Spring Academy<\/strong>&nbsp;\u00e8 organizzata dal&nbsp;<strong>Locarno Film Festival&nbsp;<\/strong>e dal&nbsp;<strong>CISA<\/strong>(Conservatorio Internazionale di Scienze Audiovisive), in collaborazione con la&nbsp;<strong>Ticino Film Commission&nbsp;<\/strong>e grazie al supporto di&nbsp;<strong>RSI<\/strong>,&nbsp;<strong>PalaCinema<\/strong>&nbsp;e&nbsp;<strong>Hotel Du Lac.<\/strong> <\/p>\n\n\n\n<p class=\"wp-block-paragraph\">.<\/p>\n","protected":false},"excerpt":{"rendered":"<p>C&#8217;\u00e8 tempo fino al 17 gennaio per candidarsi alla nuova edizione de L\u2019immagine e la parola 2022, la Spring Academy del Locarno Film Festival\u00a0che sar\u00e0 condotta dal regista Michelangelo Frammartino,  e rivolta a otto giovani filmmakers internazionali emergenti.<\/p>\n","protected":false},"author":26,"featured_media":290940,"comment_status":"closed","ping_status":"closed","sticky":false,"template":"","format":"standard","meta":{"googlesitekit_rrm_CAow3e7fCw:productID":"","_crdt_document":"","footnotes":""},"categories":[215],"tags":[2339,356,2338,880],"class_list":{"0":"post-290939","1":"post","2":"type-post","3":"status-publish","4":"format-standard","5":"has-post-thumbnail","7":"category-film-commissions","8":"tag-film-commissions","9":"tag-focus","10":"tag-locations","11":"tag-ticino-film-commission"},"yoast_head":"<!-- This site is optimized with the Yoast SEO Premium plugin v27.4 (Yoast SEO v27.5) - https:\/\/yoast.com\/product\/yoast-seo-premium-wordpress\/ -->\n<title>Frammartino guider\u00e0 la Locarno SPRING ACADEMY 2022 - Cinema &amp; Video International<\/title>\n<meta name=\"description\" content=\"Frammartino guider\u00e0 la Locarno SPRING ACADEMY 2022 \u2013 frammartino guider la locarno spring academy. C&#039;\u00e8 tempo fino al 17 gennaio per candidarsi alla nuova\" \/>\n<meta name=\"robots\" content=\"index, follow, max-snippet:-1, max-image-preview:large, max-video-preview:-1\" \/>\n<link rel=\"canonical\" href=\"https:\/\/cinema.video\/it\/frammartino-guidera-la-locarno-spring-academy-2022\" \/>\n<meta property=\"og:locale\" content=\"it_IT\" \/>\n<meta property=\"og:type\" content=\"article\" \/>\n<meta property=\"og:title\" content=\"Frammartino guider\u00e0 la Locarno SPRING ACADEMY 2022\" \/>\n<meta property=\"og:description\" content=\"Frammartino guider\u00e0 la Locarno SPRING ACADEMY 2022 \u2013 frammartino guider la locarno spring academy. C&#039;\u00e8 tempo fino al 17 gennaio per candidarsi alla nuova\" \/>\n<meta property=\"og:url\" content=\"https:\/\/cinema.video\/it\/frammartino-guidera-la-locarno-spring-academy-2022\" \/>\n<meta property=\"og:site_name\" content=\"Cinema &amp; Video International\" \/>\n<meta property=\"article:publisher\" content=\"https:\/\/www.facebook.com\/CinemaVideoInternational\/\" \/>\n<meta property=\"article:published_time\" content=\"2021-12-16T09:22:55+00:00\" \/>\n<meta property=\"article:modified_time\" content=\"2026-04-10T01:56:06+00:00\" \/>\n<meta property=\"og:image\" content=\"https:\/\/cinema.video\/wp-content\/uploads\/2021\/12\/LFF-IeP-Workshop-Landscape.jpg\" \/>\n\t<meta property=\"og:image:width\" content=\"960\" \/>\n\t<meta property=\"og:image:height\" content=\"540\" \/>\n\t<meta property=\"og:image:type\" content=\"image\/jpeg\" \/>\n<meta name=\"author\" content=\"Redazione\" \/>\n<meta name=\"twitter:card\" content=\"summary_large_image\" \/>\n<meta name=\"twitter:label1\" content=\"Scritto da\" \/>\n\t<meta name=\"twitter:data1\" content=\"Redazione\" \/>\n\t<meta name=\"twitter:label2\" content=\"Tempo di lettura stimato\" \/>\n\t<meta name=\"twitter:data2\" content=\"1 minuto\" \/>\n<script type=\"application\/ld+json\" class=\"yoast-schema-graph\">{\"@context\":\"https:\\\/\\\/schema.org\",\"@graph\":[{\"@type\":\"Article\",\"@id\":\"https:\\\/\\\/cinema.video\\\/it\\\/frammartino-guidera-la-locarno-spring-academy-2022#article\",\"isPartOf\":{\"@id\":\"https:\\\/\\\/cinema.video\\\/it\\\/frammartino-guidera-la-locarno-spring-academy-2022\"},\"author\":{\"name\":\"Redazione\",\"@id\":\"https:\\\/\\\/cinema.video\\\/it#\\\/schema\\\/person\\\/aeb01b91d874e8b01e76a1db04c668c6\"},\"headline\":\"Frammartino guider\u00e0 la Locarno SPRING ACADEMY 2022\",\"datePublished\":\"2021-12-16T09:22:55+00:00\",\"dateModified\":\"2026-04-10T01:56:06+00:00\",\"mainEntityOfPage\":{\"@id\":\"https:\\\/\\\/cinema.video\\\/it\\\/frammartino-guidera-la-locarno-spring-academy-2022\"},\"wordCount\":211,\"publisher\":{\"@id\":\"https:\\\/\\\/cinema.video\\\/it#organization\"},\"image\":{\"@id\":\"https:\\\/\\\/cinema.video\\\/it\\\/frammartino-guidera-la-locarno-spring-academy-2022#primaryimage\"},\"thumbnailUrl\":\"https:\\\/\\\/cinema.video\\\/wp-content\\\/uploads\\\/2021\\\/12\\\/LFF-IeP-Workshop-Landscape.jpg\",\"keywords\":[\"FILM COMMISSIONS\",\"focus\",\"LOCATIONS\",\"Ticino Film Commission\"],\"articleSection\":[\"FILM COMMISSIONS\"],\"inLanguage\":\"it-IT\"},{\"@type\":\"WebPage\",\"@id\":\"https:\\\/\\\/cinema.video\\\/it\\\/frammartino-guidera-la-locarno-spring-academy-2022\",\"url\":\"https:\\\/\\\/cinema.video\\\/it\\\/frammartino-guidera-la-locarno-spring-academy-2022\",\"name\":\"Frammartino guider\u00e0 la Locarno SPRING ACADEMY 2022 - Cinema &amp; Video International\",\"isPartOf\":{\"@id\":\"https:\\\/\\\/cinema.video\\\/it#website\"},\"primaryImageOfPage\":{\"@id\":\"https:\\\/\\\/cinema.video\\\/it\\\/frammartino-guidera-la-locarno-spring-academy-2022#primaryimage\"},\"image\":{\"@id\":\"https:\\\/\\\/cinema.video\\\/it\\\/frammartino-guidera-la-locarno-spring-academy-2022#primaryimage\"},\"thumbnailUrl\":\"https:\\\/\\\/cinema.video\\\/wp-content\\\/uploads\\\/2021\\\/12\\\/LFF-IeP-Workshop-Landscape.jpg\",\"datePublished\":\"2021-12-16T09:22:55+00:00\",\"dateModified\":\"2026-04-10T01:56:06+00:00\",\"description\":\"Frammartino guider\u00e0 la Locarno SPRING ACADEMY 2022 \u2013 frammartino guider la locarno spring academy. C'\u00e8 tempo fino al 17 gennaio per candidarsi alla nuova\",\"breadcrumb\":{\"@id\":\"https:\\\/\\\/cinema.video\\\/it\\\/frammartino-guidera-la-locarno-spring-academy-2022#breadcrumb\"},\"inLanguage\":\"it-IT\",\"potentialAction\":[{\"@type\":\"ReadAction\",\"target\":[\"https:\\\/\\\/cinema.video\\\/it\\\/frammartino-guidera-la-locarno-spring-academy-2022\"]}]},{\"@type\":\"ImageObject\",\"inLanguage\":\"it-IT\",\"@id\":\"https:\\\/\\\/cinema.video\\\/it\\\/frammartino-guidera-la-locarno-spring-academy-2022#primaryimage\",\"url\":\"https:\\\/\\\/cinema.video\\\/wp-content\\\/uploads\\\/2021\\\/12\\\/LFF-IeP-Workshop-Landscape.jpg\",\"contentUrl\":\"https:\\\/\\\/cinema.video\\\/wp-content\\\/uploads\\\/2021\\\/12\\\/LFF-IeP-Workshop-Landscape.jpg\",\"width\":960,\"height\":540},{\"@type\":\"BreadcrumbList\",\"@id\":\"https:\\\/\\\/cinema.video\\\/it\\\/frammartino-guidera-la-locarno-spring-academy-2022#breadcrumb\",\"itemListElement\":[{\"@type\":\"ListItem\",\"position\":1,\"name\":\"Home\",\"item\":\"https:\\\/\\\/cinema.video\\\/it\\\/home-2\"},{\"@type\":\"ListItem\",\"position\":2,\"name\":\"Frammartino guider\u00e0 la Locarno SPRING ACADEMY 2022\"}]},{\"@type\":\"WebSite\",\"@id\":\"https:\\\/\\\/cinema.video\\\/it#website\",\"url\":\"https:\\\/\\\/cinema.video\\\/it\",\"name\":\"Cinema & Video International\",\"description\":\"Film &amp; Audiovisual Industry Trade Magazine\",\"publisher\":{\"@id\":\"https:\\\/\\\/cinema.video\\\/it#organization\"},\"alternateName\":\"Cinema & Video\",\"potentialAction\":[{\"@type\":\"SearchAction\",\"target\":{\"@type\":\"EntryPoint\",\"urlTemplate\":\"https:\\\/\\\/cinema.video\\\/it?s={search_term_string}\"},\"query-input\":{\"@type\":\"PropertyValueSpecification\",\"valueRequired\":true,\"valueName\":\"search_term_string\"}}],\"inLanguage\":\"it-IT\"},{\"@type\":\"Organization\",\"@id\":\"https:\\\/\\\/cinema.video\\\/it#organization\",\"name\":\"Cinema & Video\",\"url\":\"https:\\\/\\\/cinema.video\\\/it\",\"logo\":{\"@type\":\"ImageObject\",\"inLanguage\":\"it-IT\",\"@id\":\"https:\\\/\\\/cinema.video\\\/it#\\\/schema\\\/logo\\\/image\\\/\",\"url\":\"https:\\\/\\\/cinema.video\\\/wp-content\\\/uploads\\\/2026\\\/04\\\/CinemVideo_LogoBlack.png\",\"contentUrl\":\"https:\\\/\\\/cinema.video\\\/wp-content\\\/uploads\\\/2026\\\/04\\\/CinemVideo_LogoBlack.png\",\"width\":1336,\"height\":224,\"caption\":\"Cinema & Video\"},\"image\":{\"@id\":\"https:\\\/\\\/cinema.video\\\/it#\\\/schema\\\/logo\\\/image\\\/\"},\"sameAs\":[\"https:\\\/\\\/www.facebook.com\\\/CinemaVideoInternational\\\/\",\"https:\\\/\\\/www.instagram.com\\\/cinemaevideointernational\\\/\",\"https:\\\/\\\/it.linkedin.com\\\/company\\\/cinema-video-international\"],\"description\":\"Media Consulting & Marketing Agency\",\"email\":\"hello@darostudio.com\",\"legalName\":\"DARO studio LLC\",\"foundingDate\":\"2021-02-16\",\"numberOfEmployees\":{\"@type\":\"QuantitativeValue\",\"minValue\":\"1\",\"maxValue\":\"10\"}},{\"@type\":\"Person\",\"@id\":\"https:\\\/\\\/cinema.video\\\/it#\\\/schema\\\/person\\\/aeb01b91d874e8b01e76a1db04c668c6\",\"name\":\"Redazione\",\"image\":{\"@type\":\"ImageObject\",\"inLanguage\":\"it-IT\",\"@id\":\"https:\\\/\\\/secure.gravatar.com\\\/avatar\\\/06ad6f92eb14745b75fb592cadf8139d33242d81c9c8b085133c450aaf0b9731?s=96&d=mm&r=g\",\"url\":\"https:\\\/\\\/secure.gravatar.com\\\/avatar\\\/06ad6f92eb14745b75fb592cadf8139d33242d81c9c8b085133c450aaf0b9731?s=96&d=mm&r=g\",\"contentUrl\":\"https:\\\/\\\/secure.gravatar.com\\\/avatar\\\/06ad6f92eb14745b75fb592cadf8139d33242d81c9c8b085133c450aaf0b9731?s=96&d=mm&r=g\",\"caption\":\"Redazione\"},\"url\":\"https:\\\/\\\/cinema.video\\\/it\\\/author\\\/redazione\"}]}<\/script>\n<!-- \/ Yoast SEO Premium plugin. -->","yoast_head_json":{"title":"Frammartino guider\u00e0 la Locarno SPRING ACADEMY 2022 - Cinema &amp; Video International","description":"Frammartino guider\u00e0 la Locarno SPRING ACADEMY 2022 \u2013 frammartino guider la locarno spring academy. C'\u00e8 tempo fino al 17 gennaio per candidarsi alla nuova","robots":{"index":"index","follow":"follow","max-snippet":"max-snippet:-1","max-image-preview":"max-image-preview:large","max-video-preview":"max-video-preview:-1"},"canonical":"https:\/\/cinema.video\/it\/frammartino-guidera-la-locarno-spring-academy-2022","og_locale":"it_IT","og_type":"article","og_title":"Frammartino guider\u00e0 la Locarno SPRING ACADEMY 2022","og_description":"Frammartino guider\u00e0 la Locarno SPRING ACADEMY 2022 \u2013 frammartino guider la locarno spring academy. C'\u00e8 tempo fino al 17 gennaio per candidarsi alla nuova","og_url":"https:\/\/cinema.video\/it\/frammartino-guidera-la-locarno-spring-academy-2022","og_site_name":"Cinema &amp; Video International","article_publisher":"https:\/\/www.facebook.com\/CinemaVideoInternational\/","article_published_time":"2021-12-16T09:22:55+00:00","article_modified_time":"2026-04-10T01:56:06+00:00","og_image":[{"width":960,"height":540,"url":"https:\/\/cinema.video\/wp-content\/uploads\/2021\/12\/LFF-IeP-Workshop-Landscape.jpg","type":"image\/jpeg"}],"author":"Redazione","twitter_card":"summary_large_image","twitter_misc":{"Scritto da":"Redazione","Tempo di lettura stimato":"1 minuto"},"schema":{"@context":"https:\/\/schema.org","@graph":[{"@type":"Article","@id":"https:\/\/cinema.video\/it\/frammartino-guidera-la-locarno-spring-academy-2022#article","isPartOf":{"@id":"https:\/\/cinema.video\/it\/frammartino-guidera-la-locarno-spring-academy-2022"},"author":{"name":"Redazione","@id":"https:\/\/cinema.video\/it#\/schema\/person\/aeb01b91d874e8b01e76a1db04c668c6"},"headline":"Frammartino guider\u00e0 la Locarno SPRING ACADEMY 2022","datePublished":"2021-12-16T09:22:55+00:00","dateModified":"2026-04-10T01:56:06+00:00","mainEntityOfPage":{"@id":"https:\/\/cinema.video\/it\/frammartino-guidera-la-locarno-spring-academy-2022"},"wordCount":211,"publisher":{"@id":"https:\/\/cinema.video\/it#organization"},"image":{"@id":"https:\/\/cinema.video\/it\/frammartino-guidera-la-locarno-spring-academy-2022#primaryimage"},"thumbnailUrl":"https:\/\/cinema.video\/wp-content\/uploads\/2021\/12\/LFF-IeP-Workshop-Landscape.jpg","keywords":["FILM COMMISSIONS","focus","LOCATIONS","Ticino Film Commission"],"articleSection":["FILM COMMISSIONS"],"inLanguage":"it-IT"},{"@type":"WebPage","@id":"https:\/\/cinema.video\/it\/frammartino-guidera-la-locarno-spring-academy-2022","url":"https:\/\/cinema.video\/it\/frammartino-guidera-la-locarno-spring-academy-2022","name":"Frammartino guider\u00e0 la Locarno SPRING ACADEMY 2022 - Cinema &amp; Video International","isPartOf":{"@id":"https:\/\/cinema.video\/it#website"},"primaryImageOfPage":{"@id":"https:\/\/cinema.video\/it\/frammartino-guidera-la-locarno-spring-academy-2022#primaryimage"},"image":{"@id":"https:\/\/cinema.video\/it\/frammartino-guidera-la-locarno-spring-academy-2022#primaryimage"},"thumbnailUrl":"https:\/\/cinema.video\/wp-content\/uploads\/2021\/12\/LFF-IeP-Workshop-Landscape.jpg","datePublished":"2021-12-16T09:22:55+00:00","dateModified":"2026-04-10T01:56:06+00:00","description":"Frammartino guider\u00e0 la Locarno SPRING ACADEMY 2022 \u2013 frammartino guider la locarno spring academy. C'\u00e8 tempo fino al 17 gennaio per candidarsi alla nuova","breadcrumb":{"@id":"https:\/\/cinema.video\/it\/frammartino-guidera-la-locarno-spring-academy-2022#breadcrumb"},"inLanguage":"it-IT","potentialAction":[{"@type":"ReadAction","target":["https:\/\/cinema.video\/it\/frammartino-guidera-la-locarno-spring-academy-2022"]}]},{"@type":"ImageObject","inLanguage":"it-IT","@id":"https:\/\/cinema.video\/it\/frammartino-guidera-la-locarno-spring-academy-2022#primaryimage","url":"https:\/\/cinema.video\/wp-content\/uploads\/2021\/12\/LFF-IeP-Workshop-Landscape.jpg","contentUrl":"https:\/\/cinema.video\/wp-content\/uploads\/2021\/12\/LFF-IeP-Workshop-Landscape.jpg","width":960,"height":540},{"@type":"BreadcrumbList","@id":"https:\/\/cinema.video\/it\/frammartino-guidera-la-locarno-spring-academy-2022#breadcrumb","itemListElement":[{"@type":"ListItem","position":1,"name":"Home","item":"https:\/\/cinema.video\/it\/home-2"},{"@type":"ListItem","position":2,"name":"Frammartino guider\u00e0 la Locarno SPRING ACADEMY 2022"}]},{"@type":"WebSite","@id":"https:\/\/cinema.video\/it#website","url":"https:\/\/cinema.video\/it","name":"Cinema & Video International","description":"Film &amp; Audiovisual Industry Trade Magazine","publisher":{"@id":"https:\/\/cinema.video\/it#organization"},"alternateName":"Cinema & Video","potentialAction":[{"@type":"SearchAction","target":{"@type":"EntryPoint","urlTemplate":"https:\/\/cinema.video\/it?s={search_term_string}"},"query-input":{"@type":"PropertyValueSpecification","valueRequired":true,"valueName":"search_term_string"}}],"inLanguage":"it-IT"},{"@type":"Organization","@id":"https:\/\/cinema.video\/it#organization","name":"Cinema & Video","url":"https:\/\/cinema.video\/it","logo":{"@type":"ImageObject","inLanguage":"it-IT","@id":"https:\/\/cinema.video\/it#\/schema\/logo\/image\/","url":"https:\/\/cinema.video\/wp-content\/uploads\/2026\/04\/CinemVideo_LogoBlack.png","contentUrl":"https:\/\/cinema.video\/wp-content\/uploads\/2026\/04\/CinemVideo_LogoBlack.png","width":1336,"height":224,"caption":"Cinema & Video"},"image":{"@id":"https:\/\/cinema.video\/it#\/schema\/logo\/image\/"},"sameAs":["https:\/\/www.facebook.com\/CinemaVideoInternational\/","https:\/\/www.instagram.com\/cinemaevideointernational\/","https:\/\/it.linkedin.com\/company\/cinema-video-international"],"description":"Media Consulting & Marketing Agency","email":"hello@darostudio.com","legalName":"DARO studio LLC","foundingDate":"2021-02-16","numberOfEmployees":{"@type":"QuantitativeValue","minValue":"1","maxValue":"10"}},{"@type":"Person","@id":"https:\/\/cinema.video\/it#\/schema\/person\/aeb01b91d874e8b01e76a1db04c668c6","name":"Redazione","image":{"@type":"ImageObject","inLanguage":"it-IT","@id":"https:\/\/secure.gravatar.com\/avatar\/06ad6f92eb14745b75fb592cadf8139d33242d81c9c8b085133c450aaf0b9731?s=96&d=mm&r=g","url":"https:\/\/secure.gravatar.com\/avatar\/06ad6f92eb14745b75fb592cadf8139d33242d81c9c8b085133c450aaf0b9731?s=96&d=mm&r=g","contentUrl":"https:\/\/secure.gravatar.com\/avatar\/06ad6f92eb14745b75fb592cadf8139d33242d81c9c8b085133c450aaf0b9731?s=96&d=mm&r=g","caption":"Redazione"},"url":"https:\/\/cinema.video\/it\/author\/redazione"}]}},"jetpack_featured_media_url":"https:\/\/cinema.video\/wp-content\/uploads\/2021\/12\/LFF-IeP-Workshop-Landscape.jpg","jetpack_shortlink":"https:\/\/wp.me\/ph672m-1dGz","_links":{"self":[{"href":"https:\/\/cinema.video\/it\/wp-json\/wp\/v2\/posts\/290939","targetHints":{"allow":["GET"]}}],"collection":[{"href":"https:\/\/cinema.video\/it\/wp-json\/wp\/v2\/posts"}],"about":[{"href":"https:\/\/cinema.video\/it\/wp-json\/wp\/v2\/types\/post"}],"author":[{"embeddable":true,"href":"https:\/\/cinema.video\/it\/wp-json\/wp\/v2\/users\/26"}],"replies":[{"embeddable":true,"href":"https:\/\/cinema.video\/it\/wp-json\/wp\/v2\/comments?post=290939"}],"version-history":[{"count":1,"href":"https:\/\/cinema.video\/it\/wp-json\/wp\/v2\/posts\/290939\/revisions"}],"predecessor-version":[{"id":302904,"href":"https:\/\/cinema.video\/it\/wp-json\/wp\/v2\/posts\/290939\/revisions\/302904"}],"wp:featuredmedia":[{"embeddable":true,"href":"https:\/\/cinema.video\/it\/wp-json\/wp\/v2\/media\/290940"}],"wp:attachment":[{"href":"https:\/\/cinema.video\/it\/wp-json\/wp\/v2\/media?parent=290939"}],"wp:term":[{"taxonomy":"category","embeddable":true,"href":"https:\/\/cinema.video\/it\/wp-json\/wp\/v2\/categories?post=290939"},{"taxonomy":"post_tag","embeddable":true,"href":"https:\/\/cinema.video\/it\/wp-json\/wp\/v2\/tags?post=290939"}],"curies":[{"name":"wp","href":"https:\/\/api.w.org\/{rel}","templated":true}]}}