{"id":290845,"date":"2021-12-06T11:28:38","date_gmt":"2021-12-06T10:28:38","guid":{"rendered":"https:\/\/cinema.video\/?p=290845"},"modified":"2026-04-10T03:56:02","modified_gmt":"2026-04-10T01:56:02","slug":"ticino-due-documentari-su-patricia-highsmith","status":"publish","type":"post","link":"https:\/\/cinema.video\/it\/ticino-due-documentari-su-patricia-highsmith","title":{"rendered":"TICINO Due documentari su Patricia Highsmith"},"content":{"rendered":"\n<figure class=\"wp-block-table\"><table><tbody><tr><td>Ad Aurigeno in Val Maggia si trova la prima casa ticinese di <strong>Patricia Highsmith<\/strong>, che ha vissuto nel cantone gli ultimi 13 anni della sua vita, a partire dal 1882. <br>E proprio qui, oltre che a C\u00e0 di Ferro a Minusio, sul luogo maggiore, si stanno svolgendo le riprese di <em><strong>Highsmith<\/strong><\/em>, titolo provvisorio del  documentario sulla vita della grande scrittrice di noir e thriller che divenne celebre quando il suo primo romanzo \u201cStrangers on a train\u201d del 1950 fu scelto da Alfred Hitchcock per girare l&#8217;omonimo film.<br><br>Il film \u00e8 diretto dalla cineasta e regista televisiva\u00a0<strong>Marah Strauch<\/strong>\u00a0&#8211; nota per i pluripremiati documentari <em>Vice Versa: Chyna<\/em> (2021) e <em>Sunshine Superman<\/em> (2014) e prodotto dalla casa di produzione di Los Angeles\u00a0<strong>Scissor Kick Films\u00a0<\/strong>(produttore esecutivo\u00a0<strong>Eric Bruggemann\u00a0<\/strong>e <strong>Marah Strauch<\/strong>). E&#8217; realizzato anche con il sostegno di <strong>Ticino Film Commission<\/strong>.<br>Nei prossimi mesi, la produzione proseguir\u00e0 toccando diversi luoghi dell\u2019alto Ticino legati al vissuto della famosa scrittrice, morta. a Locarno nel 1995.<br><br>Intanto, \u00e8  recente l&#8217;annuncio che la vita movimentata della regina del thriller psicologico sar\u00e0 anche al centro del\u00a0film d&#8217;apertura del<strong> 57\u00b0 Solothurn Film Festival\u00a0<\/strong>con il documentario <em>Loving Highsmith<\/em> di\u00a0<strong>Eva Vitija<\/strong>, prodotto da <strong>Ensemble Film<\/strong> (Zurigo). Frutto di una coproduzione internazionale fra Svizzera e Germania, <em>Loving Highsmith<\/em> \u00e8 stato girato anche ad Aurigeno e Tegna, dove Patricia Highsmith ha vissuto, ed \u00e8 stato coprodotto dalla RSI Radiotelevisione Svizzera. Il film uscir\u00e0 al cinema nella Svizzera tedesca a primavera, quindi nel resto del paese.<br><img width=\"570\"><\/td><\/tr><\/tbody><\/table><\/figure>\n","protected":false},"excerpt":{"rendered":"<p>Sono in corso in Ticino, in Val Maggia e a C\u00e0 di Ferro a Minusio, &#8220;Highsmith&#8221;, documentario documentario sulla vita della grande scrittrice di noir e thriller  Patricia Highsmith, girato con il sostegno di Ticino Film Commission<\/p>\n","protected":false},"author":26,"featured_media":290852,"comment_status":"closed","ping_status":"closed","sticky":false,"template":"","format":"standard","meta":{"googlesitekit_rrm_CAow3e7fCw:productID":"","_crdt_document":"","footnotes":""},"categories":[215,204],"tags":[2339,356,2338,880],"class_list":{"0":"post-290845","1":"post","2":"type-post","3":"status-publish","4":"format-standard","5":"has-post-thumbnail","7":"category-film-commissions","8":"category-locations","9":"tag-film-commissions","10":"tag-focus","11":"tag-locations","12":"tag-ticino-film-commission"},"yoast_head":"<!-- This site is optimized with the Yoast SEO Premium plugin v27.4 (Yoast SEO v27.4) - https:\/\/yoast.com\/product\/yoast-seo-premium-wordpress\/ -->\n<title>TICINO Due documentari su Patricia Highsmith - Cinema &amp; Video International<\/title>\n<meta name=\"description\" content=\"TICINO Due documentari su Patricia Highsmith \u2013 ticino due documentari su patricia highsmith. Ad Aurigeno in Val Maggia si trova la prima casa ticinese di\" \/>\n<meta name=\"robots\" content=\"index, follow, max-snippet:-1, max-image-preview:large, max-video-preview:-1\" \/>\n<link rel=\"canonical\" href=\"https:\/\/cinema.video\/it\/ticino-due-documentari-su-patricia-highsmith\" \/>\n<meta property=\"og:locale\" content=\"it_IT\" \/>\n<meta property=\"og:type\" content=\"article\" \/>\n<meta property=\"og:title\" content=\"TICINO Due documentari su Patricia Highsmith\" \/>\n<meta property=\"og:description\" content=\"TICINO Due documentari su Patricia Highsmith \u2013 ticino due documentari su patricia highsmith. Ad Aurigeno in Val Maggia si trova la prima casa ticinese di\" \/>\n<meta property=\"og:url\" content=\"https:\/\/cinema.video\/it\/ticino-due-documentari-su-patricia-highsmith\" \/>\n<meta property=\"og:site_name\" content=\"Cinema &amp; Video International\" \/>\n<meta property=\"article:publisher\" content=\"https:\/\/www.facebook.com\/CinemaVideoInternational\/\" \/>\n<meta property=\"article:published_time\" content=\"2021-12-06T10:28:38+00:00\" \/>\n<meta property=\"article:modified_time\" content=\"2026-04-10T01:56:02+00:00\" \/>\n<meta property=\"og:image\" content=\"https:\/\/cinema.video\/wp-content\/uploads\/2021\/12\/2021_11_18_CA_Di_Ferro-28-scaled-e1638786504214.jpg\" \/>\n\t<meta property=\"og:image:width\" content=\"800\" \/>\n\t<meta property=\"og:image:height\" content=\"600\" \/>\n\t<meta property=\"og:image:type\" content=\"image\/jpeg\" \/>\n<meta name=\"author\" content=\"Redazione\" \/>\n<meta name=\"twitter:card\" content=\"summary_large_image\" \/>\n<meta name=\"twitter:label1\" content=\"Scritto da\" \/>\n\t<meta name=\"twitter:data1\" content=\"Redazione\" \/>\n\t<meta name=\"twitter:label2\" content=\"Tempo di lettura stimato\" \/>\n\t<meta name=\"twitter:data2\" content=\"1 minuto\" \/>\n<script type=\"application\/ld+json\" class=\"yoast-schema-graph\">{\"@context\":\"https:\\\/\\\/schema.org\",\"@graph\":[{\"@type\":\"Article\",\"@id\":\"https:\\\/\\\/cinema.video\\\/it\\\/ticino-due-documentari-su-patricia-highsmith#article\",\"isPartOf\":{\"@id\":\"https:\\\/\\\/cinema.video\\\/it\\\/ticino-due-documentari-su-patricia-highsmith\"},\"author\":{\"name\":\"Redazione\",\"@id\":\"https:\\\/\\\/cinema.video\\\/it#\\\/schema\\\/person\\\/aeb01b91d874e8b01e76a1db04c668c6\"},\"headline\":\"TICINO Due documentari su Patricia Highsmith\",\"datePublished\":\"2021-12-06T10:28:38+00:00\",\"dateModified\":\"2026-04-10T01:56:02+00:00\",\"mainEntityOfPage\":{\"@id\":\"https:\\\/\\\/cinema.video\\\/it\\\/ticino-due-documentari-su-patricia-highsmith\"},\"wordCount\":247,\"publisher\":{\"@id\":\"https:\\\/\\\/cinema.video\\\/it#organization\"},\"image\":{\"@id\":\"https:\\\/\\\/cinema.video\\\/it\\\/ticino-due-documentari-su-patricia-highsmith#primaryimage\"},\"thumbnailUrl\":\"https:\\\/\\\/cinema.video\\\/wp-content\\\/uploads\\\/2021\\\/12\\\/2021_11_18_CA_Di_Ferro-28-scaled-e1638786504214.jpg\",\"keywords\":[\"FILM COMMISSIONS\",\"focus\",\"LOCATIONS\",\"Ticino Film Commission\"],\"articleSection\":[\"FILM COMMISSIONS\",\"LOCATIONS\"],\"inLanguage\":\"it-IT\"},{\"@type\":\"WebPage\",\"@id\":\"https:\\\/\\\/cinema.video\\\/it\\\/ticino-due-documentari-su-patricia-highsmith\",\"url\":\"https:\\\/\\\/cinema.video\\\/it\\\/ticino-due-documentari-su-patricia-highsmith\",\"name\":\"TICINO Due documentari su Patricia Highsmith - Cinema &amp; Video International\",\"isPartOf\":{\"@id\":\"https:\\\/\\\/cinema.video\\\/it#website\"},\"primaryImageOfPage\":{\"@id\":\"https:\\\/\\\/cinema.video\\\/it\\\/ticino-due-documentari-su-patricia-highsmith#primaryimage\"},\"image\":{\"@id\":\"https:\\\/\\\/cinema.video\\\/it\\\/ticino-due-documentari-su-patricia-highsmith#primaryimage\"},\"thumbnailUrl\":\"https:\\\/\\\/cinema.video\\\/wp-content\\\/uploads\\\/2021\\\/12\\\/2021_11_18_CA_Di_Ferro-28-scaled-e1638786504214.jpg\",\"datePublished\":\"2021-12-06T10:28:38+00:00\",\"dateModified\":\"2026-04-10T01:56:02+00:00\",\"description\":\"TICINO Due documentari su Patricia Highsmith \u2013 ticino due documentari su patricia highsmith. Ad Aurigeno in Val Maggia si trova la prima casa ticinese di\",\"breadcrumb\":{\"@id\":\"https:\\\/\\\/cinema.video\\\/it\\\/ticino-due-documentari-su-patricia-highsmith#breadcrumb\"},\"inLanguage\":\"it-IT\",\"potentialAction\":[{\"@type\":\"ReadAction\",\"target\":[\"https:\\\/\\\/cinema.video\\\/it\\\/ticino-due-documentari-su-patricia-highsmith\"]}]},{\"@type\":\"ImageObject\",\"inLanguage\":\"it-IT\",\"@id\":\"https:\\\/\\\/cinema.video\\\/it\\\/ticino-due-documentari-su-patricia-highsmith#primaryimage\",\"url\":\"https:\\\/\\\/cinema.video\\\/wp-content\\\/uploads\\\/2021\\\/12\\\/2021_11_18_CA_Di_Ferro-28-scaled-e1638786504214.jpg\",\"contentUrl\":\"https:\\\/\\\/cinema.video\\\/wp-content\\\/uploads\\\/2021\\\/12\\\/2021_11_18_CA_Di_Ferro-28-scaled-e1638786504214.jpg\",\"width\":800,\"height\":600},{\"@type\":\"BreadcrumbList\",\"@id\":\"https:\\\/\\\/cinema.video\\\/it\\\/ticino-due-documentari-su-patricia-highsmith#breadcrumb\",\"itemListElement\":[{\"@type\":\"ListItem\",\"position\":1,\"name\":\"Home\",\"item\":\"https:\\\/\\\/cinema.video\\\/it\\\/home-2\"},{\"@type\":\"ListItem\",\"position\":2,\"name\":\"TICINO Due documentari su Patricia Highsmith\"}]},{\"@type\":\"WebSite\",\"@id\":\"https:\\\/\\\/cinema.video\\\/it#website\",\"url\":\"https:\\\/\\\/cinema.video\\\/it\",\"name\":\"Cinema & Video International\",\"description\":\"Film &amp; Audiovisual Industry Trade Magazine\",\"publisher\":{\"@id\":\"https:\\\/\\\/cinema.video\\\/it#organization\"},\"alternateName\":\"Cinema & Video\",\"potentialAction\":[{\"@type\":\"SearchAction\",\"target\":{\"@type\":\"EntryPoint\",\"urlTemplate\":\"https:\\\/\\\/cinema.video\\\/it?s={search_term_string}\"},\"query-input\":{\"@type\":\"PropertyValueSpecification\",\"valueRequired\":true,\"valueName\":\"search_term_string\"}}],\"inLanguage\":\"it-IT\"},{\"@type\":\"Organization\",\"@id\":\"https:\\\/\\\/cinema.video\\\/it#organization\",\"name\":\"Cinema & Video\",\"url\":\"https:\\\/\\\/cinema.video\\\/it\",\"logo\":{\"@type\":\"ImageObject\",\"inLanguage\":\"it-IT\",\"@id\":\"https:\\\/\\\/cinema.video\\\/it#\\\/schema\\\/logo\\\/image\\\/\",\"url\":\"https:\\\/\\\/cinema.video\\\/wp-content\\\/uploads\\\/2026\\\/04\\\/CinemVideo_LogoBlack.png\",\"contentUrl\":\"https:\\\/\\\/cinema.video\\\/wp-content\\\/uploads\\\/2026\\\/04\\\/CinemVideo_LogoBlack.png\",\"width\":1336,\"height\":224,\"caption\":\"Cinema & Video\"},\"image\":{\"@id\":\"https:\\\/\\\/cinema.video\\\/it#\\\/schema\\\/logo\\\/image\\\/\"},\"sameAs\":[\"https:\\\/\\\/www.facebook.com\\\/CinemaVideoInternational\\\/\",\"https:\\\/\\\/www.instagram.com\\\/cinemaevideointernational\\\/\",\"https:\\\/\\\/it.linkedin.com\\\/company\\\/cinema-video-international\"],\"description\":\"Media Consulting & Marketing Agency\",\"email\":\"hello@darostudio.com\",\"legalName\":\"DARO studio LLC\",\"foundingDate\":\"2021-02-16\",\"numberOfEmployees\":{\"@type\":\"QuantitativeValue\",\"minValue\":\"1\",\"maxValue\":\"10\"}},{\"@type\":\"Person\",\"@id\":\"https:\\\/\\\/cinema.video\\\/it#\\\/schema\\\/person\\\/aeb01b91d874e8b01e76a1db04c668c6\",\"name\":\"Redazione\",\"image\":{\"@type\":\"ImageObject\",\"inLanguage\":\"it-IT\",\"@id\":\"https:\\\/\\\/secure.gravatar.com\\\/avatar\\\/06ad6f92eb14745b75fb592cadf8139d33242d81c9c8b085133c450aaf0b9731?s=96&d=mm&r=g\",\"url\":\"https:\\\/\\\/secure.gravatar.com\\\/avatar\\\/06ad6f92eb14745b75fb592cadf8139d33242d81c9c8b085133c450aaf0b9731?s=96&d=mm&r=g\",\"contentUrl\":\"https:\\\/\\\/secure.gravatar.com\\\/avatar\\\/06ad6f92eb14745b75fb592cadf8139d33242d81c9c8b085133c450aaf0b9731?s=96&d=mm&r=g\",\"caption\":\"Redazione\"},\"url\":\"https:\\\/\\\/cinema.video\\\/it\\\/author\\\/redazione\"}]}<\/script>\n<!-- \/ Yoast SEO Premium plugin. -->","yoast_head_json":{"title":"TICINO Due documentari su Patricia Highsmith - Cinema &amp; Video International","description":"TICINO Due documentari su Patricia Highsmith \u2013 ticino due documentari su patricia highsmith. Ad Aurigeno in Val Maggia si trova la prima casa ticinese di","robots":{"index":"index","follow":"follow","max-snippet":"max-snippet:-1","max-image-preview":"max-image-preview:large","max-video-preview":"max-video-preview:-1"},"canonical":"https:\/\/cinema.video\/it\/ticino-due-documentari-su-patricia-highsmith","og_locale":"it_IT","og_type":"article","og_title":"TICINO Due documentari su Patricia Highsmith","og_description":"TICINO Due documentari su Patricia Highsmith \u2013 ticino due documentari su patricia highsmith. Ad Aurigeno in Val Maggia si trova la prima casa ticinese di","og_url":"https:\/\/cinema.video\/it\/ticino-due-documentari-su-patricia-highsmith","og_site_name":"Cinema &amp; Video International","article_publisher":"https:\/\/www.facebook.com\/CinemaVideoInternational\/","article_published_time":"2021-12-06T10:28:38+00:00","article_modified_time":"2026-04-10T01:56:02+00:00","og_image":[{"width":800,"height":600,"url":"https:\/\/cinema.video\/wp-content\/uploads\/2021\/12\/2021_11_18_CA_Di_Ferro-28-scaled-e1638786504214.jpg","type":"image\/jpeg"}],"author":"Redazione","twitter_card":"summary_large_image","twitter_misc":{"Scritto da":"Redazione","Tempo di lettura stimato":"1 minuto"},"schema":{"@context":"https:\/\/schema.org","@graph":[{"@type":"Article","@id":"https:\/\/cinema.video\/it\/ticino-due-documentari-su-patricia-highsmith#article","isPartOf":{"@id":"https:\/\/cinema.video\/it\/ticino-due-documentari-su-patricia-highsmith"},"author":{"name":"Redazione","@id":"https:\/\/cinema.video\/it#\/schema\/person\/aeb01b91d874e8b01e76a1db04c668c6"},"headline":"TICINO Due documentari su Patricia Highsmith","datePublished":"2021-12-06T10:28:38+00:00","dateModified":"2026-04-10T01:56:02+00:00","mainEntityOfPage":{"@id":"https:\/\/cinema.video\/it\/ticino-due-documentari-su-patricia-highsmith"},"wordCount":247,"publisher":{"@id":"https:\/\/cinema.video\/it#organization"},"image":{"@id":"https:\/\/cinema.video\/it\/ticino-due-documentari-su-patricia-highsmith#primaryimage"},"thumbnailUrl":"https:\/\/cinema.video\/wp-content\/uploads\/2021\/12\/2021_11_18_CA_Di_Ferro-28-scaled-e1638786504214.jpg","keywords":["FILM COMMISSIONS","focus","LOCATIONS","Ticino Film Commission"],"articleSection":["FILM COMMISSIONS","LOCATIONS"],"inLanguage":"it-IT"},{"@type":"WebPage","@id":"https:\/\/cinema.video\/it\/ticino-due-documentari-su-patricia-highsmith","url":"https:\/\/cinema.video\/it\/ticino-due-documentari-su-patricia-highsmith","name":"TICINO Due documentari su Patricia Highsmith - Cinema &amp; Video International","isPartOf":{"@id":"https:\/\/cinema.video\/it#website"},"primaryImageOfPage":{"@id":"https:\/\/cinema.video\/it\/ticino-due-documentari-su-patricia-highsmith#primaryimage"},"image":{"@id":"https:\/\/cinema.video\/it\/ticino-due-documentari-su-patricia-highsmith#primaryimage"},"thumbnailUrl":"https:\/\/cinema.video\/wp-content\/uploads\/2021\/12\/2021_11_18_CA_Di_Ferro-28-scaled-e1638786504214.jpg","datePublished":"2021-12-06T10:28:38+00:00","dateModified":"2026-04-10T01:56:02+00:00","description":"TICINO Due documentari su Patricia Highsmith \u2013 ticino due documentari su patricia highsmith. Ad Aurigeno in Val Maggia si trova la prima casa ticinese di","breadcrumb":{"@id":"https:\/\/cinema.video\/it\/ticino-due-documentari-su-patricia-highsmith#breadcrumb"},"inLanguage":"it-IT","potentialAction":[{"@type":"ReadAction","target":["https:\/\/cinema.video\/it\/ticino-due-documentari-su-patricia-highsmith"]}]},{"@type":"ImageObject","inLanguage":"it-IT","@id":"https:\/\/cinema.video\/it\/ticino-due-documentari-su-patricia-highsmith#primaryimage","url":"https:\/\/cinema.video\/wp-content\/uploads\/2021\/12\/2021_11_18_CA_Di_Ferro-28-scaled-e1638786504214.jpg","contentUrl":"https:\/\/cinema.video\/wp-content\/uploads\/2021\/12\/2021_11_18_CA_Di_Ferro-28-scaled-e1638786504214.jpg","width":800,"height":600},{"@type":"BreadcrumbList","@id":"https:\/\/cinema.video\/it\/ticino-due-documentari-su-patricia-highsmith#breadcrumb","itemListElement":[{"@type":"ListItem","position":1,"name":"Home","item":"https:\/\/cinema.video\/it\/home-2"},{"@type":"ListItem","position":2,"name":"TICINO Due documentari su Patricia Highsmith"}]},{"@type":"WebSite","@id":"https:\/\/cinema.video\/it#website","url":"https:\/\/cinema.video\/it","name":"Cinema & Video International","description":"Film &amp; Audiovisual Industry Trade Magazine","publisher":{"@id":"https:\/\/cinema.video\/it#organization"},"alternateName":"Cinema & Video","potentialAction":[{"@type":"SearchAction","target":{"@type":"EntryPoint","urlTemplate":"https:\/\/cinema.video\/it?s={search_term_string}"},"query-input":{"@type":"PropertyValueSpecification","valueRequired":true,"valueName":"search_term_string"}}],"inLanguage":"it-IT"},{"@type":"Organization","@id":"https:\/\/cinema.video\/it#organization","name":"Cinema & Video","url":"https:\/\/cinema.video\/it","logo":{"@type":"ImageObject","inLanguage":"it-IT","@id":"https:\/\/cinema.video\/it#\/schema\/logo\/image\/","url":"https:\/\/cinema.video\/wp-content\/uploads\/2026\/04\/CinemVideo_LogoBlack.png","contentUrl":"https:\/\/cinema.video\/wp-content\/uploads\/2026\/04\/CinemVideo_LogoBlack.png","width":1336,"height":224,"caption":"Cinema & Video"},"image":{"@id":"https:\/\/cinema.video\/it#\/schema\/logo\/image\/"},"sameAs":["https:\/\/www.facebook.com\/CinemaVideoInternational\/","https:\/\/www.instagram.com\/cinemaevideointernational\/","https:\/\/it.linkedin.com\/company\/cinema-video-international"],"description":"Media Consulting & Marketing Agency","email":"hello@darostudio.com","legalName":"DARO studio LLC","foundingDate":"2021-02-16","numberOfEmployees":{"@type":"QuantitativeValue","minValue":"1","maxValue":"10"}},{"@type":"Person","@id":"https:\/\/cinema.video\/it#\/schema\/person\/aeb01b91d874e8b01e76a1db04c668c6","name":"Redazione","image":{"@type":"ImageObject","inLanguage":"it-IT","@id":"https:\/\/secure.gravatar.com\/avatar\/06ad6f92eb14745b75fb592cadf8139d33242d81c9c8b085133c450aaf0b9731?s=96&d=mm&r=g","url":"https:\/\/secure.gravatar.com\/avatar\/06ad6f92eb14745b75fb592cadf8139d33242d81c9c8b085133c450aaf0b9731?s=96&d=mm&r=g","contentUrl":"https:\/\/secure.gravatar.com\/avatar\/06ad6f92eb14745b75fb592cadf8139d33242d81c9c8b085133c450aaf0b9731?s=96&d=mm&r=g","caption":"Redazione"},"url":"https:\/\/cinema.video\/it\/author\/redazione"}]}},"jetpack_featured_media_url":"https:\/\/cinema.video\/wp-content\/uploads\/2021\/12\/2021_11_18_CA_Di_Ferro-28-scaled-e1638786504214.jpg","jetpack_shortlink":"https:\/\/wp.me\/ph672m-1dF3","_links":{"self":[{"href":"https:\/\/cinema.video\/it\/wp-json\/wp\/v2\/posts\/290845","targetHints":{"allow":["GET"]}}],"collection":[{"href":"https:\/\/cinema.video\/it\/wp-json\/wp\/v2\/posts"}],"about":[{"href":"https:\/\/cinema.video\/it\/wp-json\/wp\/v2\/types\/post"}],"author":[{"embeddable":true,"href":"https:\/\/cinema.video\/it\/wp-json\/wp\/v2\/users\/26"}],"replies":[{"embeddable":true,"href":"https:\/\/cinema.video\/it\/wp-json\/wp\/v2\/comments?post=290845"}],"version-history":[{"count":2,"href":"https:\/\/cinema.video\/it\/wp-json\/wp\/v2\/posts\/290845\/revisions"}],"predecessor-version":[{"id":308480,"href":"https:\/\/cinema.video\/it\/wp-json\/wp\/v2\/posts\/290845\/revisions\/308480"}],"wp:featuredmedia":[{"embeddable":true,"href":"https:\/\/cinema.video\/it\/wp-json\/wp\/v2\/media\/290852"}],"wp:attachment":[{"href":"https:\/\/cinema.video\/it\/wp-json\/wp\/v2\/media?parent=290845"}],"wp:term":[{"taxonomy":"category","embeddable":true,"href":"https:\/\/cinema.video\/it\/wp-json\/wp\/v2\/categories?post=290845"},{"taxonomy":"post_tag","embeddable":true,"href":"https:\/\/cinema.video\/it\/wp-json\/wp\/v2\/tags?post=290845"}],"curies":[{"name":"wp","href":"https:\/\/api.w.org\/{rel}","templated":true}]}}