{"id":290813,"date":"2021-11-30T19:34:21","date_gmt":"2021-11-30T18:34:21","guid":{"rendered":"https:\/\/cinema.video\/?p=290813"},"modified":"2026-04-10T03:55:56","modified_gmt":"2026-04-10T01:55:56","slug":"il-nuovo-oggi-autori-di-tutto-il-mondo-unitevi","status":"publish","type":"post","link":"https:\/\/cinema.video\/it\/il-nuovo-oggi-autori-di-tutto-il-mondo-unitevi","title":{"rendered":"IL NUOVO OGGI Autori di tutto il mondo unitevi!"},"content":{"rendered":"\n<p class=\"wp-block-paragraph\"><strong><em>Il nuovo oggi<\/em><\/strong>&nbsp;richiede un\u2019unione internazionale fra gli autori, che difenda i loro diritti e la loro dignit\u00e0 professionale dall\u2019egemonia delle delle piattaforme: \u00e8 questa la proposta condivisa che emerge dall\u2019omonimo convegno che<strong> ANAC <\/strong>ha organizzato assieme a <strong>Roma Lazio Film Commission<\/strong> e <strong>Torino Piemonte Film Commission<\/strong> all\u2019interno degli <strong>Industry Days<\/strong> del <strong>Torino Film Industry<\/strong>, coinvolgendo anche il mondo degli autori dell\u2019America Latina che si sono collegati da Ventana Sur, il mercato dell\u2019audiovisivo che si svolge in questi giorni a&nbsp;&nbsp;Buenos Aires. <br>Interlocutori sempre pi\u00f9 importanti per l\u2019Italia, soprattutto da quando, sono aumentate drasticamente le coproduzioni con i loro territori: \u201cdel 40%, dopo che \u00e8 entrato in vigore il bando Lazio Cinema International, che destina alle coproduzioni internazionali dieci milioni di euro l\u2019anno\u201d ha ricordato in apertura<strong> Luciano Sovena<\/strong>, presidente di Roma Lazio Film Commission, e ha poi concluso, a fine dell\u2019incontro, sposando l\u2019appello di <strong>Beppe Gaudino<\/strong> affinch\u00e9&nbsp;&nbsp;tutte le associazioni si uniscano, costruendo un dialogo fra professionisti, istituzioni e sindacati, per internazionalizzare la questione dei diritti degli autori. <br>E\u2019 di&nbsp;<strong>Martin Salinas<\/strong>&nbsp;sceneggiatore, e parte del sindacato argentino degli autori, la proposta di elaborare un documento con pochi punti fondamentali e imprescindibili, condiviso da autori italiani, europei e latino-americani.<\/p>\n\n\n\n<p class=\"wp-block-paragraph\">Un altro invito&nbsp;&nbsp;agli autori ad&nbsp;&nbsp;avvicinarsi alle associazioni, abolendo le frontierearriva anche dallo sceneggiatore argentino&nbsp;<strong>Santiago Fernandez Calvete<\/strong>.<\/p>\n\n\n\n<p class=\"wp-block-paragraph\">La questione dei diritti \u00e8 uno dei due problemi fondamentali del nuovo panorama audiovisivo. L\u2019altro, come sottolinea <strong>Nicola Guaglianone<\/strong>, \u00e8 quello dell\u2019imperialismo culturale, cio\u00e8 &#8220;del rischio che queste grosse societ\u00e0 diventino Mac Donalds dell\u2019intrattenimento,  mentre dovremmo restare circoscritti e raccontare i nostri mondi. Chi sta scrivendo oggi la nostra storia?&#8221; si chiede lo sceneggiatore di <em>Lo chiamavano Jeeg Robot<\/em> e <em>Freaks Out<\/em>, ammettendo, per\u00f2, che &#8220;la Serie di Zero Calcare mi ha rincuorato, \u00e8 ben radicata sul territorio bench\u00e9 racconti temi universali&#8221;. <br>L&#8217;identit\u00e0 culturale \u00e8 un presidio da difendere, &#8220;riconoscendo il buono che le piattaforme hanno portato, nel modificare in meglio la sintassi narrativa con cui si scrivono le serie, -continua Guaglianone, &#8211; Con il fenomeno del binge-watching, non c&#8217;\u00e8 pi\u00f9 bisogno, ad esempio, di tenere costantemente viva la memoria degli spettatori con linee orizzontali che possono permettersi adesso anche di \u2018scomparire per qualche puntata\u2019.\u201d<\/p>\n\n\n\n<p class=\"wp-block-paragraph\">Ma la battaglia sui contenuti \u00e8 indiscutibilmente legata alla questione dei diritti, come evidenzia efficacemente\u00a0<strong>Stefano Reali: \u201c<\/strong>Chiedere che gli autori abbiano una retribuzione congrua rispetto al reddito che contribuiscono a creare, significa anche metterli nelle condizioni di concentrarsi e tirare fuori quelle originalit\u00e0 narrative che sfidano il pensiero unico e sono state l\u2019unico motivo per cui lo spettacolo ha reso ricco chi lo faceva: il cinema e la tv sono diventati grandi quando sono andati controcorrente, cosa non semplice in questa specie di edicola sterminata di offerte di cui siamo circondati.&#8221;<\/p>\n\n\n\n<p class=\"wp-block-paragraph\">Lotte ancora pi\u00f9 drammaticamente sentite in America Latina: dall\u2019Argentina, al Messico, al Brasile, dove in pochi anni le produzioni delle telenovelas indipendenti si sono spostate verso la massiccia produzione seriale delle piattaforme \u201cche contrattano autori giovanissimi senza alcuna esperienza di trattativa negoziale, e che accettano contratti che non rispettano la loro dignit\u00e0\u201d dice <strong>Roberta Miller <\/strong>sceneggiatrice e direttrice di <strong>Gedar Brasil<\/strong>, l\u2019ente di gestione dei diritti degli sceneggiatori brasiliani, o in Cile, dove \u201cnon abbiamo mai sottoscritto un contratto di lavoro, siamo tutti freelance, e il buy out&nbsp;&nbsp;\u00e8 assoluto, nessuno pu\u00f2 &#8216;pitchare&#8217; una serie se non la vende completamente, aggiunge&nbsp;<strong>Luz Croxatto <\/strong>sceneggiatrice e attrice<strong> <\/strong>cilena.<\/p>\n\n\n\n<p class=\"wp-block-paragraph\">Quello del buy out, cio\u00e8 della cessione in toto dei diritti&nbsp;&nbsp;alla piattaforma, \u00e8 un problema trasversale.&nbsp;&nbsp;L\u2019unico spiraglio di luce, per ora, arriva dalla Francia, dove grazie alla trattativa fra autori francesi e piattaforme, sono stati inseriti due nuovi articoli che limitano, sia&nbsp;&nbsp;la&nbsp;clausula del buy out, appunto, sia l\u2019accesso ai fondi del CNC da parte delle piattaforme e dei produttori che ci lavorano. <br>E per evitare che lo strapotere delle nuove tecnologie si arricchisca oltre misura, approfittandosi&nbsp;&nbsp;del periodo di deregulation generato dalla rivoluzione che esse stesse hanno portato, sarebbe necessario \u201cche ogni paese recepisse, senza stravolgerla, la nuova direttiva sul diritto d\u2019autore approvata dal Parlamento Europeo, dove il principio dell\u2019equo compenso d\u00e0 delle opportunit\u00e0 in pi\u00f9\u201d,&nbsp;&nbsp;sostiene il presidente dell\u2019Anac <strong>Francesco Ranieri Martinotti<\/strong>, che ha moderato l\u2019incontro nel giorno, fra l\u2019altro, in cui al Torino Film Festival viene presentato,&nbsp;fuori concorso,&nbsp;il suo documentario sulla vicenda politica dell\u2019Anac,&nbsp;<strong><em>L\u2019onda lunga &#8211; Storia extra-ordinaria di un\u2019associazione<\/em><\/strong>.<\/p>\n\n\n\n<p class=\"wp-block-paragraph\">Infine, <strong>Emanuela Piovano <\/strong>vicepresidente Anac, invita a riflettere su quanto la questione della vulnerabilit\u00e0 dei diritti sia legata anche alla dinamica autore-produttore, in parte responsabile, secondo lei, della produzione dell\u2019algoritmo: \u201cuno dei principi che mi ha ispirato nell\u2019accettare il mio incarico nell\u2019Anac \u00e8 quello secondo cui gli autori dovrebbero diventare produttori di loro stessi, creare la propria bottega, come gli artigiani, o come i contadini prima che iniziassero le coltivazioni intensive. Penso a autori come Calopresti, Gaudino, Almodovar, Naomi Kawase, Laurent Cantet: creatori di prototipi non serializzabili per definizione. Io penso che i fondi pubblici andrebbero assegnati agli autori, che poi possono designare un capomastro per realizzare le loro opere.\u201d<\/p>\n\n\n\n<p class=\"wp-block-paragraph\">Un concetto in fondo, non cos\u00ec distante da quello del produttore creativo, o showrunner, anche se questa in realt\u00e0 \u00e8 una figura che appartiene al mondo della serialit\u00e0, soprattutto nord-americana, come ricorda Nicola Guaglianone, lamentando il fatto che in Italia ancora non sia riuscita a trovare il giusto spazio. <br>Guaglianone ha chiuso l\u2019incontro con la considerazione che \u201cprima essere sceneggiatori equivaleva a fare il recupero crediti, adesso a essere sindacalisti. Quello che vogliamo \u00e8 creare immaginari, storie, conflitti e che ci vengano riconosciuti i diritti che ci spettano perch\u00e9 senza sceneggiatura tutto questo mondo non esisterebbe.\u201d<\/p>\n","protected":false},"excerpt":{"rendered":"<p>Il Panel NAC Autori-Il nuovo oggi, al Torino Film Industry, organizzato con con il Sindacato Argentino degli Autori, il sostegno di Roma Lazio Film Commission e Torino Piemonte Film Commission,  e il coinvolgimento degli autori sudamericani riuniti a Ventana Sur<\/p>\n","protected":false},"author":2,"featured_media":290815,"comment_status":"closed","ping_status":"closed","sticky":false,"template":"","format":"standard","meta":{"googlesitekit_rrm_CAow3e7fCw:productID":"","_crdt_document":"","footnotes":""},"categories":[1],"tags":[417,488],"class_list":{"0":"post-290813","1":"post","2":"type-post","3":"status-publish","4":"format-standard","5":"has-post-thumbnail","7":"category-senza-categoria","8":"tag-film-commission-torino-piemonte","9":"tag-roma-lazio-film-commission"},"yoast_head":"<!-- This site is optimized with the Yoast SEO Premium plugin v27.4 (Yoast SEO v27.5) - https:\/\/yoast.com\/product\/yoast-seo-premium-wordpress\/ -->\n<title>IL NUOVO OGGI Autori di tutto il mondo unitevi! - Cinema &amp; Video International<\/title>\n<meta name=\"description\" content=\"IL NUOVO OGGI Autori di tutto il mondo unitevi! \u2013 il nuovo oggi autori di tutto. Il nuovo oggi&nbsp;richiede un\u2019unione internazionale fra gli autori, che\" \/>\n<meta name=\"robots\" content=\"index, follow, max-snippet:-1, max-image-preview:large, max-video-preview:-1\" \/>\n<link rel=\"canonical\" href=\"https:\/\/cinema.video\/it\/il-nuovo-oggi-autori-di-tutto-il-mondo-unitevi\" \/>\n<meta property=\"og:locale\" content=\"it_IT\" \/>\n<meta property=\"og:type\" content=\"article\" \/>\n<meta property=\"og:title\" content=\"IL NUOVO OGGI Autori di tutto il mondo unitevi!\" \/>\n<meta property=\"og:description\" content=\"IL NUOVO OGGI Autori di tutto il mondo unitevi! \u2013 il nuovo oggi autori di tutto. Il nuovo oggi&nbsp;richiede un\u2019unione internazionale fra gli autori, che\" \/>\n<meta property=\"og:url\" content=\"https:\/\/cinema.video\/it\/il-nuovo-oggi-autori-di-tutto-il-mondo-unitevi\" \/>\n<meta property=\"og:site_name\" content=\"Cinema &amp; Video International\" \/>\n<meta property=\"article:publisher\" content=\"https:\/\/www.facebook.com\/CinemaVideoInternational\/\" \/>\n<meta property=\"article:published_time\" content=\"2021-11-30T18:34:21+00:00\" \/>\n<meta property=\"article:modified_time\" content=\"2026-04-10T01:55:56+00:00\" \/>\n<meta property=\"og:image\" content=\"https:\/\/cinema.video\/wp-content\/uploads\/2021\/11\/Anac.jpg\" \/>\n\t<meta property=\"og:image:width\" content=\"626\" \/>\n\t<meta property=\"og:image:height\" content=\"418\" \/>\n\t<meta property=\"og:image:type\" content=\"image\/jpeg\" \/>\n<meta name=\"author\" content=\"Carolina Mancini\" \/>\n<meta name=\"twitter:card\" content=\"summary_large_image\" \/>\n<meta name=\"twitter:label1\" content=\"Scritto da\" \/>\n\t<meta name=\"twitter:data1\" content=\"Carolina Mancini\" \/>\n\t<meta name=\"twitter:label2\" content=\"Tempo di lettura stimato\" \/>\n\t<meta name=\"twitter:data2\" content=\"5 minuti\" \/>\n<script type=\"application\/ld+json\" class=\"yoast-schema-graph\">{\"@context\":\"https:\\\/\\\/schema.org\",\"@graph\":[{\"@type\":\"Article\",\"@id\":\"https:\\\/\\\/cinema.video\\\/it\\\/il-nuovo-oggi-autori-di-tutto-il-mondo-unitevi#article\",\"isPartOf\":{\"@id\":\"https:\\\/\\\/cinema.video\\\/it\\\/il-nuovo-oggi-autori-di-tutto-il-mondo-unitevi\"},\"author\":{\"name\":\"Carolina Mancini\",\"@id\":\"https:\\\/\\\/cinema.video\\\/it#\\\/schema\\\/person\\\/d5479fad8d0f2360000eb4aab6bb6e5d\"},\"headline\":\"IL NUOVO OGGI Autori di tutto il mondo unitevi!\",\"datePublished\":\"2021-11-30T18:34:21+00:00\",\"dateModified\":\"2026-04-10T01:55:56+00:00\",\"mainEntityOfPage\":{\"@id\":\"https:\\\/\\\/cinema.video\\\/it\\\/il-nuovo-oggi-autori-di-tutto-il-mondo-unitevi\"},\"wordCount\":984,\"publisher\":{\"@id\":\"https:\\\/\\\/cinema.video\\\/it#organization\"},\"image\":{\"@id\":\"https:\\\/\\\/cinema.video\\\/it\\\/il-nuovo-oggi-autori-di-tutto-il-mondo-unitevi#primaryimage\"},\"thumbnailUrl\":\"https:\\\/\\\/cinema.video\\\/wp-content\\\/uploads\\\/2021\\\/11\\\/Anac.jpg\",\"keywords\":[\"FILM COMMISSION TORINO PIEMONTE\",\"Roma Lazio Film Commission\"],\"inLanguage\":\"it-IT\"},{\"@type\":\"WebPage\",\"@id\":\"https:\\\/\\\/cinema.video\\\/it\\\/il-nuovo-oggi-autori-di-tutto-il-mondo-unitevi\",\"url\":\"https:\\\/\\\/cinema.video\\\/it\\\/il-nuovo-oggi-autori-di-tutto-il-mondo-unitevi\",\"name\":\"IL NUOVO OGGI Autori di tutto il mondo unitevi! - Cinema &amp; Video International\",\"isPartOf\":{\"@id\":\"https:\\\/\\\/cinema.video\\\/it#website\"},\"primaryImageOfPage\":{\"@id\":\"https:\\\/\\\/cinema.video\\\/it\\\/il-nuovo-oggi-autori-di-tutto-il-mondo-unitevi#primaryimage\"},\"image\":{\"@id\":\"https:\\\/\\\/cinema.video\\\/it\\\/il-nuovo-oggi-autori-di-tutto-il-mondo-unitevi#primaryimage\"},\"thumbnailUrl\":\"https:\\\/\\\/cinema.video\\\/wp-content\\\/uploads\\\/2021\\\/11\\\/Anac.jpg\",\"datePublished\":\"2021-11-30T18:34:21+00:00\",\"dateModified\":\"2026-04-10T01:55:56+00:00\",\"description\":\"IL NUOVO OGGI Autori di tutto il mondo unitevi! \u2013 il nuovo oggi autori di tutto. Il nuovo oggi&nbsp;richiede un\u2019unione internazionale fra gli autori, che\",\"breadcrumb\":{\"@id\":\"https:\\\/\\\/cinema.video\\\/it\\\/il-nuovo-oggi-autori-di-tutto-il-mondo-unitevi#breadcrumb\"},\"inLanguage\":\"it-IT\",\"potentialAction\":[{\"@type\":\"ReadAction\",\"target\":[\"https:\\\/\\\/cinema.video\\\/it\\\/il-nuovo-oggi-autori-di-tutto-il-mondo-unitevi\"]}]},{\"@type\":\"ImageObject\",\"inLanguage\":\"it-IT\",\"@id\":\"https:\\\/\\\/cinema.video\\\/it\\\/il-nuovo-oggi-autori-di-tutto-il-mondo-unitevi#primaryimage\",\"url\":\"https:\\\/\\\/cinema.video\\\/wp-content\\\/uploads\\\/2021\\\/11\\\/Anac.jpg\",\"contentUrl\":\"https:\\\/\\\/cinema.video\\\/wp-content\\\/uploads\\\/2021\\\/11\\\/Anac.jpg\",\"width\":626,\"height\":418},{\"@type\":\"BreadcrumbList\",\"@id\":\"https:\\\/\\\/cinema.video\\\/it\\\/il-nuovo-oggi-autori-di-tutto-il-mondo-unitevi#breadcrumb\",\"itemListElement\":[{\"@type\":\"ListItem\",\"position\":1,\"name\":\"Home\",\"item\":\"https:\\\/\\\/cinema.video\\\/it\\\/home-2\"},{\"@type\":\"ListItem\",\"position\":2,\"name\":\"IL NUOVO OGGI Autori di tutto il mondo unitevi!\"}]},{\"@type\":\"WebSite\",\"@id\":\"https:\\\/\\\/cinema.video\\\/it#website\",\"url\":\"https:\\\/\\\/cinema.video\\\/it\",\"name\":\"Cinema & Video International\",\"description\":\"Film &amp; Audiovisual Industry Trade Magazine\",\"publisher\":{\"@id\":\"https:\\\/\\\/cinema.video\\\/it#organization\"},\"alternateName\":\"Cinema & Video\",\"potentialAction\":[{\"@type\":\"SearchAction\",\"target\":{\"@type\":\"EntryPoint\",\"urlTemplate\":\"https:\\\/\\\/cinema.video\\\/it?s={search_term_string}\"},\"query-input\":{\"@type\":\"PropertyValueSpecification\",\"valueRequired\":true,\"valueName\":\"search_term_string\"}}],\"inLanguage\":\"it-IT\"},{\"@type\":\"Organization\",\"@id\":\"https:\\\/\\\/cinema.video\\\/it#organization\",\"name\":\"Cinema & Video\",\"url\":\"https:\\\/\\\/cinema.video\\\/it\",\"logo\":{\"@type\":\"ImageObject\",\"inLanguage\":\"it-IT\",\"@id\":\"https:\\\/\\\/cinema.video\\\/it#\\\/schema\\\/logo\\\/image\\\/\",\"url\":\"https:\\\/\\\/cinema.video\\\/wp-content\\\/uploads\\\/2026\\\/04\\\/CinemVideo_LogoBlack.png\",\"contentUrl\":\"https:\\\/\\\/cinema.video\\\/wp-content\\\/uploads\\\/2026\\\/04\\\/CinemVideo_LogoBlack.png\",\"width\":1336,\"height\":224,\"caption\":\"Cinema & Video\"},\"image\":{\"@id\":\"https:\\\/\\\/cinema.video\\\/it#\\\/schema\\\/logo\\\/image\\\/\"},\"sameAs\":[\"https:\\\/\\\/www.facebook.com\\\/CinemaVideoInternational\\\/\",\"https:\\\/\\\/www.instagram.com\\\/cinemaevideointernational\\\/\",\"https:\\\/\\\/it.linkedin.com\\\/company\\\/cinema-video-international\"],\"description\":\"Media Consulting & Marketing Agency\",\"email\":\"hello@darostudio.com\",\"legalName\":\"DARO studio LLC\",\"foundingDate\":\"2021-02-16\",\"numberOfEmployees\":{\"@type\":\"QuantitativeValue\",\"minValue\":\"1\",\"maxValue\":\"10\"}},{\"@type\":\"Person\",\"@id\":\"https:\\\/\\\/cinema.video\\\/it#\\\/schema\\\/person\\\/d5479fad8d0f2360000eb4aab6bb6e5d\",\"name\":\"Carolina Mancini\",\"image\":{\"@type\":\"ImageObject\",\"inLanguage\":\"it-IT\",\"@id\":\"https:\\\/\\\/secure.gravatar.com\\\/avatar\\\/d4758965c5e8730dbaaa7131a628547771a26c1e5bf14fe323d96f8246a62baf?s=96&d=mm&r=g\",\"url\":\"https:\\\/\\\/secure.gravatar.com\\\/avatar\\\/d4758965c5e8730dbaaa7131a628547771a26c1e5bf14fe323d96f8246a62baf?s=96&d=mm&r=g\",\"contentUrl\":\"https:\\\/\\\/secure.gravatar.com\\\/avatar\\\/d4758965c5e8730dbaaa7131a628547771a26c1e5bf14fe323d96f8246a62baf?s=96&d=mm&r=g\",\"caption\":\"Carolina Mancini\"},\"url\":\"https:\\\/\\\/cinema.video\\\/it\\\/author\\\/carolin\"}]}<\/script>\n<!-- \/ Yoast SEO Premium plugin. -->","yoast_head_json":{"title":"IL NUOVO OGGI Autori di tutto il mondo unitevi! - Cinema &amp; Video International","description":"IL NUOVO OGGI Autori di tutto il mondo unitevi! \u2013 il nuovo oggi autori di tutto. Il nuovo oggi&nbsp;richiede un\u2019unione internazionale fra gli autori, che","robots":{"index":"index","follow":"follow","max-snippet":"max-snippet:-1","max-image-preview":"max-image-preview:large","max-video-preview":"max-video-preview:-1"},"canonical":"https:\/\/cinema.video\/it\/il-nuovo-oggi-autori-di-tutto-il-mondo-unitevi","og_locale":"it_IT","og_type":"article","og_title":"IL NUOVO OGGI Autori di tutto il mondo unitevi!","og_description":"IL NUOVO OGGI Autori di tutto il mondo unitevi! \u2013 il nuovo oggi autori di tutto. Il nuovo oggi&nbsp;richiede un\u2019unione internazionale fra gli autori, che","og_url":"https:\/\/cinema.video\/it\/il-nuovo-oggi-autori-di-tutto-il-mondo-unitevi","og_site_name":"Cinema &amp; Video International","article_publisher":"https:\/\/www.facebook.com\/CinemaVideoInternational\/","article_published_time":"2021-11-30T18:34:21+00:00","article_modified_time":"2026-04-10T01:55:56+00:00","og_image":[{"width":626,"height":418,"url":"https:\/\/cinema.video\/wp-content\/uploads\/2021\/11\/Anac.jpg","type":"image\/jpeg"}],"author":"Carolina Mancini","twitter_card":"summary_large_image","twitter_misc":{"Scritto da":"Carolina Mancini","Tempo di lettura stimato":"5 minuti"},"schema":{"@context":"https:\/\/schema.org","@graph":[{"@type":"Article","@id":"https:\/\/cinema.video\/it\/il-nuovo-oggi-autori-di-tutto-il-mondo-unitevi#article","isPartOf":{"@id":"https:\/\/cinema.video\/it\/il-nuovo-oggi-autori-di-tutto-il-mondo-unitevi"},"author":{"name":"Carolina Mancini","@id":"https:\/\/cinema.video\/it#\/schema\/person\/d5479fad8d0f2360000eb4aab6bb6e5d"},"headline":"IL NUOVO OGGI Autori di tutto il mondo unitevi!","datePublished":"2021-11-30T18:34:21+00:00","dateModified":"2026-04-10T01:55:56+00:00","mainEntityOfPage":{"@id":"https:\/\/cinema.video\/it\/il-nuovo-oggi-autori-di-tutto-il-mondo-unitevi"},"wordCount":984,"publisher":{"@id":"https:\/\/cinema.video\/it#organization"},"image":{"@id":"https:\/\/cinema.video\/it\/il-nuovo-oggi-autori-di-tutto-il-mondo-unitevi#primaryimage"},"thumbnailUrl":"https:\/\/cinema.video\/wp-content\/uploads\/2021\/11\/Anac.jpg","keywords":["FILM COMMISSION TORINO PIEMONTE","Roma Lazio Film Commission"],"inLanguage":"it-IT"},{"@type":"WebPage","@id":"https:\/\/cinema.video\/it\/il-nuovo-oggi-autori-di-tutto-il-mondo-unitevi","url":"https:\/\/cinema.video\/it\/il-nuovo-oggi-autori-di-tutto-il-mondo-unitevi","name":"IL NUOVO OGGI Autori di tutto il mondo unitevi! - Cinema &amp; Video International","isPartOf":{"@id":"https:\/\/cinema.video\/it#website"},"primaryImageOfPage":{"@id":"https:\/\/cinema.video\/it\/il-nuovo-oggi-autori-di-tutto-il-mondo-unitevi#primaryimage"},"image":{"@id":"https:\/\/cinema.video\/it\/il-nuovo-oggi-autori-di-tutto-il-mondo-unitevi#primaryimage"},"thumbnailUrl":"https:\/\/cinema.video\/wp-content\/uploads\/2021\/11\/Anac.jpg","datePublished":"2021-11-30T18:34:21+00:00","dateModified":"2026-04-10T01:55:56+00:00","description":"IL NUOVO OGGI Autori di tutto il mondo unitevi! \u2013 il nuovo oggi autori di tutto. Il nuovo oggi&nbsp;richiede un\u2019unione internazionale fra gli autori, che","breadcrumb":{"@id":"https:\/\/cinema.video\/it\/il-nuovo-oggi-autori-di-tutto-il-mondo-unitevi#breadcrumb"},"inLanguage":"it-IT","potentialAction":[{"@type":"ReadAction","target":["https:\/\/cinema.video\/it\/il-nuovo-oggi-autori-di-tutto-il-mondo-unitevi"]}]},{"@type":"ImageObject","inLanguage":"it-IT","@id":"https:\/\/cinema.video\/it\/il-nuovo-oggi-autori-di-tutto-il-mondo-unitevi#primaryimage","url":"https:\/\/cinema.video\/wp-content\/uploads\/2021\/11\/Anac.jpg","contentUrl":"https:\/\/cinema.video\/wp-content\/uploads\/2021\/11\/Anac.jpg","width":626,"height":418},{"@type":"BreadcrumbList","@id":"https:\/\/cinema.video\/it\/il-nuovo-oggi-autori-di-tutto-il-mondo-unitevi#breadcrumb","itemListElement":[{"@type":"ListItem","position":1,"name":"Home","item":"https:\/\/cinema.video\/it\/home-2"},{"@type":"ListItem","position":2,"name":"IL NUOVO OGGI Autori di tutto il mondo unitevi!"}]},{"@type":"WebSite","@id":"https:\/\/cinema.video\/it#website","url":"https:\/\/cinema.video\/it","name":"Cinema & Video International","description":"Film &amp; Audiovisual Industry Trade Magazine","publisher":{"@id":"https:\/\/cinema.video\/it#organization"},"alternateName":"Cinema & Video","potentialAction":[{"@type":"SearchAction","target":{"@type":"EntryPoint","urlTemplate":"https:\/\/cinema.video\/it?s={search_term_string}"},"query-input":{"@type":"PropertyValueSpecification","valueRequired":true,"valueName":"search_term_string"}}],"inLanguage":"it-IT"},{"@type":"Organization","@id":"https:\/\/cinema.video\/it#organization","name":"Cinema & Video","url":"https:\/\/cinema.video\/it","logo":{"@type":"ImageObject","inLanguage":"it-IT","@id":"https:\/\/cinema.video\/it#\/schema\/logo\/image\/","url":"https:\/\/cinema.video\/wp-content\/uploads\/2026\/04\/CinemVideo_LogoBlack.png","contentUrl":"https:\/\/cinema.video\/wp-content\/uploads\/2026\/04\/CinemVideo_LogoBlack.png","width":1336,"height":224,"caption":"Cinema & Video"},"image":{"@id":"https:\/\/cinema.video\/it#\/schema\/logo\/image\/"},"sameAs":["https:\/\/www.facebook.com\/CinemaVideoInternational\/","https:\/\/www.instagram.com\/cinemaevideointernational\/","https:\/\/it.linkedin.com\/company\/cinema-video-international"],"description":"Media Consulting & Marketing Agency","email":"hello@darostudio.com","legalName":"DARO studio LLC","foundingDate":"2021-02-16","numberOfEmployees":{"@type":"QuantitativeValue","minValue":"1","maxValue":"10"}},{"@type":"Person","@id":"https:\/\/cinema.video\/it#\/schema\/person\/d5479fad8d0f2360000eb4aab6bb6e5d","name":"Carolina Mancini","image":{"@type":"ImageObject","inLanguage":"it-IT","@id":"https:\/\/secure.gravatar.com\/avatar\/d4758965c5e8730dbaaa7131a628547771a26c1e5bf14fe323d96f8246a62baf?s=96&d=mm&r=g","url":"https:\/\/secure.gravatar.com\/avatar\/d4758965c5e8730dbaaa7131a628547771a26c1e5bf14fe323d96f8246a62baf?s=96&d=mm&r=g","contentUrl":"https:\/\/secure.gravatar.com\/avatar\/d4758965c5e8730dbaaa7131a628547771a26c1e5bf14fe323d96f8246a62baf?s=96&d=mm&r=g","caption":"Carolina Mancini"},"url":"https:\/\/cinema.video\/it\/author\/carolin"}]}},"jetpack_featured_media_url":"https:\/\/cinema.video\/wp-content\/uploads\/2021\/11\/Anac.jpg","jetpack_shortlink":"https:\/\/wp.me\/ph672m-1dEx","_links":{"self":[{"href":"https:\/\/cinema.video\/it\/wp-json\/wp\/v2\/posts\/290813","targetHints":{"allow":["GET"]}}],"collection":[{"href":"https:\/\/cinema.video\/it\/wp-json\/wp\/v2\/posts"}],"about":[{"href":"https:\/\/cinema.video\/it\/wp-json\/wp\/v2\/types\/post"}],"author":[{"embeddable":true,"href":"https:\/\/cinema.video\/it\/wp-json\/wp\/v2\/users\/2"}],"replies":[{"embeddable":true,"href":"https:\/\/cinema.video\/it\/wp-json\/wp\/v2\/comments?post=290813"}],"version-history":[{"count":1,"href":"https:\/\/cinema.video\/it\/wp-json\/wp\/v2\/posts\/290813\/revisions"}],"predecessor-version":[{"id":308475,"href":"https:\/\/cinema.video\/it\/wp-json\/wp\/v2\/posts\/290813\/revisions\/308475"}],"wp:featuredmedia":[{"embeddable":true,"href":"https:\/\/cinema.video\/it\/wp-json\/wp\/v2\/media\/290815"}],"wp:attachment":[{"href":"https:\/\/cinema.video\/it\/wp-json\/wp\/v2\/media?parent=290813"}],"wp:term":[{"taxonomy":"category","embeddable":true,"href":"https:\/\/cinema.video\/it\/wp-json\/wp\/v2\/categories?post=290813"},{"taxonomy":"post_tag","embeddable":true,"href":"https:\/\/cinema.video\/it\/wp-json\/wp\/v2\/tags?post=290813"}],"curies":[{"name":"wp","href":"https:\/\/api.w.org\/{rel}","templated":true}]}}