{"id":290779,"date":"2021-11-29T12:37:56","date_gmt":"2021-11-29T11:37:56","guid":{"rendered":"https:\/\/cinema.video\/?p=290779"},"modified":"2026-04-10T03:55:55","modified_gmt":"2026-04-10T01:55:55","slug":"production-days-lo-sguardo-sul-futuro-del-cinema-in-sala","status":"publish","type":"post","link":"https:\/\/cinema.video\/it\/production-days-lo-sguardo-sul-futuro-del-cinema-in-sala","title":{"rendered":"PRODUCTION DAYS Lo sguardo sul futuro del cinema in sala"},"content":{"rendered":"\n<p class=\"wp-block-paragraph\">\u201cConfusione e indecisione regnano sovrane\u201d . E\u2019 la cronaca in diretta dal mondo del cinema nelle parole di <strong>Luigi Lonigro<\/strong>, presidente dei distributori cinematografici italiani, intervenuto il 26 novembre in \u201c I have seen the future, baby\u201d, incontro d\u2019apertura dei <strong>Production Days<\/strong> di <strong>Torino Film Industry<\/strong>, evento organizzato da <strong>Film Commission Torino Piemonte<\/strong> nel capoluogo piemontese. <\/p>\n\n\n\n<p class=\"wp-block-paragraph\">L\u2019incontro, preceduto dai saluti di <strong>Lucia Borgonzoni<\/strong>, sottosegretario al Ministero della Cultura ( \u201c le flm commission hanno un ruolo sempre maggiore nella narrazione del nostro paese\u201d, ha detto in collegamento streaming) e da <strong>Beatrice Borgia<\/strong>, fresca di nomina alla presidenza di Film Commission Torino Piemonte (\u201cinternazionalizzazione, qualit\u00e0 della produzione e responsabilit\u00e0\u201d le parole d\u2019ordine lanciate dalla neopresidente), introdotta dal direttore <strong>Paolo Manera <\/strong>ha cercato di affrontare il tema proposto dalle parole della canzone di Leonard Cohen, ma ha dovuto fare i conti prima di tutto con un presente molto difficile. \u201cDifficile fare previsioni sul futuro\u201d, ha ammesso <strong>Paolo Del Brocco<\/strong>, amministratore delegato di Rai Cinema: \u201cse dal punto di vista produttivo non si \u00e8 mai spento il motore, la distribuzione soffre&#8230;credevo in un rilancio pi\u00f9 veloce\u201d, ha confessato, riferendosi all\u2019euforia di primavera che vaticinava un ritorno in massa del pubblico in sala, \u201caffamato di cinema\u201d.<\/p>\n\n\n\n<p class=\"wp-block-paragraph\">Certo non consola il fatto che, in questi strani tempi, l\u2019incertezza regni sovrana ovunque: i fatti sono che i numeri del box office hanno segnato, rispetto al 2019, un meno 45% di frequentazione al cinema in ottobre, cui ha fatto seguito (per la prima volta nella storia del box office italiano) un novembre ancora meno performante ( meno 75%). \u201cC\u2019\u00e8 un Europa a due velocit\u00e0\u201d, ha avvertito Lonigro, dove gli altri paesi hanno recuperato il loro pubblico e Inghilterra e Polonia hanno addirittura aumentato le presenze in sala rispetto al periodo prepandemico. In Inghilterra in particolare, nonostante quel paese stia soffrendo un\u2019 emergenza sanitaria peggiore della nostra, la gente non ha paura di andare al cinema. La paura \u00e8 invece prevalente in Italia: \u201cE\u2019 una percezione di non sicurezza\u201d, ha spiegato <strong>Massimo Proietti<\/strong>, direttore marketing di Universal, di un pubblico che tuttavia \u201cvuole tornare al cinema\u201d, e l\u2019inversione di tendenza avverr\u00e0 da maggio a dicembre 2022, ha preconizzato, citando uno studio condotto dall\u2019azienda. <\/p>\n\n\n\n<p class=\"wp-block-paragraph\">In questo squarcio di ottimismo \u00e8 entrato <strong>Fabio Meloni<\/strong>, che con il suo Aquila, noto cinema d\u2019essai di Roma, ha registrato, da settembre a oggi, incassi superiori allo stesso periodo del 2019, grazie a una programmazione molto targhettizzata ( \u201cabbiamo puntato su film con specificit\u00e0 LGBT e sui diritti civili\u201d )<\/p>\n\n\n\n<p class=\"wp-block-paragraph\">Prevalente la convinzione che le piattaforme non siano il nemico delle sale, ma possano esserne complementari. \u201cOccorre una convivenza equilibrata\u201d ha enigmaticamente detto Del Brocco, che ha rivendicato la linea editoriale di Rai Cinema tesa alla creazione di un cinema fortemente identitario, linea che non potr\u00e0 mai essere quella degli OTT, dove l\u2019esigenza di \u201cpiacere a tutti\u201d porta inevitabilmente alla standardizzazione dei contenuti.<\/p>\n\n\n\n<p class=\"wp-block-paragraph\">Un esempio di questo \u201cequilibrio\u201d l\u2019ha fatto <strong>Massimiliano Orfei<\/strong>, amministratore delegato di Vision Distribution, citando il successo del film di Sorrentino \u201c E\u2019 stata la mano di Dio\u201dche Netflix ha fatto uscire in sala prima che su piattaforma: \u201cQuando il pubblico sente l\u2019urgenza di andare in sala la concorrenza delle piattaforme \u00e8 irrilevante\u201d, ha detto, rincarando: \u201cL\u2019educazione di cinema che stanno facendo le piattaforme \u00e8 fondamentale\u201d.<\/p>\n\n\n\n<p class=\"wp-block-paragraph\">Ma \u00e8 certo che la sala \u201csoffre\u201d, \u00e8 chi ne fa maggiormente le spese \u00e8 il cinema italiano, ha segnalato <strong>Giampaolo Letta<\/strong>, amministratore delegato di Medusa Film.<\/p>\n\n\n\n<p class=\"wp-block-paragraph\">Divisiva la questione delle windows, le finestre di sfruttamento dei film.<\/p>\n\n\n\n<p class=\"wp-block-paragraph\">Una regolamentazione \u00e8 necessaria per <strong>Mario Lorini<\/strong>, presidente ANEC, l\u2019associazione degli esercenti, che stabilisca gli intervalli di uscita, e dia la possibilit\u00e0 ai film non concepiti per la sala di andare direttamente sulle piattaforme, riducendo cos\u00ec l\u2019ingorgo delle uscite in sala.<\/p>\n\n\n\n<p class=\"wp-block-paragraph\">Una \u201cfinestra modulare\u201d ha invocato Luigi Lonigro, sottolineando come dagli USA, che \u00e8 sempre stato un \u201cfaro\u201d, vengano indicazioni contraddittorie, mentre in Francia esiste una legge che protegge lo sfruttamento del cinema in sala; \u201cla politica deve decidere\u201d ha esortato, per porre fine alla totale deregulation in atto. Di diverso avviso Massimo Proietti secondo cui bisogna aspettare per capire, in questa fase di sperimentazione, \u201cquale potrebbe essere la giusta window\u201d.<\/p>\n\n\n\n<p class=\"wp-block-paragraph\">Tuttavia non bastano le finestre a riportare la gente al cinema. <strong>Domenico Dinoia<\/strong>, presidente della Federazione Cinema d\u2019Essai ha annunciato che l\u2019Associazione ha commissionato uno studio sul pubblico che non c\u2019\u00e8 o non c\u2019\u00e8 pi\u00f9, richiedendo una maggiore liberta per l\u2019esercente, ormai cresciuto al rango di \u201cdirettore artistico\u201d, di organizzare la programmazione .<\/p>\n\n\n\n<p class=\"wp-block-paragraph\">Ribadita la centralit\u00e0 della sala come luogo di socialit\u00e0 e le opportunit\u00e0 offerte dalla multiprogrammazione, in pi\u00f9 interventi \u00e8 stata riaffermata l\u2019importanza della formazione, e il necessario legame con la scuola<\/p>\n\n\n\n<p class=\"wp-block-paragraph\">Molti gli interventi di qualificati professionisti all\u2019incontro di Torino, articolato in tre sessioni durante tutta la giornata del 26 ottobre: oltre ai personaggi citati c\u2019erano esercenti \u201ccoraggiosi\u201d come <strong>Sergio Oliva <\/strong>del Cinema Anteo di Milano, <strong>Claudio Storani<\/strong> del cinema Buonarroti di Civitavecchia, <strong>Sergio Troiano <\/strong>del Cinema Ambrosio e <strong>Gaetano Renda <\/strong>del cinema Centrale ( entrambi di Torino), distributori come <strong>Antonio Medici<\/strong> della BIM e <strong>Emanuela Ceddia<\/strong> di I Wonder.<\/p>\n\n\n\n<p class=\"wp-block-paragraph\">La sensazione \u00e8 che quell\u2019unit\u00e0 d\u2019intenti cementata dal positivo andamento del cinema in sala fino al 2019, sia stata molto indebolita dai colpi della pandemia, e che, nonostante parole d\u2019ordine come \u201crimboccarsi le maniche, restare uniti\u201d abbiano risuonato negli epici spazi del Museo del Risorgimento che ha ospitato l\u2019incontro, non si intravede una strategia comune per il futuro .<\/p>\n\n\n\n<p class=\"wp-block-paragraph\">Nota. positiva \u00e8 la prevalenza di giovani tra il pubblico, cosa non scontata per un evento professionale. Forse \u00e8 arrivato il momento di far salire loro sul palco degli oratori e ascoltarli. E\u2019 la differenza che c\u2019\u00e8 tra \u201cguardare il futuro\u201d e viverlo.<\/p>\n","protected":false},"excerpt":{"rendered":"<p>L&#8217;incontro d&#8217;apertura dei Production Days, organizzati a Torino dal 26 al 28 novembre dalla Film Commission Torino Piemonte<\/p>\n","protected":false},"author":3,"featured_media":290783,"comment_status":"closed","ping_status":"closed","sticky":false,"template":"","format":"standard","meta":{"googlesitekit_rrm_CAow3e7fCw:productID":"","_crdt_document":"","footnotes":""},"categories":[1],"tags":[208,417,433],"class_list":{"0":"post-290779","1":"post","2":"type-post","3":"status-publish","4":"format-standard","5":"has-post-thumbnail","7":"category-senza-categoria","8":"tag-fice","9":"tag-film-commission-torino-piemonte","10":"tag-rai"},"yoast_head":"<!-- This site is optimized with the Yoast SEO Premium plugin v27.4 (Yoast SEO v27.4) - https:\/\/yoast.com\/product\/yoast-seo-premium-wordpress\/ -->\n<title>PRODUCTION DAYS Lo sguardo sul futuro del cinema in sala - Cinema &amp; Video International<\/title>\n<meta name=\"description\" content=\"PRODUCTION DAYS Lo sguardo sul futuro del cinema in sala \u2013 production days lo sguardo sul futuro. \u201cConfusione e indecisione regnano sovrane\u201d . E\u2019 la crona\" \/>\n<meta name=\"robots\" content=\"index, follow, max-snippet:-1, max-image-preview:large, max-video-preview:-1\" \/>\n<link rel=\"canonical\" href=\"https:\/\/cinema.video\/it\/production-days-lo-sguardo-sul-futuro-del-cinema-in-sala\" \/>\n<meta property=\"og:locale\" content=\"it_IT\" \/>\n<meta property=\"og:type\" content=\"article\" \/>\n<meta property=\"og:title\" content=\"PRODUCTION DAYS Lo sguardo sul futuro del cinema in sala\" \/>\n<meta property=\"og:description\" content=\"PRODUCTION DAYS Lo sguardo sul futuro del cinema in sala \u2013 production days lo sguardo sul futuro. \u201cConfusione e indecisione regnano sovrane\u201d . E\u2019 la crona\" \/>\n<meta property=\"og:url\" content=\"https:\/\/cinema.video\/it\/production-days-lo-sguardo-sul-futuro-del-cinema-in-sala\" \/>\n<meta property=\"og:site_name\" content=\"Cinema &amp; Video International\" \/>\n<meta property=\"article:publisher\" content=\"https:\/\/www.facebook.com\/CinemaVideoInternational\/\" \/>\n<meta property=\"article:published_time\" content=\"2021-11-29T11:37:56+00:00\" \/>\n<meta property=\"article:modified_time\" content=\"2026-04-10T01:55:55+00:00\" \/>\n<meta property=\"og:image\" content=\"https:\/\/cinema.video\/wp-content\/uploads\/2021\/11\/26112021-DSCF8805-scaled.jpg\" \/>\n\t<meta property=\"og:image:width\" content=\"2560\" \/>\n\t<meta property=\"og:image:height\" content=\"1707\" \/>\n\t<meta property=\"og:image:type\" content=\"image\/jpeg\" \/>\n<meta name=\"author\" content=\"Paolo di Maira\" \/>\n<meta name=\"twitter:card\" content=\"summary_large_image\" \/>\n<meta name=\"twitter:label1\" content=\"Scritto da\" \/>\n\t<meta name=\"twitter:data1\" content=\"Paolo di Maira\" \/>\n\t<meta name=\"twitter:label2\" content=\"Tempo di lettura stimato\" \/>\n\t<meta name=\"twitter:data2\" content=\"5 minuti\" \/>\n<script type=\"application\/ld+json\" class=\"yoast-schema-graph\">{\"@context\":\"https:\\\/\\\/schema.org\",\"@graph\":[{\"@type\":\"Article\",\"@id\":\"https:\\\/\\\/cinema.video\\\/it\\\/production-days-lo-sguardo-sul-futuro-del-cinema-in-sala#article\",\"isPartOf\":{\"@id\":\"https:\\\/\\\/cinema.video\\\/it\\\/production-days-lo-sguardo-sul-futuro-del-cinema-in-sala\"},\"author\":{\"name\":\"Paolo di Maira\",\"@id\":\"https:\\\/\\\/cinema.video\\\/it#\\\/schema\\\/person\\\/f8104a60677fb10fe493beb104706772\"},\"headline\":\"PRODUCTION DAYS Lo sguardo sul futuro del cinema in sala\",\"datePublished\":\"2021-11-29T11:37:56+00:00\",\"dateModified\":\"2026-04-10T01:55:55+00:00\",\"mainEntityOfPage\":{\"@id\":\"https:\\\/\\\/cinema.video\\\/it\\\/production-days-lo-sguardo-sul-futuro-del-cinema-in-sala\"},\"wordCount\":952,\"publisher\":{\"@id\":\"https:\\\/\\\/cinema.video\\\/it#organization\"},\"image\":{\"@id\":\"https:\\\/\\\/cinema.video\\\/it\\\/production-days-lo-sguardo-sul-futuro-del-cinema-in-sala#primaryimage\"},\"thumbnailUrl\":\"https:\\\/\\\/cinema.video\\\/wp-content\\\/uploads\\\/2021\\\/11\\\/26112021-DSCF8805-scaled.jpg\",\"keywords\":[\"FICE\",\"FILM COMMISSION TORINO PIEMONTE\",\"RAI\"],\"inLanguage\":\"it-IT\"},{\"@type\":\"WebPage\",\"@id\":\"https:\\\/\\\/cinema.video\\\/it\\\/production-days-lo-sguardo-sul-futuro-del-cinema-in-sala\",\"url\":\"https:\\\/\\\/cinema.video\\\/it\\\/production-days-lo-sguardo-sul-futuro-del-cinema-in-sala\",\"name\":\"PRODUCTION DAYS Lo sguardo sul futuro del cinema in sala - Cinema &amp; Video International\",\"isPartOf\":{\"@id\":\"https:\\\/\\\/cinema.video\\\/it#website\"},\"primaryImageOfPage\":{\"@id\":\"https:\\\/\\\/cinema.video\\\/it\\\/production-days-lo-sguardo-sul-futuro-del-cinema-in-sala#primaryimage\"},\"image\":{\"@id\":\"https:\\\/\\\/cinema.video\\\/it\\\/production-days-lo-sguardo-sul-futuro-del-cinema-in-sala#primaryimage\"},\"thumbnailUrl\":\"https:\\\/\\\/cinema.video\\\/wp-content\\\/uploads\\\/2021\\\/11\\\/26112021-DSCF8805-scaled.jpg\",\"datePublished\":\"2021-11-29T11:37:56+00:00\",\"dateModified\":\"2026-04-10T01:55:55+00:00\",\"description\":\"PRODUCTION DAYS Lo sguardo sul futuro del cinema in sala \u2013 production days lo sguardo sul futuro. \u201cConfusione e indecisione regnano sovrane\u201d . E\u2019 la crona\",\"breadcrumb\":{\"@id\":\"https:\\\/\\\/cinema.video\\\/it\\\/production-days-lo-sguardo-sul-futuro-del-cinema-in-sala#breadcrumb\"},\"inLanguage\":\"it-IT\",\"potentialAction\":[{\"@type\":\"ReadAction\",\"target\":[\"https:\\\/\\\/cinema.video\\\/it\\\/production-days-lo-sguardo-sul-futuro-del-cinema-in-sala\"]}]},{\"@type\":\"ImageObject\",\"inLanguage\":\"it-IT\",\"@id\":\"https:\\\/\\\/cinema.video\\\/it\\\/production-days-lo-sguardo-sul-futuro-del-cinema-in-sala#primaryimage\",\"url\":\"https:\\\/\\\/cinema.video\\\/wp-content\\\/uploads\\\/2021\\\/11\\\/26112021-DSCF8805-scaled.jpg\",\"contentUrl\":\"https:\\\/\\\/cinema.video\\\/wp-content\\\/uploads\\\/2021\\\/11\\\/26112021-DSCF8805-scaled.jpg\",\"width\":2560,\"height\":1707},{\"@type\":\"BreadcrumbList\",\"@id\":\"https:\\\/\\\/cinema.video\\\/it\\\/production-days-lo-sguardo-sul-futuro-del-cinema-in-sala#breadcrumb\",\"itemListElement\":[{\"@type\":\"ListItem\",\"position\":1,\"name\":\"Home\",\"item\":\"https:\\\/\\\/cinema.video\\\/it\\\/home-2\"},{\"@type\":\"ListItem\",\"position\":2,\"name\":\"PRODUCTION DAYS Lo sguardo sul futuro del cinema in sala\"}]},{\"@type\":\"WebSite\",\"@id\":\"https:\\\/\\\/cinema.video\\\/it#website\",\"url\":\"https:\\\/\\\/cinema.video\\\/it\",\"name\":\"Cinema & Video International\",\"description\":\"Film &amp; Audiovisual Industry Trade Magazine\",\"publisher\":{\"@id\":\"https:\\\/\\\/cinema.video\\\/it#organization\"},\"alternateName\":\"Cinema & Video\",\"potentialAction\":[{\"@type\":\"SearchAction\",\"target\":{\"@type\":\"EntryPoint\",\"urlTemplate\":\"https:\\\/\\\/cinema.video\\\/it?s={search_term_string}\"},\"query-input\":{\"@type\":\"PropertyValueSpecification\",\"valueRequired\":true,\"valueName\":\"search_term_string\"}}],\"inLanguage\":\"it-IT\"},{\"@type\":\"Organization\",\"@id\":\"https:\\\/\\\/cinema.video\\\/it#organization\",\"name\":\"Cinema & Video\",\"url\":\"https:\\\/\\\/cinema.video\\\/it\",\"logo\":{\"@type\":\"ImageObject\",\"inLanguage\":\"it-IT\",\"@id\":\"https:\\\/\\\/cinema.video\\\/it#\\\/schema\\\/logo\\\/image\\\/\",\"url\":\"https:\\\/\\\/cinema.video\\\/wp-content\\\/uploads\\\/2026\\\/04\\\/CinemVideo_LogoBlack.png\",\"contentUrl\":\"https:\\\/\\\/cinema.video\\\/wp-content\\\/uploads\\\/2026\\\/04\\\/CinemVideo_LogoBlack.png\",\"width\":1336,\"height\":224,\"caption\":\"Cinema & Video\"},\"image\":{\"@id\":\"https:\\\/\\\/cinema.video\\\/it#\\\/schema\\\/logo\\\/image\\\/\"},\"sameAs\":[\"https:\\\/\\\/www.facebook.com\\\/CinemaVideoInternational\\\/\",\"https:\\\/\\\/www.instagram.com\\\/cinemaevideointernational\\\/\",\"https:\\\/\\\/it.linkedin.com\\\/company\\\/cinema-video-international\"],\"description\":\"Media Consulting & Marketing Agency\",\"email\":\"hello@darostudio.com\",\"legalName\":\"DARO studio LLC\",\"foundingDate\":\"2021-02-16\",\"numberOfEmployees\":{\"@type\":\"QuantitativeValue\",\"minValue\":\"1\",\"maxValue\":\"10\"}},{\"@type\":\"Person\",\"@id\":\"https:\\\/\\\/cinema.video\\\/it#\\\/schema\\\/person\\\/f8104a60677fb10fe493beb104706772\",\"name\":\"Paolo di Maira\",\"image\":{\"@type\":\"ImageObject\",\"inLanguage\":\"it-IT\",\"@id\":\"https:\\\/\\\/secure.gravatar.com\\\/avatar\\\/771f2f1ed52288870c094eaf85ff9ee49655ec12aa7e7832c3b3e4b8f5afdf10?s=96&d=mm&r=g\",\"url\":\"https:\\\/\\\/secure.gravatar.com\\\/avatar\\\/771f2f1ed52288870c094eaf85ff9ee49655ec12aa7e7832c3b3e4b8f5afdf10?s=96&d=mm&r=g\",\"contentUrl\":\"https:\\\/\\\/secure.gravatar.com\\\/avatar\\\/771f2f1ed52288870c094eaf85ff9ee49655ec12aa7e7832c3b3e4b8f5afdf10?s=96&d=mm&r=g\",\"caption\":\"Paolo di Maira\"},\"description\":\"Paolo Di Maira, giornalista, ha fondato Cinema&amp;Video International nel 1994, portando nella nuova testata l\u2019esperienza e le risorse accumulate nella direzione di Nuovo Cinema Europeo, rivista storica dei professionisti del settore, pubblicata fino al 1993. Ha svolto attivit\u00e0 di consulenza alla comunicazione per istituzioni culturali e prestigiose aziende audiovisive. (Mifed-Fiera Milano; Rai Trade; Istituto Italiano di Scienze Umane). Le relazioni fra cinema e territorio, che da sempre occupano un posto privilegiato all\u2019interno di Cinema&amp;Video (con rubriche dedicate al cineturismo, alle attivit\u00e0 delle film commission, e ai fondi regionali all\u2019audiovisivo), lo hanno portato a fondare nel 2005, assieme ad Andrea Rocco ed Alessandro Signetto, il \u00a0Centro Studi su Audiovisivo e Territorio Luoghi&amp;Location, e a ideare a realizzare, assieme all\u2019operatore turistico Ville in Italia e a Carolina Mancini, Emotions in Italy, magazine online che si occupa di cultura, territorio ed Italian Lifestyle. Attraverso la IMPACT, azienda di cui \u00e8 titolare, edita Cinema&amp;Video International, e realizza servizi editoriali per conto terzi.\",\"url\":\"https:\\\/\\\/cinema.video\\\/it\\\/author\\\/paolo\"}]}<\/script>\n<!-- \/ Yoast SEO Premium plugin. -->","yoast_head_json":{"title":"PRODUCTION DAYS Lo sguardo sul futuro del cinema in sala - Cinema &amp; Video International","description":"PRODUCTION DAYS Lo sguardo sul futuro del cinema in sala \u2013 production days lo sguardo sul futuro. \u201cConfusione e indecisione regnano sovrane\u201d . E\u2019 la crona","robots":{"index":"index","follow":"follow","max-snippet":"max-snippet:-1","max-image-preview":"max-image-preview:large","max-video-preview":"max-video-preview:-1"},"canonical":"https:\/\/cinema.video\/it\/production-days-lo-sguardo-sul-futuro-del-cinema-in-sala","og_locale":"it_IT","og_type":"article","og_title":"PRODUCTION DAYS Lo sguardo sul futuro del cinema in sala","og_description":"PRODUCTION DAYS Lo sguardo sul futuro del cinema in sala \u2013 production days lo sguardo sul futuro. \u201cConfusione e indecisione regnano sovrane\u201d . E\u2019 la crona","og_url":"https:\/\/cinema.video\/it\/production-days-lo-sguardo-sul-futuro-del-cinema-in-sala","og_site_name":"Cinema &amp; Video International","article_publisher":"https:\/\/www.facebook.com\/CinemaVideoInternational\/","article_published_time":"2021-11-29T11:37:56+00:00","article_modified_time":"2026-04-10T01:55:55+00:00","og_image":[{"width":2560,"height":1707,"url":"https:\/\/cinema.video\/wp-content\/uploads\/2021\/11\/26112021-DSCF8805-scaled.jpg","type":"image\/jpeg"}],"author":"Paolo di Maira","twitter_card":"summary_large_image","twitter_misc":{"Scritto da":"Paolo di Maira","Tempo di lettura stimato":"5 minuti"},"schema":{"@context":"https:\/\/schema.org","@graph":[{"@type":"Article","@id":"https:\/\/cinema.video\/it\/production-days-lo-sguardo-sul-futuro-del-cinema-in-sala#article","isPartOf":{"@id":"https:\/\/cinema.video\/it\/production-days-lo-sguardo-sul-futuro-del-cinema-in-sala"},"author":{"name":"Paolo di Maira","@id":"https:\/\/cinema.video\/it#\/schema\/person\/f8104a60677fb10fe493beb104706772"},"headline":"PRODUCTION DAYS Lo sguardo sul futuro del cinema in sala","datePublished":"2021-11-29T11:37:56+00:00","dateModified":"2026-04-10T01:55:55+00:00","mainEntityOfPage":{"@id":"https:\/\/cinema.video\/it\/production-days-lo-sguardo-sul-futuro-del-cinema-in-sala"},"wordCount":952,"publisher":{"@id":"https:\/\/cinema.video\/it#organization"},"image":{"@id":"https:\/\/cinema.video\/it\/production-days-lo-sguardo-sul-futuro-del-cinema-in-sala#primaryimage"},"thumbnailUrl":"https:\/\/cinema.video\/wp-content\/uploads\/2021\/11\/26112021-DSCF8805-scaled.jpg","keywords":["FICE","FILM COMMISSION TORINO PIEMONTE","RAI"],"inLanguage":"it-IT"},{"@type":"WebPage","@id":"https:\/\/cinema.video\/it\/production-days-lo-sguardo-sul-futuro-del-cinema-in-sala","url":"https:\/\/cinema.video\/it\/production-days-lo-sguardo-sul-futuro-del-cinema-in-sala","name":"PRODUCTION DAYS Lo sguardo sul futuro del cinema in sala - Cinema &amp; Video International","isPartOf":{"@id":"https:\/\/cinema.video\/it#website"},"primaryImageOfPage":{"@id":"https:\/\/cinema.video\/it\/production-days-lo-sguardo-sul-futuro-del-cinema-in-sala#primaryimage"},"image":{"@id":"https:\/\/cinema.video\/it\/production-days-lo-sguardo-sul-futuro-del-cinema-in-sala#primaryimage"},"thumbnailUrl":"https:\/\/cinema.video\/wp-content\/uploads\/2021\/11\/26112021-DSCF8805-scaled.jpg","datePublished":"2021-11-29T11:37:56+00:00","dateModified":"2026-04-10T01:55:55+00:00","description":"PRODUCTION DAYS Lo sguardo sul futuro del cinema in sala \u2013 production days lo sguardo sul futuro. \u201cConfusione e indecisione regnano sovrane\u201d . E\u2019 la crona","breadcrumb":{"@id":"https:\/\/cinema.video\/it\/production-days-lo-sguardo-sul-futuro-del-cinema-in-sala#breadcrumb"},"inLanguage":"it-IT","potentialAction":[{"@type":"ReadAction","target":["https:\/\/cinema.video\/it\/production-days-lo-sguardo-sul-futuro-del-cinema-in-sala"]}]},{"@type":"ImageObject","inLanguage":"it-IT","@id":"https:\/\/cinema.video\/it\/production-days-lo-sguardo-sul-futuro-del-cinema-in-sala#primaryimage","url":"https:\/\/cinema.video\/wp-content\/uploads\/2021\/11\/26112021-DSCF8805-scaled.jpg","contentUrl":"https:\/\/cinema.video\/wp-content\/uploads\/2021\/11\/26112021-DSCF8805-scaled.jpg","width":2560,"height":1707},{"@type":"BreadcrumbList","@id":"https:\/\/cinema.video\/it\/production-days-lo-sguardo-sul-futuro-del-cinema-in-sala#breadcrumb","itemListElement":[{"@type":"ListItem","position":1,"name":"Home","item":"https:\/\/cinema.video\/it\/home-2"},{"@type":"ListItem","position":2,"name":"PRODUCTION DAYS Lo sguardo sul futuro del cinema in sala"}]},{"@type":"WebSite","@id":"https:\/\/cinema.video\/it#website","url":"https:\/\/cinema.video\/it","name":"Cinema & Video International","description":"Film &amp; Audiovisual Industry Trade Magazine","publisher":{"@id":"https:\/\/cinema.video\/it#organization"},"alternateName":"Cinema & Video","potentialAction":[{"@type":"SearchAction","target":{"@type":"EntryPoint","urlTemplate":"https:\/\/cinema.video\/it?s={search_term_string}"},"query-input":{"@type":"PropertyValueSpecification","valueRequired":true,"valueName":"search_term_string"}}],"inLanguage":"it-IT"},{"@type":"Organization","@id":"https:\/\/cinema.video\/it#organization","name":"Cinema & Video","url":"https:\/\/cinema.video\/it","logo":{"@type":"ImageObject","inLanguage":"it-IT","@id":"https:\/\/cinema.video\/it#\/schema\/logo\/image\/","url":"https:\/\/cinema.video\/wp-content\/uploads\/2026\/04\/CinemVideo_LogoBlack.png","contentUrl":"https:\/\/cinema.video\/wp-content\/uploads\/2026\/04\/CinemVideo_LogoBlack.png","width":1336,"height":224,"caption":"Cinema & Video"},"image":{"@id":"https:\/\/cinema.video\/it#\/schema\/logo\/image\/"},"sameAs":["https:\/\/www.facebook.com\/CinemaVideoInternational\/","https:\/\/www.instagram.com\/cinemaevideointernational\/","https:\/\/it.linkedin.com\/company\/cinema-video-international"],"description":"Media Consulting & Marketing Agency","email":"hello@darostudio.com","legalName":"DARO studio LLC","foundingDate":"2021-02-16","numberOfEmployees":{"@type":"QuantitativeValue","minValue":"1","maxValue":"10"}},{"@type":"Person","@id":"https:\/\/cinema.video\/it#\/schema\/person\/f8104a60677fb10fe493beb104706772","name":"Paolo di Maira","image":{"@type":"ImageObject","inLanguage":"it-IT","@id":"https:\/\/secure.gravatar.com\/avatar\/771f2f1ed52288870c094eaf85ff9ee49655ec12aa7e7832c3b3e4b8f5afdf10?s=96&d=mm&r=g","url":"https:\/\/secure.gravatar.com\/avatar\/771f2f1ed52288870c094eaf85ff9ee49655ec12aa7e7832c3b3e4b8f5afdf10?s=96&d=mm&r=g","contentUrl":"https:\/\/secure.gravatar.com\/avatar\/771f2f1ed52288870c094eaf85ff9ee49655ec12aa7e7832c3b3e4b8f5afdf10?s=96&d=mm&r=g","caption":"Paolo di Maira"},"description":"Paolo Di Maira, giornalista, ha fondato Cinema&amp;Video International nel 1994, portando nella nuova testata l\u2019esperienza e le risorse accumulate nella direzione di Nuovo Cinema Europeo, rivista storica dei professionisti del settore, pubblicata fino al 1993. Ha svolto attivit\u00e0 di consulenza alla comunicazione per istituzioni culturali e prestigiose aziende audiovisive. (Mifed-Fiera Milano; Rai Trade; Istituto Italiano di Scienze Umane). Le relazioni fra cinema e territorio, che da sempre occupano un posto privilegiato all\u2019interno di Cinema&amp;Video (con rubriche dedicate al cineturismo, alle attivit\u00e0 delle film commission, e ai fondi regionali all\u2019audiovisivo), lo hanno portato a fondare nel 2005, assieme ad Andrea Rocco ed Alessandro Signetto, il \u00a0Centro Studi su Audiovisivo e Territorio Luoghi&amp;Location, e a ideare a realizzare, assieme all\u2019operatore turistico Ville in Italia e a Carolina Mancini, Emotions in Italy, magazine online che si occupa di cultura, territorio ed Italian Lifestyle. Attraverso la IMPACT, azienda di cui \u00e8 titolare, edita Cinema&amp;Video International, e realizza servizi editoriali per conto terzi.","url":"https:\/\/cinema.video\/it\/author\/paolo"}]}},"jetpack_featured_media_url":"https:\/\/cinema.video\/wp-content\/uploads\/2021\/11\/26112021-DSCF8805-scaled.jpg","jetpack_shortlink":"https:\/\/wp.me\/ph672m-1dDZ","_links":{"self":[{"href":"https:\/\/cinema.video\/it\/wp-json\/wp\/v2\/posts\/290779","targetHints":{"allow":["GET"]}}],"collection":[{"href":"https:\/\/cinema.video\/it\/wp-json\/wp\/v2\/posts"}],"about":[{"href":"https:\/\/cinema.video\/it\/wp-json\/wp\/v2\/types\/post"}],"author":[{"embeddable":true,"href":"https:\/\/cinema.video\/it\/wp-json\/wp\/v2\/users\/3"}],"replies":[{"embeddable":true,"href":"https:\/\/cinema.video\/it\/wp-json\/wp\/v2\/comments?post=290779"}],"version-history":[{"count":1,"href":"https:\/\/cinema.video\/it\/wp-json\/wp\/v2\/posts\/290779\/revisions"}],"predecessor-version":[{"id":308471,"href":"https:\/\/cinema.video\/it\/wp-json\/wp\/v2\/posts\/290779\/revisions\/308471"}],"wp:featuredmedia":[{"embeddable":true,"href":"https:\/\/cinema.video\/it\/wp-json\/wp\/v2\/media\/290783"}],"wp:attachment":[{"href":"https:\/\/cinema.video\/it\/wp-json\/wp\/v2\/media?parent=290779"}],"wp:term":[{"taxonomy":"category","embeddable":true,"href":"https:\/\/cinema.video\/it\/wp-json\/wp\/v2\/categories?post=290779"},{"taxonomy":"post_tag","embeddable":true,"href":"https:\/\/cinema.video\/it\/wp-json\/wp\/v2\/tags?post=290779"}],"curies":[{"name":"wp","href":"https:\/\/api.w.org\/{rel}","templated":true}]}}