{"id":290729,"date":"2021-11-23T17:51:50","date_gmt":"2021-11-23T16:51:50","guid":{"rendered":"https:\/\/cinema.video\/?p=290729"},"modified":"2026-04-10T03:55:52","modified_gmt":"2026-04-10T01:55:52","slug":"trentino-si-cercano-e-si-formano-cartoon-artist","status":"publish","type":"post","link":"https:\/\/cinema.video\/it\/trentino-si-cercano-e-si-formano-cartoon-artist","title":{"rendered":"TRENTINO Si cercano (e si formano) Cartoon Artist"},"content":{"rendered":"\n<p class=\"wp-block-paragraph\">Diventare <strong>Cartoon Artist<\/strong> in <strong>Trentino<\/strong>: non un sogno ma una possibilit\u00e0 concreta in una regione dove, negli ultimi anni si sono insediate alcune realt\u00e0 che operano nel settore e che richiedono animatori specializzati.\u00a0<\/p>\n\n\n\n<p class=\"wp-block-paragraph\">E da oggi una realt\u00e0, grazie ad un percorso formativo che partir\u00e0 a febbraio 2022 e che \u00e8 stato presentato oggi all\u2019<strong>Istituto Artigianelli di Trento<\/strong>, che lo gestisce in partenariato con\u00a0<strong>Trentino Film Commission<\/strong>, con\u00a0<strong>Gruppo Alcuni di Treviso<\/strong>, leader internazionale nella realizzazione di cartoons e produttore della famosa serie\u00a0<em>Mini cuccioli<\/em>\u00a0e del film\u00a0<em>Leo da Vinci \u2013 Missione Monna Lisa<\/em>, distribuito in 83 Paesi del mondo e con la societ\u00e0\u00a0<strong>Green Ink Animation<\/strong>.\u00a0<\/p>\n\n\n\n<p class=\"wp-block-paragraph\">Il percorso formativo, i cui aspetti organizzativi e didattici saranno approfonditi, per gli interessati, all&#8217;interno di un<strong> webinar i<\/strong>n programma domani, <strong>24 novembre, alle ore 17, <\/strong>rientra all&#8217;interno del nuovo canale formativo\u00a0<strong>di Istruzione e Formazione Tecnica Superiore (IFTS)<\/strong> attivato dalla Provincia Autonoma di Trento per ispondere alle esigenze di alta specializzazione, in settori strategici e di sviluppo del tessuto imprenditoriale trentino.<\/p>\n\n\n\n<p class=\"wp-block-paragraph\">&#8220;Grazie alla sinergia fra formazione, ricerca e innovazione siamo riusciti ad arrivare oggi a realizzare un percorso che offre prospettive concrete&#8221;,\u00a0ha detto il\u00a0dirigente dell&#8217;Istituto Artigianelli <strong>Erik Gadotti<\/strong>\u00a0illustrando il nuovo IFTS. <\/p>\n\n\n\n<p class=\"wp-block-paragraph\">Il percorso formativo, dalla durata di un anno, prevede 1.000 ore divise tra lezioni in aula, laboratori esperienziali e tirocini in azienda. La formazione sar\u00e0 affidata a docenti e professionisti di Gruppo Alcuni, che accompagneranno gli studenti nella produzione di un cartone animato, dall\u2019idea alla serie finita, esplorando tutte le fasi della produzione in animazione (sceneggiatura, ideazione dei personaggi, scenografia, storyboard e post-produzione) avvalendosi delle ultime tecnologie hardware e software. <\/p>\n\n\n\n<p class=\"wp-block-paragraph\">&#8220;Un po&#8217; di anni fa nel mondo dell&#8217;animazione italiano si pensavano bellissime storie e si inventavano nuovi personaggi, per poi andare a produrre altrove, in India, in Cina. Ho pensato che non andasse bene e quando ho trovato qui un tessuto culturale e scolastico straordinario ho pensato di creare proprio in Trentino la base per avviare qualcosa di nuovo, a partire da un piccolo team, destinato a crescere con altre professionalit\u00e0. Dobbiamo creare qui il posto dove si pensa animazione, si ragiona e si fa&#8221;, ha detto\u00a0<strong>Francesco Manfio,<\/strong>\u00a0produttore e cofondatore di Gruppo Alcuni riferendosi al settore dei cartoni animanti come a &#8220;un&#8217;industria con l&#8217;ottica della bottega artigianale&#8221;.<\/p>\n\n\n\n<p class=\"wp-block-paragraph\">Tutor del corso sar\u00e0 <strong>Luca De Crescenzo<\/strong>, responsabile dello <strong>Studio Phoenix<\/strong> di Firenze, che porr\u00e0 la sua grande esperienza nel settore al servizio degli studenti.<\/p>\n\n\n\n<p class=\"wp-block-paragraph\"><br>Alla conferenza stampa erano presenti, oltre al , l&#8217;assessore provinciale all&#8217;istruzione, universit\u00e0 e cultura Mirko Bisesti, la dirigente del Servizio formazione professionale, formazione terziaria e funzioni di sistema della Pat Cristina Ioriatti, il responsabile di Trentino Film Commission Luca Ferrario e il  Francesco Manfio.<\/p>\n\n\n\n<p class=\"wp-block-paragraph\"><em>&#8220;<\/em>Il Trentino ha una forte tradizione nel<em>l&#8217;ambito dell&#8217;alta formazione&#8221;,\u00a0<\/em>ha detto l&#8217;assessore\u00a0<strong>Bisesti<\/strong><em>, &#8220;<\/em>dobbiamo continuare a puntare sui nostri modelli formativi, soprattutto per offrire opportunit\u00e0 nuove ai ragazzi che si affacciano sul mercato del lavoro. Vogliamo continuare a portare avanti queste iniziative anche perch\u00e9 il nostro territorio possa dotarsi di nuove figure e il sistema formativo integrato con l&#8217;universit\u00e0 possa modellarsi con l&#8217;elasticit\u00e0 necessaria verso le professioni del futuro. Sono orgoglioso di questo percorso avviato con l&#8217;istituto Artigianelli, al quale faccio i miei migliori auguri, come auguro ai ragazzi che si impegneranno in questa formazione le migliori prospettive per il loro futuro professionale&#8221;<em>.<\/em><\/p>\n\n\n\n<p class=\"wp-block-paragraph\"><strong>Luca Ferrario<\/strong>\u00a0ha ricordato che il mercato dell&#8217;animazione \u00e8 in grandissima crescita, soprattutto in Italia, con pochi addetti ai lavori di altissimo livello e ancora poche occasioni di formazione:\u00a0<em>&#8220;<\/em>C&#8217;\u00e8 un crescente bisogno di tante figure diverse, altamente specializzate. Abbiamo creduto che facilitare questa esperienza possa soprattutto formare figure che servano al mercato del lavoro&#8221;<em>.<\/em><\/p>\n\n\n\n<p class=\"wp-block-paragraph\">Per partecipare al webinar \u00e8 necessario iscriversi al link (<a rel=\"noreferrer noopener\" href=\"https:\/\/bit.ly\/meet-corso-cartoon\" target=\"_blank\">https:\/\/bit.ly\/meet-corso-cartoon<\/a>) disponibile sul sito <a href=\"http:\/\/www.artigianelli.tn.it\" rel=\"nofollow\">http:\/\/www.artigianelli.tn.it<\/a><\/p>\n","protected":false},"excerpt":{"rendered":"<p>C&#8217;\u00e8 tempo fino al 7 gennaio per iscriversi al nuovo corso per Cartoon Artist gestito dall&#8217;Istituto Artigianelli di Trento, \u00a0Trentino Film Commission, e\u00a0Gruppo Alcuni di Treviso. Domani un webinar per approfondire aspetti didattici e organizzativi<\/p>\n","protected":false},"author":26,"featured_media":290731,"comment_status":"closed","ping_status":"closed","sticky":false,"template":"","format":"standard","meta":{"googlesitekit_rrm_CAow3e7fCw:productID":"","_crdt_document":"","footnotes":""},"categories":[215,1691],"tags":[436,2339,356,2337,2338,393],"class_list":{"0":"post-290729","1":"post","2":"type-post","3":"status-publish","4":"format-standard","5":"has-post-thumbnail","7":"category-film-commissions","8":"category-learning","9":"tag-animazione","10":"tag-film-commissions","11":"tag-focus","12":"tag-learning","13":"tag-locations","14":"tag-trentino-film-commission"},"yoast_head":"<!-- This site is optimized with the Yoast SEO Premium plugin v27.4 (Yoast SEO v27.4) - https:\/\/yoast.com\/product\/yoast-seo-premium-wordpress\/ -->\n<title>TRENTINO Si cercano (e si formano) Cartoon Artist - Cinema &amp; Video International<\/title>\n<meta name=\"description\" content=\"TRENTINO Si cercano (e si formano) Cartoon Artist \u2013 trentino si cercano e si formano. Diventare Cartoon Artist in Trentino: non un sogno ma una possibilit\" \/>\n<meta name=\"robots\" content=\"index, follow, max-snippet:-1, max-image-preview:large, max-video-preview:-1\" \/>\n<link rel=\"canonical\" href=\"https:\/\/cinema.video\/it\/trentino-si-cercano-e-si-formano-cartoon-artist\" \/>\n<meta property=\"og:locale\" content=\"it_IT\" \/>\n<meta property=\"og:type\" content=\"article\" \/>\n<meta property=\"og:title\" content=\"TRENTINO Si cercano (e si formano) Cartoon Artist\" \/>\n<meta property=\"og:description\" content=\"TRENTINO Si cercano (e si formano) Cartoon Artist \u2013 trentino si cercano e si formano. Diventare Cartoon Artist in Trentino: non un sogno ma una possibilit\" \/>\n<meta property=\"og:url\" content=\"https:\/\/cinema.video\/it\/trentino-si-cercano-e-si-formano-cartoon-artist\" \/>\n<meta property=\"og:site_name\" content=\"Cinema &amp; Video International\" \/>\n<meta property=\"article:publisher\" content=\"https:\/\/www.facebook.com\/CinemaVideoInternational\/\" \/>\n<meta property=\"article:published_time\" content=\"2021-11-23T16:51:50+00:00\" \/>\n<meta property=\"article:modified_time\" content=\"2026-04-10T01:55:52+00:00\" \/>\n<meta property=\"og:image\" content=\"https:\/\/cinema.video\/wp-content\/uploads\/2021\/11\/Luca-ferrario-e-Francesco-Manfio-alla-presentazione-dell-IFTS-Cartoon-artist_imagefullwide-e1637680092191.jpg\" \/>\n\t<meta property=\"og:image:width\" content=\"800\" \/>\n\t<meta property=\"og:image:height\" content=\"600\" \/>\n\t<meta property=\"og:image:type\" content=\"image\/jpeg\" \/>\n<meta name=\"author\" content=\"Redazione\" \/>\n<meta name=\"twitter:card\" content=\"summary_large_image\" \/>\n<meta name=\"twitter:label1\" content=\"Scritto da\" \/>\n\t<meta name=\"twitter:data1\" content=\"Redazione\" \/>\n\t<meta name=\"twitter:label2\" content=\"Tempo di lettura stimato\" \/>\n\t<meta name=\"twitter:data2\" content=\"3 minuti\" \/>\n<script type=\"application\/ld+json\" class=\"yoast-schema-graph\">{\"@context\":\"https:\\\/\\\/schema.org\",\"@graph\":[{\"@type\":\"Article\",\"@id\":\"https:\\\/\\\/cinema.video\\\/it\\\/trentino-si-cercano-e-si-formano-cartoon-artist#article\",\"isPartOf\":{\"@id\":\"https:\\\/\\\/cinema.video\\\/it\\\/trentino-si-cercano-e-si-formano-cartoon-artist\"},\"author\":{\"name\":\"Redazione\",\"@id\":\"https:\\\/\\\/cinema.video\\\/it#\\\/schema\\\/person\\\/aeb01b91d874e8b01e76a1db04c668c6\"},\"headline\":\"TRENTINO Si cercano (e si formano) Cartoon Artist\",\"datePublished\":\"2021-11-23T16:51:50+00:00\",\"dateModified\":\"2026-04-10T01:55:52+00:00\",\"mainEntityOfPage\":{\"@id\":\"https:\\\/\\\/cinema.video\\\/it\\\/trentino-si-cercano-e-si-formano-cartoon-artist\"},\"wordCount\":644,\"publisher\":{\"@id\":\"https:\\\/\\\/cinema.video\\\/it#organization\"},\"image\":{\"@id\":\"https:\\\/\\\/cinema.video\\\/it\\\/trentino-si-cercano-e-si-formano-cartoon-artist#primaryimage\"},\"thumbnailUrl\":\"https:\\\/\\\/cinema.video\\\/wp-content\\\/uploads\\\/2021\\\/11\\\/Luca-ferrario-e-Francesco-Manfio-alla-presentazione-dell-IFTS-Cartoon-artist_imagefullwide-e1637680092191.jpg\",\"keywords\":[\"Animazione\",\"FILM COMMISSIONS\",\"focus\",\"LEARNING\",\"LOCATIONS\",\"TRENTINO FILM COMMISSION\"],\"articleSection\":[\"FILM COMMISSIONS\",\"LEARNING\"],\"inLanguage\":\"it-IT\"},{\"@type\":\"WebPage\",\"@id\":\"https:\\\/\\\/cinema.video\\\/it\\\/trentino-si-cercano-e-si-formano-cartoon-artist\",\"url\":\"https:\\\/\\\/cinema.video\\\/it\\\/trentino-si-cercano-e-si-formano-cartoon-artist\",\"name\":\"TRENTINO Si cercano (e si formano) Cartoon Artist - Cinema &amp; Video International\",\"isPartOf\":{\"@id\":\"https:\\\/\\\/cinema.video\\\/it#website\"},\"primaryImageOfPage\":{\"@id\":\"https:\\\/\\\/cinema.video\\\/it\\\/trentino-si-cercano-e-si-formano-cartoon-artist#primaryimage\"},\"image\":{\"@id\":\"https:\\\/\\\/cinema.video\\\/it\\\/trentino-si-cercano-e-si-formano-cartoon-artist#primaryimage\"},\"thumbnailUrl\":\"https:\\\/\\\/cinema.video\\\/wp-content\\\/uploads\\\/2021\\\/11\\\/Luca-ferrario-e-Francesco-Manfio-alla-presentazione-dell-IFTS-Cartoon-artist_imagefullwide-e1637680092191.jpg\",\"datePublished\":\"2021-11-23T16:51:50+00:00\",\"dateModified\":\"2026-04-10T01:55:52+00:00\",\"description\":\"TRENTINO Si cercano (e si formano) Cartoon Artist \u2013 trentino si cercano e si formano. Diventare Cartoon Artist in Trentino: non un sogno ma una possibilit\",\"breadcrumb\":{\"@id\":\"https:\\\/\\\/cinema.video\\\/it\\\/trentino-si-cercano-e-si-formano-cartoon-artist#breadcrumb\"},\"inLanguage\":\"it-IT\",\"potentialAction\":[{\"@type\":\"ReadAction\",\"target\":[\"https:\\\/\\\/cinema.video\\\/it\\\/trentino-si-cercano-e-si-formano-cartoon-artist\"]}]},{\"@type\":\"ImageObject\",\"inLanguage\":\"it-IT\",\"@id\":\"https:\\\/\\\/cinema.video\\\/it\\\/trentino-si-cercano-e-si-formano-cartoon-artist#primaryimage\",\"url\":\"https:\\\/\\\/cinema.video\\\/wp-content\\\/uploads\\\/2021\\\/11\\\/Luca-ferrario-e-Francesco-Manfio-alla-presentazione-dell-IFTS-Cartoon-artist_imagefullwide-e1637680092191.jpg\",\"contentUrl\":\"https:\\\/\\\/cinema.video\\\/wp-content\\\/uploads\\\/2021\\\/11\\\/Luca-ferrario-e-Francesco-Manfio-alla-presentazione-dell-IFTS-Cartoon-artist_imagefullwide-e1637680092191.jpg\",\"width\":800,\"height\":600},{\"@type\":\"BreadcrumbList\",\"@id\":\"https:\\\/\\\/cinema.video\\\/it\\\/trentino-si-cercano-e-si-formano-cartoon-artist#breadcrumb\",\"itemListElement\":[{\"@type\":\"ListItem\",\"position\":1,\"name\":\"Home\",\"item\":\"https:\\\/\\\/cinema.video\\\/it\\\/home-2\"},{\"@type\":\"ListItem\",\"position\":2,\"name\":\"TRENTINO Si cercano (e si formano) Cartoon Artist\"}]},{\"@type\":\"WebSite\",\"@id\":\"https:\\\/\\\/cinema.video\\\/it#website\",\"url\":\"https:\\\/\\\/cinema.video\\\/it\",\"name\":\"Cinema & Video International\",\"description\":\"Film &amp; Audiovisual Industry Trade Magazine\",\"publisher\":{\"@id\":\"https:\\\/\\\/cinema.video\\\/it#organization\"},\"alternateName\":\"Cinema & Video\",\"potentialAction\":[{\"@type\":\"SearchAction\",\"target\":{\"@type\":\"EntryPoint\",\"urlTemplate\":\"https:\\\/\\\/cinema.video\\\/it?s={search_term_string}\"},\"query-input\":{\"@type\":\"PropertyValueSpecification\",\"valueRequired\":true,\"valueName\":\"search_term_string\"}}],\"inLanguage\":\"it-IT\"},{\"@type\":\"Organization\",\"@id\":\"https:\\\/\\\/cinema.video\\\/it#organization\",\"name\":\"Cinema & Video\",\"url\":\"https:\\\/\\\/cinema.video\\\/it\",\"logo\":{\"@type\":\"ImageObject\",\"inLanguage\":\"it-IT\",\"@id\":\"https:\\\/\\\/cinema.video\\\/it#\\\/schema\\\/logo\\\/image\\\/\",\"url\":\"https:\\\/\\\/cinema.video\\\/wp-content\\\/uploads\\\/2026\\\/04\\\/CinemVideo_LogoBlack.png\",\"contentUrl\":\"https:\\\/\\\/cinema.video\\\/wp-content\\\/uploads\\\/2026\\\/04\\\/CinemVideo_LogoBlack.png\",\"width\":1336,\"height\":224,\"caption\":\"Cinema & Video\"},\"image\":{\"@id\":\"https:\\\/\\\/cinema.video\\\/it#\\\/schema\\\/logo\\\/image\\\/\"},\"sameAs\":[\"https:\\\/\\\/www.facebook.com\\\/CinemaVideoInternational\\\/\",\"https:\\\/\\\/www.instagram.com\\\/cinemaevideointernational\\\/\",\"https:\\\/\\\/it.linkedin.com\\\/company\\\/cinema-video-international\"],\"description\":\"Media Consulting & Marketing Agency\",\"email\":\"hello@darostudio.com\",\"legalName\":\"DARO studio LLC\",\"foundingDate\":\"2021-02-16\",\"numberOfEmployees\":{\"@type\":\"QuantitativeValue\",\"minValue\":\"1\",\"maxValue\":\"10\"}},{\"@type\":\"Person\",\"@id\":\"https:\\\/\\\/cinema.video\\\/it#\\\/schema\\\/person\\\/aeb01b91d874e8b01e76a1db04c668c6\",\"name\":\"Redazione\",\"image\":{\"@type\":\"ImageObject\",\"inLanguage\":\"it-IT\",\"@id\":\"https:\\\/\\\/secure.gravatar.com\\\/avatar\\\/06ad6f92eb14745b75fb592cadf8139d33242d81c9c8b085133c450aaf0b9731?s=96&d=mm&r=g\",\"url\":\"https:\\\/\\\/secure.gravatar.com\\\/avatar\\\/06ad6f92eb14745b75fb592cadf8139d33242d81c9c8b085133c450aaf0b9731?s=96&d=mm&r=g\",\"contentUrl\":\"https:\\\/\\\/secure.gravatar.com\\\/avatar\\\/06ad6f92eb14745b75fb592cadf8139d33242d81c9c8b085133c450aaf0b9731?s=96&d=mm&r=g\",\"caption\":\"Redazione\"},\"url\":\"https:\\\/\\\/cinema.video\\\/it\\\/author\\\/redazione\"}]}<\/script>\n<!-- \/ Yoast SEO Premium plugin. -->","yoast_head_json":{"title":"TRENTINO Si cercano (e si formano) Cartoon Artist - Cinema &amp; Video International","description":"TRENTINO Si cercano (e si formano) Cartoon Artist \u2013 trentino si cercano e si formano. Diventare Cartoon Artist in Trentino: non un sogno ma una possibilit","robots":{"index":"index","follow":"follow","max-snippet":"max-snippet:-1","max-image-preview":"max-image-preview:large","max-video-preview":"max-video-preview:-1"},"canonical":"https:\/\/cinema.video\/it\/trentino-si-cercano-e-si-formano-cartoon-artist","og_locale":"it_IT","og_type":"article","og_title":"TRENTINO Si cercano (e si formano) Cartoon Artist","og_description":"TRENTINO Si cercano (e si formano) Cartoon Artist \u2013 trentino si cercano e si formano. Diventare Cartoon Artist in Trentino: non un sogno ma una possibilit","og_url":"https:\/\/cinema.video\/it\/trentino-si-cercano-e-si-formano-cartoon-artist","og_site_name":"Cinema &amp; Video International","article_publisher":"https:\/\/www.facebook.com\/CinemaVideoInternational\/","article_published_time":"2021-11-23T16:51:50+00:00","article_modified_time":"2026-04-10T01:55:52+00:00","og_image":[{"width":800,"height":600,"url":"https:\/\/cinema.video\/wp-content\/uploads\/2021\/11\/Luca-ferrario-e-Francesco-Manfio-alla-presentazione-dell-IFTS-Cartoon-artist_imagefullwide-e1637680092191.jpg","type":"image\/jpeg"}],"author":"Redazione","twitter_card":"summary_large_image","twitter_misc":{"Scritto da":"Redazione","Tempo di lettura stimato":"3 minuti"},"schema":{"@context":"https:\/\/schema.org","@graph":[{"@type":"Article","@id":"https:\/\/cinema.video\/it\/trentino-si-cercano-e-si-formano-cartoon-artist#article","isPartOf":{"@id":"https:\/\/cinema.video\/it\/trentino-si-cercano-e-si-formano-cartoon-artist"},"author":{"name":"Redazione","@id":"https:\/\/cinema.video\/it#\/schema\/person\/aeb01b91d874e8b01e76a1db04c668c6"},"headline":"TRENTINO Si cercano (e si formano) Cartoon Artist","datePublished":"2021-11-23T16:51:50+00:00","dateModified":"2026-04-10T01:55:52+00:00","mainEntityOfPage":{"@id":"https:\/\/cinema.video\/it\/trentino-si-cercano-e-si-formano-cartoon-artist"},"wordCount":644,"publisher":{"@id":"https:\/\/cinema.video\/it#organization"},"image":{"@id":"https:\/\/cinema.video\/it\/trentino-si-cercano-e-si-formano-cartoon-artist#primaryimage"},"thumbnailUrl":"https:\/\/cinema.video\/wp-content\/uploads\/2021\/11\/Luca-ferrario-e-Francesco-Manfio-alla-presentazione-dell-IFTS-Cartoon-artist_imagefullwide-e1637680092191.jpg","keywords":["Animazione","FILM COMMISSIONS","focus","LEARNING","LOCATIONS","TRENTINO FILM COMMISSION"],"articleSection":["FILM COMMISSIONS","LEARNING"],"inLanguage":"it-IT"},{"@type":"WebPage","@id":"https:\/\/cinema.video\/it\/trentino-si-cercano-e-si-formano-cartoon-artist","url":"https:\/\/cinema.video\/it\/trentino-si-cercano-e-si-formano-cartoon-artist","name":"TRENTINO Si cercano (e si formano) Cartoon Artist - Cinema &amp; Video International","isPartOf":{"@id":"https:\/\/cinema.video\/it#website"},"primaryImageOfPage":{"@id":"https:\/\/cinema.video\/it\/trentino-si-cercano-e-si-formano-cartoon-artist#primaryimage"},"image":{"@id":"https:\/\/cinema.video\/it\/trentino-si-cercano-e-si-formano-cartoon-artist#primaryimage"},"thumbnailUrl":"https:\/\/cinema.video\/wp-content\/uploads\/2021\/11\/Luca-ferrario-e-Francesco-Manfio-alla-presentazione-dell-IFTS-Cartoon-artist_imagefullwide-e1637680092191.jpg","datePublished":"2021-11-23T16:51:50+00:00","dateModified":"2026-04-10T01:55:52+00:00","description":"TRENTINO Si cercano (e si formano) Cartoon Artist \u2013 trentino si cercano e si formano. Diventare Cartoon Artist in Trentino: non un sogno ma una possibilit","breadcrumb":{"@id":"https:\/\/cinema.video\/it\/trentino-si-cercano-e-si-formano-cartoon-artist#breadcrumb"},"inLanguage":"it-IT","potentialAction":[{"@type":"ReadAction","target":["https:\/\/cinema.video\/it\/trentino-si-cercano-e-si-formano-cartoon-artist"]}]},{"@type":"ImageObject","inLanguage":"it-IT","@id":"https:\/\/cinema.video\/it\/trentino-si-cercano-e-si-formano-cartoon-artist#primaryimage","url":"https:\/\/cinema.video\/wp-content\/uploads\/2021\/11\/Luca-ferrario-e-Francesco-Manfio-alla-presentazione-dell-IFTS-Cartoon-artist_imagefullwide-e1637680092191.jpg","contentUrl":"https:\/\/cinema.video\/wp-content\/uploads\/2021\/11\/Luca-ferrario-e-Francesco-Manfio-alla-presentazione-dell-IFTS-Cartoon-artist_imagefullwide-e1637680092191.jpg","width":800,"height":600},{"@type":"BreadcrumbList","@id":"https:\/\/cinema.video\/it\/trentino-si-cercano-e-si-formano-cartoon-artist#breadcrumb","itemListElement":[{"@type":"ListItem","position":1,"name":"Home","item":"https:\/\/cinema.video\/it\/home-2"},{"@type":"ListItem","position":2,"name":"TRENTINO Si cercano (e si formano) Cartoon Artist"}]},{"@type":"WebSite","@id":"https:\/\/cinema.video\/it#website","url":"https:\/\/cinema.video\/it","name":"Cinema & Video International","description":"Film &amp; Audiovisual Industry Trade Magazine","publisher":{"@id":"https:\/\/cinema.video\/it#organization"},"alternateName":"Cinema & Video","potentialAction":[{"@type":"SearchAction","target":{"@type":"EntryPoint","urlTemplate":"https:\/\/cinema.video\/it?s={search_term_string}"},"query-input":{"@type":"PropertyValueSpecification","valueRequired":true,"valueName":"search_term_string"}}],"inLanguage":"it-IT"},{"@type":"Organization","@id":"https:\/\/cinema.video\/it#organization","name":"Cinema & Video","url":"https:\/\/cinema.video\/it","logo":{"@type":"ImageObject","inLanguage":"it-IT","@id":"https:\/\/cinema.video\/it#\/schema\/logo\/image\/","url":"https:\/\/cinema.video\/wp-content\/uploads\/2026\/04\/CinemVideo_LogoBlack.png","contentUrl":"https:\/\/cinema.video\/wp-content\/uploads\/2026\/04\/CinemVideo_LogoBlack.png","width":1336,"height":224,"caption":"Cinema & Video"},"image":{"@id":"https:\/\/cinema.video\/it#\/schema\/logo\/image\/"},"sameAs":["https:\/\/www.facebook.com\/CinemaVideoInternational\/","https:\/\/www.instagram.com\/cinemaevideointernational\/","https:\/\/it.linkedin.com\/company\/cinema-video-international"],"description":"Media Consulting & Marketing Agency","email":"hello@darostudio.com","legalName":"DARO studio LLC","foundingDate":"2021-02-16","numberOfEmployees":{"@type":"QuantitativeValue","minValue":"1","maxValue":"10"}},{"@type":"Person","@id":"https:\/\/cinema.video\/it#\/schema\/person\/aeb01b91d874e8b01e76a1db04c668c6","name":"Redazione","image":{"@type":"ImageObject","inLanguage":"it-IT","@id":"https:\/\/secure.gravatar.com\/avatar\/06ad6f92eb14745b75fb592cadf8139d33242d81c9c8b085133c450aaf0b9731?s=96&d=mm&r=g","url":"https:\/\/secure.gravatar.com\/avatar\/06ad6f92eb14745b75fb592cadf8139d33242d81c9c8b085133c450aaf0b9731?s=96&d=mm&r=g","contentUrl":"https:\/\/secure.gravatar.com\/avatar\/06ad6f92eb14745b75fb592cadf8139d33242d81c9c8b085133c450aaf0b9731?s=96&d=mm&r=g","caption":"Redazione"},"url":"https:\/\/cinema.video\/it\/author\/redazione"}]}},"jetpack_featured_media_url":"https:\/\/cinema.video\/wp-content\/uploads\/2021\/11\/Luca-ferrario-e-Francesco-Manfio-alla-presentazione-dell-IFTS-Cartoon-artist_imagefullwide-e1637680092191.jpg","jetpack_shortlink":"https:\/\/wp.me\/ph672m-1dDb","_links":{"self":[{"href":"https:\/\/cinema.video\/it\/wp-json\/wp\/v2\/posts\/290729","targetHints":{"allow":["GET"]}}],"collection":[{"href":"https:\/\/cinema.video\/it\/wp-json\/wp\/v2\/posts"}],"about":[{"href":"https:\/\/cinema.video\/it\/wp-json\/wp\/v2\/types\/post"}],"author":[{"embeddable":true,"href":"https:\/\/cinema.video\/it\/wp-json\/wp\/v2\/users\/26"}],"replies":[{"embeddable":true,"href":"https:\/\/cinema.video\/it\/wp-json\/wp\/v2\/comments?post=290729"}],"version-history":[{"count":2,"href":"https:\/\/cinema.video\/it\/wp-json\/wp\/v2\/posts\/290729\/revisions"}],"predecessor-version":[{"id":308465,"href":"https:\/\/cinema.video\/it\/wp-json\/wp\/v2\/posts\/290729\/revisions\/308465"}],"wp:featuredmedia":[{"embeddable":true,"href":"https:\/\/cinema.video\/it\/wp-json\/wp\/v2\/media\/290731"}],"wp:attachment":[{"href":"https:\/\/cinema.video\/it\/wp-json\/wp\/v2\/media?parent=290729"}],"wp:term":[{"taxonomy":"category","embeddable":true,"href":"https:\/\/cinema.video\/it\/wp-json\/wp\/v2\/categories?post=290729"},{"taxonomy":"post_tag","embeddable":true,"href":"https:\/\/cinema.video\/it\/wp-json\/wp\/v2\/tags?post=290729"}],"curies":[{"name":"wp","href":"https:\/\/api.w.org\/{rel}","templated":true}]}}