{"id":290541,"date":"2021-10-17T12:12:17","date_gmt":"2021-10-17T10:12:17","guid":{"rendered":"https:\/\/cinema.video\/?p=290541"},"modified":"2026-04-10T03:55:33","modified_gmt":"2026-04-10T01:55:33","slug":"virtual-reality-viaggio-allinferno-con-ett","status":"publish","type":"post","link":"https:\/\/cinema.video\/it\/virtual-reality-viaggio-allinferno-con-ett","title":{"rendered":"Virtual Reality Viaggio all&#8217;Inferno con ETT"},"content":{"rendered":"\n<p class=\"wp-block-paragraph\"><strong>ETT<\/strong>, industria digitale creativa, presenter\u00e0 luned\u00ec 18 ottobre, alle ore 17, all\u2019interno della Festa del Cinema ( nella sezione del Festival Alice nella Citt\u00e0), il cortometraggio in realt\u00e0 virtuale \u201c<em>La Divina Commedia VR: l&#8217;Inferno, un viaggio immersivo<\/em>\u201d . La proiezione avverr\u00e0 nello spazio Casa Alice dell\u2019Auditorium Parco della Musica di Roma.<\/p>\n\n\n\n<p class=\"wp-block-paragraph\">Alla presentazione, moderata da <strong>Raffaella Salamina<\/strong>, Direttrice de Il Giornale OFF, interverranno <strong>Adele Magnelli<\/strong>, ideatrice e responsabile del progetto, <strong>Federico Basso<\/strong>, sceneggiatore e regista, <strong>Alessandro Cavallaro<\/strong>, supervisore scientifico della sceneggiatura e <strong>Pier Paolo Mocci<\/strong>, editore di MAP Magazine.<\/p>\n\n\n\n<p class=\"wp-block-paragraph\">Ambizione del cortometraggio, della durata di circa sette minuti, con la voce di Francesco Pannofino, \u00e8 far entrare lo spettatore nei panni del Poeta ed intraprendere con lui il celebre viaggio. Punto di forza della produzione \u00e8, infatti, l\u2019integrazione di computer grafica e riprese cinematografiche in Realt\u00e0 Virtuale, grazie alle quali \u00e8 possibile vivere un\u2019esperienza coinvolgente ed immersiva.<\/p>\n\n\n\n<p class=\"wp-block-paragraph\">ETT si \u00e8 occupata interamente della produzione in Computer-Generated Imagery (CGI) Animation, con un lungo lavoro di ideazione, progettazione e realizzazione di modelli animati in 3D, partendo da uno storyboard profondamente legato ai versi e alle immagini della Divina Commedia dantesca. West 46th Films ha seguito le riprese live tra location e studio, in stretta coerenza tecnico-artistica rispetto all\u2019universo poetico delineato nella componente in computer grafica.<\/p>\n\n\n\n<p class=\"wp-block-paragraph\">\u201cLa Divina Commedia VR: l&#8217;Inferno, un viaggio immersivo\u201d \u00e8 destinata al mercato delle piattaforme VR, dei festival e dell\u2019audiovisivo in generale, alle istituzioni museali e scolastiche, ai canali cinematografici e televisivi.<\/p>\n","protected":false},"excerpt":{"rendered":"<p>Luned\u00ec 18 ottobre, alle ore 17, all\u2019interno della Festa del Cinema ( nella sezione del Festival Alice nella Citt\u00e0), sar\u00e0 proiettato  il cortometraggio in realt\u00e0 virtuale \u201cLa Divina Commedia VR: l&#8217;Inferno, un viaggio immersivo\u201d<\/p>\n","protected":false},"author":2,"featured_media":290542,"comment_status":"closed","ping_status":"closed","sticky":false,"template":"","format":"standard","meta":{"googlesitekit_rrm_CAow3e7fCw:productID":"","_wpcom_ai_launchpad_first_post":false,"footnotes":"","jetpack_post_was_ever_published":false},"categories":[189],"tags":[849,2334,850],"class_list":["post-290541","post","type-post","status-publish","format-standard","has-post-thumbnail","category-events","tag-alice-nella-citta","tag-events","tag-festa-del-cinema"],"yoast_head":"<!-- This site is optimized with the Yoast SEO Premium plugin v28.3 (Yoast SEO v28.3) - https:\/\/yoast.com\/product\/yoast-seo-premium-wordpress\/ -->\n<title>Virtual Reality Viaggio all&#039;Inferno con ETT - Cinema &amp; Video International<\/title>\n<meta name=\"description\" content=\"Virtual Reality Viaggio all&#039;Inferno con ETT \u2013 virtual reality viaggio allinferno con ett. ETT, industria digitale creativa, presenter\u00e0 luned\u00ec 18 ottobre,\" \/>\n<meta name=\"robots\" content=\"index, follow, max-snippet:-1, max-image-preview:large, max-video-preview:-1\" \/>\n<link rel=\"canonical\" href=\"https:\/\/cinema.video\/it\/virtual-reality-viaggio-allinferno-con-ett\" \/>\n<meta property=\"og:locale\" content=\"it_IT\" \/>\n<meta property=\"og:type\" content=\"article\" \/>\n<meta property=\"og:title\" content=\"Virtual Reality Viaggio all&#039;Inferno con ETT\" \/>\n<meta property=\"og:description\" content=\"Virtual Reality Viaggio all&#039;Inferno con ETT \u2013 virtual reality viaggio allinferno con ett. ETT, industria digitale creativa, presenter\u00e0 luned\u00ec 18 ottobre,\" \/>\n<meta property=\"og:url\" content=\"https:\/\/cinema.video\/it\/virtual-reality-viaggio-allinferno-con-ett\" \/>\n<meta property=\"og:site_name\" content=\"Cinema &amp; Video International\" \/>\n<meta property=\"article:publisher\" content=\"https:\/\/www.facebook.com\/CinemaVideoInternational\/\" \/>\n<meta property=\"article:published_time\" content=\"2021-10-17T10:12:17+00:00\" \/>\n<meta property=\"article:modified_time\" content=\"2026-04-10T01:55:33+00:00\" \/>\n<meta property=\"og:image\" content=\"https:\/\/cinema.video\/wp-content\/uploads\/2021\/10\/IMG-20211016-WA0000.jpg\" \/>\n\t<meta property=\"og:image:width\" content=\"1056\" \/>\n\t<meta property=\"og:image:height\" content=\"636\" \/>\n\t<meta property=\"og:image:type\" content=\"image\/jpeg\" \/>\n<meta name=\"author\" content=\"Carolina Mancini\" \/>\n<meta name=\"twitter:card\" content=\"summary_large_image\" \/>\n<meta name=\"twitter:label1\" content=\"Scritto da\" \/>\n\t<meta name=\"twitter:data1\" content=\"Carolina Mancini\" \/>\n\t<meta name=\"twitter:label2\" content=\"Tempo di lettura stimato\" \/>\n\t<meta name=\"twitter:data2\" content=\"1 minuto\" \/>\n<script type=\"application\/ld+json\" class=\"yoast-schema-graph\">{\"@context\":\"https:\\\/\\\/schema.org\",\"@graph\":[{\"@type\":\"Article\",\"@id\":\"https:\\\/\\\/cinema.video\\\/it\\\/virtual-reality-viaggio-allinferno-con-ett#article\",\"isPartOf\":{\"@id\":\"https:\\\/\\\/cinema.video\\\/it\\\/virtual-reality-viaggio-allinferno-con-ett\"},\"author\":{\"name\":\"Carolina Mancini\",\"@id\":\"https:\\\/\\\/cinema.video\\\/it#\\\/schema\\\/person\\\/d5479fad8d0f2360000eb4aab6bb6e5d\"},\"headline\":\"Virtual Reality Viaggio all&#8217;Inferno con ETT\",\"datePublished\":\"2021-10-17T10:12:17+00:00\",\"dateModified\":\"2026-04-10T01:55:33+00:00\",\"mainEntityOfPage\":{\"@id\":\"https:\\\/\\\/cinema.video\\\/it\\\/virtual-reality-viaggio-allinferno-con-ett\"},\"wordCount\":250,\"publisher\":{\"@id\":\"https:\\\/\\\/cinema.video\\\/it#organization\"},\"image\":{\"@id\":\"https:\\\/\\\/cinema.video\\\/it\\\/virtual-reality-viaggio-allinferno-con-ett#primaryimage\"},\"thumbnailUrl\":\"https:\\\/\\\/cinema.video\\\/wp-content\\\/uploads\\\/2021\\\/10\\\/IMG-20211016-WA0000.jpg\",\"keywords\":[\"ALICE NELLA CITT\u00c0\",\"EVENTS\",\"Festa del Cinema Roma\"],\"articleSection\":[\"EVENTS\"],\"inLanguage\":\"it-IT\"},{\"@type\":\"WebPage\",\"@id\":\"https:\\\/\\\/cinema.video\\\/it\\\/virtual-reality-viaggio-allinferno-con-ett\",\"url\":\"https:\\\/\\\/cinema.video\\\/it\\\/virtual-reality-viaggio-allinferno-con-ett\",\"name\":\"Virtual Reality Viaggio all'Inferno con ETT - Cinema &amp; Video International\",\"isPartOf\":{\"@id\":\"https:\\\/\\\/cinema.video\\\/it#website\"},\"primaryImageOfPage\":{\"@id\":\"https:\\\/\\\/cinema.video\\\/it\\\/virtual-reality-viaggio-allinferno-con-ett#primaryimage\"},\"image\":{\"@id\":\"https:\\\/\\\/cinema.video\\\/it\\\/virtual-reality-viaggio-allinferno-con-ett#primaryimage\"},\"thumbnailUrl\":\"https:\\\/\\\/cinema.video\\\/wp-content\\\/uploads\\\/2021\\\/10\\\/IMG-20211016-WA0000.jpg\",\"datePublished\":\"2021-10-17T10:12:17+00:00\",\"dateModified\":\"2026-04-10T01:55:33+00:00\",\"description\":\"Virtual Reality Viaggio all'Inferno con ETT \u2013 virtual reality viaggio allinferno con ett. ETT, industria digitale creativa, presenter\u00e0 luned\u00ec 18 ottobre,\",\"breadcrumb\":{\"@id\":\"https:\\\/\\\/cinema.video\\\/it\\\/virtual-reality-viaggio-allinferno-con-ett#breadcrumb\"},\"inLanguage\":\"it-IT\",\"potentialAction\":[{\"@type\":\"ReadAction\",\"target\":[\"https:\\\/\\\/cinema.video\\\/it\\\/virtual-reality-viaggio-allinferno-con-ett\"]}]},{\"@type\":\"ImageObject\",\"inLanguage\":\"it-IT\",\"@id\":\"https:\\\/\\\/cinema.video\\\/it\\\/virtual-reality-viaggio-allinferno-con-ett#primaryimage\",\"url\":\"https:\\\/\\\/cinema.video\\\/wp-content\\\/uploads\\\/2021\\\/10\\\/IMG-20211016-WA0000.jpg\",\"contentUrl\":\"https:\\\/\\\/cinema.video\\\/wp-content\\\/uploads\\\/2021\\\/10\\\/IMG-20211016-WA0000.jpg\",\"width\":1056,\"height\":636},{\"@type\":\"BreadcrumbList\",\"@id\":\"https:\\\/\\\/cinema.video\\\/it\\\/virtual-reality-viaggio-allinferno-con-ett#breadcrumb\",\"itemListElement\":[{\"@type\":\"ListItem\",\"position\":1,\"name\":\"Home\",\"item\":\"https:\\\/\\\/cinema.video\\\/it\"},{\"@type\":\"ListItem\",\"position\":2,\"name\":\"Virtual Reality Viaggio all&#8217;Inferno con ETT\"}]},{\"@type\":\"WebSite\",\"@id\":\"https:\\\/\\\/cinema.video\\\/it#website\",\"url\":\"https:\\\/\\\/cinema.video\\\/it\",\"name\":\"Cinema & Video International\",\"description\":\"Film &amp; Audiovisual B2B Industry Trade Platform Magazine\",\"publisher\":{\"@id\":\"https:\\\/\\\/cinema.video\\\/it#organization\"},\"alternateName\":\"Cinema & Video\",\"potentialAction\":[{\"@type\":\"SearchAction\",\"target\":{\"@type\":\"EntryPoint\",\"urlTemplate\":\"https:\\\/\\\/cinema.video\\\/it?s={search_term_string}\"},\"query-input\":{\"@type\":\"PropertyValueSpecification\",\"valueRequired\":true,\"valueName\":\"search_term_string\"}}],\"inLanguage\":\"it-IT\"},{\"@type\":\"Organization\",\"@id\":\"https:\\\/\\\/cinema.video\\\/it#organization\",\"name\":\"Cinema & Video\",\"url\":\"https:\\\/\\\/cinema.video\\\/it\",\"logo\":{\"@type\":\"ImageObject\",\"inLanguage\":\"it-IT\",\"@id\":\"https:\\\/\\\/cinema.video\\\/it#\\\/schema\\\/logo\\\/image\\\/\",\"url\":\"https:\\\/\\\/cinema.video\\\/wp-content\\\/uploads\\\/2026\\\/04\\\/CinemVideo_LogoBlack.png\",\"contentUrl\":\"https:\\\/\\\/cinema.video\\\/wp-content\\\/uploads\\\/2026\\\/04\\\/CinemVideo_LogoBlack.png\",\"width\":1336,\"height\":224,\"caption\":\"Cinema & Video\"},\"image\":{\"@id\":\"https:\\\/\\\/cinema.video\\\/it#\\\/schema\\\/logo\\\/image\\\/\"},\"sameAs\":[\"https:\\\/\\\/www.facebook.com\\\/CinemaVideoInternational\\\/\",\"https:\\\/\\\/www.instagram.com\\\/cinemaevideointernational\\\/\",\"https:\\\/\\\/it.linkedin.com\\\/company\\\/cinema-video-international\"],\"description\":\"Media Consulting & Marketing Agency\",\"email\":\"hello@darostudio.com\",\"legalName\":\"DARO studio LLC\",\"foundingDate\":\"2021-02-16\",\"numberOfEmployees\":{\"@type\":\"QuantitativeValue\",\"minValue\":\"1\",\"maxValue\":\"10\"},\"publishingPrinciples\":\"https:\\\/\\\/cinema.video\\\/about\"},{\"@type\":\"Person\",\"@id\":\"https:\\\/\\\/cinema.video\\\/it#\\\/schema\\\/person\\\/d5479fad8d0f2360000eb4aab6bb6e5d\",\"name\":\"Carolina Mancini\",\"image\":{\"@type\":\"ImageObject\",\"inLanguage\":\"it-IT\",\"@id\":\"https:\\\/\\\/secure.gravatar.com\\\/avatar\\\/d4758965c5e8730dbaaa7131a628547771a26c1e5bf14fe323d96f8246a62baf?s=96&d=mm&r=g\",\"url\":\"https:\\\/\\\/secure.gravatar.com\\\/avatar\\\/d4758965c5e8730dbaaa7131a628547771a26c1e5bf14fe323d96f8246a62baf?s=96&d=mm&r=g\",\"contentUrl\":\"https:\\\/\\\/secure.gravatar.com\\\/avatar\\\/d4758965c5e8730dbaaa7131a628547771a26c1e5bf14fe323d96f8246a62baf?s=96&d=mm&r=g\",\"caption\":\"Carolina Mancini\"},\"url\":\"https:\\\/\\\/cinema.video\\\/it\\\/author\\\/carolin\"}]}<\/script>\n<!-- \/ Yoast SEO Premium plugin. -->","yoast_head_json":{"title":"Virtual Reality Viaggio all'Inferno con ETT - Cinema &amp; Video International","description":"Virtual Reality Viaggio all'Inferno con ETT \u2013 virtual reality viaggio allinferno con ett. ETT, industria digitale creativa, presenter\u00e0 luned\u00ec 18 ottobre,","robots":{"index":"index","follow":"follow","max-snippet":"max-snippet:-1","max-image-preview":"max-image-preview:large","max-video-preview":"max-video-preview:-1"},"canonical":"https:\/\/cinema.video\/it\/virtual-reality-viaggio-allinferno-con-ett","og_locale":"it_IT","og_type":"article","og_title":"Virtual Reality Viaggio all'Inferno con ETT","og_description":"Virtual Reality Viaggio all'Inferno con ETT \u2013 virtual reality viaggio allinferno con ett. ETT, industria digitale creativa, presenter\u00e0 luned\u00ec 18 ottobre,","og_url":"https:\/\/cinema.video\/it\/virtual-reality-viaggio-allinferno-con-ett","og_site_name":"Cinema &amp; Video International","article_publisher":"https:\/\/www.facebook.com\/CinemaVideoInternational\/","article_published_time":"2021-10-17T10:12:17+00:00","article_modified_time":"2026-04-10T01:55:33+00:00","og_image":[{"width":1056,"height":636,"url":"https:\/\/cinema.video\/wp-content\/uploads\/2021\/10\/IMG-20211016-WA0000.jpg","type":"image\/jpeg"}],"author":"Carolina Mancini","twitter_card":"summary_large_image","twitter_misc":{"Scritto da":"Carolina Mancini","Tempo di lettura stimato":"1 minuto"},"schema":{"@context":"https:\/\/schema.org","@graph":[{"@type":"Article","@id":"https:\/\/cinema.video\/it\/virtual-reality-viaggio-allinferno-con-ett#article","isPartOf":{"@id":"https:\/\/cinema.video\/it\/virtual-reality-viaggio-allinferno-con-ett"},"author":{"name":"Carolina Mancini","@id":"https:\/\/cinema.video\/it#\/schema\/person\/d5479fad8d0f2360000eb4aab6bb6e5d"},"headline":"Virtual Reality Viaggio all&#8217;Inferno con ETT","datePublished":"2021-10-17T10:12:17+00:00","dateModified":"2026-04-10T01:55:33+00:00","mainEntityOfPage":{"@id":"https:\/\/cinema.video\/it\/virtual-reality-viaggio-allinferno-con-ett"},"wordCount":250,"publisher":{"@id":"https:\/\/cinema.video\/it#organization"},"image":{"@id":"https:\/\/cinema.video\/it\/virtual-reality-viaggio-allinferno-con-ett#primaryimage"},"thumbnailUrl":"https:\/\/cinema.video\/wp-content\/uploads\/2021\/10\/IMG-20211016-WA0000.jpg","keywords":["ALICE NELLA CITT\u00c0","EVENTS","Festa del Cinema Roma"],"articleSection":["EVENTS"],"inLanguage":"it-IT"},{"@type":"WebPage","@id":"https:\/\/cinema.video\/it\/virtual-reality-viaggio-allinferno-con-ett","url":"https:\/\/cinema.video\/it\/virtual-reality-viaggio-allinferno-con-ett","name":"Virtual Reality Viaggio all'Inferno con ETT - Cinema &amp; Video International","isPartOf":{"@id":"https:\/\/cinema.video\/it#website"},"primaryImageOfPage":{"@id":"https:\/\/cinema.video\/it\/virtual-reality-viaggio-allinferno-con-ett#primaryimage"},"image":{"@id":"https:\/\/cinema.video\/it\/virtual-reality-viaggio-allinferno-con-ett#primaryimage"},"thumbnailUrl":"https:\/\/cinema.video\/wp-content\/uploads\/2021\/10\/IMG-20211016-WA0000.jpg","datePublished":"2021-10-17T10:12:17+00:00","dateModified":"2026-04-10T01:55:33+00:00","description":"Virtual Reality Viaggio all'Inferno con ETT \u2013 virtual reality viaggio allinferno con ett. ETT, industria digitale creativa, presenter\u00e0 luned\u00ec 18 ottobre,","breadcrumb":{"@id":"https:\/\/cinema.video\/it\/virtual-reality-viaggio-allinferno-con-ett#breadcrumb"},"inLanguage":"it-IT","potentialAction":[{"@type":"ReadAction","target":["https:\/\/cinema.video\/it\/virtual-reality-viaggio-allinferno-con-ett"]}]},{"@type":"ImageObject","inLanguage":"it-IT","@id":"https:\/\/cinema.video\/it\/virtual-reality-viaggio-allinferno-con-ett#primaryimage","url":"https:\/\/cinema.video\/wp-content\/uploads\/2021\/10\/IMG-20211016-WA0000.jpg","contentUrl":"https:\/\/cinema.video\/wp-content\/uploads\/2021\/10\/IMG-20211016-WA0000.jpg","width":1056,"height":636},{"@type":"BreadcrumbList","@id":"https:\/\/cinema.video\/it\/virtual-reality-viaggio-allinferno-con-ett#breadcrumb","itemListElement":[{"@type":"ListItem","position":1,"name":"Home","item":"https:\/\/cinema.video\/it"},{"@type":"ListItem","position":2,"name":"Virtual Reality Viaggio all&#8217;Inferno con ETT"}]},{"@type":"WebSite","@id":"https:\/\/cinema.video\/it#website","url":"https:\/\/cinema.video\/it","name":"Cinema & Video International","description":"Film &amp; Audiovisual B2B Industry Trade Platform Magazine","publisher":{"@id":"https:\/\/cinema.video\/it#organization"},"alternateName":"Cinema & Video","potentialAction":[{"@type":"SearchAction","target":{"@type":"EntryPoint","urlTemplate":"https:\/\/cinema.video\/it?s={search_term_string}"},"query-input":{"@type":"PropertyValueSpecification","valueRequired":true,"valueName":"search_term_string"}}],"inLanguage":"it-IT"},{"@type":"Organization","@id":"https:\/\/cinema.video\/it#organization","name":"Cinema & Video","url":"https:\/\/cinema.video\/it","logo":{"@type":"ImageObject","inLanguage":"it-IT","@id":"https:\/\/cinema.video\/it#\/schema\/logo\/image\/","url":"https:\/\/cinema.video\/wp-content\/uploads\/2026\/04\/CinemVideo_LogoBlack.png","contentUrl":"https:\/\/cinema.video\/wp-content\/uploads\/2026\/04\/CinemVideo_LogoBlack.png","width":1336,"height":224,"caption":"Cinema & Video"},"image":{"@id":"https:\/\/cinema.video\/it#\/schema\/logo\/image\/"},"sameAs":["https:\/\/www.facebook.com\/CinemaVideoInternational\/","https:\/\/www.instagram.com\/cinemaevideointernational\/","https:\/\/it.linkedin.com\/company\/cinema-video-international"],"description":"Media Consulting & Marketing Agency","email":"hello@darostudio.com","legalName":"DARO studio LLC","foundingDate":"2021-02-16","numberOfEmployees":{"@type":"QuantitativeValue","minValue":"1","maxValue":"10"},"publishingPrinciples":"https:\/\/cinema.video\/about"},{"@type":"Person","@id":"https:\/\/cinema.video\/it#\/schema\/person\/d5479fad8d0f2360000eb4aab6bb6e5d","name":"Carolina Mancini","image":{"@type":"ImageObject","inLanguage":"it-IT","@id":"https:\/\/secure.gravatar.com\/avatar\/d4758965c5e8730dbaaa7131a628547771a26c1e5bf14fe323d96f8246a62baf?s=96&d=mm&r=g","url":"https:\/\/secure.gravatar.com\/avatar\/d4758965c5e8730dbaaa7131a628547771a26c1e5bf14fe323d96f8246a62baf?s=96&d=mm&r=g","contentUrl":"https:\/\/secure.gravatar.com\/avatar\/d4758965c5e8730dbaaa7131a628547771a26c1e5bf14fe323d96f8246a62baf?s=96&d=mm&r=g","caption":"Carolina Mancini"},"url":"https:\/\/cinema.video\/it\/author\/carolin"}]}},"jetpack_shortlink":"https:\/\/wp.me\/ph672m-1dA9","jetpack_featured_media_url":"https:\/\/cinema.video\/wp-content\/uploads\/2021\/10\/IMG-20211016-WA0000.jpg","_links":{"self":[{"href":"https:\/\/cinema.video\/it\/wp-json\/wp\/v2\/posts\/290541","targetHints":{"allow":["GET"]}}],"collection":[{"href":"https:\/\/cinema.video\/it\/wp-json\/wp\/v2\/posts"}],"about":[{"href":"https:\/\/cinema.video\/it\/wp-json\/wp\/v2\/types\/post"}],"author":[{"embeddable":true,"href":"https:\/\/cinema.video\/it\/wp-json\/wp\/v2\/users\/2"}],"replies":[{"embeddable":true,"href":"https:\/\/cinema.video\/it\/wp-json\/wp\/v2\/comments?post=290541"}],"version-history":[{"count":2,"href":"https:\/\/cinema.video\/it\/wp-json\/wp\/v2\/posts\/290541\/revisions"}],"predecessor-version":[{"id":308436,"href":"https:\/\/cinema.video\/it\/wp-json\/wp\/v2\/posts\/290541\/revisions\/308436"}],"wp:featuredmedia":[{"embeddable":true,"href":"https:\/\/cinema.video\/it\/wp-json\/wp\/v2\/media\/290542"}],"wp:attachment":[{"href":"https:\/\/cinema.video\/it\/wp-json\/wp\/v2\/media?parent=290541"}],"wp:term":[{"taxonomy":"category","embeddable":true,"href":"https:\/\/cinema.video\/it\/wp-json\/wp\/v2\/categories?post=290541"},{"taxonomy":"post_tag","embeddable":true,"href":"https:\/\/cinema.video\/it\/wp-json\/wp\/v2\/tags?post=290541"}],"curies":[{"name":"wp","href":"https:\/\/api.w.org\/{rel}","templated":true}]}}