{"id":290529,"date":"2021-10-16T09:42:43","date_gmt":"2021-10-16T07:42:43","guid":{"rendered":"https:\/\/cinema.video\/?p=290529"},"modified":"2026-04-10T03:55:31","modified_gmt":"2026-04-10T01:55:31","slug":"green-in-arrivo-il-protocollo-per-i-documentari","status":"publish","type":"post","link":"https:\/\/cinema.video\/it\/green-in-arrivo-il-protocollo-per-i-documentari","title":{"rendered":"GREEN In arrivo il Protocollo per i documentari"},"content":{"rendered":"\n<p class=\"wp-block-paragraph\">Dovrebbe essere pubblicato entro la fine dell\u2019anno il protocollo del <strong>Green Film per i documentari<\/strong>: un disciplinare ad hoc che tenga conto della particolarit\u00e0 di questo genere di produzioni, che gi\u00e0 partono \u2018avvantaggiate\u2019 rispetto alle opere di finzione il cui impatto ambientale \u00e8 molto maggiore: lo ha detto <strong>Gianluca De Angelis<\/strong>, produttore di <strong>Doc.it<\/strong>, all\u2019interno del panel del <strong>MIA di Roma<\/strong> dedicato alla green production e alla sostenibilit\u00e0 (<strong><em>The Ecological Transition of the Sector, Italy at the Center<\/em><\/strong>):<\/p>\n\n\n\n<p class=\"wp-block-paragraph\">\u00a0\u201cI documentari di creazione sono green per natura, cionondimeno c\u2019\u00e8 bisogno di adottare dei parametri comuni, lavorando sulla possibilit\u00e0 di attuare percorsi di formazione, sulla figura del green manager, e cercando di capire se si possono attivare delle convenzioni con gli enti certificatori perch\u00e9 i budget dei documentari sono pi\u00f9 ridotti. Intanto abbiamo definito un primo draft e abbiamo deciso di iniziare con un caso pilota,\u00a0<em><strong>Eroina<\/strong><\/em>, prodotto da Francesco Virga, che inizier\u00e0 le riprese il\u00a0\u00a0prossimo mese, il green manager \u00e8 gi\u00e0 in contatto con il produttore.\u201d<\/p>\n\n\n\n<p class=\"wp-block-paragraph\">E anche al di fuori dei set dei documentari \u201cla definizione pi\u00f9 compatta di uno standard e la necessit\u00e0 di smuovere, anche a suon di incentivi, una quantit\u00e0 pi\u00f9 ampia di produttori che inizino a pianificare\u00a0\u00a0la sostenibilit\u00e0 delle proprie produzioni\u201d \u00e8 uno degli obbiettivi futuri pi\u00f9 stringenti secondo <strong>Luca Ferrario<\/strong>,\u00a0\u00a0intervenuto al panel in qualit\u00e0 di vicepresidente di <strong>Italian Film Commission<\/strong>, che da maggio ha adottato il\u00a0\u00a0\u00a0Green Film,\u00a0\u00a0sviluppato da <strong>Trentino Film Commission<\/strong>, certificato da<strong> ISPRA <\/strong>come base per il marchio nazionale, e ad oggi attivato da Emilia Romagna e Veneto Film Commission.<\/p>\n\n\n\n<p class=\"wp-block-paragraph\">\u201cIl Trentino ha anticipato su alcuni temi, come la sostenibilit\u00e0 e la formazione, il PNRR, che- ricorda <strong>Salvatore Curcuruto<\/strong>, dirigente servizio certificazioni ambientali, ISPRA, -mette a disposizione 6 miliardi (su 250) per cultura e turismo. Adesso anche i porti turistici, ad esempio, vogliono mettere in piedi una propria certificazione per la sostenibilit\u00e0, l\u2019interesse \u00e8 crescente.\u201d<\/p>\n\n\n\n<p class=\"wp-block-paragraph\">Un ruolo di primo piano rispetto ai fondi del PNRR \u00e8 quello di Cinecitt\u00e0, che, come ricorda <strong>Andrea Spagna<\/strong>, Marketing, Brand&amp;Business Development della societ\u00e0, \u201cha un budget allocato per la transizione ecologica: vogliamo affrontare in modo serio e rigoroso il tema della sostenibilit\u00e0, e siamo in fase di studio. Abbiamo parlato con\u00a0\u00a0\u00a0Luca Ferrario dell\u2019eventualit\u00e0 di realizzare un disciplinare ad hoc per gli studios, e stiamo guardando ad altri studi, come quelli di Los Angeles, dove esistono figure di green manager che si occupano stabilmente di queste cose, e dove il PGA Green Guild, oltre ai produttori indipendenti include anche gli studi: questo potrebbe essere il modello. Negli USA, non esistendo gli incentivi alla produzione sostenibile, tutto \u00e8 lasciato alla discrezionalit\u00e0 dei singoli, ma c\u2019\u00e8 un tema di brand equity molto forte, per cui \u2018non puoi permetterti&#8217; di non comportarti virtuosamente. La nostra ambizione per il 2026, quando si concluder\u00e0 il piano di sviluppo, non \u00e8 solo quella di diventare uno studio sostenibile, ma di contribuire attivamente alla diffusione di questa cultura.\u201d<\/p>\n","protected":false},"excerpt":{"rendered":"<p>Il punto sulla green production all&#8217;interno  del panel &#8220;The Ecological Transition of the Sector, Italy at the Center&#8221;, organizzato dal MIA di Roma. Gli interventi di Gianluca De Angelis, Luca Ferrario, Andrea Spagna,Salvatore Curcuruto <\/p>\n","protected":false},"author":2,"featured_media":290530,"comment_status":"closed","ping_status":"closed","sticky":false,"template":"","format":"standard","meta":{"googlesitekit_rrm_CAow3e7fCw:productID":"","_crdt_document":"","footnotes":""},"categories":[1],"tags":[514,356,2318,243,393],"class_list":{"0":"post-290529","1":"post","2":"type-post","3":"status-publish","4":"format-standard","5":"has-post-thumbnail","7":"category-senza-categoria","8":"tag-cinecitta","9":"tag-focus","10":"tag-green","11":"tag-italian-film-commissions","12":"tag-trentino-film-commission"},"yoast_head":"<!-- This site is optimized with the Yoast SEO Premium plugin v27.4 (Yoast SEO v27.5) - https:\/\/yoast.com\/product\/yoast-seo-premium-wordpress\/ -->\n<title>GREEN In arrivo il Protocollo per i documentari - Cinema &amp; Video International<\/title>\n<meta name=\"description\" content=\"GREEN In arrivo il Protocollo per i documentari \u2013 green in arrivo il protocollo per. Dovrebbe essere pubblicato entro la fine dell\u2019anno il protocollo del\" \/>\n<meta name=\"robots\" content=\"index, follow, max-snippet:-1, max-image-preview:large, max-video-preview:-1\" \/>\n<link rel=\"canonical\" href=\"https:\/\/cinema.video\/it\/green-in-arrivo-il-protocollo-per-i-documentari\" \/>\n<meta property=\"og:locale\" content=\"it_IT\" \/>\n<meta property=\"og:type\" content=\"article\" \/>\n<meta property=\"og:title\" content=\"GREEN In arrivo il Protocollo per i documentari\" \/>\n<meta property=\"og:description\" content=\"GREEN In arrivo il Protocollo per i documentari \u2013 green in arrivo il protocollo per. Dovrebbe essere pubblicato entro la fine dell\u2019anno il protocollo del\" \/>\n<meta property=\"og:url\" content=\"https:\/\/cinema.video\/it\/green-in-arrivo-il-protocollo-per-i-documentari\" \/>\n<meta property=\"og:site_name\" content=\"Cinema &amp; Video International\" \/>\n<meta property=\"article:publisher\" content=\"https:\/\/www.facebook.com\/CinemaVideoInternational\/\" \/>\n<meta property=\"article:published_time\" content=\"2021-10-16T07:42:43+00:00\" \/>\n<meta property=\"article:modified_time\" content=\"2026-04-10T01:55:31+00:00\" \/>\n<meta property=\"og:image\" content=\"https:\/\/cinema.video\/wp-content\/uploads\/2021\/10\/1634369674165-scaled-e1634369970904.jpg\" \/>\n\t<meta property=\"og:image:width\" content=\"800\" \/>\n\t<meta property=\"og:image:height\" content=\"360\" \/>\n\t<meta property=\"og:image:type\" content=\"image\/jpeg\" \/>\n<meta name=\"author\" content=\"Carolina Mancini\" \/>\n<meta name=\"twitter:card\" content=\"summary_large_image\" \/>\n<meta name=\"twitter:label1\" content=\"Scritto da\" \/>\n\t<meta name=\"twitter:data1\" content=\"Carolina Mancini\" \/>\n\t<meta name=\"twitter:label2\" content=\"Tempo di lettura stimato\" \/>\n\t<meta name=\"twitter:data2\" content=\"2 minuti\" \/>\n<script type=\"application\/ld+json\" class=\"yoast-schema-graph\">{\"@context\":\"https:\\\/\\\/schema.org\",\"@graph\":[{\"@type\":\"Article\",\"@id\":\"https:\\\/\\\/cinema.video\\\/it\\\/green-in-arrivo-il-protocollo-per-i-documentari#article\",\"isPartOf\":{\"@id\":\"https:\\\/\\\/cinema.video\\\/it\\\/green-in-arrivo-il-protocollo-per-i-documentari\"},\"author\":{\"name\":\"Carolina Mancini\",\"@id\":\"https:\\\/\\\/cinema.video\\\/it#\\\/schema\\\/person\\\/d5479fad8d0f2360000eb4aab6bb6e5d\"},\"headline\":\"GREEN In arrivo il Protocollo per i documentari\",\"datePublished\":\"2021-10-16T07:42:43+00:00\",\"dateModified\":\"2026-04-10T01:55:31+00:00\",\"mainEntityOfPage\":{\"@id\":\"https:\\\/\\\/cinema.video\\\/it\\\/green-in-arrivo-il-protocollo-per-i-documentari\"},\"wordCount\":493,\"publisher\":{\"@id\":\"https:\\\/\\\/cinema.video\\\/it#organization\"},\"image\":{\"@id\":\"https:\\\/\\\/cinema.video\\\/it\\\/green-in-arrivo-il-protocollo-per-i-documentari#primaryimage\"},\"thumbnailUrl\":\"https:\\\/\\\/cinema.video\\\/wp-content\\\/uploads\\\/2021\\\/10\\\/1634369674165-scaled-e1634369970904.jpg\",\"keywords\":[\"CINECITT\u00c0\",\"focus\",\"GREEN\",\"ITALIAN FILM COMMISSIONS\",\"TRENTINO FILM COMMISSION\"],\"inLanguage\":\"it-IT\"},{\"@type\":\"WebPage\",\"@id\":\"https:\\\/\\\/cinema.video\\\/it\\\/green-in-arrivo-il-protocollo-per-i-documentari\",\"url\":\"https:\\\/\\\/cinema.video\\\/it\\\/green-in-arrivo-il-protocollo-per-i-documentari\",\"name\":\"GREEN In arrivo il Protocollo per i documentari - Cinema &amp; Video International\",\"isPartOf\":{\"@id\":\"https:\\\/\\\/cinema.video\\\/it#website\"},\"primaryImageOfPage\":{\"@id\":\"https:\\\/\\\/cinema.video\\\/it\\\/green-in-arrivo-il-protocollo-per-i-documentari#primaryimage\"},\"image\":{\"@id\":\"https:\\\/\\\/cinema.video\\\/it\\\/green-in-arrivo-il-protocollo-per-i-documentari#primaryimage\"},\"thumbnailUrl\":\"https:\\\/\\\/cinema.video\\\/wp-content\\\/uploads\\\/2021\\\/10\\\/1634369674165-scaled-e1634369970904.jpg\",\"datePublished\":\"2021-10-16T07:42:43+00:00\",\"dateModified\":\"2026-04-10T01:55:31+00:00\",\"description\":\"GREEN In arrivo il Protocollo per i documentari \u2013 green in arrivo il protocollo per. Dovrebbe essere pubblicato entro la fine dell\u2019anno il protocollo del\",\"breadcrumb\":{\"@id\":\"https:\\\/\\\/cinema.video\\\/it\\\/green-in-arrivo-il-protocollo-per-i-documentari#breadcrumb\"},\"inLanguage\":\"it-IT\",\"potentialAction\":[{\"@type\":\"ReadAction\",\"target\":[\"https:\\\/\\\/cinema.video\\\/it\\\/green-in-arrivo-il-protocollo-per-i-documentari\"]}]},{\"@type\":\"ImageObject\",\"inLanguage\":\"it-IT\",\"@id\":\"https:\\\/\\\/cinema.video\\\/it\\\/green-in-arrivo-il-protocollo-per-i-documentari#primaryimage\",\"url\":\"https:\\\/\\\/cinema.video\\\/wp-content\\\/uploads\\\/2021\\\/10\\\/1634369674165-scaled-e1634369970904.jpg\",\"contentUrl\":\"https:\\\/\\\/cinema.video\\\/wp-content\\\/uploads\\\/2021\\\/10\\\/1634369674165-scaled-e1634369970904.jpg\",\"width\":800,\"height\":360},{\"@type\":\"BreadcrumbList\",\"@id\":\"https:\\\/\\\/cinema.video\\\/it\\\/green-in-arrivo-il-protocollo-per-i-documentari#breadcrumb\",\"itemListElement\":[{\"@type\":\"ListItem\",\"position\":1,\"name\":\"Home\",\"item\":\"https:\\\/\\\/cinema.video\\\/it\\\/home-2\"},{\"@type\":\"ListItem\",\"position\":2,\"name\":\"GREEN In arrivo il Protocollo per i documentari\"}]},{\"@type\":\"WebSite\",\"@id\":\"https:\\\/\\\/cinema.video\\\/it#website\",\"url\":\"https:\\\/\\\/cinema.video\\\/it\",\"name\":\"Cinema & Video International\",\"description\":\"Film &amp; Audiovisual Industry Trade Magazine\",\"publisher\":{\"@id\":\"https:\\\/\\\/cinema.video\\\/it#organization\"},\"alternateName\":\"Cinema & Video\",\"potentialAction\":[{\"@type\":\"SearchAction\",\"target\":{\"@type\":\"EntryPoint\",\"urlTemplate\":\"https:\\\/\\\/cinema.video\\\/it?s={search_term_string}\"},\"query-input\":{\"@type\":\"PropertyValueSpecification\",\"valueRequired\":true,\"valueName\":\"search_term_string\"}}],\"inLanguage\":\"it-IT\"},{\"@type\":\"Organization\",\"@id\":\"https:\\\/\\\/cinema.video\\\/it#organization\",\"name\":\"Cinema & Video\",\"url\":\"https:\\\/\\\/cinema.video\\\/it\",\"logo\":{\"@type\":\"ImageObject\",\"inLanguage\":\"it-IT\",\"@id\":\"https:\\\/\\\/cinema.video\\\/it#\\\/schema\\\/logo\\\/image\\\/\",\"url\":\"https:\\\/\\\/cinema.video\\\/wp-content\\\/uploads\\\/2026\\\/04\\\/CinemVideo_LogoBlack.png\",\"contentUrl\":\"https:\\\/\\\/cinema.video\\\/wp-content\\\/uploads\\\/2026\\\/04\\\/CinemVideo_LogoBlack.png\",\"width\":1336,\"height\":224,\"caption\":\"Cinema & Video\"},\"image\":{\"@id\":\"https:\\\/\\\/cinema.video\\\/it#\\\/schema\\\/logo\\\/image\\\/\"},\"sameAs\":[\"https:\\\/\\\/www.facebook.com\\\/CinemaVideoInternational\\\/\",\"https:\\\/\\\/www.instagram.com\\\/cinemaevideointernational\\\/\",\"https:\\\/\\\/it.linkedin.com\\\/company\\\/cinema-video-international\"],\"description\":\"Media Consulting & Marketing Agency\",\"email\":\"hello@darostudio.com\",\"legalName\":\"DARO studio LLC\",\"foundingDate\":\"2021-02-16\",\"numberOfEmployees\":{\"@type\":\"QuantitativeValue\",\"minValue\":\"1\",\"maxValue\":\"10\"}},{\"@type\":\"Person\",\"@id\":\"https:\\\/\\\/cinema.video\\\/it#\\\/schema\\\/person\\\/d5479fad8d0f2360000eb4aab6bb6e5d\",\"name\":\"Carolina Mancini\",\"image\":{\"@type\":\"ImageObject\",\"inLanguage\":\"it-IT\",\"@id\":\"https:\\\/\\\/secure.gravatar.com\\\/avatar\\\/d4758965c5e8730dbaaa7131a628547771a26c1e5bf14fe323d96f8246a62baf?s=96&d=mm&r=g\",\"url\":\"https:\\\/\\\/secure.gravatar.com\\\/avatar\\\/d4758965c5e8730dbaaa7131a628547771a26c1e5bf14fe323d96f8246a62baf?s=96&d=mm&r=g\",\"contentUrl\":\"https:\\\/\\\/secure.gravatar.com\\\/avatar\\\/d4758965c5e8730dbaaa7131a628547771a26c1e5bf14fe323d96f8246a62baf?s=96&d=mm&r=g\",\"caption\":\"Carolina Mancini\"},\"url\":\"https:\\\/\\\/cinema.video\\\/it\\\/author\\\/carolin\"}]}<\/script>\n<!-- \/ Yoast SEO Premium plugin. -->","yoast_head_json":{"title":"GREEN In arrivo il Protocollo per i documentari - Cinema &amp; Video International","description":"GREEN In arrivo il Protocollo per i documentari \u2013 green in arrivo il protocollo per. Dovrebbe essere pubblicato entro la fine dell\u2019anno il protocollo del","robots":{"index":"index","follow":"follow","max-snippet":"max-snippet:-1","max-image-preview":"max-image-preview:large","max-video-preview":"max-video-preview:-1"},"canonical":"https:\/\/cinema.video\/it\/green-in-arrivo-il-protocollo-per-i-documentari","og_locale":"it_IT","og_type":"article","og_title":"GREEN In arrivo il Protocollo per i documentari","og_description":"GREEN In arrivo il Protocollo per i documentari \u2013 green in arrivo il protocollo per. Dovrebbe essere pubblicato entro la fine dell\u2019anno il protocollo del","og_url":"https:\/\/cinema.video\/it\/green-in-arrivo-il-protocollo-per-i-documentari","og_site_name":"Cinema &amp; Video International","article_publisher":"https:\/\/www.facebook.com\/CinemaVideoInternational\/","article_published_time":"2021-10-16T07:42:43+00:00","article_modified_time":"2026-04-10T01:55:31+00:00","og_image":[{"width":800,"height":360,"url":"https:\/\/cinema.video\/wp-content\/uploads\/2021\/10\/1634369674165-scaled-e1634369970904.jpg","type":"image\/jpeg"}],"author":"Carolina Mancini","twitter_card":"summary_large_image","twitter_misc":{"Scritto da":"Carolina Mancini","Tempo di lettura stimato":"2 minuti"},"schema":{"@context":"https:\/\/schema.org","@graph":[{"@type":"Article","@id":"https:\/\/cinema.video\/it\/green-in-arrivo-il-protocollo-per-i-documentari#article","isPartOf":{"@id":"https:\/\/cinema.video\/it\/green-in-arrivo-il-protocollo-per-i-documentari"},"author":{"name":"Carolina Mancini","@id":"https:\/\/cinema.video\/it#\/schema\/person\/d5479fad8d0f2360000eb4aab6bb6e5d"},"headline":"GREEN In arrivo il Protocollo per i documentari","datePublished":"2021-10-16T07:42:43+00:00","dateModified":"2026-04-10T01:55:31+00:00","mainEntityOfPage":{"@id":"https:\/\/cinema.video\/it\/green-in-arrivo-il-protocollo-per-i-documentari"},"wordCount":493,"publisher":{"@id":"https:\/\/cinema.video\/it#organization"},"image":{"@id":"https:\/\/cinema.video\/it\/green-in-arrivo-il-protocollo-per-i-documentari#primaryimage"},"thumbnailUrl":"https:\/\/cinema.video\/wp-content\/uploads\/2021\/10\/1634369674165-scaled-e1634369970904.jpg","keywords":["CINECITT\u00c0","focus","GREEN","ITALIAN FILM COMMISSIONS","TRENTINO FILM COMMISSION"],"inLanguage":"it-IT"},{"@type":"WebPage","@id":"https:\/\/cinema.video\/it\/green-in-arrivo-il-protocollo-per-i-documentari","url":"https:\/\/cinema.video\/it\/green-in-arrivo-il-protocollo-per-i-documentari","name":"GREEN In arrivo il Protocollo per i documentari - Cinema &amp; Video International","isPartOf":{"@id":"https:\/\/cinema.video\/it#website"},"primaryImageOfPage":{"@id":"https:\/\/cinema.video\/it\/green-in-arrivo-il-protocollo-per-i-documentari#primaryimage"},"image":{"@id":"https:\/\/cinema.video\/it\/green-in-arrivo-il-protocollo-per-i-documentari#primaryimage"},"thumbnailUrl":"https:\/\/cinema.video\/wp-content\/uploads\/2021\/10\/1634369674165-scaled-e1634369970904.jpg","datePublished":"2021-10-16T07:42:43+00:00","dateModified":"2026-04-10T01:55:31+00:00","description":"GREEN In arrivo il Protocollo per i documentari \u2013 green in arrivo il protocollo per. Dovrebbe essere pubblicato entro la fine dell\u2019anno il protocollo del","breadcrumb":{"@id":"https:\/\/cinema.video\/it\/green-in-arrivo-il-protocollo-per-i-documentari#breadcrumb"},"inLanguage":"it-IT","potentialAction":[{"@type":"ReadAction","target":["https:\/\/cinema.video\/it\/green-in-arrivo-il-protocollo-per-i-documentari"]}]},{"@type":"ImageObject","inLanguage":"it-IT","@id":"https:\/\/cinema.video\/it\/green-in-arrivo-il-protocollo-per-i-documentari#primaryimage","url":"https:\/\/cinema.video\/wp-content\/uploads\/2021\/10\/1634369674165-scaled-e1634369970904.jpg","contentUrl":"https:\/\/cinema.video\/wp-content\/uploads\/2021\/10\/1634369674165-scaled-e1634369970904.jpg","width":800,"height":360},{"@type":"BreadcrumbList","@id":"https:\/\/cinema.video\/it\/green-in-arrivo-il-protocollo-per-i-documentari#breadcrumb","itemListElement":[{"@type":"ListItem","position":1,"name":"Home","item":"https:\/\/cinema.video\/it\/home-2"},{"@type":"ListItem","position":2,"name":"GREEN In arrivo il Protocollo per i documentari"}]},{"@type":"WebSite","@id":"https:\/\/cinema.video\/it#website","url":"https:\/\/cinema.video\/it","name":"Cinema & Video International","description":"Film &amp; Audiovisual Industry Trade Magazine","publisher":{"@id":"https:\/\/cinema.video\/it#organization"},"alternateName":"Cinema & Video","potentialAction":[{"@type":"SearchAction","target":{"@type":"EntryPoint","urlTemplate":"https:\/\/cinema.video\/it?s={search_term_string}"},"query-input":{"@type":"PropertyValueSpecification","valueRequired":true,"valueName":"search_term_string"}}],"inLanguage":"it-IT"},{"@type":"Organization","@id":"https:\/\/cinema.video\/it#organization","name":"Cinema & Video","url":"https:\/\/cinema.video\/it","logo":{"@type":"ImageObject","inLanguage":"it-IT","@id":"https:\/\/cinema.video\/it#\/schema\/logo\/image\/","url":"https:\/\/cinema.video\/wp-content\/uploads\/2026\/04\/CinemVideo_LogoBlack.png","contentUrl":"https:\/\/cinema.video\/wp-content\/uploads\/2026\/04\/CinemVideo_LogoBlack.png","width":1336,"height":224,"caption":"Cinema & Video"},"image":{"@id":"https:\/\/cinema.video\/it#\/schema\/logo\/image\/"},"sameAs":["https:\/\/www.facebook.com\/CinemaVideoInternational\/","https:\/\/www.instagram.com\/cinemaevideointernational\/","https:\/\/it.linkedin.com\/company\/cinema-video-international"],"description":"Media Consulting & Marketing Agency","email":"hello@darostudio.com","legalName":"DARO studio LLC","foundingDate":"2021-02-16","numberOfEmployees":{"@type":"QuantitativeValue","minValue":"1","maxValue":"10"}},{"@type":"Person","@id":"https:\/\/cinema.video\/it#\/schema\/person\/d5479fad8d0f2360000eb4aab6bb6e5d","name":"Carolina Mancini","image":{"@type":"ImageObject","inLanguage":"it-IT","@id":"https:\/\/secure.gravatar.com\/avatar\/d4758965c5e8730dbaaa7131a628547771a26c1e5bf14fe323d96f8246a62baf?s=96&d=mm&r=g","url":"https:\/\/secure.gravatar.com\/avatar\/d4758965c5e8730dbaaa7131a628547771a26c1e5bf14fe323d96f8246a62baf?s=96&d=mm&r=g","contentUrl":"https:\/\/secure.gravatar.com\/avatar\/d4758965c5e8730dbaaa7131a628547771a26c1e5bf14fe323d96f8246a62baf?s=96&d=mm&r=g","caption":"Carolina Mancini"},"url":"https:\/\/cinema.video\/it\/author\/carolin"}]}},"jetpack_featured_media_url":"https:\/\/cinema.video\/wp-content\/uploads\/2021\/10\/1634369674165-scaled-e1634369970904.jpg","jetpack_shortlink":"https:\/\/wp.me\/ph672m-1dzX","_links":{"self":[{"href":"https:\/\/cinema.video\/it\/wp-json\/wp\/v2\/posts\/290529","targetHints":{"allow":["GET"]}}],"collection":[{"href":"https:\/\/cinema.video\/it\/wp-json\/wp\/v2\/posts"}],"about":[{"href":"https:\/\/cinema.video\/it\/wp-json\/wp\/v2\/types\/post"}],"author":[{"embeddable":true,"href":"https:\/\/cinema.video\/it\/wp-json\/wp\/v2\/users\/2"}],"replies":[{"embeddable":true,"href":"https:\/\/cinema.video\/it\/wp-json\/wp\/v2\/comments?post=290529"}],"version-history":[{"count":1,"href":"https:\/\/cinema.video\/it\/wp-json\/wp\/v2\/posts\/290529\/revisions"}],"predecessor-version":[{"id":308434,"href":"https:\/\/cinema.video\/it\/wp-json\/wp\/v2\/posts\/290529\/revisions\/308434"}],"wp:featuredmedia":[{"embeddable":true,"href":"https:\/\/cinema.video\/it\/wp-json\/wp\/v2\/media\/290530"}],"wp:attachment":[{"href":"https:\/\/cinema.video\/it\/wp-json\/wp\/v2\/media?parent=290529"}],"wp:term":[{"taxonomy":"category","embeddable":true,"href":"https:\/\/cinema.video\/it\/wp-json\/wp\/v2\/categories?post=290529"},{"taxonomy":"post_tag","embeddable":true,"href":"https:\/\/cinema.video\/it\/wp-json\/wp\/v2\/tags?post=290529"}],"curies":[{"name":"wp","href":"https:\/\/api.w.org\/{rel}","templated":true}]}}