{"id":290385,"date":"2021-09-28T09:31:02","date_gmt":"2021-09-28T07:31:02","guid":{"rendered":"https:\/\/cinema.video\/?p=290385"},"modified":"2026-04-10T03:55:19","modified_gmt":"2026-04-10T01:55:19","slug":"lazio-castello-errante-v-edizione-nel-segno-de","status":"publish","type":"post","link":"https:\/\/cinema.video\/it\/lazio-castello-errante-v-edizione-nel-segno-de","title":{"rendered":"LAZIO Castello Errante la V edizione cerca la Reinvenzione"},"content":{"rendered":"\n<p class=\"wp-block-paragraph\">E&#8217;<strong>&nbsp;<em>Reinvenzione<\/em>&nbsp;<\/strong>il tema della V edizione di<strong>&nbsp;Castello Errante. Residenza Internazionale Del Cinema,&nbsp;<\/strong>che si svolger\u00e0 dal 10 al 25 novembre 2021 online e dal 5 al 17 dicembre 2021 onsite<strong>,<\/strong>&nbsp;nel&nbsp;<strong>borgo di<\/strong>&nbsp;<strong>Santa Severa<\/strong>, situato nel comune di Santa Marinella. I residenti parteciperanno a uno scambio culturale attorno ai temi del cinema e dell\u2019audiovisivo, attraverso eventi, workshop e masterclass, con professionisti e docenti provenienti da tutto il mondo, riscoprendo luoghi millenari di grande fascino e bellezza, come l&#8217;imponente castello sorto sull&#8217;antica citt\u00e0 di Pyrgi, uno dei pi\u00f9 importanti monumenti di interesse storico e archeologico della costa tirrenica a nord di Roma.<\/p>\n\n\n\n<p class=\"wp-block-paragraph\">Sono gi\u00e0 stati selezionati i componenti della troupe che realizzer\u00e0 il corto di finzione durante la residenza: giovani di et\u00e0 compresa tra i 23 e i 34 anni, provenienti da:<strong>&nbsp;<\/strong>Argentina, Stato Plurinazionale della Bolivia, Brasile, Colombia, Costa Rica, Cuba, Cile, Ecuador, El Salvador, Guatemala, Honduras, Italia, Messico, Nicaragua, Panama, Paraguay, Per\u00f9, Porto Rico, Repubblica Domenicana, Uruguay e Repubblica Bolivariana del Venezuela.&nbsp;<\/p>\n\n\n\n<p class=\"wp-block-paragraph\">E la sceneggiatura vincitrice \u00e8 l\u2019opera originale dal titolo provvisorio \u201cFranco\u201d di&nbsp;<strong>Francesco Luciani<\/strong>.<\/p>\n\n\n\n<p class=\"wp-block-paragraph\">Si chiude invece il&nbsp;<strong>15 di ottobre&nbsp;<\/strong>la<strong>&nbsp;<em>call<\/em>&nbsp;<\/strong>per la<strong>&nbsp;selezione dell\u2019attore&nbsp;<\/strong>che sar\u00e0 protagonista del cortometraggio. Lo studente selezionato parteciper\u00e0 a tutte le attivit\u00e0 previste durante il&nbsp;Progetto, sia che esse siano di formazione, che di produzione o promozione.<\/p>\n\n\n\n<p class=\"wp-block-paragraph\">Il corto verr\u00e0 poi diffuso, con le tempistiche&nbsp;e&nbsp;le modalit\u00e0 ritenute pi\u00f9 opportune dall\u2019Organizzatore, presso&nbsp;festival, circuiti&nbsp;cinematografici e ovunque sia opportuno e possibile.<\/p>\n\n\n\n<p class=\"wp-block-paragraph\">Altra grande novit\u00e0 di questo mese \u00e8 Il lancio della&nbsp;<strong>nuova grafica per la V edizione di Castello Errante<\/strong>, che ha immediatamente dato un\u2019identit\u00e0 e un\u2019atmosfera precisa riuscendo a cogliere il tema protagonista della Residenza 2021.<\/p>\n\n\n\n<p class=\"wp-block-paragraph\">Castello Errante, ideato e prodotto da&nbsp;<strong>Occhi di GioveSRL<\/strong>,&nbsp;&nbsp;\u00e8 reso possibile grazie al sostegno di&nbsp;<strong>Programa Ibermedia, Ministero della Cultura, Regione Lazio,<\/strong>&nbsp;di cui questo anno \u00e8 risultato il primo progetto su oltre 200 proposte presentate al fondo di promozione audiovisiva regionale, con la collaborazione di&nbsp;<strong>IILA &#8211; Organizzazione Internazionale Italo-Latino Americana, Roma Lazio Film Commission,&nbsp;Fondazione Cinema per Roma, Centro Sperimentale di Cinematografia di Roma,<\/strong>&nbsp;le Ambasciate di Argentina, Cile, Costa Rica, Colombia, Cuba, Guatemala, Honduras, Messico, Nicaragua, Repubblica Domenicana e Uruguay, nonch\u00e9 diverse Scuole Nazionali di Cinema latinoamericane.<\/p>\n","protected":false},"excerpt":{"rendered":"<p>E&#8217; Reinvenzione il tema della V edizione di Castello Errante. Residenza Internazionale Del Cinema, che si svolger\u00e0 dal 10 al 25 novembre 2021 online e dal 5 al 17 dicembre 2021 onsite, nel borgo di Santa Severa, situato nel comune di Santa Marinella. Aperta fino al 15 ottobre la call call per la selezione dell\u2019attore che sar\u00e0 protagonista del cortometraggio prodotto<\/p>\n","protected":false},"author":26,"featured_media":290386,"comment_status":"closed","ping_status":"closed","sticky":false,"template":"","format":"standard","meta":{"googlesitekit_rrm_CAow3e7fCw:productID":"","_crdt_document":"","footnotes":""},"categories":[1691,204],"tags":[356,2337,2338],"class_list":{"0":"post-290385","1":"post","2":"type-post","3":"status-publish","4":"format-standard","5":"has-post-thumbnail","7":"category-learning","8":"category-locations","9":"tag-focus","10":"tag-learning","11":"tag-locations"},"yoast_head":"<!-- This site is optimized with the Yoast SEO Premium plugin v27.4 (Yoast SEO v27.5) - https:\/\/yoast.com\/product\/yoast-seo-premium-wordpress\/ -->\n<title>LAZIO Castello Errante la V edizione cerca la Reinvenzione - Cinema &amp; Video International<\/title>\n<meta name=\"description\" content=\"LAZIO Castello Errante la V edizione cerca la Reinvenzione \u2013 lazio castello errante la v edizione. E&#039;&nbsp;Reinvenzione&nbsp;il tema della V edizione di&amp;n\" \/>\n<meta name=\"robots\" content=\"index, follow, max-snippet:-1, max-image-preview:large, max-video-preview:-1\" \/>\n<link rel=\"canonical\" href=\"https:\/\/cinema.video\/it\/lazio-castello-errante-v-edizione-nel-segno-de\" \/>\n<meta property=\"og:locale\" content=\"it_IT\" \/>\n<meta property=\"og:type\" content=\"article\" \/>\n<meta property=\"og:title\" content=\"LAZIO Castello Errante la V edizione cerca la Reinvenzione\" \/>\n<meta property=\"og:description\" content=\"LAZIO Castello Errante la V edizione cerca la Reinvenzione \u2013 lazio castello errante la v edizione. E&#039;&nbsp;Reinvenzione&nbsp;il tema della V edizione di&amp;n\" \/>\n<meta property=\"og:url\" content=\"https:\/\/cinema.video\/it\/lazio-castello-errante-v-edizione-nel-segno-de\" \/>\n<meta property=\"og:site_name\" content=\"Cinema &amp; Video International\" \/>\n<meta property=\"article:publisher\" content=\"https:\/\/www.facebook.com\/CinemaVideoInternational\/\" \/>\n<meta property=\"article:published_time\" content=\"2021-09-28T07:31:02+00:00\" \/>\n<meta property=\"article:modified_time\" content=\"2026-04-10T01:55:19+00:00\" \/>\n<meta property=\"og:image\" content=\"https:\/\/cinema.video\/wp-content\/uploads\/2021\/09\/SANTA-SEVERA-1-e1632817787923.png\" \/>\n\t<meta property=\"og:image:width\" content=\"800\" \/>\n\t<meta property=\"og:image:height\" content=\"450\" \/>\n\t<meta property=\"og:image:type\" content=\"image\/png\" \/>\n<meta name=\"author\" content=\"Redazione\" \/>\n<meta name=\"twitter:card\" content=\"summary_large_image\" \/>\n<meta name=\"twitter:label1\" content=\"Scritto da\" \/>\n\t<meta name=\"twitter:data1\" content=\"Redazione\" \/>\n\t<meta name=\"twitter:label2\" content=\"Tempo di lettura stimato\" \/>\n\t<meta name=\"twitter:data2\" content=\"2 minuti\" \/>\n<script type=\"application\/ld+json\" class=\"yoast-schema-graph\">{\"@context\":\"https:\\\/\\\/schema.org\",\"@graph\":[{\"@type\":\"Article\",\"@id\":\"https:\\\/\\\/cinema.video\\\/it\\\/lazio-castello-errante-v-edizione-nel-segno-de#article\",\"isPartOf\":{\"@id\":\"https:\\\/\\\/cinema.video\\\/it\\\/lazio-castello-errante-v-edizione-nel-segno-de\"},\"author\":{\"name\":\"Redazione\",\"@id\":\"https:\\\/\\\/cinema.video\\\/it#\\\/schema\\\/person\\\/aeb01b91d874e8b01e76a1db04c668c6\"},\"headline\":\"LAZIO Castello Errante la V edizione cerca la Reinvenzione\",\"datePublished\":\"2021-09-28T07:31:02+00:00\",\"dateModified\":\"2026-04-10T01:55:19+00:00\",\"mainEntityOfPage\":{\"@id\":\"https:\\\/\\\/cinema.video\\\/it\\\/lazio-castello-errante-v-edizione-nel-segno-de\"},\"wordCount\":405,\"publisher\":{\"@id\":\"https:\\\/\\\/cinema.video\\\/it#organization\"},\"image\":{\"@id\":\"https:\\\/\\\/cinema.video\\\/it\\\/lazio-castello-errante-v-edizione-nel-segno-de#primaryimage\"},\"thumbnailUrl\":\"https:\\\/\\\/cinema.video\\\/wp-content\\\/uploads\\\/2021\\\/09\\\/SANTA-SEVERA-1-e1632817787923.png\",\"keywords\":[\"focus\",\"LEARNING\",\"LOCATIONS\"],\"articleSection\":[\"LEARNING\",\"LOCATIONS\"],\"inLanguage\":\"it-IT\"},{\"@type\":\"WebPage\",\"@id\":\"https:\\\/\\\/cinema.video\\\/it\\\/lazio-castello-errante-v-edizione-nel-segno-de\",\"url\":\"https:\\\/\\\/cinema.video\\\/it\\\/lazio-castello-errante-v-edizione-nel-segno-de\",\"name\":\"LAZIO Castello Errante la V edizione cerca la Reinvenzione - Cinema &amp; Video International\",\"isPartOf\":{\"@id\":\"https:\\\/\\\/cinema.video\\\/it#website\"},\"primaryImageOfPage\":{\"@id\":\"https:\\\/\\\/cinema.video\\\/it\\\/lazio-castello-errante-v-edizione-nel-segno-de#primaryimage\"},\"image\":{\"@id\":\"https:\\\/\\\/cinema.video\\\/it\\\/lazio-castello-errante-v-edizione-nel-segno-de#primaryimage\"},\"thumbnailUrl\":\"https:\\\/\\\/cinema.video\\\/wp-content\\\/uploads\\\/2021\\\/09\\\/SANTA-SEVERA-1-e1632817787923.png\",\"datePublished\":\"2021-09-28T07:31:02+00:00\",\"dateModified\":\"2026-04-10T01:55:19+00:00\",\"description\":\"LAZIO Castello Errante la V edizione cerca la Reinvenzione \u2013 lazio castello errante la v edizione. E'&nbsp;Reinvenzione&nbsp;il tema della V edizione di&n\",\"breadcrumb\":{\"@id\":\"https:\\\/\\\/cinema.video\\\/it\\\/lazio-castello-errante-v-edizione-nel-segno-de#breadcrumb\"},\"inLanguage\":\"it-IT\",\"potentialAction\":[{\"@type\":\"ReadAction\",\"target\":[\"https:\\\/\\\/cinema.video\\\/it\\\/lazio-castello-errante-v-edizione-nel-segno-de\"]}]},{\"@type\":\"ImageObject\",\"inLanguage\":\"it-IT\",\"@id\":\"https:\\\/\\\/cinema.video\\\/it\\\/lazio-castello-errante-v-edizione-nel-segno-de#primaryimage\",\"url\":\"https:\\\/\\\/cinema.video\\\/wp-content\\\/uploads\\\/2021\\\/09\\\/SANTA-SEVERA-1-e1632817787923.png\",\"contentUrl\":\"https:\\\/\\\/cinema.video\\\/wp-content\\\/uploads\\\/2021\\\/09\\\/SANTA-SEVERA-1-e1632817787923.png\",\"width\":800,\"height\":450},{\"@type\":\"BreadcrumbList\",\"@id\":\"https:\\\/\\\/cinema.video\\\/it\\\/lazio-castello-errante-v-edizione-nel-segno-de#breadcrumb\",\"itemListElement\":[{\"@type\":\"ListItem\",\"position\":1,\"name\":\"Home\",\"item\":\"https:\\\/\\\/cinema.video\\\/it\\\/home-2\"},{\"@type\":\"ListItem\",\"position\":2,\"name\":\"LAZIO Castello Errante la V edizione cerca la Reinvenzione\"}]},{\"@type\":\"WebSite\",\"@id\":\"https:\\\/\\\/cinema.video\\\/it#website\",\"url\":\"https:\\\/\\\/cinema.video\\\/it\",\"name\":\"Cinema & Video International\",\"description\":\"Film &amp; Audiovisual Industry Trade Magazine\",\"publisher\":{\"@id\":\"https:\\\/\\\/cinema.video\\\/it#organization\"},\"alternateName\":\"Cinema & Video\",\"potentialAction\":[{\"@type\":\"SearchAction\",\"target\":{\"@type\":\"EntryPoint\",\"urlTemplate\":\"https:\\\/\\\/cinema.video\\\/it?s={search_term_string}\"},\"query-input\":{\"@type\":\"PropertyValueSpecification\",\"valueRequired\":true,\"valueName\":\"search_term_string\"}}],\"inLanguage\":\"it-IT\"},{\"@type\":\"Organization\",\"@id\":\"https:\\\/\\\/cinema.video\\\/it#organization\",\"name\":\"Cinema & Video\",\"url\":\"https:\\\/\\\/cinema.video\\\/it\",\"logo\":{\"@type\":\"ImageObject\",\"inLanguage\":\"it-IT\",\"@id\":\"https:\\\/\\\/cinema.video\\\/it#\\\/schema\\\/logo\\\/image\\\/\",\"url\":\"https:\\\/\\\/cinema.video\\\/wp-content\\\/uploads\\\/2026\\\/04\\\/CinemVideo_LogoBlack.png\",\"contentUrl\":\"https:\\\/\\\/cinema.video\\\/wp-content\\\/uploads\\\/2026\\\/04\\\/CinemVideo_LogoBlack.png\",\"width\":1336,\"height\":224,\"caption\":\"Cinema & Video\"},\"image\":{\"@id\":\"https:\\\/\\\/cinema.video\\\/it#\\\/schema\\\/logo\\\/image\\\/\"},\"sameAs\":[\"https:\\\/\\\/www.facebook.com\\\/CinemaVideoInternational\\\/\",\"https:\\\/\\\/www.instagram.com\\\/cinemaevideointernational\\\/\",\"https:\\\/\\\/it.linkedin.com\\\/company\\\/cinema-video-international\"],\"description\":\"Media Consulting & Marketing Agency\",\"email\":\"hello@darostudio.com\",\"legalName\":\"DARO studio LLC\",\"foundingDate\":\"2021-02-16\",\"numberOfEmployees\":{\"@type\":\"QuantitativeValue\",\"minValue\":\"1\",\"maxValue\":\"10\"}},{\"@type\":\"Person\",\"@id\":\"https:\\\/\\\/cinema.video\\\/it#\\\/schema\\\/person\\\/aeb01b91d874e8b01e76a1db04c668c6\",\"name\":\"Redazione\",\"image\":{\"@type\":\"ImageObject\",\"inLanguage\":\"it-IT\",\"@id\":\"https:\\\/\\\/secure.gravatar.com\\\/avatar\\\/06ad6f92eb14745b75fb592cadf8139d33242d81c9c8b085133c450aaf0b9731?s=96&d=mm&r=g\",\"url\":\"https:\\\/\\\/secure.gravatar.com\\\/avatar\\\/06ad6f92eb14745b75fb592cadf8139d33242d81c9c8b085133c450aaf0b9731?s=96&d=mm&r=g\",\"contentUrl\":\"https:\\\/\\\/secure.gravatar.com\\\/avatar\\\/06ad6f92eb14745b75fb592cadf8139d33242d81c9c8b085133c450aaf0b9731?s=96&d=mm&r=g\",\"caption\":\"Redazione\"},\"url\":\"https:\\\/\\\/cinema.video\\\/it\\\/author\\\/redazione\"}]}<\/script>\n<!-- \/ Yoast SEO Premium plugin. -->","yoast_head_json":{"title":"LAZIO Castello Errante la V edizione cerca la Reinvenzione - Cinema &amp; Video International","description":"LAZIO Castello Errante la V edizione cerca la Reinvenzione \u2013 lazio castello errante la v edizione. E'&nbsp;Reinvenzione&nbsp;il tema della V edizione di&n","robots":{"index":"index","follow":"follow","max-snippet":"max-snippet:-1","max-image-preview":"max-image-preview:large","max-video-preview":"max-video-preview:-1"},"canonical":"https:\/\/cinema.video\/it\/lazio-castello-errante-v-edizione-nel-segno-de","og_locale":"it_IT","og_type":"article","og_title":"LAZIO Castello Errante la V edizione cerca la Reinvenzione","og_description":"LAZIO Castello Errante la V edizione cerca la Reinvenzione \u2013 lazio castello errante la v edizione. E'&nbsp;Reinvenzione&nbsp;il tema della V edizione di&n","og_url":"https:\/\/cinema.video\/it\/lazio-castello-errante-v-edizione-nel-segno-de","og_site_name":"Cinema &amp; Video International","article_publisher":"https:\/\/www.facebook.com\/CinemaVideoInternational\/","article_published_time":"2021-09-28T07:31:02+00:00","article_modified_time":"2026-04-10T01:55:19+00:00","og_image":[{"width":800,"height":450,"url":"https:\/\/cinema.video\/wp-content\/uploads\/2021\/09\/SANTA-SEVERA-1-e1632817787923.png","type":"image\/png"}],"author":"Redazione","twitter_card":"summary_large_image","twitter_misc":{"Scritto da":"Redazione","Tempo di lettura stimato":"2 minuti"},"schema":{"@context":"https:\/\/schema.org","@graph":[{"@type":"Article","@id":"https:\/\/cinema.video\/it\/lazio-castello-errante-v-edizione-nel-segno-de#article","isPartOf":{"@id":"https:\/\/cinema.video\/it\/lazio-castello-errante-v-edizione-nel-segno-de"},"author":{"name":"Redazione","@id":"https:\/\/cinema.video\/it#\/schema\/person\/aeb01b91d874e8b01e76a1db04c668c6"},"headline":"LAZIO Castello Errante la V edizione cerca la Reinvenzione","datePublished":"2021-09-28T07:31:02+00:00","dateModified":"2026-04-10T01:55:19+00:00","mainEntityOfPage":{"@id":"https:\/\/cinema.video\/it\/lazio-castello-errante-v-edizione-nel-segno-de"},"wordCount":405,"publisher":{"@id":"https:\/\/cinema.video\/it#organization"},"image":{"@id":"https:\/\/cinema.video\/it\/lazio-castello-errante-v-edizione-nel-segno-de#primaryimage"},"thumbnailUrl":"https:\/\/cinema.video\/wp-content\/uploads\/2021\/09\/SANTA-SEVERA-1-e1632817787923.png","keywords":["focus","LEARNING","LOCATIONS"],"articleSection":["LEARNING","LOCATIONS"],"inLanguage":"it-IT"},{"@type":"WebPage","@id":"https:\/\/cinema.video\/it\/lazio-castello-errante-v-edizione-nel-segno-de","url":"https:\/\/cinema.video\/it\/lazio-castello-errante-v-edizione-nel-segno-de","name":"LAZIO Castello Errante la V edizione cerca la Reinvenzione - Cinema &amp; Video International","isPartOf":{"@id":"https:\/\/cinema.video\/it#website"},"primaryImageOfPage":{"@id":"https:\/\/cinema.video\/it\/lazio-castello-errante-v-edizione-nel-segno-de#primaryimage"},"image":{"@id":"https:\/\/cinema.video\/it\/lazio-castello-errante-v-edizione-nel-segno-de#primaryimage"},"thumbnailUrl":"https:\/\/cinema.video\/wp-content\/uploads\/2021\/09\/SANTA-SEVERA-1-e1632817787923.png","datePublished":"2021-09-28T07:31:02+00:00","dateModified":"2026-04-10T01:55:19+00:00","description":"LAZIO Castello Errante la V edizione cerca la Reinvenzione \u2013 lazio castello errante la v edizione. E'&nbsp;Reinvenzione&nbsp;il tema della V edizione di&n","breadcrumb":{"@id":"https:\/\/cinema.video\/it\/lazio-castello-errante-v-edizione-nel-segno-de#breadcrumb"},"inLanguage":"it-IT","potentialAction":[{"@type":"ReadAction","target":["https:\/\/cinema.video\/it\/lazio-castello-errante-v-edizione-nel-segno-de"]}]},{"@type":"ImageObject","inLanguage":"it-IT","@id":"https:\/\/cinema.video\/it\/lazio-castello-errante-v-edizione-nel-segno-de#primaryimage","url":"https:\/\/cinema.video\/wp-content\/uploads\/2021\/09\/SANTA-SEVERA-1-e1632817787923.png","contentUrl":"https:\/\/cinema.video\/wp-content\/uploads\/2021\/09\/SANTA-SEVERA-1-e1632817787923.png","width":800,"height":450},{"@type":"BreadcrumbList","@id":"https:\/\/cinema.video\/it\/lazio-castello-errante-v-edizione-nel-segno-de#breadcrumb","itemListElement":[{"@type":"ListItem","position":1,"name":"Home","item":"https:\/\/cinema.video\/it\/home-2"},{"@type":"ListItem","position":2,"name":"LAZIO Castello Errante la V edizione cerca la Reinvenzione"}]},{"@type":"WebSite","@id":"https:\/\/cinema.video\/it#website","url":"https:\/\/cinema.video\/it","name":"Cinema & Video International","description":"Film &amp; Audiovisual Industry Trade Magazine","publisher":{"@id":"https:\/\/cinema.video\/it#organization"},"alternateName":"Cinema & Video","potentialAction":[{"@type":"SearchAction","target":{"@type":"EntryPoint","urlTemplate":"https:\/\/cinema.video\/it?s={search_term_string}"},"query-input":{"@type":"PropertyValueSpecification","valueRequired":true,"valueName":"search_term_string"}}],"inLanguage":"it-IT"},{"@type":"Organization","@id":"https:\/\/cinema.video\/it#organization","name":"Cinema & Video","url":"https:\/\/cinema.video\/it","logo":{"@type":"ImageObject","inLanguage":"it-IT","@id":"https:\/\/cinema.video\/it#\/schema\/logo\/image\/","url":"https:\/\/cinema.video\/wp-content\/uploads\/2026\/04\/CinemVideo_LogoBlack.png","contentUrl":"https:\/\/cinema.video\/wp-content\/uploads\/2026\/04\/CinemVideo_LogoBlack.png","width":1336,"height":224,"caption":"Cinema & Video"},"image":{"@id":"https:\/\/cinema.video\/it#\/schema\/logo\/image\/"},"sameAs":["https:\/\/www.facebook.com\/CinemaVideoInternational\/","https:\/\/www.instagram.com\/cinemaevideointernational\/","https:\/\/it.linkedin.com\/company\/cinema-video-international"],"description":"Media Consulting & Marketing Agency","email":"hello@darostudio.com","legalName":"DARO studio LLC","foundingDate":"2021-02-16","numberOfEmployees":{"@type":"QuantitativeValue","minValue":"1","maxValue":"10"}},{"@type":"Person","@id":"https:\/\/cinema.video\/it#\/schema\/person\/aeb01b91d874e8b01e76a1db04c668c6","name":"Redazione","image":{"@type":"ImageObject","inLanguage":"it-IT","@id":"https:\/\/secure.gravatar.com\/avatar\/06ad6f92eb14745b75fb592cadf8139d33242d81c9c8b085133c450aaf0b9731?s=96&d=mm&r=g","url":"https:\/\/secure.gravatar.com\/avatar\/06ad6f92eb14745b75fb592cadf8139d33242d81c9c8b085133c450aaf0b9731?s=96&d=mm&r=g","contentUrl":"https:\/\/secure.gravatar.com\/avatar\/06ad6f92eb14745b75fb592cadf8139d33242d81c9c8b085133c450aaf0b9731?s=96&d=mm&r=g","caption":"Redazione"},"url":"https:\/\/cinema.video\/it\/author\/redazione"}]}},"jetpack_featured_media_url":"https:\/\/cinema.video\/wp-content\/uploads\/2021\/09\/SANTA-SEVERA-1-e1632817787923.png","jetpack_shortlink":"https:\/\/wp.me\/ph672m-1dxD","_links":{"self":[{"href":"https:\/\/cinema.video\/it\/wp-json\/wp\/v2\/posts\/290385","targetHints":{"allow":["GET"]}}],"collection":[{"href":"https:\/\/cinema.video\/it\/wp-json\/wp\/v2\/posts"}],"about":[{"href":"https:\/\/cinema.video\/it\/wp-json\/wp\/v2\/types\/post"}],"author":[{"embeddable":true,"href":"https:\/\/cinema.video\/it\/wp-json\/wp\/v2\/users\/26"}],"replies":[{"embeddable":true,"href":"https:\/\/cinema.video\/it\/wp-json\/wp\/v2\/comments?post=290385"}],"version-history":[{"count":2,"href":"https:\/\/cinema.video\/it\/wp-json\/wp\/v2\/posts\/290385\/revisions"}],"predecessor-version":[{"id":308414,"href":"https:\/\/cinema.video\/it\/wp-json\/wp\/v2\/posts\/290385\/revisions\/308414"}],"wp:featuredmedia":[{"embeddable":true,"href":"https:\/\/cinema.video\/it\/wp-json\/wp\/v2\/media\/290386"}],"wp:attachment":[{"href":"https:\/\/cinema.video\/it\/wp-json\/wp\/v2\/media?parent=290385"}],"wp:term":[{"taxonomy":"category","embeddable":true,"href":"https:\/\/cinema.video\/it\/wp-json\/wp\/v2\/categories?post=290385"},{"taxonomy":"post_tag","embeddable":true,"href":"https:\/\/cinema.video\/it\/wp-json\/wp\/v2\/tags?post=290385"}],"curies":[{"name":"wp","href":"https:\/\/api.w.org\/{rel}","templated":true}]}}