{"id":290375,"date":"2021-09-28T10:00:00","date_gmt":"2021-09-28T08:00:00","guid":{"rendered":"https:\/\/cinema.video\/?p=290375"},"modified":"2026-04-10T03:55:18","modified_gmt":"2026-04-10T01:55:18","slug":"cinemaspagna-nueva-ola-di-esordi-promettenti","status":"publish","type":"post","link":"https:\/\/cinema.video\/it\/cinemaspagna-nueva-ola-di-esordi-promettenti","title":{"rendered":"CINEMASPAGNA Nueva Ola di esordi promettenti"},"content":{"rendered":"\n<p class=\"wp-block-paragraph\">Un gran numero di opere prime, molte delle quali premiate ai recenti&nbsp;<strong>Premi Goya e al Festival di San Sebastian<\/strong>: \u00e8 molto ricca la <em>Nueva Ola<\/em> che il <strong>Festival del cinema spagnolo e latinoamericano<\/strong> porter\u00e0 al <strong>Cinema Farnese Arthouse di Campo de&#8217; Fiori<\/strong>, dove torna per la 14esima edizione dal <strong>1 al 7 ottobre<\/strong>.<\/p>\n\n\n\n<p class=\"wp-block-paragraph\">E in continuit\u00e0 con l&#8217;obiettivo che fin dall&#8217;inizio si son prefissi i due direttori, <strong>Iris Mart\u00edn-Peralta<\/strong>&nbsp;e&nbsp;<strong>Federico Sartori<\/strong>, il cinema spagnolo giovane, contemporaneo e di qualit\u00e0 far\u00e0 la parte del leone, a partire dalla serata di apertura, il 1 ottobre, che vedr\u00e0 la presenza di <strong>Luc\u00eda Alemany<\/strong>, con la sua opera prima <strong><em>La inocencia<\/em>, <\/strong> gi\u00e0 vincitore del Premio del Pubblico Giovane al Festival internazionale di San Sebastian. <\/p>\n\n\n\n<p class=\"wp-block-paragraph\">Altri esordi alla regia sono quelli di <strong><em>Ane<\/em><\/strong>, del regista&nbsp;basco <strong>David P\u00e9rez Sa\u00f1udo<\/strong>, un giallo a sfondo politico, vincitore di tre Premi Goya 2021 per la Miglior sceneggiatura e per la coppia di attrici protagoniste (Patricia L\u00f3pez Arn\u00e1iz e Jone Laspiur), e <strong><em>My mexican bretzel<\/em><\/strong> di <strong>Nuria Gim\u00e9nez Lorang<\/strong>, vincitore del Found Footage Award al Festival di Rotterdam.<\/p>\n\n\n\n<p class=\"wp-block-paragraph\"> In anteprima italiana anche l&#8217;atteso western <strong><em>Intemperie<\/em> di Benito Zambrano&nbsp;<\/strong>vincitore di due Premi Goya 2020 per la Miglior sceneggiatura e la Miglior canzone originale (<strong>S\u00edlvia P\u00e9rez Cruz<\/strong>). <\/p>\n\n\n\n<p class=\"wp-block-paragraph\">E ancora, parte de La Nueva Ola, anche la commedia esistenziale di <strong>Iciar Bollain&nbsp;<em>La boda Rosa<\/em><\/strong>.<br><\/p>\n\n\n\n<p class=\"wp-block-paragraph\">Si consolida la sezione\u00a0<strong><em>Latinoamericana<\/em><\/strong>\u00a0che quest&#8217;anno presenta il \u00a0<strong>Focus Per\u00f9<\/strong>, in occasione del Bicentenario dell&#8217;Indipendenza del Paese, e sar\u00e0 composto da quattro titoli sia classici che contemporanei. Tra questi l&#8217;inedito \u201c<strong><em>La revoluci\u00f3n y la tierra<\/em>\u201d<\/strong>, scelto come film di chiusura del festival,\u00a0che sar\u00e0 presentato al pubblico dal regista <strong>Gonzalo Benavente Secco<\/strong>;  \u201c<strong><em>La ciudad y los perros\u201d<\/em>\u00a0<\/strong>dell&#8217;italo-peruviano <strong>Francisco \u201cPancho\u201d Lombardi<\/strong>, che grazie a questa pellicola si aggiudic\u00f2 la Concha de Plata come Miglior regista al Festival di San Sebasti\u00e1n nel 1985; il thriller sociale <strong><em>\u201cMagallanes\u201d<\/em>\u00a0<\/strong>di\u00a0<strong>Salvador del Solar<\/strong>; e\u00a0<strong><em>\u201cRetablo\u201d<\/em><\/strong>\u00a0di <strong>Alvaro Delgado Aparicio\u00a0<\/strong>vincitore del<strong>\u00a0Berlinale Teddy Award\u00a0<\/strong>e interamente parlato in lingua quechua.<\/p>\n\n\n\n<p class=\"wp-block-paragraph\"><br>La sezione&nbsp;<strong><em>Clasicos<\/em><\/strong>&nbsp;festeggia due anniversari: il 60\u00b0 di <strong><em>Viridiana<\/em><\/strong> di&nbsp;<strong>Bu\u00f1uel<\/strong>,&nbsp; Palma d\u2019Oro a Cannes 1961,  scomunicato dal Vaticano e censurato per lunghi anni in Spagna e in Italia; e il centenario della nascita di &nbsp;<strong>Luis Garc\u00eda Berlanga<\/strong>, amico e collaboratore di Zavattini ed Ennio Flaiano, a cui \u00e8 dedicata la proiezione speciale di \u201c<strong><em>La escopeta nacional\u201d&nbsp;<\/em><\/strong>(1978), che verr\u00e0 presentato&nbsp;<strong>il 5 ottobre<\/strong> dalla produttrice&nbsp;<strong>Marisol Carnicero,&nbsp;<\/strong>storica collaboratrice del Maestro spagnolo.<\/p>\n\n\n\n<p class=\"wp-block-paragraph\"><br>Per il secondo anno consecutivo il festival prevede il&nbsp;<strong>Premio del Pubblico<\/strong>, che offre agli spettatori la possibilit\u00e0 di scegliere il proprio film preferito. Il voto potr\u00e0 essere espresso fuori dalla sala dopo le proiezioni o con il QR code e il film vincitore sar\u00e0 proclamato il&nbsp;<strong>7 ottobre<\/strong>, durante la serata di chiusura.<\/p>\n\n\n\n<p class=\"wp-block-paragraph\"><em>Dopo Roma il Festival proseguir\u00e0 con il suo consueto tour toccando Genova (cineclub Nickelodeon, 12-17 ottobre), Parma (cinema Astra, 17-21 ottobre), Milano (Beltrade), Trieste (cinema Ariston), Treviso (cinema Edera)<\/em>, Firenze (cinema Stensen 8-9-10 novembre)<\/p>\n\n\n\n<p class=\"wp-block-paragraph\"><em>Il&nbsp;<strong>Festival del cinema spagnolo e latinoamericano<\/strong>&nbsp;\u00e8 organizzato da Exit Media, realizzato con il contributo dell&#8217;Ufficio Culturale dell&#8217;Ambasciata di Spagna in Italia e della Direzione Generale Cinema e audiovisivo &#8211; Ministero della Cultura, e riceve il sostegno della Regione Lazio, Acci\u00f3n Cultural Espa\u00f1ola (AC\/E), Ufficio del turismo spagnolo, Real Accademia di Spagna a Roma, Instituto Cervantes di Roma, le Ambasciate di Per\u00f9, Messico e Argentina, e il patrocinio dell&#8217;Istituto Italo-Latinoamericano (IILA).<strong>&nbsp;<\/strong><br>RAI4 \u00e8 media partner esclusivo della manifestazione.<\/em><\/p>\n","protected":false},"excerpt":{"rendered":"<p>Dal 1 al 7 ottobre il Festival del del cinema Spagnolo e Latinoamericano porta al Arthouse di Campo de&#8217; Fiori un ricco programma di opere prime gi\u00e0 pluripremiate, cinema contemporaneo e classico di qualit\u00e0 e un focus sul Per\u00f9<\/p>\n","protected":false},"author":26,"featured_media":290404,"comment_status":"closed","ping_status":"closed","sticky":false,"template":"","format":"standard","meta":{"googlesitekit_rrm_CAow3e7fCw:productID":"","_crdt_document":"","footnotes":""},"categories":[189],"tags":[2334,356],"class_list":{"0":"post-290375","1":"post","2":"type-post","3":"status-publish","4":"format-standard","5":"has-post-thumbnail","7":"category-events","8":"tag-events","9":"tag-focus"},"yoast_head":"<!-- This site is optimized with the Yoast SEO Premium plugin v27.4 (Yoast SEO v27.4) - https:\/\/yoast.com\/product\/yoast-seo-premium-wordpress\/ -->\n<title>CINEMASPAGNA Nueva Ola di esordi promettenti - Cinema &amp; Video International<\/title>\n<meta name=\"description\" content=\"CINEMASPAGNA Nueva Ola di esordi promettenti \u2013 cinemaspagna nueva ola di esordi promettenti. Un gran numero di opere prime, molte delle quali premiate ai\" \/>\n<meta name=\"robots\" content=\"index, follow, max-snippet:-1, max-image-preview:large, max-video-preview:-1\" \/>\n<link rel=\"canonical\" href=\"https:\/\/cinema.video\/it\/cinemaspagna-nueva-ola-di-esordi-promettenti\" \/>\n<meta property=\"og:locale\" content=\"it_IT\" \/>\n<meta property=\"og:type\" content=\"article\" \/>\n<meta property=\"og:title\" content=\"CINEMASPAGNA Nueva Ola di esordi promettenti\" \/>\n<meta property=\"og:description\" content=\"CINEMASPAGNA Nueva Ola di esordi promettenti \u2013 cinemaspagna nueva ola di esordi promettenti. Un gran numero di opere prime, molte delle quali premiate ai\" \/>\n<meta property=\"og:url\" content=\"https:\/\/cinema.video\/it\/cinemaspagna-nueva-ola-di-esordi-promettenti\" \/>\n<meta property=\"og:site_name\" content=\"Cinema &amp; Video International\" \/>\n<meta property=\"article:publisher\" content=\"https:\/\/www.facebook.com\/CinemaVideoInternational\/\" \/>\n<meta property=\"article:published_time\" content=\"2021-09-28T08:00:00+00:00\" \/>\n<meta property=\"article:modified_time\" content=\"2026-04-10T01:55:18+00:00\" \/>\n<meta property=\"og:image\" content=\"https:\/\/cinema.video\/wp-content\/uploads\/2021\/09\/La_Inocencia_3.jpg\" \/>\n\t<meta property=\"og:image:width\" content=\"800\" \/>\n\t<meta property=\"og:image:height\" content=\"471\" \/>\n\t<meta property=\"og:image:type\" content=\"image\/jpeg\" \/>\n<meta name=\"author\" content=\"Redazione\" \/>\n<meta name=\"twitter:card\" content=\"summary_large_image\" \/>\n<meta name=\"twitter:label1\" content=\"Scritto da\" \/>\n\t<meta name=\"twitter:data1\" content=\"Redazione\" \/>\n\t<meta name=\"twitter:label2\" content=\"Tempo di lettura stimato\" \/>\n\t<meta name=\"twitter:data2\" content=\"3 minuti\" \/>\n<script type=\"application\/ld+json\" class=\"yoast-schema-graph\">{\"@context\":\"https:\\\/\\\/schema.org\",\"@graph\":[{\"@type\":\"Article\",\"@id\":\"https:\\\/\\\/cinema.video\\\/it\\\/cinemaspagna-nueva-ola-di-esordi-promettenti#article\",\"isPartOf\":{\"@id\":\"https:\\\/\\\/cinema.video\\\/it\\\/cinemaspagna-nueva-ola-di-esordi-promettenti\"},\"author\":{\"name\":\"Redazione\",\"@id\":\"https:\\\/\\\/cinema.video\\\/it#\\\/schema\\\/person\\\/aeb01b91d874e8b01e76a1db04c668c6\"},\"headline\":\"CINEMASPAGNA Nueva Ola di esordi promettenti\",\"datePublished\":\"2021-09-28T08:00:00+00:00\",\"dateModified\":\"2026-04-10T01:55:18+00:00\",\"mainEntityOfPage\":{\"@id\":\"https:\\\/\\\/cinema.video\\\/it\\\/cinemaspagna-nueva-ola-di-esordi-promettenti\"},\"wordCount\":614,\"publisher\":{\"@id\":\"https:\\\/\\\/cinema.video\\\/it#organization\"},\"image\":{\"@id\":\"https:\\\/\\\/cinema.video\\\/it\\\/cinemaspagna-nueva-ola-di-esordi-promettenti#primaryimage\"},\"thumbnailUrl\":\"https:\\\/\\\/cinema.video\\\/wp-content\\\/uploads\\\/2021\\\/09\\\/La_Inocencia_3.jpg\",\"keywords\":[\"EVENTS\",\"focus\"],\"articleSection\":[\"EVENTS\"],\"inLanguage\":\"it-IT\"},{\"@type\":\"WebPage\",\"@id\":\"https:\\\/\\\/cinema.video\\\/it\\\/cinemaspagna-nueva-ola-di-esordi-promettenti\",\"url\":\"https:\\\/\\\/cinema.video\\\/it\\\/cinemaspagna-nueva-ola-di-esordi-promettenti\",\"name\":\"CINEMASPAGNA Nueva Ola di esordi promettenti - Cinema &amp; Video International\",\"isPartOf\":{\"@id\":\"https:\\\/\\\/cinema.video\\\/it#website\"},\"primaryImageOfPage\":{\"@id\":\"https:\\\/\\\/cinema.video\\\/it\\\/cinemaspagna-nueva-ola-di-esordi-promettenti#primaryimage\"},\"image\":{\"@id\":\"https:\\\/\\\/cinema.video\\\/it\\\/cinemaspagna-nueva-ola-di-esordi-promettenti#primaryimage\"},\"thumbnailUrl\":\"https:\\\/\\\/cinema.video\\\/wp-content\\\/uploads\\\/2021\\\/09\\\/La_Inocencia_3.jpg\",\"datePublished\":\"2021-09-28T08:00:00+00:00\",\"dateModified\":\"2026-04-10T01:55:18+00:00\",\"description\":\"CINEMASPAGNA Nueva Ola di esordi promettenti \u2013 cinemaspagna nueva ola di esordi promettenti. Un gran numero di opere prime, molte delle quali premiate ai\",\"breadcrumb\":{\"@id\":\"https:\\\/\\\/cinema.video\\\/it\\\/cinemaspagna-nueva-ola-di-esordi-promettenti#breadcrumb\"},\"inLanguage\":\"it-IT\",\"potentialAction\":[{\"@type\":\"ReadAction\",\"target\":[\"https:\\\/\\\/cinema.video\\\/it\\\/cinemaspagna-nueva-ola-di-esordi-promettenti\"]}]},{\"@type\":\"ImageObject\",\"inLanguage\":\"it-IT\",\"@id\":\"https:\\\/\\\/cinema.video\\\/it\\\/cinemaspagna-nueva-ola-di-esordi-promettenti#primaryimage\",\"url\":\"https:\\\/\\\/cinema.video\\\/wp-content\\\/uploads\\\/2021\\\/09\\\/La_Inocencia_3.jpg\",\"contentUrl\":\"https:\\\/\\\/cinema.video\\\/wp-content\\\/uploads\\\/2021\\\/09\\\/La_Inocencia_3.jpg\",\"width\":800,\"height\":471},{\"@type\":\"BreadcrumbList\",\"@id\":\"https:\\\/\\\/cinema.video\\\/it\\\/cinemaspagna-nueva-ola-di-esordi-promettenti#breadcrumb\",\"itemListElement\":[{\"@type\":\"ListItem\",\"position\":1,\"name\":\"Home\",\"item\":\"https:\\\/\\\/cinema.video\\\/it\\\/home-2\"},{\"@type\":\"ListItem\",\"position\":2,\"name\":\"CINEMASPAGNA Nueva Ola di esordi promettenti\"}]},{\"@type\":\"WebSite\",\"@id\":\"https:\\\/\\\/cinema.video\\\/it#website\",\"url\":\"https:\\\/\\\/cinema.video\\\/it\",\"name\":\"Cinema & Video International\",\"description\":\"Film &amp; Audiovisual Industry Trade Magazine\",\"publisher\":{\"@id\":\"https:\\\/\\\/cinema.video\\\/it#organization\"},\"alternateName\":\"Cinema & Video\",\"potentialAction\":[{\"@type\":\"SearchAction\",\"target\":{\"@type\":\"EntryPoint\",\"urlTemplate\":\"https:\\\/\\\/cinema.video\\\/it?s={search_term_string}\"},\"query-input\":{\"@type\":\"PropertyValueSpecification\",\"valueRequired\":true,\"valueName\":\"search_term_string\"}}],\"inLanguage\":\"it-IT\"},{\"@type\":\"Organization\",\"@id\":\"https:\\\/\\\/cinema.video\\\/it#organization\",\"name\":\"Cinema & Video\",\"url\":\"https:\\\/\\\/cinema.video\\\/it\",\"logo\":{\"@type\":\"ImageObject\",\"inLanguage\":\"it-IT\",\"@id\":\"https:\\\/\\\/cinema.video\\\/it#\\\/schema\\\/logo\\\/image\\\/\",\"url\":\"https:\\\/\\\/cinema.video\\\/wp-content\\\/uploads\\\/2026\\\/04\\\/CinemVideo_LogoBlack.png\",\"contentUrl\":\"https:\\\/\\\/cinema.video\\\/wp-content\\\/uploads\\\/2026\\\/04\\\/CinemVideo_LogoBlack.png\",\"width\":1336,\"height\":224,\"caption\":\"Cinema & Video\"},\"image\":{\"@id\":\"https:\\\/\\\/cinema.video\\\/it#\\\/schema\\\/logo\\\/image\\\/\"},\"sameAs\":[\"https:\\\/\\\/www.facebook.com\\\/CinemaVideoInternational\\\/\",\"https:\\\/\\\/www.instagram.com\\\/cinemaevideointernational\\\/\",\"https:\\\/\\\/it.linkedin.com\\\/company\\\/cinema-video-international\"],\"description\":\"Media Consulting & Marketing Agency\",\"email\":\"hello@darostudio.com\",\"legalName\":\"DARO studio LLC\",\"foundingDate\":\"2021-02-16\",\"numberOfEmployees\":{\"@type\":\"QuantitativeValue\",\"minValue\":\"1\",\"maxValue\":\"10\"}},{\"@type\":\"Person\",\"@id\":\"https:\\\/\\\/cinema.video\\\/it#\\\/schema\\\/person\\\/aeb01b91d874e8b01e76a1db04c668c6\",\"name\":\"Redazione\",\"image\":{\"@type\":\"ImageObject\",\"inLanguage\":\"it-IT\",\"@id\":\"https:\\\/\\\/secure.gravatar.com\\\/avatar\\\/06ad6f92eb14745b75fb592cadf8139d33242d81c9c8b085133c450aaf0b9731?s=96&d=mm&r=g\",\"url\":\"https:\\\/\\\/secure.gravatar.com\\\/avatar\\\/06ad6f92eb14745b75fb592cadf8139d33242d81c9c8b085133c450aaf0b9731?s=96&d=mm&r=g\",\"contentUrl\":\"https:\\\/\\\/secure.gravatar.com\\\/avatar\\\/06ad6f92eb14745b75fb592cadf8139d33242d81c9c8b085133c450aaf0b9731?s=96&d=mm&r=g\",\"caption\":\"Redazione\"},\"url\":\"https:\\\/\\\/cinema.video\\\/it\\\/author\\\/redazione\"}]}<\/script>\n<!-- \/ Yoast SEO Premium plugin. -->","yoast_head_json":{"title":"CINEMASPAGNA Nueva Ola di esordi promettenti - Cinema &amp; Video International","description":"CINEMASPAGNA Nueva Ola di esordi promettenti \u2013 cinemaspagna nueva ola di esordi promettenti. Un gran numero di opere prime, molte delle quali premiate ai","robots":{"index":"index","follow":"follow","max-snippet":"max-snippet:-1","max-image-preview":"max-image-preview:large","max-video-preview":"max-video-preview:-1"},"canonical":"https:\/\/cinema.video\/it\/cinemaspagna-nueva-ola-di-esordi-promettenti","og_locale":"it_IT","og_type":"article","og_title":"CINEMASPAGNA Nueva Ola di esordi promettenti","og_description":"CINEMASPAGNA Nueva Ola di esordi promettenti \u2013 cinemaspagna nueva ola di esordi promettenti. Un gran numero di opere prime, molte delle quali premiate ai","og_url":"https:\/\/cinema.video\/it\/cinemaspagna-nueva-ola-di-esordi-promettenti","og_site_name":"Cinema &amp; Video International","article_publisher":"https:\/\/www.facebook.com\/CinemaVideoInternational\/","article_published_time":"2021-09-28T08:00:00+00:00","article_modified_time":"2026-04-10T01:55:18+00:00","og_image":[{"width":800,"height":471,"url":"https:\/\/cinema.video\/wp-content\/uploads\/2021\/09\/La_Inocencia_3.jpg","type":"image\/jpeg"}],"author":"Redazione","twitter_card":"summary_large_image","twitter_misc":{"Scritto da":"Redazione","Tempo di lettura stimato":"3 minuti"},"schema":{"@context":"https:\/\/schema.org","@graph":[{"@type":"Article","@id":"https:\/\/cinema.video\/it\/cinemaspagna-nueva-ola-di-esordi-promettenti#article","isPartOf":{"@id":"https:\/\/cinema.video\/it\/cinemaspagna-nueva-ola-di-esordi-promettenti"},"author":{"name":"Redazione","@id":"https:\/\/cinema.video\/it#\/schema\/person\/aeb01b91d874e8b01e76a1db04c668c6"},"headline":"CINEMASPAGNA Nueva Ola di esordi promettenti","datePublished":"2021-09-28T08:00:00+00:00","dateModified":"2026-04-10T01:55:18+00:00","mainEntityOfPage":{"@id":"https:\/\/cinema.video\/it\/cinemaspagna-nueva-ola-di-esordi-promettenti"},"wordCount":614,"publisher":{"@id":"https:\/\/cinema.video\/it#organization"},"image":{"@id":"https:\/\/cinema.video\/it\/cinemaspagna-nueva-ola-di-esordi-promettenti#primaryimage"},"thumbnailUrl":"https:\/\/cinema.video\/wp-content\/uploads\/2021\/09\/La_Inocencia_3.jpg","keywords":["EVENTS","focus"],"articleSection":["EVENTS"],"inLanguage":"it-IT"},{"@type":"WebPage","@id":"https:\/\/cinema.video\/it\/cinemaspagna-nueva-ola-di-esordi-promettenti","url":"https:\/\/cinema.video\/it\/cinemaspagna-nueva-ola-di-esordi-promettenti","name":"CINEMASPAGNA Nueva Ola di esordi promettenti - Cinema &amp; Video International","isPartOf":{"@id":"https:\/\/cinema.video\/it#website"},"primaryImageOfPage":{"@id":"https:\/\/cinema.video\/it\/cinemaspagna-nueva-ola-di-esordi-promettenti#primaryimage"},"image":{"@id":"https:\/\/cinema.video\/it\/cinemaspagna-nueva-ola-di-esordi-promettenti#primaryimage"},"thumbnailUrl":"https:\/\/cinema.video\/wp-content\/uploads\/2021\/09\/La_Inocencia_3.jpg","datePublished":"2021-09-28T08:00:00+00:00","dateModified":"2026-04-10T01:55:18+00:00","description":"CINEMASPAGNA Nueva Ola di esordi promettenti \u2013 cinemaspagna nueva ola di esordi promettenti. Un gran numero di opere prime, molte delle quali premiate ai","breadcrumb":{"@id":"https:\/\/cinema.video\/it\/cinemaspagna-nueva-ola-di-esordi-promettenti#breadcrumb"},"inLanguage":"it-IT","potentialAction":[{"@type":"ReadAction","target":["https:\/\/cinema.video\/it\/cinemaspagna-nueva-ola-di-esordi-promettenti"]}]},{"@type":"ImageObject","inLanguage":"it-IT","@id":"https:\/\/cinema.video\/it\/cinemaspagna-nueva-ola-di-esordi-promettenti#primaryimage","url":"https:\/\/cinema.video\/wp-content\/uploads\/2021\/09\/La_Inocencia_3.jpg","contentUrl":"https:\/\/cinema.video\/wp-content\/uploads\/2021\/09\/La_Inocencia_3.jpg","width":800,"height":471},{"@type":"BreadcrumbList","@id":"https:\/\/cinema.video\/it\/cinemaspagna-nueva-ola-di-esordi-promettenti#breadcrumb","itemListElement":[{"@type":"ListItem","position":1,"name":"Home","item":"https:\/\/cinema.video\/it\/home-2"},{"@type":"ListItem","position":2,"name":"CINEMASPAGNA Nueva Ola di esordi promettenti"}]},{"@type":"WebSite","@id":"https:\/\/cinema.video\/it#website","url":"https:\/\/cinema.video\/it","name":"Cinema & Video International","description":"Film &amp; Audiovisual Industry Trade Magazine","publisher":{"@id":"https:\/\/cinema.video\/it#organization"},"alternateName":"Cinema & Video","potentialAction":[{"@type":"SearchAction","target":{"@type":"EntryPoint","urlTemplate":"https:\/\/cinema.video\/it?s={search_term_string}"},"query-input":{"@type":"PropertyValueSpecification","valueRequired":true,"valueName":"search_term_string"}}],"inLanguage":"it-IT"},{"@type":"Organization","@id":"https:\/\/cinema.video\/it#organization","name":"Cinema & Video","url":"https:\/\/cinema.video\/it","logo":{"@type":"ImageObject","inLanguage":"it-IT","@id":"https:\/\/cinema.video\/it#\/schema\/logo\/image\/","url":"https:\/\/cinema.video\/wp-content\/uploads\/2026\/04\/CinemVideo_LogoBlack.png","contentUrl":"https:\/\/cinema.video\/wp-content\/uploads\/2026\/04\/CinemVideo_LogoBlack.png","width":1336,"height":224,"caption":"Cinema & Video"},"image":{"@id":"https:\/\/cinema.video\/it#\/schema\/logo\/image\/"},"sameAs":["https:\/\/www.facebook.com\/CinemaVideoInternational\/","https:\/\/www.instagram.com\/cinemaevideointernational\/","https:\/\/it.linkedin.com\/company\/cinema-video-international"],"description":"Media Consulting & Marketing Agency","email":"hello@darostudio.com","legalName":"DARO studio LLC","foundingDate":"2021-02-16","numberOfEmployees":{"@type":"QuantitativeValue","minValue":"1","maxValue":"10"}},{"@type":"Person","@id":"https:\/\/cinema.video\/it#\/schema\/person\/aeb01b91d874e8b01e76a1db04c668c6","name":"Redazione","image":{"@type":"ImageObject","inLanguage":"it-IT","@id":"https:\/\/secure.gravatar.com\/avatar\/06ad6f92eb14745b75fb592cadf8139d33242d81c9c8b085133c450aaf0b9731?s=96&d=mm&r=g","url":"https:\/\/secure.gravatar.com\/avatar\/06ad6f92eb14745b75fb592cadf8139d33242d81c9c8b085133c450aaf0b9731?s=96&d=mm&r=g","contentUrl":"https:\/\/secure.gravatar.com\/avatar\/06ad6f92eb14745b75fb592cadf8139d33242d81c9c8b085133c450aaf0b9731?s=96&d=mm&r=g","caption":"Redazione"},"url":"https:\/\/cinema.video\/it\/author\/redazione"}]}},"jetpack_featured_media_url":"https:\/\/cinema.video\/wp-content\/uploads\/2021\/09\/La_Inocencia_3.jpg","jetpack_shortlink":"https:\/\/wp.me\/ph672m-1dxt","_links":{"self":[{"href":"https:\/\/cinema.video\/it\/wp-json\/wp\/v2\/posts\/290375","targetHints":{"allow":["GET"]}}],"collection":[{"href":"https:\/\/cinema.video\/it\/wp-json\/wp\/v2\/posts"}],"about":[{"href":"https:\/\/cinema.video\/it\/wp-json\/wp\/v2\/types\/post"}],"author":[{"embeddable":true,"href":"https:\/\/cinema.video\/it\/wp-json\/wp\/v2\/users\/26"}],"replies":[{"embeddable":true,"href":"https:\/\/cinema.video\/it\/wp-json\/wp\/v2\/comments?post=290375"}],"version-history":[{"count":2,"href":"https:\/\/cinema.video\/it\/wp-json\/wp\/v2\/posts\/290375\/revisions"}],"predecessor-version":[{"id":308412,"href":"https:\/\/cinema.video\/it\/wp-json\/wp\/v2\/posts\/290375\/revisions\/308412"}],"wp:featuredmedia":[{"embeddable":true,"href":"https:\/\/cinema.video\/it\/wp-json\/wp\/v2\/media\/290404"}],"wp:attachment":[{"href":"https:\/\/cinema.video\/it\/wp-json\/wp\/v2\/media?parent=290375"}],"wp:term":[{"taxonomy":"category","embeddable":true,"href":"https:\/\/cinema.video\/it\/wp-json\/wp\/v2\/categories?post=290375"},{"taxonomy":"post_tag","embeddable":true,"href":"https:\/\/cinema.video\/it\/wp-json\/wp\/v2\/tags?post=290375"}],"curies":[{"name":"wp","href":"https:\/\/api.w.org\/{rel}","templated":true}]}}