{"id":290251,"date":"2021-09-15T10:12:40","date_gmt":"2021-09-15T08:12:40","guid":{"rendered":"https:\/\/cinema.video\/?p=290251"},"modified":"2026-04-10T03:55:06","modified_gmt":"2026-04-10T01:55:06","slug":"piemonte-esce-ancora-piu-bello-e-lo-sara-sempre-di-piu","status":"publish","type":"post","link":"https:\/\/cinema.video\/it\/piemonte-esce-ancora-piu-bello-e-lo-sara-sempre-di-piu","title":{"rendered":"PIEMONTE Esce Ancora pi\u00f9 bello e lo sar\u00e0 Sempre di pi\u00f9"},"content":{"rendered":"\n<p class=\"wp-block-paragraph\">Esce oggi al cinema con <strong>Eagle Pictures<\/strong> <strong><em>Ancora pi\u00f9 bello<\/em><\/strong>, il teen drama sequel del fortunatissimo  <em>Sul pi\u00f9 bello<\/em>,\u00a0che arriv\u00f2 in sala circa un anno fa dopo gli ottimi riscontri alla Festa del Cinema di Roma, riscontri che stanno continuando su Amazon su territorio italiano e da Netflix nel resto del mondo.<\/p>\n\n\n\n<p class=\"wp-block-paragraph\"><br>Dopo il successo del primo capitolo, diretto dalla piemontese <strong>Alice Filippi<\/strong>, le avventure di Marta, giovane affetta da una malattia contro la quale lotta da sempre supportata dagli amici fraterni Federica e\u00a0Jacopo, continuano con la regia di <strong>Claudio Norza<\/strong>: si sono svolte nuovamente a Torino, per\u00a018<strong>\u00a0<\/strong>settimane e hanno compreso anche  la\u00a0realizzazione in contemporanea del terzo film della trilogia,<strong> <em>Sempre pi\u00f9 bello<\/em>,<\/strong>\u00a0la cui uscita in sala \u00e8 gi\u00e0 programmata per San Valentino 2022.<\/p>\n\n\n\n<p class=\"wp-block-paragraph\">Sono dunque 27 in totale, le settimane di riprese e preparazione dell\u2019intera trilogia \u2013realizzata per la quasi totalit\u00e0 a Torino con il sostegno di\u00a0<strong>Film Commission Torino Piemonte<\/strong>,   nell\u2019arco di 365 giorni, fra giugno 2021 e giugno 2021: una storia e un progetto produttivo di straordinario impatto e coinvolgimento e valorizzazione del territorio che  ha impiegato una forte componente di maestranze locali,\u00a0pi\u00f9 del 90%, a partire dal Direttore di produzione\u00a0<strong>Mara Cereda<\/strong> alla Location manager<span class=\"has-inline-color has-black-color\">\u00a0<strong>Emanuela Minoli<\/strong><\/span>, dal reparto casting con\u00a0<strong>Elena Aime<\/strong>\u00a0e\u00a0<strong>Laura Leonardi\u00a0<\/strong>al Direttore della fotografia\u00a0<strong>Emanuele Pasquet<\/strong>, insieme alla costumista\u00a0<strong>Cristina Audisio<\/strong>, al capo truccatore<a rel=\"noreferrer noopener\" href=\"http:\/\/www.fctp.it\/professional_item.php?id=743&amp;c=&amp;p=&amp;q=Buffarello\" target=\"_blank\"><strong>\u00a0<\/strong><\/a><strong>Francesca Buffarello<\/strong>, ai fonici\u00a0<strong>Marco Fiumara<\/strong>\u00a0e\u00a0<strong>Vito Martinelli<\/strong>.<\/p>\n\n\n\n<p class=\"wp-block-paragraph\">I due nuovi capitoli della trilogia prodotta da<strong>\u00a0Eagle Pictures<\/strong>\u00a0&#8211; i cui soggetti sono nuovamente firmati da\u00a0<strong>Roberto Proia<\/strong>, autore anche della sceneggiatura insieme a\u00a0<strong>Michela Straniero\u00a0\u2013<\/strong> hanno coinvolto numerose location cittadine:\u00a0dal\u00a0Villaggio Leumann\u00a0del Comune di Collegno all\u2019aeroporto Sandro Pertini, e ancora l\u2019Hotel Turin Palace, la Facolt\u00e0 di Chimica dell\u2019Universit\u00e0 di Torino, l\u2019Accademia Albertina, l\u2019Unione Industriale, la Coop di Via Botticelli, Piazza IV marzo, Piazza Carignano, un casolare a Stupinigi e gli <strong>studi\u00a0Lumiq<\/strong>, dove sono stati ricostruiti gli interni dell\u2019ospedale dove Marta \u00e8 in cura. Da non dimenticare i\u00a0Giardini Reali\u00a0e il Giardino roccioso del Parco del Valentino, divenuto luogo simbolo dei film con la sua \u201cpanchina dei lampioni abbracciati\u201d.<\/p>\n\n\n\n<p class=\"wp-block-paragraph\"><\/p>\n","protected":false},"excerpt":{"rendered":"<p>Esce oggi in sala con Eagle Pictures Ancora pi\u00f9 bello, il teen drama sequel del fortunatissimo  Sul pi\u00f9 bello, girato in Piemonte con il supporto di Film Commission Torino Piemonte. Girato anche il terzo capitolo della trilogia, che uscir\u00e0 per San Valentino 2022<\/p>\n","protected":false},"author":26,"featured_media":290261,"comment_status":"closed","ping_status":"closed","sticky":false,"template":"","format":"standard","meta":{"googlesitekit_rrm_CAow3e7fCw:productID":"","_crdt_document":"","footnotes":""},"categories":[215,343],"tags":[417,2339,2338,2342,2340],"class_list":{"0":"post-290251","1":"post","2":"type-post","3":"status-publish","4":"format-standard","5":"has-post-thumbnail","7":"category-film-commissions","8":"category-shooting","9":"tag-film-commission-torino-piemonte","10":"tag-film-commissions","11":"tag-locations","12":"tag-production","13":"tag-shooting"},"yoast_head":"<!-- This site is optimized with the Yoast SEO Premium plugin v27.4 (Yoast SEO v27.4) - https:\/\/yoast.com\/product\/yoast-seo-premium-wordpress\/ -->\n<title>PIEMONTE Esce Ancora pi\u00f9 bello e lo sar\u00e0 Sempre di pi\u00f9 - Cinema &amp; Video International<\/title>\n<meta name=\"description\" content=\"PIEMONTE Esce Ancora pi\u00f9 bello e lo sar\u00e0 Sempre di pi\u00f9 \u2013 piemonte esce ancora pi bello e. Esce oggi al cinema con Eagle Pictures Ancora pi\u00f9 bello, il teen\" \/>\n<meta name=\"robots\" content=\"index, follow, max-snippet:-1, max-image-preview:large, max-video-preview:-1\" \/>\n<link rel=\"canonical\" href=\"https:\/\/cinema.video\/it\/piemonte-esce-ancora-piu-bello-e-lo-sara-sempre-di-piu\" \/>\n<meta property=\"og:locale\" content=\"it_IT\" \/>\n<meta property=\"og:type\" content=\"article\" \/>\n<meta property=\"og:title\" content=\"PIEMONTE Esce Ancora pi\u00f9 bello e lo sar\u00e0 Sempre di pi\u00f9\" \/>\n<meta property=\"og:description\" content=\"PIEMONTE Esce Ancora pi\u00f9 bello e lo sar\u00e0 Sempre di pi\u00f9 \u2013 piemonte esce ancora pi bello e. Esce oggi al cinema con Eagle Pictures Ancora pi\u00f9 bello, il teen\" \/>\n<meta property=\"og:url\" content=\"https:\/\/cinema.video\/it\/piemonte-esce-ancora-piu-bello-e-lo-sara-sempre-di-piu\" \/>\n<meta property=\"og:site_name\" content=\"Cinema &amp; Video International\" \/>\n<meta property=\"article:publisher\" content=\"https:\/\/www.facebook.com\/CinemaVideoInternational\/\" \/>\n<meta property=\"article:published_time\" content=\"2021-09-15T08:12:40+00:00\" \/>\n<meta property=\"article:modified_time\" content=\"2026-04-10T01:55:06+00:00\" \/>\n<meta property=\"og:image\" content=\"https:\/\/cinema.video\/wp-content\/uploads\/2021\/09\/image004-e1631693105526.jpg\" \/>\n\t<meta property=\"og:image:width\" content=\"800\" \/>\n\t<meta property=\"og:image:height\" content=\"534\" \/>\n\t<meta property=\"og:image:type\" content=\"image\/jpeg\" \/>\n<meta name=\"author\" content=\"Redazione\" \/>\n<meta name=\"twitter:card\" content=\"summary_large_image\" \/>\n<meta name=\"twitter:label1\" content=\"Scritto da\" \/>\n\t<meta name=\"twitter:data1\" content=\"Redazione\" \/>\n\t<meta name=\"twitter:label2\" content=\"Tempo di lettura stimato\" \/>\n\t<meta name=\"twitter:data2\" content=\"2 minuti\" \/>\n<script type=\"application\/ld+json\" class=\"yoast-schema-graph\">{\"@context\":\"https:\\\/\\\/schema.org\",\"@graph\":[{\"@type\":\"Article\",\"@id\":\"https:\\\/\\\/cinema.video\\\/it\\\/piemonte-esce-ancora-piu-bello-e-lo-sara-sempre-di-piu#article\",\"isPartOf\":{\"@id\":\"https:\\\/\\\/cinema.video\\\/it\\\/piemonte-esce-ancora-piu-bello-e-lo-sara-sempre-di-piu\"},\"author\":{\"name\":\"Redazione\",\"@id\":\"https:\\\/\\\/cinema.video\\\/it#\\\/schema\\\/person\\\/aeb01b91d874e8b01e76a1db04c668c6\"},\"headline\":\"PIEMONTE Esce Ancora pi\u00f9 bello e lo sar\u00e0 Sempre di pi\u00f9\",\"datePublished\":\"2021-09-15T08:12:40+00:00\",\"dateModified\":\"2026-04-10T01:55:06+00:00\",\"mainEntityOfPage\":{\"@id\":\"https:\\\/\\\/cinema.video\\\/it\\\/piemonte-esce-ancora-piu-bello-e-lo-sara-sempre-di-piu\"},\"wordCount\":365,\"publisher\":{\"@id\":\"https:\\\/\\\/cinema.video\\\/it#organization\"},\"image\":{\"@id\":\"https:\\\/\\\/cinema.video\\\/it\\\/piemonte-esce-ancora-piu-bello-e-lo-sara-sempre-di-piu#primaryimage\"},\"thumbnailUrl\":\"https:\\\/\\\/cinema.video\\\/wp-content\\\/uploads\\\/2021\\\/09\\\/image004-e1631693105526.jpg\",\"keywords\":[\"FILM COMMISSION TORINO PIEMONTE\",\"FILM COMMISSIONS\",\"LOCATIONS\",\"PRODUCTION\",\"SHOOTING\"],\"articleSection\":[\"FILM COMMISSIONS\",\"SHOOTING\"],\"inLanguage\":\"it-IT\"},{\"@type\":\"WebPage\",\"@id\":\"https:\\\/\\\/cinema.video\\\/it\\\/piemonte-esce-ancora-piu-bello-e-lo-sara-sempre-di-piu\",\"url\":\"https:\\\/\\\/cinema.video\\\/it\\\/piemonte-esce-ancora-piu-bello-e-lo-sara-sempre-di-piu\",\"name\":\"PIEMONTE Esce Ancora pi\u00f9 bello e lo sar\u00e0 Sempre di pi\u00f9 - Cinema &amp; Video International\",\"isPartOf\":{\"@id\":\"https:\\\/\\\/cinema.video\\\/it#website\"},\"primaryImageOfPage\":{\"@id\":\"https:\\\/\\\/cinema.video\\\/it\\\/piemonte-esce-ancora-piu-bello-e-lo-sara-sempre-di-piu#primaryimage\"},\"image\":{\"@id\":\"https:\\\/\\\/cinema.video\\\/it\\\/piemonte-esce-ancora-piu-bello-e-lo-sara-sempre-di-piu#primaryimage\"},\"thumbnailUrl\":\"https:\\\/\\\/cinema.video\\\/wp-content\\\/uploads\\\/2021\\\/09\\\/image004-e1631693105526.jpg\",\"datePublished\":\"2021-09-15T08:12:40+00:00\",\"dateModified\":\"2026-04-10T01:55:06+00:00\",\"description\":\"PIEMONTE Esce Ancora pi\u00f9 bello e lo sar\u00e0 Sempre di pi\u00f9 \u2013 piemonte esce ancora pi bello e. Esce oggi al cinema con Eagle Pictures Ancora pi\u00f9 bello, il teen\",\"breadcrumb\":{\"@id\":\"https:\\\/\\\/cinema.video\\\/it\\\/piemonte-esce-ancora-piu-bello-e-lo-sara-sempre-di-piu#breadcrumb\"},\"inLanguage\":\"it-IT\",\"potentialAction\":[{\"@type\":\"ReadAction\",\"target\":[\"https:\\\/\\\/cinema.video\\\/it\\\/piemonte-esce-ancora-piu-bello-e-lo-sara-sempre-di-piu\"]}]},{\"@type\":\"ImageObject\",\"inLanguage\":\"it-IT\",\"@id\":\"https:\\\/\\\/cinema.video\\\/it\\\/piemonte-esce-ancora-piu-bello-e-lo-sara-sempre-di-piu#primaryimage\",\"url\":\"https:\\\/\\\/cinema.video\\\/wp-content\\\/uploads\\\/2021\\\/09\\\/image004-e1631693105526.jpg\",\"contentUrl\":\"https:\\\/\\\/cinema.video\\\/wp-content\\\/uploads\\\/2021\\\/09\\\/image004-e1631693105526.jpg\",\"width\":800,\"height\":534},{\"@type\":\"BreadcrumbList\",\"@id\":\"https:\\\/\\\/cinema.video\\\/it\\\/piemonte-esce-ancora-piu-bello-e-lo-sara-sempre-di-piu#breadcrumb\",\"itemListElement\":[{\"@type\":\"ListItem\",\"position\":1,\"name\":\"Home\",\"item\":\"https:\\\/\\\/cinema.video\\\/it\\\/home-2\"},{\"@type\":\"ListItem\",\"position\":2,\"name\":\"PIEMONTE Esce Ancora pi\u00f9 bello e lo sar\u00e0 Sempre di pi\u00f9\"}]},{\"@type\":\"WebSite\",\"@id\":\"https:\\\/\\\/cinema.video\\\/it#website\",\"url\":\"https:\\\/\\\/cinema.video\\\/it\",\"name\":\"Cinema & Video International\",\"description\":\"Film &amp; Audiovisual Industry Trade Magazine\",\"publisher\":{\"@id\":\"https:\\\/\\\/cinema.video\\\/it#organization\"},\"alternateName\":\"Cinema & Video\",\"potentialAction\":[{\"@type\":\"SearchAction\",\"target\":{\"@type\":\"EntryPoint\",\"urlTemplate\":\"https:\\\/\\\/cinema.video\\\/it?s={search_term_string}\"},\"query-input\":{\"@type\":\"PropertyValueSpecification\",\"valueRequired\":true,\"valueName\":\"search_term_string\"}}],\"inLanguage\":\"it-IT\"},{\"@type\":\"Organization\",\"@id\":\"https:\\\/\\\/cinema.video\\\/it#organization\",\"name\":\"Cinema & Video\",\"url\":\"https:\\\/\\\/cinema.video\\\/it\",\"logo\":{\"@type\":\"ImageObject\",\"inLanguage\":\"it-IT\",\"@id\":\"https:\\\/\\\/cinema.video\\\/it#\\\/schema\\\/logo\\\/image\\\/\",\"url\":\"https:\\\/\\\/cinema.video\\\/wp-content\\\/uploads\\\/2026\\\/04\\\/CinemVideo_LogoBlack.png\",\"contentUrl\":\"https:\\\/\\\/cinema.video\\\/wp-content\\\/uploads\\\/2026\\\/04\\\/CinemVideo_LogoBlack.png\",\"width\":1336,\"height\":224,\"caption\":\"Cinema & Video\"},\"image\":{\"@id\":\"https:\\\/\\\/cinema.video\\\/it#\\\/schema\\\/logo\\\/image\\\/\"},\"sameAs\":[\"https:\\\/\\\/www.facebook.com\\\/CinemaVideoInternational\\\/\",\"https:\\\/\\\/www.instagram.com\\\/cinemaevideointernational\\\/\",\"https:\\\/\\\/it.linkedin.com\\\/company\\\/cinema-video-international\"],\"description\":\"Media Consulting & Marketing Agency\",\"email\":\"hello@darostudio.com\",\"legalName\":\"DARO studio LLC\",\"foundingDate\":\"2021-02-16\",\"numberOfEmployees\":{\"@type\":\"QuantitativeValue\",\"minValue\":\"1\",\"maxValue\":\"10\"}},{\"@type\":\"Person\",\"@id\":\"https:\\\/\\\/cinema.video\\\/it#\\\/schema\\\/person\\\/aeb01b91d874e8b01e76a1db04c668c6\",\"name\":\"Redazione\",\"image\":{\"@type\":\"ImageObject\",\"inLanguage\":\"it-IT\",\"@id\":\"https:\\\/\\\/secure.gravatar.com\\\/avatar\\\/06ad6f92eb14745b75fb592cadf8139d33242d81c9c8b085133c450aaf0b9731?s=96&d=mm&r=g\",\"url\":\"https:\\\/\\\/secure.gravatar.com\\\/avatar\\\/06ad6f92eb14745b75fb592cadf8139d33242d81c9c8b085133c450aaf0b9731?s=96&d=mm&r=g\",\"contentUrl\":\"https:\\\/\\\/secure.gravatar.com\\\/avatar\\\/06ad6f92eb14745b75fb592cadf8139d33242d81c9c8b085133c450aaf0b9731?s=96&d=mm&r=g\",\"caption\":\"Redazione\"},\"url\":\"https:\\\/\\\/cinema.video\\\/it\\\/author\\\/redazione\"}]}<\/script>\n<!-- \/ Yoast SEO Premium plugin. -->","yoast_head_json":{"title":"PIEMONTE Esce Ancora pi\u00f9 bello e lo sar\u00e0 Sempre di pi\u00f9 - Cinema &amp; Video International","description":"PIEMONTE Esce Ancora pi\u00f9 bello e lo sar\u00e0 Sempre di pi\u00f9 \u2013 piemonte esce ancora pi bello e. Esce oggi al cinema con Eagle Pictures Ancora pi\u00f9 bello, il teen","robots":{"index":"index","follow":"follow","max-snippet":"max-snippet:-1","max-image-preview":"max-image-preview:large","max-video-preview":"max-video-preview:-1"},"canonical":"https:\/\/cinema.video\/it\/piemonte-esce-ancora-piu-bello-e-lo-sara-sempre-di-piu","og_locale":"it_IT","og_type":"article","og_title":"PIEMONTE Esce Ancora pi\u00f9 bello e lo sar\u00e0 Sempre di pi\u00f9","og_description":"PIEMONTE Esce Ancora pi\u00f9 bello e lo sar\u00e0 Sempre di pi\u00f9 \u2013 piemonte esce ancora pi bello e. Esce oggi al cinema con Eagle Pictures Ancora pi\u00f9 bello, il teen","og_url":"https:\/\/cinema.video\/it\/piemonte-esce-ancora-piu-bello-e-lo-sara-sempre-di-piu","og_site_name":"Cinema &amp; Video International","article_publisher":"https:\/\/www.facebook.com\/CinemaVideoInternational\/","article_published_time":"2021-09-15T08:12:40+00:00","article_modified_time":"2026-04-10T01:55:06+00:00","og_image":[{"width":800,"height":534,"url":"https:\/\/cinema.video\/wp-content\/uploads\/2021\/09\/image004-e1631693105526.jpg","type":"image\/jpeg"}],"author":"Redazione","twitter_card":"summary_large_image","twitter_misc":{"Scritto da":"Redazione","Tempo di lettura stimato":"2 minuti"},"schema":{"@context":"https:\/\/schema.org","@graph":[{"@type":"Article","@id":"https:\/\/cinema.video\/it\/piemonte-esce-ancora-piu-bello-e-lo-sara-sempre-di-piu#article","isPartOf":{"@id":"https:\/\/cinema.video\/it\/piemonte-esce-ancora-piu-bello-e-lo-sara-sempre-di-piu"},"author":{"name":"Redazione","@id":"https:\/\/cinema.video\/it#\/schema\/person\/aeb01b91d874e8b01e76a1db04c668c6"},"headline":"PIEMONTE Esce Ancora pi\u00f9 bello e lo sar\u00e0 Sempre di pi\u00f9","datePublished":"2021-09-15T08:12:40+00:00","dateModified":"2026-04-10T01:55:06+00:00","mainEntityOfPage":{"@id":"https:\/\/cinema.video\/it\/piemonte-esce-ancora-piu-bello-e-lo-sara-sempre-di-piu"},"wordCount":365,"publisher":{"@id":"https:\/\/cinema.video\/it#organization"},"image":{"@id":"https:\/\/cinema.video\/it\/piemonte-esce-ancora-piu-bello-e-lo-sara-sempre-di-piu#primaryimage"},"thumbnailUrl":"https:\/\/cinema.video\/wp-content\/uploads\/2021\/09\/image004-e1631693105526.jpg","keywords":["FILM COMMISSION TORINO PIEMONTE","FILM COMMISSIONS","LOCATIONS","PRODUCTION","SHOOTING"],"articleSection":["FILM COMMISSIONS","SHOOTING"],"inLanguage":"it-IT"},{"@type":"WebPage","@id":"https:\/\/cinema.video\/it\/piemonte-esce-ancora-piu-bello-e-lo-sara-sempre-di-piu","url":"https:\/\/cinema.video\/it\/piemonte-esce-ancora-piu-bello-e-lo-sara-sempre-di-piu","name":"PIEMONTE Esce Ancora pi\u00f9 bello e lo sar\u00e0 Sempre di pi\u00f9 - Cinema &amp; Video International","isPartOf":{"@id":"https:\/\/cinema.video\/it#website"},"primaryImageOfPage":{"@id":"https:\/\/cinema.video\/it\/piemonte-esce-ancora-piu-bello-e-lo-sara-sempre-di-piu#primaryimage"},"image":{"@id":"https:\/\/cinema.video\/it\/piemonte-esce-ancora-piu-bello-e-lo-sara-sempre-di-piu#primaryimage"},"thumbnailUrl":"https:\/\/cinema.video\/wp-content\/uploads\/2021\/09\/image004-e1631693105526.jpg","datePublished":"2021-09-15T08:12:40+00:00","dateModified":"2026-04-10T01:55:06+00:00","description":"PIEMONTE Esce Ancora pi\u00f9 bello e lo sar\u00e0 Sempre di pi\u00f9 \u2013 piemonte esce ancora pi bello e. Esce oggi al cinema con Eagle Pictures Ancora pi\u00f9 bello, il teen","breadcrumb":{"@id":"https:\/\/cinema.video\/it\/piemonte-esce-ancora-piu-bello-e-lo-sara-sempre-di-piu#breadcrumb"},"inLanguage":"it-IT","potentialAction":[{"@type":"ReadAction","target":["https:\/\/cinema.video\/it\/piemonte-esce-ancora-piu-bello-e-lo-sara-sempre-di-piu"]}]},{"@type":"ImageObject","inLanguage":"it-IT","@id":"https:\/\/cinema.video\/it\/piemonte-esce-ancora-piu-bello-e-lo-sara-sempre-di-piu#primaryimage","url":"https:\/\/cinema.video\/wp-content\/uploads\/2021\/09\/image004-e1631693105526.jpg","contentUrl":"https:\/\/cinema.video\/wp-content\/uploads\/2021\/09\/image004-e1631693105526.jpg","width":800,"height":534},{"@type":"BreadcrumbList","@id":"https:\/\/cinema.video\/it\/piemonte-esce-ancora-piu-bello-e-lo-sara-sempre-di-piu#breadcrumb","itemListElement":[{"@type":"ListItem","position":1,"name":"Home","item":"https:\/\/cinema.video\/it\/home-2"},{"@type":"ListItem","position":2,"name":"PIEMONTE Esce Ancora pi\u00f9 bello e lo sar\u00e0 Sempre di pi\u00f9"}]},{"@type":"WebSite","@id":"https:\/\/cinema.video\/it#website","url":"https:\/\/cinema.video\/it","name":"Cinema & Video International","description":"Film &amp; Audiovisual Industry Trade Magazine","publisher":{"@id":"https:\/\/cinema.video\/it#organization"},"alternateName":"Cinema & Video","potentialAction":[{"@type":"SearchAction","target":{"@type":"EntryPoint","urlTemplate":"https:\/\/cinema.video\/it?s={search_term_string}"},"query-input":{"@type":"PropertyValueSpecification","valueRequired":true,"valueName":"search_term_string"}}],"inLanguage":"it-IT"},{"@type":"Organization","@id":"https:\/\/cinema.video\/it#organization","name":"Cinema & Video","url":"https:\/\/cinema.video\/it","logo":{"@type":"ImageObject","inLanguage":"it-IT","@id":"https:\/\/cinema.video\/it#\/schema\/logo\/image\/","url":"https:\/\/cinema.video\/wp-content\/uploads\/2026\/04\/CinemVideo_LogoBlack.png","contentUrl":"https:\/\/cinema.video\/wp-content\/uploads\/2026\/04\/CinemVideo_LogoBlack.png","width":1336,"height":224,"caption":"Cinema & Video"},"image":{"@id":"https:\/\/cinema.video\/it#\/schema\/logo\/image\/"},"sameAs":["https:\/\/www.facebook.com\/CinemaVideoInternational\/","https:\/\/www.instagram.com\/cinemaevideointernational\/","https:\/\/it.linkedin.com\/company\/cinema-video-international"],"description":"Media Consulting & Marketing Agency","email":"hello@darostudio.com","legalName":"DARO studio LLC","foundingDate":"2021-02-16","numberOfEmployees":{"@type":"QuantitativeValue","minValue":"1","maxValue":"10"}},{"@type":"Person","@id":"https:\/\/cinema.video\/it#\/schema\/person\/aeb01b91d874e8b01e76a1db04c668c6","name":"Redazione","image":{"@type":"ImageObject","inLanguage":"it-IT","@id":"https:\/\/secure.gravatar.com\/avatar\/06ad6f92eb14745b75fb592cadf8139d33242d81c9c8b085133c450aaf0b9731?s=96&d=mm&r=g","url":"https:\/\/secure.gravatar.com\/avatar\/06ad6f92eb14745b75fb592cadf8139d33242d81c9c8b085133c450aaf0b9731?s=96&d=mm&r=g","contentUrl":"https:\/\/secure.gravatar.com\/avatar\/06ad6f92eb14745b75fb592cadf8139d33242d81c9c8b085133c450aaf0b9731?s=96&d=mm&r=g","caption":"Redazione"},"url":"https:\/\/cinema.video\/it\/author\/redazione"}]}},"jetpack_featured_media_url":"https:\/\/cinema.video\/wp-content\/uploads\/2021\/09\/image004-e1631693105526.jpg","jetpack_shortlink":"https:\/\/wp.me\/ph672m-1dvt","_links":{"self":[{"href":"https:\/\/cinema.video\/it\/wp-json\/wp\/v2\/posts\/290251","targetHints":{"allow":["GET"]}}],"collection":[{"href":"https:\/\/cinema.video\/it\/wp-json\/wp\/v2\/posts"}],"about":[{"href":"https:\/\/cinema.video\/it\/wp-json\/wp\/v2\/types\/post"}],"author":[{"embeddable":true,"href":"https:\/\/cinema.video\/it\/wp-json\/wp\/v2\/users\/26"}],"replies":[{"embeddable":true,"href":"https:\/\/cinema.video\/it\/wp-json\/wp\/v2\/comments?post=290251"}],"version-history":[{"count":2,"href":"https:\/\/cinema.video\/it\/wp-json\/wp\/v2\/posts\/290251\/revisions"}],"predecessor-version":[{"id":308390,"href":"https:\/\/cinema.video\/it\/wp-json\/wp\/v2\/posts\/290251\/revisions\/308390"}],"wp:featuredmedia":[{"embeddable":true,"href":"https:\/\/cinema.video\/it\/wp-json\/wp\/v2\/media\/290261"}],"wp:attachment":[{"href":"https:\/\/cinema.video\/it\/wp-json\/wp\/v2\/media?parent=290251"}],"wp:term":[{"taxonomy":"category","embeddable":true,"href":"https:\/\/cinema.video\/it\/wp-json\/wp\/v2\/categories?post=290251"},{"taxonomy":"post_tag","embeddable":true,"href":"https:\/\/cinema.video\/it\/wp-json\/wp\/v2\/tags?post=290251"}],"curies":[{"name":"wp","href":"https:\/\/api.w.org\/{rel}","templated":true}]}}