{"id":290138,"date":"2021-09-04T15:56:49","date_gmt":"2021-09-04T13:56:49","guid":{"rendered":"https:\/\/cinema.video\/?p=290138"},"modified":"2026-04-10T03:54:54","modified_gmt":"2026-04-10T01:54:54","slug":"il-festival-del-viaggiatore-celebra-i-luoghi-i-libri-il-cinema","status":"publish","type":"post","link":"https:\/\/cinema.video\/it\/il-festival-del-viaggiatore-celebra-i-luoghi-i-libri-il-cinema","title":{"rendered":"IL Festival del Viaggiatore celebra i luoghi i libri il cinema"},"content":{"rendered":"\n<p class=\"wp-block-paragraph\">Inizia oggi a Venezia, il <strong>Festival del Viaggiatore<\/strong>, manifestazione turistica e culturale itinerante, diretta da <strong>Emanuela Cananzi<\/strong>, che si propone di promuovere il territorio attraverso i racconti e le storie, muovendosi attraverso tre provincie del Veneto e tre comuni, e le cui tappe sono Possano, Bassano Del Grappa, Mussolente, Mauser (con la villa Palladiana con 800 mq di affreschi del veronese), Asolo.<\/p>\n\n\n\n<p class=\"wp-block-paragraph\">Parte del festival, anche il <strong>Premio letterario Segafredo Zanetti<\/strong>&#8211; <strong><em>Citt\u00e0 di Asolo<\/em><\/strong>&#8211; <strong>Un Libro, un Film<\/strong>, il primo premio dedicato alla narrativa per il cinema e le serie tv, e che vedr\u00e0 in gara cinque romanzi, selezionati dal comitato scientifico da un totale di venti opere letterarie, che sono state segnalate dalle librerie indipendenti, selezionate in tutta Italia, e da alcune librerie italiane all&#8217;estero. Un elemento che \u00e8 particolarmente apprezzato da <strong>Riccardo Tozzi<\/strong>, produttore di <strong>Cattleya<\/strong> e <strong>Antonietta De Lillo<\/strong>, regista e produttrice di <strong>MareChiaro Films<\/strong>, che fanno parte della Giuria Qualificata che decreter\u00e0 il vincitore, assieme al direttore di Rai Fiction, <strong>Maria Pia Ammirati<\/strong>, <strong>Andrea Occhipinti<\/strong>, produttore e fondatore di Lucky Red, e alla giornalista e produttrice <strong>Silvia Bizio.<\/strong><\/p>\n\n\n\n<p class=\"wp-block-paragraph\">\u201cCirca la met\u00e0 di tutto ci\u00f2 che si produce nel cinema e nella serialit\u00e0 viene dal libro, per ci\u00f2 che riguarda Cattleya penso che la percentuale salga anche al 70%. \u2013 Dichiara Riccardo Tozzi- Poter lavorare a partire da un testo di cui poter valutare la forza drammaturgica \u00e8 un grosso vantaggio, sia che si tratti di un bestseller che di un romanzo sconosciuto, o addirittura mancato. Anzi, io ho prodotto due grandi successi da romanzi che non erano pubblicati, come&nbsp;<em>Tre metri sopra il cielo<\/em>&nbsp;e&nbsp;<em>Il fascio-comunista<\/em>\u201d<\/p>\n\n\n\n<p class=\"wp-block-paragraph\">Anche Antonietta De Lillo \u00e8 convinta che esistano tanti capolavori letterari nascosti e ricorda che il suo film&nbsp;<em>Il resto di niente<\/em>&nbsp;\u201c\u00e8 stato tratto da un libro che era stampato ed edito solo a Napoli, da una piccola casa editrice che editava solo libri per la scuola\u201d.<\/p>\n","protected":false},"excerpt":{"rendered":"<p>Presentato oggi a Venezia, negli spazi di Regione Veneto, il Festival del Viaggiatore diretto da Emanuela Cananzi e che inizia oggi a Venezia e prosegue fino al 26 settembre attraversando molti comuni e province venete. Al suo interno, il Premio letterario Segafredo Zanetti- Citt\u00e0 di Asolo- Un Libro, un Film<\/p>\n","protected":false},"author":2,"featured_media":290139,"comment_status":"closed","ping_status":"closed","sticky":false,"template":"","format":"standard","meta":{"googlesitekit_rrm_CAow3e7fCw:productID":"","_crdt_document":"","footnotes":""},"categories":[1],"tags":[356,1694],"class_list":{"0":"post-290138","1":"post","2":"type-post","3":"status-publish","4":"format-standard","5":"has-post-thumbnail","7":"category-senza-categoria","8":"tag-focus","9":"tag-venice-film-festival"},"yoast_head":"<!-- This site is optimized with the Yoast SEO Premium plugin v27.4 (Yoast SEO v27.5) - https:\/\/yoast.com\/product\/yoast-seo-premium-wordpress\/ -->\n<title>IL Festival del Viaggiatore celebra i luoghi i libri il cinema - Cinema &amp; Video International<\/title>\n<meta name=\"description\" content=\"IL Festival del Viaggiatore celebra i luoghi i libri il cinema \u2013 il festival del viaggiatore celebra i. Inizia oggi a Venezia, il Festival del Viaggiatore\" \/>\n<meta name=\"robots\" content=\"index, follow, max-snippet:-1, max-image-preview:large, max-video-preview:-1\" \/>\n<link rel=\"canonical\" href=\"https:\/\/cinema.video\/it\/il-festival-del-viaggiatore-celebra-i-luoghi-i-libri-il-cinema\" \/>\n<meta property=\"og:locale\" content=\"it_IT\" \/>\n<meta property=\"og:type\" content=\"article\" \/>\n<meta property=\"og:title\" content=\"IL Festival del Viaggiatore celebra i luoghi i libri il cinema\" \/>\n<meta property=\"og:description\" content=\"IL Festival del Viaggiatore celebra i luoghi i libri il cinema \u2013 il festival del viaggiatore celebra i. Inizia oggi a Venezia, il Festival del Viaggiatore\" \/>\n<meta property=\"og:url\" content=\"https:\/\/cinema.video\/it\/il-festival-del-viaggiatore-celebra-i-luoghi-i-libri-il-cinema\" \/>\n<meta property=\"og:site_name\" content=\"Cinema &amp; Video International\" \/>\n<meta property=\"article:publisher\" content=\"https:\/\/www.facebook.com\/CinemaVideoInternational\/\" \/>\n<meta property=\"article:published_time\" content=\"2021-09-04T13:56:49+00:00\" \/>\n<meta property=\"article:modified_time\" content=\"2026-04-10T01:54:54+00:00\" \/>\n<meta property=\"og:image\" content=\"https:\/\/cinema.video\/wp-content\/uploads\/2021\/09\/viaggiatore.jpg\" \/>\n\t<meta property=\"og:image:width\" content=\"1000\" \/>\n\t<meta property=\"og:image:height\" content=\"608\" \/>\n\t<meta property=\"og:image:type\" content=\"image\/jpeg\" \/>\n<meta name=\"author\" content=\"Carolina Mancini\" \/>\n<meta name=\"twitter:card\" content=\"summary_large_image\" \/>\n<meta name=\"twitter:label1\" content=\"Scritto da\" \/>\n\t<meta name=\"twitter:data1\" content=\"Carolina Mancini\" \/>\n\t<meta name=\"twitter:label2\" content=\"Tempo di lettura stimato\" \/>\n\t<meta name=\"twitter:data2\" content=\"2 minuti\" \/>\n<script type=\"application\/ld+json\" class=\"yoast-schema-graph\">{\"@context\":\"https:\\\/\\\/schema.org\",\"@graph\":[{\"@type\":\"Article\",\"@id\":\"https:\\\/\\\/cinema.video\\\/it\\\/il-festival-del-viaggiatore-celebra-i-luoghi-i-libri-il-cinema#article\",\"isPartOf\":{\"@id\":\"https:\\\/\\\/cinema.video\\\/it\\\/il-festival-del-viaggiatore-celebra-i-luoghi-i-libri-il-cinema\"},\"author\":{\"name\":\"Carolina Mancini\",\"@id\":\"https:\\\/\\\/cinema.video\\\/it#\\\/schema\\\/person\\\/d5479fad8d0f2360000eb4aab6bb6e5d\"},\"headline\":\"IL Festival del Viaggiatore celebra i luoghi i libri il cinema\",\"datePublished\":\"2021-09-04T13:56:49+00:00\",\"dateModified\":\"2026-04-10T01:54:54+00:00\",\"mainEntityOfPage\":{\"@id\":\"https:\\\/\\\/cinema.video\\\/it\\\/il-festival-del-viaggiatore-celebra-i-luoghi-i-libri-il-cinema\"},\"wordCount\":330,\"publisher\":{\"@id\":\"https:\\\/\\\/cinema.video\\\/it#organization\"},\"image\":{\"@id\":\"https:\\\/\\\/cinema.video\\\/it\\\/il-festival-del-viaggiatore-celebra-i-luoghi-i-libri-il-cinema#primaryimage\"},\"thumbnailUrl\":\"https:\\\/\\\/cinema.video\\\/wp-content\\\/uploads\\\/2021\\\/09\\\/viaggiatore.jpg\",\"keywords\":[\"focus\",\"VENICE FILM FESTIVAL\"],\"inLanguage\":\"it-IT\"},{\"@type\":\"WebPage\",\"@id\":\"https:\\\/\\\/cinema.video\\\/it\\\/il-festival-del-viaggiatore-celebra-i-luoghi-i-libri-il-cinema\",\"url\":\"https:\\\/\\\/cinema.video\\\/it\\\/il-festival-del-viaggiatore-celebra-i-luoghi-i-libri-il-cinema\",\"name\":\"IL Festival del Viaggiatore celebra i luoghi i libri il cinema - Cinema &amp; Video International\",\"isPartOf\":{\"@id\":\"https:\\\/\\\/cinema.video\\\/it#website\"},\"primaryImageOfPage\":{\"@id\":\"https:\\\/\\\/cinema.video\\\/it\\\/il-festival-del-viaggiatore-celebra-i-luoghi-i-libri-il-cinema#primaryimage\"},\"image\":{\"@id\":\"https:\\\/\\\/cinema.video\\\/it\\\/il-festival-del-viaggiatore-celebra-i-luoghi-i-libri-il-cinema#primaryimage\"},\"thumbnailUrl\":\"https:\\\/\\\/cinema.video\\\/wp-content\\\/uploads\\\/2021\\\/09\\\/viaggiatore.jpg\",\"datePublished\":\"2021-09-04T13:56:49+00:00\",\"dateModified\":\"2026-04-10T01:54:54+00:00\",\"description\":\"IL Festival del Viaggiatore celebra i luoghi i libri il cinema \u2013 il festival del viaggiatore celebra i. Inizia oggi a Venezia, il Festival del Viaggiatore\",\"breadcrumb\":{\"@id\":\"https:\\\/\\\/cinema.video\\\/it\\\/il-festival-del-viaggiatore-celebra-i-luoghi-i-libri-il-cinema#breadcrumb\"},\"inLanguage\":\"it-IT\",\"potentialAction\":[{\"@type\":\"ReadAction\",\"target\":[\"https:\\\/\\\/cinema.video\\\/it\\\/il-festival-del-viaggiatore-celebra-i-luoghi-i-libri-il-cinema\"]}]},{\"@type\":\"ImageObject\",\"inLanguage\":\"it-IT\",\"@id\":\"https:\\\/\\\/cinema.video\\\/it\\\/il-festival-del-viaggiatore-celebra-i-luoghi-i-libri-il-cinema#primaryimage\",\"url\":\"https:\\\/\\\/cinema.video\\\/wp-content\\\/uploads\\\/2021\\\/09\\\/viaggiatore.jpg\",\"contentUrl\":\"https:\\\/\\\/cinema.video\\\/wp-content\\\/uploads\\\/2021\\\/09\\\/viaggiatore.jpg\",\"width\":1000,\"height\":608},{\"@type\":\"BreadcrumbList\",\"@id\":\"https:\\\/\\\/cinema.video\\\/it\\\/il-festival-del-viaggiatore-celebra-i-luoghi-i-libri-il-cinema#breadcrumb\",\"itemListElement\":[{\"@type\":\"ListItem\",\"position\":1,\"name\":\"Home\",\"item\":\"https:\\\/\\\/cinema.video\\\/it\\\/home-2\"},{\"@type\":\"ListItem\",\"position\":2,\"name\":\"IL Festival del Viaggiatore celebra i luoghi i libri il cinema\"}]},{\"@type\":\"WebSite\",\"@id\":\"https:\\\/\\\/cinema.video\\\/it#website\",\"url\":\"https:\\\/\\\/cinema.video\\\/it\",\"name\":\"Cinema & Video International\",\"description\":\"Film &amp; Audiovisual Industry Trade Magazine\",\"publisher\":{\"@id\":\"https:\\\/\\\/cinema.video\\\/it#organization\"},\"alternateName\":\"Cinema & Video\",\"potentialAction\":[{\"@type\":\"SearchAction\",\"target\":{\"@type\":\"EntryPoint\",\"urlTemplate\":\"https:\\\/\\\/cinema.video\\\/it?s={search_term_string}\"},\"query-input\":{\"@type\":\"PropertyValueSpecification\",\"valueRequired\":true,\"valueName\":\"search_term_string\"}}],\"inLanguage\":\"it-IT\"},{\"@type\":\"Organization\",\"@id\":\"https:\\\/\\\/cinema.video\\\/it#organization\",\"name\":\"Cinema & Video\",\"url\":\"https:\\\/\\\/cinema.video\\\/it\",\"logo\":{\"@type\":\"ImageObject\",\"inLanguage\":\"it-IT\",\"@id\":\"https:\\\/\\\/cinema.video\\\/it#\\\/schema\\\/logo\\\/image\\\/\",\"url\":\"https:\\\/\\\/cinema.video\\\/wp-content\\\/uploads\\\/2026\\\/04\\\/CinemVideo_LogoBlack.png\",\"contentUrl\":\"https:\\\/\\\/cinema.video\\\/wp-content\\\/uploads\\\/2026\\\/04\\\/CinemVideo_LogoBlack.png\",\"width\":1336,\"height\":224,\"caption\":\"Cinema & Video\"},\"image\":{\"@id\":\"https:\\\/\\\/cinema.video\\\/it#\\\/schema\\\/logo\\\/image\\\/\"},\"sameAs\":[\"https:\\\/\\\/www.facebook.com\\\/CinemaVideoInternational\\\/\",\"https:\\\/\\\/www.instagram.com\\\/cinemaevideointernational\\\/\",\"https:\\\/\\\/it.linkedin.com\\\/company\\\/cinema-video-international\"],\"description\":\"Media Consulting & Marketing Agency\",\"email\":\"hello@darostudio.com\",\"legalName\":\"DARO studio LLC\",\"foundingDate\":\"2021-02-16\",\"numberOfEmployees\":{\"@type\":\"QuantitativeValue\",\"minValue\":\"1\",\"maxValue\":\"10\"}},{\"@type\":\"Person\",\"@id\":\"https:\\\/\\\/cinema.video\\\/it#\\\/schema\\\/person\\\/d5479fad8d0f2360000eb4aab6bb6e5d\",\"name\":\"Carolina Mancini\",\"image\":{\"@type\":\"ImageObject\",\"inLanguage\":\"it-IT\",\"@id\":\"https:\\\/\\\/secure.gravatar.com\\\/avatar\\\/d4758965c5e8730dbaaa7131a628547771a26c1e5bf14fe323d96f8246a62baf?s=96&d=mm&r=g\",\"url\":\"https:\\\/\\\/secure.gravatar.com\\\/avatar\\\/d4758965c5e8730dbaaa7131a628547771a26c1e5bf14fe323d96f8246a62baf?s=96&d=mm&r=g\",\"contentUrl\":\"https:\\\/\\\/secure.gravatar.com\\\/avatar\\\/d4758965c5e8730dbaaa7131a628547771a26c1e5bf14fe323d96f8246a62baf?s=96&d=mm&r=g\",\"caption\":\"Carolina Mancini\"},\"url\":\"https:\\\/\\\/cinema.video\\\/it\\\/author\\\/carolin\"}]}<\/script>\n<!-- \/ Yoast SEO Premium plugin. -->","yoast_head_json":{"title":"IL Festival del Viaggiatore celebra i luoghi i libri il cinema - Cinema &amp; Video International","description":"IL Festival del Viaggiatore celebra i luoghi i libri il cinema \u2013 il festival del viaggiatore celebra i. Inizia oggi a Venezia, il Festival del Viaggiatore","robots":{"index":"index","follow":"follow","max-snippet":"max-snippet:-1","max-image-preview":"max-image-preview:large","max-video-preview":"max-video-preview:-1"},"canonical":"https:\/\/cinema.video\/it\/il-festival-del-viaggiatore-celebra-i-luoghi-i-libri-il-cinema","og_locale":"it_IT","og_type":"article","og_title":"IL Festival del Viaggiatore celebra i luoghi i libri il cinema","og_description":"IL Festival del Viaggiatore celebra i luoghi i libri il cinema \u2013 il festival del viaggiatore celebra i. Inizia oggi a Venezia, il Festival del Viaggiatore","og_url":"https:\/\/cinema.video\/it\/il-festival-del-viaggiatore-celebra-i-luoghi-i-libri-il-cinema","og_site_name":"Cinema &amp; Video International","article_publisher":"https:\/\/www.facebook.com\/CinemaVideoInternational\/","article_published_time":"2021-09-04T13:56:49+00:00","article_modified_time":"2026-04-10T01:54:54+00:00","og_image":[{"width":1000,"height":608,"url":"https:\/\/cinema.video\/wp-content\/uploads\/2021\/09\/viaggiatore.jpg","type":"image\/jpeg"}],"author":"Carolina Mancini","twitter_card":"summary_large_image","twitter_misc":{"Scritto da":"Carolina Mancini","Tempo di lettura stimato":"2 minuti"},"schema":{"@context":"https:\/\/schema.org","@graph":[{"@type":"Article","@id":"https:\/\/cinema.video\/it\/il-festival-del-viaggiatore-celebra-i-luoghi-i-libri-il-cinema#article","isPartOf":{"@id":"https:\/\/cinema.video\/it\/il-festival-del-viaggiatore-celebra-i-luoghi-i-libri-il-cinema"},"author":{"name":"Carolina Mancini","@id":"https:\/\/cinema.video\/it#\/schema\/person\/d5479fad8d0f2360000eb4aab6bb6e5d"},"headline":"IL Festival del Viaggiatore celebra i luoghi i libri il cinema","datePublished":"2021-09-04T13:56:49+00:00","dateModified":"2026-04-10T01:54:54+00:00","mainEntityOfPage":{"@id":"https:\/\/cinema.video\/it\/il-festival-del-viaggiatore-celebra-i-luoghi-i-libri-il-cinema"},"wordCount":330,"publisher":{"@id":"https:\/\/cinema.video\/it#organization"},"image":{"@id":"https:\/\/cinema.video\/it\/il-festival-del-viaggiatore-celebra-i-luoghi-i-libri-il-cinema#primaryimage"},"thumbnailUrl":"https:\/\/cinema.video\/wp-content\/uploads\/2021\/09\/viaggiatore.jpg","keywords":["focus","VENICE FILM FESTIVAL"],"inLanguage":"it-IT"},{"@type":"WebPage","@id":"https:\/\/cinema.video\/it\/il-festival-del-viaggiatore-celebra-i-luoghi-i-libri-il-cinema","url":"https:\/\/cinema.video\/it\/il-festival-del-viaggiatore-celebra-i-luoghi-i-libri-il-cinema","name":"IL Festival del Viaggiatore celebra i luoghi i libri il cinema - Cinema &amp; Video International","isPartOf":{"@id":"https:\/\/cinema.video\/it#website"},"primaryImageOfPage":{"@id":"https:\/\/cinema.video\/it\/il-festival-del-viaggiatore-celebra-i-luoghi-i-libri-il-cinema#primaryimage"},"image":{"@id":"https:\/\/cinema.video\/it\/il-festival-del-viaggiatore-celebra-i-luoghi-i-libri-il-cinema#primaryimage"},"thumbnailUrl":"https:\/\/cinema.video\/wp-content\/uploads\/2021\/09\/viaggiatore.jpg","datePublished":"2021-09-04T13:56:49+00:00","dateModified":"2026-04-10T01:54:54+00:00","description":"IL Festival del Viaggiatore celebra i luoghi i libri il cinema \u2013 il festival del viaggiatore celebra i. Inizia oggi a Venezia, il Festival del Viaggiatore","breadcrumb":{"@id":"https:\/\/cinema.video\/it\/il-festival-del-viaggiatore-celebra-i-luoghi-i-libri-il-cinema#breadcrumb"},"inLanguage":"it-IT","potentialAction":[{"@type":"ReadAction","target":["https:\/\/cinema.video\/it\/il-festival-del-viaggiatore-celebra-i-luoghi-i-libri-il-cinema"]}]},{"@type":"ImageObject","inLanguage":"it-IT","@id":"https:\/\/cinema.video\/it\/il-festival-del-viaggiatore-celebra-i-luoghi-i-libri-il-cinema#primaryimage","url":"https:\/\/cinema.video\/wp-content\/uploads\/2021\/09\/viaggiatore.jpg","contentUrl":"https:\/\/cinema.video\/wp-content\/uploads\/2021\/09\/viaggiatore.jpg","width":1000,"height":608},{"@type":"BreadcrumbList","@id":"https:\/\/cinema.video\/it\/il-festival-del-viaggiatore-celebra-i-luoghi-i-libri-il-cinema#breadcrumb","itemListElement":[{"@type":"ListItem","position":1,"name":"Home","item":"https:\/\/cinema.video\/it\/home-2"},{"@type":"ListItem","position":2,"name":"IL Festival del Viaggiatore celebra i luoghi i libri il cinema"}]},{"@type":"WebSite","@id":"https:\/\/cinema.video\/it#website","url":"https:\/\/cinema.video\/it","name":"Cinema & Video International","description":"Film &amp; Audiovisual Industry Trade Magazine","publisher":{"@id":"https:\/\/cinema.video\/it#organization"},"alternateName":"Cinema & Video","potentialAction":[{"@type":"SearchAction","target":{"@type":"EntryPoint","urlTemplate":"https:\/\/cinema.video\/it?s={search_term_string}"},"query-input":{"@type":"PropertyValueSpecification","valueRequired":true,"valueName":"search_term_string"}}],"inLanguage":"it-IT"},{"@type":"Organization","@id":"https:\/\/cinema.video\/it#organization","name":"Cinema & Video","url":"https:\/\/cinema.video\/it","logo":{"@type":"ImageObject","inLanguage":"it-IT","@id":"https:\/\/cinema.video\/it#\/schema\/logo\/image\/","url":"https:\/\/cinema.video\/wp-content\/uploads\/2026\/04\/CinemVideo_LogoBlack.png","contentUrl":"https:\/\/cinema.video\/wp-content\/uploads\/2026\/04\/CinemVideo_LogoBlack.png","width":1336,"height":224,"caption":"Cinema & Video"},"image":{"@id":"https:\/\/cinema.video\/it#\/schema\/logo\/image\/"},"sameAs":["https:\/\/www.facebook.com\/CinemaVideoInternational\/","https:\/\/www.instagram.com\/cinemaevideointernational\/","https:\/\/it.linkedin.com\/company\/cinema-video-international"],"description":"Media Consulting & Marketing Agency","email":"hello@darostudio.com","legalName":"DARO studio LLC","foundingDate":"2021-02-16","numberOfEmployees":{"@type":"QuantitativeValue","minValue":"1","maxValue":"10"}},{"@type":"Person","@id":"https:\/\/cinema.video\/it#\/schema\/person\/d5479fad8d0f2360000eb4aab6bb6e5d","name":"Carolina Mancini","image":{"@type":"ImageObject","inLanguage":"it-IT","@id":"https:\/\/secure.gravatar.com\/avatar\/d4758965c5e8730dbaaa7131a628547771a26c1e5bf14fe323d96f8246a62baf?s=96&d=mm&r=g","url":"https:\/\/secure.gravatar.com\/avatar\/d4758965c5e8730dbaaa7131a628547771a26c1e5bf14fe323d96f8246a62baf?s=96&d=mm&r=g","contentUrl":"https:\/\/secure.gravatar.com\/avatar\/d4758965c5e8730dbaaa7131a628547771a26c1e5bf14fe323d96f8246a62baf?s=96&d=mm&r=g","caption":"Carolina Mancini"},"url":"https:\/\/cinema.video\/it\/author\/carolin"}]}},"jetpack_featured_media_url":"https:\/\/cinema.video\/wp-content\/uploads\/2021\/09\/viaggiatore.jpg","jetpack_shortlink":"https:\/\/wp.me\/ph672m-1dtE","_links":{"self":[{"href":"https:\/\/cinema.video\/it\/wp-json\/wp\/v2\/posts\/290138","targetHints":{"allow":["GET"]}}],"collection":[{"href":"https:\/\/cinema.video\/it\/wp-json\/wp\/v2\/posts"}],"about":[{"href":"https:\/\/cinema.video\/it\/wp-json\/wp\/v2\/types\/post"}],"author":[{"embeddable":true,"href":"https:\/\/cinema.video\/it\/wp-json\/wp\/v2\/users\/2"}],"replies":[{"embeddable":true,"href":"https:\/\/cinema.video\/it\/wp-json\/wp\/v2\/comments?post=290138"}],"version-history":[{"count":1,"href":"https:\/\/cinema.video\/it\/wp-json\/wp\/v2\/posts\/290138\/revisions"}],"predecessor-version":[{"id":308371,"href":"https:\/\/cinema.video\/it\/wp-json\/wp\/v2\/posts\/290138\/revisions\/308371"}],"wp:featuredmedia":[{"embeddable":true,"href":"https:\/\/cinema.video\/it\/wp-json\/wp\/v2\/media\/290139"}],"wp:attachment":[{"href":"https:\/\/cinema.video\/it\/wp-json\/wp\/v2\/media?parent=290138"}],"wp:term":[{"taxonomy":"category","embeddable":true,"href":"https:\/\/cinema.video\/it\/wp-json\/wp\/v2\/categories?post=290138"},{"taxonomy":"post_tag","embeddable":true,"href":"https:\/\/cinema.video\/it\/wp-json\/wp\/v2\/tags?post=290138"}],"curies":[{"name":"wp","href":"https:\/\/api.w.org\/{rel}","templated":true}]}}