{"id":289971,"date":"2021-07-20T13:12:54","date_gmt":"2021-07-20T11:12:54","guid":{"rendered":"https:\/\/cinema.video\/?p=289971"},"modified":"2026-04-10T03:54:41","modified_gmt":"2026-04-10T01:54:41","slug":"cannes-cineum-12-sale-per-un-multiplex-fuori-dai-cliche","status":"publish","type":"post","link":"https:\/\/cinema.video\/it\/cannes-cineum-12-sale-per-un-multiplex-fuori-dai-cliche","title":{"rendered":"CANNES  Cineum 12 sale per un multiplex fuori dai clich\u00e9"},"content":{"rendered":"\n<p class=\"wp-block-paragraph\">\u00c8 del Cineum il fin la meraviglia&#8230;<\/p>\n\n\n\n<p class=\"wp-block-paragraph\">In quest&#8217;anno speciale, col Festival che osa un&#8217;edizione sul doppio binario &#8211; red carpet in presenza, mercato in parte online, in parte dal vivo &#8211; a Cannes si parla non solo di film, ma anche di cinema.<\/p>\n\n\n\n<p class=\"wp-block-paragraph\"><br>Ha cominciato <strong>Pierre Lescure<\/strong>, il Presidente della rassegna sulla Croisette, annunciando che il concorso avrebbe avuto a disposizione anche i due schermi pi\u00f9 belli d&#8217;Europa, ospitati nel <strong>Cineum<\/strong>, il complesso nuovo di zecca situato a Cannes la Bocca. Forse qualcuno potrebbe obiettare su questo primato, ma \u00e8 fuor di dubbio che il Cineum sia una costruzione veramente speciale, che sfida e sovverte quei clich\u00e9s che fanno s\u00ec che spesso i multiplex sembrino somigliarsi un po&#8217; tutti.<br>Frutto di un investimento di 33 milioni di euro, questo edificio, la cui concezione risale a sei anni fa, \u00e8 il primo passo di un progetto di ampio respiro, promosso dal Comune, chiamato <em>Cannes on air,<\/em> che comprender\u00e0 un centro universitario finalizzato alla scrittura e una serie di start up nel settore dell&#8217;audiovisivo. Ma, intanto, l&#8217;obiettivo a breve termine \u00e8 fare della cittadina che ospita il festival pi\u00f9 antico del mondo, secondo solo alla Mostra di Venezia, un polo di attrazione per gli spettatori della zona. Col Cineum, che \u00e8 dotato di 12 sale per un totale di 2.450 posti, si pi\u00f9 che raddoppia l&#8217;attuale offerta: Cannes, fino all&#8217;inizio di questo mese, era servita da due cinema, per un totale di 12 sale, collocati nel centro, a due passi dal famoso Palais.&nbsp;<\/p>\n\n\n\n<p class=\"wp-block-paragraph\"><br>Il progetto del Cineum \u00e8 firmato dall&#8217;<strong>Architetto Rudy Ricciotti<\/strong>, a cui si devono anche il MuCem di Marsiglia e il Ponte della Repubblica a Montpellier. <br>L&#8217;edificio, realizzato in cemento fibrorinforzato, si presenta come una sorta di poliedro dalle innumerevoli facce irregolari.&nbsp; Di colore bianco opalino, esse disegnano un&#8217;articolata massa che evoca un gigantesco iceberg spiaggiato sulla costa del Mediterraneo. <br>La loro diversa angolazione permette di riflettere con molteplici variazioni la luce del Sud della Francia. <br>La struttura compatta si interrompe solo per ospitare le porte di vetro del pianterreno, mentre, in direzione del piccolo aeroporto di Mandelieu e, in lontananza, del centro di Cannes, compare a sorpresa una vasta terrazza scavata nella massa e velata da una struttura metallica traforata che ricorda l&#8217;architettura araba. <br><br>Su quest&#8217;area all&#8217;aria aperta, piuttosto insolita in un cinema, affaccia un bar spettacolare, a cui ha lavorato Arik Levy, artista e designer. <br>L&#8217;interno dell&#8217;edificio si presenta come un antro vasto ed ombroso, pensato come uno sfondo neutro, adatto ad ospitare mostre ed esposizioni, destinate a sottolineare il legame tra il cinema e le altre arti. <br>Il cuore di questo spazio, su cui&nbsp;si affacciano gli ingressi alle sale&nbsp;e ai servizi di ristorazione, \u00e8 occupato da belle scale di legno e metallo. <br>Niente moquette pi\u00f9 o meno colorate, ma un pavimento di cemento che crea un continuum con le pareti dipinte con tinte sobrie, piuttosto scure e terrose. Le dodici sale sono disposte su tre piani e ciascuna di esse rappresenta una variazione su un tema comune, basato sull&#8217;illuminazione fatta di tubi al neon colorati, collocati orizzontalmente a met\u00e0 delle pareti, e sull&#8217;impiego di poltrone di velluto di forma squadrata, che in alcuni casi possono reclinarsi o sono dotate di altoparlanti individuali.<br><\/p>\n\n\n\n<p class=\"wp-block-paragraph\">Particolarmente elevato \u00e8 l&#8217;investimento sulla tecnologia, che include proiettori laser e il sistema Dolby Atmos. <br>La sala pi\u00f9 sorprendente \u00e8 quella dotata della tecnologia <strong>Imax<\/strong>: vi campeggia uno schermo di quasi 23 metri larghezza, prodotto dalla candese Strong, collocato davanti a 513 poltrone motorizzate. <br>Per ora questa &#8220;meraviglia&#8221; \u00e8 stata riservata ai festivalieri, ma entro la fine del mese CCC &#8211; la Compagnie Cin\u00e9matographique de Cannes &#8211; prevede di iniziare l&#8217;apertura al pubblico. Ovviamente seguendo le regole per l&#8217;accesso ai cinema previste dal governo francese: dal 21 luglio sar\u00e0 necessario presentare il &#8220;pass&#8221; sanitario che attesta la doppia vaccinazione o il risultato negativo del tampone eseguito nelle ultime 48 ore. Obbligo&nbsp;che ha scatenato la reazione dell&#8217;associazione degli esercenti: perch\u00e9 questa imposizione si dovrebbe applicare ai cinema cos\u00ec presto, mentre per altri settori, come la ristorazione, in agosto?<br>Insomma, la vita del Cineum inizia in salita &#8230;<\/p>\n","protected":false},"excerpt":{"rendered":"<p>Aprir\u00e0 a fine mese a Cannes (ma \u00e8 gi\u00e0 stato &#8216;inaugurato&#8217; dal Festival), Cineum, il complesso di 12 sale parte del progetto Cannes on air, che comprender\u00e0 un centro universitario finalizzato alla scrittura e una serie di start up nel settore dell&#8217;audiovisivo.<\/p>\n","protected":false},"author":101014,"featured_media":289974,"comment_status":"closed","ping_status":"closed","sticky":false,"template":"","format":"standard","meta":{"googlesitekit_rrm_CAow3e7fCw:productID":"","_crdt_document":"","footnotes":""},"categories":[2329],"tags":[356,2343],"class_list":{"0":"post-289971","1":"post","2":"type-post","3":"status-publish","4":"format-standard","5":"has-post-thumbnail","7":"category-movie-theaters","8":"tag-focus","9":"tag-theaters"},"yoast_head":"<!-- This site is optimized with the Yoast SEO Premium plugin v27.4 (Yoast SEO v27.5) - https:\/\/yoast.com\/product\/yoast-seo-premium-wordpress\/ -->\n<title>CANNES Cineum 12 sale per un multiplex fuori dai clich\u00e9 - Cinema &amp; Video International<\/title>\n<meta name=\"description\" content=\"CANNES Cineum 12 sale per un multiplex fuori dai clich\u00e9 \u2013 cannes cineum 12 sale per un. \u00c8 del Cineum il fin la meraviglia... In quest&#039;anno speciale, c\" \/>\n<meta name=\"robots\" content=\"index, follow, max-snippet:-1, max-image-preview:large, max-video-preview:-1\" \/>\n<link rel=\"canonical\" href=\"https:\/\/cinema.video\/it\/cannes-cineum-12-sale-per-un-multiplex-fuori-dai-cliche\" \/>\n<meta property=\"og:locale\" content=\"it_IT\" \/>\n<meta property=\"og:type\" content=\"article\" \/>\n<meta property=\"og:title\" content=\"CANNES Cineum 12 sale per un multiplex fuori dai clich\u00e9\" \/>\n<meta property=\"og:description\" content=\"CANNES Cineum 12 sale per un multiplex fuori dai clich\u00e9 \u2013 cannes cineum 12 sale per un. \u00c8 del Cineum il fin la meraviglia... In quest&#039;anno speciale, c\" \/>\n<meta property=\"og:url\" content=\"https:\/\/cinema.video\/it\/cannes-cineum-12-sale-per-un-multiplex-fuori-dai-cliche\" \/>\n<meta property=\"og:site_name\" content=\"Cinema &amp; Video International\" \/>\n<meta property=\"article:publisher\" content=\"https:\/\/www.facebook.com\/CinemaVideoInternational\/\" \/>\n<meta property=\"article:published_time\" content=\"2021-07-20T11:12:54+00:00\" \/>\n<meta property=\"article:modified_time\" content=\"2026-04-10T01:54:41+00:00\" \/>\n<meta property=\"og:image\" content=\"https:\/\/cinema.video\/wp-content\/uploads\/2021\/07\/cineum.jpg\" \/>\n\t<meta property=\"og:image:width\" content=\"749\" \/>\n\t<meta property=\"og:image:height\" content=\"626\" \/>\n\t<meta property=\"og:image:type\" content=\"image\/jpeg\" \/>\n<meta name=\"author\" content=\"Elisabetta Brunella\" \/>\n<meta name=\"twitter:card\" content=\"summary_large_image\" \/>\n<meta name=\"twitter:label1\" content=\"Scritto da\" \/>\n\t<meta name=\"twitter:data1\" content=\"Elisabetta Brunella\" \/>\n\t<meta name=\"twitter:label2\" content=\"Tempo di lettura stimato\" \/>\n\t<meta name=\"twitter:data2\" content=\"3 minuti\" \/>\n<script type=\"application\/ld+json\" class=\"yoast-schema-graph\">{\"@context\":\"https:\\\/\\\/schema.org\",\"@graph\":[{\"@type\":\"Article\",\"@id\":\"https:\\\/\\\/cinema.video\\\/it\\\/cannes-cineum-12-sale-per-un-multiplex-fuori-dai-cliche#article\",\"isPartOf\":{\"@id\":\"https:\\\/\\\/cinema.video\\\/it\\\/cannes-cineum-12-sale-per-un-multiplex-fuori-dai-cliche\"},\"author\":{\"name\":\"Elisabetta Brunella\",\"@id\":\"https:\\\/\\\/cinema.video\\\/it#\\\/schema\\\/person\\\/975be7353893bdc9facda5fcb48188fc\"},\"headline\":\"CANNES Cineum 12 sale per un multiplex fuori dai clich\u00e9\",\"datePublished\":\"2021-07-20T11:12:54+00:00\",\"dateModified\":\"2026-04-10T01:54:41+00:00\",\"mainEntityOfPage\":{\"@id\":\"https:\\\/\\\/cinema.video\\\/it\\\/cannes-cineum-12-sale-per-un-multiplex-fuori-dai-cliche\"},\"wordCount\":703,\"publisher\":{\"@id\":\"https:\\\/\\\/cinema.video\\\/it#organization\"},\"image\":{\"@id\":\"https:\\\/\\\/cinema.video\\\/it\\\/cannes-cineum-12-sale-per-un-multiplex-fuori-dai-cliche#primaryimage\"},\"thumbnailUrl\":\"https:\\\/\\\/cinema.video\\\/wp-content\\\/uploads\\\/2021\\\/07\\\/cineum.jpg\",\"keywords\":[\"focus\",\"THEATERS\"],\"articleSection\":[\"THEATERS\"],\"inLanguage\":\"it-IT\"},{\"@type\":\"WebPage\",\"@id\":\"https:\\\/\\\/cinema.video\\\/it\\\/cannes-cineum-12-sale-per-un-multiplex-fuori-dai-cliche\",\"url\":\"https:\\\/\\\/cinema.video\\\/it\\\/cannes-cineum-12-sale-per-un-multiplex-fuori-dai-cliche\",\"name\":\"CANNES Cineum 12 sale per un multiplex fuori dai clich\u00e9 - Cinema &amp; Video International\",\"isPartOf\":{\"@id\":\"https:\\\/\\\/cinema.video\\\/it#website\"},\"primaryImageOfPage\":{\"@id\":\"https:\\\/\\\/cinema.video\\\/it\\\/cannes-cineum-12-sale-per-un-multiplex-fuori-dai-cliche#primaryimage\"},\"image\":{\"@id\":\"https:\\\/\\\/cinema.video\\\/it\\\/cannes-cineum-12-sale-per-un-multiplex-fuori-dai-cliche#primaryimage\"},\"thumbnailUrl\":\"https:\\\/\\\/cinema.video\\\/wp-content\\\/uploads\\\/2021\\\/07\\\/cineum.jpg\",\"datePublished\":\"2021-07-20T11:12:54+00:00\",\"dateModified\":\"2026-04-10T01:54:41+00:00\",\"description\":\"CANNES Cineum 12 sale per un multiplex fuori dai clich\u00e9 \u2013 cannes cineum 12 sale per un. \u00c8 del Cineum il fin la meraviglia... In quest'anno speciale, c\",\"breadcrumb\":{\"@id\":\"https:\\\/\\\/cinema.video\\\/it\\\/cannes-cineum-12-sale-per-un-multiplex-fuori-dai-cliche#breadcrumb\"},\"inLanguage\":\"it-IT\",\"potentialAction\":[{\"@type\":\"ReadAction\",\"target\":[\"https:\\\/\\\/cinema.video\\\/it\\\/cannes-cineum-12-sale-per-un-multiplex-fuori-dai-cliche\"]}]},{\"@type\":\"ImageObject\",\"inLanguage\":\"it-IT\",\"@id\":\"https:\\\/\\\/cinema.video\\\/it\\\/cannes-cineum-12-sale-per-un-multiplex-fuori-dai-cliche#primaryimage\",\"url\":\"https:\\\/\\\/cinema.video\\\/wp-content\\\/uploads\\\/2021\\\/07\\\/cineum.jpg\",\"contentUrl\":\"https:\\\/\\\/cinema.video\\\/wp-content\\\/uploads\\\/2021\\\/07\\\/cineum.jpg\",\"width\":749,\"height\":626},{\"@type\":\"BreadcrumbList\",\"@id\":\"https:\\\/\\\/cinema.video\\\/it\\\/cannes-cineum-12-sale-per-un-multiplex-fuori-dai-cliche#breadcrumb\",\"itemListElement\":[{\"@type\":\"ListItem\",\"position\":1,\"name\":\"Home\",\"item\":\"https:\\\/\\\/cinema.video\\\/it\\\/home-2\"},{\"@type\":\"ListItem\",\"position\":2,\"name\":\"CANNES Cineum 12 sale per un multiplex fuori dai clich\u00e9\"}]},{\"@type\":\"WebSite\",\"@id\":\"https:\\\/\\\/cinema.video\\\/it#website\",\"url\":\"https:\\\/\\\/cinema.video\\\/it\",\"name\":\"Cinema & Video International\",\"description\":\"Film &amp; Audiovisual Industry Trade Magazine\",\"publisher\":{\"@id\":\"https:\\\/\\\/cinema.video\\\/it#organization\"},\"alternateName\":\"Cinema & Video\",\"potentialAction\":[{\"@type\":\"SearchAction\",\"target\":{\"@type\":\"EntryPoint\",\"urlTemplate\":\"https:\\\/\\\/cinema.video\\\/it?s={search_term_string}\"},\"query-input\":{\"@type\":\"PropertyValueSpecification\",\"valueRequired\":true,\"valueName\":\"search_term_string\"}}],\"inLanguage\":\"it-IT\"},{\"@type\":\"Organization\",\"@id\":\"https:\\\/\\\/cinema.video\\\/it#organization\",\"name\":\"Cinema & Video\",\"url\":\"https:\\\/\\\/cinema.video\\\/it\",\"logo\":{\"@type\":\"ImageObject\",\"inLanguage\":\"it-IT\",\"@id\":\"https:\\\/\\\/cinema.video\\\/it#\\\/schema\\\/logo\\\/image\\\/\",\"url\":\"https:\\\/\\\/cinema.video\\\/wp-content\\\/uploads\\\/2026\\\/04\\\/CinemVideo_LogoBlack.png\",\"contentUrl\":\"https:\\\/\\\/cinema.video\\\/wp-content\\\/uploads\\\/2026\\\/04\\\/CinemVideo_LogoBlack.png\",\"width\":1336,\"height\":224,\"caption\":\"Cinema & Video\"},\"image\":{\"@id\":\"https:\\\/\\\/cinema.video\\\/it#\\\/schema\\\/logo\\\/image\\\/\"},\"sameAs\":[\"https:\\\/\\\/www.facebook.com\\\/CinemaVideoInternational\\\/\",\"https:\\\/\\\/www.instagram.com\\\/cinemaevideointernational\\\/\",\"https:\\\/\\\/it.linkedin.com\\\/company\\\/cinema-video-international\"],\"description\":\"Media Consulting & Marketing Agency\",\"email\":\"hello@darostudio.com\",\"legalName\":\"DARO studio LLC\",\"foundingDate\":\"2021-02-16\",\"numberOfEmployees\":{\"@type\":\"QuantitativeValue\",\"minValue\":\"1\",\"maxValue\":\"10\"}},{\"@type\":\"Person\",\"@id\":\"https:\\\/\\\/cinema.video\\\/it#\\\/schema\\\/person\\\/975be7353893bdc9facda5fcb48188fc\",\"name\":\"Elisabetta Brunella\",\"image\":{\"@type\":\"ImageObject\",\"inLanguage\":\"it-IT\",\"@id\":\"https:\\\/\\\/secure.gravatar.com\\\/avatar\\\/d03f77f5b600b9250a75db092d9fdc5b8408eb0f70e9a3e4729de1549bac1bc0?s=96&d=mm&r=g\",\"url\":\"https:\\\/\\\/secure.gravatar.com\\\/avatar\\\/d03f77f5b600b9250a75db092d9fdc5b8408eb0f70e9a3e4729de1549bac1bc0?s=96&d=mm&r=g\",\"contentUrl\":\"https:\\\/\\\/secure.gravatar.com\\\/avatar\\\/d03f77f5b600b9250a75db092d9fdc5b8408eb0f70e9a3e4729de1549bac1bc0?s=96&d=mm&r=g\",\"caption\":\"Elisabetta Brunella\"},\"url\":\"https:\\\/\\\/cinema.video\\\/it\\\/author\\\/elisabetta-brunella\"}]}<\/script>\n<!-- \/ Yoast SEO Premium plugin. -->","yoast_head_json":{"title":"CANNES Cineum 12 sale per un multiplex fuori dai clich\u00e9 - Cinema &amp; Video International","description":"CANNES Cineum 12 sale per un multiplex fuori dai clich\u00e9 \u2013 cannes cineum 12 sale per un. \u00c8 del Cineum il fin la meraviglia... In quest'anno speciale, c","robots":{"index":"index","follow":"follow","max-snippet":"max-snippet:-1","max-image-preview":"max-image-preview:large","max-video-preview":"max-video-preview:-1"},"canonical":"https:\/\/cinema.video\/it\/cannes-cineum-12-sale-per-un-multiplex-fuori-dai-cliche","og_locale":"it_IT","og_type":"article","og_title":"CANNES Cineum 12 sale per un multiplex fuori dai clich\u00e9","og_description":"CANNES Cineum 12 sale per un multiplex fuori dai clich\u00e9 \u2013 cannes cineum 12 sale per un. \u00c8 del Cineum il fin la meraviglia... In quest'anno speciale, c","og_url":"https:\/\/cinema.video\/it\/cannes-cineum-12-sale-per-un-multiplex-fuori-dai-cliche","og_site_name":"Cinema &amp; Video International","article_publisher":"https:\/\/www.facebook.com\/CinemaVideoInternational\/","article_published_time":"2021-07-20T11:12:54+00:00","article_modified_time":"2026-04-10T01:54:41+00:00","og_image":[{"width":749,"height":626,"url":"https:\/\/cinema.video\/wp-content\/uploads\/2021\/07\/cineum.jpg","type":"image\/jpeg"}],"author":"Elisabetta Brunella","twitter_card":"summary_large_image","twitter_misc":{"Scritto da":"Elisabetta Brunella","Tempo di lettura stimato":"3 minuti"},"schema":{"@context":"https:\/\/schema.org","@graph":[{"@type":"Article","@id":"https:\/\/cinema.video\/it\/cannes-cineum-12-sale-per-un-multiplex-fuori-dai-cliche#article","isPartOf":{"@id":"https:\/\/cinema.video\/it\/cannes-cineum-12-sale-per-un-multiplex-fuori-dai-cliche"},"author":{"name":"Elisabetta Brunella","@id":"https:\/\/cinema.video\/it#\/schema\/person\/975be7353893bdc9facda5fcb48188fc"},"headline":"CANNES Cineum 12 sale per un multiplex fuori dai clich\u00e9","datePublished":"2021-07-20T11:12:54+00:00","dateModified":"2026-04-10T01:54:41+00:00","mainEntityOfPage":{"@id":"https:\/\/cinema.video\/it\/cannes-cineum-12-sale-per-un-multiplex-fuori-dai-cliche"},"wordCount":703,"publisher":{"@id":"https:\/\/cinema.video\/it#organization"},"image":{"@id":"https:\/\/cinema.video\/it\/cannes-cineum-12-sale-per-un-multiplex-fuori-dai-cliche#primaryimage"},"thumbnailUrl":"https:\/\/cinema.video\/wp-content\/uploads\/2021\/07\/cineum.jpg","keywords":["focus","THEATERS"],"articleSection":["THEATERS"],"inLanguage":"it-IT"},{"@type":"WebPage","@id":"https:\/\/cinema.video\/it\/cannes-cineum-12-sale-per-un-multiplex-fuori-dai-cliche","url":"https:\/\/cinema.video\/it\/cannes-cineum-12-sale-per-un-multiplex-fuori-dai-cliche","name":"CANNES Cineum 12 sale per un multiplex fuori dai clich\u00e9 - Cinema &amp; Video International","isPartOf":{"@id":"https:\/\/cinema.video\/it#website"},"primaryImageOfPage":{"@id":"https:\/\/cinema.video\/it\/cannes-cineum-12-sale-per-un-multiplex-fuori-dai-cliche#primaryimage"},"image":{"@id":"https:\/\/cinema.video\/it\/cannes-cineum-12-sale-per-un-multiplex-fuori-dai-cliche#primaryimage"},"thumbnailUrl":"https:\/\/cinema.video\/wp-content\/uploads\/2021\/07\/cineum.jpg","datePublished":"2021-07-20T11:12:54+00:00","dateModified":"2026-04-10T01:54:41+00:00","description":"CANNES Cineum 12 sale per un multiplex fuori dai clich\u00e9 \u2013 cannes cineum 12 sale per un. \u00c8 del Cineum il fin la meraviglia... In quest'anno speciale, c","breadcrumb":{"@id":"https:\/\/cinema.video\/it\/cannes-cineum-12-sale-per-un-multiplex-fuori-dai-cliche#breadcrumb"},"inLanguage":"it-IT","potentialAction":[{"@type":"ReadAction","target":["https:\/\/cinema.video\/it\/cannes-cineum-12-sale-per-un-multiplex-fuori-dai-cliche"]}]},{"@type":"ImageObject","inLanguage":"it-IT","@id":"https:\/\/cinema.video\/it\/cannes-cineum-12-sale-per-un-multiplex-fuori-dai-cliche#primaryimage","url":"https:\/\/cinema.video\/wp-content\/uploads\/2021\/07\/cineum.jpg","contentUrl":"https:\/\/cinema.video\/wp-content\/uploads\/2021\/07\/cineum.jpg","width":749,"height":626},{"@type":"BreadcrumbList","@id":"https:\/\/cinema.video\/it\/cannes-cineum-12-sale-per-un-multiplex-fuori-dai-cliche#breadcrumb","itemListElement":[{"@type":"ListItem","position":1,"name":"Home","item":"https:\/\/cinema.video\/it\/home-2"},{"@type":"ListItem","position":2,"name":"CANNES Cineum 12 sale per un multiplex fuori dai clich\u00e9"}]},{"@type":"WebSite","@id":"https:\/\/cinema.video\/it#website","url":"https:\/\/cinema.video\/it","name":"Cinema & Video International","description":"Film &amp; Audiovisual Industry Trade Magazine","publisher":{"@id":"https:\/\/cinema.video\/it#organization"},"alternateName":"Cinema & Video","potentialAction":[{"@type":"SearchAction","target":{"@type":"EntryPoint","urlTemplate":"https:\/\/cinema.video\/it?s={search_term_string}"},"query-input":{"@type":"PropertyValueSpecification","valueRequired":true,"valueName":"search_term_string"}}],"inLanguage":"it-IT"},{"@type":"Organization","@id":"https:\/\/cinema.video\/it#organization","name":"Cinema & Video","url":"https:\/\/cinema.video\/it","logo":{"@type":"ImageObject","inLanguage":"it-IT","@id":"https:\/\/cinema.video\/it#\/schema\/logo\/image\/","url":"https:\/\/cinema.video\/wp-content\/uploads\/2026\/04\/CinemVideo_LogoBlack.png","contentUrl":"https:\/\/cinema.video\/wp-content\/uploads\/2026\/04\/CinemVideo_LogoBlack.png","width":1336,"height":224,"caption":"Cinema & Video"},"image":{"@id":"https:\/\/cinema.video\/it#\/schema\/logo\/image\/"},"sameAs":["https:\/\/www.facebook.com\/CinemaVideoInternational\/","https:\/\/www.instagram.com\/cinemaevideointernational\/","https:\/\/it.linkedin.com\/company\/cinema-video-international"],"description":"Media Consulting & Marketing Agency","email":"hello@darostudio.com","legalName":"DARO studio LLC","foundingDate":"2021-02-16","numberOfEmployees":{"@type":"QuantitativeValue","minValue":"1","maxValue":"10"}},{"@type":"Person","@id":"https:\/\/cinema.video\/it#\/schema\/person\/975be7353893bdc9facda5fcb48188fc","name":"Elisabetta Brunella","image":{"@type":"ImageObject","inLanguage":"it-IT","@id":"https:\/\/secure.gravatar.com\/avatar\/d03f77f5b600b9250a75db092d9fdc5b8408eb0f70e9a3e4729de1549bac1bc0?s=96&d=mm&r=g","url":"https:\/\/secure.gravatar.com\/avatar\/d03f77f5b600b9250a75db092d9fdc5b8408eb0f70e9a3e4729de1549bac1bc0?s=96&d=mm&r=g","contentUrl":"https:\/\/secure.gravatar.com\/avatar\/d03f77f5b600b9250a75db092d9fdc5b8408eb0f70e9a3e4729de1549bac1bc0?s=96&d=mm&r=g","caption":"Elisabetta Brunella"},"url":"https:\/\/cinema.video\/it\/author\/elisabetta-brunella"}]}},"jetpack_featured_media_url":"https:\/\/cinema.video\/wp-content\/uploads\/2021\/07\/cineum.jpg","jetpack_shortlink":"https:\/\/wp.me\/ph672m-1dqX","_links":{"self":[{"href":"https:\/\/cinema.video\/it\/wp-json\/wp\/v2\/posts\/289971","targetHints":{"allow":["GET"]}}],"collection":[{"href":"https:\/\/cinema.video\/it\/wp-json\/wp\/v2\/posts"}],"about":[{"href":"https:\/\/cinema.video\/it\/wp-json\/wp\/v2\/types\/post"}],"author":[{"embeddable":true,"href":"https:\/\/cinema.video\/it\/wp-json\/wp\/v2\/users\/101014"}],"replies":[{"embeddable":true,"href":"https:\/\/cinema.video\/it\/wp-json\/wp\/v2\/comments?post=289971"}],"version-history":[{"count":2,"href":"https:\/\/cinema.video\/it\/wp-json\/wp\/v2\/posts\/289971\/revisions"}],"predecessor-version":[{"id":308346,"href":"https:\/\/cinema.video\/it\/wp-json\/wp\/v2\/posts\/289971\/revisions\/308346"}],"wp:featuredmedia":[{"embeddable":true,"href":"https:\/\/cinema.video\/it\/wp-json\/wp\/v2\/media\/289974"}],"wp:attachment":[{"href":"https:\/\/cinema.video\/it\/wp-json\/wp\/v2\/media?parent=289971"}],"wp:term":[{"taxonomy":"category","embeddable":true,"href":"https:\/\/cinema.video\/it\/wp-json\/wp\/v2\/categories?post=289971"},{"taxonomy":"post_tag","embeddable":true,"href":"https:\/\/cinema.video\/it\/wp-json\/wp\/v2\/tags?post=289971"}],"curies":[{"name":"wp","href":"https:\/\/api.w.org\/{rel}","templated":true}]}}