{"id":289889,"date":"2021-07-12T14:02:34","date_gmt":"2021-07-12T12:02:34","guid":{"rendered":"https:\/\/cinema.video\/?p=289889"},"modified":"2026-04-10T03:54:33","modified_gmt":"2026-04-10T01:54:33","slug":"alice-rohrwacher-dirigera-la-sua-prima-serie-tv","status":"publish","type":"post","link":"https:\/\/cinema.video\/it\/alice-rohrwacher-dirigera-la-sua-prima-serie-tv","title":{"rendered":"Alice Rohrwacher diriger\u00e0 la sua prima serie tv"},"content":{"rendered":"\n<p class=\"wp-block-paragraph\"><strong>Alice Rohrwacher<\/strong>, oggi protagonista a Cannes con il documentario &#8220;Futura&#8221;, da lei diretto assieme a Pietro Marcello e Francesco Munzi e proiettato stasera all&#8217;interno <em>Quinzaine des Realisateurs<\/em> (<a href=\"https:\/\/issuu.com\/cinemaevideo\/docs\/c_v_182\/6\"><span class=\"has-inline-color has-vivid-red-color\"><strong>leggi qui<\/strong><\/span><\/a>), \u00e8 al lavoro sulla sua prima serie tv, dal titolo <em><strong>Ci sar\u00e0 una volta<\/strong><\/em>, ora in sviluppo con la <strong>Wildside<\/strong>, societ\u00e0 del gruppo <strong>Fremantle<\/strong>, e <strong>Tempesta<\/strong>.<\/p>\n\n\n\n<p class=\"wp-block-paragraph\">La serie, nata da un progetto di&nbsp;Alice&nbsp;Rohrwacher, \u00e8 scritta dalla regista insieme a <strong>Marco Pettenello<\/strong>. E&#8217; un viaggio nella fiaba italiana, che segue le  <em> <\/em>le avventure di una famiglia di cantastorie che girano per il nostro paese alla fine degli anni 50: nelle piazze, nelle masserie, nei bordi delle citt\u00e0 in crescita e per le strade di quell\u2019Italia agli albori del boom economico.<\/p>\n\n\n\n<p class=\"wp-block-paragraph\">\u201cDa molti anni raccolgo impressioni sul mondo dei cantastorie che fino alla seconda met\u00e0 del novecento hanno popolato le strade, le piazze e le feste d\u2019Italia. Repertori filmici, fotografie, cartelloni di storie, foglietti volanti con i testi delle canzoni, biglietti della fortuna: da tutto questo materiale \u00e8 nato il desiderio di fare un&#8217;antologia del loro viaggio e del loro racconto, da una parte per esplorare il vasto mondo della fiaba italiana, dall&#8217;altra per rivivere la vita delle strade d\u2019Italia alla fine degli anni 50&#8217;\u201d ha dichiarato&nbsp;Alice&nbsp;Rohrwacher.<\/p>\n\n\n\n<p class=\"wp-block-paragraph\">Le riprese di<em> Ci sar\u00e0 una volta<\/em> sono previste per il 2022.<\/p>\n","protected":false},"excerpt":{"rendered":"<p>Alice Rohrwacher, oggi protagonista a Cannes con il documentario &#8220;Futura&#8221;, da lei diretto assieme a Pietro Marcello e Francesco Munzi e proiettato stasera all&#8217;interno Quinzaine des Realisateurs, \u00e8 al lavoro sulla sua prima serie tv, dal titolo Ci sar\u00e0 una volta, ora in sviluppo con la Wildside, societ\u00e0 del gruppo Fremantle, e Tempesta.<\/p>\n","protected":false},"author":26,"featured_media":289890,"comment_status":"closed","ping_status":"closed","sticky":false,"template":"","format":"standard","meta":{"googlesitekit_rrm_CAow3e7fCw:productID":"","_crdt_document":"","footnotes":""},"categories":[1],"tags":[356,203],"class_list":{"0":"post-289889","1":"post","2":"type-post","3":"status-publish","4":"format-standard","5":"has-post-thumbnail","7":"category-senza-categoria","8":"tag-focus","9":"tag-fremantle"},"yoast_head":"<!-- This site is optimized with the Yoast SEO Premium plugin v27.4 (Yoast SEO v27.5) - https:\/\/yoast.com\/product\/yoast-seo-premium-wordpress\/ -->\n<title>Alice Rohrwacher diriger\u00e0 la sua prima serie tv - Cinema &amp; Video International<\/title>\n<meta name=\"description\" content=\"Alice Rohrwacher diriger\u00e0 la sua prima serie tv \u2013 alice rohrwacher diriger la sua prima. Alice Rohrwacher, oggi protagonista a Cannes con il documentario\" \/>\n<meta name=\"robots\" content=\"index, follow, max-snippet:-1, max-image-preview:large, max-video-preview:-1\" \/>\n<link rel=\"canonical\" href=\"https:\/\/cinema.video\/it\/alice-rohrwacher-dirigera-la-sua-prima-serie-tv\" \/>\n<meta property=\"og:locale\" content=\"it_IT\" \/>\n<meta property=\"og:type\" content=\"article\" \/>\n<meta property=\"og:title\" content=\"Alice Rohrwacher diriger\u00e0 la sua prima serie tv\" \/>\n<meta property=\"og:description\" content=\"Alice Rohrwacher diriger\u00e0 la sua prima serie tv \u2013 alice rohrwacher diriger la sua prima. Alice Rohrwacher, oggi protagonista a Cannes con il documentario\" \/>\n<meta property=\"og:url\" content=\"https:\/\/cinema.video\/it\/alice-rohrwacher-dirigera-la-sua-prima-serie-tv\" \/>\n<meta property=\"og:site_name\" content=\"Cinema &amp; Video International\" \/>\n<meta property=\"article:publisher\" content=\"https:\/\/www.facebook.com\/CinemaVideoInternational\/\" \/>\n<meta property=\"article:published_time\" content=\"2021-07-12T12:02:34+00:00\" \/>\n<meta property=\"article:modified_time\" content=\"2026-04-10T01:54:33+00:00\" \/>\n<meta property=\"og:image\" content=\"https:\/\/cinema.video\/wp-content\/uploads\/2021\/07\/IMG_20210712_103349-scaled-e1626091206973.jpg\" \/>\n\t<meta property=\"og:image:width\" content=\"800\" \/>\n\t<meta property=\"og:image:height\" content=\"600\" \/>\n\t<meta property=\"og:image:type\" content=\"image\/jpeg\" \/>\n<meta name=\"author\" content=\"Redazione\" \/>\n<meta name=\"twitter:card\" content=\"summary_large_image\" \/>\n<meta name=\"twitter:label1\" content=\"Scritto da\" \/>\n\t<meta name=\"twitter:data1\" content=\"Redazione\" \/>\n\t<meta name=\"twitter:label2\" content=\"Tempo di lettura stimato\" \/>\n\t<meta name=\"twitter:data2\" content=\"1 minuto\" \/>\n<script type=\"application\/ld+json\" class=\"yoast-schema-graph\">{\"@context\":\"https:\\\/\\\/schema.org\",\"@graph\":[{\"@type\":\"Article\",\"@id\":\"https:\\\/\\\/cinema.video\\\/it\\\/alice-rohrwacher-dirigera-la-sua-prima-serie-tv#article\",\"isPartOf\":{\"@id\":\"https:\\\/\\\/cinema.video\\\/it\\\/alice-rohrwacher-dirigera-la-sua-prima-serie-tv\"},\"author\":{\"name\":\"Redazione\",\"@id\":\"https:\\\/\\\/cinema.video\\\/it#\\\/schema\\\/person\\\/aeb01b91d874e8b01e76a1db04c668c6\"},\"headline\":\"Alice Rohrwacher diriger\u00e0 la sua prima serie tv\",\"datePublished\":\"2021-07-12T12:02:34+00:00\",\"dateModified\":\"2026-04-10T01:54:33+00:00\",\"mainEntityOfPage\":{\"@id\":\"https:\\\/\\\/cinema.video\\\/it\\\/alice-rohrwacher-dirigera-la-sua-prima-serie-tv\"},\"wordCount\":232,\"publisher\":{\"@id\":\"https:\\\/\\\/cinema.video\\\/it#organization\"},\"image\":{\"@id\":\"https:\\\/\\\/cinema.video\\\/it\\\/alice-rohrwacher-dirigera-la-sua-prima-serie-tv#primaryimage\"},\"thumbnailUrl\":\"https:\\\/\\\/cinema.video\\\/wp-content\\\/uploads\\\/2021\\\/07\\\/IMG_20210712_103349-scaled-e1626091206973.jpg\",\"keywords\":[\"focus\",\"Fremantle\"],\"inLanguage\":\"it-IT\"},{\"@type\":\"WebPage\",\"@id\":\"https:\\\/\\\/cinema.video\\\/it\\\/alice-rohrwacher-dirigera-la-sua-prima-serie-tv\",\"url\":\"https:\\\/\\\/cinema.video\\\/it\\\/alice-rohrwacher-dirigera-la-sua-prima-serie-tv\",\"name\":\"Alice Rohrwacher diriger\u00e0 la sua prima serie tv - Cinema &amp; Video International\",\"isPartOf\":{\"@id\":\"https:\\\/\\\/cinema.video\\\/it#website\"},\"primaryImageOfPage\":{\"@id\":\"https:\\\/\\\/cinema.video\\\/it\\\/alice-rohrwacher-dirigera-la-sua-prima-serie-tv#primaryimage\"},\"image\":{\"@id\":\"https:\\\/\\\/cinema.video\\\/it\\\/alice-rohrwacher-dirigera-la-sua-prima-serie-tv#primaryimage\"},\"thumbnailUrl\":\"https:\\\/\\\/cinema.video\\\/wp-content\\\/uploads\\\/2021\\\/07\\\/IMG_20210712_103349-scaled-e1626091206973.jpg\",\"datePublished\":\"2021-07-12T12:02:34+00:00\",\"dateModified\":\"2026-04-10T01:54:33+00:00\",\"description\":\"Alice Rohrwacher diriger\u00e0 la sua prima serie tv \u2013 alice rohrwacher diriger la sua prima. Alice Rohrwacher, oggi protagonista a Cannes con il documentario\",\"breadcrumb\":{\"@id\":\"https:\\\/\\\/cinema.video\\\/it\\\/alice-rohrwacher-dirigera-la-sua-prima-serie-tv#breadcrumb\"},\"inLanguage\":\"it-IT\",\"potentialAction\":[{\"@type\":\"ReadAction\",\"target\":[\"https:\\\/\\\/cinema.video\\\/it\\\/alice-rohrwacher-dirigera-la-sua-prima-serie-tv\"]}]},{\"@type\":\"ImageObject\",\"inLanguage\":\"it-IT\",\"@id\":\"https:\\\/\\\/cinema.video\\\/it\\\/alice-rohrwacher-dirigera-la-sua-prima-serie-tv#primaryimage\",\"url\":\"https:\\\/\\\/cinema.video\\\/wp-content\\\/uploads\\\/2021\\\/07\\\/IMG_20210712_103349-scaled-e1626091206973.jpg\",\"contentUrl\":\"https:\\\/\\\/cinema.video\\\/wp-content\\\/uploads\\\/2021\\\/07\\\/IMG_20210712_103349-scaled-e1626091206973.jpg\",\"width\":800,\"height\":600},{\"@type\":\"BreadcrumbList\",\"@id\":\"https:\\\/\\\/cinema.video\\\/it\\\/alice-rohrwacher-dirigera-la-sua-prima-serie-tv#breadcrumb\",\"itemListElement\":[{\"@type\":\"ListItem\",\"position\":1,\"name\":\"Home\",\"item\":\"https:\\\/\\\/cinema.video\\\/it\\\/home-2\"},{\"@type\":\"ListItem\",\"position\":2,\"name\":\"Alice Rohrwacher diriger\u00e0 la sua prima serie tv\"}]},{\"@type\":\"WebSite\",\"@id\":\"https:\\\/\\\/cinema.video\\\/it#website\",\"url\":\"https:\\\/\\\/cinema.video\\\/it\",\"name\":\"Cinema & Video International\",\"description\":\"Film &amp; Audiovisual Industry Trade Magazine\",\"publisher\":{\"@id\":\"https:\\\/\\\/cinema.video\\\/it#organization\"},\"alternateName\":\"Cinema & Video\",\"potentialAction\":[{\"@type\":\"SearchAction\",\"target\":{\"@type\":\"EntryPoint\",\"urlTemplate\":\"https:\\\/\\\/cinema.video\\\/it?s={search_term_string}\"},\"query-input\":{\"@type\":\"PropertyValueSpecification\",\"valueRequired\":true,\"valueName\":\"search_term_string\"}}],\"inLanguage\":\"it-IT\"},{\"@type\":\"Organization\",\"@id\":\"https:\\\/\\\/cinema.video\\\/it#organization\",\"name\":\"Cinema & Video\",\"url\":\"https:\\\/\\\/cinema.video\\\/it\",\"logo\":{\"@type\":\"ImageObject\",\"inLanguage\":\"it-IT\",\"@id\":\"https:\\\/\\\/cinema.video\\\/it#\\\/schema\\\/logo\\\/image\\\/\",\"url\":\"https:\\\/\\\/cinema.video\\\/wp-content\\\/uploads\\\/2026\\\/04\\\/CinemVideo_LogoBlack.png\",\"contentUrl\":\"https:\\\/\\\/cinema.video\\\/wp-content\\\/uploads\\\/2026\\\/04\\\/CinemVideo_LogoBlack.png\",\"width\":1336,\"height\":224,\"caption\":\"Cinema & Video\"},\"image\":{\"@id\":\"https:\\\/\\\/cinema.video\\\/it#\\\/schema\\\/logo\\\/image\\\/\"},\"sameAs\":[\"https:\\\/\\\/www.facebook.com\\\/CinemaVideoInternational\\\/\",\"https:\\\/\\\/www.instagram.com\\\/cinemaevideointernational\\\/\",\"https:\\\/\\\/it.linkedin.com\\\/company\\\/cinema-video-international\"],\"description\":\"Media Consulting & Marketing Agency\",\"email\":\"hello@darostudio.com\",\"legalName\":\"DARO studio LLC\",\"foundingDate\":\"2021-02-16\",\"numberOfEmployees\":{\"@type\":\"QuantitativeValue\",\"minValue\":\"1\",\"maxValue\":\"10\"}},{\"@type\":\"Person\",\"@id\":\"https:\\\/\\\/cinema.video\\\/it#\\\/schema\\\/person\\\/aeb01b91d874e8b01e76a1db04c668c6\",\"name\":\"Redazione\",\"image\":{\"@type\":\"ImageObject\",\"inLanguage\":\"it-IT\",\"@id\":\"https:\\\/\\\/secure.gravatar.com\\\/avatar\\\/06ad6f92eb14745b75fb592cadf8139d33242d81c9c8b085133c450aaf0b9731?s=96&d=mm&r=g\",\"url\":\"https:\\\/\\\/secure.gravatar.com\\\/avatar\\\/06ad6f92eb14745b75fb592cadf8139d33242d81c9c8b085133c450aaf0b9731?s=96&d=mm&r=g\",\"contentUrl\":\"https:\\\/\\\/secure.gravatar.com\\\/avatar\\\/06ad6f92eb14745b75fb592cadf8139d33242d81c9c8b085133c450aaf0b9731?s=96&d=mm&r=g\",\"caption\":\"Redazione\"},\"url\":\"https:\\\/\\\/cinema.video\\\/it\\\/author\\\/redazione\"}]}<\/script>\n<!-- \/ Yoast SEO Premium plugin. -->","yoast_head_json":{"title":"Alice Rohrwacher diriger\u00e0 la sua prima serie tv - Cinema &amp; Video International","description":"Alice Rohrwacher diriger\u00e0 la sua prima serie tv \u2013 alice rohrwacher diriger la sua prima. Alice Rohrwacher, oggi protagonista a Cannes con il documentario","robots":{"index":"index","follow":"follow","max-snippet":"max-snippet:-1","max-image-preview":"max-image-preview:large","max-video-preview":"max-video-preview:-1"},"canonical":"https:\/\/cinema.video\/it\/alice-rohrwacher-dirigera-la-sua-prima-serie-tv","og_locale":"it_IT","og_type":"article","og_title":"Alice Rohrwacher diriger\u00e0 la sua prima serie tv","og_description":"Alice Rohrwacher diriger\u00e0 la sua prima serie tv \u2013 alice rohrwacher diriger la sua prima. Alice Rohrwacher, oggi protagonista a Cannes con il documentario","og_url":"https:\/\/cinema.video\/it\/alice-rohrwacher-dirigera-la-sua-prima-serie-tv","og_site_name":"Cinema &amp; Video International","article_publisher":"https:\/\/www.facebook.com\/CinemaVideoInternational\/","article_published_time":"2021-07-12T12:02:34+00:00","article_modified_time":"2026-04-10T01:54:33+00:00","og_image":[{"width":800,"height":600,"url":"https:\/\/cinema.video\/wp-content\/uploads\/2021\/07\/IMG_20210712_103349-scaled-e1626091206973.jpg","type":"image\/jpeg"}],"author":"Redazione","twitter_card":"summary_large_image","twitter_misc":{"Scritto da":"Redazione","Tempo di lettura stimato":"1 minuto"},"schema":{"@context":"https:\/\/schema.org","@graph":[{"@type":"Article","@id":"https:\/\/cinema.video\/it\/alice-rohrwacher-dirigera-la-sua-prima-serie-tv#article","isPartOf":{"@id":"https:\/\/cinema.video\/it\/alice-rohrwacher-dirigera-la-sua-prima-serie-tv"},"author":{"name":"Redazione","@id":"https:\/\/cinema.video\/it#\/schema\/person\/aeb01b91d874e8b01e76a1db04c668c6"},"headline":"Alice Rohrwacher diriger\u00e0 la sua prima serie tv","datePublished":"2021-07-12T12:02:34+00:00","dateModified":"2026-04-10T01:54:33+00:00","mainEntityOfPage":{"@id":"https:\/\/cinema.video\/it\/alice-rohrwacher-dirigera-la-sua-prima-serie-tv"},"wordCount":232,"publisher":{"@id":"https:\/\/cinema.video\/it#organization"},"image":{"@id":"https:\/\/cinema.video\/it\/alice-rohrwacher-dirigera-la-sua-prima-serie-tv#primaryimage"},"thumbnailUrl":"https:\/\/cinema.video\/wp-content\/uploads\/2021\/07\/IMG_20210712_103349-scaled-e1626091206973.jpg","keywords":["focus","Fremantle"],"inLanguage":"it-IT"},{"@type":"WebPage","@id":"https:\/\/cinema.video\/it\/alice-rohrwacher-dirigera-la-sua-prima-serie-tv","url":"https:\/\/cinema.video\/it\/alice-rohrwacher-dirigera-la-sua-prima-serie-tv","name":"Alice Rohrwacher diriger\u00e0 la sua prima serie tv - Cinema &amp; Video International","isPartOf":{"@id":"https:\/\/cinema.video\/it#website"},"primaryImageOfPage":{"@id":"https:\/\/cinema.video\/it\/alice-rohrwacher-dirigera-la-sua-prima-serie-tv#primaryimage"},"image":{"@id":"https:\/\/cinema.video\/it\/alice-rohrwacher-dirigera-la-sua-prima-serie-tv#primaryimage"},"thumbnailUrl":"https:\/\/cinema.video\/wp-content\/uploads\/2021\/07\/IMG_20210712_103349-scaled-e1626091206973.jpg","datePublished":"2021-07-12T12:02:34+00:00","dateModified":"2026-04-10T01:54:33+00:00","description":"Alice Rohrwacher diriger\u00e0 la sua prima serie tv \u2013 alice rohrwacher diriger la sua prima. Alice Rohrwacher, oggi protagonista a Cannes con il documentario","breadcrumb":{"@id":"https:\/\/cinema.video\/it\/alice-rohrwacher-dirigera-la-sua-prima-serie-tv#breadcrumb"},"inLanguage":"it-IT","potentialAction":[{"@type":"ReadAction","target":["https:\/\/cinema.video\/it\/alice-rohrwacher-dirigera-la-sua-prima-serie-tv"]}]},{"@type":"ImageObject","inLanguage":"it-IT","@id":"https:\/\/cinema.video\/it\/alice-rohrwacher-dirigera-la-sua-prima-serie-tv#primaryimage","url":"https:\/\/cinema.video\/wp-content\/uploads\/2021\/07\/IMG_20210712_103349-scaled-e1626091206973.jpg","contentUrl":"https:\/\/cinema.video\/wp-content\/uploads\/2021\/07\/IMG_20210712_103349-scaled-e1626091206973.jpg","width":800,"height":600},{"@type":"BreadcrumbList","@id":"https:\/\/cinema.video\/it\/alice-rohrwacher-dirigera-la-sua-prima-serie-tv#breadcrumb","itemListElement":[{"@type":"ListItem","position":1,"name":"Home","item":"https:\/\/cinema.video\/it\/home-2"},{"@type":"ListItem","position":2,"name":"Alice Rohrwacher diriger\u00e0 la sua prima serie tv"}]},{"@type":"WebSite","@id":"https:\/\/cinema.video\/it#website","url":"https:\/\/cinema.video\/it","name":"Cinema & Video International","description":"Film &amp; Audiovisual Industry Trade Magazine","publisher":{"@id":"https:\/\/cinema.video\/it#organization"},"alternateName":"Cinema & Video","potentialAction":[{"@type":"SearchAction","target":{"@type":"EntryPoint","urlTemplate":"https:\/\/cinema.video\/it?s={search_term_string}"},"query-input":{"@type":"PropertyValueSpecification","valueRequired":true,"valueName":"search_term_string"}}],"inLanguage":"it-IT"},{"@type":"Organization","@id":"https:\/\/cinema.video\/it#organization","name":"Cinema & Video","url":"https:\/\/cinema.video\/it","logo":{"@type":"ImageObject","inLanguage":"it-IT","@id":"https:\/\/cinema.video\/it#\/schema\/logo\/image\/","url":"https:\/\/cinema.video\/wp-content\/uploads\/2026\/04\/CinemVideo_LogoBlack.png","contentUrl":"https:\/\/cinema.video\/wp-content\/uploads\/2026\/04\/CinemVideo_LogoBlack.png","width":1336,"height":224,"caption":"Cinema & Video"},"image":{"@id":"https:\/\/cinema.video\/it#\/schema\/logo\/image\/"},"sameAs":["https:\/\/www.facebook.com\/CinemaVideoInternational\/","https:\/\/www.instagram.com\/cinemaevideointernational\/","https:\/\/it.linkedin.com\/company\/cinema-video-international"],"description":"Media Consulting & Marketing Agency","email":"hello@darostudio.com","legalName":"DARO studio LLC","foundingDate":"2021-02-16","numberOfEmployees":{"@type":"QuantitativeValue","minValue":"1","maxValue":"10"}},{"@type":"Person","@id":"https:\/\/cinema.video\/it#\/schema\/person\/aeb01b91d874e8b01e76a1db04c668c6","name":"Redazione","image":{"@type":"ImageObject","inLanguage":"it-IT","@id":"https:\/\/secure.gravatar.com\/avatar\/06ad6f92eb14745b75fb592cadf8139d33242d81c9c8b085133c450aaf0b9731?s=96&d=mm&r=g","url":"https:\/\/secure.gravatar.com\/avatar\/06ad6f92eb14745b75fb592cadf8139d33242d81c9c8b085133c450aaf0b9731?s=96&d=mm&r=g","contentUrl":"https:\/\/secure.gravatar.com\/avatar\/06ad6f92eb14745b75fb592cadf8139d33242d81c9c8b085133c450aaf0b9731?s=96&d=mm&r=g","caption":"Redazione"},"url":"https:\/\/cinema.video\/it\/author\/redazione"}]}},"jetpack_featured_media_url":"https:\/\/cinema.video\/wp-content\/uploads\/2021\/07\/IMG_20210712_103349-scaled-e1626091206973.jpg","jetpack_shortlink":"https:\/\/wp.me\/ph672m-1dpD","_links":{"self":[{"href":"https:\/\/cinema.video\/it\/wp-json\/wp\/v2\/posts\/289889","targetHints":{"allow":["GET"]}}],"collection":[{"href":"https:\/\/cinema.video\/it\/wp-json\/wp\/v2\/posts"}],"about":[{"href":"https:\/\/cinema.video\/it\/wp-json\/wp\/v2\/types\/post"}],"author":[{"embeddable":true,"href":"https:\/\/cinema.video\/it\/wp-json\/wp\/v2\/users\/26"}],"replies":[{"embeddable":true,"href":"https:\/\/cinema.video\/it\/wp-json\/wp\/v2\/comments?post=289889"}],"version-history":[{"count":1,"href":"https:\/\/cinema.video\/it\/wp-json\/wp\/v2\/posts\/289889\/revisions"}],"predecessor-version":[{"id":308335,"href":"https:\/\/cinema.video\/it\/wp-json\/wp\/v2\/posts\/289889\/revisions\/308335"}],"wp:featuredmedia":[{"embeddable":true,"href":"https:\/\/cinema.video\/it\/wp-json\/wp\/v2\/media\/289890"}],"wp:attachment":[{"href":"https:\/\/cinema.video\/it\/wp-json\/wp\/v2\/media?parent=289889"}],"wp:term":[{"taxonomy":"category","embeddable":true,"href":"https:\/\/cinema.video\/it\/wp-json\/wp\/v2\/categories?post=289889"},{"taxonomy":"post_tag","embeddable":true,"href":"https:\/\/cinema.video\/it\/wp-json\/wp\/v2\/tags?post=289889"}],"curies":[{"name":"wp","href":"https:\/\/api.w.org\/{rel}","templated":true}]}}