{"id":289486,"date":"2021-06-07T10:47:59","date_gmt":"2021-06-07T08:47:59","guid":{"rendered":"https:\/\/cinema.video\/?p=289486"},"modified":"2026-04-10T03:54:02","modified_gmt":"2026-04-10T01:54:02","slug":"la-valle-daosta-dara-il-volto-a-otto-montagne","status":"publish","type":"post","link":"https:\/\/cinema.video\/it\/la-valle-daosta-dara-il-volto-a-otto-montagne","title":{"rendered":"La VALLE D&#8217;AOSTA dar\u00e0 il volto a Otto Montagne"},"content":{"rendered":"\n<p class=\"wp-block-paragraph\">Inizieranno a breve in Valle D&#8217;Aosta, le otto settimane di riprese di <strong>&#8220;Otto Montagne&#8221;<\/strong>, il film che  porta sullo schermo l\u2019omonimo romanzo di Paolo Cognetti, edito da Giulio Einaudi Editore,  caso editoriale internazionale, tradotto in 35 lingue e vincitore di innumerevoli riconoscimenti, tra cui il Premio Strega 2017, il premio Strega Giovani e il Prix Medicis \u00e9tranger.<\/p>\n\n\n\n<p class=\"wp-block-paragraph\">Il film, diretto da <strong>Felix Van Groeningen <\/strong>(in co regia con <strong>Charlotte Vandermeersch<\/strong>), \u00e8 una coproduzione  italo-franco-belga fra <strong>Wildside s.r.l.<\/strong> (societ\u00e0 del gruppo Fremantle), <strong>Pyramide Productions<\/strong> e <strong>Rufus\/Menuetto<\/strong>, beneficer\u00e0 del contributo del <strong>Film Fund Film Commission Vall\u00e9e d\u2019Aoste<\/strong><\/p>\n\n\n\n<p class=\"wp-block-paragraph\">\u201cNel romanzo come nel film\u201d, dichiara la direttrice di Film Commission  <strong>Alessandra Miletto<\/strong>, \u201cla Valle d\u2019Aosta assume un ruolo di personaggio, fondamentale ai fini della narrazione e rappresentata con estrema fedelt\u00e0, con il chiaro intento di restituire la cultura e il paesaggio montano della Valle rimanendo il pi\u00f9 possibile aderenti alla realt\u00e0 e all&#8217;atmosfera dei luoghi.<\/p>\n\n\n\n<p class=\"wp-block-paragraph\">La cifra stilistica del regista Felix Van Groeningen, gi\u00e0 candidato agli Oscar per il film Alabama Monroe e la consulenza ai dialoghi della sceneggiatura di Paolo Cognetti, la coproduzione europea con societ\u00e0 affermate e un cast di attori di fama internazionale -i cui nomi al momento per accordi di riservatezza con la produzione non possono essere rivelati &#8211; sono premesse che ci fanno essere pi\u00f9 che ottimisti sul successo del film, sia nel circuito dei festival che in sala. <br>La produzione \u00e8 da mesi al lavoro sul territorio, alla ricerca delle location pi\u00f9 adatte e in stretta collaborazione con la nostra Film Commission e con i comuni coinvolti; le riprese inizieranno a breve, proseguiranno nel corso dell\u2019estate e per una parte anche in inverno\u201d.<\/p>\n","protected":false},"excerpt":{"rendered":"<p>Inizieranno a breve in Valle D&#8217;Aosta, le otto settimane di riprese di &#8220;Otto Montagne&#8221;, il film che  porta sullo schermo l\u2019omonimo romanzo di Paolo Cognetti, diretto da Felix Van Groeningen (in co regia con Charlotte Vandermeersch), una coproduzione  italo-franco-belga fra Wildside s.r.l. , Pyramide Productions e Rufus\/Menuetto, che beneficer\u00e0 del contributo del Film Fund Film Commission Vall\u00e9e d\u2019Aoste<\/p>\n","protected":false},"author":26,"featured_media":289487,"comment_status":"closed","ping_status":"closed","sticky":false,"template":"","format":"standard","meta":{"googlesitekit_rrm_CAow3e7fCw:productID":"","_crdt_document":"","footnotes":""},"categories":[215,1],"tags":[2339,2338,684],"class_list":{"0":"post-289486","1":"post","2":"type-post","3":"status-publish","4":"format-standard","5":"has-post-thumbnail","7":"category-film-commissions","8":"category-senza-categoria","9":"tag-film-commissions","10":"tag-locations","11":"tag-valle-daosta-film-commission"},"yoast_head":"<!-- This site is optimized with the Yoast SEO Premium plugin v27.4 (Yoast SEO v27.4) - https:\/\/yoast.com\/product\/yoast-seo-premium-wordpress\/ -->\n<title>La VALLE D&#039;AOSTA dar\u00e0 il volto a Otto Montagne - Cinema &amp; Video International<\/title>\n<meta name=\"description\" content=\"La VALLE D&#039;AOSTA dar\u00e0 il volto a Otto Montagne \u2013 la valle daosta dar il volto. Inizieranno a breve in Valle D&#039;Aosta, le otto settimane di riprese di &quot;Otto\" \/>\n<meta name=\"robots\" content=\"index, follow, max-snippet:-1, max-image-preview:large, max-video-preview:-1\" \/>\n<link rel=\"canonical\" href=\"https:\/\/cinema.video\/it\/la-valle-daosta-dara-il-volto-a-otto-montagne\" \/>\n<meta property=\"og:locale\" content=\"it_IT\" \/>\n<meta property=\"og:type\" content=\"article\" \/>\n<meta property=\"og:title\" content=\"La VALLE D&#039;AOSTA dar\u00e0 il volto a Otto Montagne\" \/>\n<meta property=\"og:description\" content=\"La VALLE D&#039;AOSTA dar\u00e0 il volto a Otto Montagne \u2013 la valle daosta dar il volto. Inizieranno a breve in Valle D&#039;Aosta, le otto settimane di riprese di &quot;Otto\" \/>\n<meta property=\"og:url\" content=\"https:\/\/cinema.video\/it\/la-valle-daosta-dara-il-volto-a-otto-montagne\" \/>\n<meta property=\"og:site_name\" content=\"Cinema &amp; Video International\" \/>\n<meta property=\"article:publisher\" content=\"https:\/\/www.facebook.com\/CinemaVideoInternational\/\" \/>\n<meta property=\"article:published_time\" content=\"2021-06-07T08:47:59+00:00\" \/>\n<meta property=\"article:modified_time\" content=\"2026-04-10T01:54:02+00:00\" \/>\n<meta property=\"og:image\" content=\"https:\/\/cinema.video\/wp-content\/uploads\/2021\/06\/8-montagne.jpg\" \/>\n\t<meta property=\"og:image:width\" content=\"670\" \/>\n\t<meta property=\"og:image:height\" content=\"470\" \/>\n\t<meta property=\"og:image:type\" content=\"image\/jpeg\" \/>\n<meta name=\"author\" content=\"Redazione\" \/>\n<meta name=\"twitter:card\" content=\"summary_large_image\" \/>\n<meta name=\"twitter:label1\" content=\"Scritto da\" \/>\n\t<meta name=\"twitter:data1\" content=\"Redazione\" \/>\n\t<meta name=\"twitter:label2\" content=\"Tempo di lettura stimato\" \/>\n\t<meta name=\"twitter:data2\" content=\"1 minuto\" \/>\n<script type=\"application\/ld+json\" class=\"yoast-schema-graph\">{\"@context\":\"https:\\\/\\\/schema.org\",\"@graph\":[{\"@type\":\"Article\",\"@id\":\"https:\\\/\\\/cinema.video\\\/it\\\/la-valle-daosta-dara-il-volto-a-otto-montagne#article\",\"isPartOf\":{\"@id\":\"https:\\\/\\\/cinema.video\\\/it\\\/la-valle-daosta-dara-il-volto-a-otto-montagne\"},\"author\":{\"name\":\"Redazione\",\"@id\":\"https:\\\/\\\/cinema.video\\\/it#\\\/schema\\\/person\\\/aeb01b91d874e8b01e76a1db04c668c6\"},\"headline\":\"La VALLE D&#8217;AOSTA dar\u00e0 il volto a Otto Montagne\",\"datePublished\":\"2021-06-07T08:47:59+00:00\",\"dateModified\":\"2026-04-10T01:54:02+00:00\",\"mainEntityOfPage\":{\"@id\":\"https:\\\/\\\/cinema.video\\\/it\\\/la-valle-daosta-dara-il-volto-a-otto-montagne\"},\"wordCount\":291,\"publisher\":{\"@id\":\"https:\\\/\\\/cinema.video\\\/it#organization\"},\"image\":{\"@id\":\"https:\\\/\\\/cinema.video\\\/it\\\/la-valle-daosta-dara-il-volto-a-otto-montagne#primaryimage\"},\"thumbnailUrl\":\"https:\\\/\\\/cinema.video\\\/wp-content\\\/uploads\\\/2021\\\/06\\\/8-montagne.jpg\",\"keywords\":[\"FILM COMMISSIONS\",\"LOCATIONS\",\"VALLE D'AOSTA FILM COMMISSION\"],\"articleSection\":[\"FILM COMMISSIONS\"],\"inLanguage\":\"it-IT\"},{\"@type\":\"WebPage\",\"@id\":\"https:\\\/\\\/cinema.video\\\/it\\\/la-valle-daosta-dara-il-volto-a-otto-montagne\",\"url\":\"https:\\\/\\\/cinema.video\\\/it\\\/la-valle-daosta-dara-il-volto-a-otto-montagne\",\"name\":\"La VALLE D'AOSTA dar\u00e0 il volto a Otto Montagne - Cinema &amp; Video International\",\"isPartOf\":{\"@id\":\"https:\\\/\\\/cinema.video\\\/it#website\"},\"primaryImageOfPage\":{\"@id\":\"https:\\\/\\\/cinema.video\\\/it\\\/la-valle-daosta-dara-il-volto-a-otto-montagne#primaryimage\"},\"image\":{\"@id\":\"https:\\\/\\\/cinema.video\\\/it\\\/la-valle-daosta-dara-il-volto-a-otto-montagne#primaryimage\"},\"thumbnailUrl\":\"https:\\\/\\\/cinema.video\\\/wp-content\\\/uploads\\\/2021\\\/06\\\/8-montagne.jpg\",\"datePublished\":\"2021-06-07T08:47:59+00:00\",\"dateModified\":\"2026-04-10T01:54:02+00:00\",\"description\":\"La VALLE D'AOSTA dar\u00e0 il volto a Otto Montagne \u2013 la valle daosta dar il volto. Inizieranno a breve in Valle D'Aosta, le otto settimane di riprese di \\\"Otto\",\"breadcrumb\":{\"@id\":\"https:\\\/\\\/cinema.video\\\/it\\\/la-valle-daosta-dara-il-volto-a-otto-montagne#breadcrumb\"},\"inLanguage\":\"it-IT\",\"potentialAction\":[{\"@type\":\"ReadAction\",\"target\":[\"https:\\\/\\\/cinema.video\\\/it\\\/la-valle-daosta-dara-il-volto-a-otto-montagne\"]}]},{\"@type\":\"ImageObject\",\"inLanguage\":\"it-IT\",\"@id\":\"https:\\\/\\\/cinema.video\\\/it\\\/la-valle-daosta-dara-il-volto-a-otto-montagne#primaryimage\",\"url\":\"https:\\\/\\\/cinema.video\\\/wp-content\\\/uploads\\\/2021\\\/06\\\/8-montagne.jpg\",\"contentUrl\":\"https:\\\/\\\/cinema.video\\\/wp-content\\\/uploads\\\/2021\\\/06\\\/8-montagne.jpg\",\"width\":670,\"height\":470},{\"@type\":\"BreadcrumbList\",\"@id\":\"https:\\\/\\\/cinema.video\\\/it\\\/la-valle-daosta-dara-il-volto-a-otto-montagne#breadcrumb\",\"itemListElement\":[{\"@type\":\"ListItem\",\"position\":1,\"name\":\"Home\",\"item\":\"https:\\\/\\\/cinema.video\\\/it\\\/home-2\"},{\"@type\":\"ListItem\",\"position\":2,\"name\":\"La VALLE D&#8217;AOSTA dar\u00e0 il volto a Otto Montagne\"}]},{\"@type\":\"WebSite\",\"@id\":\"https:\\\/\\\/cinema.video\\\/it#website\",\"url\":\"https:\\\/\\\/cinema.video\\\/it\",\"name\":\"Cinema & Video International\",\"description\":\"Film &amp; Audiovisual Industry Trade Magazine\",\"publisher\":{\"@id\":\"https:\\\/\\\/cinema.video\\\/it#organization\"},\"alternateName\":\"Cinema & Video\",\"potentialAction\":[{\"@type\":\"SearchAction\",\"target\":{\"@type\":\"EntryPoint\",\"urlTemplate\":\"https:\\\/\\\/cinema.video\\\/it?s={search_term_string}\"},\"query-input\":{\"@type\":\"PropertyValueSpecification\",\"valueRequired\":true,\"valueName\":\"search_term_string\"}}],\"inLanguage\":\"it-IT\"},{\"@type\":\"Organization\",\"@id\":\"https:\\\/\\\/cinema.video\\\/it#organization\",\"name\":\"Cinema & Video\",\"url\":\"https:\\\/\\\/cinema.video\\\/it\",\"logo\":{\"@type\":\"ImageObject\",\"inLanguage\":\"it-IT\",\"@id\":\"https:\\\/\\\/cinema.video\\\/it#\\\/schema\\\/logo\\\/image\\\/\",\"url\":\"https:\\\/\\\/cinema.video\\\/wp-content\\\/uploads\\\/2026\\\/04\\\/CinemVideo_LogoBlack.png\",\"contentUrl\":\"https:\\\/\\\/cinema.video\\\/wp-content\\\/uploads\\\/2026\\\/04\\\/CinemVideo_LogoBlack.png\",\"width\":1336,\"height\":224,\"caption\":\"Cinema & Video\"},\"image\":{\"@id\":\"https:\\\/\\\/cinema.video\\\/it#\\\/schema\\\/logo\\\/image\\\/\"},\"sameAs\":[\"https:\\\/\\\/www.facebook.com\\\/CinemaVideoInternational\\\/\",\"https:\\\/\\\/www.instagram.com\\\/cinemaevideointernational\\\/\",\"https:\\\/\\\/it.linkedin.com\\\/company\\\/cinema-video-international\"],\"description\":\"Media Consulting & Marketing Agency\",\"email\":\"hello@darostudio.com\",\"legalName\":\"DARO studio LLC\",\"foundingDate\":\"2021-02-16\",\"numberOfEmployees\":{\"@type\":\"QuantitativeValue\",\"minValue\":\"1\",\"maxValue\":\"10\"}},{\"@type\":\"Person\",\"@id\":\"https:\\\/\\\/cinema.video\\\/it#\\\/schema\\\/person\\\/aeb01b91d874e8b01e76a1db04c668c6\",\"name\":\"Redazione\",\"image\":{\"@type\":\"ImageObject\",\"inLanguage\":\"it-IT\",\"@id\":\"https:\\\/\\\/secure.gravatar.com\\\/avatar\\\/06ad6f92eb14745b75fb592cadf8139d33242d81c9c8b085133c450aaf0b9731?s=96&d=mm&r=g\",\"url\":\"https:\\\/\\\/secure.gravatar.com\\\/avatar\\\/06ad6f92eb14745b75fb592cadf8139d33242d81c9c8b085133c450aaf0b9731?s=96&d=mm&r=g\",\"contentUrl\":\"https:\\\/\\\/secure.gravatar.com\\\/avatar\\\/06ad6f92eb14745b75fb592cadf8139d33242d81c9c8b085133c450aaf0b9731?s=96&d=mm&r=g\",\"caption\":\"Redazione\"},\"url\":\"https:\\\/\\\/cinema.video\\\/it\\\/author\\\/redazione\"}]}<\/script>\n<!-- \/ Yoast SEO Premium plugin. -->","yoast_head_json":{"title":"La VALLE D'AOSTA dar\u00e0 il volto a Otto Montagne - Cinema &amp; Video International","description":"La VALLE D'AOSTA dar\u00e0 il volto a Otto Montagne \u2013 la valle daosta dar il volto. Inizieranno a breve in Valle D'Aosta, le otto settimane di riprese di \"Otto","robots":{"index":"index","follow":"follow","max-snippet":"max-snippet:-1","max-image-preview":"max-image-preview:large","max-video-preview":"max-video-preview:-1"},"canonical":"https:\/\/cinema.video\/it\/la-valle-daosta-dara-il-volto-a-otto-montagne","og_locale":"it_IT","og_type":"article","og_title":"La VALLE D'AOSTA dar\u00e0 il volto a Otto Montagne","og_description":"La VALLE D'AOSTA dar\u00e0 il volto a Otto Montagne \u2013 la valle daosta dar il volto. Inizieranno a breve in Valle D'Aosta, le otto settimane di riprese di \"Otto","og_url":"https:\/\/cinema.video\/it\/la-valle-daosta-dara-il-volto-a-otto-montagne","og_site_name":"Cinema &amp; Video International","article_publisher":"https:\/\/www.facebook.com\/CinemaVideoInternational\/","article_published_time":"2021-06-07T08:47:59+00:00","article_modified_time":"2026-04-10T01:54:02+00:00","og_image":[{"width":670,"height":470,"url":"https:\/\/cinema.video\/wp-content\/uploads\/2021\/06\/8-montagne.jpg","type":"image\/jpeg"}],"author":"Redazione","twitter_card":"summary_large_image","twitter_misc":{"Scritto da":"Redazione","Tempo di lettura stimato":"1 minuto"},"schema":{"@context":"https:\/\/schema.org","@graph":[{"@type":"Article","@id":"https:\/\/cinema.video\/it\/la-valle-daosta-dara-il-volto-a-otto-montagne#article","isPartOf":{"@id":"https:\/\/cinema.video\/it\/la-valle-daosta-dara-il-volto-a-otto-montagne"},"author":{"name":"Redazione","@id":"https:\/\/cinema.video\/it#\/schema\/person\/aeb01b91d874e8b01e76a1db04c668c6"},"headline":"La VALLE D&#8217;AOSTA dar\u00e0 il volto a Otto Montagne","datePublished":"2021-06-07T08:47:59+00:00","dateModified":"2026-04-10T01:54:02+00:00","mainEntityOfPage":{"@id":"https:\/\/cinema.video\/it\/la-valle-daosta-dara-il-volto-a-otto-montagne"},"wordCount":291,"publisher":{"@id":"https:\/\/cinema.video\/it#organization"},"image":{"@id":"https:\/\/cinema.video\/it\/la-valle-daosta-dara-il-volto-a-otto-montagne#primaryimage"},"thumbnailUrl":"https:\/\/cinema.video\/wp-content\/uploads\/2021\/06\/8-montagne.jpg","keywords":["FILM COMMISSIONS","LOCATIONS","VALLE D'AOSTA FILM COMMISSION"],"articleSection":["FILM COMMISSIONS"],"inLanguage":"it-IT"},{"@type":"WebPage","@id":"https:\/\/cinema.video\/it\/la-valle-daosta-dara-il-volto-a-otto-montagne","url":"https:\/\/cinema.video\/it\/la-valle-daosta-dara-il-volto-a-otto-montagne","name":"La VALLE D'AOSTA dar\u00e0 il volto a Otto Montagne - Cinema &amp; Video International","isPartOf":{"@id":"https:\/\/cinema.video\/it#website"},"primaryImageOfPage":{"@id":"https:\/\/cinema.video\/it\/la-valle-daosta-dara-il-volto-a-otto-montagne#primaryimage"},"image":{"@id":"https:\/\/cinema.video\/it\/la-valle-daosta-dara-il-volto-a-otto-montagne#primaryimage"},"thumbnailUrl":"https:\/\/cinema.video\/wp-content\/uploads\/2021\/06\/8-montagne.jpg","datePublished":"2021-06-07T08:47:59+00:00","dateModified":"2026-04-10T01:54:02+00:00","description":"La VALLE D'AOSTA dar\u00e0 il volto a Otto Montagne \u2013 la valle daosta dar il volto. Inizieranno a breve in Valle D'Aosta, le otto settimane di riprese di \"Otto","breadcrumb":{"@id":"https:\/\/cinema.video\/it\/la-valle-daosta-dara-il-volto-a-otto-montagne#breadcrumb"},"inLanguage":"it-IT","potentialAction":[{"@type":"ReadAction","target":["https:\/\/cinema.video\/it\/la-valle-daosta-dara-il-volto-a-otto-montagne"]}]},{"@type":"ImageObject","inLanguage":"it-IT","@id":"https:\/\/cinema.video\/it\/la-valle-daosta-dara-il-volto-a-otto-montagne#primaryimage","url":"https:\/\/cinema.video\/wp-content\/uploads\/2021\/06\/8-montagne.jpg","contentUrl":"https:\/\/cinema.video\/wp-content\/uploads\/2021\/06\/8-montagne.jpg","width":670,"height":470},{"@type":"BreadcrumbList","@id":"https:\/\/cinema.video\/it\/la-valle-daosta-dara-il-volto-a-otto-montagne#breadcrumb","itemListElement":[{"@type":"ListItem","position":1,"name":"Home","item":"https:\/\/cinema.video\/it\/home-2"},{"@type":"ListItem","position":2,"name":"La VALLE D&#8217;AOSTA dar\u00e0 il volto a Otto Montagne"}]},{"@type":"WebSite","@id":"https:\/\/cinema.video\/it#website","url":"https:\/\/cinema.video\/it","name":"Cinema & Video International","description":"Film &amp; Audiovisual Industry Trade Magazine","publisher":{"@id":"https:\/\/cinema.video\/it#organization"},"alternateName":"Cinema & Video","potentialAction":[{"@type":"SearchAction","target":{"@type":"EntryPoint","urlTemplate":"https:\/\/cinema.video\/it?s={search_term_string}"},"query-input":{"@type":"PropertyValueSpecification","valueRequired":true,"valueName":"search_term_string"}}],"inLanguage":"it-IT"},{"@type":"Organization","@id":"https:\/\/cinema.video\/it#organization","name":"Cinema & Video","url":"https:\/\/cinema.video\/it","logo":{"@type":"ImageObject","inLanguage":"it-IT","@id":"https:\/\/cinema.video\/it#\/schema\/logo\/image\/","url":"https:\/\/cinema.video\/wp-content\/uploads\/2026\/04\/CinemVideo_LogoBlack.png","contentUrl":"https:\/\/cinema.video\/wp-content\/uploads\/2026\/04\/CinemVideo_LogoBlack.png","width":1336,"height":224,"caption":"Cinema & Video"},"image":{"@id":"https:\/\/cinema.video\/it#\/schema\/logo\/image\/"},"sameAs":["https:\/\/www.facebook.com\/CinemaVideoInternational\/","https:\/\/www.instagram.com\/cinemaevideointernational\/","https:\/\/it.linkedin.com\/company\/cinema-video-international"],"description":"Media Consulting & Marketing Agency","email":"hello@darostudio.com","legalName":"DARO studio LLC","foundingDate":"2021-02-16","numberOfEmployees":{"@type":"QuantitativeValue","minValue":"1","maxValue":"10"}},{"@type":"Person","@id":"https:\/\/cinema.video\/it#\/schema\/person\/aeb01b91d874e8b01e76a1db04c668c6","name":"Redazione","image":{"@type":"ImageObject","inLanguage":"it-IT","@id":"https:\/\/secure.gravatar.com\/avatar\/06ad6f92eb14745b75fb592cadf8139d33242d81c9c8b085133c450aaf0b9731?s=96&d=mm&r=g","url":"https:\/\/secure.gravatar.com\/avatar\/06ad6f92eb14745b75fb592cadf8139d33242d81c9c8b085133c450aaf0b9731?s=96&d=mm&r=g","contentUrl":"https:\/\/secure.gravatar.com\/avatar\/06ad6f92eb14745b75fb592cadf8139d33242d81c9c8b085133c450aaf0b9731?s=96&d=mm&r=g","caption":"Redazione"},"url":"https:\/\/cinema.video\/it\/author\/redazione"}]}},"jetpack_featured_media_url":"https:\/\/cinema.video\/wp-content\/uploads\/2021\/06\/8-montagne.jpg","jetpack_shortlink":"https:\/\/wp.me\/ph672m-1dj8","_links":{"self":[{"href":"https:\/\/cinema.video\/it\/wp-json\/wp\/v2\/posts\/289486","targetHints":{"allow":["GET"]}}],"collection":[{"href":"https:\/\/cinema.video\/it\/wp-json\/wp\/v2\/posts"}],"about":[{"href":"https:\/\/cinema.video\/it\/wp-json\/wp\/v2\/types\/post"}],"author":[{"embeddable":true,"href":"https:\/\/cinema.video\/it\/wp-json\/wp\/v2\/users\/26"}],"replies":[{"embeddable":true,"href":"https:\/\/cinema.video\/it\/wp-json\/wp\/v2\/comments?post=289486"}],"version-history":[{"count":1,"href":"https:\/\/cinema.video\/it\/wp-json\/wp\/v2\/posts\/289486\/revisions"}],"predecessor-version":[{"id":302930,"href":"https:\/\/cinema.video\/it\/wp-json\/wp\/v2\/posts\/289486\/revisions\/302930"}],"wp:featuredmedia":[{"embeddable":true,"href":"https:\/\/cinema.video\/it\/wp-json\/wp\/v2\/media\/289487"}],"wp:attachment":[{"href":"https:\/\/cinema.video\/it\/wp-json\/wp\/v2\/media?parent=289486"}],"wp:term":[{"taxonomy":"category","embeddable":true,"href":"https:\/\/cinema.video\/it\/wp-json\/wp\/v2\/categories?post=289486"},{"taxonomy":"post_tag","embeddable":true,"href":"https:\/\/cinema.video\/it\/wp-json\/wp\/v2\/tags?post=289486"}],"curies":[{"name":"wp","href":"https:\/\/api.w.org\/{rel}","templated":true}]}}